{"id":69850,"date":"2024-02-26T10:37:55","date_gmt":"2024-02-26T09:37:55","guid":{"rendered":"https:\/\/lightweb.dev\/l\/svm-temp\/?p=69850"},"modified":"2024-02-26T10:42:42","modified_gmt":"2024-02-26T09:42:42","slug":"solkusten-har-hoghus-som-det-i-valenciabranden","status":"publish","type":"post","link":"https:\/\/lightweb.dev\/l\/svm-temp\/nyheter\/solkusten-har-hoghus-som-det-i-valenciabranden\/","title":{"rendered":"Solkusten har byggnader som den i Valenciabranden"},"content":{"rendered":"<p><strong>Tio personer omkom i den v\u00e5ldsamma branden i Valencia i f\u00f6rra veckan. Arkitektkollegiet i M\u00e1laga bekr\u00e4ftar att det finns liknande byggnader med brandfarligt material \u00e4ven p\u00e5 Solkusten som i Marbella.<\/strong><\/p>\n<p>Bostadskomplexet i Valencia som brann best\u00e5r av tv\u00e5 h\u00f6ghus p\u00e5 14 respektive 10 v\u00e5ningar med totalt 140 l\u00e4genheter. Byggnadens isolering pekas ut som trolig orsak till eldens snabba spridning. Ett isoleringsskum bakom aluminiumplattor som t\u00e4cker byggnaden fungerar utm\u00e4rkt bra f\u00f6r att isolera mot v\u00e4rme och kyla. Men det beskrivs som mycket brandfarliga.<\/p>\n<p>I en artikel i dagstidningen <a href=\"https:\/\/www.laopiniondemalaga.es\/malaga\/2024\/02\/23\/colegio-arquitectos-afirma-malaga-edificios-valencia-98572043.html?amp;utm_campaign=autonewsletter&amp;amp;utm_content=Titulares+del+d%C3%ADa&amp;amp;utm_medium=email\">La Opini\u00f3n de M\u00e1laga<\/a> s\u00e4ger Susana G\u00f3mez de Lara vid Colegio de Arquitectos de M\u00e1laga att det finns liknande fastigheter p\u00e5 Solkusten, med b\u00e5de bost\u00e4der och kommersiella fastigheter, som byggdes f\u00f6r flera \u00e5r sedan med samma material.<\/p>\n<p>&#8211; Men det finns ingen anledning att skapa panik. Men de som \u00e4r oroliga och vill veta mer \u00e4r v\u00e4lkomna att kontakta arkitektkollegiet i M\u00e1laga, s\u00e4ger G\u00f3mez de Lara.<\/p>\n<p>Materialet Polyuretan ing\u00e5r i en grupp av polymerer som kan ges mycket olika materialegenskaper: termoplast, h\u00e4rdplast, cellplast, cellgummi, massivt gummi, termoelast, lack, lim och fiber.<\/p>\n<p>&#8211; Polyuretan har en viss motst\u00e5ndskraft mot eld men vid en viss temperatur frig\u00f6r den aerosoler som g\u00f6r den mycket brandfarlig, s\u00e4ger Susana G\u00f3mez de Lara till tidningen.<\/p>\n<p>Samtidigt var det torrt och med starka vindbyar skapades en skorstenseffekt. Det var en ventilerad fasad med en sandwichpanel av aluminium och d\u00e4r luftkammarna inte var indelad i fack. Detta bidrog till att elden spred sig mycket fort.<\/p>\n<p>Byggnadstekniken \u00e4ndrades efter 2017 och branden vid Grenfell Tower i London. 2020 begr\u00e4nsas anv\u00e4ndningen av vissa material som polyuretan i bost\u00e4der och h\u00f6ga byggnader.<\/p>\n","protected":false},"excerpt":{"rendered":"<p>Tio personer omkom i den v\u00e5ldsamma branden i Valencia i f\u00f6rra veckan. Arkitektkollegiet i M\u00e1laga bekr\u00e4ftar att det finns liknande byggnader med brandfarligt material \u00e4ven p\u00e5 Solkusten som i Marbella&#8230;<\/p>\n","protected":false},"author":7,"featured_media":69820,"comment_status":"closed","ping_status":"closed","sticky":false,"template":"","format":"standard","meta":{"_et_pb_use_builder":"","_et_pb_old_content":"","_et_gb_content_width":"","footnotes":""},"categories":[395,3],"tags":[],"class_list":["post-69850","post","type-post","status-publish","format-standard","has-post-thumbnail","hentry","category-arkiv-nyheter","category-nyheter"],"yoast_head":"<!-- This site is optimized with the Yoast SEO Premium plugin v26.2 (Yoast SEO v27.4) - https:\/\/yoast.com\/product\/yoast-seo-premium-wordpress\/ -->\n<title>Solkusten har byggnader som den i Valenciabranden - Svenska Magasinet<\/title>\n<meta name=\"description\" content=\"Tio personer omkom i den v\u00e5ldsamma branden i Valencia i f\u00f6rra veckan. Arkitektkollegiet i M\u00e1laga bekr\u00e4ftar att det finns liknande byggnader med brandfarligt material \u00e4ven p\u00e5 Solkusten som i Marbella.\" \/>\n<meta name=\"robots\" content=\"noindex, follow, max-snippet:-1, max-image-preview:large, max-video-preview:-1\" \/>\n<meta property=\"og:locale\" content=\"sv_SE\" \/>\n<meta property=\"og:type\" content=\"article\" \/>\n<meta property=\"og:title\" content=\"Solkusten har byggnader som den i Valenciabranden\" \/>\n<meta property=\"og:description\" content=\"Tio personer omkom i den v\u00e5ldsamma branden i Valencia i f\u00f6rra veckan. Arkitektkollegiet i M\u00e1laga bekr\u00e4ftar att det finns liknande byggnader med brandfarligt material \u00e4ven p\u00e5 Solkusten som i Marbella.\" \/>\n<meta property=\"og:url\" content=\"https:\/\/lightweb.dev\/l\/svm-temp\/artiklar\/hem-bostad\/solkusten-har-hoghus-som-det-i-valenciabranden\/\" \/>\n<meta property=\"og:site_name\" content=\"Svenska Magasinet\" \/>\n<meta property=\"article:publisher\" content=\"https:\/\/www.facebook.com\/svenskamagasinet\" \/>\n<meta property=\"article:published_time\" content=\"2024-02-26T09:37:55+00:00\" \/>\n<meta property=\"article:modified_time\" content=\"2024-02-26T09:42:42+00:00\" \/>\n<meta property=\"og:image\" content=\"https:\/\/lightweb.dev\/l\/svm-temp\/wp-content\/uploads\/2024\/02\/GHAqL1TXsAAQwMp-stor.jpeg\" \/>\n\t<meta property=\"og:image:width\" content=\"1280\" \/>\n\t<meta property=\"og:image:height\" content=\"960\" \/>\n\t<meta property=\"og:image:type\" content=\"image\/jpeg\" \/>\n<meta name=\"author\" content=\"Ola Josefsson\" \/>\n<meta name=\"twitter:card\" content=\"summary_large_image\" \/>\n<meta name=\"twitter:creator\" content=\"@SvenskaMagasine\" \/>\n<meta name=\"twitter:site\" content=\"@SvenskaMagasine\" \/>\n<script type=\"application\/ld+json\" class=\"yoast-schema-graph\">{\"@context\":\"https:\\\/\\\/schema.org\",\"@graph\":[{\"@type\":\"Article\",\"@id\":\"https:\\\/\\\/lightweb.dev\\\/l\\\/svm-temp\\\/artiklar\\\/hem-bostad\\\/solkusten-har-hoghus-som-det-i-valenciabranden\\\/#article\",\"isPartOf\":{\"@id\":\"https:\\\/\\\/lightweb.dev\\\/l\\\/svm-temp\\\/artiklar\\\/hem-bostad\\\/solkusten-har-hoghus-som-det-i-valenciabranden\\\/\"},\"author\":{\"name\":\"Ola Josefsson\",\"@id\":\"https:\\\/\\\/lightweb.dev\\\/l\\\/svm-temp\\\/#\\\/schema\\\/person\\\/7a82b8a73d171d32360a564b6d03508e\"},\"headline\":\"Solkusten har byggnader som den i Valenciabranden\",\"datePublished\":\"2024-02-26T09:37:55+00:00\",\"dateModified\":\"2024-02-26T09:42:42+00:00\",\"mainEntityOfPage\":{\"@id\":\"https:\\\/\\\/lightweb.dev\\\/l\\\/svm-temp\\\/artiklar\\\/hem-bostad\\\/solkusten-har-hoghus-som-det-i-valenciabranden\\\/\"},\"wordCount\":306,\"publisher\":{\"@id\":\"https:\\\/\\\/lightweb.dev\\\/l\\\/svm-temp\\\/#organization\"},\"image\":{\"@id\":\"https:\\\/\\\/lightweb.dev\\\/l\\\/svm-temp\\\/artiklar\\\/hem-bostad\\\/solkusten-har-hoghus-som-det-i-valenciabranden\\\/#primaryimage\"},\"thumbnailUrl\":\"https:\\\/\\\/lightweb.dev\\\/l\\\/svm-temp\\\/wp-content\\\/uploads\\\/2024\\\/02\\\/GHAqL1TXsAAQwMp-stor.jpeg\",\"articleSection\":[\"Arkiv\",\"Nyheter\"],\"inLanguage\":\"sv-SE\"},{\"@type\":\"WebPage\",\"@id\":\"https:\\\/\\\/lightweb.dev\\\/l\\\/svm-temp\\\/artiklar\\\/hem-bostad\\\/solkusten-har-hoghus-som-det-i-valenciabranden\\\/\",\"url\":\"https:\\\/\\\/lightweb.dev\\\/l\\\/svm-temp\\\/artiklar\\\/hem-bostad\\\/solkusten-har-hoghus-som-det-i-valenciabranden\\\/\",\"name\":\"Solkusten har byggnader som den i Valenciabranden - Svenska Magasinet\",\"isPartOf\":{\"@id\":\"https:\\\/\\\/lightweb.dev\\\/l\\\/svm-temp\\\/#website\"},\"primaryImageOfPage\":{\"@id\":\"https:\\\/\\\/lightweb.dev\\\/l\\\/svm-temp\\\/artiklar\\\/hem-bostad\\\/solkusten-har-hoghus-som-det-i-valenciabranden\\\/#primaryimage\"},\"image\":{\"@id\":\"https:\\\/\\\/lightweb.dev\\\/l\\\/svm-temp\\\/artiklar\\\/hem-bostad\\\/solkusten-har-hoghus-som-det-i-valenciabranden\\\/#primaryimage\"},\"thumbnailUrl\":\"https:\\\/\\\/lightweb.dev\\\/l\\\/svm-temp\\\/wp-content\\\/uploads\\\/2024\\\/02\\\/GHAqL1TXsAAQwMp-stor.jpeg\",\"datePublished\":\"2024-02-26T09:37:55+00:00\",\"dateModified\":\"2024-02-26T09:42:42+00:00\",\"description\":\"Tio personer omkom i den v\u00e5ldsamma branden i Valencia i f\u00f6rra veckan. Arkitektkollegiet i M\u00e1laga bekr\u00e4ftar att det finns liknande byggnader med brandfarligt material \u00e4ven p\u00e5 Solkusten som i Marbella.\",\"breadcrumb\":{\"@id\":\"https:\\\/\\\/lightweb.dev\\\/l\\\/svm-temp\\\/artiklar\\\/hem-bostad\\\/solkusten-har-hoghus-som-det-i-valenciabranden\\\/#breadcrumb\"},\"inLanguage\":\"sv-SE\",\"potentialAction\":[{\"@type\":\"ReadAction\",\"target\":[\"https:\\\/\\\/lightweb.dev\\\/l\\\/svm-temp\\\/artiklar\\\/hem-bostad\\\/solkusten-har-hoghus-som-det-i-valenciabranden\\\/\"]}]},{\"@type\":\"ImageObject\",\"inLanguage\":\"sv-SE\",\"@id\":\"https:\\\/\\\/lightweb.dev\\\/l\\\/svm-temp\\\/artiklar\\\/hem-bostad\\\/solkusten-har-hoghus-som-det-i-valenciabranden\\\/#primaryimage\",\"url\":\"https:\\\/\\\/lightweb.dev\\\/l\\\/svm-temp\\\/wp-content\\\/uploads\\\/2024\\\/02\\\/GHAqL1TXsAAQwMp-stor.jpeg\",\"contentUrl\":\"https:\\\/\\\/lightweb.dev\\\/l\\\/svm-temp\\\/wp-content\\\/uploads\\\/2024\\\/02\\\/GHAqL1TXsAAQwMp-stor.jpeg\",\"width\":1280,\"height\":960,\"caption\":\"(Foto: @GVA112)\"},{\"@type\":\"BreadcrumbList\",\"@id\":\"https:\\\/\\\/lightweb.dev\\\/l\\\/svm-temp\\\/artiklar\\\/hem-bostad\\\/solkusten-har-hoghus-som-det-i-valenciabranden\\\/#breadcrumb\",\"itemListElement\":[{\"@type\":\"ListItem\",\"position\":1,\"name\":\"Hem\",\"item\":\"https:\\\/\\\/lightweb.dev\\\/l\\\/svm-temp\\\/\"},{\"@type\":\"ListItem\",\"position\":2,\"name\":\"Solkusten har byggnader som den i Valenciabranden\"}]},{\"@type\":\"WebSite\",\"@id\":\"https:\\\/\\\/lightweb.dev\\\/l\\\/svm-temp\\\/#website\",\"url\":\"https:\\\/\\\/lightweb.dev\\\/l\\\/svm-temp\\\/\",\"name\":\"Svenska Magasinet\",\"description\":\"Dina Spanska nyheter p&aring; Svenska\",\"publisher\":{\"@id\":\"https:\\\/\\\/lightweb.dev\\\/l\\\/svm-temp\\\/#organization\"},\"potentialAction\":[{\"@type\":\"SearchAction\",\"target\":{\"@type\":\"EntryPoint\",\"urlTemplate\":\"https:\\\/\\\/lightweb.dev\\\/l\\\/svm-temp\\\/?s={search_term_string}\"},\"query-input\":{\"@type\":\"PropertyValueSpecification\",\"valueRequired\":true,\"valueName\":\"search_term_string\"}}],\"inLanguage\":\"sv-SE\"},{\"@type\":\"Organization\",\"@id\":\"https:\\\/\\\/lightweb.dev\\\/l\\\/svm-temp\\\/#organization\",\"name\":\"Melkerson y Nott SL\",\"alternateName\":\"Svenska Magasinet\",\"url\":\"https:\\\/\\\/lightweb.dev\\\/l\\\/svm-temp\\\/\",\"logo\":{\"@type\":\"ImageObject\",\"inLanguage\":\"sv-SE\",\"@id\":\"https:\\\/\\\/lightweb.dev\\\/l\\\/svm-temp\\\/#\\\/schema\\\/logo\\\/image\\\/\",\"url\":\"https:\\\/\\\/lightweb.dev\\\/l\\\/svm-temp\\\/wp-content\\\/uploads\\\/2025\\\/02\\\/SvM-logo-Xtra-Centrerad-SVART.png\",\"contentUrl\":\"https:\\\/\\\/lightweb.dev\\\/l\\\/svm-temp\\\/wp-content\\\/uploads\\\/2025\\\/02\\\/SvM-logo-Xtra-Centrerad-SVART.png\",\"width\":300,\"height\":99,\"caption\":\"Melkerson y Nott SL\"},\"image\":{\"@id\":\"https:\\\/\\\/lightweb.dev\\\/l\\\/svm-temp\\\/#\\\/schema\\\/logo\\\/image\\\/\"},\"sameAs\":[\"https:\\\/\\\/www.facebook.com\\\/svenskamagasinet\",\"https:\\\/\\\/x.com\\\/SvenskaMagasine\"]},{\"@type\":\"Person\",\"@id\":\"https:\\\/\\\/lightweb.dev\\\/l\\\/svm-temp\\\/#\\\/schema\\\/person\\\/7a82b8a73d171d32360a564b6d03508e\",\"name\":\"Ola Josefsson\",\"description\":\"Bevakar Solkusten och Spanien sedan 1994.\",\"sameAs\":[\"https:\\\/\\\/lightweb.dev\\\/l\\\/svm-temp\"],\"url\":\"https:\\\/\\\/lightweb.dev\\\/l\\\/svm-temp\\\/reporter\\\/ola-josefsson\\\/\"}]}<\/script>\n<!-- \/ Yoast SEO Premium plugin. -->","yoast_head_json":{"title":"Solkusten har byggnader som den i Valenciabranden - Svenska Magasinet","description":"Tio personer omkom i den v\u00e5ldsamma branden i Valencia i f\u00f6rra veckan. Arkitektkollegiet i M\u00e1laga bekr\u00e4ftar att det finns liknande byggnader med brandfarligt material \u00e4ven p\u00e5 Solkusten som i Marbella.","robots":{"index":"noindex","follow":"follow","max-snippet":"max-snippet:-1","max-image-preview":"max-image-preview:large","max-video-preview":"max-video-preview:-1"},"og_locale":"sv_SE","og_type":"article","og_title":"Solkusten har byggnader som den i Valenciabranden","og_description":"Tio personer omkom i den v\u00e5ldsamma branden i Valencia i f\u00f6rra veckan. Arkitektkollegiet i M\u00e1laga bekr\u00e4ftar att det finns liknande byggnader med brandfarligt material \u00e4ven p\u00e5 Solkusten som i Marbella.","og_url":"https:\/\/lightweb.dev\/l\/svm-temp\/artiklar\/hem-bostad\/solkusten-har-hoghus-som-det-i-valenciabranden\/","og_site_name":"Svenska Magasinet","article_publisher":"https:\/\/www.facebook.com\/svenskamagasinet","article_published_time":"2024-02-26T09:37:55+00:00","article_modified_time":"2024-02-26T09:42:42+00:00","og_image":[{"width":1280,"height":960,"url":"https:\/\/lightweb.dev\/l\/svm-temp\/wp-content\/uploads\/2024\/02\/GHAqL1TXsAAQwMp-stor.jpeg","type":"image\/jpeg"}],"author":"Ola Josefsson","twitter_card":"summary_large_image","twitter_creator":"@SvenskaMagasine","twitter_site":"@SvenskaMagasine","schema":{"@context":"https:\/\/schema.org","@graph":[{"@type":"Article","@id":"https:\/\/lightweb.dev\/l\/svm-temp\/artiklar\/hem-bostad\/solkusten-har-hoghus-som-det-i-valenciabranden\/#article","isPartOf":{"@id":"https:\/\/lightweb.dev\/l\/svm-temp\/artiklar\/hem-bostad\/solkusten-har-hoghus-som-det-i-valenciabranden\/"},"author":{"name":"Ola Josefsson","@id":"https:\/\/lightweb.dev\/l\/svm-temp\/#\/schema\/person\/7a82b8a73d171d32360a564b6d03508e"},"headline":"Solkusten har byggnader som den i Valenciabranden","datePublished":"2024-02-26T09:37:55+00:00","dateModified":"2024-02-26T09:42:42+00:00","mainEntityOfPage":{"@id":"https:\/\/lightweb.dev\/l\/svm-temp\/artiklar\/hem-bostad\/solkusten-har-hoghus-som-det-i-valenciabranden\/"},"wordCount":306,"publisher":{"@id":"https:\/\/lightweb.dev\/l\/svm-temp\/#organization"},"image":{"@id":"https:\/\/lightweb.dev\/l\/svm-temp\/artiklar\/hem-bostad\/solkusten-har-hoghus-som-det-i-valenciabranden\/#primaryimage"},"thumbnailUrl":"https:\/\/lightweb.dev\/l\/svm-temp\/wp-content\/uploads\/2024\/02\/GHAqL1TXsAAQwMp-stor.jpeg","articleSection":["Arkiv","Nyheter"],"inLanguage":"sv-SE"},{"@type":"WebPage","@id":"https:\/\/lightweb.dev\/l\/svm-temp\/artiklar\/hem-bostad\/solkusten-har-hoghus-som-det-i-valenciabranden\/","url":"https:\/\/lightweb.dev\/l\/svm-temp\/artiklar\/hem-bostad\/solkusten-har-hoghus-som-det-i-valenciabranden\/","name":"Solkusten har byggnader som den i Valenciabranden - Svenska Magasinet","isPartOf":{"@id":"https:\/\/lightweb.dev\/l\/svm-temp\/#website"},"primaryImageOfPage":{"@id":"https:\/\/lightweb.dev\/l\/svm-temp\/artiklar\/hem-bostad\/solkusten-har-hoghus-som-det-i-valenciabranden\/#primaryimage"},"image":{"@id":"https:\/\/lightweb.dev\/l\/svm-temp\/artiklar\/hem-bostad\/solkusten-har-hoghus-som-det-i-valenciabranden\/#primaryimage"},"thumbnailUrl":"https:\/\/lightweb.dev\/l\/svm-temp\/wp-content\/uploads\/2024\/02\/GHAqL1TXsAAQwMp-stor.jpeg","datePublished":"2024-02-26T09:37:55+00:00","dateModified":"2024-02-26T09:42:42+00:00","description":"Tio personer omkom i den v\u00e5ldsamma branden i Valencia i f\u00f6rra veckan. Arkitektkollegiet i M\u00e1laga bekr\u00e4ftar att det finns liknande byggnader med brandfarligt material \u00e4ven p\u00e5 Solkusten som i Marbella.","breadcrumb":{"@id":"https:\/\/lightweb.dev\/l\/svm-temp\/artiklar\/hem-bostad\/solkusten-har-hoghus-som-det-i-valenciabranden\/#breadcrumb"},"inLanguage":"sv-SE","potentialAction":[{"@type":"ReadAction","target":["https:\/\/lightweb.dev\/l\/svm-temp\/artiklar\/hem-bostad\/solkusten-har-hoghus-som-det-i-valenciabranden\/"]}]},{"@type":"ImageObject","inLanguage":"sv-SE","@id":"https:\/\/lightweb.dev\/l\/svm-temp\/artiklar\/hem-bostad\/solkusten-har-hoghus-som-det-i-valenciabranden\/#primaryimage","url":"https:\/\/lightweb.dev\/l\/svm-temp\/wp-content\/uploads\/2024\/02\/GHAqL1TXsAAQwMp-stor.jpeg","contentUrl":"https:\/\/lightweb.dev\/l\/svm-temp\/wp-content\/uploads\/2024\/02\/GHAqL1TXsAAQwMp-stor.jpeg","width":1280,"height":960,"caption":"(Foto: @GVA112)"},{"@type":"BreadcrumbList","@id":"https:\/\/lightweb.dev\/l\/svm-temp\/artiklar\/hem-bostad\/solkusten-har-hoghus-som-det-i-valenciabranden\/#breadcrumb","itemListElement":[{"@type":"ListItem","position":1,"name":"Hem","item":"https:\/\/lightweb.dev\/l\/svm-temp\/"},{"@type":"ListItem","position":2,"name":"Solkusten har byggnader som den i Valenciabranden"}]},{"@type":"WebSite","@id":"https:\/\/lightweb.dev\/l\/svm-temp\/#website","url":"https:\/\/lightweb.dev\/l\/svm-temp\/","name":"Svenska Magasinet","description":"Dina Spanska nyheter p&aring; Svenska","publisher":{"@id":"https:\/\/lightweb.dev\/l\/svm-temp\/#organization"},"potentialAction":[{"@type":"SearchAction","target":{"@type":"EntryPoint","urlTemplate":"https:\/\/lightweb.dev\/l\/svm-temp\/?s={search_term_string}"},"query-input":{"@type":"PropertyValueSpecification","valueRequired":true,"valueName":"search_term_string"}}],"inLanguage":"sv-SE"},{"@type":"Organization","@id":"https:\/\/lightweb.dev\/l\/svm-temp\/#organization","name":"Melkerson y Nott SL","alternateName":"Svenska Magasinet","url":"https:\/\/lightweb.dev\/l\/svm-temp\/","logo":{"@type":"ImageObject","inLanguage":"sv-SE","@id":"https:\/\/lightweb.dev\/l\/svm-temp\/#\/schema\/logo\/image\/","url":"https:\/\/lightweb.dev\/l\/svm-temp\/wp-content\/uploads\/2025\/02\/SvM-logo-Xtra-Centrerad-SVART.png","contentUrl":"https:\/\/lightweb.dev\/l\/svm-temp\/wp-content\/uploads\/2025\/02\/SvM-logo-Xtra-Centrerad-SVART.png","width":300,"height":99,"caption":"Melkerson y Nott SL"},"image":{"@id":"https:\/\/lightweb.dev\/l\/svm-temp\/#\/schema\/logo\/image\/"},"sameAs":["https:\/\/www.facebook.com\/svenskamagasinet","https:\/\/x.com\/SvenskaMagasine"]},{"@type":"Person","@id":"https:\/\/lightweb.dev\/l\/svm-temp\/#\/schema\/person\/7a82b8a73d171d32360a564b6d03508e","name":"Ola Josefsson","description":"Bevakar Solkusten och Spanien sedan 1994.","sameAs":["https:\/\/lightweb.dev\/l\/svm-temp"],"url":"https:\/\/lightweb.dev\/l\/svm-temp\/reporter\/ola-josefsson\/"}]}},"_links":{"self":[{"href":"https:\/\/lightweb.dev\/l\/svm-temp\/wp-json\/wp\/v2\/posts\/69850","targetHints":{"allow":["GET"]}}],"collection":[{"href":"https:\/\/lightweb.dev\/l\/svm-temp\/wp-json\/wp\/v2\/posts"}],"about":[{"href":"https:\/\/lightweb.dev\/l\/svm-temp\/wp-json\/wp\/v2\/types\/post"}],"author":[{"embeddable":true,"href":"https:\/\/lightweb.dev\/l\/svm-temp\/wp-json\/wp\/v2\/users\/7"}],"replies":[{"embeddable":true,"href":"https:\/\/lightweb.dev\/l\/svm-temp\/wp-json\/wp\/v2\/comments?post=69850"}],"version-history":[{"count":0,"href":"https:\/\/lightweb.dev\/l\/svm-temp\/wp-json\/wp\/v2\/posts\/69850\/revisions"}],"wp:featuredmedia":[{"embeddable":true,"href":"https:\/\/lightweb.dev\/l\/svm-temp\/wp-json\/wp\/v2\/media\/69820"}],"wp:attachment":[{"href":"https:\/\/lightweb.dev\/l\/svm-temp\/wp-json\/wp\/v2\/media?parent=69850"}],"wp:term":[{"taxonomy":"category","embeddable":true,"href":"https:\/\/lightweb.dev\/l\/svm-temp\/wp-json\/wp\/v2\/categories?post=69850"},{"taxonomy":"post_tag","embeddable":true,"href":"https:\/\/lightweb.dev\/l\/svm-temp\/wp-json\/wp\/v2\/tags?post=69850"}],"curies":[{"name":"wp","href":"https:\/\/api.w.org\/{rel}","templated":true}]}}