{"id":69996,"date":"2024-03-06T15:33:18","date_gmt":"2024-03-06T14:33:18","guid":{"rendered":"https:\/\/lightweb.dev\/l\/svm-temp\/?p=69996"},"modified":"2024-03-06T15:33:18","modified_gmt":"2024-03-06T14:33:18","slug":"kraftiga-regn-vantas-fran-torsdag-och-framat","status":"publish","type":"post","link":"https:\/\/lightweb.dev\/l\/svm-temp\/nyheter\/kraftiga-regn-vantas-fran-torsdag-och-framat\/","title":{"rendered":"Kraftiga regn v\u00e4ntas fr\u00e5n torsdag och fram\u00e5t"},"content":{"rendered":"<p><strong>V\u00e4dret v\u00e4ntas bli kallt, regnigt och bl\u00e5sigt under den andra halvan av veckan i flera av Spaniens regioner.\u00a0<\/strong><\/p>\n<p><strong>Hur mycket regnet kommer att hj\u00e4lpa mot den r\u00e5dande torkan \u00e4r dock oklart.\u00a0<\/strong><\/p>\n<p><span style=\"font-weight: 400;\">En storm som kommer att bl\u00e5sa in \u00f6ver den galiciska kusten i norra Spanien kommer att f\u00f6ra med sig \u201cutbrett och best\u00e4ndigt&#8221; regn, m\u00e5ttliga vindar fr\u00e5n v\u00e4st och sydv\u00e4st samt kraftigt minskade temperaturer i Andalusien.<\/span><\/p>\n<p><span style=\"font-weight: 400;\">Stormen ber\u00e4knas dra in under morgondagen och en varning har utf\u00e4rdats av Spaniens meteorologiska instituts (Aemet) delegat i regionen, Juan de Dios del Pino.<\/span><\/p>\n<p><span style=\"font-weight: 400;\">V\u00e4dret v\u00e4ntas bli mycket instabilt under den kommande halvan av veckan. Under dagen kommer de f\u00f6rsta molnen fr\u00e5n den v\u00e4ntade stormen att kunna ses p\u00e5 Solkusten.\u00a0<\/span><\/p>\n<p><span style=\"font-weight: 400;\">\u201cMellan torsdag och l\u00f6rdag kommer mycket nederb\u00f6rd att falla. \u00c4ven p\u00e5 s\u00f6ndag v\u00e4ntar vi regn men det kommer att vara mer sporadiskt\u201d, f\u00f6rklarade del Pino. Han po\u00e4ngterar dock att det \u00e4r komplicerat att f\u00f6rutsp\u00e5 den totala nederb\u00f6rden p\u00e5 olika h\u00e5ll just nu och hur mycket Andalusien kommer att p\u00e5verkas av stormen.\u00a0<\/span><\/p>\n<p><span style=\"font-weight: 400;\">Det \u00e4r \u00e4ven oklart hur mycket regnet kommer att hj\u00e4lpa moteden p\u00e5g\u00e5ende torkan.\u00a0<\/span><\/p>\n<p><span style=\"font-weight: 400;\">\u201cF\u00f6r att Andalusien ska kunna ackumulera maximalt av nederb\u00f6rden beh\u00f6ver det vara koncentrerat n\u00e4ra gr\u00e4nsen till Portugal\u201d, menar experten <\/span><span style=\"font-weight: 400;\">Jos\u00e9 Luis Escudero, som skriver f\u00f6r tidningen SURs v\u00e4derblogg.\u00a0<\/span><\/p>\n<p><span style=\"font-weight: 400;\">P\u00e5 bloggen kan man l\u00e4sa: \u201cEn ny vecka med v\u00e4derm\u00e4ssiga upp- och nedg\u00e5ngar v\u00e4ntar oss. Dessa kommer dessutom att vara ganska abrupta. Vi kommer att se perioder med klara himlar och andra som pr\u00e4glas av nederb\u00f6rd och vind\u201d.\u00a0<\/span><\/p>\n<h2><span style=\"font-weight: 400;\">Blockad i Skandinavien\u00a0<\/span><\/h2>\n<p><span style=\"font-weight: 400;\">Enligt bloggen kommer en anticyklon i Skandinavien att blockera stormen vilket inneb\u00e4r att den r\u00f6r sig s\u00f6derut och s\u00e5 sm\u00e5ningom in \u00f6ver det spanska fastlandet. Flera regioner kommer att f\u00e5 stor nederb\u00f6rd och l\u00e4ngs medelhavskusten kommer dessutom kraftiga vindar att bl\u00e5sa in.\u00a0<\/span><\/p>\n<p><span style=\"font-weight: 400;\">F\u00f6rutom regn och vind kommer \u00e4ven b\u00e5de minimum- och maxtemperaturen att p\u00e5verkas. I Andalusien v\u00e4ntas de dagliga h\u00f6gstanoteringarna sjunka med 4 grader och i genomsnitt att ligga p\u00e5 17 grader.\u00a0<\/span><\/p>\n<p><span style=\"font-weight: 400;\">De l\u00e4gsta temperaturerna under dygnet kommer ocks\u00e5 att p\u00e5verkas men inte lika mycket. I omr\u00e5den som ligger mer \u00e4n 1 500 meter \u00f6ver havet kan sn\u00f6 falla under helgen. Troligen i Sierra Nevada, Granada, delar av Cazorla och i Ja\u00e9n.\u00a0<\/span><\/p>\n","protected":false},"excerpt":{"rendered":"<p>V\u00e4dret v\u00e4ntas bli kallt, regnigt och bl\u00e5sigt under den andra halvan av veckan i flera av Spaniens regioner.\u00a0Hur mycket regnet kommer att hj\u00e4lpa mot den r\u00e5dande torkan \u00e4r dock oklart.\u00a0<\/p>\n","protected":false},"author":14,"featured_media":45914,"comment_status":"closed","ping_status":"closed","sticky":false,"template":"","format":"standard","meta":{"_et_pb_use_builder":"","_et_pb_old_content":"","_et_gb_content_width":"","footnotes":""},"categories":[395,3],"tags":[],"class_list":["post-69996","post","type-post","status-publish","format-standard","has-post-thumbnail","hentry","category-arkiv-nyheter","category-nyheter"],"yoast_head":"<!-- This site is optimized with the Yoast SEO Premium plugin v26.2 (Yoast SEO v27.4) - https:\/\/yoast.com\/product\/yoast-seo-premium-wordpress\/ -->\n<title>Kraftiga regn v\u00e4ntas fr\u00e5n torsdag och fram\u00e5t - Svenska Magasinet<\/title>\n<meta name=\"robots\" content=\"noindex, follow, max-snippet:-1, max-image-preview:large, max-video-preview:-1\" \/>\n<meta property=\"og:locale\" content=\"sv_SE\" \/>\n<meta property=\"og:type\" content=\"article\" \/>\n<meta property=\"og:title\" content=\"Kraftiga regn v\u00e4ntas fr\u00e5n torsdag och fram\u00e5t\" \/>\n<meta property=\"og:description\" content=\"V\u00e4dret v\u00e4ntas bli kallt, regnigt och bl\u00e5sigt under den andra halvan av veckan i flera av Spaniens regioner.\u00a0Hur mycket regnet kommer att hj\u00e4lpa mot den r\u00e5dande torkan \u00e4r dock oklart.\u00a0\" \/>\n<meta property=\"og:url\" content=\"https:\/\/lightweb.dev\/l\/svm-temp\/nyheter\/kraftiga-regn-vantas-fran-torsdag-och-framat\/\" \/>\n<meta property=\"og:site_name\" content=\"Svenska Magasinet\" \/>\n<meta property=\"article:publisher\" content=\"https:\/\/www.facebook.com\/svenskamagasinet\" \/>\n<meta property=\"article:published_time\" content=\"2024-03-06T14:33:18+00:00\" \/>\n<meta property=\"og:image\" content=\"https:\/\/lightweb.dev\/l\/svm-temp\/wp-content\/uploads\/2022\/06\/regnet-knackar-pa-dorren-till-helgen.png\" \/>\n\t<meta property=\"og:image:width\" content=\"280\" \/>\n\t<meta property=\"og:image:height\" content=\"216\" \/>\n\t<meta property=\"og:image:type\" content=\"image\/png\" \/>\n<meta name=\"author\" content=\"Robbie Eriksson\" \/>\n<meta name=\"twitter:card\" content=\"summary_large_image\" \/>\n<meta name=\"twitter:creator\" content=\"@SvenskaMagasine\" \/>\n<meta name=\"twitter:site\" content=\"@SvenskaMagasine\" \/>\n<script type=\"application\/ld+json\" class=\"yoast-schema-graph\">{\"@context\":\"https:\\\/\\\/schema.org\",\"@graph\":[{\"@type\":\"Article\",\"@id\":\"https:\\\/\\\/lightweb.dev\\\/l\\\/svm-temp\\\/nyheter\\\/kraftiga-regn-vantas-fran-torsdag-och-framat\\\/#article\",\"isPartOf\":{\"@id\":\"https:\\\/\\\/lightweb.dev\\\/l\\\/svm-temp\\\/nyheter\\\/kraftiga-regn-vantas-fran-torsdag-och-framat\\\/\"},\"author\":{\"name\":\"Robbie Eriksson\",\"@id\":\"https:\\\/\\\/lightweb.dev\\\/l\\\/svm-temp\\\/#\\\/schema\\\/person\\\/caffe038990d25722f5a04a03c906a2b\"},\"headline\":\"Kraftiga regn v\u00e4ntas fr\u00e5n torsdag och fram\u00e5t\",\"datePublished\":\"2024-03-06T14:33:18+00:00\",\"mainEntityOfPage\":{\"@id\":\"https:\\\/\\\/lightweb.dev\\\/l\\\/svm-temp\\\/nyheter\\\/kraftiga-regn-vantas-fran-torsdag-och-framat\\\/\"},\"wordCount\":429,\"publisher\":{\"@id\":\"https:\\\/\\\/lightweb.dev\\\/l\\\/svm-temp\\\/#organization\"},\"image\":{\"@id\":\"https:\\\/\\\/lightweb.dev\\\/l\\\/svm-temp\\\/nyheter\\\/kraftiga-regn-vantas-fran-torsdag-och-framat\\\/#primaryimage\"},\"thumbnailUrl\":\"https:\\\/\\\/lightweb.dev\\\/l\\\/svm-temp\\\/wp-content\\\/uploads\\\/2022\\\/06\\\/regnet-knackar-pa-dorren-till-helgen.png\",\"articleSection\":[\"Arkiv\",\"Nyheter\"],\"inLanguage\":\"sv-SE\"},{\"@type\":\"WebPage\",\"@id\":\"https:\\\/\\\/lightweb.dev\\\/l\\\/svm-temp\\\/nyheter\\\/kraftiga-regn-vantas-fran-torsdag-och-framat\\\/\",\"url\":\"https:\\\/\\\/lightweb.dev\\\/l\\\/svm-temp\\\/nyheter\\\/kraftiga-regn-vantas-fran-torsdag-och-framat\\\/\",\"name\":\"Kraftiga regn v\u00e4ntas fr\u00e5n torsdag och fram\u00e5t - Svenska Magasinet\",\"isPartOf\":{\"@id\":\"https:\\\/\\\/lightweb.dev\\\/l\\\/svm-temp\\\/#website\"},\"primaryImageOfPage\":{\"@id\":\"https:\\\/\\\/lightweb.dev\\\/l\\\/svm-temp\\\/nyheter\\\/kraftiga-regn-vantas-fran-torsdag-och-framat\\\/#primaryimage\"},\"image\":{\"@id\":\"https:\\\/\\\/lightweb.dev\\\/l\\\/svm-temp\\\/nyheter\\\/kraftiga-regn-vantas-fran-torsdag-och-framat\\\/#primaryimage\"},\"thumbnailUrl\":\"https:\\\/\\\/lightweb.dev\\\/l\\\/svm-temp\\\/wp-content\\\/uploads\\\/2022\\\/06\\\/regnet-knackar-pa-dorren-till-helgen.png\",\"datePublished\":\"2024-03-06T14:33:18+00:00\",\"breadcrumb\":{\"@id\":\"https:\\\/\\\/lightweb.dev\\\/l\\\/svm-temp\\\/nyheter\\\/kraftiga-regn-vantas-fran-torsdag-och-framat\\\/#breadcrumb\"},\"inLanguage\":\"sv-SE\",\"potentialAction\":[{\"@type\":\"ReadAction\",\"target\":[\"https:\\\/\\\/lightweb.dev\\\/l\\\/svm-temp\\\/nyheter\\\/kraftiga-regn-vantas-fran-torsdag-och-framat\\\/\"]}]},{\"@type\":\"ImageObject\",\"inLanguage\":\"sv-SE\",\"@id\":\"https:\\\/\\\/lightweb.dev\\\/l\\\/svm-temp\\\/nyheter\\\/kraftiga-regn-vantas-fran-torsdag-och-framat\\\/#primaryimage\",\"url\":\"https:\\\/\\\/lightweb.dev\\\/l\\\/svm-temp\\\/wp-content\\\/uploads\\\/2022\\\/06\\\/regnet-knackar-pa-dorren-till-helgen.png\",\"contentUrl\":\"https:\\\/\\\/lightweb.dev\\\/l\\\/svm-temp\\\/wp-content\\\/uploads\\\/2022\\\/06\\\/regnet-knackar-pa-dorren-till-helgen.png\",\"width\":280,\"height\":216},{\"@type\":\"BreadcrumbList\",\"@id\":\"https:\\\/\\\/lightweb.dev\\\/l\\\/svm-temp\\\/nyheter\\\/kraftiga-regn-vantas-fran-torsdag-och-framat\\\/#breadcrumb\",\"itemListElement\":[{\"@type\":\"ListItem\",\"position\":1,\"name\":\"Hem\",\"item\":\"https:\\\/\\\/lightweb.dev\\\/l\\\/svm-temp\\\/\"},{\"@type\":\"ListItem\",\"position\":2,\"name\":\"Kraftiga regn v\u00e4ntas fr\u00e5n torsdag och fram\u00e5t\"}]},{\"@type\":\"WebSite\",\"@id\":\"https:\\\/\\\/lightweb.dev\\\/l\\\/svm-temp\\\/#website\",\"url\":\"https:\\\/\\\/lightweb.dev\\\/l\\\/svm-temp\\\/\",\"name\":\"Svenska Magasinet\",\"description\":\"Dina Spanska nyheter p&aring; Svenska\",\"publisher\":{\"@id\":\"https:\\\/\\\/lightweb.dev\\\/l\\\/svm-temp\\\/#organization\"},\"potentialAction\":[{\"@type\":\"SearchAction\",\"target\":{\"@type\":\"EntryPoint\",\"urlTemplate\":\"https:\\\/\\\/lightweb.dev\\\/l\\\/svm-temp\\\/?s={search_term_string}\"},\"query-input\":{\"@type\":\"PropertyValueSpecification\",\"valueRequired\":true,\"valueName\":\"search_term_string\"}}],\"inLanguage\":\"sv-SE\"},{\"@type\":\"Organization\",\"@id\":\"https:\\\/\\\/lightweb.dev\\\/l\\\/svm-temp\\\/#organization\",\"name\":\"Melkerson y Nott SL\",\"alternateName\":\"Svenska Magasinet\",\"url\":\"https:\\\/\\\/lightweb.dev\\\/l\\\/svm-temp\\\/\",\"logo\":{\"@type\":\"ImageObject\",\"inLanguage\":\"sv-SE\",\"@id\":\"https:\\\/\\\/lightweb.dev\\\/l\\\/svm-temp\\\/#\\\/schema\\\/logo\\\/image\\\/\",\"url\":\"https:\\\/\\\/lightweb.dev\\\/l\\\/svm-temp\\\/wp-content\\\/uploads\\\/2025\\\/02\\\/SvM-logo-Xtra-Centrerad-SVART.png\",\"contentUrl\":\"https:\\\/\\\/lightweb.dev\\\/l\\\/svm-temp\\\/wp-content\\\/uploads\\\/2025\\\/02\\\/SvM-logo-Xtra-Centrerad-SVART.png\",\"width\":300,\"height\":99,\"caption\":\"Melkerson y Nott SL\"},\"image\":{\"@id\":\"https:\\\/\\\/lightweb.dev\\\/l\\\/svm-temp\\\/#\\\/schema\\\/logo\\\/image\\\/\"},\"sameAs\":[\"https:\\\/\\\/www.facebook.com\\\/svenskamagasinet\",\"https:\\\/\\\/x.com\\\/SvenskaMagasine\"]},{\"@type\":\"Person\",\"@id\":\"https:\\\/\\\/lightweb.dev\\\/l\\\/svm-temp\\\/#\\\/schema\\\/person\\\/caffe038990d25722f5a04a03c906a2b\",\"name\":\"Robbie Eriksson\",\"sameAs\":[\"https:\\\/\\\/lightweb.dev\\\/l\\\/svm-temp\"],\"url\":\"https:\\\/\\\/lightweb.dev\\\/l\\\/svm-temp\\\/reporter\\\/robbie-eriksson\\\/\"}]}<\/script>\n<!-- \/ Yoast SEO Premium plugin. -->","yoast_head_json":{"title":"Kraftiga regn v\u00e4ntas fr\u00e5n torsdag och fram\u00e5t - Svenska Magasinet","robots":{"index":"noindex","follow":"follow","max-snippet":"max-snippet:-1","max-image-preview":"max-image-preview:large","max-video-preview":"max-video-preview:-1"},"og_locale":"sv_SE","og_type":"article","og_title":"Kraftiga regn v\u00e4ntas fr\u00e5n torsdag och fram\u00e5t","og_description":"V\u00e4dret v\u00e4ntas bli kallt, regnigt och bl\u00e5sigt under den andra halvan av veckan i flera av Spaniens regioner.\u00a0Hur mycket regnet kommer att hj\u00e4lpa mot den r\u00e5dande torkan \u00e4r dock oklart.\u00a0","og_url":"https:\/\/lightweb.dev\/l\/svm-temp\/nyheter\/kraftiga-regn-vantas-fran-torsdag-och-framat\/","og_site_name":"Svenska Magasinet","article_publisher":"https:\/\/www.facebook.com\/svenskamagasinet","article_published_time":"2024-03-06T14:33:18+00:00","og_image":[{"width":280,"height":216,"url":"https:\/\/lightweb.dev\/l\/svm-temp\/wp-content\/uploads\/2022\/06\/regnet-knackar-pa-dorren-till-helgen.png","type":"image\/png"}],"author":"Robbie Eriksson","twitter_card":"summary_large_image","twitter_creator":"@SvenskaMagasine","twitter_site":"@SvenskaMagasine","schema":{"@context":"https:\/\/schema.org","@graph":[{"@type":"Article","@id":"https:\/\/lightweb.dev\/l\/svm-temp\/nyheter\/kraftiga-regn-vantas-fran-torsdag-och-framat\/#article","isPartOf":{"@id":"https:\/\/lightweb.dev\/l\/svm-temp\/nyheter\/kraftiga-regn-vantas-fran-torsdag-och-framat\/"},"author":{"name":"Robbie Eriksson","@id":"https:\/\/lightweb.dev\/l\/svm-temp\/#\/schema\/person\/caffe038990d25722f5a04a03c906a2b"},"headline":"Kraftiga regn v\u00e4ntas fr\u00e5n torsdag och fram\u00e5t","datePublished":"2024-03-06T14:33:18+00:00","mainEntityOfPage":{"@id":"https:\/\/lightweb.dev\/l\/svm-temp\/nyheter\/kraftiga-regn-vantas-fran-torsdag-och-framat\/"},"wordCount":429,"publisher":{"@id":"https:\/\/lightweb.dev\/l\/svm-temp\/#organization"},"image":{"@id":"https:\/\/lightweb.dev\/l\/svm-temp\/nyheter\/kraftiga-regn-vantas-fran-torsdag-och-framat\/#primaryimage"},"thumbnailUrl":"https:\/\/lightweb.dev\/l\/svm-temp\/wp-content\/uploads\/2022\/06\/regnet-knackar-pa-dorren-till-helgen.png","articleSection":["Arkiv","Nyheter"],"inLanguage":"sv-SE"},{"@type":"WebPage","@id":"https:\/\/lightweb.dev\/l\/svm-temp\/nyheter\/kraftiga-regn-vantas-fran-torsdag-och-framat\/","url":"https:\/\/lightweb.dev\/l\/svm-temp\/nyheter\/kraftiga-regn-vantas-fran-torsdag-och-framat\/","name":"Kraftiga regn v\u00e4ntas fr\u00e5n torsdag och fram\u00e5t - Svenska Magasinet","isPartOf":{"@id":"https:\/\/lightweb.dev\/l\/svm-temp\/#website"},"primaryImageOfPage":{"@id":"https:\/\/lightweb.dev\/l\/svm-temp\/nyheter\/kraftiga-regn-vantas-fran-torsdag-och-framat\/#primaryimage"},"image":{"@id":"https:\/\/lightweb.dev\/l\/svm-temp\/nyheter\/kraftiga-regn-vantas-fran-torsdag-och-framat\/#primaryimage"},"thumbnailUrl":"https:\/\/lightweb.dev\/l\/svm-temp\/wp-content\/uploads\/2022\/06\/regnet-knackar-pa-dorren-till-helgen.png","datePublished":"2024-03-06T14:33:18+00:00","breadcrumb":{"@id":"https:\/\/lightweb.dev\/l\/svm-temp\/nyheter\/kraftiga-regn-vantas-fran-torsdag-och-framat\/#breadcrumb"},"inLanguage":"sv-SE","potentialAction":[{"@type":"ReadAction","target":["https:\/\/lightweb.dev\/l\/svm-temp\/nyheter\/kraftiga-regn-vantas-fran-torsdag-och-framat\/"]}]},{"@type":"ImageObject","inLanguage":"sv-SE","@id":"https:\/\/lightweb.dev\/l\/svm-temp\/nyheter\/kraftiga-regn-vantas-fran-torsdag-och-framat\/#primaryimage","url":"https:\/\/lightweb.dev\/l\/svm-temp\/wp-content\/uploads\/2022\/06\/regnet-knackar-pa-dorren-till-helgen.png","contentUrl":"https:\/\/lightweb.dev\/l\/svm-temp\/wp-content\/uploads\/2022\/06\/regnet-knackar-pa-dorren-till-helgen.png","width":280,"height":216},{"@type":"BreadcrumbList","@id":"https:\/\/lightweb.dev\/l\/svm-temp\/nyheter\/kraftiga-regn-vantas-fran-torsdag-och-framat\/#breadcrumb","itemListElement":[{"@type":"ListItem","position":1,"name":"Hem","item":"https:\/\/lightweb.dev\/l\/svm-temp\/"},{"@type":"ListItem","position":2,"name":"Kraftiga regn v\u00e4ntas fr\u00e5n torsdag och fram\u00e5t"}]},{"@type":"WebSite","@id":"https:\/\/lightweb.dev\/l\/svm-temp\/#website","url":"https:\/\/lightweb.dev\/l\/svm-temp\/","name":"Svenska Magasinet","description":"Dina Spanska nyheter p&aring; Svenska","publisher":{"@id":"https:\/\/lightweb.dev\/l\/svm-temp\/#organization"},"potentialAction":[{"@type":"SearchAction","target":{"@type":"EntryPoint","urlTemplate":"https:\/\/lightweb.dev\/l\/svm-temp\/?s={search_term_string}"},"query-input":{"@type":"PropertyValueSpecification","valueRequired":true,"valueName":"search_term_string"}}],"inLanguage":"sv-SE"},{"@type":"Organization","@id":"https:\/\/lightweb.dev\/l\/svm-temp\/#organization","name":"Melkerson y Nott SL","alternateName":"Svenska Magasinet","url":"https:\/\/lightweb.dev\/l\/svm-temp\/","logo":{"@type":"ImageObject","inLanguage":"sv-SE","@id":"https:\/\/lightweb.dev\/l\/svm-temp\/#\/schema\/logo\/image\/","url":"https:\/\/lightweb.dev\/l\/svm-temp\/wp-content\/uploads\/2025\/02\/SvM-logo-Xtra-Centrerad-SVART.png","contentUrl":"https:\/\/lightweb.dev\/l\/svm-temp\/wp-content\/uploads\/2025\/02\/SvM-logo-Xtra-Centrerad-SVART.png","width":300,"height":99,"caption":"Melkerson y Nott SL"},"image":{"@id":"https:\/\/lightweb.dev\/l\/svm-temp\/#\/schema\/logo\/image\/"},"sameAs":["https:\/\/www.facebook.com\/svenskamagasinet","https:\/\/x.com\/SvenskaMagasine"]},{"@type":"Person","@id":"https:\/\/lightweb.dev\/l\/svm-temp\/#\/schema\/person\/caffe038990d25722f5a04a03c906a2b","name":"Robbie Eriksson","sameAs":["https:\/\/lightweb.dev\/l\/svm-temp"],"url":"https:\/\/lightweb.dev\/l\/svm-temp\/reporter\/robbie-eriksson\/"}]}},"_links":{"self":[{"href":"https:\/\/lightweb.dev\/l\/svm-temp\/wp-json\/wp\/v2\/posts\/69996","targetHints":{"allow":["GET"]}}],"collection":[{"href":"https:\/\/lightweb.dev\/l\/svm-temp\/wp-json\/wp\/v2\/posts"}],"about":[{"href":"https:\/\/lightweb.dev\/l\/svm-temp\/wp-json\/wp\/v2\/types\/post"}],"author":[{"embeddable":true,"href":"https:\/\/lightweb.dev\/l\/svm-temp\/wp-json\/wp\/v2\/users\/14"}],"replies":[{"embeddable":true,"href":"https:\/\/lightweb.dev\/l\/svm-temp\/wp-json\/wp\/v2\/comments?post=69996"}],"version-history":[{"count":0,"href":"https:\/\/lightweb.dev\/l\/svm-temp\/wp-json\/wp\/v2\/posts\/69996\/revisions"}],"wp:featuredmedia":[{"embeddable":true,"href":"https:\/\/lightweb.dev\/l\/svm-temp\/wp-json\/wp\/v2\/media\/45914"}],"wp:attachment":[{"href":"https:\/\/lightweb.dev\/l\/svm-temp\/wp-json\/wp\/v2\/media?parent=69996"}],"wp:term":[{"taxonomy":"category","embeddable":true,"href":"https:\/\/lightweb.dev\/l\/svm-temp\/wp-json\/wp\/v2\/categories?post=69996"},{"taxonomy":"post_tag","embeddable":true,"href":"https:\/\/lightweb.dev\/l\/svm-temp\/wp-json\/wp\/v2\/tags?post=69996"}],"curies":[{"name":"wp","href":"https:\/\/api.w.org\/{rel}","templated":true}]}}