{"id":69999,"date":"2024-03-06T15:39:57","date_gmt":"2024-03-06T14:39:57","guid":{"rendered":"https:\/\/lightweb.dev\/l\/svm-temp\/?p=69999"},"modified":"2024-03-06T15:39:57","modified_gmt":"2024-03-06T14:39:57","slug":"spanskt-flygbolag-infor-ansiktsigenkanning","status":"publish","type":"post","link":"https:\/\/lightweb.dev\/l\/svm-temp\/nyheter\/spanskt-flygbolag-infor-ansiktsigenkanning\/","title":{"rendered":"Spanskt flygbolag inf\u00f6r ansiktsigenk\u00e4nning"},"content":{"rendered":"<p><strong>Den som flyger med Binter Canarias kan nu komma p\u00e5 planet helt utan fysiska ID-handlingar.<\/strong><\/p>\n<p><strong>Den nya metoden f\u00f6r identifikation anv\u00e4nds redan p\u00e5 flera flygplatser runt om i landet.\u00a0<\/strong><\/p>\n<p><span style=\"font-weight: 400;\">Passagerare som reser med flygbolaget Binter Canarias har nu m\u00f6jligheten att anv\u00e4nda ansiktsigenk\u00e4nning n\u00e4r de ska ta sig igenom s\u00e4kerhetskontrollerna p\u00e5 vissa flygplatser. Helt utan ID-handlingar.\u00a0<\/span><\/p>\n<p><span style=\"font-weight: 400;\">Den som vill anv\u00e4nda tj\u00e4nsten m\u00e5ste scanna av sitt ansikte i Binters mobilapp. Det \u00e4r helt frivilligt och den som vill identifiera sig p\u00e5 traditionellt vis beh\u00f6ver inte l\u00e4sa av ansiktet inf\u00f6r resan.\u00a0<\/span><\/p>\n<p><span style=\"font-weight: 400;\">Vid \u00e5tminstone ett tillf\u00e4lle m\u00e5ste man dessutom l\u00e4nka sitt boardingkort till ansiktet i appen eller p\u00e5 bolagets hemsida. D\u00e4refter f\u00e5r man klicka i och godk\u00e4nna att Binter anv\u00e4nder sin biometriska mjukvara.\u00a0<\/span><\/p>\n<p><span style=\"font-weight: 400;\">Tillk\u00e4nnagivandet kom f\u00f6rra veckan och Binter f\u00f6rklarade att den nya tekniken kan anv\u00e4ndas p\u00e5 flygplatser i Madrid, Gran Canaria, Norra Teneriffa, Palma de Mallorca, Menorca och Ibiza.\u00a0<\/span><\/p>\n<p><span style=\"font-weight: 400;\">F\u00f6retaget har redan varit ig\u00e5ng med detta som ett pilotprojekt sedan december f\u00f6rra \u00e5ret. I nul\u00e4get har fler \u00e4n 1 000 kunder registrerat sig f\u00f6r tj\u00e4nsten och 700 av dem har anv\u00e4nt den redan, uppger Binter.\u00a0<\/span><\/p>\n<h2><span style=\"font-weight: 400;\">Vissa begr\u00e4nsningar<\/span><\/h2>\n<p><span style=\"font-weight: 400;\">F\u00f6r att anv\u00e4nda tj\u00e4nsten m\u00e5ste man ha fyllt 14 \u00e5r. Den som reser med husdjur eller speciella f\u00f6rem\u00e5l m\u00e5ste fortfarande ha med sig foto-ID f\u00f6r att komma ombord p\u00e5 planet.\u00a0<\/span><\/p>\n<p><span style=\"font-weight: 400;\">\u201cN\u00e4r man l\u00e4ser av sin ID-handling \u00e4r det b\u00e4st att r\u00f6ra mobilen l\u00e5ngsamt f\u00f6r att mobilen ska kunna l\u00e4sa av chippet som finns i handlingen. Man kan se ifall inl\u00e4sningen har startat genom att sm\u00e5 prickar dyker upp p\u00e5 sk\u00e4rmen,\u201d f\u00f6rklarar flygbolaget.\u00a0<\/span><\/p>\n<p><span style=\"font-weight: 400;\">Binter uppmanar dock sina kunder att ha med sig alla n\u00f6dv\u00e4ndiga dokument n\u00e4r de reser, \u00e4ven om de inte beh\u00f6vs f\u00f6r att stiga p\u00e5 just deras flygplan.\u00a0<\/span><\/p>\n","protected":false},"excerpt":{"rendered":"<p>Den som flyger med Binter Canarias kan nu komma p\u00e5 planet helt utan fysiska ID-handlingar. Den nya metoden f\u00f6r identifikation anv\u00e4nds redan p\u00e5 flera flygplatser runt om i landet.\u00a0<\/p>\n","protected":false},"author":14,"featured_media":69358,"comment_status":"closed","ping_status":"closed","sticky":false,"template":"","format":"standard","meta":{"_et_pb_use_builder":"","_et_pb_old_content":"","_et_gb_content_width":"","footnotes":""},"categories":[395,3],"tags":[],"class_list":["post-69999","post","type-post","status-publish","format-standard","has-post-thumbnail","hentry","category-arkiv-nyheter","category-nyheter"],"yoast_head":"<!-- This site is optimized with the Yoast SEO Premium plugin v26.2 (Yoast SEO v27.4) - https:\/\/yoast.com\/product\/yoast-seo-premium-wordpress\/ -->\n<title>Spanskt flygbolag inf\u00f6r ansiktsigenk\u00e4nning - Svenska Magasinet<\/title>\n<meta name=\"robots\" content=\"noindex, follow, max-snippet:-1, max-image-preview:large, max-video-preview:-1\" \/>\n<meta property=\"og:locale\" content=\"sv_SE\" \/>\n<meta property=\"og:type\" content=\"article\" \/>\n<meta property=\"og:title\" content=\"Spanskt flygbolag inf\u00f6r ansiktsigenk\u00e4nning\" \/>\n<meta property=\"og:description\" content=\"Den som flyger med Binter Canarias kan nu komma p\u00e5 planet helt utan fysiska ID-handlingar. Den nya metoden f\u00f6r identifikation anv\u00e4nds redan p\u00e5 flera flygplatser runt om i landet.\u00a0\" \/>\n<meta property=\"og:url\" content=\"https:\/\/lightweb.dev\/l\/svm-temp\/nyheter\/spanskt-flygbolag-infor-ansiktsigenkanning\/\" \/>\n<meta property=\"og:site_name\" content=\"Svenska Magasinet\" \/>\n<meta property=\"article:publisher\" content=\"https:\/\/www.facebook.com\/svenskamagasinet\" \/>\n<meta property=\"article:published_time\" content=\"2024-03-06T14:39:57+00:00\" \/>\n<meta property=\"og:image\" content=\"https:\/\/lightweb.dev\/l\/svm-temp\/wp-content\/uploads\/2024\/02\/EC-NHA_Embraer_195-E2_Binter_arrecife_29-02-20_49658123251-stor.jpeg\" \/>\n\t<meta property=\"og:image:width\" content=\"1280\" \/>\n\t<meta property=\"og:image:height\" content=\"838\" \/>\n\t<meta property=\"og:image:type\" content=\"image\/jpeg\" \/>\n<meta name=\"author\" content=\"Robbie Eriksson\" \/>\n<meta name=\"twitter:card\" content=\"summary_large_image\" \/>\n<meta name=\"twitter:creator\" content=\"@SvenskaMagasine\" \/>\n<meta name=\"twitter:site\" content=\"@SvenskaMagasine\" \/>\n<script type=\"application\/ld+json\" class=\"yoast-schema-graph\">{\"@context\":\"https:\\\/\\\/schema.org\",\"@graph\":[{\"@type\":\"Article\",\"@id\":\"https:\\\/\\\/lightweb.dev\\\/l\\\/svm-temp\\\/nyheter\\\/spanskt-flygbolag-infor-ansiktsigenkanning\\\/#article\",\"isPartOf\":{\"@id\":\"https:\\\/\\\/lightweb.dev\\\/l\\\/svm-temp\\\/nyheter\\\/spanskt-flygbolag-infor-ansiktsigenkanning\\\/\"},\"author\":{\"name\":\"Robbie Eriksson\",\"@id\":\"https:\\\/\\\/lightweb.dev\\\/l\\\/svm-temp\\\/#\\\/schema\\\/person\\\/caffe038990d25722f5a04a03c906a2b\"},\"headline\":\"Spanskt flygbolag inf\u00f6r ansiktsigenk\u00e4nning\",\"datePublished\":\"2024-03-06T14:39:57+00:00\",\"mainEntityOfPage\":{\"@id\":\"https:\\\/\\\/lightweb.dev\\\/l\\\/svm-temp\\\/nyheter\\\/spanskt-flygbolag-infor-ansiktsigenkanning\\\/\"},\"wordCount\":340,\"publisher\":{\"@id\":\"https:\\\/\\\/lightweb.dev\\\/l\\\/svm-temp\\\/#organization\"},\"image\":{\"@id\":\"https:\\\/\\\/lightweb.dev\\\/l\\\/svm-temp\\\/nyheter\\\/spanskt-flygbolag-infor-ansiktsigenkanning\\\/#primaryimage\"},\"thumbnailUrl\":\"https:\\\/\\\/lightweb.dev\\\/l\\\/svm-temp\\\/wp-content\\\/uploads\\\/2024\\\/02\\\/EC-NHA_Embraer_195-E2_Binter_arrecife_29-02-20_49658123251-stor.jpeg\",\"articleSection\":[\"Arkiv\",\"Nyheter\"],\"inLanguage\":\"sv-SE\"},{\"@type\":\"WebPage\",\"@id\":\"https:\\\/\\\/lightweb.dev\\\/l\\\/svm-temp\\\/nyheter\\\/spanskt-flygbolag-infor-ansiktsigenkanning\\\/\",\"url\":\"https:\\\/\\\/lightweb.dev\\\/l\\\/svm-temp\\\/nyheter\\\/spanskt-flygbolag-infor-ansiktsigenkanning\\\/\",\"name\":\"Spanskt flygbolag inf\u00f6r ansiktsigenk\u00e4nning - Svenska Magasinet\",\"isPartOf\":{\"@id\":\"https:\\\/\\\/lightweb.dev\\\/l\\\/svm-temp\\\/#website\"},\"primaryImageOfPage\":{\"@id\":\"https:\\\/\\\/lightweb.dev\\\/l\\\/svm-temp\\\/nyheter\\\/spanskt-flygbolag-infor-ansiktsigenkanning\\\/#primaryimage\"},\"image\":{\"@id\":\"https:\\\/\\\/lightweb.dev\\\/l\\\/svm-temp\\\/nyheter\\\/spanskt-flygbolag-infor-ansiktsigenkanning\\\/#primaryimage\"},\"thumbnailUrl\":\"https:\\\/\\\/lightweb.dev\\\/l\\\/svm-temp\\\/wp-content\\\/uploads\\\/2024\\\/02\\\/EC-NHA_Embraer_195-E2_Binter_arrecife_29-02-20_49658123251-stor.jpeg\",\"datePublished\":\"2024-03-06T14:39:57+00:00\",\"breadcrumb\":{\"@id\":\"https:\\\/\\\/lightweb.dev\\\/l\\\/svm-temp\\\/nyheter\\\/spanskt-flygbolag-infor-ansiktsigenkanning\\\/#breadcrumb\"},\"inLanguage\":\"sv-SE\",\"potentialAction\":[{\"@type\":\"ReadAction\",\"target\":[\"https:\\\/\\\/lightweb.dev\\\/l\\\/svm-temp\\\/nyheter\\\/spanskt-flygbolag-infor-ansiktsigenkanning\\\/\"]}]},{\"@type\":\"ImageObject\",\"inLanguage\":\"sv-SE\",\"@id\":\"https:\\\/\\\/lightweb.dev\\\/l\\\/svm-temp\\\/nyheter\\\/spanskt-flygbolag-infor-ansiktsigenkanning\\\/#primaryimage\",\"url\":\"https:\\\/\\\/lightweb.dev\\\/l\\\/svm-temp\\\/wp-content\\\/uploads\\\/2024\\\/02\\\/EC-NHA_Embraer_195-E2_Binter_arrecife_29-02-20_49658123251-stor.jpeg\",\"contentUrl\":\"https:\\\/\\\/lightweb.dev\\\/l\\\/svm-temp\\\/wp-content\\\/uploads\\\/2024\\\/02\\\/EC-NHA_Embraer_195-E2_Binter_arrecife_29-02-20_49658123251-stor.jpeg\",\"width\":1280,\"height\":838},{\"@type\":\"BreadcrumbList\",\"@id\":\"https:\\\/\\\/lightweb.dev\\\/l\\\/svm-temp\\\/nyheter\\\/spanskt-flygbolag-infor-ansiktsigenkanning\\\/#breadcrumb\",\"itemListElement\":[{\"@type\":\"ListItem\",\"position\":1,\"name\":\"Hem\",\"item\":\"https:\\\/\\\/lightweb.dev\\\/l\\\/svm-temp\\\/\"},{\"@type\":\"ListItem\",\"position\":2,\"name\":\"Spanskt flygbolag inf\u00f6r ansiktsigenk\u00e4nning\"}]},{\"@type\":\"WebSite\",\"@id\":\"https:\\\/\\\/lightweb.dev\\\/l\\\/svm-temp\\\/#website\",\"url\":\"https:\\\/\\\/lightweb.dev\\\/l\\\/svm-temp\\\/\",\"name\":\"Svenska Magasinet\",\"description\":\"Dina Spanska nyheter p&aring; Svenska\",\"publisher\":{\"@id\":\"https:\\\/\\\/lightweb.dev\\\/l\\\/svm-temp\\\/#organization\"},\"potentialAction\":[{\"@type\":\"SearchAction\",\"target\":{\"@type\":\"EntryPoint\",\"urlTemplate\":\"https:\\\/\\\/lightweb.dev\\\/l\\\/svm-temp\\\/?s={search_term_string}\"},\"query-input\":{\"@type\":\"PropertyValueSpecification\",\"valueRequired\":true,\"valueName\":\"search_term_string\"}}],\"inLanguage\":\"sv-SE\"},{\"@type\":\"Organization\",\"@id\":\"https:\\\/\\\/lightweb.dev\\\/l\\\/svm-temp\\\/#organization\",\"name\":\"Melkerson y Nott SL\",\"alternateName\":\"Svenska Magasinet\",\"url\":\"https:\\\/\\\/lightweb.dev\\\/l\\\/svm-temp\\\/\",\"logo\":{\"@type\":\"ImageObject\",\"inLanguage\":\"sv-SE\",\"@id\":\"https:\\\/\\\/lightweb.dev\\\/l\\\/svm-temp\\\/#\\\/schema\\\/logo\\\/image\\\/\",\"url\":\"https:\\\/\\\/lightweb.dev\\\/l\\\/svm-temp\\\/wp-content\\\/uploads\\\/2025\\\/02\\\/SvM-logo-Xtra-Centrerad-SVART.png\",\"contentUrl\":\"https:\\\/\\\/lightweb.dev\\\/l\\\/svm-temp\\\/wp-content\\\/uploads\\\/2025\\\/02\\\/SvM-logo-Xtra-Centrerad-SVART.png\",\"width\":300,\"height\":99,\"caption\":\"Melkerson y Nott SL\"},\"image\":{\"@id\":\"https:\\\/\\\/lightweb.dev\\\/l\\\/svm-temp\\\/#\\\/schema\\\/logo\\\/image\\\/\"},\"sameAs\":[\"https:\\\/\\\/www.facebook.com\\\/svenskamagasinet\",\"https:\\\/\\\/x.com\\\/SvenskaMagasine\"]},{\"@type\":\"Person\",\"@id\":\"https:\\\/\\\/lightweb.dev\\\/l\\\/svm-temp\\\/#\\\/schema\\\/person\\\/caffe038990d25722f5a04a03c906a2b\",\"name\":\"Robbie Eriksson\",\"sameAs\":[\"https:\\\/\\\/lightweb.dev\\\/l\\\/svm-temp\"],\"url\":\"https:\\\/\\\/lightweb.dev\\\/l\\\/svm-temp\\\/reporter\\\/robbie-eriksson\\\/\"}]}<\/script>\n<!-- \/ Yoast SEO Premium plugin. -->","yoast_head_json":{"title":"Spanskt flygbolag inf\u00f6r ansiktsigenk\u00e4nning - Svenska Magasinet","robots":{"index":"noindex","follow":"follow","max-snippet":"max-snippet:-1","max-image-preview":"max-image-preview:large","max-video-preview":"max-video-preview:-1"},"og_locale":"sv_SE","og_type":"article","og_title":"Spanskt flygbolag inf\u00f6r ansiktsigenk\u00e4nning","og_description":"Den som flyger med Binter Canarias kan nu komma p\u00e5 planet helt utan fysiska ID-handlingar. Den nya metoden f\u00f6r identifikation anv\u00e4nds redan p\u00e5 flera flygplatser runt om i landet.\u00a0","og_url":"https:\/\/lightweb.dev\/l\/svm-temp\/nyheter\/spanskt-flygbolag-infor-ansiktsigenkanning\/","og_site_name":"Svenska Magasinet","article_publisher":"https:\/\/www.facebook.com\/svenskamagasinet","article_published_time":"2024-03-06T14:39:57+00:00","og_image":[{"width":1280,"height":838,"url":"https:\/\/lightweb.dev\/l\/svm-temp\/wp-content\/uploads\/2024\/02\/EC-NHA_Embraer_195-E2_Binter_arrecife_29-02-20_49658123251-stor.jpeg","type":"image\/jpeg"}],"author":"Robbie Eriksson","twitter_card":"summary_large_image","twitter_creator":"@SvenskaMagasine","twitter_site":"@SvenskaMagasine","schema":{"@context":"https:\/\/schema.org","@graph":[{"@type":"Article","@id":"https:\/\/lightweb.dev\/l\/svm-temp\/nyheter\/spanskt-flygbolag-infor-ansiktsigenkanning\/#article","isPartOf":{"@id":"https:\/\/lightweb.dev\/l\/svm-temp\/nyheter\/spanskt-flygbolag-infor-ansiktsigenkanning\/"},"author":{"name":"Robbie Eriksson","@id":"https:\/\/lightweb.dev\/l\/svm-temp\/#\/schema\/person\/caffe038990d25722f5a04a03c906a2b"},"headline":"Spanskt flygbolag inf\u00f6r ansiktsigenk\u00e4nning","datePublished":"2024-03-06T14:39:57+00:00","mainEntityOfPage":{"@id":"https:\/\/lightweb.dev\/l\/svm-temp\/nyheter\/spanskt-flygbolag-infor-ansiktsigenkanning\/"},"wordCount":340,"publisher":{"@id":"https:\/\/lightweb.dev\/l\/svm-temp\/#organization"},"image":{"@id":"https:\/\/lightweb.dev\/l\/svm-temp\/nyheter\/spanskt-flygbolag-infor-ansiktsigenkanning\/#primaryimage"},"thumbnailUrl":"https:\/\/lightweb.dev\/l\/svm-temp\/wp-content\/uploads\/2024\/02\/EC-NHA_Embraer_195-E2_Binter_arrecife_29-02-20_49658123251-stor.jpeg","articleSection":["Arkiv","Nyheter"],"inLanguage":"sv-SE"},{"@type":"WebPage","@id":"https:\/\/lightweb.dev\/l\/svm-temp\/nyheter\/spanskt-flygbolag-infor-ansiktsigenkanning\/","url":"https:\/\/lightweb.dev\/l\/svm-temp\/nyheter\/spanskt-flygbolag-infor-ansiktsigenkanning\/","name":"Spanskt flygbolag inf\u00f6r ansiktsigenk\u00e4nning - Svenska Magasinet","isPartOf":{"@id":"https:\/\/lightweb.dev\/l\/svm-temp\/#website"},"primaryImageOfPage":{"@id":"https:\/\/lightweb.dev\/l\/svm-temp\/nyheter\/spanskt-flygbolag-infor-ansiktsigenkanning\/#primaryimage"},"image":{"@id":"https:\/\/lightweb.dev\/l\/svm-temp\/nyheter\/spanskt-flygbolag-infor-ansiktsigenkanning\/#primaryimage"},"thumbnailUrl":"https:\/\/lightweb.dev\/l\/svm-temp\/wp-content\/uploads\/2024\/02\/EC-NHA_Embraer_195-E2_Binter_arrecife_29-02-20_49658123251-stor.jpeg","datePublished":"2024-03-06T14:39:57+00:00","breadcrumb":{"@id":"https:\/\/lightweb.dev\/l\/svm-temp\/nyheter\/spanskt-flygbolag-infor-ansiktsigenkanning\/#breadcrumb"},"inLanguage":"sv-SE","potentialAction":[{"@type":"ReadAction","target":["https:\/\/lightweb.dev\/l\/svm-temp\/nyheter\/spanskt-flygbolag-infor-ansiktsigenkanning\/"]}]},{"@type":"ImageObject","inLanguage":"sv-SE","@id":"https:\/\/lightweb.dev\/l\/svm-temp\/nyheter\/spanskt-flygbolag-infor-ansiktsigenkanning\/#primaryimage","url":"https:\/\/lightweb.dev\/l\/svm-temp\/wp-content\/uploads\/2024\/02\/EC-NHA_Embraer_195-E2_Binter_arrecife_29-02-20_49658123251-stor.jpeg","contentUrl":"https:\/\/lightweb.dev\/l\/svm-temp\/wp-content\/uploads\/2024\/02\/EC-NHA_Embraer_195-E2_Binter_arrecife_29-02-20_49658123251-stor.jpeg","width":1280,"height":838},{"@type":"BreadcrumbList","@id":"https:\/\/lightweb.dev\/l\/svm-temp\/nyheter\/spanskt-flygbolag-infor-ansiktsigenkanning\/#breadcrumb","itemListElement":[{"@type":"ListItem","position":1,"name":"Hem","item":"https:\/\/lightweb.dev\/l\/svm-temp\/"},{"@type":"ListItem","position":2,"name":"Spanskt flygbolag inf\u00f6r ansiktsigenk\u00e4nning"}]},{"@type":"WebSite","@id":"https:\/\/lightweb.dev\/l\/svm-temp\/#website","url":"https:\/\/lightweb.dev\/l\/svm-temp\/","name":"Svenska Magasinet","description":"Dina Spanska nyheter p&aring; Svenska","publisher":{"@id":"https:\/\/lightweb.dev\/l\/svm-temp\/#organization"},"potentialAction":[{"@type":"SearchAction","target":{"@type":"EntryPoint","urlTemplate":"https:\/\/lightweb.dev\/l\/svm-temp\/?s={search_term_string}"},"query-input":{"@type":"PropertyValueSpecification","valueRequired":true,"valueName":"search_term_string"}}],"inLanguage":"sv-SE"},{"@type":"Organization","@id":"https:\/\/lightweb.dev\/l\/svm-temp\/#organization","name":"Melkerson y Nott SL","alternateName":"Svenska Magasinet","url":"https:\/\/lightweb.dev\/l\/svm-temp\/","logo":{"@type":"ImageObject","inLanguage":"sv-SE","@id":"https:\/\/lightweb.dev\/l\/svm-temp\/#\/schema\/logo\/image\/","url":"https:\/\/lightweb.dev\/l\/svm-temp\/wp-content\/uploads\/2025\/02\/SvM-logo-Xtra-Centrerad-SVART.png","contentUrl":"https:\/\/lightweb.dev\/l\/svm-temp\/wp-content\/uploads\/2025\/02\/SvM-logo-Xtra-Centrerad-SVART.png","width":300,"height":99,"caption":"Melkerson y Nott SL"},"image":{"@id":"https:\/\/lightweb.dev\/l\/svm-temp\/#\/schema\/logo\/image\/"},"sameAs":["https:\/\/www.facebook.com\/svenskamagasinet","https:\/\/x.com\/SvenskaMagasine"]},{"@type":"Person","@id":"https:\/\/lightweb.dev\/l\/svm-temp\/#\/schema\/person\/caffe038990d25722f5a04a03c906a2b","name":"Robbie Eriksson","sameAs":["https:\/\/lightweb.dev\/l\/svm-temp"],"url":"https:\/\/lightweb.dev\/l\/svm-temp\/reporter\/robbie-eriksson\/"}]}},"_links":{"self":[{"href":"https:\/\/lightweb.dev\/l\/svm-temp\/wp-json\/wp\/v2\/posts\/69999","targetHints":{"allow":["GET"]}}],"collection":[{"href":"https:\/\/lightweb.dev\/l\/svm-temp\/wp-json\/wp\/v2\/posts"}],"about":[{"href":"https:\/\/lightweb.dev\/l\/svm-temp\/wp-json\/wp\/v2\/types\/post"}],"author":[{"embeddable":true,"href":"https:\/\/lightweb.dev\/l\/svm-temp\/wp-json\/wp\/v2\/users\/14"}],"replies":[{"embeddable":true,"href":"https:\/\/lightweb.dev\/l\/svm-temp\/wp-json\/wp\/v2\/comments?post=69999"}],"version-history":[{"count":0,"href":"https:\/\/lightweb.dev\/l\/svm-temp\/wp-json\/wp\/v2\/posts\/69999\/revisions"}],"wp:featuredmedia":[{"embeddable":true,"href":"https:\/\/lightweb.dev\/l\/svm-temp\/wp-json\/wp\/v2\/media\/69358"}],"wp:attachment":[{"href":"https:\/\/lightweb.dev\/l\/svm-temp\/wp-json\/wp\/v2\/media?parent=69999"}],"wp:term":[{"taxonomy":"category","embeddable":true,"href":"https:\/\/lightweb.dev\/l\/svm-temp\/wp-json\/wp\/v2\/categories?post=69999"},{"taxonomy":"post_tag","embeddable":true,"href":"https:\/\/lightweb.dev\/l\/svm-temp\/wp-json\/wp\/v2\/tags?post=69999"}],"curies":[{"name":"wp","href":"https:\/\/api.w.org\/{rel}","templated":true}]}}