{"id":70000,"date":"2024-03-06T15:47:03","date_gmt":"2024-03-06T14:47:03","guid":{"rendered":"https:\/\/lightweb.dev\/l\/svm-temp\/?p=70000"},"modified":"2024-03-08T10:15:46","modified_gmt":"2024-03-08T09:15:46","slug":"velez-cf-far-nya-agare-norberg-och-pehrsson-lamnar-efter-nara-fyra-ar","status":"publish","type":"post","link":"https:\/\/lightweb.dev\/l\/svm-temp\/nyheter\/velez-cf-far-nya-agare-norberg-och-pehrsson-lamnar-efter-nara-fyra-ar\/","title":{"rendered":"V\u00e9lez CF f\u00e5r nya \u00e4gare &#8211; Norberg och Pehrsson l\u00e4mnar efter n\u00e4ra fyra \u00e5r"},"content":{"rendered":"<p><strong>Sommaren 2020 presenterades Jesper Norberg och Magnus Pehrsson som nya \u00e4gare och den duo som skulle leda V\u00e9lez CF upp\u00e5t i seriesystemet.<\/strong><\/p>\n<p><strong>Efter en turbulent s\u00e4song f\u00e5r klubben nya \u00e4gare.<\/strong><\/p>\n<p>Den nya \u00e4garen till V\u00e9lez C.F. SAD kommer att presenteras vid en presstr\u00e4ff klockan 20 p\u00e5 V\u00e9lez hemmaplan Estadio Vivar Tellez klockan 20.<\/p>\n<p>I ett meddelande till Svenska Magasinet s\u00e4ger Magnus Pehrsson att det \u00e4r klart med nya \u00e4gare.<\/p>\n<p>&#8211; En presstr\u00e4ff kommer att h\u00e5llas p\u00e5 torsdag d\u00e4r de nya \u00e4garna ska presenteras och planen f\u00f6r klubben i framtiden utan oss. N\u00e5got mer kan jag inte s\u00e4ga just nu, till\u00e4gger Magnus Pehrsson som h\u00e4nvisar till den presskommunik\u00e9 som skickades ut i s\u00f6ndags d\u00e4r Jesper Norberg och Magnus Pehrsson tar farv\u00e4l av klubben.<\/p>\n<h2>Fj\u00e4rdeligan<\/h2>\n<div id=\"attachment_70003\" style=\"width: 310px\" class=\"wp-caption alignleft\"><img loading=\"lazy\" decoding=\"async\" aria-describedby=\"caption-attachment-70003\" class=\"size-medium wp-image-70003\" src=\"https:\/\/lightweb.dev\/l\/svm-temp\/wp-content\/uploads\/2024\/03\/GHxQbqpXUAAa1bI-stor-300x300.jpeg\" alt=\"\" width=\"300\" height=\"300\" srcset=\"https:\/\/lightweb.dev\/l\/svm-temp\/wp-content\/uploads\/2024\/03\/GHxQbqpXUAAa1bI-stor-300x300.jpeg 300w, https:\/\/lightweb.dev\/l\/svm-temp\/wp-content\/uploads\/2024\/03\/GHxQbqpXUAAa1bI-stor-900x900.jpeg 900w, https:\/\/lightweb.dev\/l\/svm-temp\/wp-content\/uploads\/2024\/03\/GHxQbqpXUAAa1bI-stor-150x150.jpeg 150w, https:\/\/lightweb.dev\/l\/svm-temp\/wp-content\/uploads\/2024\/03\/GHxQbqpXUAAa1bI-stor-768x768.jpeg 768w, https:\/\/lightweb.dev\/l\/svm-temp\/wp-content\/uploads\/2024\/03\/GHxQbqpXUAAa1bI-stor-610x610.jpeg 610w, https:\/\/lightweb.dev\/l\/svm-temp\/wp-content\/uploads\/2024\/03\/GHxQbqpXUAAa1bI-stor-1080x1080.jpeg 1080w, https:\/\/lightweb.dev\/l\/svm-temp\/wp-content\/uploads\/2024\/03\/GHxQbqpXUAAa1bI-stor-440x440.jpeg 440w, https:\/\/lightweb.dev\/l\/svm-temp\/wp-content\/uploads\/2024\/03\/GHxQbqpXUAAa1bI-stor-600x600.jpeg 600w, https:\/\/lightweb.dev\/l\/svm-temp\/wp-content\/uploads\/2024\/03\/GHxQbqpXUAAa1bI-stor-100x100.jpeg 100w, https:\/\/lightweb.dev\/l\/svm-temp\/wp-content\/uploads\/2024\/03\/GHxQbqpXUAAa1bI-stor.jpeg 1200w\" sizes=\"(max-width: 300px) 100vw, 300px\" \/><p id=\"caption-attachment-70003\" class=\"wp-caption-text\">Magnus Pehrsson<\/p><\/div>\n<p>V\u00e9lez spelar i Segunda Federaci\u00f3n, den spanska fj\u00e4rdeligan, som best\u00e5r av 90 olika lag som \u00e4r uppdelade i fyra grupper. Klubben gick in i den p\u00e5g\u00e5ende s\u00e4songen 23\/24 med en stark och v\u00e4l f\u00f6rberedd organisation med tydliga ambitioner att ta steget upp till n\u00e4sta division.<\/p>\n<p>&#8211; Om fem \u00e5r vill vi att V\u00e9lez spelar i Spaniens andraliga, sa Jesper Norberg och Magnus Pehrsson i en intervju i sporttidningen AS i januari 2023.<\/p>\n<h2 class=\"entry-title\">L\u00e4s mer: <a href=\"https:\/\/lightweb.dev\/l\/svm-temp\/nyheter\/velez-malaga-siktar-uppat-med-pehrsson-norberg\/\">V\u00e9lez M\u00e1laga siktar upp\u00e5t med Pehrsson\/Norberg<\/a><\/h2>\n<p>Den 1 augusti 2023 hade ett kontrakt undertecknats med en ny fransk investerare med tydliga och h\u00f6ga ambitioner. S\u00e4songsplaneringen baserades p\u00e5 den budget som den nya \u00e4garen hade presenterat.<\/p>\n<p>\u201dTyv\u00e4rr var allt baserat p\u00e5 l\u00f6gner och de medel och f\u00f6rpliktelser som \u00f6verenskommits under det undertecknade avtalet uppfylldes aldrig\u201d skriver Jesper Norberg och Magnus Pehrsson i presskommunik\u00e9n.<\/p>\n<h2>Uteblivna l\u00f6ner<\/h2>\n<p>I oktober 2023 hade skulderna \u00f6kat. Uteblivna l\u00f6ner gjorde att det i b\u00f6rjan av februari bara var sju spelare kvar, n\u00e5got som <a href=\"https:\/\/lightweb.dev\/l\/svm-temp\/artiklar\/golf-sport\/klockan-tickar-for-svenskagda-velez\/\">Svenska Magasinet<\/a> tidigare har ber\u00e4ttat. Med spelare fr\u00e5n reservlaget plus ungdomsspelare har V\u00e9lez fortsatt seriespelet.<\/p>\n<p>\u201dVi var tvungna att ta ett beslut. Skulle klubben dra sig ur serien och f\u00f6rs\u00e4ttas i konkurs? Eller ska vi forts\u00e4tta arbetet med att hitta en ny investerare\/\u00e4gare f\u00f6r att r\u00e4dda en 101-\u00e5rig klubb? Alternativet att l\u00e5ta klubben d\u00f6 var aldrig ett alternativ f\u00f6r oss\u201d.<\/p>\n<p>\u201dVi valde att g\u00f6ra allt f\u00f6r att r\u00e4dda klubben mycket p\u00e5 grund av det l\u00f6fte vi gav n\u00e4r vi kom och f\u00f6r klubbens l\u00e5nga historia. Vi gjorde det ocks\u00e5 f\u00f6r alla bra m\u00e4nniskor vi har tr\u00e4ffat i och runt klubben\u201d.<\/p>\n<h2>&#8221;Extremt jobbigt&#8221;<\/h2>\n<p>&#8221;Efter att de ekonomiska problemen b\u00f6rjade efter sommaren 2023 och fram till idag har situationen varit extremt jobbig och p\u00e5frestande f\u00f6r oss och v\u00e5ra familjer&#8221;.<\/p>\n<p>Jesper och Magnus har fortsatt att skjuta till egna pengar och arbetat 24 timmar om dygnet, 7 dagar i veckan.<\/p>\n<p>\u201dVi har aldrig gett upp av k\u00e4rlek till klubben och med det enda syftet att hitta l\u00f6sningar f\u00f6r att r\u00e4dda den\u201d.<\/p>\n<p>\u201dAmbitionen har varit att hitta en ny \u00e4gare som vill forts\u00e4tta det arbete vi har gjort under de senaste 3,5 \u00e5ren d\u00e4r vi har f\u00f6rvandlat V\u00e9lez CF fr\u00e5n en amat\u00f6rklubb till en ambiti\u00f6s professionell klubb\u201d.<\/p>\n<h2>&#8221;\u00d6verg\u00e5ngsfasen&#8221;<\/h2>\n<p>Jesper Norberg och Magnus Pehrsson blir kvar i klubben i samband med \u00f6verg\u00e5ngsfasen.<\/p>\n<p>\u201dVi tror att vi har hittat r\u00e4tt och \u00e4rliga personer f\u00f6r att ta hand om klubben och jobbet. Under tiden kommer vi att stanna kvar och hj\u00e4lpa dem i \u00f6verg\u00e5ngsfasen s\u00e5 att klubben f\u00e5r de b\u00e4sta f\u00f6ruts\u00e4ttningarna\u201d.<\/p>\n<h2 class=\"entry-title\">L\u00e4s mer: <a href=\"https:\/\/lightweb.dev\/l\/svm-temp\/artiklar\/golf-sport\/hallbar-fotbollsatsning-i-velez-har-borjat-vandringen-uppat\/\">H\u00e5llbar fotbollsatsning i V\u00e9lez har b\u00f6rjat vandringen upp\u00e5t<\/a><\/h2>\n<p>Jesper Norberg och Magnus Pehrsson skriver att de vill tacka alla m\u00e4nniskor som har tagit emot dem och behandlat dem som \u201dvele\u00f1os\u201d.<\/p>\n<p>\u201dKlubben och staden kommer alltid att ha en stor plats i v\u00e5ra hj\u00e4rtan\u201d.<\/p>\n<p>P\u00e5 s\u00f6ndag klockan 16 m\u00f6ter V\u00e9lez CF Club Deportivo Manchego p\u00e5 Estadio Vivar Tellez.<\/p>\n<p><strong>Fotnot.\u00a0<\/strong>P\u00e5 torsdagen presenterades Pablo Sebasti\u00e1n Nilo fr\u00e5n Argentina som ny \u00e4gare till V\u00e9lez CF. Klubben kommer att ta in en ny tr\u00e4nare vilket betyder att Magnus Pehrsson slutar \u00e4ven i den rollen.<\/p>\n<blockquote class=\"twitter-tweet\" data-media-max-width=\"560\">\n<p dir=\"ltr\" lang=\"es\">\ud83d\udc4b Pablo Sebasti\u00e1n Nilo, presentado ante los medios de comunicaci\u00f3n, abonados y aficionados presentes, como nuevo propietario del V\u00e9lez C.F.<\/p>\n<p>\ud83e\udd1d \u00a1Bienvenido Pablo!<\/p>\n<p>Declaraciones completas en:<br \/>\n\u25b6\ufe0f <a href=\"https:\/\/t.co\/nYKt1RoGEG\">https:\/\/t.co\/nYKt1RoGEG<\/a><a href=\"https:\/\/twitter.com\/hashtag\/ElEquipoDeLaAxarquia?src=hash&amp;ref_src=twsrc%5Etfw\">#ElEquipoDeLaAxarquia<\/a> <a href=\"https:\/\/t.co\/Q82Aejuvbc\">pic.twitter.com\/Q82Aejuvbc<\/a><\/p>\n<p>\u2014 V\u00e9lez Club de F\u00fatbol (@VELEZCFoficial) <a href=\"https:\/\/twitter.com\/VELEZCFoficial\/status\/1765836425918923134?ref_src=twsrc%5Etfw\">March 7, 2024<\/a><\/p><\/blockquote>\n<p><script async src=\"https:\/\/platform.twitter.com\/widgets.js\" charset=\"utf-8\"><\/script><\/p>\n","protected":false},"excerpt":{"rendered":"<p>Sommaren 2020 presenterades Jesper Norberg och Magnus Pehrsson som nya \u00e4gare och den duo som skulle leda V\u00e9lez CF upp\u00e5t i seriesystemet. Efter en turbulent s\u00e4song f\u00e5r klubben nya \u00e4gare&#8230;<\/p>\n","protected":false},"author":7,"featured_media":70004,"comment_status":"closed","ping_status":"closed","sticky":false,"template":"","format":"standard","meta":{"_et_pb_use_builder":"","_et_pb_old_content":"","_et_gb_content_width":"","footnotes":""},"categories":[3,352],"tags":[],"class_list":["post-70000","post","type-post","status-publish","format-standard","has-post-thumbnail","hentry","category-nyheter","category-sport"],"yoast_head":"<!-- This site is optimized with the Yoast SEO Premium plugin v26.2 (Yoast SEO v27.4) - https:\/\/yoast.com\/product\/yoast-seo-premium-wordpress\/ -->\n<title>V\u00e9lez CF f\u00e5r nya \u00e4gare - Norberg och Pehrsson l\u00e4mnar efter n\u00e4ra fyra \u00e5r - Svenska Magasinet<\/title>\n<meta name=\"description\" content=\"Sommaren 2020 presenterades Jesper Norberg och Magnus Pehrsson som nya \u00e4gare och den duo som skulle leda V\u00e9lez CF upp\u00e5t i seriesystemet. Efter en turbulent s\u00e4song f\u00e5r klubben nya \u00e4gare.\" \/>\n<meta name=\"robots\" content=\"noindex, follow, max-snippet:-1, max-image-preview:large, max-video-preview:-1\" \/>\n<meta property=\"og:locale\" content=\"sv_SE\" \/>\n<meta property=\"og:type\" content=\"article\" \/>\n<meta property=\"og:title\" content=\"V\u00e9lez CF f\u00e5r nya \u00e4gare - Norberg och Pehrsson l\u00e4mnar efter n\u00e4ra fyra \u00e5r\" \/>\n<meta property=\"og:description\" content=\"Sommaren 2020 presenterades Jesper Norberg och Magnus Pehrsson som nya \u00e4gare och den duo som skulle leda V\u00e9lez CF upp\u00e5t i seriesystemet. Efter en turbulent s\u00e4song f\u00e5r klubben nya \u00e4gare.\" \/>\n<meta property=\"og:url\" content=\"https:\/\/lightweb.dev\/l\/svm-temp\/artiklar\/golf-sport\/velez-cf-far-nya-agare-norberg-och-pehrsson-lamnar-efter-nara-fyra-ar\/\" \/>\n<meta property=\"og:site_name\" content=\"Svenska Magasinet\" \/>\n<meta property=\"article:publisher\" content=\"https:\/\/www.facebook.com\/svenskamagasinet\" \/>\n<meta property=\"article:published_time\" content=\"2024-03-06T14:47:03+00:00\" \/>\n<meta property=\"article:modified_time\" content=\"2024-03-08T09:15:46+00:00\" \/>\n<meta property=\"og:image\" content=\"https:\/\/lightweb.dev\/l\/svm-temp\/wp-content\/uploads\/2024\/03\/10-stor.jpeg\" \/>\n\t<meta property=\"og:image:width\" content=\"1280\" \/>\n\t<meta property=\"og:image:height\" content=\"960\" \/>\n\t<meta property=\"og:image:type\" content=\"image\/jpeg\" \/>\n<meta name=\"author\" content=\"Ola Josefsson\" \/>\n<meta name=\"twitter:card\" content=\"summary_large_image\" \/>\n<meta name=\"twitter:creator\" content=\"@SvenskaMagasine\" \/>\n<meta name=\"twitter:site\" content=\"@SvenskaMagasine\" \/>\n<script type=\"application\/ld+json\" class=\"yoast-schema-graph\">{\"@context\":\"https:\\\/\\\/schema.org\",\"@graph\":[{\"@type\":\"Article\",\"@id\":\"https:\\\/\\\/lightweb.dev\\\/l\\\/svm-temp\\\/artiklar\\\/golf-sport\\\/velez-cf-far-nya-agare-norberg-och-pehrsson-lamnar-efter-nara-fyra-ar\\\/#article\",\"isPartOf\":{\"@id\":\"https:\\\/\\\/lightweb.dev\\\/l\\\/svm-temp\\\/artiklar\\\/golf-sport\\\/velez-cf-far-nya-agare-norberg-och-pehrsson-lamnar-efter-nara-fyra-ar\\\/\"},\"author\":{\"name\":\"Ola Josefsson\",\"@id\":\"https:\\\/\\\/lightweb.dev\\\/l\\\/svm-temp\\\/#\\\/schema\\\/person\\\/7a82b8a73d171d32360a564b6d03508e\"},\"headline\":\"V\u00e9lez CF f\u00e5r nya \u00e4gare &#8211; Norberg och Pehrsson l\u00e4mnar efter n\u00e4ra fyra \u00e5r\",\"datePublished\":\"2024-03-06T14:47:03+00:00\",\"dateModified\":\"2024-03-08T09:15:46+00:00\",\"mainEntityOfPage\":{\"@id\":\"https:\\\/\\\/lightweb.dev\\\/l\\\/svm-temp\\\/artiklar\\\/golf-sport\\\/velez-cf-far-nya-agare-norberg-och-pehrsson-lamnar-efter-nara-fyra-ar\\\/\"},\"wordCount\":799,\"publisher\":{\"@id\":\"https:\\\/\\\/lightweb.dev\\\/l\\\/svm-temp\\\/#organization\"},\"image\":{\"@id\":\"https:\\\/\\\/lightweb.dev\\\/l\\\/svm-temp\\\/artiklar\\\/golf-sport\\\/velez-cf-far-nya-agare-norberg-och-pehrsson-lamnar-efter-nara-fyra-ar\\\/#primaryimage\"},\"thumbnailUrl\":\"https:\\\/\\\/lightweb.dev\\\/l\\\/svm-temp\\\/wp-content\\\/uploads\\\/2024\\\/03\\\/10-stor.jpeg\",\"articleSection\":[\"Nyheter\",\"Sport\"],\"inLanguage\":\"sv-SE\"},{\"@type\":\"WebPage\",\"@id\":\"https:\\\/\\\/lightweb.dev\\\/l\\\/svm-temp\\\/artiklar\\\/golf-sport\\\/velez-cf-far-nya-agare-norberg-och-pehrsson-lamnar-efter-nara-fyra-ar\\\/\",\"url\":\"https:\\\/\\\/lightweb.dev\\\/l\\\/svm-temp\\\/artiklar\\\/golf-sport\\\/velez-cf-far-nya-agare-norberg-och-pehrsson-lamnar-efter-nara-fyra-ar\\\/\",\"name\":\"V\u00e9lez CF f\u00e5r nya \u00e4gare - Norberg och Pehrsson l\u00e4mnar efter n\u00e4ra fyra \u00e5r - Svenska Magasinet\",\"isPartOf\":{\"@id\":\"https:\\\/\\\/lightweb.dev\\\/l\\\/svm-temp\\\/#website\"},\"primaryImageOfPage\":{\"@id\":\"https:\\\/\\\/lightweb.dev\\\/l\\\/svm-temp\\\/artiklar\\\/golf-sport\\\/velez-cf-far-nya-agare-norberg-och-pehrsson-lamnar-efter-nara-fyra-ar\\\/#primaryimage\"},\"image\":{\"@id\":\"https:\\\/\\\/lightweb.dev\\\/l\\\/svm-temp\\\/artiklar\\\/golf-sport\\\/velez-cf-far-nya-agare-norberg-och-pehrsson-lamnar-efter-nara-fyra-ar\\\/#primaryimage\"},\"thumbnailUrl\":\"https:\\\/\\\/lightweb.dev\\\/l\\\/svm-temp\\\/wp-content\\\/uploads\\\/2024\\\/03\\\/10-stor.jpeg\",\"datePublished\":\"2024-03-06T14:47:03+00:00\",\"dateModified\":\"2024-03-08T09:15:46+00:00\",\"description\":\"Sommaren 2020 presenterades Jesper Norberg och Magnus Pehrsson som nya \u00e4gare och den duo som skulle leda V\u00e9lez CF upp\u00e5t i seriesystemet. Efter en turbulent s\u00e4song f\u00e5r klubben nya \u00e4gare.\",\"breadcrumb\":{\"@id\":\"https:\\\/\\\/lightweb.dev\\\/l\\\/svm-temp\\\/artiklar\\\/golf-sport\\\/velez-cf-far-nya-agare-norberg-och-pehrsson-lamnar-efter-nara-fyra-ar\\\/#breadcrumb\"},\"inLanguage\":\"sv-SE\",\"potentialAction\":[{\"@type\":\"ReadAction\",\"target\":[\"https:\\\/\\\/lightweb.dev\\\/l\\\/svm-temp\\\/artiklar\\\/golf-sport\\\/velez-cf-far-nya-agare-norberg-och-pehrsson-lamnar-efter-nara-fyra-ar\\\/\"]}]},{\"@type\":\"ImageObject\",\"inLanguage\":\"sv-SE\",\"@id\":\"https:\\\/\\\/lightweb.dev\\\/l\\\/svm-temp\\\/artiklar\\\/golf-sport\\\/velez-cf-far-nya-agare-norberg-och-pehrsson-lamnar-efter-nara-fyra-ar\\\/#primaryimage\",\"url\":\"https:\\\/\\\/lightweb.dev\\\/l\\\/svm-temp\\\/wp-content\\\/uploads\\\/2024\\\/03\\\/10-stor.jpeg\",\"contentUrl\":\"https:\\\/\\\/lightweb.dev\\\/l\\\/svm-temp\\\/wp-content\\\/uploads\\\/2024\\\/03\\\/10-stor.jpeg\",\"width\":1280,\"height\":960,\"caption\":\"Mitt under covid-19-pandemin sommaren 2020 presenterades Jesper Norberg och Magnus Pehrsson som nya \u00e4gare.\"},{\"@type\":\"BreadcrumbList\",\"@id\":\"https:\\\/\\\/lightweb.dev\\\/l\\\/svm-temp\\\/artiklar\\\/golf-sport\\\/velez-cf-far-nya-agare-norberg-och-pehrsson-lamnar-efter-nara-fyra-ar\\\/#breadcrumb\",\"itemListElement\":[{\"@type\":\"ListItem\",\"position\":1,\"name\":\"Hem\",\"item\":\"https:\\\/\\\/lightweb.dev\\\/l\\\/svm-temp\\\/\"},{\"@type\":\"ListItem\",\"position\":2,\"name\":\"V\u00e9lez CF f\u00e5r nya \u00e4gare &#8211; Norberg och Pehrsson l\u00e4mnar efter n\u00e4ra fyra \u00e5r\"}]},{\"@type\":\"WebSite\",\"@id\":\"https:\\\/\\\/lightweb.dev\\\/l\\\/svm-temp\\\/#website\",\"url\":\"https:\\\/\\\/lightweb.dev\\\/l\\\/svm-temp\\\/\",\"name\":\"Svenska Magasinet\",\"description\":\"Dina Spanska nyheter p&aring; Svenska\",\"publisher\":{\"@id\":\"https:\\\/\\\/lightweb.dev\\\/l\\\/svm-temp\\\/#organization\"},\"potentialAction\":[{\"@type\":\"SearchAction\",\"target\":{\"@type\":\"EntryPoint\",\"urlTemplate\":\"https:\\\/\\\/lightweb.dev\\\/l\\\/svm-temp\\\/?s={search_term_string}\"},\"query-input\":{\"@type\":\"PropertyValueSpecification\",\"valueRequired\":true,\"valueName\":\"search_term_string\"}}],\"inLanguage\":\"sv-SE\"},{\"@type\":\"Organization\",\"@id\":\"https:\\\/\\\/lightweb.dev\\\/l\\\/svm-temp\\\/#organization\",\"name\":\"Melkerson y Nott SL\",\"alternateName\":\"Svenska Magasinet\",\"url\":\"https:\\\/\\\/lightweb.dev\\\/l\\\/svm-temp\\\/\",\"logo\":{\"@type\":\"ImageObject\",\"inLanguage\":\"sv-SE\",\"@id\":\"https:\\\/\\\/lightweb.dev\\\/l\\\/svm-temp\\\/#\\\/schema\\\/logo\\\/image\\\/\",\"url\":\"https:\\\/\\\/lightweb.dev\\\/l\\\/svm-temp\\\/wp-content\\\/uploads\\\/2025\\\/02\\\/SvM-logo-Xtra-Centrerad-SVART.png\",\"contentUrl\":\"https:\\\/\\\/lightweb.dev\\\/l\\\/svm-temp\\\/wp-content\\\/uploads\\\/2025\\\/02\\\/SvM-logo-Xtra-Centrerad-SVART.png\",\"width\":300,\"height\":99,\"caption\":\"Melkerson y Nott SL\"},\"image\":{\"@id\":\"https:\\\/\\\/lightweb.dev\\\/l\\\/svm-temp\\\/#\\\/schema\\\/logo\\\/image\\\/\"},\"sameAs\":[\"https:\\\/\\\/www.facebook.com\\\/svenskamagasinet\",\"https:\\\/\\\/x.com\\\/SvenskaMagasine\"]},{\"@type\":\"Person\",\"@id\":\"https:\\\/\\\/lightweb.dev\\\/l\\\/svm-temp\\\/#\\\/schema\\\/person\\\/7a82b8a73d171d32360a564b6d03508e\",\"name\":\"Ola Josefsson\",\"description\":\"Bevakar Solkusten och Spanien sedan 1994.\",\"sameAs\":[\"https:\\\/\\\/lightweb.dev\\\/l\\\/svm-temp\"],\"url\":\"https:\\\/\\\/lightweb.dev\\\/l\\\/svm-temp\\\/reporter\\\/ola-josefsson\\\/\"}]}<\/script>\n<!-- \/ Yoast SEO Premium plugin. -->","yoast_head_json":{"title":"V\u00e9lez CF f\u00e5r nya \u00e4gare - Norberg och Pehrsson l\u00e4mnar efter n\u00e4ra fyra \u00e5r - Svenska Magasinet","description":"Sommaren 2020 presenterades Jesper Norberg och Magnus Pehrsson som nya \u00e4gare och den duo som skulle leda V\u00e9lez CF upp\u00e5t i seriesystemet. Efter en turbulent s\u00e4song f\u00e5r klubben nya \u00e4gare.","robots":{"index":"noindex","follow":"follow","max-snippet":"max-snippet:-1","max-image-preview":"max-image-preview:large","max-video-preview":"max-video-preview:-1"},"og_locale":"sv_SE","og_type":"article","og_title":"V\u00e9lez CF f\u00e5r nya \u00e4gare - Norberg och Pehrsson l\u00e4mnar efter n\u00e4ra fyra \u00e5r","og_description":"Sommaren 2020 presenterades Jesper Norberg och Magnus Pehrsson som nya \u00e4gare och den duo som skulle leda V\u00e9lez CF upp\u00e5t i seriesystemet. Efter en turbulent s\u00e4song f\u00e5r klubben nya \u00e4gare.","og_url":"https:\/\/lightweb.dev\/l\/svm-temp\/artiklar\/golf-sport\/velez-cf-far-nya-agare-norberg-och-pehrsson-lamnar-efter-nara-fyra-ar\/","og_site_name":"Svenska Magasinet","article_publisher":"https:\/\/www.facebook.com\/svenskamagasinet","article_published_time":"2024-03-06T14:47:03+00:00","article_modified_time":"2024-03-08T09:15:46+00:00","og_image":[{"width":1280,"height":960,"url":"https:\/\/lightweb.dev\/l\/svm-temp\/wp-content\/uploads\/2024\/03\/10-stor.jpeg","type":"image\/jpeg"}],"author":"Ola Josefsson","twitter_card":"summary_large_image","twitter_creator":"@SvenskaMagasine","twitter_site":"@SvenskaMagasine","schema":{"@context":"https:\/\/schema.org","@graph":[{"@type":"Article","@id":"https:\/\/lightweb.dev\/l\/svm-temp\/artiklar\/golf-sport\/velez-cf-far-nya-agare-norberg-och-pehrsson-lamnar-efter-nara-fyra-ar\/#article","isPartOf":{"@id":"https:\/\/lightweb.dev\/l\/svm-temp\/artiklar\/golf-sport\/velez-cf-far-nya-agare-norberg-och-pehrsson-lamnar-efter-nara-fyra-ar\/"},"author":{"name":"Ola Josefsson","@id":"https:\/\/lightweb.dev\/l\/svm-temp\/#\/schema\/person\/7a82b8a73d171d32360a564b6d03508e"},"headline":"V\u00e9lez CF f\u00e5r nya \u00e4gare &#8211; Norberg och Pehrsson l\u00e4mnar efter n\u00e4ra fyra \u00e5r","datePublished":"2024-03-06T14:47:03+00:00","dateModified":"2024-03-08T09:15:46+00:00","mainEntityOfPage":{"@id":"https:\/\/lightweb.dev\/l\/svm-temp\/artiklar\/golf-sport\/velez-cf-far-nya-agare-norberg-och-pehrsson-lamnar-efter-nara-fyra-ar\/"},"wordCount":799,"publisher":{"@id":"https:\/\/lightweb.dev\/l\/svm-temp\/#organization"},"image":{"@id":"https:\/\/lightweb.dev\/l\/svm-temp\/artiklar\/golf-sport\/velez-cf-far-nya-agare-norberg-och-pehrsson-lamnar-efter-nara-fyra-ar\/#primaryimage"},"thumbnailUrl":"https:\/\/lightweb.dev\/l\/svm-temp\/wp-content\/uploads\/2024\/03\/10-stor.jpeg","articleSection":["Nyheter","Sport"],"inLanguage":"sv-SE"},{"@type":"WebPage","@id":"https:\/\/lightweb.dev\/l\/svm-temp\/artiklar\/golf-sport\/velez-cf-far-nya-agare-norberg-och-pehrsson-lamnar-efter-nara-fyra-ar\/","url":"https:\/\/lightweb.dev\/l\/svm-temp\/artiklar\/golf-sport\/velez-cf-far-nya-agare-norberg-och-pehrsson-lamnar-efter-nara-fyra-ar\/","name":"V\u00e9lez CF f\u00e5r nya \u00e4gare - Norberg och Pehrsson l\u00e4mnar efter n\u00e4ra fyra \u00e5r - Svenska Magasinet","isPartOf":{"@id":"https:\/\/lightweb.dev\/l\/svm-temp\/#website"},"primaryImageOfPage":{"@id":"https:\/\/lightweb.dev\/l\/svm-temp\/artiklar\/golf-sport\/velez-cf-far-nya-agare-norberg-och-pehrsson-lamnar-efter-nara-fyra-ar\/#primaryimage"},"image":{"@id":"https:\/\/lightweb.dev\/l\/svm-temp\/artiklar\/golf-sport\/velez-cf-far-nya-agare-norberg-och-pehrsson-lamnar-efter-nara-fyra-ar\/#primaryimage"},"thumbnailUrl":"https:\/\/lightweb.dev\/l\/svm-temp\/wp-content\/uploads\/2024\/03\/10-stor.jpeg","datePublished":"2024-03-06T14:47:03+00:00","dateModified":"2024-03-08T09:15:46+00:00","description":"Sommaren 2020 presenterades Jesper Norberg och Magnus Pehrsson som nya \u00e4gare och den duo som skulle leda V\u00e9lez CF upp\u00e5t i seriesystemet. Efter en turbulent s\u00e4song f\u00e5r klubben nya \u00e4gare.","breadcrumb":{"@id":"https:\/\/lightweb.dev\/l\/svm-temp\/artiklar\/golf-sport\/velez-cf-far-nya-agare-norberg-och-pehrsson-lamnar-efter-nara-fyra-ar\/#breadcrumb"},"inLanguage":"sv-SE","potentialAction":[{"@type":"ReadAction","target":["https:\/\/lightweb.dev\/l\/svm-temp\/artiklar\/golf-sport\/velez-cf-far-nya-agare-norberg-och-pehrsson-lamnar-efter-nara-fyra-ar\/"]}]},{"@type":"ImageObject","inLanguage":"sv-SE","@id":"https:\/\/lightweb.dev\/l\/svm-temp\/artiklar\/golf-sport\/velez-cf-far-nya-agare-norberg-och-pehrsson-lamnar-efter-nara-fyra-ar\/#primaryimage","url":"https:\/\/lightweb.dev\/l\/svm-temp\/wp-content\/uploads\/2024\/03\/10-stor.jpeg","contentUrl":"https:\/\/lightweb.dev\/l\/svm-temp\/wp-content\/uploads\/2024\/03\/10-stor.jpeg","width":1280,"height":960,"caption":"Mitt under covid-19-pandemin sommaren 2020 presenterades Jesper Norberg och Magnus Pehrsson som nya \u00e4gare."},{"@type":"BreadcrumbList","@id":"https:\/\/lightweb.dev\/l\/svm-temp\/artiklar\/golf-sport\/velez-cf-far-nya-agare-norberg-och-pehrsson-lamnar-efter-nara-fyra-ar\/#breadcrumb","itemListElement":[{"@type":"ListItem","position":1,"name":"Hem","item":"https:\/\/lightweb.dev\/l\/svm-temp\/"},{"@type":"ListItem","position":2,"name":"V\u00e9lez CF f\u00e5r nya \u00e4gare &#8211; Norberg och Pehrsson l\u00e4mnar efter n\u00e4ra fyra \u00e5r"}]},{"@type":"WebSite","@id":"https:\/\/lightweb.dev\/l\/svm-temp\/#website","url":"https:\/\/lightweb.dev\/l\/svm-temp\/","name":"Svenska Magasinet","description":"Dina Spanska nyheter p&aring; Svenska","publisher":{"@id":"https:\/\/lightweb.dev\/l\/svm-temp\/#organization"},"potentialAction":[{"@type":"SearchAction","target":{"@type":"EntryPoint","urlTemplate":"https:\/\/lightweb.dev\/l\/svm-temp\/?s={search_term_string}"},"query-input":{"@type":"PropertyValueSpecification","valueRequired":true,"valueName":"search_term_string"}}],"inLanguage":"sv-SE"},{"@type":"Organization","@id":"https:\/\/lightweb.dev\/l\/svm-temp\/#organization","name":"Melkerson y Nott SL","alternateName":"Svenska Magasinet","url":"https:\/\/lightweb.dev\/l\/svm-temp\/","logo":{"@type":"ImageObject","inLanguage":"sv-SE","@id":"https:\/\/lightweb.dev\/l\/svm-temp\/#\/schema\/logo\/image\/","url":"https:\/\/lightweb.dev\/l\/svm-temp\/wp-content\/uploads\/2025\/02\/SvM-logo-Xtra-Centrerad-SVART.png","contentUrl":"https:\/\/lightweb.dev\/l\/svm-temp\/wp-content\/uploads\/2025\/02\/SvM-logo-Xtra-Centrerad-SVART.png","width":300,"height":99,"caption":"Melkerson y Nott SL"},"image":{"@id":"https:\/\/lightweb.dev\/l\/svm-temp\/#\/schema\/logo\/image\/"},"sameAs":["https:\/\/www.facebook.com\/svenskamagasinet","https:\/\/x.com\/SvenskaMagasine"]},{"@type":"Person","@id":"https:\/\/lightweb.dev\/l\/svm-temp\/#\/schema\/person\/7a82b8a73d171d32360a564b6d03508e","name":"Ola Josefsson","description":"Bevakar Solkusten och Spanien sedan 1994.","sameAs":["https:\/\/lightweb.dev\/l\/svm-temp"],"url":"https:\/\/lightweb.dev\/l\/svm-temp\/reporter\/ola-josefsson\/"}]}},"_links":{"self":[{"href":"https:\/\/lightweb.dev\/l\/svm-temp\/wp-json\/wp\/v2\/posts\/70000","targetHints":{"allow":["GET"]}}],"collection":[{"href":"https:\/\/lightweb.dev\/l\/svm-temp\/wp-json\/wp\/v2\/posts"}],"about":[{"href":"https:\/\/lightweb.dev\/l\/svm-temp\/wp-json\/wp\/v2\/types\/post"}],"author":[{"embeddable":true,"href":"https:\/\/lightweb.dev\/l\/svm-temp\/wp-json\/wp\/v2\/users\/7"}],"replies":[{"embeddable":true,"href":"https:\/\/lightweb.dev\/l\/svm-temp\/wp-json\/wp\/v2\/comments?post=70000"}],"version-history":[{"count":0,"href":"https:\/\/lightweb.dev\/l\/svm-temp\/wp-json\/wp\/v2\/posts\/70000\/revisions"}],"wp:featuredmedia":[{"embeddable":true,"href":"https:\/\/lightweb.dev\/l\/svm-temp\/wp-json\/wp\/v2\/media\/70004"}],"wp:attachment":[{"href":"https:\/\/lightweb.dev\/l\/svm-temp\/wp-json\/wp\/v2\/media?parent=70000"}],"wp:term":[{"taxonomy":"category","embeddable":true,"href":"https:\/\/lightweb.dev\/l\/svm-temp\/wp-json\/wp\/v2\/categories?post=70000"},{"taxonomy":"post_tag","embeddable":true,"href":"https:\/\/lightweb.dev\/l\/svm-temp\/wp-json\/wp\/v2\/tags?post=70000"}],"curies":[{"name":"wp","href":"https:\/\/api.w.org\/{rel}","templated":true}]}}