{"id":70002,"date":"2024-03-06T16:48:25","date_gmt":"2024-03-06T15:48:25","guid":{"rendered":"https:\/\/lightweb.dev\/l\/svm-temp\/?p=70002"},"modified":"2024-03-06T16:48:25","modified_gmt":"2024-03-06T15:48:25","slug":"gibraltar-bortplockat-fran-den-graa-listan","status":"publish","type":"post","link":"https:\/\/lightweb.dev\/l\/svm-temp\/nyheter\/gibraltar-bortplockat-fran-den-graa-listan\/","title":{"rendered":"Gibraltar bortplockat fr\u00e5n den \u201cgr\u00e5a listan\u201d"},"content":{"rendered":"<p><strong>Det brittiska territoriet har genomf\u00f6rt en hel del \u00e5tg\u00e4rder f\u00f6r att motverka ekonomisk brottslighet.\u00a0<\/strong><\/p>\n<p><span style=\"font-weight: 400;\">Den internationella organisationen Financial Action Task Force (FATF) har st\u00f6d av 40 l\u00e4nder. De har nyligen meddelat fr\u00e5n sitt h\u00f6gkvarter i Paris att Gibraltar inte l\u00e4ngre finns med p\u00e5 deras \u201cgr\u00e5a lista\u201d. Allts\u00e5 den lista \u00f6ver l\u00e4nder och omr\u00e5den som s\u00e4rskilt bevakas f\u00f6r ekonomisk brottslighet.\u00a0<\/span><\/p>\n<p><span style=\"font-weight: 400;\">Styret p\u00e5 Gibraltar v\u00e4lkomnar beslutet. De har p\u00e5 senare tid arbetat h\u00e5rt f\u00f6r att sl\u00e5 ner p\u00e5 penningtv\u00e4tt, finansiering av terrorism och olaglig handel med vapen.\u00a0<\/span><\/p>\n<p><span style=\"font-weight: 400;\">Totalt plockades fyra l\u00e4nder bort fr\u00e5n listan. I ett uttalande sade FATF: \u201cVi gratulerar Barbados, Gibraltar, Uganda och F\u00f6renade Arabemiraten f\u00f6r deras viktiga \u00e5tg\u00e4rder f\u00f6r att adressera de brister vi identifierat i tidigare utv\u00e4rderingar.\u201d<\/span><\/p>\n<p><span style=\"font-weight: 400;\">De fyra hade alla \u00e5tagit sig att ta fram en \u00e5tg\u00e4rdsplan f\u00f6r att snabbt l\u00f6sa sina problem inom en satt tidsram. Beslutet att sluta med FATFs s\u00e4rskilda \u00f6vervakning kommer efter framg\u00e5ngsrika bes\u00f6k f\u00f6r att utv\u00e4rdera hur planerna har implementerats.\u00a0<\/span><\/p>\n<p><span style=\"font-weight: 400;\">\u201cDetta \u00e4r mycket v\u00e4lkomna nyheter och det gl\u00e4djer mig att v\u00e5rt p\u00e5g\u00e5ende arbete och politiska \u00e5tagande har f\u00e5tt sitt erk\u00e4nnande,\u201d sade Gibraltars chefsminister Fabian Picardo.<\/span><\/p>\n<p><span style=\"font-weight: 400;\">\u201cJag \u00e4r tacksam mot alla myndigheter och byr\u00e5er som har bidragit till arbetet och till den privata sektorn som helhj\u00e4rtat st\u00e4llt sig p\u00e5 v\u00e5r sida mot ekonomisk brottslighet\u201d, fortsatte han. \u201cDetta f\u00f6rb\u00e4ttrar inte bara v\u00e5rt rykte utan det st\u00e4rker ocks\u00e5 v\u00e5r position som ett p\u00e5litligt internationellt finanscenter\u201d.\u00a0<\/span><\/p>\n<p><span style=\"font-weight: 400;\">Som en f\u00f6ljd av FATFs beslut har \u00e4ven Storbritannien plockat bort Gibraltar fr\u00e5n sin gr\u00e5a lista.<\/span><\/p>\n","protected":false},"excerpt":{"rendered":"<p>Det brittiska territoriet har genomf\u00f6rt en hel del \u00e5tg\u00e4rder f\u00f6r att motverka ekonomisk brottslighet.\u00a0<\/p>\n","protected":false},"author":14,"featured_media":60049,"comment_status":"closed","ping_status":"closed","sticky":false,"template":"","format":"standard","meta":{"_et_pb_use_builder":"","_et_pb_old_content":"","_et_gb_content_width":"","footnotes":""},"categories":[351,3],"tags":[],"class_list":["post-70002","post","type-post","status-publish","format-standard","has-post-thumbnail","hentry","category-ekonomi-nyheter","category-nyheter"],"yoast_head":"<!-- This site is optimized with the Yoast SEO Premium plugin v26.2 (Yoast SEO v27.4) - https:\/\/yoast.com\/product\/yoast-seo-premium-wordpress\/ -->\n<title>Gibraltar bortplockat fr\u00e5n den \u201cgr\u00e5a listan\u201d - Svenska Magasinet<\/title>\n<meta name=\"robots\" content=\"noindex, follow, max-snippet:-1, max-image-preview:large, max-video-preview:-1\" \/>\n<meta property=\"og:locale\" content=\"sv_SE\" \/>\n<meta property=\"og:type\" content=\"article\" \/>\n<meta property=\"og:title\" content=\"Gibraltar bortplockat fr\u00e5n den \u201cgr\u00e5a listan\u201d\" \/>\n<meta property=\"og:description\" content=\"Det brittiska territoriet har genomf\u00f6rt en hel del \u00e5tg\u00e4rder f\u00f6r att motverka ekonomisk brottslighet.\u00a0\" \/>\n<meta property=\"og:url\" content=\"https:\/\/lightweb.dev\/l\/svm-temp\/artiklar\/ekonomi\/gibraltar-bortplockat-fran-den-graa-listan\/\" \/>\n<meta property=\"og:site_name\" content=\"Svenska Magasinet\" \/>\n<meta property=\"article:publisher\" content=\"https:\/\/www.facebook.com\/svenskamagasinet\" \/>\n<meta property=\"article:published_time\" content=\"2024-03-06T15:48:25+00:00\" \/>\n<meta property=\"og:image\" content=\"https:\/\/lightweb.dev\/l\/svm-temp\/wp-content\/uploads\/2022\/12\/07bGib-stor.jpeg\" \/>\n\t<meta property=\"og:image:width\" content=\"1280\" \/>\n\t<meta property=\"og:image:height\" content=\"960\" \/>\n\t<meta property=\"og:image:type\" content=\"image\/jpeg\" \/>\n<meta name=\"author\" content=\"Robbie Eriksson\" \/>\n<meta name=\"twitter:card\" content=\"summary_large_image\" \/>\n<meta name=\"twitter:creator\" content=\"@SvenskaMagasine\" \/>\n<meta name=\"twitter:site\" content=\"@SvenskaMagasine\" \/>\n<script type=\"application\/ld+json\" class=\"yoast-schema-graph\">{\"@context\":\"https:\\\/\\\/schema.org\",\"@graph\":[{\"@type\":\"Article\",\"@id\":\"https:\\\/\\\/lightweb.dev\\\/l\\\/svm-temp\\\/artiklar\\\/ekonomi\\\/gibraltar-bortplockat-fran-den-graa-listan\\\/#article\",\"isPartOf\":{\"@id\":\"https:\\\/\\\/lightweb.dev\\\/l\\\/svm-temp\\\/artiklar\\\/ekonomi\\\/gibraltar-bortplockat-fran-den-graa-listan\\\/\"},\"author\":{\"name\":\"Robbie Eriksson\",\"@id\":\"https:\\\/\\\/lightweb.dev\\\/l\\\/svm-temp\\\/#\\\/schema\\\/person\\\/caffe038990d25722f5a04a03c906a2b\"},\"headline\":\"Gibraltar bortplockat fr\u00e5n den \u201cgr\u00e5a listan\u201d\",\"datePublished\":\"2024-03-06T15:48:25+00:00\",\"mainEntityOfPage\":{\"@id\":\"https:\\\/\\\/lightweb.dev\\\/l\\\/svm-temp\\\/artiklar\\\/ekonomi\\\/gibraltar-bortplockat-fran-den-graa-listan\\\/\"},\"wordCount\":305,\"publisher\":{\"@id\":\"https:\\\/\\\/lightweb.dev\\\/l\\\/svm-temp\\\/#organization\"},\"image\":{\"@id\":\"https:\\\/\\\/lightweb.dev\\\/l\\\/svm-temp\\\/artiklar\\\/ekonomi\\\/gibraltar-bortplockat-fran-den-graa-listan\\\/#primaryimage\"},\"thumbnailUrl\":\"https:\\\/\\\/lightweb.dev\\\/l\\\/svm-temp\\\/wp-content\\\/uploads\\\/2022\\\/12\\\/07bGib-stor.jpeg\",\"articleSection\":[\"Ekonomi\",\"Nyheter\"],\"inLanguage\":\"sv-SE\"},{\"@type\":\"WebPage\",\"@id\":\"https:\\\/\\\/lightweb.dev\\\/l\\\/svm-temp\\\/artiklar\\\/ekonomi\\\/gibraltar-bortplockat-fran-den-graa-listan\\\/\",\"url\":\"https:\\\/\\\/lightweb.dev\\\/l\\\/svm-temp\\\/artiklar\\\/ekonomi\\\/gibraltar-bortplockat-fran-den-graa-listan\\\/\",\"name\":\"Gibraltar bortplockat fr\u00e5n den \u201cgr\u00e5a listan\u201d - Svenska Magasinet\",\"isPartOf\":{\"@id\":\"https:\\\/\\\/lightweb.dev\\\/l\\\/svm-temp\\\/#website\"},\"primaryImageOfPage\":{\"@id\":\"https:\\\/\\\/lightweb.dev\\\/l\\\/svm-temp\\\/artiklar\\\/ekonomi\\\/gibraltar-bortplockat-fran-den-graa-listan\\\/#primaryimage\"},\"image\":{\"@id\":\"https:\\\/\\\/lightweb.dev\\\/l\\\/svm-temp\\\/artiklar\\\/ekonomi\\\/gibraltar-bortplockat-fran-den-graa-listan\\\/#primaryimage\"},\"thumbnailUrl\":\"https:\\\/\\\/lightweb.dev\\\/l\\\/svm-temp\\\/wp-content\\\/uploads\\\/2022\\\/12\\\/07bGib-stor.jpeg\",\"datePublished\":\"2024-03-06T15:48:25+00:00\",\"breadcrumb\":{\"@id\":\"https:\\\/\\\/lightweb.dev\\\/l\\\/svm-temp\\\/artiklar\\\/ekonomi\\\/gibraltar-bortplockat-fran-den-graa-listan\\\/#breadcrumb\"},\"inLanguage\":\"sv-SE\",\"potentialAction\":[{\"@type\":\"ReadAction\",\"target\":[\"https:\\\/\\\/lightweb.dev\\\/l\\\/svm-temp\\\/artiklar\\\/ekonomi\\\/gibraltar-bortplockat-fran-den-graa-listan\\\/\"]}]},{\"@type\":\"ImageObject\",\"inLanguage\":\"sv-SE\",\"@id\":\"https:\\\/\\\/lightweb.dev\\\/l\\\/svm-temp\\\/artiklar\\\/ekonomi\\\/gibraltar-bortplockat-fran-den-graa-listan\\\/#primaryimage\",\"url\":\"https:\\\/\\\/lightweb.dev\\\/l\\\/svm-temp\\\/wp-content\\\/uploads\\\/2022\\\/12\\\/07bGib-stor.jpeg\",\"contentUrl\":\"https:\\\/\\\/lightweb.dev\\\/l\\\/svm-temp\\\/wp-content\\\/uploads\\\/2022\\\/12\\\/07bGib-stor.jpeg\",\"width\":1280,\"height\":960,\"caption\":\"Gibraltar (Foto: William Pettersson)\"},{\"@type\":\"BreadcrumbList\",\"@id\":\"https:\\\/\\\/lightweb.dev\\\/l\\\/svm-temp\\\/artiklar\\\/ekonomi\\\/gibraltar-bortplockat-fran-den-graa-listan\\\/#breadcrumb\",\"itemListElement\":[{\"@type\":\"ListItem\",\"position\":1,\"name\":\"Hem\",\"item\":\"https:\\\/\\\/lightweb.dev\\\/l\\\/svm-temp\\\/\"},{\"@type\":\"ListItem\",\"position\":2,\"name\":\"Gibraltar bortplockat fr\u00e5n den \u201cgr\u00e5a listan\u201d\"}]},{\"@type\":\"WebSite\",\"@id\":\"https:\\\/\\\/lightweb.dev\\\/l\\\/svm-temp\\\/#website\",\"url\":\"https:\\\/\\\/lightweb.dev\\\/l\\\/svm-temp\\\/\",\"name\":\"Svenska Magasinet\",\"description\":\"Dina Spanska nyheter p&aring; Svenska\",\"publisher\":{\"@id\":\"https:\\\/\\\/lightweb.dev\\\/l\\\/svm-temp\\\/#organization\"},\"potentialAction\":[{\"@type\":\"SearchAction\",\"target\":{\"@type\":\"EntryPoint\",\"urlTemplate\":\"https:\\\/\\\/lightweb.dev\\\/l\\\/svm-temp\\\/?s={search_term_string}\"},\"query-input\":{\"@type\":\"PropertyValueSpecification\",\"valueRequired\":true,\"valueName\":\"search_term_string\"}}],\"inLanguage\":\"sv-SE\"},{\"@type\":\"Organization\",\"@id\":\"https:\\\/\\\/lightweb.dev\\\/l\\\/svm-temp\\\/#organization\",\"name\":\"Melkerson y Nott SL\",\"alternateName\":\"Svenska Magasinet\",\"url\":\"https:\\\/\\\/lightweb.dev\\\/l\\\/svm-temp\\\/\",\"logo\":{\"@type\":\"ImageObject\",\"inLanguage\":\"sv-SE\",\"@id\":\"https:\\\/\\\/lightweb.dev\\\/l\\\/svm-temp\\\/#\\\/schema\\\/logo\\\/image\\\/\",\"url\":\"https:\\\/\\\/lightweb.dev\\\/l\\\/svm-temp\\\/wp-content\\\/uploads\\\/2025\\\/02\\\/SvM-logo-Xtra-Centrerad-SVART.png\",\"contentUrl\":\"https:\\\/\\\/lightweb.dev\\\/l\\\/svm-temp\\\/wp-content\\\/uploads\\\/2025\\\/02\\\/SvM-logo-Xtra-Centrerad-SVART.png\",\"width\":300,\"height\":99,\"caption\":\"Melkerson y Nott SL\"},\"image\":{\"@id\":\"https:\\\/\\\/lightweb.dev\\\/l\\\/svm-temp\\\/#\\\/schema\\\/logo\\\/image\\\/\"},\"sameAs\":[\"https:\\\/\\\/www.facebook.com\\\/svenskamagasinet\",\"https:\\\/\\\/x.com\\\/SvenskaMagasine\"]},{\"@type\":\"Person\",\"@id\":\"https:\\\/\\\/lightweb.dev\\\/l\\\/svm-temp\\\/#\\\/schema\\\/person\\\/caffe038990d25722f5a04a03c906a2b\",\"name\":\"Robbie Eriksson\",\"sameAs\":[\"https:\\\/\\\/lightweb.dev\\\/l\\\/svm-temp\"],\"url\":\"https:\\\/\\\/lightweb.dev\\\/l\\\/svm-temp\\\/reporter\\\/robbie-eriksson\\\/\"}]}<\/script>\n<!-- \/ Yoast SEO Premium plugin. -->","yoast_head_json":{"title":"Gibraltar bortplockat fr\u00e5n den \u201cgr\u00e5a listan\u201d - Svenska Magasinet","robots":{"index":"noindex","follow":"follow","max-snippet":"max-snippet:-1","max-image-preview":"max-image-preview:large","max-video-preview":"max-video-preview:-1"},"og_locale":"sv_SE","og_type":"article","og_title":"Gibraltar bortplockat fr\u00e5n den \u201cgr\u00e5a listan\u201d","og_description":"Det brittiska territoriet har genomf\u00f6rt en hel del \u00e5tg\u00e4rder f\u00f6r att motverka ekonomisk brottslighet.\u00a0","og_url":"https:\/\/lightweb.dev\/l\/svm-temp\/artiklar\/ekonomi\/gibraltar-bortplockat-fran-den-graa-listan\/","og_site_name":"Svenska Magasinet","article_publisher":"https:\/\/www.facebook.com\/svenskamagasinet","article_published_time":"2024-03-06T15:48:25+00:00","og_image":[{"width":1280,"height":960,"url":"https:\/\/lightweb.dev\/l\/svm-temp\/wp-content\/uploads\/2022\/12\/07bGib-stor.jpeg","type":"image\/jpeg"}],"author":"Robbie Eriksson","twitter_card":"summary_large_image","twitter_creator":"@SvenskaMagasine","twitter_site":"@SvenskaMagasine","schema":{"@context":"https:\/\/schema.org","@graph":[{"@type":"Article","@id":"https:\/\/lightweb.dev\/l\/svm-temp\/artiklar\/ekonomi\/gibraltar-bortplockat-fran-den-graa-listan\/#article","isPartOf":{"@id":"https:\/\/lightweb.dev\/l\/svm-temp\/artiklar\/ekonomi\/gibraltar-bortplockat-fran-den-graa-listan\/"},"author":{"name":"Robbie Eriksson","@id":"https:\/\/lightweb.dev\/l\/svm-temp\/#\/schema\/person\/caffe038990d25722f5a04a03c906a2b"},"headline":"Gibraltar bortplockat fr\u00e5n den \u201cgr\u00e5a listan\u201d","datePublished":"2024-03-06T15:48:25+00:00","mainEntityOfPage":{"@id":"https:\/\/lightweb.dev\/l\/svm-temp\/artiklar\/ekonomi\/gibraltar-bortplockat-fran-den-graa-listan\/"},"wordCount":305,"publisher":{"@id":"https:\/\/lightweb.dev\/l\/svm-temp\/#organization"},"image":{"@id":"https:\/\/lightweb.dev\/l\/svm-temp\/artiklar\/ekonomi\/gibraltar-bortplockat-fran-den-graa-listan\/#primaryimage"},"thumbnailUrl":"https:\/\/lightweb.dev\/l\/svm-temp\/wp-content\/uploads\/2022\/12\/07bGib-stor.jpeg","articleSection":["Ekonomi","Nyheter"],"inLanguage":"sv-SE"},{"@type":"WebPage","@id":"https:\/\/lightweb.dev\/l\/svm-temp\/artiklar\/ekonomi\/gibraltar-bortplockat-fran-den-graa-listan\/","url":"https:\/\/lightweb.dev\/l\/svm-temp\/artiklar\/ekonomi\/gibraltar-bortplockat-fran-den-graa-listan\/","name":"Gibraltar bortplockat fr\u00e5n den \u201cgr\u00e5a listan\u201d - Svenska Magasinet","isPartOf":{"@id":"https:\/\/lightweb.dev\/l\/svm-temp\/#website"},"primaryImageOfPage":{"@id":"https:\/\/lightweb.dev\/l\/svm-temp\/artiklar\/ekonomi\/gibraltar-bortplockat-fran-den-graa-listan\/#primaryimage"},"image":{"@id":"https:\/\/lightweb.dev\/l\/svm-temp\/artiklar\/ekonomi\/gibraltar-bortplockat-fran-den-graa-listan\/#primaryimage"},"thumbnailUrl":"https:\/\/lightweb.dev\/l\/svm-temp\/wp-content\/uploads\/2022\/12\/07bGib-stor.jpeg","datePublished":"2024-03-06T15:48:25+00:00","breadcrumb":{"@id":"https:\/\/lightweb.dev\/l\/svm-temp\/artiklar\/ekonomi\/gibraltar-bortplockat-fran-den-graa-listan\/#breadcrumb"},"inLanguage":"sv-SE","potentialAction":[{"@type":"ReadAction","target":["https:\/\/lightweb.dev\/l\/svm-temp\/artiklar\/ekonomi\/gibraltar-bortplockat-fran-den-graa-listan\/"]}]},{"@type":"ImageObject","inLanguage":"sv-SE","@id":"https:\/\/lightweb.dev\/l\/svm-temp\/artiklar\/ekonomi\/gibraltar-bortplockat-fran-den-graa-listan\/#primaryimage","url":"https:\/\/lightweb.dev\/l\/svm-temp\/wp-content\/uploads\/2022\/12\/07bGib-stor.jpeg","contentUrl":"https:\/\/lightweb.dev\/l\/svm-temp\/wp-content\/uploads\/2022\/12\/07bGib-stor.jpeg","width":1280,"height":960,"caption":"Gibraltar (Foto: William Pettersson)"},{"@type":"BreadcrumbList","@id":"https:\/\/lightweb.dev\/l\/svm-temp\/artiklar\/ekonomi\/gibraltar-bortplockat-fran-den-graa-listan\/#breadcrumb","itemListElement":[{"@type":"ListItem","position":1,"name":"Hem","item":"https:\/\/lightweb.dev\/l\/svm-temp\/"},{"@type":"ListItem","position":2,"name":"Gibraltar bortplockat fr\u00e5n den \u201cgr\u00e5a listan\u201d"}]},{"@type":"WebSite","@id":"https:\/\/lightweb.dev\/l\/svm-temp\/#website","url":"https:\/\/lightweb.dev\/l\/svm-temp\/","name":"Svenska Magasinet","description":"Dina Spanska nyheter p&aring; Svenska","publisher":{"@id":"https:\/\/lightweb.dev\/l\/svm-temp\/#organization"},"potentialAction":[{"@type":"SearchAction","target":{"@type":"EntryPoint","urlTemplate":"https:\/\/lightweb.dev\/l\/svm-temp\/?s={search_term_string}"},"query-input":{"@type":"PropertyValueSpecification","valueRequired":true,"valueName":"search_term_string"}}],"inLanguage":"sv-SE"},{"@type":"Organization","@id":"https:\/\/lightweb.dev\/l\/svm-temp\/#organization","name":"Melkerson y Nott SL","alternateName":"Svenska Magasinet","url":"https:\/\/lightweb.dev\/l\/svm-temp\/","logo":{"@type":"ImageObject","inLanguage":"sv-SE","@id":"https:\/\/lightweb.dev\/l\/svm-temp\/#\/schema\/logo\/image\/","url":"https:\/\/lightweb.dev\/l\/svm-temp\/wp-content\/uploads\/2025\/02\/SvM-logo-Xtra-Centrerad-SVART.png","contentUrl":"https:\/\/lightweb.dev\/l\/svm-temp\/wp-content\/uploads\/2025\/02\/SvM-logo-Xtra-Centrerad-SVART.png","width":300,"height":99,"caption":"Melkerson y Nott SL"},"image":{"@id":"https:\/\/lightweb.dev\/l\/svm-temp\/#\/schema\/logo\/image\/"},"sameAs":["https:\/\/www.facebook.com\/svenskamagasinet","https:\/\/x.com\/SvenskaMagasine"]},{"@type":"Person","@id":"https:\/\/lightweb.dev\/l\/svm-temp\/#\/schema\/person\/caffe038990d25722f5a04a03c906a2b","name":"Robbie Eriksson","sameAs":["https:\/\/lightweb.dev\/l\/svm-temp"],"url":"https:\/\/lightweb.dev\/l\/svm-temp\/reporter\/robbie-eriksson\/"}]}},"_links":{"self":[{"href":"https:\/\/lightweb.dev\/l\/svm-temp\/wp-json\/wp\/v2\/posts\/70002","targetHints":{"allow":["GET"]}}],"collection":[{"href":"https:\/\/lightweb.dev\/l\/svm-temp\/wp-json\/wp\/v2\/posts"}],"about":[{"href":"https:\/\/lightweb.dev\/l\/svm-temp\/wp-json\/wp\/v2\/types\/post"}],"author":[{"embeddable":true,"href":"https:\/\/lightweb.dev\/l\/svm-temp\/wp-json\/wp\/v2\/users\/14"}],"replies":[{"embeddable":true,"href":"https:\/\/lightweb.dev\/l\/svm-temp\/wp-json\/wp\/v2\/comments?post=70002"}],"version-history":[{"count":0,"href":"https:\/\/lightweb.dev\/l\/svm-temp\/wp-json\/wp\/v2\/posts\/70002\/revisions"}],"wp:featuredmedia":[{"embeddable":true,"href":"https:\/\/lightweb.dev\/l\/svm-temp\/wp-json\/wp\/v2\/media\/60049"}],"wp:attachment":[{"href":"https:\/\/lightweb.dev\/l\/svm-temp\/wp-json\/wp\/v2\/media?parent=70002"}],"wp:term":[{"taxonomy":"category","embeddable":true,"href":"https:\/\/lightweb.dev\/l\/svm-temp\/wp-json\/wp\/v2\/categories?post=70002"},{"taxonomy":"post_tag","embeddable":true,"href":"https:\/\/lightweb.dev\/l\/svm-temp\/wp-json\/wp\/v2\/tags?post=70002"}],"curies":[{"name":"wp","href":"https:\/\/api.w.org\/{rel}","templated":true}]}}