{"id":70017,"date":"2024-03-07T13:38:23","date_gmt":"2024-03-07T12:38:23","guid":{"rendered":"https:\/\/lightweb.dev\/l\/svm-temp\/?p=70017"},"modified":"2024-03-07T13:38:23","modified_gmt":"2024-03-07T12:38:23","slug":"allt-fler-arbetar-efter-60-i-malagaprovinsen","status":"publish","type":"post","link":"https:\/\/lightweb.dev\/l\/svm-temp\/nyheter\/allt-fler-arbetar-efter-60-i-malagaprovinsen\/","title":{"rendered":"Allt fler arbetar efter 60 i M\u00e1lagaprovinsen"},"content":{"rendered":"<p><strong>Antalet personer som arbetar efter 60-\u00e5rsdagen har mer \u00e4n dubblerats sedan 2012.<\/strong><\/p>\n<p><strong>En trend som \u00e4ven g\u00e5r att se i resten av Spanien och i Europa.\u00a0<\/strong><\/p>\n<p><span style=\"font-weight: 400;\">Demografin och h\u00e5rdare regler f\u00f6r f\u00f6rtidspension g\u00f6r att allt fler jobbar l\u00e4ngre \u00e4n f\u00f6rr.\u00a0<\/span><\/p>\n<p><span style=\"font-weight: 400;\">N\u00e4stan 61 500 av alla arbetande i <\/span><span style=\"font-weight: 400;\">M\u00e1laga<\/span><span style=\"font-weight: 400;\">provinsen \u00e4r 60 \u00e5r eller \u00e4ldre, enligt uppgifter fr\u00e5n socialf\u00f6rs\u00e4kringstj\u00e4nsten. Det inneb\u00e4r att siffran \u00f6kat med mer \u00e4n 50 procent sedan 2012, n\u00e4r den var 29 150.\u00a0<\/span><\/p>\n<p><span style=\"font-weight: 400;\">Det \u00e4r ingen slump att man j\u00e4mf\u00f6r med just 2012. Det \u00e4r n\u00e4mligen \u00e5ret innan Spanien b\u00f6rjade att gradvis h\u00f6ja pensions\u00e5ldern. 2012 fick man 100 procents pension efter det att man fyllt 65. 2013 blev det 65 \u00e5r och en m\u00e5nad och 2027 kommer \u00e5ldern att vara uppe i 67 \u00e5r f\u00f6r alla som har bidragit till socialf\u00f6rs\u00e4kringen i mindre \u00e4n 38 \u00e5r och sex m\u00e5nader. F\u00f6r dem som betalat in l\u00e4ngre \u00e4r pensions\u00e5ldern kvar p\u00e5 65 \u00e5r.\u00a0<\/span><\/p>\n<p><span style=\"font-weight: 400;\">De senaste 12 \u00e5ren har allts\u00e5 antalet m\u00e4nniskor som arbetar efter 60 \u00e5rs \u00e5lder \u00f6kat med 110 procent i <\/span><span style=\"font-weight: 400;\">M\u00e1laga<\/span><span style=\"font-weight: 400;\">provinsen. Det \u00e4r en bra bit \u00f6ver det nationella snittet som ligger p\u00e5 88,5 procent.\u00a0<\/span><\/p>\n<p><span style=\"font-weight: 400;\">\u00d6kningen \u00e4r dock \u00e4nnu h\u00f6gre p\u00e5 annat h\u00e5ll. Melilla och Cueta krossar <\/span><span style=\"font-weight: 400;\">M\u00e1laga<\/span><span style=\"font-weight: 400;\">s siffror med 185 respektive 154 procent. I Guadalajara har det \u00f6kat med 143 procent, i Murcia med 130 och b\u00e5de Alicante och Las Palmas ligger \u00f6ver 120.\u00a0<\/span><\/p>\n<p><span style=\"font-weight: 400;\">Fr\u00e5n socialf\u00f6rs\u00e4kringen kan man hitta fler detaljer. Deras uppgifter visar att den st\u00f6rsta \u00f6kningen i den grupp som analyseras finns hos de som jobbar efter 64 \u00e5rs \u00e5lder. Gruppen har \u00f6kat med 160 procent medan samma siffra f\u00f6r dem mellan 60 och 64 \u00e4r 100 procent.\u00a0<\/span><\/p>\n<p><span style=\"font-weight: 400;\">Samma siffror p\u00e5 nationell niv\u00e5 \u00e4r 164 respektive 79 procent.<\/span><\/p>\n<p><span style=\"font-weight: 400;\">Dessa \u00f6kningar \u00e4r signifikanta och de framst\u00e5r som \u00e4n mer dramatiska n\u00e4r man j\u00e4mf\u00f6r med utvecklingen sett till hela befolkningen. Under samma period har antalet personer som arbetar i <\/span><span style=\"font-weight: 400;\">M\u00e1laga<\/span><span style=\"font-weight: 400;\"> \u00f6kat med 35 procent, fr\u00e5n 501 000 till 680 000. Sett till hela Spanien \u00f6kar antalet arbetande \u00f6ver 60 \u00e5rs \u00e5lder i fyra g\u00e5nger s\u00e5 h\u00f6g takt som genomsnittet.\u00a0<\/span><\/p>\n<h2><span style=\"font-weight: 400;\">Varf\u00f6r denna \u00f6kning?<\/span><\/h2>\n<p><span style=\"font-weight: 400;\">Enligt Andr\u00e9s Gonz\u00e1lez, som \u00e4r talesperson f\u00f6r fackf\u00f6reningen CCOO, finns flera faktorer som spelar in. F\u00f6rst po\u00e4ngterar han att &#8217;baby-boom&#8217;-generationen, allts\u00e5 m\u00e4nniskor f\u00f6dda p\u00e5 60-talet, nu n\u00e4rmar sig pensions\u00e5ldern. Dessutom n\u00e4mner han att det stora antalet migranter som kom till landet under 2000-talet \u00e4ven de nu n\u00e4rmar sig pensions\u00e5lder.\u00a0<\/span><\/p>\n<p><span style=\"font-weight: 400;\">Han n\u00e4mner ocks\u00e5 de juridiska \u00e4ndringarna g\u00e4llande pension men menar att de haft \u201cminimal\u201d inverkan.\u00a0<\/span><\/p>\n<p><span style=\"font-weight: 400;\">Carlos Vidal-Meli\u00e1, professor i social trygghet vid universitet i Valencia p\u00e5pekar att det finns \u2018mor\u00f6tter\u2019 f\u00f6r m\u00e4nniskor att forts\u00e4tta arbeta. &#8221;Ut\u00f6ver den stigande pensions\u00e5ldern och <\/span><span style=\"font-weight: 400;\">M\u00e1laga<\/span><span style=\"font-weight: 400;\">att m\u00f6jligheterna till f\u00f6rtidspension stramas \u00e5t finns incitament att jobba l\u00e4ngre\u201d, s\u00e4ger han och h\u00e4nvisar till de bonusar som finns inbakade i pensionen f\u00f6r den som arbetar l\u00e4ngre \u00e4n de m\u00e5ste.\u00a0\u00a0<\/span><\/p>\n<h3><span style=\"font-weight: 400;\">Europeisk trend<\/span><\/h3>\n<p><span style=\"font-weight: 400;\">Raymond Torres, som basar \u00f6ver ekonomifr\u00e5gor p\u00e5 tankesmedjan Funcas, f\u00f6rklarar dock att detta fenomen inte \u00e4r typiskt f\u00f6r varken <\/span><span style=\"font-weight: 400;\">M\u00e1laga<\/span><span style=\"font-weight: 400;\">, eller f\u00f6r resten av Spanien. Han menar att vi ser denna trend i flera europeiska l\u00e4nder. Utvecklingen \u00e4r dock extra p\u00e5taglig i Spanien under de senaste \u00e5ren. I Spanien arbetar 57 procent av alla som \u00e4r mellan 60 och 65 \u00e5r gamla, vilket \u00e4r 3 procent h\u00f6gre \u00e4n det europeiska genomsnittet. Samma siffra f\u00f6r grannlandet Frankrike \u00e4r endast 41 procent och i Italien \u00e4r den \u00e4nnu l\u00e4gre p\u00e5 47. Spanien har dock en bit kvar till Tyskland d\u00e4r 67 procent av befolkningen i denna \u00e5ldersgrupp arbetar.\u00a0<\/span><\/p>\n<p><span style=\"font-weight: 400;\">Torres anser att det \u00e4r bra f\u00f6r ekonomin att fler arbetar l\u00e4ngre. Men han menar \u00e4ven att det \u00e4r viktigt att dessa uppgifter analyseras tillsammans med unders\u00f6kningar \u00f6ver hur m\u00e4nniskors livskvalitet p\u00e5verkas.\u00a0<\/span><\/p>\n<p>&nbsp;<\/p>\n","protected":false},"excerpt":{"rendered":"<p>Antalet personer som arbetar efter 60-\u00e5rsdagen har mer \u00e4n dubblerats sedan 2012. En trend som \u00e4ven g\u00e5r att se i resten av Spanien och i Europa.\u00a0<\/p>\n","protected":false},"author":14,"featured_media":64150,"comment_status":"closed","ping_status":"closed","sticky":false,"template":"","format":"standard","meta":{"_et_pb_use_builder":"","_et_pb_old_content":"","_et_gb_content_width":"","footnotes":""},"categories":[351,3],"tags":[],"class_list":["post-70017","post","type-post","status-publish","format-standard","has-post-thumbnail","hentry","category-ekonomi-nyheter","category-nyheter"],"yoast_head":"<!-- This site is optimized with the Yoast SEO Premium plugin v26.2 (Yoast SEO v27.4) - https:\/\/yoast.com\/product\/yoast-seo-premium-wordpress\/ -->\n<title>Allt fler arbetar efter 60 i M\u00e1lagaprovinsen - Svenska Magasinet<\/title>\n<meta name=\"robots\" content=\"noindex, follow, max-snippet:-1, max-image-preview:large, max-video-preview:-1\" \/>\n<meta property=\"og:locale\" content=\"sv_SE\" \/>\n<meta property=\"og:type\" content=\"article\" \/>\n<meta property=\"og:title\" content=\"Allt fler arbetar efter 60 i M\u00e1lagaprovinsen\" \/>\n<meta property=\"og:description\" content=\"Antalet personer som arbetar efter 60-\u00e5rsdagen har mer \u00e4n dubblerats sedan 2012. En trend som \u00e4ven g\u00e5r att se i resten av Spanien och i Europa.\u00a0\" \/>\n<meta property=\"og:url\" content=\"https:\/\/lightweb.dev\/l\/svm-temp\/nyheter\/allt-fler-arbetar-efter-60-i-malagaprovinsen\/\" \/>\n<meta property=\"og:site_name\" content=\"Svenska Magasinet\" \/>\n<meta property=\"article:publisher\" content=\"https:\/\/www.facebook.com\/svenskamagasinet\" \/>\n<meta property=\"article:published_time\" content=\"2024-03-07T12:38:23+00:00\" \/>\n<meta property=\"og:image\" content=\"https:\/\/lightweb.dev\/l\/svm-temp\/wp-content\/uploads\/2023\/06\/04b-stor.jpeg\" \/>\n\t<meta property=\"og:image:width\" content=\"1280\" \/>\n\t<meta property=\"og:image:height\" content=\"857\" \/>\n\t<meta property=\"og:image:type\" content=\"image\/jpeg\" \/>\n<meta name=\"author\" content=\"Robbie Eriksson\" \/>\n<meta name=\"twitter:card\" content=\"summary_large_image\" \/>\n<meta name=\"twitter:creator\" content=\"@SvenskaMagasine\" \/>\n<meta name=\"twitter:site\" content=\"@SvenskaMagasine\" \/>\n<script type=\"application\/ld+json\" class=\"yoast-schema-graph\">{\"@context\":\"https:\\\/\\\/schema.org\",\"@graph\":[{\"@type\":\"Article\",\"@id\":\"https:\\\/\\\/lightweb.dev\\\/l\\\/svm-temp\\\/nyheter\\\/allt-fler-arbetar-efter-60-i-malagaprovinsen\\\/#article\",\"isPartOf\":{\"@id\":\"https:\\\/\\\/lightweb.dev\\\/l\\\/svm-temp\\\/nyheter\\\/allt-fler-arbetar-efter-60-i-malagaprovinsen\\\/\"},\"author\":{\"name\":\"Robbie Eriksson\",\"@id\":\"https:\\\/\\\/lightweb.dev\\\/l\\\/svm-temp\\\/#\\\/schema\\\/person\\\/caffe038990d25722f5a04a03c906a2b\"},\"headline\":\"Allt fler arbetar efter 60 i M\u00e1lagaprovinsen\",\"datePublished\":\"2024-03-07T12:38:23+00:00\",\"mainEntityOfPage\":{\"@id\":\"https:\\\/\\\/lightweb.dev\\\/l\\\/svm-temp\\\/nyheter\\\/allt-fler-arbetar-efter-60-i-malagaprovinsen\\\/\"},\"wordCount\":667,\"publisher\":{\"@id\":\"https:\\\/\\\/lightweb.dev\\\/l\\\/svm-temp\\\/#organization\"},\"image\":{\"@id\":\"https:\\\/\\\/lightweb.dev\\\/l\\\/svm-temp\\\/nyheter\\\/allt-fler-arbetar-efter-60-i-malagaprovinsen\\\/#primaryimage\"},\"thumbnailUrl\":\"https:\\\/\\\/lightweb.dev\\\/l\\\/svm-temp\\\/wp-content\\\/uploads\\\/2023\\\/06\\\/04b-stor.jpeg\",\"articleSection\":[\"Ekonomi\",\"Nyheter\"],\"inLanguage\":\"sv-SE\"},{\"@type\":\"WebPage\",\"@id\":\"https:\\\/\\\/lightweb.dev\\\/l\\\/svm-temp\\\/nyheter\\\/allt-fler-arbetar-efter-60-i-malagaprovinsen\\\/\",\"url\":\"https:\\\/\\\/lightweb.dev\\\/l\\\/svm-temp\\\/nyheter\\\/allt-fler-arbetar-efter-60-i-malagaprovinsen\\\/\",\"name\":\"Allt fler arbetar efter 60 i M\u00e1lagaprovinsen - Svenska Magasinet\",\"isPartOf\":{\"@id\":\"https:\\\/\\\/lightweb.dev\\\/l\\\/svm-temp\\\/#website\"},\"primaryImageOfPage\":{\"@id\":\"https:\\\/\\\/lightweb.dev\\\/l\\\/svm-temp\\\/nyheter\\\/allt-fler-arbetar-efter-60-i-malagaprovinsen\\\/#primaryimage\"},\"image\":{\"@id\":\"https:\\\/\\\/lightweb.dev\\\/l\\\/svm-temp\\\/nyheter\\\/allt-fler-arbetar-efter-60-i-malagaprovinsen\\\/#primaryimage\"},\"thumbnailUrl\":\"https:\\\/\\\/lightweb.dev\\\/l\\\/svm-temp\\\/wp-content\\\/uploads\\\/2023\\\/06\\\/04b-stor.jpeg\",\"datePublished\":\"2024-03-07T12:38:23+00:00\",\"breadcrumb\":{\"@id\":\"https:\\\/\\\/lightweb.dev\\\/l\\\/svm-temp\\\/nyheter\\\/allt-fler-arbetar-efter-60-i-malagaprovinsen\\\/#breadcrumb\"},\"inLanguage\":\"sv-SE\",\"potentialAction\":[{\"@type\":\"ReadAction\",\"target\":[\"https:\\\/\\\/lightweb.dev\\\/l\\\/svm-temp\\\/nyheter\\\/allt-fler-arbetar-efter-60-i-malagaprovinsen\\\/\"]}]},{\"@type\":\"ImageObject\",\"inLanguage\":\"sv-SE\",\"@id\":\"https:\\\/\\\/lightweb.dev\\\/l\\\/svm-temp\\\/nyheter\\\/allt-fler-arbetar-efter-60-i-malagaprovinsen\\\/#primaryimage\",\"url\":\"https:\\\/\\\/lightweb.dev\\\/l\\\/svm-temp\\\/wp-content\\\/uploads\\\/2023\\\/06\\\/04b-stor.jpeg\",\"contentUrl\":\"https:\\\/\\\/lightweb.dev\\\/l\\\/svm-temp\\\/wp-content\\\/uploads\\\/2023\\\/06\\\/04b-stor.jpeg\",\"width\":1280,\"height\":857},{\"@type\":\"BreadcrumbList\",\"@id\":\"https:\\\/\\\/lightweb.dev\\\/l\\\/svm-temp\\\/nyheter\\\/allt-fler-arbetar-efter-60-i-malagaprovinsen\\\/#breadcrumb\",\"itemListElement\":[{\"@type\":\"ListItem\",\"position\":1,\"name\":\"Hem\",\"item\":\"https:\\\/\\\/lightweb.dev\\\/l\\\/svm-temp\\\/\"},{\"@type\":\"ListItem\",\"position\":2,\"name\":\"Allt fler arbetar efter 60 i M\u00e1lagaprovinsen\"}]},{\"@type\":\"WebSite\",\"@id\":\"https:\\\/\\\/lightweb.dev\\\/l\\\/svm-temp\\\/#website\",\"url\":\"https:\\\/\\\/lightweb.dev\\\/l\\\/svm-temp\\\/\",\"name\":\"Svenska Magasinet\",\"description\":\"Dina Spanska nyheter p&aring; Svenska\",\"publisher\":{\"@id\":\"https:\\\/\\\/lightweb.dev\\\/l\\\/svm-temp\\\/#organization\"},\"potentialAction\":[{\"@type\":\"SearchAction\",\"target\":{\"@type\":\"EntryPoint\",\"urlTemplate\":\"https:\\\/\\\/lightweb.dev\\\/l\\\/svm-temp\\\/?s={search_term_string}\"},\"query-input\":{\"@type\":\"PropertyValueSpecification\",\"valueRequired\":true,\"valueName\":\"search_term_string\"}}],\"inLanguage\":\"sv-SE\"},{\"@type\":\"Organization\",\"@id\":\"https:\\\/\\\/lightweb.dev\\\/l\\\/svm-temp\\\/#organization\",\"name\":\"Melkerson y Nott SL\",\"alternateName\":\"Svenska Magasinet\",\"url\":\"https:\\\/\\\/lightweb.dev\\\/l\\\/svm-temp\\\/\",\"logo\":{\"@type\":\"ImageObject\",\"inLanguage\":\"sv-SE\",\"@id\":\"https:\\\/\\\/lightweb.dev\\\/l\\\/svm-temp\\\/#\\\/schema\\\/logo\\\/image\\\/\",\"url\":\"https:\\\/\\\/lightweb.dev\\\/l\\\/svm-temp\\\/wp-content\\\/uploads\\\/2025\\\/02\\\/SvM-logo-Xtra-Centrerad-SVART.png\",\"contentUrl\":\"https:\\\/\\\/lightweb.dev\\\/l\\\/svm-temp\\\/wp-content\\\/uploads\\\/2025\\\/02\\\/SvM-logo-Xtra-Centrerad-SVART.png\",\"width\":300,\"height\":99,\"caption\":\"Melkerson y Nott SL\"},\"image\":{\"@id\":\"https:\\\/\\\/lightweb.dev\\\/l\\\/svm-temp\\\/#\\\/schema\\\/logo\\\/image\\\/\"},\"sameAs\":[\"https:\\\/\\\/www.facebook.com\\\/svenskamagasinet\",\"https:\\\/\\\/x.com\\\/SvenskaMagasine\"]},{\"@type\":\"Person\",\"@id\":\"https:\\\/\\\/lightweb.dev\\\/l\\\/svm-temp\\\/#\\\/schema\\\/person\\\/caffe038990d25722f5a04a03c906a2b\",\"name\":\"Robbie Eriksson\",\"sameAs\":[\"https:\\\/\\\/lightweb.dev\\\/l\\\/svm-temp\"],\"url\":\"https:\\\/\\\/lightweb.dev\\\/l\\\/svm-temp\\\/reporter\\\/robbie-eriksson\\\/\"}]}<\/script>\n<!-- \/ Yoast SEO Premium plugin. -->","yoast_head_json":{"title":"Allt fler arbetar efter 60 i M\u00e1lagaprovinsen - Svenska Magasinet","robots":{"index":"noindex","follow":"follow","max-snippet":"max-snippet:-1","max-image-preview":"max-image-preview:large","max-video-preview":"max-video-preview:-1"},"og_locale":"sv_SE","og_type":"article","og_title":"Allt fler arbetar efter 60 i M\u00e1lagaprovinsen","og_description":"Antalet personer som arbetar efter 60-\u00e5rsdagen har mer \u00e4n dubblerats sedan 2012. En trend som \u00e4ven g\u00e5r att se i resten av Spanien och i Europa.\u00a0","og_url":"https:\/\/lightweb.dev\/l\/svm-temp\/nyheter\/allt-fler-arbetar-efter-60-i-malagaprovinsen\/","og_site_name":"Svenska Magasinet","article_publisher":"https:\/\/www.facebook.com\/svenskamagasinet","article_published_time":"2024-03-07T12:38:23+00:00","og_image":[{"width":1280,"height":857,"url":"https:\/\/lightweb.dev\/l\/svm-temp\/wp-content\/uploads\/2023\/06\/04b-stor.jpeg","type":"image\/jpeg"}],"author":"Robbie Eriksson","twitter_card":"summary_large_image","twitter_creator":"@SvenskaMagasine","twitter_site":"@SvenskaMagasine","schema":{"@context":"https:\/\/schema.org","@graph":[{"@type":"Article","@id":"https:\/\/lightweb.dev\/l\/svm-temp\/nyheter\/allt-fler-arbetar-efter-60-i-malagaprovinsen\/#article","isPartOf":{"@id":"https:\/\/lightweb.dev\/l\/svm-temp\/nyheter\/allt-fler-arbetar-efter-60-i-malagaprovinsen\/"},"author":{"name":"Robbie Eriksson","@id":"https:\/\/lightweb.dev\/l\/svm-temp\/#\/schema\/person\/caffe038990d25722f5a04a03c906a2b"},"headline":"Allt fler arbetar efter 60 i M\u00e1lagaprovinsen","datePublished":"2024-03-07T12:38:23+00:00","mainEntityOfPage":{"@id":"https:\/\/lightweb.dev\/l\/svm-temp\/nyheter\/allt-fler-arbetar-efter-60-i-malagaprovinsen\/"},"wordCount":667,"publisher":{"@id":"https:\/\/lightweb.dev\/l\/svm-temp\/#organization"},"image":{"@id":"https:\/\/lightweb.dev\/l\/svm-temp\/nyheter\/allt-fler-arbetar-efter-60-i-malagaprovinsen\/#primaryimage"},"thumbnailUrl":"https:\/\/lightweb.dev\/l\/svm-temp\/wp-content\/uploads\/2023\/06\/04b-stor.jpeg","articleSection":["Ekonomi","Nyheter"],"inLanguage":"sv-SE"},{"@type":"WebPage","@id":"https:\/\/lightweb.dev\/l\/svm-temp\/nyheter\/allt-fler-arbetar-efter-60-i-malagaprovinsen\/","url":"https:\/\/lightweb.dev\/l\/svm-temp\/nyheter\/allt-fler-arbetar-efter-60-i-malagaprovinsen\/","name":"Allt fler arbetar efter 60 i M\u00e1lagaprovinsen - Svenska Magasinet","isPartOf":{"@id":"https:\/\/lightweb.dev\/l\/svm-temp\/#website"},"primaryImageOfPage":{"@id":"https:\/\/lightweb.dev\/l\/svm-temp\/nyheter\/allt-fler-arbetar-efter-60-i-malagaprovinsen\/#primaryimage"},"image":{"@id":"https:\/\/lightweb.dev\/l\/svm-temp\/nyheter\/allt-fler-arbetar-efter-60-i-malagaprovinsen\/#primaryimage"},"thumbnailUrl":"https:\/\/lightweb.dev\/l\/svm-temp\/wp-content\/uploads\/2023\/06\/04b-stor.jpeg","datePublished":"2024-03-07T12:38:23+00:00","breadcrumb":{"@id":"https:\/\/lightweb.dev\/l\/svm-temp\/nyheter\/allt-fler-arbetar-efter-60-i-malagaprovinsen\/#breadcrumb"},"inLanguage":"sv-SE","potentialAction":[{"@type":"ReadAction","target":["https:\/\/lightweb.dev\/l\/svm-temp\/nyheter\/allt-fler-arbetar-efter-60-i-malagaprovinsen\/"]}]},{"@type":"ImageObject","inLanguage":"sv-SE","@id":"https:\/\/lightweb.dev\/l\/svm-temp\/nyheter\/allt-fler-arbetar-efter-60-i-malagaprovinsen\/#primaryimage","url":"https:\/\/lightweb.dev\/l\/svm-temp\/wp-content\/uploads\/2023\/06\/04b-stor.jpeg","contentUrl":"https:\/\/lightweb.dev\/l\/svm-temp\/wp-content\/uploads\/2023\/06\/04b-stor.jpeg","width":1280,"height":857},{"@type":"BreadcrumbList","@id":"https:\/\/lightweb.dev\/l\/svm-temp\/nyheter\/allt-fler-arbetar-efter-60-i-malagaprovinsen\/#breadcrumb","itemListElement":[{"@type":"ListItem","position":1,"name":"Hem","item":"https:\/\/lightweb.dev\/l\/svm-temp\/"},{"@type":"ListItem","position":2,"name":"Allt fler arbetar efter 60 i M\u00e1lagaprovinsen"}]},{"@type":"WebSite","@id":"https:\/\/lightweb.dev\/l\/svm-temp\/#website","url":"https:\/\/lightweb.dev\/l\/svm-temp\/","name":"Svenska Magasinet","description":"Dina Spanska nyheter p&aring; Svenska","publisher":{"@id":"https:\/\/lightweb.dev\/l\/svm-temp\/#organization"},"potentialAction":[{"@type":"SearchAction","target":{"@type":"EntryPoint","urlTemplate":"https:\/\/lightweb.dev\/l\/svm-temp\/?s={search_term_string}"},"query-input":{"@type":"PropertyValueSpecification","valueRequired":true,"valueName":"search_term_string"}}],"inLanguage":"sv-SE"},{"@type":"Organization","@id":"https:\/\/lightweb.dev\/l\/svm-temp\/#organization","name":"Melkerson y Nott SL","alternateName":"Svenska Magasinet","url":"https:\/\/lightweb.dev\/l\/svm-temp\/","logo":{"@type":"ImageObject","inLanguage":"sv-SE","@id":"https:\/\/lightweb.dev\/l\/svm-temp\/#\/schema\/logo\/image\/","url":"https:\/\/lightweb.dev\/l\/svm-temp\/wp-content\/uploads\/2025\/02\/SvM-logo-Xtra-Centrerad-SVART.png","contentUrl":"https:\/\/lightweb.dev\/l\/svm-temp\/wp-content\/uploads\/2025\/02\/SvM-logo-Xtra-Centrerad-SVART.png","width":300,"height":99,"caption":"Melkerson y Nott SL"},"image":{"@id":"https:\/\/lightweb.dev\/l\/svm-temp\/#\/schema\/logo\/image\/"},"sameAs":["https:\/\/www.facebook.com\/svenskamagasinet","https:\/\/x.com\/SvenskaMagasine"]},{"@type":"Person","@id":"https:\/\/lightweb.dev\/l\/svm-temp\/#\/schema\/person\/caffe038990d25722f5a04a03c906a2b","name":"Robbie Eriksson","sameAs":["https:\/\/lightweb.dev\/l\/svm-temp"],"url":"https:\/\/lightweb.dev\/l\/svm-temp\/reporter\/robbie-eriksson\/"}]}},"_links":{"self":[{"href":"https:\/\/lightweb.dev\/l\/svm-temp\/wp-json\/wp\/v2\/posts\/70017","targetHints":{"allow":["GET"]}}],"collection":[{"href":"https:\/\/lightweb.dev\/l\/svm-temp\/wp-json\/wp\/v2\/posts"}],"about":[{"href":"https:\/\/lightweb.dev\/l\/svm-temp\/wp-json\/wp\/v2\/types\/post"}],"author":[{"embeddable":true,"href":"https:\/\/lightweb.dev\/l\/svm-temp\/wp-json\/wp\/v2\/users\/14"}],"replies":[{"embeddable":true,"href":"https:\/\/lightweb.dev\/l\/svm-temp\/wp-json\/wp\/v2\/comments?post=70017"}],"version-history":[{"count":0,"href":"https:\/\/lightweb.dev\/l\/svm-temp\/wp-json\/wp\/v2\/posts\/70017\/revisions"}],"wp:featuredmedia":[{"embeddable":true,"href":"https:\/\/lightweb.dev\/l\/svm-temp\/wp-json\/wp\/v2\/media\/64150"}],"wp:attachment":[{"href":"https:\/\/lightweb.dev\/l\/svm-temp\/wp-json\/wp\/v2\/media?parent=70017"}],"wp:term":[{"taxonomy":"category","embeddable":true,"href":"https:\/\/lightweb.dev\/l\/svm-temp\/wp-json\/wp\/v2\/categories?post=70017"},{"taxonomy":"post_tag","embeddable":true,"href":"https:\/\/lightweb.dev\/l\/svm-temp\/wp-json\/wp\/v2\/tags?post=70017"}],"curies":[{"name":"wp","href":"https:\/\/api.w.org\/{rel}","templated":true}]}}