{"id":70018,"date":"2024-03-07T11:24:08","date_gmt":"2024-03-07T10:24:08","guid":{"rendered":"https:\/\/lightweb.dev\/l\/svm-temp\/?p=70018"},"modified":"2024-03-07T11:30:13","modified_gmt":"2024-03-07T10:30:13","slug":"rekorddyrt-att-fylla-poolen","status":"publish","type":"post","link":"https:\/\/lightweb.dev\/l\/svm-temp\/nyheter\/rekorddyrt-att-fylla-poolen\/","title":{"rendered":"Rekorddyrt att fylla poolen"},"content":{"rendered":"<p><strong>171 procent dyrare p\u00e5 bara en vecka. Den som t\u00e4nker fylla poolen med vatten f\u00e5r r\u00e4kna med att punga ut med en allt h\u00f6gre summa euro.<\/strong><\/p>\n<p><strong>Med extremtorkan har restriktioner f\u00f6ljt som g\u00f6r att det \u00e4r f\u00f6rbjudet att fylla poolen.<\/strong><\/p>\n<p>Finns det tillr\u00e4ckligt med vatten f\u00f6r att f\u00e5 poolen fylld? Det \u00e4r en \u00e5terkommande fr\u00e5ga bland villa\u00e4gare och i bostadsomr\u00e5den med gemensam pool.<\/p>\n<p>Enligt kollegiet som administrerar hem (Colegio de Administradores de Fincas) har priset f\u00f6r att best\u00e4lla en tankbil med vatten stigit med 171 procent p\u00e5 bara en vecka.<\/p>\n<p>Enligt CAF finns det exempel p\u00e5 att priset f\u00f6r en tankbil med 12.000 liter vatten har stigit fr\u00e5n 105 till 285 euro p\u00e5 bara en vecka.<\/p>\n<p>Det finns \u00e4ven kommunala och regionala best\u00e4mmelser hur vattnet ska renas. Det g\u00e4ller b\u00e5de i poolen som det vattnet som transporteras i tankbilar.<\/p>\n<div id=\"attachment_70022\" style=\"width: 310px\" class=\"wp-caption alignleft\"><img loading=\"lazy\" decoding=\"async\" aria-describedby=\"caption-attachment-70022\" class=\"size-medium wp-image-70022\" src=\"https:\/\/lightweb.dev\/l\/svm-temp\/wp-content\/uploads\/2024\/03\/PISCINA-GRUPOSERVIHOGAR-stor-300x225.jpeg\" alt=\"\" width=\"300\" height=\"225\" srcset=\"https:\/\/lightweb.dev\/l\/svm-temp\/wp-content\/uploads\/2024\/03\/PISCINA-GRUPOSERVIHOGAR-stor-300x225.jpeg 300w, https:\/\/lightweb.dev\/l\/svm-temp\/wp-content\/uploads\/2024\/03\/PISCINA-GRUPOSERVIHOGAR-stor-900x675.jpeg 900w, https:\/\/lightweb.dev\/l\/svm-temp\/wp-content\/uploads\/2024\/03\/PISCINA-GRUPOSERVIHOGAR-stor-768x576.jpeg 768w, https:\/\/lightweb.dev\/l\/svm-temp\/wp-content\/uploads\/2024\/03\/PISCINA-GRUPOSERVIHOGAR-stor-610x458.jpeg 610w, https:\/\/lightweb.dev\/l\/svm-temp\/wp-content\/uploads\/2024\/03\/PISCINA-GRUPOSERVIHOGAR-stor-1080x810.jpeg 1080w, https:\/\/lightweb.dev\/l\/svm-temp\/wp-content\/uploads\/2024\/03\/PISCINA-GRUPOSERVIHOGAR-stor-600x450.jpeg 600w, https:\/\/lightweb.dev\/l\/svm-temp\/wp-content\/uploads\/2024\/03\/PISCINA-GRUPOSERVIHOGAR-stor.jpeg 1280w\" sizes=\"(max-width: 300px) 100vw, 300px\" \/><p id=\"caption-attachment-70022\" class=\"wp-caption-text\">(Foto: Grupo Servihogar M\u00e1laga)<\/p><\/div>\n<p>Servicef\u00f6retaget Grupo Servihogar M\u00e1laga uppger i en intervju i torsdagens nummer av <a href=\"https:\/\/www.diariosur.es\/malaga\/subidas-171-agua-bruta-cubas-inseguridad-llenado-20240306191748-nt.html\">Diario Sur<\/a> att det r\u00e5der en viss oro i branschen inf\u00f6r sommaren. Tr\u00e4dg\u00e5rdsm\u00e4stare, badvakter och andra yrkesverksamma k\u00e4nner os\u00e4kerhet inf\u00f6r sommaren med torka.<\/p>\n<p>CAF uppskattar att med avdunstning och att \u00e4ven en del vatten f\u00f6rsvinner i samband med badg\u00e4ster s\u00e5 kr\u00e4vs det tv\u00e5 kompletta fyllningar under en s\u00e4song.<\/p>\n<p>Sommaren 2023 uppstod flera konflikter i bostadsomr\u00e5den. I ett omr\u00e5de kastades bajs i poolen f\u00f6r att f\u00e5 den st\u00e4ngd.<\/p>\n<p>Flera konflikter utspelade sig i i Axarqu\u00eda-omr\u00e5det \u00f6ster om M\u00e1laga d\u00e4r flera pooler var st\u00e4ngda under sommaren 2023.<\/p>\n<p>Vi \u00f6nskar inte att poolerna ska st\u00e4ngas men vi beh\u00f6ver tydliga spelregler, uppger CAF.<\/p>\n<p>Med den milda vintern har flera bostadsf\u00f6reningar beg\u00e4rt att poolen ska fyllas till Semana Santa som i \u00e5r b\u00f6rjar den 24 mars med Domingo de Ramos.<\/p>\n<p>Enligt det torkdekret som regionregeringen presenterade i februari \u00e4r det f\u00f6rbjudet att fylla poolen med vatten fr\u00e5n det offentliga vattenn\u00e4tet som ska g\u00e5 till konsumtion. Den som fyller sin pool riskerar b\u00f6ter p\u00e5 upp emot 6.000 euro.<\/p>\n<p>Myndigheterna har \u00e4ven s\u00e4nk vattentrycket s\u00e5 att varje inv\u00e5nare ber\u00e4knas f\u00e5 160 liter vatten per dag j\u00e4mf\u00f6rt med 220 liter vatten per dag som det var tidigare.<\/p>\n<p>Flera fastighetsf\u00f6rvaltare som tidningen <a href=\"https:\/\/www.diariosur.es\/malaga\/se-podran-llenar-piscinas-malaga-20240227115533-nt.html#vtm_modulosEngag=mod-rel:malaga:noticia:2:cmp:2-not\">Diario Sur<\/a> tidigare har talat med \u00e4r os\u00e4kra p\u00e5 om poolerna kan fyllas i sommar.<\/p>\n","protected":false},"excerpt":{"rendered":"<p>171 procent dyrare p\u00e5 bara en vecka. Den som t\u00e4nker fylla poolen med vatten f\u00e5r r\u00e4kna med att punga ut med en allt h\u00f6gre summa euro. Med extremtorkan har restriktioner f\u00f6ljt som g\u00f6r att det \u00e4r f\u00f6rbjudet att fylla poolen&#8230;<\/p>\n","protected":false},"author":7,"featured_media":70020,"comment_status":"closed","ping_status":"closed","sticky":false,"template":"","format":"standard","meta":{"_et_pb_use_builder":"","_et_pb_old_content":"","_et_gb_content_width":"","footnotes":""},"categories":[395,3],"tags":[],"class_list":["post-70018","post","type-post","status-publish","format-standard","has-post-thumbnail","hentry","category-arkiv-nyheter","category-nyheter"],"yoast_head":"<!-- This site is optimized with the Yoast SEO Premium plugin v26.2 (Yoast SEO v27.4) - https:\/\/yoast.com\/product\/yoast-seo-premium-wordpress\/ -->\n<title>Rekorddyrt att fylla poolen - Svenska Magasinet<\/title>\n<meta name=\"description\" content=\"171 procent dyrare p\u00e5 bara en vecka. Den som t\u00e4nker fylla poolen med vatten f\u00e5r r\u00e4kna med att punga ut med en allt h\u00f6gre summa euro. Med extremtorkan har restriktioner f\u00f6ljt som g\u00f6r att det \u00e4r f\u00f6rbjudet att fylla poolen.\" \/>\n<meta name=\"robots\" content=\"noindex, follow, max-snippet:-1, max-image-preview:large, max-video-preview:-1\" \/>\n<meta property=\"og:locale\" content=\"sv_SE\" \/>\n<meta property=\"og:type\" content=\"article\" \/>\n<meta property=\"og:title\" content=\"Rekorddyrt att fylla poolen\" \/>\n<meta property=\"og:description\" content=\"171 procent dyrare p\u00e5 bara en vecka. Den som t\u00e4nker fylla poolen med vatten f\u00e5r r\u00e4kna med att punga ut med en allt h\u00f6gre summa euro. Med extremtorkan har restriktioner f\u00f6ljt som g\u00f6r att det \u00e4r f\u00f6rbjudet att fylla poolen.\" \/>\n<meta property=\"og:url\" content=\"https:\/\/lightweb.dev\/l\/svm-temp\/artiklar\/hem-bostad\/rekorddyrt-att-fylla-poolen\/\" \/>\n<meta property=\"og:site_name\" content=\"Svenska Magasinet\" \/>\n<meta property=\"article:publisher\" content=\"https:\/\/www.facebook.com\/svenskamagasinet\" \/>\n<meta property=\"article:published_time\" content=\"2024-03-07T10:24:08+00:00\" \/>\n<meta property=\"article:modified_time\" content=\"2024-03-07T10:30:13+00:00\" \/>\n<meta property=\"og:image\" content=\"https:\/\/lightweb.dev\/l\/svm-temp\/wp-content\/uploads\/2024\/03\/young-cheerful-friends-smiling-relaxing-jumping-swimming-pool-stor.jpeg\" \/>\n\t<meta property=\"og:image:width\" content=\"1280\" \/>\n\t<meta property=\"og:image:height\" content=\"853\" \/>\n\t<meta property=\"og:image:type\" content=\"image\/jpeg\" \/>\n<meta name=\"author\" content=\"Ola Josefsson\" \/>\n<meta name=\"twitter:card\" content=\"summary_large_image\" \/>\n<meta name=\"twitter:creator\" content=\"@SvenskaMagasine\" \/>\n<meta name=\"twitter:site\" content=\"@SvenskaMagasine\" \/>\n<script type=\"application\/ld+json\" class=\"yoast-schema-graph\">{\"@context\":\"https:\\\/\\\/schema.org\",\"@graph\":[{\"@type\":\"Article\",\"@id\":\"https:\\\/\\\/lightweb.dev\\\/l\\\/svm-temp\\\/artiklar\\\/hem-bostad\\\/rekorddyrt-att-fylla-poolen\\\/#article\",\"isPartOf\":{\"@id\":\"https:\\\/\\\/lightweb.dev\\\/l\\\/svm-temp\\\/artiklar\\\/hem-bostad\\\/rekorddyrt-att-fylla-poolen\\\/\"},\"author\":{\"name\":\"Ola Josefsson\",\"@id\":\"https:\\\/\\\/lightweb.dev\\\/l\\\/svm-temp\\\/#\\\/schema\\\/person\\\/7a82b8a73d171d32360a564b6d03508e\"},\"headline\":\"Rekorddyrt att fylla poolen\",\"datePublished\":\"2024-03-07T10:24:08+00:00\",\"dateModified\":\"2024-03-07T10:30:13+00:00\",\"mainEntityOfPage\":{\"@id\":\"https:\\\/\\\/lightweb.dev\\\/l\\\/svm-temp\\\/artiklar\\\/hem-bostad\\\/rekorddyrt-att-fylla-poolen\\\/\"},\"wordCount\":422,\"publisher\":{\"@id\":\"https:\\\/\\\/lightweb.dev\\\/l\\\/svm-temp\\\/#organization\"},\"image\":{\"@id\":\"https:\\\/\\\/lightweb.dev\\\/l\\\/svm-temp\\\/artiklar\\\/hem-bostad\\\/rekorddyrt-att-fylla-poolen\\\/#primaryimage\"},\"thumbnailUrl\":\"https:\\\/\\\/lightweb.dev\\\/l\\\/svm-temp\\\/wp-content\\\/uploads\\\/2024\\\/03\\\/young-cheerful-friends-smiling-relaxing-jumping-swimming-pool-stor.jpeg\",\"articleSection\":[\"Arkiv\",\"Nyheter\"],\"inLanguage\":\"sv-SE\"},{\"@type\":\"WebPage\",\"@id\":\"https:\\\/\\\/lightweb.dev\\\/l\\\/svm-temp\\\/artiklar\\\/hem-bostad\\\/rekorddyrt-att-fylla-poolen\\\/\",\"url\":\"https:\\\/\\\/lightweb.dev\\\/l\\\/svm-temp\\\/artiklar\\\/hem-bostad\\\/rekorddyrt-att-fylla-poolen\\\/\",\"name\":\"Rekorddyrt att fylla poolen - Svenska Magasinet\",\"isPartOf\":{\"@id\":\"https:\\\/\\\/lightweb.dev\\\/l\\\/svm-temp\\\/#website\"},\"primaryImageOfPage\":{\"@id\":\"https:\\\/\\\/lightweb.dev\\\/l\\\/svm-temp\\\/artiklar\\\/hem-bostad\\\/rekorddyrt-att-fylla-poolen\\\/#primaryimage\"},\"image\":{\"@id\":\"https:\\\/\\\/lightweb.dev\\\/l\\\/svm-temp\\\/artiklar\\\/hem-bostad\\\/rekorddyrt-att-fylla-poolen\\\/#primaryimage\"},\"thumbnailUrl\":\"https:\\\/\\\/lightweb.dev\\\/l\\\/svm-temp\\\/wp-content\\\/uploads\\\/2024\\\/03\\\/young-cheerful-friends-smiling-relaxing-jumping-swimming-pool-stor.jpeg\",\"datePublished\":\"2024-03-07T10:24:08+00:00\",\"dateModified\":\"2024-03-07T10:30:13+00:00\",\"description\":\"171 procent dyrare p\u00e5 bara en vecka. Den som t\u00e4nker fylla poolen med vatten f\u00e5r r\u00e4kna med att punga ut med en allt h\u00f6gre summa euro. Med extremtorkan har restriktioner f\u00f6ljt som g\u00f6r att det \u00e4r f\u00f6rbjudet att fylla poolen.\",\"breadcrumb\":{\"@id\":\"https:\\\/\\\/lightweb.dev\\\/l\\\/svm-temp\\\/artiklar\\\/hem-bostad\\\/rekorddyrt-att-fylla-poolen\\\/#breadcrumb\"},\"inLanguage\":\"sv-SE\",\"potentialAction\":[{\"@type\":\"ReadAction\",\"target\":[\"https:\\\/\\\/lightweb.dev\\\/l\\\/svm-temp\\\/artiklar\\\/hem-bostad\\\/rekorddyrt-att-fylla-poolen\\\/\"]}]},{\"@type\":\"ImageObject\",\"inLanguage\":\"sv-SE\",\"@id\":\"https:\\\/\\\/lightweb.dev\\\/l\\\/svm-temp\\\/artiklar\\\/hem-bostad\\\/rekorddyrt-att-fylla-poolen\\\/#primaryimage\",\"url\":\"https:\\\/\\\/lightweb.dev\\\/l\\\/svm-temp\\\/wp-content\\\/uploads\\\/2024\\\/03\\\/young-cheerful-friends-smiling-relaxing-jumping-swimming-pool-stor.jpeg\",\"contentUrl\":\"https:\\\/\\\/lightweb.dev\\\/l\\\/svm-temp\\\/wp-content\\\/uploads\\\/2024\\\/03\\\/young-cheerful-friends-smiling-relaxing-jumping-swimming-pool-stor.jpeg\",\"width\":1280,\"height\":853,\"caption\":\"(Foto: Freepik)\"},{\"@type\":\"BreadcrumbList\",\"@id\":\"https:\\\/\\\/lightweb.dev\\\/l\\\/svm-temp\\\/artiklar\\\/hem-bostad\\\/rekorddyrt-att-fylla-poolen\\\/#breadcrumb\",\"itemListElement\":[{\"@type\":\"ListItem\",\"position\":1,\"name\":\"Hem\",\"item\":\"https:\\\/\\\/lightweb.dev\\\/l\\\/svm-temp\\\/\"},{\"@type\":\"ListItem\",\"position\":2,\"name\":\"Rekorddyrt att fylla poolen\"}]},{\"@type\":\"WebSite\",\"@id\":\"https:\\\/\\\/lightweb.dev\\\/l\\\/svm-temp\\\/#website\",\"url\":\"https:\\\/\\\/lightweb.dev\\\/l\\\/svm-temp\\\/\",\"name\":\"Svenska Magasinet\",\"description\":\"Dina Spanska nyheter p&aring; Svenska\",\"publisher\":{\"@id\":\"https:\\\/\\\/lightweb.dev\\\/l\\\/svm-temp\\\/#organization\"},\"potentialAction\":[{\"@type\":\"SearchAction\",\"target\":{\"@type\":\"EntryPoint\",\"urlTemplate\":\"https:\\\/\\\/lightweb.dev\\\/l\\\/svm-temp\\\/?s={search_term_string}\"},\"query-input\":{\"@type\":\"PropertyValueSpecification\",\"valueRequired\":true,\"valueName\":\"search_term_string\"}}],\"inLanguage\":\"sv-SE\"},{\"@type\":\"Organization\",\"@id\":\"https:\\\/\\\/lightweb.dev\\\/l\\\/svm-temp\\\/#organization\",\"name\":\"Melkerson y Nott SL\",\"alternateName\":\"Svenska Magasinet\",\"url\":\"https:\\\/\\\/lightweb.dev\\\/l\\\/svm-temp\\\/\",\"logo\":{\"@type\":\"ImageObject\",\"inLanguage\":\"sv-SE\",\"@id\":\"https:\\\/\\\/lightweb.dev\\\/l\\\/svm-temp\\\/#\\\/schema\\\/logo\\\/image\\\/\",\"url\":\"https:\\\/\\\/lightweb.dev\\\/l\\\/svm-temp\\\/wp-content\\\/uploads\\\/2025\\\/02\\\/SvM-logo-Xtra-Centrerad-SVART.png\",\"contentUrl\":\"https:\\\/\\\/lightweb.dev\\\/l\\\/svm-temp\\\/wp-content\\\/uploads\\\/2025\\\/02\\\/SvM-logo-Xtra-Centrerad-SVART.png\",\"width\":300,\"height\":99,\"caption\":\"Melkerson y Nott SL\"},\"image\":{\"@id\":\"https:\\\/\\\/lightweb.dev\\\/l\\\/svm-temp\\\/#\\\/schema\\\/logo\\\/image\\\/\"},\"sameAs\":[\"https:\\\/\\\/www.facebook.com\\\/svenskamagasinet\",\"https:\\\/\\\/x.com\\\/SvenskaMagasine\"]},{\"@type\":\"Person\",\"@id\":\"https:\\\/\\\/lightweb.dev\\\/l\\\/svm-temp\\\/#\\\/schema\\\/person\\\/7a82b8a73d171d32360a564b6d03508e\",\"name\":\"Ola Josefsson\",\"description\":\"Bevakar Solkusten och Spanien sedan 1994.\",\"sameAs\":[\"https:\\\/\\\/lightweb.dev\\\/l\\\/svm-temp\"],\"url\":\"https:\\\/\\\/lightweb.dev\\\/l\\\/svm-temp\\\/reporter\\\/ola-josefsson\\\/\"}]}<\/script>\n<!-- \/ Yoast SEO Premium plugin. -->","yoast_head_json":{"title":"Rekorddyrt att fylla poolen - Svenska Magasinet","description":"171 procent dyrare p\u00e5 bara en vecka. Den som t\u00e4nker fylla poolen med vatten f\u00e5r r\u00e4kna med att punga ut med en allt h\u00f6gre summa euro. Med extremtorkan har restriktioner f\u00f6ljt som g\u00f6r att det \u00e4r f\u00f6rbjudet att fylla poolen.","robots":{"index":"noindex","follow":"follow","max-snippet":"max-snippet:-1","max-image-preview":"max-image-preview:large","max-video-preview":"max-video-preview:-1"},"og_locale":"sv_SE","og_type":"article","og_title":"Rekorddyrt att fylla poolen","og_description":"171 procent dyrare p\u00e5 bara en vecka. Den som t\u00e4nker fylla poolen med vatten f\u00e5r r\u00e4kna med att punga ut med en allt h\u00f6gre summa euro. Med extremtorkan har restriktioner f\u00f6ljt som g\u00f6r att det \u00e4r f\u00f6rbjudet att fylla poolen.","og_url":"https:\/\/lightweb.dev\/l\/svm-temp\/artiklar\/hem-bostad\/rekorddyrt-att-fylla-poolen\/","og_site_name":"Svenska Magasinet","article_publisher":"https:\/\/www.facebook.com\/svenskamagasinet","article_published_time":"2024-03-07T10:24:08+00:00","article_modified_time":"2024-03-07T10:30:13+00:00","og_image":[{"width":1280,"height":853,"url":"https:\/\/lightweb.dev\/l\/svm-temp\/wp-content\/uploads\/2024\/03\/young-cheerful-friends-smiling-relaxing-jumping-swimming-pool-stor.jpeg","type":"image\/jpeg"}],"author":"Ola Josefsson","twitter_card":"summary_large_image","twitter_creator":"@SvenskaMagasine","twitter_site":"@SvenskaMagasine","schema":{"@context":"https:\/\/schema.org","@graph":[{"@type":"Article","@id":"https:\/\/lightweb.dev\/l\/svm-temp\/artiklar\/hem-bostad\/rekorddyrt-att-fylla-poolen\/#article","isPartOf":{"@id":"https:\/\/lightweb.dev\/l\/svm-temp\/artiklar\/hem-bostad\/rekorddyrt-att-fylla-poolen\/"},"author":{"name":"Ola Josefsson","@id":"https:\/\/lightweb.dev\/l\/svm-temp\/#\/schema\/person\/7a82b8a73d171d32360a564b6d03508e"},"headline":"Rekorddyrt att fylla poolen","datePublished":"2024-03-07T10:24:08+00:00","dateModified":"2024-03-07T10:30:13+00:00","mainEntityOfPage":{"@id":"https:\/\/lightweb.dev\/l\/svm-temp\/artiklar\/hem-bostad\/rekorddyrt-att-fylla-poolen\/"},"wordCount":422,"publisher":{"@id":"https:\/\/lightweb.dev\/l\/svm-temp\/#organization"},"image":{"@id":"https:\/\/lightweb.dev\/l\/svm-temp\/artiklar\/hem-bostad\/rekorddyrt-att-fylla-poolen\/#primaryimage"},"thumbnailUrl":"https:\/\/lightweb.dev\/l\/svm-temp\/wp-content\/uploads\/2024\/03\/young-cheerful-friends-smiling-relaxing-jumping-swimming-pool-stor.jpeg","articleSection":["Arkiv","Nyheter"],"inLanguage":"sv-SE"},{"@type":"WebPage","@id":"https:\/\/lightweb.dev\/l\/svm-temp\/artiklar\/hem-bostad\/rekorddyrt-att-fylla-poolen\/","url":"https:\/\/lightweb.dev\/l\/svm-temp\/artiklar\/hem-bostad\/rekorddyrt-att-fylla-poolen\/","name":"Rekorddyrt att fylla poolen - Svenska Magasinet","isPartOf":{"@id":"https:\/\/lightweb.dev\/l\/svm-temp\/#website"},"primaryImageOfPage":{"@id":"https:\/\/lightweb.dev\/l\/svm-temp\/artiklar\/hem-bostad\/rekorddyrt-att-fylla-poolen\/#primaryimage"},"image":{"@id":"https:\/\/lightweb.dev\/l\/svm-temp\/artiklar\/hem-bostad\/rekorddyrt-att-fylla-poolen\/#primaryimage"},"thumbnailUrl":"https:\/\/lightweb.dev\/l\/svm-temp\/wp-content\/uploads\/2024\/03\/young-cheerful-friends-smiling-relaxing-jumping-swimming-pool-stor.jpeg","datePublished":"2024-03-07T10:24:08+00:00","dateModified":"2024-03-07T10:30:13+00:00","description":"171 procent dyrare p\u00e5 bara en vecka. Den som t\u00e4nker fylla poolen med vatten f\u00e5r r\u00e4kna med att punga ut med en allt h\u00f6gre summa euro. Med extremtorkan har restriktioner f\u00f6ljt som g\u00f6r att det \u00e4r f\u00f6rbjudet att fylla poolen.","breadcrumb":{"@id":"https:\/\/lightweb.dev\/l\/svm-temp\/artiklar\/hem-bostad\/rekorddyrt-att-fylla-poolen\/#breadcrumb"},"inLanguage":"sv-SE","potentialAction":[{"@type":"ReadAction","target":["https:\/\/lightweb.dev\/l\/svm-temp\/artiklar\/hem-bostad\/rekorddyrt-att-fylla-poolen\/"]}]},{"@type":"ImageObject","inLanguage":"sv-SE","@id":"https:\/\/lightweb.dev\/l\/svm-temp\/artiklar\/hem-bostad\/rekorddyrt-att-fylla-poolen\/#primaryimage","url":"https:\/\/lightweb.dev\/l\/svm-temp\/wp-content\/uploads\/2024\/03\/young-cheerful-friends-smiling-relaxing-jumping-swimming-pool-stor.jpeg","contentUrl":"https:\/\/lightweb.dev\/l\/svm-temp\/wp-content\/uploads\/2024\/03\/young-cheerful-friends-smiling-relaxing-jumping-swimming-pool-stor.jpeg","width":1280,"height":853,"caption":"(Foto: Freepik)"},{"@type":"BreadcrumbList","@id":"https:\/\/lightweb.dev\/l\/svm-temp\/artiklar\/hem-bostad\/rekorddyrt-att-fylla-poolen\/#breadcrumb","itemListElement":[{"@type":"ListItem","position":1,"name":"Hem","item":"https:\/\/lightweb.dev\/l\/svm-temp\/"},{"@type":"ListItem","position":2,"name":"Rekorddyrt att fylla poolen"}]},{"@type":"WebSite","@id":"https:\/\/lightweb.dev\/l\/svm-temp\/#website","url":"https:\/\/lightweb.dev\/l\/svm-temp\/","name":"Svenska Magasinet","description":"Dina Spanska nyheter p&aring; Svenska","publisher":{"@id":"https:\/\/lightweb.dev\/l\/svm-temp\/#organization"},"potentialAction":[{"@type":"SearchAction","target":{"@type":"EntryPoint","urlTemplate":"https:\/\/lightweb.dev\/l\/svm-temp\/?s={search_term_string}"},"query-input":{"@type":"PropertyValueSpecification","valueRequired":true,"valueName":"search_term_string"}}],"inLanguage":"sv-SE"},{"@type":"Organization","@id":"https:\/\/lightweb.dev\/l\/svm-temp\/#organization","name":"Melkerson y Nott SL","alternateName":"Svenska Magasinet","url":"https:\/\/lightweb.dev\/l\/svm-temp\/","logo":{"@type":"ImageObject","inLanguage":"sv-SE","@id":"https:\/\/lightweb.dev\/l\/svm-temp\/#\/schema\/logo\/image\/","url":"https:\/\/lightweb.dev\/l\/svm-temp\/wp-content\/uploads\/2025\/02\/SvM-logo-Xtra-Centrerad-SVART.png","contentUrl":"https:\/\/lightweb.dev\/l\/svm-temp\/wp-content\/uploads\/2025\/02\/SvM-logo-Xtra-Centrerad-SVART.png","width":300,"height":99,"caption":"Melkerson y Nott SL"},"image":{"@id":"https:\/\/lightweb.dev\/l\/svm-temp\/#\/schema\/logo\/image\/"},"sameAs":["https:\/\/www.facebook.com\/svenskamagasinet","https:\/\/x.com\/SvenskaMagasine"]},{"@type":"Person","@id":"https:\/\/lightweb.dev\/l\/svm-temp\/#\/schema\/person\/7a82b8a73d171d32360a564b6d03508e","name":"Ola Josefsson","description":"Bevakar Solkusten och Spanien sedan 1994.","sameAs":["https:\/\/lightweb.dev\/l\/svm-temp"],"url":"https:\/\/lightweb.dev\/l\/svm-temp\/reporter\/ola-josefsson\/"}]}},"_links":{"self":[{"href":"https:\/\/lightweb.dev\/l\/svm-temp\/wp-json\/wp\/v2\/posts\/70018","targetHints":{"allow":["GET"]}}],"collection":[{"href":"https:\/\/lightweb.dev\/l\/svm-temp\/wp-json\/wp\/v2\/posts"}],"about":[{"href":"https:\/\/lightweb.dev\/l\/svm-temp\/wp-json\/wp\/v2\/types\/post"}],"author":[{"embeddable":true,"href":"https:\/\/lightweb.dev\/l\/svm-temp\/wp-json\/wp\/v2\/users\/7"}],"replies":[{"embeddable":true,"href":"https:\/\/lightweb.dev\/l\/svm-temp\/wp-json\/wp\/v2\/comments?post=70018"}],"version-history":[{"count":0,"href":"https:\/\/lightweb.dev\/l\/svm-temp\/wp-json\/wp\/v2\/posts\/70018\/revisions"}],"wp:featuredmedia":[{"embeddable":true,"href":"https:\/\/lightweb.dev\/l\/svm-temp\/wp-json\/wp\/v2\/media\/70020"}],"wp:attachment":[{"href":"https:\/\/lightweb.dev\/l\/svm-temp\/wp-json\/wp\/v2\/media?parent=70018"}],"wp:term":[{"taxonomy":"category","embeddable":true,"href":"https:\/\/lightweb.dev\/l\/svm-temp\/wp-json\/wp\/v2\/categories?post=70018"},{"taxonomy":"post_tag","embeddable":true,"href":"https:\/\/lightweb.dev\/l\/svm-temp\/wp-json\/wp\/v2\/tags?post=70018"}],"curies":[{"name":"wp","href":"https:\/\/api.w.org\/{rel}","templated":true}]}}