{"id":70030,"date":"2024-03-07T13:02:10","date_gmt":"2024-03-07T12:02:10","guid":{"rendered":"https:\/\/lightweb.dev\/l\/svm-temp\/?p=70030"},"modified":"2024-03-07T15:47:49","modified_gmt":"2024-03-07T14:47:49","slug":"brand-i-lagerlokal-i-mijas","status":"publish","type":"post","link":"https:\/\/lightweb.dev\/l\/svm-temp\/nyheter\/brand-i-lagerlokal-i-mijas\/","title":{"rendered":"Brand i lagerlokal i Mijas"},"content":{"rendered":"<p><strong>En brand utbr\u00f6t vid middagstid p\u00e5 torsdagen i ett lager d\u00e4r det f\u00f6rvaras m\u00f6bler och annan utrustning.<\/strong><\/p>\n<p><strong>Det var kraftig r\u00f6kutveckling och r\u00f6ken syntes p\u00e5 l\u00e5ngt h\u00e5ll.<\/strong><\/p>\n<p>Enligt uppgifter till Svenska Magasinet startade branden i det ena av totalt tre lager som fanns i byggnaden som ligger i urbanizaci\u00f3n La Loma inte l\u00e5ngt fr\u00e5n Centro Idea i Mijas kommun.<\/p>\n<p>Elden startade i den ena delen av byggnaden och spred sig de tv\u00e5 \u00f6vriga delarna d\u00e4r Designa M\u00e1laga och Zoco Home Mijas har lager.<\/p>\n<div id=\"attachment_70032\" style=\"width: 235px\" class=\"wp-caption alignleft\"><img loading=\"lazy\" decoding=\"async\" aria-describedby=\"caption-attachment-70032\" class=\"size-medium wp-image-70032\" src=\"https:\/\/lightweb.dev\/l\/svm-temp\/wp-content\/uploads\/2024\/03\/be84ff8d-a483-4186-b8db-d17a54b60bd8-stor-225x300.jpeg\" alt=\"\" width=\"225\" height=\"300\" srcset=\"https:\/\/lightweb.dev\/l\/svm-temp\/wp-content\/uploads\/2024\/03\/be84ff8d-a483-4186-b8db-d17a54b60bd8-stor-225x300.jpeg 225w, https:\/\/lightweb.dev\/l\/svm-temp\/wp-content\/uploads\/2024\/03\/be84ff8d-a483-4186-b8db-d17a54b60bd8-stor-675x900.jpeg 675w, https:\/\/lightweb.dev\/l\/svm-temp\/wp-content\/uploads\/2024\/03\/be84ff8d-a483-4186-b8db-d17a54b60bd8-stor-768x1024.jpeg 768w, https:\/\/lightweb.dev\/l\/svm-temp\/wp-content\/uploads\/2024\/03\/be84ff8d-a483-4186-b8db-d17a54b60bd8-stor-610x813.jpeg 610w, https:\/\/lightweb.dev\/l\/svm-temp\/wp-content\/uploads\/2024\/03\/be84ff8d-a483-4186-b8db-d17a54b60bd8-stor-600x800.jpeg 600w, https:\/\/lightweb.dev\/l\/svm-temp\/wp-content\/uploads\/2024\/03\/be84ff8d-a483-4186-b8db-d17a54b60bd8-stor.jpeg 960w\" sizes=\"(max-width: 225px) 100vw, 225px\" \/><p id=\"caption-attachment-70032\" class=\"wp-caption-text\">Den kraftiga r\u00f6kutvecklingen syns p\u00e5 l\u00e5ngt h\u00e5ll. \u00c4ven i Fuengirola. (Foto: L\u00e4sarbild Svante Fogelberg)<\/p><\/div>\n<p>Flera explosioner h\u00f6rdes, troligtvis gasflaskor, och m\u00e5nga blev chockade. Polisen uppmanade folk att l\u00e4mna omr\u00e5det, s\u00e4ger ett \u00f6gonvittne till Svenska Magasinet.<\/p>\n<p>Brandpersonal fr\u00e5n Fuengirola, Benalm\u00e1dena och Mijas var snabbt p\u00e5 plats f\u00f6r att bek\u00e4mpa elden. Lagerlokalen uppges inneh\u00e5lla m\u00f6bler i tr\u00e4 och utrustning till badrum och pooler vilket bidrog till den kraftiga r\u00f6kutvecklingen.<\/p>\n<p>Den kraftiga r\u00f6kutvecklingen gjorde att branden syntes p\u00e5 l\u00e5ngt h\u00e5ll. P\u00e5 kort tid fick larmtj\u00e4nsten Emergencias 112 Andaluc\u00eda in n\u00e4ra 70 samtal. Guardia Civil och lokalpolisen sp\u00e4rrade av v\u00e4gar i omr\u00e5det.<\/p>\n<p>Mijas kommun beslutade att inv\u00e5narna i bostadsomr\u00e5dena Pueblo Don Silverio och la Loma skulle evakuerats som en f\u00f6rsiktighets\u00e5tg\u00e4rd.<\/p>\n<p>I nul\u00e4get \u00e4r det ok\u00e4nt om det fanns personer i lagerlokalen och om n\u00e5gra personskador har intr\u00e4ffat.<\/p>\n<p>&nbsp;<\/p>\n<blockquote class=\"twitter-tweet\" data-media-max-width=\"560\">\n<p dir=\"ltr\" lang=\"sv\">En brand utbr\u00f6t vid middagstid p\u00e5 torsdagen i en lagerbyggnad i Mijas kommun. <a href=\"https:\/\/t.co\/lON2s97swL\">pic.twitter.com\/lON2s97swL<\/a><\/p>\n<p>\u2014 Svenska Magasinet (@SvenskaMagasine) <a href=\"https:\/\/twitter.com\/SvenskaMagasine\/status\/1765708181903114655?ref_src=twsrc%5Etfw\">March 7, 2024<\/a><\/p><\/blockquote>\n<p><script async src=\"https:\/\/platform.twitter.com\/widgets.js\" charset=\"utf-8\"><\/script><\/p>\n","protected":false},"excerpt":{"rendered":"<p>En brand utbr\u00f6t vid middagstid p\u00e5 torsdagen i ett lager d\u00e4r det f\u00f6rvaras m\u00f6bler och annan utrustning. Det var kraftig r\u00f6kutveckling och r\u00f6ken syntes p\u00e5 l\u00e5ngt h\u00e5ll&#8230;<\/p>\n","protected":false},"author":7,"featured_media":70031,"comment_status":"closed","ping_status":"closed","sticky":false,"template":"","format":"standard","meta":{"_et_pb_use_builder":"","_et_pb_old_content":"","_et_gb_content_width":"","footnotes":""},"categories":[395,3],"tags":[],"class_list":["post-70030","post","type-post","status-publish","format-standard","has-post-thumbnail","hentry","category-arkiv-nyheter","category-nyheter"],"yoast_head":"<!-- This site is optimized with the Yoast SEO Premium plugin v26.2 (Yoast SEO v27.4) - https:\/\/yoast.com\/product\/yoast-seo-premium-wordpress\/ -->\n<title>Brand i lagerlokal i Mijas - Svenska Magasinet<\/title>\n<meta name=\"description\" content=\"En brand utbr\u00f6t vid middagstid p\u00e5 torsdagen i ett lager d\u00e4r det f\u00f6rvaras m\u00f6bler och k\u00f6ksutrustning. Det \u00e4r kraftig r\u00f6kutveckling p\u00e5 platsen och r\u00f6ken synds p\u00e5 l\u00e5ngt h\u00e5ll.\" \/>\n<meta name=\"robots\" content=\"noindex, follow, max-snippet:-1, max-image-preview:large, max-video-preview:-1\" \/>\n<meta property=\"og:locale\" content=\"sv_SE\" \/>\n<meta property=\"og:type\" content=\"article\" \/>\n<meta property=\"og:title\" content=\"Brand i lagerlokal i Mijas\" \/>\n<meta property=\"og:description\" content=\"En brand utbr\u00f6t vid middagstid p\u00e5 torsdagen i ett lager d\u00e4r det f\u00f6rvaras m\u00f6bler och k\u00f6ksutrustning. Det \u00e4r kraftig r\u00f6kutveckling p\u00e5 platsen och r\u00f6ken synds p\u00e5 l\u00e5ngt h\u00e5ll.\" \/>\n<meta property=\"og:url\" content=\"https:\/\/lightweb.dev\/l\/svm-temp\/nyheter\/brand-i-lagerlokal-i-mijas\/\" \/>\n<meta property=\"og:site_name\" content=\"Svenska Magasinet\" \/>\n<meta property=\"article:publisher\" content=\"https:\/\/www.facebook.com\/svenskamagasinet\" \/>\n<meta property=\"article:published_time\" content=\"2024-03-07T12:02:10+00:00\" \/>\n<meta property=\"article:modified_time\" content=\"2024-03-07T14:47:49+00:00\" \/>\n<meta property=\"og:image\" content=\"https:\/\/lightweb.dev\/l\/svm-temp\/wp-content\/uploads\/2024\/03\/3f5724b8-979c-4bf2-be85-15002f6a7d91-stor.jpeg\" \/>\n\t<meta property=\"og:image:width\" content=\"1280\" \/>\n\t<meta property=\"og:image:height\" content=\"960\" \/>\n\t<meta property=\"og:image:type\" content=\"image\/jpeg\" \/>\n<meta name=\"author\" content=\"Ola Josefsson\" \/>\n<meta name=\"twitter:card\" content=\"summary_large_image\" \/>\n<meta name=\"twitter:creator\" content=\"@SvenskaMagasine\" \/>\n<meta name=\"twitter:site\" content=\"@SvenskaMagasine\" \/>\n<script type=\"application\/ld+json\" class=\"yoast-schema-graph\">{\"@context\":\"https:\\\/\\\/schema.org\",\"@graph\":[{\"@type\":\"Article\",\"@id\":\"https:\\\/\\\/lightweb.dev\\\/l\\\/svm-temp\\\/nyheter\\\/brand-i-lagerlokal-i-mijas\\\/#article\",\"isPartOf\":{\"@id\":\"https:\\\/\\\/lightweb.dev\\\/l\\\/svm-temp\\\/nyheter\\\/brand-i-lagerlokal-i-mijas\\\/\"},\"author\":{\"name\":\"Ola Josefsson\",\"@id\":\"https:\\\/\\\/lightweb.dev\\\/l\\\/svm-temp\\\/#\\\/schema\\\/person\\\/7a82b8a73d171d32360a564b6d03508e\"},\"headline\":\"Brand i lagerlokal i Mijas\",\"datePublished\":\"2024-03-07T12:02:10+00:00\",\"dateModified\":\"2024-03-07T14:47:49+00:00\",\"mainEntityOfPage\":{\"@id\":\"https:\\\/\\\/lightweb.dev\\\/l\\\/svm-temp\\\/nyheter\\\/brand-i-lagerlokal-i-mijas\\\/\"},\"wordCount\":298,\"publisher\":{\"@id\":\"https:\\\/\\\/lightweb.dev\\\/l\\\/svm-temp\\\/#organization\"},\"image\":{\"@id\":\"https:\\\/\\\/lightweb.dev\\\/l\\\/svm-temp\\\/nyheter\\\/brand-i-lagerlokal-i-mijas\\\/#primaryimage\"},\"thumbnailUrl\":\"https:\\\/\\\/lightweb.dev\\\/l\\\/svm-temp\\\/wp-content\\\/uploads\\\/2024\\\/03\\\/3f5724b8-979c-4bf2-be85-15002f6a7d91-stor.jpeg\",\"articleSection\":[\"Arkiv\",\"Nyheter\"],\"inLanguage\":\"sv-SE\"},{\"@type\":\"WebPage\",\"@id\":\"https:\\\/\\\/lightweb.dev\\\/l\\\/svm-temp\\\/nyheter\\\/brand-i-lagerlokal-i-mijas\\\/\",\"url\":\"https:\\\/\\\/lightweb.dev\\\/l\\\/svm-temp\\\/nyheter\\\/brand-i-lagerlokal-i-mijas\\\/\",\"name\":\"Brand i lagerlokal i Mijas - Svenska Magasinet\",\"isPartOf\":{\"@id\":\"https:\\\/\\\/lightweb.dev\\\/l\\\/svm-temp\\\/#website\"},\"primaryImageOfPage\":{\"@id\":\"https:\\\/\\\/lightweb.dev\\\/l\\\/svm-temp\\\/nyheter\\\/brand-i-lagerlokal-i-mijas\\\/#primaryimage\"},\"image\":{\"@id\":\"https:\\\/\\\/lightweb.dev\\\/l\\\/svm-temp\\\/nyheter\\\/brand-i-lagerlokal-i-mijas\\\/#primaryimage\"},\"thumbnailUrl\":\"https:\\\/\\\/lightweb.dev\\\/l\\\/svm-temp\\\/wp-content\\\/uploads\\\/2024\\\/03\\\/3f5724b8-979c-4bf2-be85-15002f6a7d91-stor.jpeg\",\"datePublished\":\"2024-03-07T12:02:10+00:00\",\"dateModified\":\"2024-03-07T14:47:49+00:00\",\"description\":\"En brand utbr\u00f6t vid middagstid p\u00e5 torsdagen i ett lager d\u00e4r det f\u00f6rvaras m\u00f6bler och k\u00f6ksutrustning. Det \u00e4r kraftig r\u00f6kutveckling p\u00e5 platsen och r\u00f6ken synds p\u00e5 l\u00e5ngt h\u00e5ll.\",\"breadcrumb\":{\"@id\":\"https:\\\/\\\/lightweb.dev\\\/l\\\/svm-temp\\\/nyheter\\\/brand-i-lagerlokal-i-mijas\\\/#breadcrumb\"},\"inLanguage\":\"sv-SE\",\"potentialAction\":[{\"@type\":\"ReadAction\",\"target\":[\"https:\\\/\\\/lightweb.dev\\\/l\\\/svm-temp\\\/nyheter\\\/brand-i-lagerlokal-i-mijas\\\/\"]}]},{\"@type\":\"ImageObject\",\"inLanguage\":\"sv-SE\",\"@id\":\"https:\\\/\\\/lightweb.dev\\\/l\\\/svm-temp\\\/nyheter\\\/brand-i-lagerlokal-i-mijas\\\/#primaryimage\",\"url\":\"https:\\\/\\\/lightweb.dev\\\/l\\\/svm-temp\\\/wp-content\\\/uploads\\\/2024\\\/03\\\/3f5724b8-979c-4bf2-be85-15002f6a7d91-stor.jpeg\",\"contentUrl\":\"https:\\\/\\\/lightweb.dev\\\/l\\\/svm-temp\\\/wp-content\\\/uploads\\\/2024\\\/03\\\/3f5724b8-979c-4bf2-be85-15002f6a7d91-stor.jpeg\",\"width\":1280,\"height\":960,\"caption\":\"(Foto: L\u00e4sarbild Steen Bruus)\"},{\"@type\":\"BreadcrumbList\",\"@id\":\"https:\\\/\\\/lightweb.dev\\\/l\\\/svm-temp\\\/nyheter\\\/brand-i-lagerlokal-i-mijas\\\/#breadcrumb\",\"itemListElement\":[{\"@type\":\"ListItem\",\"position\":1,\"name\":\"Hem\",\"item\":\"https:\\\/\\\/lightweb.dev\\\/l\\\/svm-temp\\\/\"},{\"@type\":\"ListItem\",\"position\":2,\"name\":\"Brand i lagerlokal i Mijas\"}]},{\"@type\":\"WebSite\",\"@id\":\"https:\\\/\\\/lightweb.dev\\\/l\\\/svm-temp\\\/#website\",\"url\":\"https:\\\/\\\/lightweb.dev\\\/l\\\/svm-temp\\\/\",\"name\":\"Svenska Magasinet\",\"description\":\"Dina Spanska nyheter p&aring; Svenska\",\"publisher\":{\"@id\":\"https:\\\/\\\/lightweb.dev\\\/l\\\/svm-temp\\\/#organization\"},\"potentialAction\":[{\"@type\":\"SearchAction\",\"target\":{\"@type\":\"EntryPoint\",\"urlTemplate\":\"https:\\\/\\\/lightweb.dev\\\/l\\\/svm-temp\\\/?s={search_term_string}\"},\"query-input\":{\"@type\":\"PropertyValueSpecification\",\"valueRequired\":true,\"valueName\":\"search_term_string\"}}],\"inLanguage\":\"sv-SE\"},{\"@type\":\"Organization\",\"@id\":\"https:\\\/\\\/lightweb.dev\\\/l\\\/svm-temp\\\/#organization\",\"name\":\"Melkerson y Nott SL\",\"alternateName\":\"Svenska Magasinet\",\"url\":\"https:\\\/\\\/lightweb.dev\\\/l\\\/svm-temp\\\/\",\"logo\":{\"@type\":\"ImageObject\",\"inLanguage\":\"sv-SE\",\"@id\":\"https:\\\/\\\/lightweb.dev\\\/l\\\/svm-temp\\\/#\\\/schema\\\/logo\\\/image\\\/\",\"url\":\"https:\\\/\\\/lightweb.dev\\\/l\\\/svm-temp\\\/wp-content\\\/uploads\\\/2025\\\/02\\\/SvM-logo-Xtra-Centrerad-SVART.png\",\"contentUrl\":\"https:\\\/\\\/lightweb.dev\\\/l\\\/svm-temp\\\/wp-content\\\/uploads\\\/2025\\\/02\\\/SvM-logo-Xtra-Centrerad-SVART.png\",\"width\":300,\"height\":99,\"caption\":\"Melkerson y Nott SL\"},\"image\":{\"@id\":\"https:\\\/\\\/lightweb.dev\\\/l\\\/svm-temp\\\/#\\\/schema\\\/logo\\\/image\\\/\"},\"sameAs\":[\"https:\\\/\\\/www.facebook.com\\\/svenskamagasinet\",\"https:\\\/\\\/x.com\\\/SvenskaMagasine\"]},{\"@type\":\"Person\",\"@id\":\"https:\\\/\\\/lightweb.dev\\\/l\\\/svm-temp\\\/#\\\/schema\\\/person\\\/7a82b8a73d171d32360a564b6d03508e\",\"name\":\"Ola Josefsson\",\"description\":\"Bevakar Solkusten och Spanien sedan 1994.\",\"sameAs\":[\"https:\\\/\\\/lightweb.dev\\\/l\\\/svm-temp\"],\"url\":\"https:\\\/\\\/lightweb.dev\\\/l\\\/svm-temp\\\/reporter\\\/ola-josefsson\\\/\"}]}<\/script>\n<!-- \/ Yoast SEO Premium plugin. -->","yoast_head_json":{"title":"Brand i lagerlokal i Mijas - Svenska Magasinet","description":"En brand utbr\u00f6t vid middagstid p\u00e5 torsdagen i ett lager d\u00e4r det f\u00f6rvaras m\u00f6bler och k\u00f6ksutrustning. Det \u00e4r kraftig r\u00f6kutveckling p\u00e5 platsen och r\u00f6ken synds p\u00e5 l\u00e5ngt h\u00e5ll.","robots":{"index":"noindex","follow":"follow","max-snippet":"max-snippet:-1","max-image-preview":"max-image-preview:large","max-video-preview":"max-video-preview:-1"},"og_locale":"sv_SE","og_type":"article","og_title":"Brand i lagerlokal i Mijas","og_description":"En brand utbr\u00f6t vid middagstid p\u00e5 torsdagen i ett lager d\u00e4r det f\u00f6rvaras m\u00f6bler och k\u00f6ksutrustning. Det \u00e4r kraftig r\u00f6kutveckling p\u00e5 platsen och r\u00f6ken synds p\u00e5 l\u00e5ngt h\u00e5ll.","og_url":"https:\/\/lightweb.dev\/l\/svm-temp\/nyheter\/brand-i-lagerlokal-i-mijas\/","og_site_name":"Svenska Magasinet","article_publisher":"https:\/\/www.facebook.com\/svenskamagasinet","article_published_time":"2024-03-07T12:02:10+00:00","article_modified_time":"2024-03-07T14:47:49+00:00","og_image":[{"width":1280,"height":960,"url":"https:\/\/lightweb.dev\/l\/svm-temp\/wp-content\/uploads\/2024\/03\/3f5724b8-979c-4bf2-be85-15002f6a7d91-stor.jpeg","type":"image\/jpeg"}],"author":"Ola Josefsson","twitter_card":"summary_large_image","twitter_creator":"@SvenskaMagasine","twitter_site":"@SvenskaMagasine","schema":{"@context":"https:\/\/schema.org","@graph":[{"@type":"Article","@id":"https:\/\/lightweb.dev\/l\/svm-temp\/nyheter\/brand-i-lagerlokal-i-mijas\/#article","isPartOf":{"@id":"https:\/\/lightweb.dev\/l\/svm-temp\/nyheter\/brand-i-lagerlokal-i-mijas\/"},"author":{"name":"Ola Josefsson","@id":"https:\/\/lightweb.dev\/l\/svm-temp\/#\/schema\/person\/7a82b8a73d171d32360a564b6d03508e"},"headline":"Brand i lagerlokal i Mijas","datePublished":"2024-03-07T12:02:10+00:00","dateModified":"2024-03-07T14:47:49+00:00","mainEntityOfPage":{"@id":"https:\/\/lightweb.dev\/l\/svm-temp\/nyheter\/brand-i-lagerlokal-i-mijas\/"},"wordCount":298,"publisher":{"@id":"https:\/\/lightweb.dev\/l\/svm-temp\/#organization"},"image":{"@id":"https:\/\/lightweb.dev\/l\/svm-temp\/nyheter\/brand-i-lagerlokal-i-mijas\/#primaryimage"},"thumbnailUrl":"https:\/\/lightweb.dev\/l\/svm-temp\/wp-content\/uploads\/2024\/03\/3f5724b8-979c-4bf2-be85-15002f6a7d91-stor.jpeg","articleSection":["Arkiv","Nyheter"],"inLanguage":"sv-SE"},{"@type":"WebPage","@id":"https:\/\/lightweb.dev\/l\/svm-temp\/nyheter\/brand-i-lagerlokal-i-mijas\/","url":"https:\/\/lightweb.dev\/l\/svm-temp\/nyheter\/brand-i-lagerlokal-i-mijas\/","name":"Brand i lagerlokal i Mijas - Svenska Magasinet","isPartOf":{"@id":"https:\/\/lightweb.dev\/l\/svm-temp\/#website"},"primaryImageOfPage":{"@id":"https:\/\/lightweb.dev\/l\/svm-temp\/nyheter\/brand-i-lagerlokal-i-mijas\/#primaryimage"},"image":{"@id":"https:\/\/lightweb.dev\/l\/svm-temp\/nyheter\/brand-i-lagerlokal-i-mijas\/#primaryimage"},"thumbnailUrl":"https:\/\/lightweb.dev\/l\/svm-temp\/wp-content\/uploads\/2024\/03\/3f5724b8-979c-4bf2-be85-15002f6a7d91-stor.jpeg","datePublished":"2024-03-07T12:02:10+00:00","dateModified":"2024-03-07T14:47:49+00:00","description":"En brand utbr\u00f6t vid middagstid p\u00e5 torsdagen i ett lager d\u00e4r det f\u00f6rvaras m\u00f6bler och k\u00f6ksutrustning. Det \u00e4r kraftig r\u00f6kutveckling p\u00e5 platsen och r\u00f6ken synds p\u00e5 l\u00e5ngt h\u00e5ll.","breadcrumb":{"@id":"https:\/\/lightweb.dev\/l\/svm-temp\/nyheter\/brand-i-lagerlokal-i-mijas\/#breadcrumb"},"inLanguage":"sv-SE","potentialAction":[{"@type":"ReadAction","target":["https:\/\/lightweb.dev\/l\/svm-temp\/nyheter\/brand-i-lagerlokal-i-mijas\/"]}]},{"@type":"ImageObject","inLanguage":"sv-SE","@id":"https:\/\/lightweb.dev\/l\/svm-temp\/nyheter\/brand-i-lagerlokal-i-mijas\/#primaryimage","url":"https:\/\/lightweb.dev\/l\/svm-temp\/wp-content\/uploads\/2024\/03\/3f5724b8-979c-4bf2-be85-15002f6a7d91-stor.jpeg","contentUrl":"https:\/\/lightweb.dev\/l\/svm-temp\/wp-content\/uploads\/2024\/03\/3f5724b8-979c-4bf2-be85-15002f6a7d91-stor.jpeg","width":1280,"height":960,"caption":"(Foto: L\u00e4sarbild Steen Bruus)"},{"@type":"BreadcrumbList","@id":"https:\/\/lightweb.dev\/l\/svm-temp\/nyheter\/brand-i-lagerlokal-i-mijas\/#breadcrumb","itemListElement":[{"@type":"ListItem","position":1,"name":"Hem","item":"https:\/\/lightweb.dev\/l\/svm-temp\/"},{"@type":"ListItem","position":2,"name":"Brand i lagerlokal i Mijas"}]},{"@type":"WebSite","@id":"https:\/\/lightweb.dev\/l\/svm-temp\/#website","url":"https:\/\/lightweb.dev\/l\/svm-temp\/","name":"Svenska Magasinet","description":"Dina Spanska nyheter p&aring; Svenska","publisher":{"@id":"https:\/\/lightweb.dev\/l\/svm-temp\/#organization"},"potentialAction":[{"@type":"SearchAction","target":{"@type":"EntryPoint","urlTemplate":"https:\/\/lightweb.dev\/l\/svm-temp\/?s={search_term_string}"},"query-input":{"@type":"PropertyValueSpecification","valueRequired":true,"valueName":"search_term_string"}}],"inLanguage":"sv-SE"},{"@type":"Organization","@id":"https:\/\/lightweb.dev\/l\/svm-temp\/#organization","name":"Melkerson y Nott SL","alternateName":"Svenska Magasinet","url":"https:\/\/lightweb.dev\/l\/svm-temp\/","logo":{"@type":"ImageObject","inLanguage":"sv-SE","@id":"https:\/\/lightweb.dev\/l\/svm-temp\/#\/schema\/logo\/image\/","url":"https:\/\/lightweb.dev\/l\/svm-temp\/wp-content\/uploads\/2025\/02\/SvM-logo-Xtra-Centrerad-SVART.png","contentUrl":"https:\/\/lightweb.dev\/l\/svm-temp\/wp-content\/uploads\/2025\/02\/SvM-logo-Xtra-Centrerad-SVART.png","width":300,"height":99,"caption":"Melkerson y Nott SL"},"image":{"@id":"https:\/\/lightweb.dev\/l\/svm-temp\/#\/schema\/logo\/image\/"},"sameAs":["https:\/\/www.facebook.com\/svenskamagasinet","https:\/\/x.com\/SvenskaMagasine"]},{"@type":"Person","@id":"https:\/\/lightweb.dev\/l\/svm-temp\/#\/schema\/person\/7a82b8a73d171d32360a564b6d03508e","name":"Ola Josefsson","description":"Bevakar Solkusten och Spanien sedan 1994.","sameAs":["https:\/\/lightweb.dev\/l\/svm-temp"],"url":"https:\/\/lightweb.dev\/l\/svm-temp\/reporter\/ola-josefsson\/"}]}},"_links":{"self":[{"href":"https:\/\/lightweb.dev\/l\/svm-temp\/wp-json\/wp\/v2\/posts\/70030","targetHints":{"allow":["GET"]}}],"collection":[{"href":"https:\/\/lightweb.dev\/l\/svm-temp\/wp-json\/wp\/v2\/posts"}],"about":[{"href":"https:\/\/lightweb.dev\/l\/svm-temp\/wp-json\/wp\/v2\/types\/post"}],"author":[{"embeddable":true,"href":"https:\/\/lightweb.dev\/l\/svm-temp\/wp-json\/wp\/v2\/users\/7"}],"replies":[{"embeddable":true,"href":"https:\/\/lightweb.dev\/l\/svm-temp\/wp-json\/wp\/v2\/comments?post=70030"}],"version-history":[{"count":0,"href":"https:\/\/lightweb.dev\/l\/svm-temp\/wp-json\/wp\/v2\/posts\/70030\/revisions"}],"wp:featuredmedia":[{"embeddable":true,"href":"https:\/\/lightweb.dev\/l\/svm-temp\/wp-json\/wp\/v2\/media\/70031"}],"wp:attachment":[{"href":"https:\/\/lightweb.dev\/l\/svm-temp\/wp-json\/wp\/v2\/media?parent=70030"}],"wp:term":[{"taxonomy":"category","embeddable":true,"href":"https:\/\/lightweb.dev\/l\/svm-temp\/wp-json\/wp\/v2\/categories?post=70030"},{"taxonomy":"post_tag","embeddable":true,"href":"https:\/\/lightweb.dev\/l\/svm-temp\/wp-json\/wp\/v2\/tags?post=70030"}],"curies":[{"name":"wp","href":"https:\/\/api.w.org\/{rel}","templated":true}]}}