{"id":70050,"date":"2024-03-07T16:47:05","date_gmt":"2024-03-07T15:47:05","guid":{"rendered":"https:\/\/lightweb.dev\/l\/svm-temp\/?p=70050"},"modified":"2024-03-07T16:47:05","modified_gmt":"2024-03-07T15:47:05","slug":"arbetet-med-sportcentret-regino-hernandez-martin-ar-igang-igen","status":"publish","type":"post","link":"https:\/\/lightweb.dev\/l\/svm-temp\/nyheter\/arbetet-med-sportcentret-regino-hernandez-martin-ar-igang-igen\/","title":{"rendered":"Arbetet med sportcentret Regino Hern\u00e1ndez Mart\u00edn \u00e4r ig\u00e5ng igen"},"content":{"rendered":"<p><strong>Renoveringen av anl\u00e4ggningen i Mijas drog ig\u00e5ng f\u00f6r fem \u00e5r sedan och skulle ha varit klar 2021.<\/strong><\/p>\n<p><strong>P\u00e5 grund av flera olika faktorer har det dock lagts p\u00e5 is.\u00a0<\/strong><\/p>\n<p><strong>Nu har arbetet \u00e5terupptagits.\u00a0<\/strong><\/p>\n<p><span style=\"font-weight: 400;\">Mijas borgm\u00e4stare, Ana Mata, har meddelat att det kraftigt f\u00f6rsenade arbetet med utbyggnaden av sportcentret Regino <\/span><span style=\"font-weight: 400;\">Hern\u00e1ndez Mart\u00edn, i Las Lagunas, har kommit ig\u00e5ng igen. Ett projekt som p\u00e5b\u00f6rjades f\u00f6r fem \u00e5r sedan.\u00a0<\/span><\/p>\n<p><span style=\"font-weight: 400;\">Arbetet inleddes under v\u00e5ren 2019 och skulle enligt planen vara klart efter 18 m\u00e5nader. P\u00e5 grund av olika faktorer som byte av byggf\u00f6retag att utf\u00f6ra projektet, f\u00f6rseningar p\u00e5 grund av pandemin och kriget i Ukraina och ett underskott av kvalificerad personal har det f\u00e5tt skjutas upp.<\/span><\/p>\n<p><span style=\"font-weight: 400;\">Stadshuset har hela tiden vidh\u00e5llit vikten av att f\u00f6rb\u00e4ttra lokalerna d\u00e5 det beh\u00f6vs ett modernt och utrustat sportcenter f\u00f6r stadens 60 000 inv\u00e5nare.\u00a0<\/span><\/p>\n<p><span style=\"font-weight: 400;\">N\u00e4r arbetet \u00e4r klart kommer centret att erbjuda ett gym, en terapipool och mycket mera. Dessutom ska barnomr\u00e5det renoveras.\u00a0<\/span><\/p>\n<p><span style=\"font-weight: 400;\">Mata, som bes\u00f6kte bygget denna vecka, sade att f\u00f6rseningarna inte bara inneb\u00e4r att befolkningen f\u00e5r v\u00e4nta en l\u00e5ng tid p\u00e5 n\u00f6dv\u00e4ndiga tj\u00e4nster men ocks\u00e5 att staden f\u00e5r dras med alla problem som en ombyggnad inneb\u00e4r.\u00a0<\/span><\/p>\n<h2>F\u00f6retag drog sig ur<\/h2>\n<p><span style=\"font-weight: 400;\">Hon f\u00f6rklarade att f\u00f6retaget som f\u00f6rst fick projektet drog sig ur under 2021 och man var d\u00e4rf\u00f6r tvungna att l\u00e4gga ut projektet f\u00f6r anbud igen.\u00a0<\/span><\/p>\n<p><span style=\"font-weight: 400;\">\u201cDe har haft sv\u00e5righeter med taket eftersom det \u00e4r ett komplicerat projekt i ett omr\u00e5de med mycket trafik, men det finns ocks\u00e5 andra problem som vi m\u00e5ste skynda p\u00e5 med,\u201d sade hon.\u00a0<\/span><\/p>\n<p><span style=\"font-weight: 400;\">F\u00f6retaget som nu ansvar f\u00f6r bygget hade hoppats vara klara l\u00e4ngre fram i v\u00e5r, n\u00e4rmare best\u00e4mt i maj. Men det ser inte ut att vara m\u00f6jligt.\u00a0<\/span><\/p>\n<p><span style=\"font-weight: 400;\">\u201cVi kommer att utkr\u00e4va ansvar fr\u00e5n f\u00f6retaget f\u00f6r f\u00f6rseningarna. Om det \u00e4r n\u00f6dv\u00e4ndigt kommer de att f\u00e5 arbeta p\u00e5 helgerna, de m\u00e5ste h\u00e5lla sig till vad vi har kommit \u00f6verens om,\u201d fortsatte Mata.\u00a0<\/span><\/p>\n<p><span style=\"font-weight: 400;\">N\u00e4r renoveringen \u00e4r klar kommer byggnaden vara utrustad med flera utrymmen f\u00f6r l\u00e5gintensitetstr\u00e4ning samt omkl\u00e4dningsrum med duschar och f\u00f6rvaringsutrymmen. Terapipoolen kommer att vara 20 meter l\u00e5ng och 6 meter bred. Barnomr\u00e5det kommer att f\u00f6lja alla krav om tillg\u00e4nglighet och kommer att vara anpassat f\u00f6r dem med r\u00f6rlighets- och synsv\u00e5righeter.\u00a0\u00a0<\/span><\/p>\n","protected":false},"excerpt":{"rendered":"<p>Renoveringen av anl\u00e4ggningen i Mijas drog ig\u00e5ng f\u00f6r fem \u00e5r sedan och skulle ha varit klar 2021. P\u00e5 grund av flera olika faktorer har det dock lagts p\u00e5 is.\u00a0Nu har arbetet \u00e5terupptagits.\u00a0<\/p>\n","protected":false},"author":14,"featured_media":70051,"comment_status":"closed","ping_status":"closed","sticky":false,"template":"","format":"standard","meta":{"_et_pb_use_builder":"","_et_pb_old_content":"","_et_gb_content_width":"","footnotes":""},"categories":[395,3],"tags":[],"class_list":["post-70050","post","type-post","status-publish","format-standard","has-post-thumbnail","hentry","category-arkiv-nyheter","category-nyheter"],"yoast_head":"<!-- This site is optimized with the Yoast SEO Premium plugin v26.2 (Yoast SEO v27.4) - https:\/\/yoast.com\/product\/yoast-seo-premium-wordpress\/ -->\n<title>Arbetet med sportcentret Regino Hern\u00e1ndez Mart\u00edn \u00e4r ig\u00e5ng igen - Svenska Magasinet<\/title>\n<meta name=\"robots\" content=\"noindex, follow, max-snippet:-1, max-image-preview:large, max-video-preview:-1\" \/>\n<meta property=\"og:locale\" content=\"sv_SE\" \/>\n<meta property=\"og:type\" content=\"article\" \/>\n<meta property=\"og:title\" content=\"Arbetet med sportcentret Regino Hern\u00e1ndez Mart\u00edn \u00e4r ig\u00e5ng igen\" \/>\n<meta property=\"og:description\" content=\"Renoveringen av anl\u00e4ggningen i Mijas drog ig\u00e5ng f\u00f6r fem \u00e5r sedan och skulle ha varit klar 2021. P\u00e5 grund av flera olika faktorer har det dock lagts p\u00e5 is.\u00a0Nu har arbetet \u00e5terupptagits.\u00a0\" \/>\n<meta property=\"og:url\" content=\"https:\/\/lightweb.dev\/l\/svm-temp\/nyheter\/arbetet-med-sportcentret-regino-hernandez-martin-ar-igang-igen\/\" \/>\n<meta property=\"og:site_name\" content=\"Svenska Magasinet\" \/>\n<meta property=\"article:publisher\" content=\"https:\/\/www.facebook.com\/svenskamagasinet\" \/>\n<meta property=\"article:published_time\" content=\"2024-03-07T15:47:05+00:00\" \/>\n<meta property=\"og:image\" content=\"https:\/\/lightweb.dev\/l\/svm-temp\/wp-content\/uploads\/2024\/03\/Screenshot-2024-03-07-15.20.39.png\" \/>\n\t<meta property=\"og:image:width\" content=\"1427\" \/>\n\t<meta property=\"og:image:height\" content=\"693\" \/>\n\t<meta property=\"og:image:type\" content=\"image\/png\" \/>\n<meta name=\"author\" content=\"Robbie Eriksson\" \/>\n<meta name=\"twitter:card\" content=\"summary_large_image\" \/>\n<meta name=\"twitter:creator\" content=\"@SvenskaMagasine\" \/>\n<meta name=\"twitter:site\" content=\"@SvenskaMagasine\" \/>\n<script type=\"application\/ld+json\" class=\"yoast-schema-graph\">{\"@context\":\"https:\\\/\\\/schema.org\",\"@graph\":[{\"@type\":\"Article\",\"@id\":\"https:\\\/\\\/lightweb.dev\\\/l\\\/svm-temp\\\/nyheter\\\/arbetet-med-sportcentret-regino-hernandez-martin-ar-igang-igen\\\/#article\",\"isPartOf\":{\"@id\":\"https:\\\/\\\/lightweb.dev\\\/l\\\/svm-temp\\\/nyheter\\\/arbetet-med-sportcentret-regino-hernandez-martin-ar-igang-igen\\\/\"},\"author\":{\"name\":\"Robbie Eriksson\",\"@id\":\"https:\\\/\\\/lightweb.dev\\\/l\\\/svm-temp\\\/#\\\/schema\\\/person\\\/caffe038990d25722f5a04a03c906a2b\"},\"headline\":\"Arbetet med sportcentret Regino Hern\u00e1ndez Mart\u00edn \u00e4r ig\u00e5ng igen\",\"datePublished\":\"2024-03-07T15:47:05+00:00\",\"mainEntityOfPage\":{\"@id\":\"https:\\\/\\\/lightweb.dev\\\/l\\\/svm-temp\\\/nyheter\\\/arbetet-med-sportcentret-regino-hernandez-martin-ar-igang-igen\\\/\"},\"wordCount\":438,\"publisher\":{\"@id\":\"https:\\\/\\\/lightweb.dev\\\/l\\\/svm-temp\\\/#organization\"},\"image\":{\"@id\":\"https:\\\/\\\/lightweb.dev\\\/l\\\/svm-temp\\\/nyheter\\\/arbetet-med-sportcentret-regino-hernandez-martin-ar-igang-igen\\\/#primaryimage\"},\"thumbnailUrl\":\"https:\\\/\\\/lightweb.dev\\\/l\\\/svm-temp\\\/wp-content\\\/uploads\\\/2024\\\/03\\\/Screenshot-2024-03-07-15.20.39.png\",\"articleSection\":[\"Arkiv\",\"Nyheter\"],\"inLanguage\":\"sv-SE\"},{\"@type\":\"WebPage\",\"@id\":\"https:\\\/\\\/lightweb.dev\\\/l\\\/svm-temp\\\/nyheter\\\/arbetet-med-sportcentret-regino-hernandez-martin-ar-igang-igen\\\/\",\"url\":\"https:\\\/\\\/lightweb.dev\\\/l\\\/svm-temp\\\/nyheter\\\/arbetet-med-sportcentret-regino-hernandez-martin-ar-igang-igen\\\/\",\"name\":\"Arbetet med sportcentret Regino Hern\u00e1ndez Mart\u00edn \u00e4r ig\u00e5ng igen - Svenska Magasinet\",\"isPartOf\":{\"@id\":\"https:\\\/\\\/lightweb.dev\\\/l\\\/svm-temp\\\/#website\"},\"primaryImageOfPage\":{\"@id\":\"https:\\\/\\\/lightweb.dev\\\/l\\\/svm-temp\\\/nyheter\\\/arbetet-med-sportcentret-regino-hernandez-martin-ar-igang-igen\\\/#primaryimage\"},\"image\":{\"@id\":\"https:\\\/\\\/lightweb.dev\\\/l\\\/svm-temp\\\/nyheter\\\/arbetet-med-sportcentret-regino-hernandez-martin-ar-igang-igen\\\/#primaryimage\"},\"thumbnailUrl\":\"https:\\\/\\\/lightweb.dev\\\/l\\\/svm-temp\\\/wp-content\\\/uploads\\\/2024\\\/03\\\/Screenshot-2024-03-07-15.20.39.png\",\"datePublished\":\"2024-03-07T15:47:05+00:00\",\"breadcrumb\":{\"@id\":\"https:\\\/\\\/lightweb.dev\\\/l\\\/svm-temp\\\/nyheter\\\/arbetet-med-sportcentret-regino-hernandez-martin-ar-igang-igen\\\/#breadcrumb\"},\"inLanguage\":\"sv-SE\",\"potentialAction\":[{\"@type\":\"ReadAction\",\"target\":[\"https:\\\/\\\/lightweb.dev\\\/l\\\/svm-temp\\\/nyheter\\\/arbetet-med-sportcentret-regino-hernandez-martin-ar-igang-igen\\\/\"]}]},{\"@type\":\"ImageObject\",\"inLanguage\":\"sv-SE\",\"@id\":\"https:\\\/\\\/lightweb.dev\\\/l\\\/svm-temp\\\/nyheter\\\/arbetet-med-sportcentret-regino-hernandez-martin-ar-igang-igen\\\/#primaryimage\",\"url\":\"https:\\\/\\\/lightweb.dev\\\/l\\\/svm-temp\\\/wp-content\\\/uploads\\\/2024\\\/03\\\/Screenshot-2024-03-07-15.20.39.png\",\"contentUrl\":\"https:\\\/\\\/lightweb.dev\\\/l\\\/svm-temp\\\/wp-content\\\/uploads\\\/2024\\\/03\\\/Screenshot-2024-03-07-15.20.39.png\",\"width\":1427,\"height\":693,\"caption\":\"Sportcentret Regino Hern\u00e1ndez Mart\u00edn (Bild: Google Maps)\"},{\"@type\":\"BreadcrumbList\",\"@id\":\"https:\\\/\\\/lightweb.dev\\\/l\\\/svm-temp\\\/nyheter\\\/arbetet-med-sportcentret-regino-hernandez-martin-ar-igang-igen\\\/#breadcrumb\",\"itemListElement\":[{\"@type\":\"ListItem\",\"position\":1,\"name\":\"Hem\",\"item\":\"https:\\\/\\\/lightweb.dev\\\/l\\\/svm-temp\\\/\"},{\"@type\":\"ListItem\",\"position\":2,\"name\":\"Arbetet med sportcentret Regino Hern\u00e1ndez Mart\u00edn \u00e4r ig\u00e5ng igen\"}]},{\"@type\":\"WebSite\",\"@id\":\"https:\\\/\\\/lightweb.dev\\\/l\\\/svm-temp\\\/#website\",\"url\":\"https:\\\/\\\/lightweb.dev\\\/l\\\/svm-temp\\\/\",\"name\":\"Svenska Magasinet\",\"description\":\"Dina Spanska nyheter p&aring; Svenska\",\"publisher\":{\"@id\":\"https:\\\/\\\/lightweb.dev\\\/l\\\/svm-temp\\\/#organization\"},\"potentialAction\":[{\"@type\":\"SearchAction\",\"target\":{\"@type\":\"EntryPoint\",\"urlTemplate\":\"https:\\\/\\\/lightweb.dev\\\/l\\\/svm-temp\\\/?s={search_term_string}\"},\"query-input\":{\"@type\":\"PropertyValueSpecification\",\"valueRequired\":true,\"valueName\":\"search_term_string\"}}],\"inLanguage\":\"sv-SE\"},{\"@type\":\"Organization\",\"@id\":\"https:\\\/\\\/lightweb.dev\\\/l\\\/svm-temp\\\/#organization\",\"name\":\"Melkerson y Nott SL\",\"alternateName\":\"Svenska Magasinet\",\"url\":\"https:\\\/\\\/lightweb.dev\\\/l\\\/svm-temp\\\/\",\"logo\":{\"@type\":\"ImageObject\",\"inLanguage\":\"sv-SE\",\"@id\":\"https:\\\/\\\/lightweb.dev\\\/l\\\/svm-temp\\\/#\\\/schema\\\/logo\\\/image\\\/\",\"url\":\"https:\\\/\\\/lightweb.dev\\\/l\\\/svm-temp\\\/wp-content\\\/uploads\\\/2025\\\/02\\\/SvM-logo-Xtra-Centrerad-SVART.png\",\"contentUrl\":\"https:\\\/\\\/lightweb.dev\\\/l\\\/svm-temp\\\/wp-content\\\/uploads\\\/2025\\\/02\\\/SvM-logo-Xtra-Centrerad-SVART.png\",\"width\":300,\"height\":99,\"caption\":\"Melkerson y Nott SL\"},\"image\":{\"@id\":\"https:\\\/\\\/lightweb.dev\\\/l\\\/svm-temp\\\/#\\\/schema\\\/logo\\\/image\\\/\"},\"sameAs\":[\"https:\\\/\\\/www.facebook.com\\\/svenskamagasinet\",\"https:\\\/\\\/x.com\\\/SvenskaMagasine\"]},{\"@type\":\"Person\",\"@id\":\"https:\\\/\\\/lightweb.dev\\\/l\\\/svm-temp\\\/#\\\/schema\\\/person\\\/caffe038990d25722f5a04a03c906a2b\",\"name\":\"Robbie Eriksson\",\"sameAs\":[\"https:\\\/\\\/lightweb.dev\\\/l\\\/svm-temp\"],\"url\":\"https:\\\/\\\/lightweb.dev\\\/l\\\/svm-temp\\\/reporter\\\/robbie-eriksson\\\/\"}]}<\/script>\n<!-- \/ Yoast SEO Premium plugin. -->","yoast_head_json":{"title":"Arbetet med sportcentret Regino Hern\u00e1ndez Mart\u00edn \u00e4r ig\u00e5ng igen - Svenska Magasinet","robots":{"index":"noindex","follow":"follow","max-snippet":"max-snippet:-1","max-image-preview":"max-image-preview:large","max-video-preview":"max-video-preview:-1"},"og_locale":"sv_SE","og_type":"article","og_title":"Arbetet med sportcentret Regino Hern\u00e1ndez Mart\u00edn \u00e4r ig\u00e5ng igen","og_description":"Renoveringen av anl\u00e4ggningen i Mijas drog ig\u00e5ng f\u00f6r fem \u00e5r sedan och skulle ha varit klar 2021. P\u00e5 grund av flera olika faktorer har det dock lagts p\u00e5 is.\u00a0Nu har arbetet \u00e5terupptagits.\u00a0","og_url":"https:\/\/lightweb.dev\/l\/svm-temp\/nyheter\/arbetet-med-sportcentret-regino-hernandez-martin-ar-igang-igen\/","og_site_name":"Svenska Magasinet","article_publisher":"https:\/\/www.facebook.com\/svenskamagasinet","article_published_time":"2024-03-07T15:47:05+00:00","og_image":[{"width":1427,"height":693,"url":"https:\/\/lightweb.dev\/l\/svm-temp\/wp-content\/uploads\/2024\/03\/Screenshot-2024-03-07-15.20.39.png","type":"image\/png"}],"author":"Robbie Eriksson","twitter_card":"summary_large_image","twitter_creator":"@SvenskaMagasine","twitter_site":"@SvenskaMagasine","schema":{"@context":"https:\/\/schema.org","@graph":[{"@type":"Article","@id":"https:\/\/lightweb.dev\/l\/svm-temp\/nyheter\/arbetet-med-sportcentret-regino-hernandez-martin-ar-igang-igen\/#article","isPartOf":{"@id":"https:\/\/lightweb.dev\/l\/svm-temp\/nyheter\/arbetet-med-sportcentret-regino-hernandez-martin-ar-igang-igen\/"},"author":{"name":"Robbie Eriksson","@id":"https:\/\/lightweb.dev\/l\/svm-temp\/#\/schema\/person\/caffe038990d25722f5a04a03c906a2b"},"headline":"Arbetet med sportcentret Regino Hern\u00e1ndez Mart\u00edn \u00e4r ig\u00e5ng igen","datePublished":"2024-03-07T15:47:05+00:00","mainEntityOfPage":{"@id":"https:\/\/lightweb.dev\/l\/svm-temp\/nyheter\/arbetet-med-sportcentret-regino-hernandez-martin-ar-igang-igen\/"},"wordCount":438,"publisher":{"@id":"https:\/\/lightweb.dev\/l\/svm-temp\/#organization"},"image":{"@id":"https:\/\/lightweb.dev\/l\/svm-temp\/nyheter\/arbetet-med-sportcentret-regino-hernandez-martin-ar-igang-igen\/#primaryimage"},"thumbnailUrl":"https:\/\/lightweb.dev\/l\/svm-temp\/wp-content\/uploads\/2024\/03\/Screenshot-2024-03-07-15.20.39.png","articleSection":["Arkiv","Nyheter"],"inLanguage":"sv-SE"},{"@type":"WebPage","@id":"https:\/\/lightweb.dev\/l\/svm-temp\/nyheter\/arbetet-med-sportcentret-regino-hernandez-martin-ar-igang-igen\/","url":"https:\/\/lightweb.dev\/l\/svm-temp\/nyheter\/arbetet-med-sportcentret-regino-hernandez-martin-ar-igang-igen\/","name":"Arbetet med sportcentret Regino Hern\u00e1ndez Mart\u00edn \u00e4r ig\u00e5ng igen - Svenska Magasinet","isPartOf":{"@id":"https:\/\/lightweb.dev\/l\/svm-temp\/#website"},"primaryImageOfPage":{"@id":"https:\/\/lightweb.dev\/l\/svm-temp\/nyheter\/arbetet-med-sportcentret-regino-hernandez-martin-ar-igang-igen\/#primaryimage"},"image":{"@id":"https:\/\/lightweb.dev\/l\/svm-temp\/nyheter\/arbetet-med-sportcentret-regino-hernandez-martin-ar-igang-igen\/#primaryimage"},"thumbnailUrl":"https:\/\/lightweb.dev\/l\/svm-temp\/wp-content\/uploads\/2024\/03\/Screenshot-2024-03-07-15.20.39.png","datePublished":"2024-03-07T15:47:05+00:00","breadcrumb":{"@id":"https:\/\/lightweb.dev\/l\/svm-temp\/nyheter\/arbetet-med-sportcentret-regino-hernandez-martin-ar-igang-igen\/#breadcrumb"},"inLanguage":"sv-SE","potentialAction":[{"@type":"ReadAction","target":["https:\/\/lightweb.dev\/l\/svm-temp\/nyheter\/arbetet-med-sportcentret-regino-hernandez-martin-ar-igang-igen\/"]}]},{"@type":"ImageObject","inLanguage":"sv-SE","@id":"https:\/\/lightweb.dev\/l\/svm-temp\/nyheter\/arbetet-med-sportcentret-regino-hernandez-martin-ar-igang-igen\/#primaryimage","url":"https:\/\/lightweb.dev\/l\/svm-temp\/wp-content\/uploads\/2024\/03\/Screenshot-2024-03-07-15.20.39.png","contentUrl":"https:\/\/lightweb.dev\/l\/svm-temp\/wp-content\/uploads\/2024\/03\/Screenshot-2024-03-07-15.20.39.png","width":1427,"height":693,"caption":"Sportcentret Regino Hern\u00e1ndez Mart\u00edn (Bild: Google Maps)"},{"@type":"BreadcrumbList","@id":"https:\/\/lightweb.dev\/l\/svm-temp\/nyheter\/arbetet-med-sportcentret-regino-hernandez-martin-ar-igang-igen\/#breadcrumb","itemListElement":[{"@type":"ListItem","position":1,"name":"Hem","item":"https:\/\/lightweb.dev\/l\/svm-temp\/"},{"@type":"ListItem","position":2,"name":"Arbetet med sportcentret Regino Hern\u00e1ndez Mart\u00edn \u00e4r ig\u00e5ng igen"}]},{"@type":"WebSite","@id":"https:\/\/lightweb.dev\/l\/svm-temp\/#website","url":"https:\/\/lightweb.dev\/l\/svm-temp\/","name":"Svenska Magasinet","description":"Dina Spanska nyheter p&aring; Svenska","publisher":{"@id":"https:\/\/lightweb.dev\/l\/svm-temp\/#organization"},"potentialAction":[{"@type":"SearchAction","target":{"@type":"EntryPoint","urlTemplate":"https:\/\/lightweb.dev\/l\/svm-temp\/?s={search_term_string}"},"query-input":{"@type":"PropertyValueSpecification","valueRequired":true,"valueName":"search_term_string"}}],"inLanguage":"sv-SE"},{"@type":"Organization","@id":"https:\/\/lightweb.dev\/l\/svm-temp\/#organization","name":"Melkerson y Nott SL","alternateName":"Svenska Magasinet","url":"https:\/\/lightweb.dev\/l\/svm-temp\/","logo":{"@type":"ImageObject","inLanguage":"sv-SE","@id":"https:\/\/lightweb.dev\/l\/svm-temp\/#\/schema\/logo\/image\/","url":"https:\/\/lightweb.dev\/l\/svm-temp\/wp-content\/uploads\/2025\/02\/SvM-logo-Xtra-Centrerad-SVART.png","contentUrl":"https:\/\/lightweb.dev\/l\/svm-temp\/wp-content\/uploads\/2025\/02\/SvM-logo-Xtra-Centrerad-SVART.png","width":300,"height":99,"caption":"Melkerson y Nott SL"},"image":{"@id":"https:\/\/lightweb.dev\/l\/svm-temp\/#\/schema\/logo\/image\/"},"sameAs":["https:\/\/www.facebook.com\/svenskamagasinet","https:\/\/x.com\/SvenskaMagasine"]},{"@type":"Person","@id":"https:\/\/lightweb.dev\/l\/svm-temp\/#\/schema\/person\/caffe038990d25722f5a04a03c906a2b","name":"Robbie Eriksson","sameAs":["https:\/\/lightweb.dev\/l\/svm-temp"],"url":"https:\/\/lightweb.dev\/l\/svm-temp\/reporter\/robbie-eriksson\/"}]}},"_links":{"self":[{"href":"https:\/\/lightweb.dev\/l\/svm-temp\/wp-json\/wp\/v2\/posts\/70050","targetHints":{"allow":["GET"]}}],"collection":[{"href":"https:\/\/lightweb.dev\/l\/svm-temp\/wp-json\/wp\/v2\/posts"}],"about":[{"href":"https:\/\/lightweb.dev\/l\/svm-temp\/wp-json\/wp\/v2\/types\/post"}],"author":[{"embeddable":true,"href":"https:\/\/lightweb.dev\/l\/svm-temp\/wp-json\/wp\/v2\/users\/14"}],"replies":[{"embeddable":true,"href":"https:\/\/lightweb.dev\/l\/svm-temp\/wp-json\/wp\/v2\/comments?post=70050"}],"version-history":[{"count":0,"href":"https:\/\/lightweb.dev\/l\/svm-temp\/wp-json\/wp\/v2\/posts\/70050\/revisions"}],"wp:featuredmedia":[{"embeddable":true,"href":"https:\/\/lightweb.dev\/l\/svm-temp\/wp-json\/wp\/v2\/media\/70051"}],"wp:attachment":[{"href":"https:\/\/lightweb.dev\/l\/svm-temp\/wp-json\/wp\/v2\/media?parent=70050"}],"wp:term":[{"taxonomy":"category","embeddable":true,"href":"https:\/\/lightweb.dev\/l\/svm-temp\/wp-json\/wp\/v2\/categories?post=70050"},{"taxonomy":"post_tag","embeddable":true,"href":"https:\/\/lightweb.dev\/l\/svm-temp\/wp-json\/wp\/v2\/tags?post=70050"}],"curies":[{"name":"wp","href":"https:\/\/api.w.org\/{rel}","templated":true}]}}