{"id":70053,"date":"2024-03-08T10:02:23","date_gmt":"2024-03-08T09:02:23","guid":{"rendered":"https:\/\/lightweb.dev\/l\/svm-temp\/?p=70053"},"modified":"2024-03-08T10:03:06","modified_gmt":"2024-03-08T09:03:06","slug":"mord-pa-ung-norsk-kvinna-i-fuengirola-pa-vag-att-klaras-upp","status":"publish","type":"post","link":"https:\/\/lightweb.dev\/l\/svm-temp\/nyheter\/mord-pa-ung-norsk-kvinna-i-fuengirola-pa-vag-att-klaras-upp\/","title":{"rendered":"Mord p\u00e5 ung norsk kvinna i Fuengirola p\u00e5 v\u00e4g att klaras upp"},"content":{"rendered":"<p><strong>Anne Mathea Morken fr\u00e5n Ringebu i Norge blev bara 22 \u00e5r. Hon skulle utbilda sig till personlig tr\u00e4nare.<\/strong><\/p>\n<p><strong>Men planerna f\u00f6r\u00e4ndrades.<\/strong><\/p>\n<p>Hon flyttade till Fuengirola 2022 och b\u00f6rjade jobba vid ett callcenter. Hon var sportig och gillade att \u00e5ka skidor visar bilder hon l\u00e4t publicera p\u00e5 sociala n\u00e4tverk.<\/p>\n<p>Den 13 september i fjol hittade n\u00e5gra ungdomar en livl\u00f6s kropp l\u00e4ngs en g\u00e5ngv\u00e4g n\u00e4ra urbanizaci\u00f3n Benyamina i stadsdelen Playamar i Torremolinos. Nationalpolisens f\u00f6rsta analys var att n\u00e5gon hade dumpat kroppen p\u00e5 platsen.<\/p>\n<h2 class=\"entry-title\">L\u00e4s mer: <a href=\"https:\/\/lightweb.dev\/l\/svm-temp\/nyheter\/kropp-identifierad-i-torremolinos\/\">Kropp identifierad i Torremolinos<\/a><\/h2>\n<p>Polisen inledde en f\u00f6runders\u00f6kning och ganska snart var kroppen identifierad. Den tillh\u00f6rde den 22-\u00e5riga tjejen fr\u00e5n Norge.<\/p>\n<p>Utredningen visade att hon den 11 september hade varit i s\u00e4llskap med tv\u00e5 m\u00e4n i Fuengirola. Tv\u00e5 senegaleser i trettio\u00e5rs\u00e5ldern med kopplingar till narkotikahandel.<\/p>\n<p>N\u00e4r polisen lokaliserade m\u00e4nnens l\u00e4genhet i Fuengirola visade det sig att en av m\u00e4nnen hade rest till Tanger i Nordafrika bara tv\u00e5 dagar efter att Annes kropp hittats.<\/p>\n<p>I februari lokaliserades en av m\u00e4nnen av Madridpolisen trots att han bar p\u00e5 falska ID-handlingar. Mannen avsl\u00f6jades under en rutinkontroll n\u00e4r han var p\u00e5 v\u00e4g till Lissabon (Portugal).<\/p>\n<p>Den 33-\u00e5rige mannen fr\u00e5n Senegal greps misst\u00e4nkt f\u00f6r mord, f\u00f6rfalskning, olovlig k\u00f6rning och brott mot folkh\u00e4lsan (narkotikabrott). Hans v\u00e4n \u00e4r fortsatt p\u00e5 fri fot.<\/p>\n<p>Med hj\u00e4lp av \u00f6vervakningskameror i den fastighet d\u00e4r m\u00e4nnen var bosatta i Fuengirola har polisen en god bild av h\u00e4ndelsef\u00f6rloppet. De b\u00e5da m\u00e4nnen kom till bostaden tillsammans med den norska kvinnan den 11 september. Den 13 september l\u00e4mnade de bostaden med offrets kropp.<\/p>\n<p>Enligt utredningen som <a href=\"https:\/\/www.diariosur.es\/sucesos\/detenido-muerte-cadaver-calle-torremolinos-20240307204133-nt.html\">Diario Sur<\/a> h\u00e4nvisar till avled den unga kvinnan i m\u00e4nnens bostad till f\u00f6ljd av stora m\u00e4ngder droger. De b\u00e5da m\u00e4nnen som saknade k\u00f6rkort f\u00f6rde kroppen i en sk\u00e5pbil till Torremolinos d\u00e4r den dumpades. Av den orsaken \u00e4r den nu gripne 33-\u00e5ringen \u00e4ven misst\u00e4nkt f\u00f6r olovlig k\u00f6rning.<\/p>\n","protected":false},"excerpt":{"rendered":"<p>Anne Mathea Morken fr\u00e5n Ringebu i Norge blev bara 22 \u00e5r. Hon skulle utbilda sig till personlig tr\u00e4nare. Men planerna f\u00f6r\u00e4ndrades&#8230;<\/p>\n","protected":false},"author":7,"featured_media":63382,"comment_status":"closed","ping_status":"closed","sticky":false,"template":"","format":"standard","meta":{"_et_pb_use_builder":"","_et_pb_old_content":"","_et_gb_content_width":"","footnotes":""},"categories":[395,3],"tags":[],"class_list":["post-70053","post","type-post","status-publish","format-standard","has-post-thumbnail","hentry","category-arkiv-nyheter","category-nyheter"],"yoast_head":"<!-- This site is optimized with the Yoast SEO Premium plugin v26.2 (Yoast SEO v27.4) - https:\/\/yoast.com\/product\/yoast-seo-premium-wordpress\/ -->\n<title>Mord p\u00e5 ung norsk kvinna i Fuengirola p\u00e5 v\u00e4g att klaras upp - Svenska Magasinet<\/title>\n<meta name=\"description\" content=\"Anne Mathea Morken fr\u00e5n Ringebu i Norge blev bara 22 \u00e5r. Hon skulle utbilda sig till personlig tr\u00e4nare. Men planerna f\u00f6r\u00e4ndrades.\" \/>\n<meta name=\"robots\" content=\"noindex, follow, max-snippet:-1, max-image-preview:large, max-video-preview:-1\" \/>\n<meta property=\"og:locale\" content=\"sv_SE\" \/>\n<meta property=\"og:type\" content=\"article\" \/>\n<meta property=\"og:title\" content=\"Mord p\u00e5 ung norsk kvinna i Fuengirola p\u00e5 v\u00e4g att klaras upp\" \/>\n<meta property=\"og:description\" content=\"Anne Mathea Morken fr\u00e5n Ringebu i Norge blev bara 22 \u00e5r. Hon skulle utbilda sig till personlig tr\u00e4nare. Men planerna f\u00f6r\u00e4ndrades.\" \/>\n<meta property=\"og:url\" content=\"https:\/\/lightweb.dev\/l\/svm-temp\/nyheter\/mord-pa-ung-norsk-kvinna-i-fuengirola-pa-vag-att-klaras-upp\/\" \/>\n<meta property=\"og:site_name\" content=\"Svenska Magasinet\" \/>\n<meta property=\"article:publisher\" content=\"https:\/\/www.facebook.com\/svenskamagasinet\" \/>\n<meta property=\"article:published_time\" content=\"2024-03-08T09:02:23+00:00\" \/>\n<meta property=\"article:modified_time\" content=\"2024-03-08T09:03:06+00:00\" \/>\n<meta property=\"og:image\" content=\"https:\/\/lightweb.dev\/l\/svm-temp\/wp-content\/uploads\/2023\/05\/IMG-0454-stor.jpeg\" \/>\n\t<meta property=\"og:image:width\" content=\"1280\" \/>\n\t<meta property=\"og:image:height\" content=\"960\" \/>\n\t<meta property=\"og:image:type\" content=\"image\/jpeg\" \/>\n<meta name=\"author\" content=\"Ola Josefsson\" \/>\n<meta name=\"twitter:card\" content=\"summary_large_image\" \/>\n<meta name=\"twitter:creator\" content=\"@SvenskaMagasine\" \/>\n<meta name=\"twitter:site\" content=\"@SvenskaMagasine\" \/>\n<script type=\"application\/ld+json\" class=\"yoast-schema-graph\">{\"@context\":\"https:\\\/\\\/schema.org\",\"@graph\":[{\"@type\":\"Article\",\"@id\":\"https:\\\/\\\/lightweb.dev\\\/l\\\/svm-temp\\\/nyheter\\\/mord-pa-ung-norsk-kvinna-i-fuengirola-pa-vag-att-klaras-upp\\\/#article\",\"isPartOf\":{\"@id\":\"https:\\\/\\\/lightweb.dev\\\/l\\\/svm-temp\\\/nyheter\\\/mord-pa-ung-norsk-kvinna-i-fuengirola-pa-vag-att-klaras-upp\\\/\"},\"author\":{\"name\":\"Ola Josefsson\",\"@id\":\"https:\\\/\\\/lightweb.dev\\\/l\\\/svm-temp\\\/#\\\/schema\\\/person\\\/7a82b8a73d171d32360a564b6d03508e\"},\"headline\":\"Mord p\u00e5 ung norsk kvinna i Fuengirola p\u00e5 v\u00e4g att klaras upp\",\"datePublished\":\"2024-03-08T09:02:23+00:00\",\"dateModified\":\"2024-03-08T09:03:06+00:00\",\"mainEntityOfPage\":{\"@id\":\"https:\\\/\\\/lightweb.dev\\\/l\\\/svm-temp\\\/nyheter\\\/mord-pa-ung-norsk-kvinna-i-fuengirola-pa-vag-att-klaras-upp\\\/\"},\"wordCount\":371,\"publisher\":{\"@id\":\"https:\\\/\\\/lightweb.dev\\\/l\\\/svm-temp\\\/#organization\"},\"image\":{\"@id\":\"https:\\\/\\\/lightweb.dev\\\/l\\\/svm-temp\\\/nyheter\\\/mord-pa-ung-norsk-kvinna-i-fuengirola-pa-vag-att-klaras-upp\\\/#primaryimage\"},\"thumbnailUrl\":\"https:\\\/\\\/lightweb.dev\\\/l\\\/svm-temp\\\/wp-content\\\/uploads\\\/2023\\\/05\\\/IMG-0454-stor.jpeg\",\"articleSection\":[\"Arkiv\",\"Nyheter\"],\"inLanguage\":\"sv-SE\"},{\"@type\":\"WebPage\",\"@id\":\"https:\\\/\\\/lightweb.dev\\\/l\\\/svm-temp\\\/nyheter\\\/mord-pa-ung-norsk-kvinna-i-fuengirola-pa-vag-att-klaras-upp\\\/\",\"url\":\"https:\\\/\\\/lightweb.dev\\\/l\\\/svm-temp\\\/nyheter\\\/mord-pa-ung-norsk-kvinna-i-fuengirola-pa-vag-att-klaras-upp\\\/\",\"name\":\"Mord p\u00e5 ung norsk kvinna i Fuengirola p\u00e5 v\u00e4g att klaras upp - Svenska Magasinet\",\"isPartOf\":{\"@id\":\"https:\\\/\\\/lightweb.dev\\\/l\\\/svm-temp\\\/#website\"},\"primaryImageOfPage\":{\"@id\":\"https:\\\/\\\/lightweb.dev\\\/l\\\/svm-temp\\\/nyheter\\\/mord-pa-ung-norsk-kvinna-i-fuengirola-pa-vag-att-klaras-upp\\\/#primaryimage\"},\"image\":{\"@id\":\"https:\\\/\\\/lightweb.dev\\\/l\\\/svm-temp\\\/nyheter\\\/mord-pa-ung-norsk-kvinna-i-fuengirola-pa-vag-att-klaras-upp\\\/#primaryimage\"},\"thumbnailUrl\":\"https:\\\/\\\/lightweb.dev\\\/l\\\/svm-temp\\\/wp-content\\\/uploads\\\/2023\\\/05\\\/IMG-0454-stor.jpeg\",\"datePublished\":\"2024-03-08T09:02:23+00:00\",\"dateModified\":\"2024-03-08T09:03:06+00:00\",\"description\":\"Anne Mathea Morken fr\u00e5n Ringebu i Norge blev bara 22 \u00e5r. Hon skulle utbilda sig till personlig tr\u00e4nare. Men planerna f\u00f6r\u00e4ndrades.\",\"breadcrumb\":{\"@id\":\"https:\\\/\\\/lightweb.dev\\\/l\\\/svm-temp\\\/nyheter\\\/mord-pa-ung-norsk-kvinna-i-fuengirola-pa-vag-att-klaras-upp\\\/#breadcrumb\"},\"inLanguage\":\"sv-SE\",\"potentialAction\":[{\"@type\":\"ReadAction\",\"target\":[\"https:\\\/\\\/lightweb.dev\\\/l\\\/svm-temp\\\/nyheter\\\/mord-pa-ung-norsk-kvinna-i-fuengirola-pa-vag-att-klaras-upp\\\/\"]}]},{\"@type\":\"ImageObject\",\"inLanguage\":\"sv-SE\",\"@id\":\"https:\\\/\\\/lightweb.dev\\\/l\\\/svm-temp\\\/nyheter\\\/mord-pa-ung-norsk-kvinna-i-fuengirola-pa-vag-att-klaras-upp\\\/#primaryimage\",\"url\":\"https:\\\/\\\/lightweb.dev\\\/l\\\/svm-temp\\\/wp-content\\\/uploads\\\/2023\\\/05\\\/IMG-0454-stor.jpeg\",\"contentUrl\":\"https:\\\/\\\/lightweb.dev\\\/l\\\/svm-temp\\\/wp-content\\\/uploads\\\/2023\\\/05\\\/IMG-0454-stor.jpeg\",\"width\":1280,\"height\":960},{\"@type\":\"BreadcrumbList\",\"@id\":\"https:\\\/\\\/lightweb.dev\\\/l\\\/svm-temp\\\/nyheter\\\/mord-pa-ung-norsk-kvinna-i-fuengirola-pa-vag-att-klaras-upp\\\/#breadcrumb\",\"itemListElement\":[{\"@type\":\"ListItem\",\"position\":1,\"name\":\"Hem\",\"item\":\"https:\\\/\\\/lightweb.dev\\\/l\\\/svm-temp\\\/\"},{\"@type\":\"ListItem\",\"position\":2,\"name\":\"Mord p\u00e5 ung norsk kvinna i Fuengirola p\u00e5 v\u00e4g att klaras upp\"}]},{\"@type\":\"WebSite\",\"@id\":\"https:\\\/\\\/lightweb.dev\\\/l\\\/svm-temp\\\/#website\",\"url\":\"https:\\\/\\\/lightweb.dev\\\/l\\\/svm-temp\\\/\",\"name\":\"Svenska Magasinet\",\"description\":\"Dina Spanska nyheter p&aring; Svenska\",\"publisher\":{\"@id\":\"https:\\\/\\\/lightweb.dev\\\/l\\\/svm-temp\\\/#organization\"},\"potentialAction\":[{\"@type\":\"SearchAction\",\"target\":{\"@type\":\"EntryPoint\",\"urlTemplate\":\"https:\\\/\\\/lightweb.dev\\\/l\\\/svm-temp\\\/?s={search_term_string}\"},\"query-input\":{\"@type\":\"PropertyValueSpecification\",\"valueRequired\":true,\"valueName\":\"search_term_string\"}}],\"inLanguage\":\"sv-SE\"},{\"@type\":\"Organization\",\"@id\":\"https:\\\/\\\/lightweb.dev\\\/l\\\/svm-temp\\\/#organization\",\"name\":\"Melkerson y Nott SL\",\"alternateName\":\"Svenska Magasinet\",\"url\":\"https:\\\/\\\/lightweb.dev\\\/l\\\/svm-temp\\\/\",\"logo\":{\"@type\":\"ImageObject\",\"inLanguage\":\"sv-SE\",\"@id\":\"https:\\\/\\\/lightweb.dev\\\/l\\\/svm-temp\\\/#\\\/schema\\\/logo\\\/image\\\/\",\"url\":\"https:\\\/\\\/lightweb.dev\\\/l\\\/svm-temp\\\/wp-content\\\/uploads\\\/2025\\\/02\\\/SvM-logo-Xtra-Centrerad-SVART.png\",\"contentUrl\":\"https:\\\/\\\/lightweb.dev\\\/l\\\/svm-temp\\\/wp-content\\\/uploads\\\/2025\\\/02\\\/SvM-logo-Xtra-Centrerad-SVART.png\",\"width\":300,\"height\":99,\"caption\":\"Melkerson y Nott SL\"},\"image\":{\"@id\":\"https:\\\/\\\/lightweb.dev\\\/l\\\/svm-temp\\\/#\\\/schema\\\/logo\\\/image\\\/\"},\"sameAs\":[\"https:\\\/\\\/www.facebook.com\\\/svenskamagasinet\",\"https:\\\/\\\/x.com\\\/SvenskaMagasine\"]},{\"@type\":\"Person\",\"@id\":\"https:\\\/\\\/lightweb.dev\\\/l\\\/svm-temp\\\/#\\\/schema\\\/person\\\/7a82b8a73d171d32360a564b6d03508e\",\"name\":\"Ola Josefsson\",\"description\":\"Bevakar Solkusten och Spanien sedan 1994.\",\"sameAs\":[\"https:\\\/\\\/lightweb.dev\\\/l\\\/svm-temp\"],\"url\":\"https:\\\/\\\/lightweb.dev\\\/l\\\/svm-temp\\\/reporter\\\/ola-josefsson\\\/\"}]}<\/script>\n<!-- \/ Yoast SEO Premium plugin. -->","yoast_head_json":{"title":"Mord p\u00e5 ung norsk kvinna i Fuengirola p\u00e5 v\u00e4g att klaras upp - Svenska Magasinet","description":"Anne Mathea Morken fr\u00e5n Ringebu i Norge blev bara 22 \u00e5r. Hon skulle utbilda sig till personlig tr\u00e4nare. Men planerna f\u00f6r\u00e4ndrades.","robots":{"index":"noindex","follow":"follow","max-snippet":"max-snippet:-1","max-image-preview":"max-image-preview:large","max-video-preview":"max-video-preview:-1"},"og_locale":"sv_SE","og_type":"article","og_title":"Mord p\u00e5 ung norsk kvinna i Fuengirola p\u00e5 v\u00e4g att klaras upp","og_description":"Anne Mathea Morken fr\u00e5n Ringebu i Norge blev bara 22 \u00e5r. Hon skulle utbilda sig till personlig tr\u00e4nare. Men planerna f\u00f6r\u00e4ndrades.","og_url":"https:\/\/lightweb.dev\/l\/svm-temp\/nyheter\/mord-pa-ung-norsk-kvinna-i-fuengirola-pa-vag-att-klaras-upp\/","og_site_name":"Svenska Magasinet","article_publisher":"https:\/\/www.facebook.com\/svenskamagasinet","article_published_time":"2024-03-08T09:02:23+00:00","article_modified_time":"2024-03-08T09:03:06+00:00","og_image":[{"width":1280,"height":960,"url":"https:\/\/lightweb.dev\/l\/svm-temp\/wp-content\/uploads\/2023\/05\/IMG-0454-stor.jpeg","type":"image\/jpeg"}],"author":"Ola Josefsson","twitter_card":"summary_large_image","twitter_creator":"@SvenskaMagasine","twitter_site":"@SvenskaMagasine","schema":{"@context":"https:\/\/schema.org","@graph":[{"@type":"Article","@id":"https:\/\/lightweb.dev\/l\/svm-temp\/nyheter\/mord-pa-ung-norsk-kvinna-i-fuengirola-pa-vag-att-klaras-upp\/#article","isPartOf":{"@id":"https:\/\/lightweb.dev\/l\/svm-temp\/nyheter\/mord-pa-ung-norsk-kvinna-i-fuengirola-pa-vag-att-klaras-upp\/"},"author":{"name":"Ola Josefsson","@id":"https:\/\/lightweb.dev\/l\/svm-temp\/#\/schema\/person\/7a82b8a73d171d32360a564b6d03508e"},"headline":"Mord p\u00e5 ung norsk kvinna i Fuengirola p\u00e5 v\u00e4g att klaras upp","datePublished":"2024-03-08T09:02:23+00:00","dateModified":"2024-03-08T09:03:06+00:00","mainEntityOfPage":{"@id":"https:\/\/lightweb.dev\/l\/svm-temp\/nyheter\/mord-pa-ung-norsk-kvinna-i-fuengirola-pa-vag-att-klaras-upp\/"},"wordCount":371,"publisher":{"@id":"https:\/\/lightweb.dev\/l\/svm-temp\/#organization"},"image":{"@id":"https:\/\/lightweb.dev\/l\/svm-temp\/nyheter\/mord-pa-ung-norsk-kvinna-i-fuengirola-pa-vag-att-klaras-upp\/#primaryimage"},"thumbnailUrl":"https:\/\/lightweb.dev\/l\/svm-temp\/wp-content\/uploads\/2023\/05\/IMG-0454-stor.jpeg","articleSection":["Arkiv","Nyheter"],"inLanguage":"sv-SE"},{"@type":"WebPage","@id":"https:\/\/lightweb.dev\/l\/svm-temp\/nyheter\/mord-pa-ung-norsk-kvinna-i-fuengirola-pa-vag-att-klaras-upp\/","url":"https:\/\/lightweb.dev\/l\/svm-temp\/nyheter\/mord-pa-ung-norsk-kvinna-i-fuengirola-pa-vag-att-klaras-upp\/","name":"Mord p\u00e5 ung norsk kvinna i Fuengirola p\u00e5 v\u00e4g att klaras upp - Svenska Magasinet","isPartOf":{"@id":"https:\/\/lightweb.dev\/l\/svm-temp\/#website"},"primaryImageOfPage":{"@id":"https:\/\/lightweb.dev\/l\/svm-temp\/nyheter\/mord-pa-ung-norsk-kvinna-i-fuengirola-pa-vag-att-klaras-upp\/#primaryimage"},"image":{"@id":"https:\/\/lightweb.dev\/l\/svm-temp\/nyheter\/mord-pa-ung-norsk-kvinna-i-fuengirola-pa-vag-att-klaras-upp\/#primaryimage"},"thumbnailUrl":"https:\/\/lightweb.dev\/l\/svm-temp\/wp-content\/uploads\/2023\/05\/IMG-0454-stor.jpeg","datePublished":"2024-03-08T09:02:23+00:00","dateModified":"2024-03-08T09:03:06+00:00","description":"Anne Mathea Morken fr\u00e5n Ringebu i Norge blev bara 22 \u00e5r. Hon skulle utbilda sig till personlig tr\u00e4nare. Men planerna f\u00f6r\u00e4ndrades.","breadcrumb":{"@id":"https:\/\/lightweb.dev\/l\/svm-temp\/nyheter\/mord-pa-ung-norsk-kvinna-i-fuengirola-pa-vag-att-klaras-upp\/#breadcrumb"},"inLanguage":"sv-SE","potentialAction":[{"@type":"ReadAction","target":["https:\/\/lightweb.dev\/l\/svm-temp\/nyheter\/mord-pa-ung-norsk-kvinna-i-fuengirola-pa-vag-att-klaras-upp\/"]}]},{"@type":"ImageObject","inLanguage":"sv-SE","@id":"https:\/\/lightweb.dev\/l\/svm-temp\/nyheter\/mord-pa-ung-norsk-kvinna-i-fuengirola-pa-vag-att-klaras-upp\/#primaryimage","url":"https:\/\/lightweb.dev\/l\/svm-temp\/wp-content\/uploads\/2023\/05\/IMG-0454-stor.jpeg","contentUrl":"https:\/\/lightweb.dev\/l\/svm-temp\/wp-content\/uploads\/2023\/05\/IMG-0454-stor.jpeg","width":1280,"height":960},{"@type":"BreadcrumbList","@id":"https:\/\/lightweb.dev\/l\/svm-temp\/nyheter\/mord-pa-ung-norsk-kvinna-i-fuengirola-pa-vag-att-klaras-upp\/#breadcrumb","itemListElement":[{"@type":"ListItem","position":1,"name":"Hem","item":"https:\/\/lightweb.dev\/l\/svm-temp\/"},{"@type":"ListItem","position":2,"name":"Mord p\u00e5 ung norsk kvinna i Fuengirola p\u00e5 v\u00e4g att klaras upp"}]},{"@type":"WebSite","@id":"https:\/\/lightweb.dev\/l\/svm-temp\/#website","url":"https:\/\/lightweb.dev\/l\/svm-temp\/","name":"Svenska Magasinet","description":"Dina Spanska nyheter p&aring; Svenska","publisher":{"@id":"https:\/\/lightweb.dev\/l\/svm-temp\/#organization"},"potentialAction":[{"@type":"SearchAction","target":{"@type":"EntryPoint","urlTemplate":"https:\/\/lightweb.dev\/l\/svm-temp\/?s={search_term_string}"},"query-input":{"@type":"PropertyValueSpecification","valueRequired":true,"valueName":"search_term_string"}}],"inLanguage":"sv-SE"},{"@type":"Organization","@id":"https:\/\/lightweb.dev\/l\/svm-temp\/#organization","name":"Melkerson y Nott SL","alternateName":"Svenska Magasinet","url":"https:\/\/lightweb.dev\/l\/svm-temp\/","logo":{"@type":"ImageObject","inLanguage":"sv-SE","@id":"https:\/\/lightweb.dev\/l\/svm-temp\/#\/schema\/logo\/image\/","url":"https:\/\/lightweb.dev\/l\/svm-temp\/wp-content\/uploads\/2025\/02\/SvM-logo-Xtra-Centrerad-SVART.png","contentUrl":"https:\/\/lightweb.dev\/l\/svm-temp\/wp-content\/uploads\/2025\/02\/SvM-logo-Xtra-Centrerad-SVART.png","width":300,"height":99,"caption":"Melkerson y Nott SL"},"image":{"@id":"https:\/\/lightweb.dev\/l\/svm-temp\/#\/schema\/logo\/image\/"},"sameAs":["https:\/\/www.facebook.com\/svenskamagasinet","https:\/\/x.com\/SvenskaMagasine"]},{"@type":"Person","@id":"https:\/\/lightweb.dev\/l\/svm-temp\/#\/schema\/person\/7a82b8a73d171d32360a564b6d03508e","name":"Ola Josefsson","description":"Bevakar Solkusten och Spanien sedan 1994.","sameAs":["https:\/\/lightweb.dev\/l\/svm-temp"],"url":"https:\/\/lightweb.dev\/l\/svm-temp\/reporter\/ola-josefsson\/"}]}},"_links":{"self":[{"href":"https:\/\/lightweb.dev\/l\/svm-temp\/wp-json\/wp\/v2\/posts\/70053","targetHints":{"allow":["GET"]}}],"collection":[{"href":"https:\/\/lightweb.dev\/l\/svm-temp\/wp-json\/wp\/v2\/posts"}],"about":[{"href":"https:\/\/lightweb.dev\/l\/svm-temp\/wp-json\/wp\/v2\/types\/post"}],"author":[{"embeddable":true,"href":"https:\/\/lightweb.dev\/l\/svm-temp\/wp-json\/wp\/v2\/users\/7"}],"replies":[{"embeddable":true,"href":"https:\/\/lightweb.dev\/l\/svm-temp\/wp-json\/wp\/v2\/comments?post=70053"}],"version-history":[{"count":0,"href":"https:\/\/lightweb.dev\/l\/svm-temp\/wp-json\/wp\/v2\/posts\/70053\/revisions"}],"wp:featuredmedia":[{"embeddable":true,"href":"https:\/\/lightweb.dev\/l\/svm-temp\/wp-json\/wp\/v2\/media\/63382"}],"wp:attachment":[{"href":"https:\/\/lightweb.dev\/l\/svm-temp\/wp-json\/wp\/v2\/media?parent=70053"}],"wp:term":[{"taxonomy":"category","embeddable":true,"href":"https:\/\/lightweb.dev\/l\/svm-temp\/wp-json\/wp\/v2\/categories?post=70053"},{"taxonomy":"post_tag","embeddable":true,"href":"https:\/\/lightweb.dev\/l\/svm-temp\/wp-json\/wp\/v2\/tags?post=70053"}],"curies":[{"name":"wp","href":"https:\/\/api.w.org\/{rel}","templated":true}]}}