{"id":70111,"date":"2024-03-29T02:30:27","date_gmt":"2024-03-29T01:30:27","guid":{"rendered":"https:\/\/lightweb.dev\/l\/svm-temp\/?p=70111"},"modified":"2024-03-29T09:44:12","modified_gmt":"2024-03-29T08:44:12","slug":"turister-spenderar-mindre-pengar-nar-det-ar-varmare","status":"publish","type":"post","link":"https:\/\/lightweb.dev\/l\/svm-temp\/artiklar\/turister-spenderar-mindre-pengar-nar-det-ar-varmare\/","title":{"rendered":"Turister spenderar mindre pengar n\u00e4r det \u00e4r varmare"},"content":{"rendered":"<p><strong>N\u00e4r klimatet blir varmare f\u00f6r\u00e4ndras livsstilen. En studie fr\u00e5n CaixaBank Research visar att turisterna under 2023 spenderade mer p\u00e5 platser med en normal medeltemperatur j\u00e4mf\u00f6rt med 2019.<\/strong><\/p>\n<p><strong>D\u00e4remot p\u00e5 platser med extremv\u00e4rme spenderade turisterna mindre pengar.<\/strong><\/p>\n<div id=\"attachment_70113\" style=\"width: 310px\" class=\"wp-caption alignleft\"><img loading=\"lazy\" decoding=\"async\" aria-describedby=\"caption-attachment-70113\" class=\"size-medium wp-image-70113\" src=\"https:\/\/lightweb.dev\/l\/svm-temp\/wp-content\/uploads\/2024\/03\/Spendera-stor-300x201.jpeg\" alt=\"\" width=\"300\" height=\"201\" srcset=\"https:\/\/lightweb.dev\/l\/svm-temp\/wp-content\/uploads\/2024\/03\/Spendera-stor-300x201.jpeg 300w, https:\/\/lightweb.dev\/l\/svm-temp\/wp-content\/uploads\/2024\/03\/Spendera-stor-900x603.jpeg 900w, https:\/\/lightweb.dev\/l\/svm-temp\/wp-content\/uploads\/2024\/03\/Spendera-stor-768x514.jpeg 768w, https:\/\/lightweb.dev\/l\/svm-temp\/wp-content\/uploads\/2024\/03\/Spendera-stor-610x408.jpeg 610w, https:\/\/lightweb.dev\/l\/svm-temp\/wp-content\/uploads\/2024\/03\/Spendera-stor-1080x723.jpeg 1080w, https:\/\/lightweb.dev\/l\/svm-temp\/wp-content\/uploads\/2024\/03\/Spendera-stor-600x402.jpeg 600w, https:\/\/lightweb.dev\/l\/svm-temp\/wp-content\/uploads\/2024\/03\/Spendera-stor.jpeg 1280w\" sizes=\"(max-width: 300px) 100vw, 300px\" \/><p id=\"caption-attachment-70113\" class=\"wp-caption-text\">Ju varmare det \u00e4r desto mindre pengar spenderar turister<\/p><\/div>\n<p>Klimatf\u00f6r\u00e4ndringarna p\u00e5verkar turister som spenderar mindre d\u00e4r det \u00e4r varmare. I omr\u00e5den med en medeltemperatur p\u00e5 20 grader p\u00e5 sommaren spenderar turister mer.<\/p>\n<p>Ju varmare det \u00e4r desto mindre spenderar turister. Och n\u00e4r de v\u00e4ljer att shoppa eller k\u00f6pa saker skiljer sig ocks\u00e5.<\/p>\n<p>Under dygnets varma timmar mellan klockan 12 och 17 var konsumtionen som l\u00e4gst f\u00f6r att \u00f6ka som mest efter klockan 22.<\/p>\n<p>David C\u00e9sar Neymann \u00e4r samordnare bakom studien. Tillsammans med de \u00f6vriga f\u00f6rfattare uppmanas kustomr\u00e5den som Costa Blanca och Costa del Sol att utveckla en turistpolitik som \u00e4r mindre beroende av sol och str\u00e4nder f\u00f6r att p\u00e5verkan av v\u00e4rmeb\u00f6ljor ska minska.<\/p>\n<h2><strong>Skugga och sena kv\u00e4llar<\/strong><\/h2>\n<p>M\u00e4nniskor s\u00f6ker sig till vatten n\u00e4r det \u00e4r som varmast. Men antalet omr\u00e5den som erbjuder skugga och skydd f\u00f6r solen m\u00e5ste bli fler. \u00c4ven evenemang sent p\u00e5 kv\u00e4llar rekommenderas f\u00f6r att mildra effekterna som v\u00e4rmen kan f\u00e5 f\u00f6r ekonomin.<\/p>\n<div id=\"attachment_70114\" style=\"width: 310px\" class=\"wp-caption alignleft\"><img loading=\"lazy\" decoding=\"async\" aria-describedby=\"caption-attachment-70114\" class=\"size-medium wp-image-70114\" src=\"https:\/\/lightweb.dev\/l\/svm-temp\/wp-content\/uploads\/2024\/03\/Konsert-stor-300x200.jpeg\" alt=\"\" width=\"300\" height=\"200\" srcset=\"https:\/\/lightweb.dev\/l\/svm-temp\/wp-content\/uploads\/2024\/03\/Konsert-stor-300x200.jpeg 300w, https:\/\/lightweb.dev\/l\/svm-temp\/wp-content\/uploads\/2024\/03\/Konsert-stor-900x600.jpeg 900w, https:\/\/lightweb.dev\/l\/svm-temp\/wp-content\/uploads\/2024\/03\/Konsert-stor-768x512.jpeg 768w, https:\/\/lightweb.dev\/l\/svm-temp\/wp-content\/uploads\/2024\/03\/Konsert-stor-610x407.jpeg 610w, https:\/\/lightweb.dev\/l\/svm-temp\/wp-content\/uploads\/2024\/03\/Konsert-stor-1080x720.jpeg 1080w, https:\/\/lightweb.dev\/l\/svm-temp\/wp-content\/uploads\/2024\/03\/Konsert-stor-600x400.jpeg 600w, https:\/\/lightweb.dev\/l\/svm-temp\/wp-content\/uploads\/2024\/03\/Konsert-stor.jpeg 1280w\" sizes=\"(max-width: 300px) 100vw, 300px\" \/><p id=\"caption-attachment-70114\" class=\"wp-caption-text\">Fler evenemang sent p\u00e5 kv\u00e4llen f\u00f6r att mildra effekterna som v\u00e4rmen kan f\u00e5 f\u00f6r ekonomin.<\/p><\/div>\n<p>N\u00e4r det g\u00e4ller inlandsturism f\u00f6resl\u00e5r rapporten att naturliga aktiviteter arrangeras tidigt p\u00e5 morgonen eller p\u00e5 kv\u00e4llen och att fler inomhusalternativ inkluderas i turistutbudet.<\/p>\n<p>Under sommaren 2023 rapporterades det om att fler valde norra Spanien p\u00e5 grund av de mer behagligare temperaturerna. Baskien, Asturien, Kantabrien och Galicien har milda sommartemperaturer, cirka 18 till 20 grader, om vi ser till dygnets genomsnitt. Vilket v\u00e4lkomnas av turister som flyr fr\u00e5n hettan i \u00f6stra och s\u00f6dra Spanien.<\/p>\n<h2><strong>Fler turister under andra tider p\u00e5 \u00e5ret<\/strong><\/h2>\n<p>En positiv konsekvens som temperatur\u00f6kningen f\u00f6r med sig \u00e4r att den traditionella h\u00f6gs\u00e4songen f\u00f6rl\u00e4ngs. Antalet turister liksom int\u00e4kterna f\u00f6r turistn\u00e4ringen \u00f6kar l\u00e5ngt in p\u00e5 h\u00f6sten.<\/p>\n<p>Turismen v\u00e4xte mer under fjol\u00e5rets andra och fj\u00e4rde kvartal j\u00e4mf\u00f6rt med det tredje kvartalet. Det \u00e4r en trend som f\u00f6rv\u00e4ntas forts\u00e4tta.<\/p>\n<p><img loading=\"lazy\" decoding=\"async\" class=\"size-medium wp-image-70115 alignright\" src=\"https:\/\/lightweb.dev\/l\/svm-temp\/wp-content\/uploads\/2024\/03\/DSC_2071-stor-1-300x201.jpeg\" alt=\"\" width=\"300\" height=\"201\" srcset=\"https:\/\/lightweb.dev\/l\/svm-temp\/wp-content\/uploads\/2024\/03\/DSC_2071-stor-1-300x201.jpeg 300w, https:\/\/lightweb.dev\/l\/svm-temp\/wp-content\/uploads\/2024\/03\/DSC_2071-stor-1-900x603.jpeg 900w, https:\/\/lightweb.dev\/l\/svm-temp\/wp-content\/uploads\/2024\/03\/DSC_2071-stor-1-768x514.jpeg 768w, https:\/\/lightweb.dev\/l\/svm-temp\/wp-content\/uploads\/2024\/03\/DSC_2071-stor-1-610x408.jpeg 610w, https:\/\/lightweb.dev\/l\/svm-temp\/wp-content\/uploads\/2024\/03\/DSC_2071-stor-1-1080x723.jpeg 1080w, https:\/\/lightweb.dev\/l\/svm-temp\/wp-content\/uploads\/2024\/03\/DSC_2071-stor-1-600x402.jpeg 600w, https:\/\/lightweb.dev\/l\/svm-temp\/wp-content\/uploads\/2024\/03\/DSC_2071-stor-1.jpeg 1280w\" sizes=\"(max-width: 300px) 100vw, 300px\" \/><\/p>\n<p>\u00d6kningen av turiststr\u00f6mmen under det som tidigare var l\u00e5gs\u00e4song beror ocks\u00e5 p\u00e5 \u00f6kad flexibilitet eftersom m\u00e5nga inte har barn i skol\u00e5ldern p\u00e5 grund av l\u00e5ga f\u00f6delsetal. Andra\u00a0har ocks\u00e5 l\u00e4ttare att ta semester under l\u00e5gs\u00e4song p\u00e5 grund av distansarbete.<\/p>\n<p>Jos\u00e9 Ignacio Goirigolzarri, ordf\u00f6rande f\u00f6r Caixabank, pekar p\u00e5 s\u00e4songsanpassningen som n\u00e5got mycket positivt f\u00f6r den spanska turistsektorn. Vid ett forum arrangerat av Exceltur vid turistm\u00e4ssan Fitur i Madrid sa Goirigolzarri att sektorn kommer att v\u00e4xa dubbelt s\u00e5 mycket som ekonomin som helhet.<\/p>\n","protected":false},"excerpt":{"rendered":"<p>N\u00e4r klimatet blir varmare f\u00f6r\u00e4ndras livsstilen. En studie fr\u00e5n CaixaBank Research visar att turisterna under 2023 spenderade mer p\u00e5 platser med en normal medeltemperatur j\u00e4mf\u00f6rt med 2019. D\u00e4remot p\u00e5 platser med extremv\u00e4rme spenderade turisterna mindre pengar&#8230;<\/p>\n","protected":false},"author":7,"featured_media":70112,"comment_status":"closed","ping_status":"closed","sticky":false,"template":"","format":"standard","meta":{"_et_pb_use_builder":"","_et_pb_old_content":"","_et_gb_content_width":"","footnotes":""},"categories":[396,4],"tags":[],"class_list":["post-70111","post","type-post","status-publish","format-standard","has-post-thumbnail","hentry","category-arkiv-artiklar","category-artiklar"],"yoast_head":"<!-- This site is optimized with the Yoast SEO Premium plugin v26.2 (Yoast SEO v27.5) - https:\/\/yoast.com\/product\/yoast-seo-premium-wordpress\/ -->\n<title>Turister spenderar mindre pengar n\u00e4r det \u00e4r varmare - Svenska Magasinet<\/title>\n<meta name=\"description\" content=\"N\u00e4r klimatet blir varmare f\u00f6r\u00e4ndras livsstilen. En studie fr\u00e5n CaixaBank Research visar att turisterna under 2023 spenderade mer p\u00e5 platser med en normal medeltemperatur j\u00e4mf\u00f6rt med 2019. D\u00e4remot p\u00e5 platser med extremv\u00e4rme spenderade turisterna mindre pengar.\" \/>\n<meta name=\"robots\" content=\"noindex, follow, max-snippet:-1, max-image-preview:large, max-video-preview:-1\" \/>\n<meta property=\"og:locale\" content=\"sv_SE\" \/>\n<meta property=\"og:type\" content=\"article\" \/>\n<meta property=\"og:title\" content=\"Turister spenderar mindre pengar n\u00e4r det \u00e4r varmare\" \/>\n<meta property=\"og:description\" content=\"N\u00e4r klimatet blir varmare f\u00f6r\u00e4ndras livsstilen. En studie fr\u00e5n CaixaBank Research visar att turisterna under 2023 spenderade mer p\u00e5 platser med en normal medeltemperatur j\u00e4mf\u00f6rt med 2019. D\u00e4remot p\u00e5 platser med extremv\u00e4rme spenderade turisterna mindre pengar.\" \/>\n<meta property=\"og:url\" content=\"https:\/\/lightweb.dev\/l\/svm-temp\/artiklar\/reportage\/turister-spenderar-mindre-pengar-nar-det-ar-varmare\/\" \/>\n<meta property=\"og:site_name\" content=\"Svenska Magasinet\" \/>\n<meta property=\"article:publisher\" content=\"https:\/\/www.facebook.com\/svenskamagasinet\" \/>\n<meta property=\"article:published_time\" content=\"2024-03-29T01:30:27+00:00\" \/>\n<meta property=\"article:modified_time\" content=\"2024-03-29T08:44:12+00:00\" \/>\n<meta property=\"og:image\" content=\"https:\/\/lightweb.dev\/l\/svm-temp\/wp-content\/uploads\/2024\/03\/Huvudbild-stor.jpeg\" \/>\n\t<meta property=\"og:image:width\" content=\"1280\" \/>\n\t<meta property=\"og:image:height\" content=\"857\" \/>\n\t<meta property=\"og:image:type\" content=\"image\/jpeg\" \/>\n<meta name=\"author\" content=\"Ola Josefsson\" \/>\n<meta name=\"twitter:card\" content=\"summary_large_image\" \/>\n<meta name=\"twitter:creator\" content=\"@SvenskaMagasine\" \/>\n<meta name=\"twitter:site\" content=\"@SvenskaMagasine\" \/>\n<script type=\"application\/ld+json\" class=\"yoast-schema-graph\">{\"@context\":\"https:\\\/\\\/schema.org\",\"@graph\":[{\"@type\":\"Article\",\"@id\":\"https:\\\/\\\/lightweb.dev\\\/l\\\/svm-temp\\\/artiklar\\\/reportage\\\/turister-spenderar-mindre-pengar-nar-det-ar-varmare\\\/#article\",\"isPartOf\":{\"@id\":\"https:\\\/\\\/lightweb.dev\\\/l\\\/svm-temp\\\/artiklar\\\/reportage\\\/turister-spenderar-mindre-pengar-nar-det-ar-varmare\\\/\"},\"author\":{\"name\":\"Ola Josefsson\",\"@id\":\"https:\\\/\\\/lightweb.dev\\\/l\\\/svm-temp\\\/#\\\/schema\\\/person\\\/7a82b8a73d171d32360a564b6d03508e\"},\"headline\":\"Turister spenderar mindre pengar n\u00e4r det \u00e4r varmare\",\"datePublished\":\"2024-03-29T01:30:27+00:00\",\"dateModified\":\"2024-03-29T08:44:12+00:00\",\"mainEntityOfPage\":{\"@id\":\"https:\\\/\\\/lightweb.dev\\\/l\\\/svm-temp\\\/artiklar\\\/reportage\\\/turister-spenderar-mindre-pengar-nar-det-ar-varmare\\\/\"},\"wordCount\":513,\"publisher\":{\"@id\":\"https:\\\/\\\/lightweb.dev\\\/l\\\/svm-temp\\\/#organization\"},\"image\":{\"@id\":\"https:\\\/\\\/lightweb.dev\\\/l\\\/svm-temp\\\/artiklar\\\/reportage\\\/turister-spenderar-mindre-pengar-nar-det-ar-varmare\\\/#primaryimage\"},\"thumbnailUrl\":\"https:\\\/\\\/lightweb.dev\\\/l\\\/svm-temp\\\/wp-content\\\/uploads\\\/2024\\\/03\\\/Huvudbild-stor.jpeg\",\"articleSection\":[\"Arkiv\",\"Artiklar\"],\"inLanguage\":\"sv-SE\"},{\"@type\":\"WebPage\",\"@id\":\"https:\\\/\\\/lightweb.dev\\\/l\\\/svm-temp\\\/artiklar\\\/reportage\\\/turister-spenderar-mindre-pengar-nar-det-ar-varmare\\\/\",\"url\":\"https:\\\/\\\/lightweb.dev\\\/l\\\/svm-temp\\\/artiklar\\\/reportage\\\/turister-spenderar-mindre-pengar-nar-det-ar-varmare\\\/\",\"name\":\"Turister spenderar mindre pengar n\u00e4r det \u00e4r varmare - Svenska Magasinet\",\"isPartOf\":{\"@id\":\"https:\\\/\\\/lightweb.dev\\\/l\\\/svm-temp\\\/#website\"},\"primaryImageOfPage\":{\"@id\":\"https:\\\/\\\/lightweb.dev\\\/l\\\/svm-temp\\\/artiklar\\\/reportage\\\/turister-spenderar-mindre-pengar-nar-det-ar-varmare\\\/#primaryimage\"},\"image\":{\"@id\":\"https:\\\/\\\/lightweb.dev\\\/l\\\/svm-temp\\\/artiklar\\\/reportage\\\/turister-spenderar-mindre-pengar-nar-det-ar-varmare\\\/#primaryimage\"},\"thumbnailUrl\":\"https:\\\/\\\/lightweb.dev\\\/l\\\/svm-temp\\\/wp-content\\\/uploads\\\/2024\\\/03\\\/Huvudbild-stor.jpeg\",\"datePublished\":\"2024-03-29T01:30:27+00:00\",\"dateModified\":\"2024-03-29T08:44:12+00:00\",\"description\":\"N\u00e4r klimatet blir varmare f\u00f6r\u00e4ndras livsstilen. En studie fr\u00e5n CaixaBank Research visar att turisterna under 2023 spenderade mer p\u00e5 platser med en normal medeltemperatur j\u00e4mf\u00f6rt med 2019. D\u00e4remot p\u00e5 platser med extremv\u00e4rme spenderade turisterna mindre pengar.\",\"breadcrumb\":{\"@id\":\"https:\\\/\\\/lightweb.dev\\\/l\\\/svm-temp\\\/artiklar\\\/reportage\\\/turister-spenderar-mindre-pengar-nar-det-ar-varmare\\\/#breadcrumb\"},\"inLanguage\":\"sv-SE\",\"potentialAction\":[{\"@type\":\"ReadAction\",\"target\":[\"https:\\\/\\\/lightweb.dev\\\/l\\\/svm-temp\\\/artiklar\\\/reportage\\\/turister-spenderar-mindre-pengar-nar-det-ar-varmare\\\/\"]}]},{\"@type\":\"ImageObject\",\"inLanguage\":\"sv-SE\",\"@id\":\"https:\\\/\\\/lightweb.dev\\\/l\\\/svm-temp\\\/artiklar\\\/reportage\\\/turister-spenderar-mindre-pengar-nar-det-ar-varmare\\\/#primaryimage\",\"url\":\"https:\\\/\\\/lightweb.dev\\\/l\\\/svm-temp\\\/wp-content\\\/uploads\\\/2024\\\/03\\\/Huvudbild-stor.jpeg\",\"contentUrl\":\"https:\\\/\\\/lightweb.dev\\\/l\\\/svm-temp\\\/wp-content\\\/uploads\\\/2024\\\/03\\\/Huvudbild-stor.jpeg\",\"width\":1280,\"height\":857},{\"@type\":\"BreadcrumbList\",\"@id\":\"https:\\\/\\\/lightweb.dev\\\/l\\\/svm-temp\\\/artiklar\\\/reportage\\\/turister-spenderar-mindre-pengar-nar-det-ar-varmare\\\/#breadcrumb\",\"itemListElement\":[{\"@type\":\"ListItem\",\"position\":1,\"name\":\"Hem\",\"item\":\"https:\\\/\\\/lightweb.dev\\\/l\\\/svm-temp\\\/\"},{\"@type\":\"ListItem\",\"position\":2,\"name\":\"Turister spenderar mindre pengar n\u00e4r det \u00e4r varmare\"}]},{\"@type\":\"WebSite\",\"@id\":\"https:\\\/\\\/lightweb.dev\\\/l\\\/svm-temp\\\/#website\",\"url\":\"https:\\\/\\\/lightweb.dev\\\/l\\\/svm-temp\\\/\",\"name\":\"Svenska Magasinet\",\"description\":\"Dina Spanska nyheter p&aring; Svenska\",\"publisher\":{\"@id\":\"https:\\\/\\\/lightweb.dev\\\/l\\\/svm-temp\\\/#organization\"},\"potentialAction\":[{\"@type\":\"SearchAction\",\"target\":{\"@type\":\"EntryPoint\",\"urlTemplate\":\"https:\\\/\\\/lightweb.dev\\\/l\\\/svm-temp\\\/?s={search_term_string}\"},\"query-input\":{\"@type\":\"PropertyValueSpecification\",\"valueRequired\":true,\"valueName\":\"search_term_string\"}}],\"inLanguage\":\"sv-SE\"},{\"@type\":\"Organization\",\"@id\":\"https:\\\/\\\/lightweb.dev\\\/l\\\/svm-temp\\\/#organization\",\"name\":\"Melkerson y Nott SL\",\"alternateName\":\"Svenska Magasinet\",\"url\":\"https:\\\/\\\/lightweb.dev\\\/l\\\/svm-temp\\\/\",\"logo\":{\"@type\":\"ImageObject\",\"inLanguage\":\"sv-SE\",\"@id\":\"https:\\\/\\\/lightweb.dev\\\/l\\\/svm-temp\\\/#\\\/schema\\\/logo\\\/image\\\/\",\"url\":\"https:\\\/\\\/lightweb.dev\\\/l\\\/svm-temp\\\/wp-content\\\/uploads\\\/2025\\\/02\\\/SvM-logo-Xtra-Centrerad-SVART.png\",\"contentUrl\":\"https:\\\/\\\/lightweb.dev\\\/l\\\/svm-temp\\\/wp-content\\\/uploads\\\/2025\\\/02\\\/SvM-logo-Xtra-Centrerad-SVART.png\",\"width\":300,\"height\":99,\"caption\":\"Melkerson y Nott SL\"},\"image\":{\"@id\":\"https:\\\/\\\/lightweb.dev\\\/l\\\/svm-temp\\\/#\\\/schema\\\/logo\\\/image\\\/\"},\"sameAs\":[\"https:\\\/\\\/www.facebook.com\\\/svenskamagasinet\",\"https:\\\/\\\/x.com\\\/SvenskaMagasine\"]},{\"@type\":\"Person\",\"@id\":\"https:\\\/\\\/lightweb.dev\\\/l\\\/svm-temp\\\/#\\\/schema\\\/person\\\/7a82b8a73d171d32360a564b6d03508e\",\"name\":\"Ola Josefsson\",\"description\":\"Bevakar Solkusten och Spanien sedan 1994.\",\"sameAs\":[\"https:\\\/\\\/lightweb.dev\\\/l\\\/svm-temp\"],\"url\":\"https:\\\/\\\/lightweb.dev\\\/l\\\/svm-temp\\\/reporter\\\/ola-josefsson\\\/\"}]}<\/script>\n<!-- \/ Yoast SEO Premium plugin. -->","yoast_head_json":{"title":"Turister spenderar mindre pengar n\u00e4r det \u00e4r varmare - Svenska Magasinet","description":"N\u00e4r klimatet blir varmare f\u00f6r\u00e4ndras livsstilen. En studie fr\u00e5n CaixaBank Research visar att turisterna under 2023 spenderade mer p\u00e5 platser med en normal medeltemperatur j\u00e4mf\u00f6rt med 2019. D\u00e4remot p\u00e5 platser med extremv\u00e4rme spenderade turisterna mindre pengar.","robots":{"index":"noindex","follow":"follow","max-snippet":"max-snippet:-1","max-image-preview":"max-image-preview:large","max-video-preview":"max-video-preview:-1"},"og_locale":"sv_SE","og_type":"article","og_title":"Turister spenderar mindre pengar n\u00e4r det \u00e4r varmare","og_description":"N\u00e4r klimatet blir varmare f\u00f6r\u00e4ndras livsstilen. En studie fr\u00e5n CaixaBank Research visar att turisterna under 2023 spenderade mer p\u00e5 platser med en normal medeltemperatur j\u00e4mf\u00f6rt med 2019. D\u00e4remot p\u00e5 platser med extremv\u00e4rme spenderade turisterna mindre pengar.","og_url":"https:\/\/lightweb.dev\/l\/svm-temp\/artiklar\/reportage\/turister-spenderar-mindre-pengar-nar-det-ar-varmare\/","og_site_name":"Svenska Magasinet","article_publisher":"https:\/\/www.facebook.com\/svenskamagasinet","article_published_time":"2024-03-29T01:30:27+00:00","article_modified_time":"2024-03-29T08:44:12+00:00","og_image":[{"width":1280,"height":857,"url":"https:\/\/lightweb.dev\/l\/svm-temp\/wp-content\/uploads\/2024\/03\/Huvudbild-stor.jpeg","type":"image\/jpeg"}],"author":"Ola Josefsson","twitter_card":"summary_large_image","twitter_creator":"@SvenskaMagasine","twitter_site":"@SvenskaMagasine","schema":{"@context":"https:\/\/schema.org","@graph":[{"@type":"Article","@id":"https:\/\/lightweb.dev\/l\/svm-temp\/artiklar\/reportage\/turister-spenderar-mindre-pengar-nar-det-ar-varmare\/#article","isPartOf":{"@id":"https:\/\/lightweb.dev\/l\/svm-temp\/artiklar\/reportage\/turister-spenderar-mindre-pengar-nar-det-ar-varmare\/"},"author":{"name":"Ola Josefsson","@id":"https:\/\/lightweb.dev\/l\/svm-temp\/#\/schema\/person\/7a82b8a73d171d32360a564b6d03508e"},"headline":"Turister spenderar mindre pengar n\u00e4r det \u00e4r varmare","datePublished":"2024-03-29T01:30:27+00:00","dateModified":"2024-03-29T08:44:12+00:00","mainEntityOfPage":{"@id":"https:\/\/lightweb.dev\/l\/svm-temp\/artiklar\/reportage\/turister-spenderar-mindre-pengar-nar-det-ar-varmare\/"},"wordCount":513,"publisher":{"@id":"https:\/\/lightweb.dev\/l\/svm-temp\/#organization"},"image":{"@id":"https:\/\/lightweb.dev\/l\/svm-temp\/artiklar\/reportage\/turister-spenderar-mindre-pengar-nar-det-ar-varmare\/#primaryimage"},"thumbnailUrl":"https:\/\/lightweb.dev\/l\/svm-temp\/wp-content\/uploads\/2024\/03\/Huvudbild-stor.jpeg","articleSection":["Arkiv","Artiklar"],"inLanguage":"sv-SE"},{"@type":"WebPage","@id":"https:\/\/lightweb.dev\/l\/svm-temp\/artiklar\/reportage\/turister-spenderar-mindre-pengar-nar-det-ar-varmare\/","url":"https:\/\/lightweb.dev\/l\/svm-temp\/artiklar\/reportage\/turister-spenderar-mindre-pengar-nar-det-ar-varmare\/","name":"Turister spenderar mindre pengar n\u00e4r det \u00e4r varmare - Svenska Magasinet","isPartOf":{"@id":"https:\/\/lightweb.dev\/l\/svm-temp\/#website"},"primaryImageOfPage":{"@id":"https:\/\/lightweb.dev\/l\/svm-temp\/artiklar\/reportage\/turister-spenderar-mindre-pengar-nar-det-ar-varmare\/#primaryimage"},"image":{"@id":"https:\/\/lightweb.dev\/l\/svm-temp\/artiklar\/reportage\/turister-spenderar-mindre-pengar-nar-det-ar-varmare\/#primaryimage"},"thumbnailUrl":"https:\/\/lightweb.dev\/l\/svm-temp\/wp-content\/uploads\/2024\/03\/Huvudbild-stor.jpeg","datePublished":"2024-03-29T01:30:27+00:00","dateModified":"2024-03-29T08:44:12+00:00","description":"N\u00e4r klimatet blir varmare f\u00f6r\u00e4ndras livsstilen. En studie fr\u00e5n CaixaBank Research visar att turisterna under 2023 spenderade mer p\u00e5 platser med en normal medeltemperatur j\u00e4mf\u00f6rt med 2019. D\u00e4remot p\u00e5 platser med extremv\u00e4rme spenderade turisterna mindre pengar.","breadcrumb":{"@id":"https:\/\/lightweb.dev\/l\/svm-temp\/artiklar\/reportage\/turister-spenderar-mindre-pengar-nar-det-ar-varmare\/#breadcrumb"},"inLanguage":"sv-SE","potentialAction":[{"@type":"ReadAction","target":["https:\/\/lightweb.dev\/l\/svm-temp\/artiklar\/reportage\/turister-spenderar-mindre-pengar-nar-det-ar-varmare\/"]}]},{"@type":"ImageObject","inLanguage":"sv-SE","@id":"https:\/\/lightweb.dev\/l\/svm-temp\/artiklar\/reportage\/turister-spenderar-mindre-pengar-nar-det-ar-varmare\/#primaryimage","url":"https:\/\/lightweb.dev\/l\/svm-temp\/wp-content\/uploads\/2024\/03\/Huvudbild-stor.jpeg","contentUrl":"https:\/\/lightweb.dev\/l\/svm-temp\/wp-content\/uploads\/2024\/03\/Huvudbild-stor.jpeg","width":1280,"height":857},{"@type":"BreadcrumbList","@id":"https:\/\/lightweb.dev\/l\/svm-temp\/artiklar\/reportage\/turister-spenderar-mindre-pengar-nar-det-ar-varmare\/#breadcrumb","itemListElement":[{"@type":"ListItem","position":1,"name":"Hem","item":"https:\/\/lightweb.dev\/l\/svm-temp\/"},{"@type":"ListItem","position":2,"name":"Turister spenderar mindre pengar n\u00e4r det \u00e4r varmare"}]},{"@type":"WebSite","@id":"https:\/\/lightweb.dev\/l\/svm-temp\/#website","url":"https:\/\/lightweb.dev\/l\/svm-temp\/","name":"Svenska Magasinet","description":"Dina Spanska nyheter p&aring; Svenska","publisher":{"@id":"https:\/\/lightweb.dev\/l\/svm-temp\/#organization"},"potentialAction":[{"@type":"SearchAction","target":{"@type":"EntryPoint","urlTemplate":"https:\/\/lightweb.dev\/l\/svm-temp\/?s={search_term_string}"},"query-input":{"@type":"PropertyValueSpecification","valueRequired":true,"valueName":"search_term_string"}}],"inLanguage":"sv-SE"},{"@type":"Organization","@id":"https:\/\/lightweb.dev\/l\/svm-temp\/#organization","name":"Melkerson y Nott SL","alternateName":"Svenska Magasinet","url":"https:\/\/lightweb.dev\/l\/svm-temp\/","logo":{"@type":"ImageObject","inLanguage":"sv-SE","@id":"https:\/\/lightweb.dev\/l\/svm-temp\/#\/schema\/logo\/image\/","url":"https:\/\/lightweb.dev\/l\/svm-temp\/wp-content\/uploads\/2025\/02\/SvM-logo-Xtra-Centrerad-SVART.png","contentUrl":"https:\/\/lightweb.dev\/l\/svm-temp\/wp-content\/uploads\/2025\/02\/SvM-logo-Xtra-Centrerad-SVART.png","width":300,"height":99,"caption":"Melkerson y Nott SL"},"image":{"@id":"https:\/\/lightweb.dev\/l\/svm-temp\/#\/schema\/logo\/image\/"},"sameAs":["https:\/\/www.facebook.com\/svenskamagasinet","https:\/\/x.com\/SvenskaMagasine"]},{"@type":"Person","@id":"https:\/\/lightweb.dev\/l\/svm-temp\/#\/schema\/person\/7a82b8a73d171d32360a564b6d03508e","name":"Ola Josefsson","description":"Bevakar Solkusten och Spanien sedan 1994.","sameAs":["https:\/\/lightweb.dev\/l\/svm-temp"],"url":"https:\/\/lightweb.dev\/l\/svm-temp\/reporter\/ola-josefsson\/"}]}},"_links":{"self":[{"href":"https:\/\/lightweb.dev\/l\/svm-temp\/wp-json\/wp\/v2\/posts\/70111","targetHints":{"allow":["GET"]}}],"collection":[{"href":"https:\/\/lightweb.dev\/l\/svm-temp\/wp-json\/wp\/v2\/posts"}],"about":[{"href":"https:\/\/lightweb.dev\/l\/svm-temp\/wp-json\/wp\/v2\/types\/post"}],"author":[{"embeddable":true,"href":"https:\/\/lightweb.dev\/l\/svm-temp\/wp-json\/wp\/v2\/users\/7"}],"replies":[{"embeddable":true,"href":"https:\/\/lightweb.dev\/l\/svm-temp\/wp-json\/wp\/v2\/comments?post=70111"}],"version-history":[{"count":0,"href":"https:\/\/lightweb.dev\/l\/svm-temp\/wp-json\/wp\/v2\/posts\/70111\/revisions"}],"wp:featuredmedia":[{"embeddable":true,"href":"https:\/\/lightweb.dev\/l\/svm-temp\/wp-json\/wp\/v2\/media\/70112"}],"wp:attachment":[{"href":"https:\/\/lightweb.dev\/l\/svm-temp\/wp-json\/wp\/v2\/media?parent=70111"}],"wp:term":[{"taxonomy":"category","embeddable":true,"href":"https:\/\/lightweb.dev\/l\/svm-temp\/wp-json\/wp\/v2\/categories?post=70111"},{"taxonomy":"post_tag","embeddable":true,"href":"https:\/\/lightweb.dev\/l\/svm-temp\/wp-json\/wp\/v2\/tags?post=70111"}],"curies":[{"name":"wp","href":"https:\/\/api.w.org\/{rel}","templated":true}]}}