{"id":70126,"date":"2024-03-08T15:48:40","date_gmt":"2024-03-08T14:48:40","guid":{"rendered":"https:\/\/lightweb.dev\/l\/svm-temp\/?p=70126"},"modified":"2024-03-08T15:48:40","modified_gmt":"2024-03-08T14:48:40","slug":"regeringen-overens-med-junts-om-andringar-i-amnestilagen","status":"publish","type":"post","link":"https:\/\/lightweb.dev\/l\/svm-temp\/nyheter\/regeringen-overens-med-junts-om-andringar-i-amnestilagen\/","title":{"rendered":"Regeringen \u00f6verens med Junts om \u00e4ndringar i amnestilagen"},"content":{"rendered":"<p><strong>Efter de nya eftergifterna f\u00f6r de katalanska separatisterna v\u00e4ntas regeringen nu f\u00e5 igenom sin budget f\u00f6r 2024.\u00a0<\/strong><\/p>\n<p><span style=\"font-weight: 400;\">Premi\u00e4rminister Pedro Sanchez har brutit det parlamentariska d\u00f6dl\u00e4get i budgetf\u00f6rhandlingarna genom en \u00f6verenskommelse om amnesti f\u00f6r katalanska separatister. Det inneb\u00e4r att separatisterna skyddas fr\u00e5n anklagelser om terrorism.\u00a0<\/span><\/p>\n<p><span style=\"font-weight: 400;\">Sanchez parti, PSOE, gick ig\u00e5r med p\u00e5 att anv\u00e4nda EUs definition av terrorism (som inte \u00e4r lika bred som den spanska) s\u00e5 att Carles Puigdemont, den tidigare katalanska regionministern som ledde den olagliga folkomr\u00f6stningen om sj\u00e4lvst\u00e4ndighet, kan f\u00e5 amnesti. Puigdemont flydde landet 2017 f\u00f6r att undvika att bli arresterad. Han bor i Belgien och har suttit i EU-parlamentet sedan 2019.<\/span><\/p>\n<p><span style=\"font-weight: 400;\">F\u00f6r att komma till makten efter valet 2023 beh\u00f6vde PSOE st\u00f6d av Puigdemonts parti Junts per Catalunya (Tillsammans f\u00f6r Katalonien). Sanchez fick st\u00f6det och har en majoritet i parlamentet bakom sig men det har l\u00e4mnat regeringen i en s\u00e5rbar sits n\u00e4r det g\u00e4ller krav fr\u00e5n Junts.\u00a0<\/span><\/p>\n<p><a href=\"https:\/\/lightweb.dev\/l\/svm-temp\/nyheter\/en-forodmjukad-sanchez-tvingas-omforhandla-amnestilagen\/\"><span style=\"font-weight: 400;\">Tidigare i \u00e5r f\u00f6ll regeringens<\/span><\/a><span style=\"font-weight: 400;\"> f\u00f6rslag om \u00e4ndringar i amnestilagen d\u00e5 Junts st\u00e4llde sig p\u00e5 oppositionens sida i omr\u00f6stningen. Anledningen var att de ville se \u00e4nnu st\u00f6rre eftergifter s\u00e5 att \u00e4ven terrorbrott ska ing\u00e5 i den nya lagen.\u00a0<\/span><\/p>\n<p><span style=\"font-weight: 400;\">Nu har PSOE allts\u00e5 kommit \u00f6verens med Junts och en ny omr\u00f6stning v\u00e4ntar n\u00e4sta vecka.\u00a0<\/span><\/p>\n<p><span style=\"font-weight: 400;\">Lluis Orriols, professor i politik p\u00e5 universitet Carlos III i Madrid, tror att den nya \u00f6verenskommelsen kommer att inneb\u00e4ra att regeringen f\u00e5r igenom sin f\u00f6rsenade budget f\u00f6r 2024. Men han tror att fler konflikter inom regeringsunderlaget \u00e4r att v\u00e4nta. Han menar att den senaste \u00f6verenskommelsen endast skapar kortsiktiga f\u00f6ruts\u00e4ttningar f\u00f6r PSOE att styra landet.\u00a0<\/span><\/p>\n<h2><span style=\"font-weight: 400;\">Kritik fr\u00e5n oppositionen<\/span><\/h2>\n<p><span style=\"font-weight: 400;\">Pedro Sanchez befinner sig p\u00e5 en turne i Brasilien och Chile. D\u00e4rf\u00f6r fick f\u00f6rhandlingarna ledas av justitieministern F\u00e9lix Bola\u00f1os. Ig\u00e5r kommenterade han \u00f6verenskommelsen genom att s\u00e4ga att den \u201cm\u00f6ter den europeiska standarden&#8221;. \u201cJag tror att detta avslutar en period av konfrontation, ett \u00e5rtionde av kollektivt misslyckande i Katalonien som ingen har tj\u00e4nat p\u00e5\u201d, tillade han.\u00a0<\/span><\/p>\n<p><span style=\"font-weight: 400;\">PPs ledare, Alberto N\u00fa\u00f1ez Feij\u00f3o, v\u00e4lkomnar inte den senaste utvecklingen. Han menar att Sanchez regering nu \u201ckommer att l\u00e5ta allvarliga brott mot EUs hj\u00e4rta g\u00e5 ostraffade\u201d.\u00a0<\/span><\/p>\n<p>&nbsp;<\/p>\n","protected":false},"excerpt":{"rendered":"<p>Efter de nya eftergifterna f\u00f6r de katalanska separatisterna v\u00e4ntas regeringen nu f\u00e5 igenom sin budget f\u00f6r 2024.\u00a0<\/p>\n","protected":false},"author":14,"featured_media":68300,"comment_status":"closed","ping_status":"closed","sticky":false,"template":"","format":"standard","meta":{"_et_pb_use_builder":"","_et_pb_old_content":"","_et_gb_content_width":"","footnotes":""},"categories":[395,3],"tags":[],"class_list":["post-70126","post","type-post","status-publish","format-standard","has-post-thumbnail","hentry","category-arkiv-nyheter","category-nyheter"],"yoast_head":"<!-- This site is optimized with the Yoast SEO Premium plugin v26.2 (Yoast SEO v27.4) - https:\/\/yoast.com\/product\/yoast-seo-premium-wordpress\/ -->\n<title>Regeringen \u00f6verens med Junts om \u00e4ndringar i amnestilagen - Svenska Magasinet<\/title>\n<meta name=\"robots\" content=\"noindex, follow, max-snippet:-1, max-image-preview:large, max-video-preview:-1\" \/>\n<meta property=\"og:locale\" content=\"sv_SE\" \/>\n<meta property=\"og:type\" content=\"article\" \/>\n<meta property=\"og:title\" content=\"Regeringen \u00f6verens med Junts om \u00e4ndringar i amnestilagen\" \/>\n<meta property=\"og:description\" content=\"Efter de nya eftergifterna f\u00f6r de katalanska separatisterna v\u00e4ntas regeringen nu f\u00e5 igenom sin budget f\u00f6r 2024.\u00a0\" \/>\n<meta property=\"og:url\" content=\"https:\/\/lightweb.dev\/l\/svm-temp\/nyheter\/regeringen-overens-med-junts-om-andringar-i-amnestilagen\/\" \/>\n<meta property=\"og:site_name\" content=\"Svenska Magasinet\" \/>\n<meta property=\"article:publisher\" content=\"https:\/\/www.facebook.com\/svenskamagasinet\" \/>\n<meta property=\"article:published_time\" content=\"2024-03-08T14:48:40+00:00\" \/>\n<meta property=\"og:image\" content=\"https:\/\/lightweb.dev\/l\/svm-temp\/wp-content\/uploads\/2023\/12\/illustration02-stor.jpeg\" \/>\n\t<meta property=\"og:image:width\" content=\"1280\" \/>\n\t<meta property=\"og:image:height\" content=\"851\" \/>\n\t<meta property=\"og:image:type\" content=\"image\/jpeg\" \/>\n<meta name=\"author\" content=\"Robbie Eriksson\" \/>\n<meta name=\"twitter:card\" content=\"summary_large_image\" \/>\n<meta name=\"twitter:creator\" content=\"@SvenskaMagasine\" \/>\n<meta name=\"twitter:site\" content=\"@SvenskaMagasine\" \/>\n<script type=\"application\/ld+json\" class=\"yoast-schema-graph\">{\"@context\":\"https:\\\/\\\/schema.org\",\"@graph\":[{\"@type\":\"Article\",\"@id\":\"https:\\\/\\\/lightweb.dev\\\/l\\\/svm-temp\\\/nyheter\\\/regeringen-overens-med-junts-om-andringar-i-amnestilagen\\\/#article\",\"isPartOf\":{\"@id\":\"https:\\\/\\\/lightweb.dev\\\/l\\\/svm-temp\\\/nyheter\\\/regeringen-overens-med-junts-om-andringar-i-amnestilagen\\\/\"},\"author\":{\"name\":\"Robbie Eriksson\",\"@id\":\"https:\\\/\\\/lightweb.dev\\\/l\\\/svm-temp\\\/#\\\/schema\\\/person\\\/caffe038990d25722f5a04a03c906a2b\"},\"headline\":\"Regeringen \u00f6verens med Junts om \u00e4ndringar i amnestilagen\",\"datePublished\":\"2024-03-08T14:48:40+00:00\",\"mainEntityOfPage\":{\"@id\":\"https:\\\/\\\/lightweb.dev\\\/l\\\/svm-temp\\\/nyheter\\\/regeringen-overens-med-junts-om-andringar-i-amnestilagen\\\/\"},\"wordCount\":402,\"publisher\":{\"@id\":\"https:\\\/\\\/lightweb.dev\\\/l\\\/svm-temp\\\/#organization\"},\"image\":{\"@id\":\"https:\\\/\\\/lightweb.dev\\\/l\\\/svm-temp\\\/nyheter\\\/regeringen-overens-med-junts-om-andringar-i-amnestilagen\\\/#primaryimage\"},\"thumbnailUrl\":\"https:\\\/\\\/lightweb.dev\\\/l\\\/svm-temp\\\/wp-content\\\/uploads\\\/2023\\\/12\\\/illustration02-stor.jpeg\",\"articleSection\":[\"Arkiv\",\"Nyheter\"],\"inLanguage\":\"sv-SE\"},{\"@type\":\"WebPage\",\"@id\":\"https:\\\/\\\/lightweb.dev\\\/l\\\/svm-temp\\\/nyheter\\\/regeringen-overens-med-junts-om-andringar-i-amnestilagen\\\/\",\"url\":\"https:\\\/\\\/lightweb.dev\\\/l\\\/svm-temp\\\/nyheter\\\/regeringen-overens-med-junts-om-andringar-i-amnestilagen\\\/\",\"name\":\"Regeringen \u00f6verens med Junts om \u00e4ndringar i amnestilagen - Svenska Magasinet\",\"isPartOf\":{\"@id\":\"https:\\\/\\\/lightweb.dev\\\/l\\\/svm-temp\\\/#website\"},\"primaryImageOfPage\":{\"@id\":\"https:\\\/\\\/lightweb.dev\\\/l\\\/svm-temp\\\/nyheter\\\/regeringen-overens-med-junts-om-andringar-i-amnestilagen\\\/#primaryimage\"},\"image\":{\"@id\":\"https:\\\/\\\/lightweb.dev\\\/l\\\/svm-temp\\\/nyheter\\\/regeringen-overens-med-junts-om-andringar-i-amnestilagen\\\/#primaryimage\"},\"thumbnailUrl\":\"https:\\\/\\\/lightweb.dev\\\/l\\\/svm-temp\\\/wp-content\\\/uploads\\\/2023\\\/12\\\/illustration02-stor.jpeg\",\"datePublished\":\"2024-03-08T14:48:40+00:00\",\"breadcrumb\":{\"@id\":\"https:\\\/\\\/lightweb.dev\\\/l\\\/svm-temp\\\/nyheter\\\/regeringen-overens-med-junts-om-andringar-i-amnestilagen\\\/#breadcrumb\"},\"inLanguage\":\"sv-SE\",\"potentialAction\":[{\"@type\":\"ReadAction\",\"target\":[\"https:\\\/\\\/lightweb.dev\\\/l\\\/svm-temp\\\/nyheter\\\/regeringen-overens-med-junts-om-andringar-i-amnestilagen\\\/\"]}]},{\"@type\":\"ImageObject\",\"inLanguage\":\"sv-SE\",\"@id\":\"https:\\\/\\\/lightweb.dev\\\/l\\\/svm-temp\\\/nyheter\\\/regeringen-overens-med-junts-om-andringar-i-amnestilagen\\\/#primaryimage\",\"url\":\"https:\\\/\\\/lightweb.dev\\\/l\\\/svm-temp\\\/wp-content\\\/uploads\\\/2023\\\/12\\\/illustration02-stor.jpeg\",\"contentUrl\":\"https:\\\/\\\/lightweb.dev\\\/l\\\/svm-temp\\\/wp-content\\\/uploads\\\/2023\\\/12\\\/illustration02-stor.jpeg\",\"width\":1280,\"height\":851},{\"@type\":\"BreadcrumbList\",\"@id\":\"https:\\\/\\\/lightweb.dev\\\/l\\\/svm-temp\\\/nyheter\\\/regeringen-overens-med-junts-om-andringar-i-amnestilagen\\\/#breadcrumb\",\"itemListElement\":[{\"@type\":\"ListItem\",\"position\":1,\"name\":\"Hem\",\"item\":\"https:\\\/\\\/lightweb.dev\\\/l\\\/svm-temp\\\/\"},{\"@type\":\"ListItem\",\"position\":2,\"name\":\"Regeringen \u00f6verens med Junts om \u00e4ndringar i amnestilagen\"}]},{\"@type\":\"WebSite\",\"@id\":\"https:\\\/\\\/lightweb.dev\\\/l\\\/svm-temp\\\/#website\",\"url\":\"https:\\\/\\\/lightweb.dev\\\/l\\\/svm-temp\\\/\",\"name\":\"Svenska Magasinet\",\"description\":\"Dina Spanska nyheter p&aring; Svenska\",\"publisher\":{\"@id\":\"https:\\\/\\\/lightweb.dev\\\/l\\\/svm-temp\\\/#organization\"},\"potentialAction\":[{\"@type\":\"SearchAction\",\"target\":{\"@type\":\"EntryPoint\",\"urlTemplate\":\"https:\\\/\\\/lightweb.dev\\\/l\\\/svm-temp\\\/?s={search_term_string}\"},\"query-input\":{\"@type\":\"PropertyValueSpecification\",\"valueRequired\":true,\"valueName\":\"search_term_string\"}}],\"inLanguage\":\"sv-SE\"},{\"@type\":\"Organization\",\"@id\":\"https:\\\/\\\/lightweb.dev\\\/l\\\/svm-temp\\\/#organization\",\"name\":\"Melkerson y Nott SL\",\"alternateName\":\"Svenska Magasinet\",\"url\":\"https:\\\/\\\/lightweb.dev\\\/l\\\/svm-temp\\\/\",\"logo\":{\"@type\":\"ImageObject\",\"inLanguage\":\"sv-SE\",\"@id\":\"https:\\\/\\\/lightweb.dev\\\/l\\\/svm-temp\\\/#\\\/schema\\\/logo\\\/image\\\/\",\"url\":\"https:\\\/\\\/lightweb.dev\\\/l\\\/svm-temp\\\/wp-content\\\/uploads\\\/2025\\\/02\\\/SvM-logo-Xtra-Centrerad-SVART.png\",\"contentUrl\":\"https:\\\/\\\/lightweb.dev\\\/l\\\/svm-temp\\\/wp-content\\\/uploads\\\/2025\\\/02\\\/SvM-logo-Xtra-Centrerad-SVART.png\",\"width\":300,\"height\":99,\"caption\":\"Melkerson y Nott SL\"},\"image\":{\"@id\":\"https:\\\/\\\/lightweb.dev\\\/l\\\/svm-temp\\\/#\\\/schema\\\/logo\\\/image\\\/\"},\"sameAs\":[\"https:\\\/\\\/www.facebook.com\\\/svenskamagasinet\",\"https:\\\/\\\/x.com\\\/SvenskaMagasine\"]},{\"@type\":\"Person\",\"@id\":\"https:\\\/\\\/lightweb.dev\\\/l\\\/svm-temp\\\/#\\\/schema\\\/person\\\/caffe038990d25722f5a04a03c906a2b\",\"name\":\"Robbie Eriksson\",\"sameAs\":[\"https:\\\/\\\/lightweb.dev\\\/l\\\/svm-temp\"],\"url\":\"https:\\\/\\\/lightweb.dev\\\/l\\\/svm-temp\\\/reporter\\\/robbie-eriksson\\\/\"}]}<\/script>\n<!-- \/ Yoast SEO Premium plugin. -->","yoast_head_json":{"title":"Regeringen \u00f6verens med Junts om \u00e4ndringar i amnestilagen - Svenska Magasinet","robots":{"index":"noindex","follow":"follow","max-snippet":"max-snippet:-1","max-image-preview":"max-image-preview:large","max-video-preview":"max-video-preview:-1"},"og_locale":"sv_SE","og_type":"article","og_title":"Regeringen \u00f6verens med Junts om \u00e4ndringar i amnestilagen","og_description":"Efter de nya eftergifterna f\u00f6r de katalanska separatisterna v\u00e4ntas regeringen nu f\u00e5 igenom sin budget f\u00f6r 2024.\u00a0","og_url":"https:\/\/lightweb.dev\/l\/svm-temp\/nyheter\/regeringen-overens-med-junts-om-andringar-i-amnestilagen\/","og_site_name":"Svenska Magasinet","article_publisher":"https:\/\/www.facebook.com\/svenskamagasinet","article_published_time":"2024-03-08T14:48:40+00:00","og_image":[{"width":1280,"height":851,"url":"https:\/\/lightweb.dev\/l\/svm-temp\/wp-content\/uploads\/2023\/12\/illustration02-stor.jpeg","type":"image\/jpeg"}],"author":"Robbie Eriksson","twitter_card":"summary_large_image","twitter_creator":"@SvenskaMagasine","twitter_site":"@SvenskaMagasine","schema":{"@context":"https:\/\/schema.org","@graph":[{"@type":"Article","@id":"https:\/\/lightweb.dev\/l\/svm-temp\/nyheter\/regeringen-overens-med-junts-om-andringar-i-amnestilagen\/#article","isPartOf":{"@id":"https:\/\/lightweb.dev\/l\/svm-temp\/nyheter\/regeringen-overens-med-junts-om-andringar-i-amnestilagen\/"},"author":{"name":"Robbie Eriksson","@id":"https:\/\/lightweb.dev\/l\/svm-temp\/#\/schema\/person\/caffe038990d25722f5a04a03c906a2b"},"headline":"Regeringen \u00f6verens med Junts om \u00e4ndringar i amnestilagen","datePublished":"2024-03-08T14:48:40+00:00","mainEntityOfPage":{"@id":"https:\/\/lightweb.dev\/l\/svm-temp\/nyheter\/regeringen-overens-med-junts-om-andringar-i-amnestilagen\/"},"wordCount":402,"publisher":{"@id":"https:\/\/lightweb.dev\/l\/svm-temp\/#organization"},"image":{"@id":"https:\/\/lightweb.dev\/l\/svm-temp\/nyheter\/regeringen-overens-med-junts-om-andringar-i-amnestilagen\/#primaryimage"},"thumbnailUrl":"https:\/\/lightweb.dev\/l\/svm-temp\/wp-content\/uploads\/2023\/12\/illustration02-stor.jpeg","articleSection":["Arkiv","Nyheter"],"inLanguage":"sv-SE"},{"@type":"WebPage","@id":"https:\/\/lightweb.dev\/l\/svm-temp\/nyheter\/regeringen-overens-med-junts-om-andringar-i-amnestilagen\/","url":"https:\/\/lightweb.dev\/l\/svm-temp\/nyheter\/regeringen-overens-med-junts-om-andringar-i-amnestilagen\/","name":"Regeringen \u00f6verens med Junts om \u00e4ndringar i amnestilagen - Svenska Magasinet","isPartOf":{"@id":"https:\/\/lightweb.dev\/l\/svm-temp\/#website"},"primaryImageOfPage":{"@id":"https:\/\/lightweb.dev\/l\/svm-temp\/nyheter\/regeringen-overens-med-junts-om-andringar-i-amnestilagen\/#primaryimage"},"image":{"@id":"https:\/\/lightweb.dev\/l\/svm-temp\/nyheter\/regeringen-overens-med-junts-om-andringar-i-amnestilagen\/#primaryimage"},"thumbnailUrl":"https:\/\/lightweb.dev\/l\/svm-temp\/wp-content\/uploads\/2023\/12\/illustration02-stor.jpeg","datePublished":"2024-03-08T14:48:40+00:00","breadcrumb":{"@id":"https:\/\/lightweb.dev\/l\/svm-temp\/nyheter\/regeringen-overens-med-junts-om-andringar-i-amnestilagen\/#breadcrumb"},"inLanguage":"sv-SE","potentialAction":[{"@type":"ReadAction","target":["https:\/\/lightweb.dev\/l\/svm-temp\/nyheter\/regeringen-overens-med-junts-om-andringar-i-amnestilagen\/"]}]},{"@type":"ImageObject","inLanguage":"sv-SE","@id":"https:\/\/lightweb.dev\/l\/svm-temp\/nyheter\/regeringen-overens-med-junts-om-andringar-i-amnestilagen\/#primaryimage","url":"https:\/\/lightweb.dev\/l\/svm-temp\/wp-content\/uploads\/2023\/12\/illustration02-stor.jpeg","contentUrl":"https:\/\/lightweb.dev\/l\/svm-temp\/wp-content\/uploads\/2023\/12\/illustration02-stor.jpeg","width":1280,"height":851},{"@type":"BreadcrumbList","@id":"https:\/\/lightweb.dev\/l\/svm-temp\/nyheter\/regeringen-overens-med-junts-om-andringar-i-amnestilagen\/#breadcrumb","itemListElement":[{"@type":"ListItem","position":1,"name":"Hem","item":"https:\/\/lightweb.dev\/l\/svm-temp\/"},{"@type":"ListItem","position":2,"name":"Regeringen \u00f6verens med Junts om \u00e4ndringar i amnestilagen"}]},{"@type":"WebSite","@id":"https:\/\/lightweb.dev\/l\/svm-temp\/#website","url":"https:\/\/lightweb.dev\/l\/svm-temp\/","name":"Svenska Magasinet","description":"Dina Spanska nyheter p&aring; Svenska","publisher":{"@id":"https:\/\/lightweb.dev\/l\/svm-temp\/#organization"},"potentialAction":[{"@type":"SearchAction","target":{"@type":"EntryPoint","urlTemplate":"https:\/\/lightweb.dev\/l\/svm-temp\/?s={search_term_string}"},"query-input":{"@type":"PropertyValueSpecification","valueRequired":true,"valueName":"search_term_string"}}],"inLanguage":"sv-SE"},{"@type":"Organization","@id":"https:\/\/lightweb.dev\/l\/svm-temp\/#organization","name":"Melkerson y Nott SL","alternateName":"Svenska Magasinet","url":"https:\/\/lightweb.dev\/l\/svm-temp\/","logo":{"@type":"ImageObject","inLanguage":"sv-SE","@id":"https:\/\/lightweb.dev\/l\/svm-temp\/#\/schema\/logo\/image\/","url":"https:\/\/lightweb.dev\/l\/svm-temp\/wp-content\/uploads\/2025\/02\/SvM-logo-Xtra-Centrerad-SVART.png","contentUrl":"https:\/\/lightweb.dev\/l\/svm-temp\/wp-content\/uploads\/2025\/02\/SvM-logo-Xtra-Centrerad-SVART.png","width":300,"height":99,"caption":"Melkerson y Nott SL"},"image":{"@id":"https:\/\/lightweb.dev\/l\/svm-temp\/#\/schema\/logo\/image\/"},"sameAs":["https:\/\/www.facebook.com\/svenskamagasinet","https:\/\/x.com\/SvenskaMagasine"]},{"@type":"Person","@id":"https:\/\/lightweb.dev\/l\/svm-temp\/#\/schema\/person\/caffe038990d25722f5a04a03c906a2b","name":"Robbie Eriksson","sameAs":["https:\/\/lightweb.dev\/l\/svm-temp"],"url":"https:\/\/lightweb.dev\/l\/svm-temp\/reporter\/robbie-eriksson\/"}]}},"_links":{"self":[{"href":"https:\/\/lightweb.dev\/l\/svm-temp\/wp-json\/wp\/v2\/posts\/70126","targetHints":{"allow":["GET"]}}],"collection":[{"href":"https:\/\/lightweb.dev\/l\/svm-temp\/wp-json\/wp\/v2\/posts"}],"about":[{"href":"https:\/\/lightweb.dev\/l\/svm-temp\/wp-json\/wp\/v2\/types\/post"}],"author":[{"embeddable":true,"href":"https:\/\/lightweb.dev\/l\/svm-temp\/wp-json\/wp\/v2\/users\/14"}],"replies":[{"embeddable":true,"href":"https:\/\/lightweb.dev\/l\/svm-temp\/wp-json\/wp\/v2\/comments?post=70126"}],"version-history":[{"count":0,"href":"https:\/\/lightweb.dev\/l\/svm-temp\/wp-json\/wp\/v2\/posts\/70126\/revisions"}],"wp:featuredmedia":[{"embeddable":true,"href":"https:\/\/lightweb.dev\/l\/svm-temp\/wp-json\/wp\/v2\/media\/68300"}],"wp:attachment":[{"href":"https:\/\/lightweb.dev\/l\/svm-temp\/wp-json\/wp\/v2\/media?parent=70126"}],"wp:term":[{"taxonomy":"category","embeddable":true,"href":"https:\/\/lightweb.dev\/l\/svm-temp\/wp-json\/wp\/v2\/categories?post=70126"},{"taxonomy":"post_tag","embeddable":true,"href":"https:\/\/lightweb.dev\/l\/svm-temp\/wp-json\/wp\/v2\/tags?post=70126"}],"curies":[{"name":"wp","href":"https:\/\/api.w.org\/{rel}","templated":true}]}}