{"id":70182,"date":"2024-04-02T01:00:42","date_gmt":"2024-04-01T23:00:42","guid":{"rendered":"https:\/\/lightweb.dev\/l\/svm-temp\/?p=70182"},"modified":"2024-04-02T15:23:33","modified_gmt":"2024-04-02T13:23:33","slug":"levande-landskap-en-resa-for-dina-sinnen-genom-medelhavs-tradgardens-fortrollande-varld","status":"publish","type":"post","link":"https:\/\/lightweb.dev\/l\/svm-temp\/artiklar\/levande-landskap-en-resa-for-dina-sinnen-genom-medelhavs-tradgardens-fortrollande-varld\/","title":{"rendered":"Levande Landskap: En resa f\u00f6r dina sinnen genom Medelhavs tr\u00e4dg\u00e5rdens f\u00f6rtrollande v\u00e4rld!"},"content":{"rendered":"<p><strong>V\u00e4lkommen till en djupdykning i Medelhavs tr\u00e4dg\u00e5rdens magnifika v\u00e4rld! Jag heter Victoria M\u00f6rner, och \u00e4r en passionerad landskapsarkitekt, och det gl\u00e4der mig att f\u00e5 dela denna resa med dig.<\/strong><\/p>\n<div id=\"attachment_70184\" style=\"width: 210px\" class=\"wp-caption alignleft\"><img loading=\"lazy\" decoding=\"async\" aria-describedby=\"caption-attachment-70184\" class=\"wp-image-70184 size-medium\" src=\"https:\/\/lightweb.dev\/l\/svm-temp\/wp-content\/uploads\/2024\/03\/Victoria-01-stor-200x300.jpeg\" alt=\"\" width=\"200\" height=\"300\" srcset=\"https:\/\/lightweb.dev\/l\/svm-temp\/wp-content\/uploads\/2024\/03\/Victoria-01-stor-200x300.jpeg 200w, https:\/\/lightweb.dev\/l\/svm-temp\/wp-content\/uploads\/2024\/03\/Victoria-01-stor-600x899.jpeg 600w, https:\/\/lightweb.dev\/l\/svm-temp\/wp-content\/uploads\/2024\/03\/Victoria-01-stor-768x1151.jpeg 768w, https:\/\/lightweb.dev\/l\/svm-temp\/wp-content\/uploads\/2024\/03\/Victoria-01-stor-610x914.jpeg 610w, https:\/\/lightweb.dev\/l\/svm-temp\/wp-content\/uploads\/2024\/03\/Victoria-01-stor.jpeg 854w\" sizes=\"(max-width: 200px) 100vw, 200px\" \/><p id=\"caption-attachment-70184\" class=\"wp-caption-text\">Victoria M\u00f6rner<\/p><\/div>\n<p>Min k\u00e4rlek f\u00f6r tr\u00e4dg\u00e5rdsdesign f\u00f6ddes i den pittoreska fiskebyn La Herradura i Granada-provinsen, d\u00e4r varje skollov blev en m\u00f6jlighet att utforska de lokala v\u00e4xthusen och l\u00e5ta naturens sk\u00f6nhet inspirera mig.<\/p>\n<p>Efter min utbildning i landskapsarkitektur vid Kingston University i London har jag arbetat med landskapsprojekt f\u00f6r stadskontor, hotell och privata tr\u00e4dg\u00e5rdar b\u00e5de i Europa och Afrika.<\/p>\n<p>Efter att ha tillbringat 18 \u00e5r i Botswana, d\u00e4r jag grundade mitt landskapsarkitekt f\u00f6retag och fick m\u00f6jlighet att utforska och beundra den rika afrikanska naturen, har jag nu \u00e5terv\u00e4nt hem till Spanien f\u00f6r att forts\u00e4tta min resa. H\u00e4r i Marbella finner jag en bekant sk\u00f6nhet i den spanska vegetationen, som p\u00e5 m\u00e5nga s\u00e4tt p\u00e5minner mig om den i s\u00f6dra Afrika.<\/p>\n<p>Med en djup f\u00f6rst\u00e5else f\u00f6r naturen och en passion f\u00f6r att skapa harmoniska milj\u00f6er, bjuder jag in dig att f\u00f6lja med mig p\u00e5 denna resa f\u00f6r dina sinnen\u00a0genom Medelhavs tr\u00e4dg\u00e5rdens unika v\u00e4rld och hur vi skapar den!<\/p>\n<h2><strong>Syn:<\/strong><\/h2>\n<p><img loading=\"lazy\" decoding=\"async\" class=\"size-medium wp-image-70185 alignleft\" src=\"https:\/\/lightweb.dev\/l\/svm-temp\/wp-content\/uploads\/2024\/03\/morner-stor-223x300.jpeg\" alt=\"\" width=\"223\" height=\"300\" srcset=\"https:\/\/lightweb.dev\/l\/svm-temp\/wp-content\/uploads\/2024\/03\/morner-stor-223x300.jpeg 223w, https:\/\/lightweb.dev\/l\/svm-temp\/wp-content\/uploads\/2024\/03\/morner-stor-669x900.jpeg 669w, https:\/\/lightweb.dev\/l\/svm-temp\/wp-content\/uploads\/2024\/03\/morner-stor-768x1034.jpeg 768w, https:\/\/lightweb.dev\/l\/svm-temp\/wp-content\/uploads\/2024\/03\/morner-stor-610x821.jpeg 610w, https:\/\/lightweb.dev\/l\/svm-temp\/wp-content\/uploads\/2024\/03\/morner-stor-600x808.jpeg 600w, https:\/\/lightweb.dev\/l\/svm-temp\/wp-content\/uploads\/2024\/03\/morner-stor.jpeg 951w\" sizes=\"(max-width: 223px) 100vw, 223px\" \/><\/p>\n<p>L\u00e5t oss b\u00f6rja med det viktigaste \u2013 wow-effekten! Majest\u00e4tiska palmer som str\u00e4cker sig h\u00f6gt mot skyn, vackra gamla olivtr\u00e4d och dekorativa font\u00e4ner v\u00e4l placerade f\u00f6r att skapa i\u00f6gonfallande fokuspunkter. G\u00f6r din tr\u00e4dg\u00e5rd till en upplevelsef\u00e4rd d\u00e4r varje steg \u00e4r en del av en vacker resa genom naturens sk\u00f6nhet.<\/p>\n<p><em>Tips:<\/em> Resan kan b\u00f6rja med en vacker entr\u00e9 sedan genom huset d\u00e4r ett f\u00f6nster blir en ram f\u00f6r den vackra naturen utanf\u00f6r. Viktigt \u00e4r den obrutna l\u00e4nken mellan inne och ute som skapar ett fl\u00f6de av positiv energi.<\/p>\n<h2><strong>Doft:<\/strong><\/h2>\n<p>Dofterna i en tr\u00e4dg\u00e5rd \u00e4r som ren magi som fyller luften och v\u00e4cker v\u00e5ra sinnen till liv. Fr\u00e5n doften av en blommande jasmin till den uppfriskande doften av citrusblommor, \u00e4r varje andetag en resa genom naturens mest f\u00f6rf\u00f6riska dofter.<\/p>\n<p><em>Tips:<\/em> Doftande v\u00e4xter kan strategiskt placeras vid entr\u00e9n, i m\u00f6blerade uterum och vid f\u00f6nstret f\u00f6r att l\u00e5ta dofterna sv\u00e4va in och fylla rummen.<\/p>\n<h2><strong>Ljud:<\/strong><\/h2>\n<p><img loading=\"lazy\" decoding=\"async\" class=\"size-medium wp-image-70186 alignleft\" src=\"https:\/\/lightweb.dev\/l\/svm-temp\/wp-content\/uploads\/2024\/03\/morner-3-stor-1-300x199.jpeg\" alt=\"\" width=\"300\" height=\"199\" srcset=\"https:\/\/lightweb.dev\/l\/svm-temp\/wp-content\/uploads\/2024\/03\/morner-3-stor-1-300x199.jpeg 300w, https:\/\/lightweb.dev\/l\/svm-temp\/wp-content\/uploads\/2024\/03\/morner-3-stor-1-900x598.jpeg 900w, https:\/\/lightweb.dev\/l\/svm-temp\/wp-content\/uploads\/2024\/03\/morner-3-stor-1-768x510.jpeg 768w, https:\/\/lightweb.dev\/l\/svm-temp\/wp-content\/uploads\/2024\/03\/morner-3-stor-1-610x405.jpeg 610w, https:\/\/lightweb.dev\/l\/svm-temp\/wp-content\/uploads\/2024\/03\/morner-3-stor-1-1080x718.jpeg 1080w, https:\/\/lightweb.dev\/l\/svm-temp\/wp-content\/uploads\/2024\/03\/morner-3-stor-1-600x399.jpeg 600w, https:\/\/lightweb.dev\/l\/svm-temp\/wp-content\/uploads\/2024\/03\/morner-3-stor-1.jpeg 1181w\" sizes=\"(max-width: 300px) 100vw, 300px\" \/><\/p>\n<p>I tr\u00e4dg\u00e5rden finns en symfoni av ljud som v\u00e4cker v\u00e5ra sinnen till liv och skapar en atmosf\u00e4r av lugn och harmoni. F\u00e5glarnas s\u00e5ng, surrande bin och vindens sus genom palmbladen skapar en vacker bakgrundsmusik f\u00f6r v\u00e5ra tr\u00e4dg\u00e5rdsupplevelser.<\/p>\n<p><em>Tips:<\/em> En liten font\u00e4n med lugnt porlande vatten kan ha en meditativ effekt och samtidigt d\u00e4mpa eventuella st\u00f6rande ljud fr\u00e5n omgivningen.<\/p>\n<h2><strong>Ber\u00f6ring:<\/strong><\/h2>\n<p><img loading=\"lazy\" decoding=\"async\" class=\"size-medium wp-image-70187 alignleft\" src=\"https:\/\/lightweb.dev\/l\/svm-temp\/wp-content\/uploads\/2024\/03\/morner-4-stor-225x300.jpeg\" alt=\"\" width=\"225\" height=\"300\" srcset=\"https:\/\/lightweb.dev\/l\/svm-temp\/wp-content\/uploads\/2024\/03\/morner-4-stor-225x300.jpeg 225w, https:\/\/lightweb.dev\/l\/svm-temp\/wp-content\/uploads\/2024\/03\/morner-4-stor-675x900.jpeg 675w, https:\/\/lightweb.dev\/l\/svm-temp\/wp-content\/uploads\/2024\/03\/morner-4-stor-768x1024.jpeg 768w, https:\/\/lightweb.dev\/l\/svm-temp\/wp-content\/uploads\/2024\/03\/morner-4-stor-610x813.jpeg 610w, https:\/\/lightweb.dev\/l\/svm-temp\/wp-content\/uploads\/2024\/03\/morner-4-stor-600x800.jpeg 600w, https:\/\/lightweb.dev\/l\/svm-temp\/wp-content\/uploads\/2024\/03\/morner-4-stor.jpeg 960w\" sizes=\"(max-width: 225px) 100vw, 225px\" \/><\/p>\n<p>Att g\u00e5 barfota \u00e4r en oslagbart sk\u00f6n och befriande k\u00e4nsla.\u00a0 Det \u00e4r ocks\u00e5 n\u00e4stan om\u00f6jligt att motst\u00e5 frestelsen att f\u00f6ra handen genom svajande gr\u00e4s och mjuka palmblad. Att gnugga myntablad i handen och k\u00e4nna doften stiga \u00e4r en fysisk upplevelse som f\u00f6rdjupar v\u00e5r koppling till naturen.<\/p>\n<p><em>Tips<\/em>: Inkludera mynta i rabatter och i kanten av gr\u00e4smattan n\u00e4ra din utedusch. Den uppfriskande doften uts\u00f6ndras n\u00e4r dina ben stryker utmed bladen eller trampas p\u00e5 f\u00f6rsiktigt.<\/p>\n<h2><strong>Smak:<\/strong><\/h2>\n<p>Sist men inte minst kommer vi till h\u00f6jdpunkten \u2013 smaken av framg\u00e5ng. F\u00f6rvandla din spanska tr\u00e4dg\u00e5rd till ett \u00e4tbart paradis med en sk\u00f6rd av frukter, \u00f6rter och gr\u00f6nsaker redo att plockas. Tur har vi som kan sk\u00f6rda v\u00e5ra egna apelsiner, citroner, mango, fikon mm.\u00a0 Det mest tillfredsst\u00e4llande av allt \u00e4r att f\u00e5 delta i hela v\u00e4xtprocessen och slutligen att f\u00e5 njuta av den goda, solmogna smaken.<\/p>\n<p><img loading=\"lazy\" decoding=\"async\" class=\"size-medium wp-image-70188 alignleft\" src=\"https:\/\/lightweb.dev\/l\/svm-temp\/wp-content\/uploads\/2024\/03\/morner-5-stor-225x300.jpeg\" alt=\"\" width=\"225\" height=\"300\" srcset=\"https:\/\/lightweb.dev\/l\/svm-temp\/wp-content\/uploads\/2024\/03\/morner-5-stor-225x300.jpeg 225w, https:\/\/lightweb.dev\/l\/svm-temp\/wp-content\/uploads\/2024\/03\/morner-5-stor-675x900.jpeg 675w, https:\/\/lightweb.dev\/l\/svm-temp\/wp-content\/uploads\/2024\/03\/morner-5-stor-768x1024.jpeg 768w, https:\/\/lightweb.dev\/l\/svm-temp\/wp-content\/uploads\/2024\/03\/morner-5-stor-610x813.jpeg 610w, https:\/\/lightweb.dev\/l\/svm-temp\/wp-content\/uploads\/2024\/03\/morner-5-stor-600x800.jpeg 600w, https:\/\/lightweb.dev\/l\/svm-temp\/wp-content\/uploads\/2024\/03\/morner-5-stor.jpeg 960w\" sizes=\"(max-width: 225px) 100vw, 225px\" \/><\/p>\n<p><em>Tips:<\/em> Skapa en \u00e4tbar design genom att inkludera fyllnads v\u00e4xter som rosmarin och timjan. Origanum och Corsican mint \u00e4r utm\u00e4rkta markt\u00e4ckande v\u00e4xter.<\/p>\n<p>En levande tr\u00e4dg\u00e5rd \u00e4r en hyllning till naturens generositet p\u00e5 alla sinnes plan och en p\u00e5minnelse om dess o\u00e4ndliga m\u00f6jligheter. Lycka till! och jag l\u00e4ngtar redan till n\u00e4sta nummer d\u00e5 jag skriver om de perfekta v\u00e4xterna f\u00f6r din uteplats i Spaniens torra och soliga klimat.<\/p>\n<p>Om du beh\u00f6ver hj\u00e4lp med att f\u00f6rverkliga din tr\u00e4dg\u00e5rdsdr\u00f6m: <a href=\"http:\/\/www.vmla.es\/\">www.vmla.es<\/a> Instagram: victorias.garden_and_landscape<\/p>\n<p>&nbsp;<\/p>\n<div class=\"page\" title=\"Page 18\">\n<div class=\"section\">\n<div class=\"layoutArea\">\n<div class=\"column\">\n<h2>Fler tips till varje sinne!<\/h2>\n<p><strong>Syn<\/strong><\/p>\n<p>Resan kan bo\u0308rja med en vacker entre\u0301 sedan genom huset da\u0308r ett fo\u0308nster blir en ram fo\u0308r den vackra naturen utanfo\u0308r. Viktigt a\u0308r den obrutna la\u0308nken mellan inne och ute som skapar ett flo\u0308de av positiv energi.<\/p>\n<p><strong>Doft<\/strong><\/p>\n<p>Doftande va\u0308xter kan strategiskt placeras vid entre\u0301n, i mo\u0308blerade uterum och vid fo\u0308nstret fo\u0308r att la\u030ata dofterna sva\u0308va in och fylla rummen.<\/p>\n<p><strong>Ljud<\/strong><\/p>\n<p>En liten fonta\u0308n med lugnt porlande vatten kan ha en meditativ effekt och samtidigt da\u0308mpa eventuella sto\u0308rande ljud fra\u030an omgivningen.<\/p>\n<p><strong>Bero\u0308ring<\/strong><\/p>\n<p>Inkludera mynta i rabatter och i kanten av gra\u0308smattan na\u0308ra din utedusch. Den uppfriskande doften utso\u0308ndras na\u0308r dina ben stryker utmed bladen eller trampas pa\u030a fo\u0308rsiktigt.<\/p>\n<p><strong>Smak<\/strong><\/p>\n<p>Skapa en a\u0308tbar design genom att inklu- dera fyllnads va\u0308xter som rosmarin och timjan. Origanum och Corsican mint a\u0308r utma\u0308rkta markta\u0308ckande va\u0308xter.<\/p>\n<p>Lycka till! och jag la\u0308ngtar redan till na\u0308sta nummer da\u030a jag skriver om de perfekta va\u0308xterna fo\u0308r din uteplats i Spaniens torra och soliga klimat.<\/p>\n<\/div>\n<\/div>\n<\/div>\n<\/div>\n","protected":false},"excerpt":{"rendered":"<p>V\u00e4lkommen till en djupdykning i Medelhavs tr\u00e4dg\u00e5rdens magnifika v\u00e4rld! Jag heter Victoria M\u00f6rner, och \u00e4r en passionerad landskapsarkitekt, och det gl\u00e4der mig att f\u00e5 dela denna resa med dig.<\/p>\n","protected":false},"author":8,"featured_media":70183,"comment_status":"closed","ping_status":"closed","sticky":false,"template":"","format":"standard","meta":{"_et_pb_use_builder":"","_et_pb_old_content":"","_et_gb_content_width":"","footnotes":""},"categories":[4,37],"tags":[],"class_list":["post-70182","post","type-post","status-publish","format-standard","has-post-thumbnail","hentry","category-artiklar","category-hem-bostad"],"yoast_head":"<!-- This site is optimized with the Yoast SEO Premium plugin v26.2 (Yoast SEO v27.5) - https:\/\/yoast.com\/product\/yoast-seo-premium-wordpress\/ -->\n<title>Levande Landskap: En resa f\u00f6r dina sinnen genom Medelhavs tr\u00e4dg\u00e5rdens f\u00f6rtrollande v\u00e4rld! - Svenska Magasinet<\/title>\n<meta name=\"description\" content=\"V\u00e4lkommen till en djupdykning i Medelhavs tr\u00e4dg\u00e5rdens magnifika v\u00e4rld! Jag heter Victoria M\u00f6rner, och \u00e4r en passionerad landskapsarkitekt, och det gl\u00e4der mig att f\u00e5 dela denna resa med dig.\" \/>\n<meta name=\"robots\" content=\"noindex, follow, max-snippet:-1, max-image-preview:large, max-video-preview:-1\" \/>\n<meta property=\"og:locale\" content=\"sv_SE\" \/>\n<meta property=\"og:type\" content=\"article\" \/>\n<meta property=\"og:title\" content=\"Levande Landskap: En resa f\u00f6r dina sinnen genom Medelhavs tr\u00e4dg\u00e5rdens f\u00f6rtrollande v\u00e4rld!\" \/>\n<meta property=\"og:description\" content=\"V\u00e4lkommen till en djupdykning i Medelhavs tr\u00e4dg\u00e5rdens magnifika v\u00e4rld! Jag heter Victoria M\u00f6rner, och \u00e4r en passionerad landskapsarkitekt, och det gl\u00e4der mig att f\u00e5 dela denna resa med dig.\" \/>\n<meta property=\"og:url\" content=\"https:\/\/lightweb.dev\/l\/svm-temp\/artiklar\/tradgard\/levande-landskap-en-resa-for-dina-sinnen-genom-medelhavs-tradgardens-fortrollande-varld\/\" \/>\n<meta property=\"og:site_name\" content=\"Svenska Magasinet\" \/>\n<meta property=\"article:publisher\" content=\"https:\/\/www.facebook.com\/svenskamagasinet\" \/>\n<meta property=\"article:published_time\" content=\"2024-04-01T23:00:42+00:00\" \/>\n<meta property=\"article:modified_time\" content=\"2024-04-02T13:23:33+00:00\" \/>\n<meta property=\"og:image\" content=\"https:\/\/lightweb.dev\/l\/svm-temp\/wp-content\/uploads\/2024\/03\/morner-2-stor.jpeg\" \/>\n\t<meta property=\"og:image:width\" content=\"960\" \/>\n\t<meta property=\"og:image:height\" content=\"1280\" \/>\n\t<meta property=\"og:image:type\" content=\"image\/jpeg\" \/>\n<meta name=\"author\" content=\"Redaktionen SvM\" \/>\n<meta name=\"twitter:card\" content=\"summary_large_image\" \/>\n<meta name=\"twitter:creator\" content=\"@SvenskaMagasine\" \/>\n<meta name=\"twitter:site\" content=\"@SvenskaMagasine\" \/>\n<script type=\"application\/ld+json\" class=\"yoast-schema-graph\">{\"@context\":\"https:\\\/\\\/schema.org\",\"@graph\":[{\"@type\":\"Article\",\"@id\":\"https:\\\/\\\/lightweb.dev\\\/l\\\/svm-temp\\\/artiklar\\\/tradgard\\\/levande-landskap-en-resa-for-dina-sinnen-genom-medelhavs-tradgardens-fortrollande-varld\\\/#article\",\"isPartOf\":{\"@id\":\"https:\\\/\\\/lightweb.dev\\\/l\\\/svm-temp\\\/artiklar\\\/tradgard\\\/levande-landskap-en-resa-for-dina-sinnen-genom-medelhavs-tradgardens-fortrollande-varld\\\/\"},\"author\":{\"name\":\"Redaktionen SvM\",\"@id\":\"https:\\\/\\\/lightweb.dev\\\/l\\\/svm-temp\\\/#\\\/schema\\\/person\\\/206a3bda5b607b0c25e1749191e4d837\"},\"headline\":\"Levande Landskap: En resa f\u00f6r dina sinnen genom Medelhavs tr\u00e4dg\u00e5rdens f\u00f6rtrollande v\u00e4rld!\",\"datePublished\":\"2024-04-01T23:00:42+00:00\",\"dateModified\":\"2024-04-02T13:23:33+00:00\",\"mainEntityOfPage\":{\"@id\":\"https:\\\/\\\/lightweb.dev\\\/l\\\/svm-temp\\\/artiklar\\\/tradgard\\\/levande-landskap-en-resa-for-dina-sinnen-genom-medelhavs-tradgardens-fortrollande-varld\\\/\"},\"wordCount\":978,\"publisher\":{\"@id\":\"https:\\\/\\\/lightweb.dev\\\/l\\\/svm-temp\\\/#organization\"},\"image\":{\"@id\":\"https:\\\/\\\/lightweb.dev\\\/l\\\/svm-temp\\\/artiklar\\\/tradgard\\\/levande-landskap-en-resa-for-dina-sinnen-genom-medelhavs-tradgardens-fortrollande-varld\\\/#primaryimage\"},\"thumbnailUrl\":\"https:\\\/\\\/lightweb.dev\\\/l\\\/svm-temp\\\/wp-content\\\/uploads\\\/2024\\\/03\\\/morner-2-stor.jpeg\",\"articleSection\":[\"Artiklar\",\"Hem &amp; bostad\"],\"inLanguage\":\"sv-SE\"},{\"@type\":\"WebPage\",\"@id\":\"https:\\\/\\\/lightweb.dev\\\/l\\\/svm-temp\\\/artiklar\\\/tradgard\\\/levande-landskap-en-resa-for-dina-sinnen-genom-medelhavs-tradgardens-fortrollande-varld\\\/\",\"url\":\"https:\\\/\\\/lightweb.dev\\\/l\\\/svm-temp\\\/artiklar\\\/tradgard\\\/levande-landskap-en-resa-for-dina-sinnen-genom-medelhavs-tradgardens-fortrollande-varld\\\/\",\"name\":\"Levande Landskap: En resa f\u00f6r dina sinnen genom Medelhavs tr\u00e4dg\u00e5rdens f\u00f6rtrollande v\u00e4rld! - Svenska Magasinet\",\"isPartOf\":{\"@id\":\"https:\\\/\\\/lightweb.dev\\\/l\\\/svm-temp\\\/#website\"},\"primaryImageOfPage\":{\"@id\":\"https:\\\/\\\/lightweb.dev\\\/l\\\/svm-temp\\\/artiklar\\\/tradgard\\\/levande-landskap-en-resa-for-dina-sinnen-genom-medelhavs-tradgardens-fortrollande-varld\\\/#primaryimage\"},\"image\":{\"@id\":\"https:\\\/\\\/lightweb.dev\\\/l\\\/svm-temp\\\/artiklar\\\/tradgard\\\/levande-landskap-en-resa-for-dina-sinnen-genom-medelhavs-tradgardens-fortrollande-varld\\\/#primaryimage\"},\"thumbnailUrl\":\"https:\\\/\\\/lightweb.dev\\\/l\\\/svm-temp\\\/wp-content\\\/uploads\\\/2024\\\/03\\\/morner-2-stor.jpeg\",\"datePublished\":\"2024-04-01T23:00:42+00:00\",\"dateModified\":\"2024-04-02T13:23:33+00:00\",\"description\":\"V\u00e4lkommen till en djupdykning i Medelhavs tr\u00e4dg\u00e5rdens magnifika v\u00e4rld! Jag heter Victoria M\u00f6rner, och \u00e4r en passionerad landskapsarkitekt, och det gl\u00e4der mig att f\u00e5 dela denna resa med dig.\",\"breadcrumb\":{\"@id\":\"https:\\\/\\\/lightweb.dev\\\/l\\\/svm-temp\\\/artiklar\\\/tradgard\\\/levande-landskap-en-resa-for-dina-sinnen-genom-medelhavs-tradgardens-fortrollande-varld\\\/#breadcrumb\"},\"inLanguage\":\"sv-SE\",\"potentialAction\":[{\"@type\":\"ReadAction\",\"target\":[\"https:\\\/\\\/lightweb.dev\\\/l\\\/svm-temp\\\/artiklar\\\/tradgard\\\/levande-landskap-en-resa-for-dina-sinnen-genom-medelhavs-tradgardens-fortrollande-varld\\\/\"]}]},{\"@type\":\"ImageObject\",\"inLanguage\":\"sv-SE\",\"@id\":\"https:\\\/\\\/lightweb.dev\\\/l\\\/svm-temp\\\/artiklar\\\/tradgard\\\/levande-landskap-en-resa-for-dina-sinnen-genom-medelhavs-tradgardens-fortrollande-varld\\\/#primaryimage\",\"url\":\"https:\\\/\\\/lightweb.dev\\\/l\\\/svm-temp\\\/wp-content\\\/uploads\\\/2024\\\/03\\\/morner-2-stor.jpeg\",\"contentUrl\":\"https:\\\/\\\/lightweb.dev\\\/l\\\/svm-temp\\\/wp-content\\\/uploads\\\/2024\\\/03\\\/morner-2-stor.jpeg\",\"width\":960,\"height\":1280},{\"@type\":\"BreadcrumbList\",\"@id\":\"https:\\\/\\\/lightweb.dev\\\/l\\\/svm-temp\\\/artiklar\\\/tradgard\\\/levande-landskap-en-resa-for-dina-sinnen-genom-medelhavs-tradgardens-fortrollande-varld\\\/#breadcrumb\",\"itemListElement\":[{\"@type\":\"ListItem\",\"position\":1,\"name\":\"Hem\",\"item\":\"https:\\\/\\\/lightweb.dev\\\/l\\\/svm-temp\\\/\"},{\"@type\":\"ListItem\",\"position\":2,\"name\":\"Levande Landskap: En resa f\u00f6r dina sinnen genom Medelhavs tr\u00e4dg\u00e5rdens f\u00f6rtrollande v\u00e4rld!\"}]},{\"@type\":\"WebSite\",\"@id\":\"https:\\\/\\\/lightweb.dev\\\/l\\\/svm-temp\\\/#website\",\"url\":\"https:\\\/\\\/lightweb.dev\\\/l\\\/svm-temp\\\/\",\"name\":\"Svenska Magasinet\",\"description\":\"Dina Spanska nyheter p&aring; Svenska\",\"publisher\":{\"@id\":\"https:\\\/\\\/lightweb.dev\\\/l\\\/svm-temp\\\/#organization\"},\"potentialAction\":[{\"@type\":\"SearchAction\",\"target\":{\"@type\":\"EntryPoint\",\"urlTemplate\":\"https:\\\/\\\/lightweb.dev\\\/l\\\/svm-temp\\\/?s={search_term_string}\"},\"query-input\":{\"@type\":\"PropertyValueSpecification\",\"valueRequired\":true,\"valueName\":\"search_term_string\"}}],\"inLanguage\":\"sv-SE\"},{\"@type\":\"Organization\",\"@id\":\"https:\\\/\\\/lightweb.dev\\\/l\\\/svm-temp\\\/#organization\",\"name\":\"Melkerson y Nott SL\",\"alternateName\":\"Svenska Magasinet\",\"url\":\"https:\\\/\\\/lightweb.dev\\\/l\\\/svm-temp\\\/\",\"logo\":{\"@type\":\"ImageObject\",\"inLanguage\":\"sv-SE\",\"@id\":\"https:\\\/\\\/lightweb.dev\\\/l\\\/svm-temp\\\/#\\\/schema\\\/logo\\\/image\\\/\",\"url\":\"https:\\\/\\\/lightweb.dev\\\/l\\\/svm-temp\\\/wp-content\\\/uploads\\\/2025\\\/02\\\/SvM-logo-Xtra-Centrerad-SVART.png\",\"contentUrl\":\"https:\\\/\\\/lightweb.dev\\\/l\\\/svm-temp\\\/wp-content\\\/uploads\\\/2025\\\/02\\\/SvM-logo-Xtra-Centrerad-SVART.png\",\"width\":300,\"height\":99,\"caption\":\"Melkerson y Nott SL\"},\"image\":{\"@id\":\"https:\\\/\\\/lightweb.dev\\\/l\\\/svm-temp\\\/#\\\/schema\\\/logo\\\/image\\\/\"},\"sameAs\":[\"https:\\\/\\\/www.facebook.com\\\/svenskamagasinet\",\"https:\\\/\\\/x.com\\\/SvenskaMagasine\"]},{\"@type\":\"Person\",\"@id\":\"https:\\\/\\\/lightweb.dev\\\/l\\\/svm-temp\\\/#\\\/schema\\\/person\\\/206a3bda5b607b0c25e1749191e4d837\",\"name\":\"Redaktionen SvM\",\"description\":\"Redaktionen\",\"sameAs\":[\"https:\\\/\\\/lightweb.dev\\\/l\\\/svm-temp\"],\"url\":\"https:\\\/\\\/lightweb.dev\\\/l\\\/svm-temp\\\/reporter\\\/redaktionen\\\/\"}]}<\/script>\n<!-- \/ Yoast SEO Premium plugin. -->","yoast_head_json":{"title":"Levande Landskap: En resa f\u00f6r dina sinnen genom Medelhavs tr\u00e4dg\u00e5rdens f\u00f6rtrollande v\u00e4rld! - Svenska Magasinet","description":"V\u00e4lkommen till en djupdykning i Medelhavs tr\u00e4dg\u00e5rdens magnifika v\u00e4rld! Jag heter Victoria M\u00f6rner, och \u00e4r en passionerad landskapsarkitekt, och det gl\u00e4der mig att f\u00e5 dela denna resa med dig.","robots":{"index":"noindex","follow":"follow","max-snippet":"max-snippet:-1","max-image-preview":"max-image-preview:large","max-video-preview":"max-video-preview:-1"},"og_locale":"sv_SE","og_type":"article","og_title":"Levande Landskap: En resa f\u00f6r dina sinnen genom Medelhavs tr\u00e4dg\u00e5rdens f\u00f6rtrollande v\u00e4rld!","og_description":"V\u00e4lkommen till en djupdykning i Medelhavs tr\u00e4dg\u00e5rdens magnifika v\u00e4rld! Jag heter Victoria M\u00f6rner, och \u00e4r en passionerad landskapsarkitekt, och det gl\u00e4der mig att f\u00e5 dela denna resa med dig.","og_url":"https:\/\/lightweb.dev\/l\/svm-temp\/artiklar\/tradgard\/levande-landskap-en-resa-for-dina-sinnen-genom-medelhavs-tradgardens-fortrollande-varld\/","og_site_name":"Svenska Magasinet","article_publisher":"https:\/\/www.facebook.com\/svenskamagasinet","article_published_time":"2024-04-01T23:00:42+00:00","article_modified_time":"2024-04-02T13:23:33+00:00","og_image":[{"width":960,"height":1280,"url":"https:\/\/lightweb.dev\/l\/svm-temp\/wp-content\/uploads\/2024\/03\/morner-2-stor.jpeg","type":"image\/jpeg"}],"author":"Redaktionen SvM","twitter_card":"summary_large_image","twitter_creator":"@SvenskaMagasine","twitter_site":"@SvenskaMagasine","schema":{"@context":"https:\/\/schema.org","@graph":[{"@type":"Article","@id":"https:\/\/lightweb.dev\/l\/svm-temp\/artiklar\/tradgard\/levande-landskap-en-resa-for-dina-sinnen-genom-medelhavs-tradgardens-fortrollande-varld\/#article","isPartOf":{"@id":"https:\/\/lightweb.dev\/l\/svm-temp\/artiklar\/tradgard\/levande-landskap-en-resa-for-dina-sinnen-genom-medelhavs-tradgardens-fortrollande-varld\/"},"author":{"name":"Redaktionen SvM","@id":"https:\/\/lightweb.dev\/l\/svm-temp\/#\/schema\/person\/206a3bda5b607b0c25e1749191e4d837"},"headline":"Levande Landskap: En resa f\u00f6r dina sinnen genom Medelhavs tr\u00e4dg\u00e5rdens f\u00f6rtrollande v\u00e4rld!","datePublished":"2024-04-01T23:00:42+00:00","dateModified":"2024-04-02T13:23:33+00:00","mainEntityOfPage":{"@id":"https:\/\/lightweb.dev\/l\/svm-temp\/artiklar\/tradgard\/levande-landskap-en-resa-for-dina-sinnen-genom-medelhavs-tradgardens-fortrollande-varld\/"},"wordCount":978,"publisher":{"@id":"https:\/\/lightweb.dev\/l\/svm-temp\/#organization"},"image":{"@id":"https:\/\/lightweb.dev\/l\/svm-temp\/artiklar\/tradgard\/levande-landskap-en-resa-for-dina-sinnen-genom-medelhavs-tradgardens-fortrollande-varld\/#primaryimage"},"thumbnailUrl":"https:\/\/lightweb.dev\/l\/svm-temp\/wp-content\/uploads\/2024\/03\/morner-2-stor.jpeg","articleSection":["Artiklar","Hem &amp; bostad"],"inLanguage":"sv-SE"},{"@type":"WebPage","@id":"https:\/\/lightweb.dev\/l\/svm-temp\/artiklar\/tradgard\/levande-landskap-en-resa-for-dina-sinnen-genom-medelhavs-tradgardens-fortrollande-varld\/","url":"https:\/\/lightweb.dev\/l\/svm-temp\/artiklar\/tradgard\/levande-landskap-en-resa-for-dina-sinnen-genom-medelhavs-tradgardens-fortrollande-varld\/","name":"Levande Landskap: En resa f\u00f6r dina sinnen genom Medelhavs tr\u00e4dg\u00e5rdens f\u00f6rtrollande v\u00e4rld! - Svenska Magasinet","isPartOf":{"@id":"https:\/\/lightweb.dev\/l\/svm-temp\/#website"},"primaryImageOfPage":{"@id":"https:\/\/lightweb.dev\/l\/svm-temp\/artiklar\/tradgard\/levande-landskap-en-resa-for-dina-sinnen-genom-medelhavs-tradgardens-fortrollande-varld\/#primaryimage"},"image":{"@id":"https:\/\/lightweb.dev\/l\/svm-temp\/artiklar\/tradgard\/levande-landskap-en-resa-for-dina-sinnen-genom-medelhavs-tradgardens-fortrollande-varld\/#primaryimage"},"thumbnailUrl":"https:\/\/lightweb.dev\/l\/svm-temp\/wp-content\/uploads\/2024\/03\/morner-2-stor.jpeg","datePublished":"2024-04-01T23:00:42+00:00","dateModified":"2024-04-02T13:23:33+00:00","description":"V\u00e4lkommen till en djupdykning i Medelhavs tr\u00e4dg\u00e5rdens magnifika v\u00e4rld! Jag heter Victoria M\u00f6rner, och \u00e4r en passionerad landskapsarkitekt, och det gl\u00e4der mig att f\u00e5 dela denna resa med dig.","breadcrumb":{"@id":"https:\/\/lightweb.dev\/l\/svm-temp\/artiklar\/tradgard\/levande-landskap-en-resa-for-dina-sinnen-genom-medelhavs-tradgardens-fortrollande-varld\/#breadcrumb"},"inLanguage":"sv-SE","potentialAction":[{"@type":"ReadAction","target":["https:\/\/lightweb.dev\/l\/svm-temp\/artiklar\/tradgard\/levande-landskap-en-resa-for-dina-sinnen-genom-medelhavs-tradgardens-fortrollande-varld\/"]}]},{"@type":"ImageObject","inLanguage":"sv-SE","@id":"https:\/\/lightweb.dev\/l\/svm-temp\/artiklar\/tradgard\/levande-landskap-en-resa-for-dina-sinnen-genom-medelhavs-tradgardens-fortrollande-varld\/#primaryimage","url":"https:\/\/lightweb.dev\/l\/svm-temp\/wp-content\/uploads\/2024\/03\/morner-2-stor.jpeg","contentUrl":"https:\/\/lightweb.dev\/l\/svm-temp\/wp-content\/uploads\/2024\/03\/morner-2-stor.jpeg","width":960,"height":1280},{"@type":"BreadcrumbList","@id":"https:\/\/lightweb.dev\/l\/svm-temp\/artiklar\/tradgard\/levande-landskap-en-resa-for-dina-sinnen-genom-medelhavs-tradgardens-fortrollande-varld\/#breadcrumb","itemListElement":[{"@type":"ListItem","position":1,"name":"Hem","item":"https:\/\/lightweb.dev\/l\/svm-temp\/"},{"@type":"ListItem","position":2,"name":"Levande Landskap: En resa f\u00f6r dina sinnen genom Medelhavs tr\u00e4dg\u00e5rdens f\u00f6rtrollande v\u00e4rld!"}]},{"@type":"WebSite","@id":"https:\/\/lightweb.dev\/l\/svm-temp\/#website","url":"https:\/\/lightweb.dev\/l\/svm-temp\/","name":"Svenska Magasinet","description":"Dina Spanska nyheter p&aring; Svenska","publisher":{"@id":"https:\/\/lightweb.dev\/l\/svm-temp\/#organization"},"potentialAction":[{"@type":"SearchAction","target":{"@type":"EntryPoint","urlTemplate":"https:\/\/lightweb.dev\/l\/svm-temp\/?s={search_term_string}"},"query-input":{"@type":"PropertyValueSpecification","valueRequired":true,"valueName":"search_term_string"}}],"inLanguage":"sv-SE"},{"@type":"Organization","@id":"https:\/\/lightweb.dev\/l\/svm-temp\/#organization","name":"Melkerson y Nott SL","alternateName":"Svenska Magasinet","url":"https:\/\/lightweb.dev\/l\/svm-temp\/","logo":{"@type":"ImageObject","inLanguage":"sv-SE","@id":"https:\/\/lightweb.dev\/l\/svm-temp\/#\/schema\/logo\/image\/","url":"https:\/\/lightweb.dev\/l\/svm-temp\/wp-content\/uploads\/2025\/02\/SvM-logo-Xtra-Centrerad-SVART.png","contentUrl":"https:\/\/lightweb.dev\/l\/svm-temp\/wp-content\/uploads\/2025\/02\/SvM-logo-Xtra-Centrerad-SVART.png","width":300,"height":99,"caption":"Melkerson y Nott SL"},"image":{"@id":"https:\/\/lightweb.dev\/l\/svm-temp\/#\/schema\/logo\/image\/"},"sameAs":["https:\/\/www.facebook.com\/svenskamagasinet","https:\/\/x.com\/SvenskaMagasine"]},{"@type":"Person","@id":"https:\/\/lightweb.dev\/l\/svm-temp\/#\/schema\/person\/206a3bda5b607b0c25e1749191e4d837","name":"Redaktionen SvM","description":"Redaktionen","sameAs":["https:\/\/lightweb.dev\/l\/svm-temp"],"url":"https:\/\/lightweb.dev\/l\/svm-temp\/reporter\/redaktionen\/"}]}},"_links":{"self":[{"href":"https:\/\/lightweb.dev\/l\/svm-temp\/wp-json\/wp\/v2\/posts\/70182","targetHints":{"allow":["GET"]}}],"collection":[{"href":"https:\/\/lightweb.dev\/l\/svm-temp\/wp-json\/wp\/v2\/posts"}],"about":[{"href":"https:\/\/lightweb.dev\/l\/svm-temp\/wp-json\/wp\/v2\/types\/post"}],"author":[{"embeddable":true,"href":"https:\/\/lightweb.dev\/l\/svm-temp\/wp-json\/wp\/v2\/users\/8"}],"replies":[{"embeddable":true,"href":"https:\/\/lightweb.dev\/l\/svm-temp\/wp-json\/wp\/v2\/comments?post=70182"}],"version-history":[{"count":0,"href":"https:\/\/lightweb.dev\/l\/svm-temp\/wp-json\/wp\/v2\/posts\/70182\/revisions"}],"wp:featuredmedia":[{"embeddable":true,"href":"https:\/\/lightweb.dev\/l\/svm-temp\/wp-json\/wp\/v2\/media\/70183"}],"wp:attachment":[{"href":"https:\/\/lightweb.dev\/l\/svm-temp\/wp-json\/wp\/v2\/media?parent=70182"}],"wp:term":[{"taxonomy":"category","embeddable":true,"href":"https:\/\/lightweb.dev\/l\/svm-temp\/wp-json\/wp\/v2\/categories?post=70182"},{"taxonomy":"post_tag","embeddable":true,"href":"https:\/\/lightweb.dev\/l\/svm-temp\/wp-json\/wp\/v2\/tags?post=70182"}],"curies":[{"name":"wp","href":"https:\/\/api.w.org\/{rel}","templated":true}]}}