{"id":70211,"date":"2024-03-29T01:00:35","date_gmt":"2024-03-29T00:00:35","guid":{"rendered":"https:\/\/lightweb.dev\/l\/svm-temp\/?p=70211"},"modified":"2024-03-29T09:42:40","modified_gmt":"2024-03-29T08:42:40","slug":"dag-ohrlund-chewies-sista-flygning","status":"publish","type":"post","link":"https:\/\/lightweb.dev\/l\/svm-temp\/artiklar\/dag-ohrlund-chewies-sista-flygning\/","title":{"rendered":"Dag \u00d6hrlund: Chewies sista flygning"},"content":{"rendered":"<p><strong>Jag drar Jeffs flygarjacka lite t\u00e4tare omkring mig. Vi har k\u00f6rt genom \u00f6knen fr\u00e5n Las Vegas i gryningen. Det ska bli hett, men \u00e4nnu glittrar daggen i gr\u00e4set.<\/strong><\/p>\n<p>Tom kommer g\u00e5ende \u00f6ver startbanan, nickar och drar upp en plastp\u00e5se ur fickan.<\/p>\n<p>Jeffs aska.<\/p>\n<p>\u201dDin del\u201d, s\u00e4ger han.<\/p>\n<p>Han har tagit sin. Nu ska vi sprida den sista tredjedelen.<\/p>\n<p>Makabert? Inte om man som jag har kroppen full av k\u00e4rlek och sorg.<\/p>\n<p>Jag stoppar p\u00e5sen i innerfickan. Nu b\u00e4r jag en del av Jeff n\u00e4rmast mitt hj\u00e4rta.<\/p>\n<p>Piloten pekar \u00e5t mig att sitta i h\u00f6gersits. Tom kliver in i baks\u00e4tet, bredvid John.<\/p>\n<p>Kaptenen ger order. John ska spana efter plan som flyger in mot Los Angeles flygplats. Tom ska dra i spaken n\u00e4r det \u00e4r dags. Jag ska notera longitud, latitud, h\u00f6jd och fart n\u00e4r vi l\u00e5ter askan flyga ut \u00f6ver Stilla havet, allt enligt hans sista \u00f6nskan.<\/p>\n<p>Vi lyfter. Jag sluter \u00f6gonen och tiden spolas tillbaka tjugo\u00e5tta \u00e5r.<\/p>\n<p>Jag \u00e4r i Las Vegas f\u00f6r att g\u00f6ra reportage. Saknar kontakter, vet inte var jag ska b\u00f6rja. I en butik st\u00f6ter jag ihop med Jeff \u201dChewie\u201d Lane, som blir en av mitt livs b\u00e4sta v\u00e4nner.<\/p>\n<p>Att beskriva Jeff kr\u00e4ver en bok. S\u00e5, kortfattat: Biker och bil\u00e4lskare. Stor som ett hus \u2013 han lyfte min mamma och mig med varsin arm n\u00e4r han kramade oss \u2013 och med ett \u00e4nnu st\u00f6rre hj\u00e4rta. Stort sk\u00e4gg, bullrande skratt. Pilot och p\u00e5 alla s\u00e4tt m\u00e5ngsysslare &#8211; vilket visade sig under v\u00e5ra stunder tillsammans.<\/p>\n<p>Under alla \u00e5r var vi n\u00e4ra v\u00e4nner och n\u00e4r vi tr\u00e4ffades blev det \u00e4ventyr och h\u00e4ftiga n\u00e4tter i spelstaden. Jag blev nerv\u00f6s n\u00e4r polisen slog till i Jeffs hus, hittade granatkastare och 600\u00a0000 dollar i garaget. Han greps men efter ett samtal till Pentagon sl\u00e4pptes han omedelbart. Jeff hade f\u00e5tt i uppdrag av regeringen att flyga vapen och pengar till general Noriega i Panama. Du vet, ett s\u00e5dant d\u00e4r typiskt extrakn\u00e4ck.<\/p>\n<p>En novemberdag fick jag ett av mitt livs v\u00e4rsta samtal. Jeff, handikappad sedan hans pickup blivit p\u00e5k\u00f6rd p\u00e5 motorv\u00e4gen av en p\u00e5t\u00e4nd l\u00e5ngtradarchauff\u00f6r, hade fallit ner d\u00f6d i en massiv hj\u00e4rtattack, 61 \u00e5r gammal.<\/p>\n<p>Jag gr\u00e4t f\u00f6r f\u00f6rsta g\u00e5ngen p\u00e5 35 \u00e5r.<\/p>\n<p>Jag bokade biljetter till Las Vegas. Fick vara med p\u00e5 en fantastisk \u201dcelebration of life\u201d hemma hos gode v\u00e4nnen Tom i hans tolvrumsvilla. Under en hel dag \u00e5t vi och drack, gr\u00e4t och skrattade, ber\u00e4ttade minnen, visade bilder och filmer. P\u00e5 ett bord stod alla Jeffs nallebj\u00f6rnar och flygplansmodeller och ett litet skrin med en del av hans aska. Vi ombads alla att adoptera en av nallarna och numera bor \u201dJeff\u201d i mitt sovrum, bredvid det vackra skrinet med hans aska.<\/p>\n<p>Solen skiner starkt n\u00e4r vi flyger ut \u00f6ver Stilla Havet. Vi cirklar mellan Point Fermin och Catalina, n\u00e4ra stranden d\u00e4r Jeffs andra v\u00e4nner har samlats. Piloten s\u00e4nker planet, ger mig uppgifterna som ska noteras och s\u00e4ger att det \u00e4r dags.<\/p>\n<p>Tom drar i spaken och p\u00e5 en tv-sk\u00e4rm i planet ser jag hur askan, glittrande i motljus, flyger ut och dalar ned\u00e5t.<\/p>\n<p>Ett vackert farv\u00e4l.<\/p>\n<p>N\u00e4sta morgon st\u00e5r jag utanf\u00f6r hotellet, n\u00e4ra flygplatsen som d\u00e5 hette McCarran. Jag t\u00e4nder en cigarrett och ser ett silvergl\u00e4nsande plan fr\u00e5n bolaget \u201dSpirit\u201d taxa ut och stanna. F\u00f6r en sekund anar jag pilotens ansikte bakom rutan och tycker att han ler.<\/p>\n<p>Jag blundar och n\u00e4r jag \u00f6ppnar \u00f6gonen \u00f6kar planet farten och lyfter.<\/p>\n<p>Jag \u00e4r s\u00e4ker p\u00e5 att det var Jeff.<\/p>\n","protected":false},"excerpt":{"rendered":"<p>Jag drar Jeffs flygarjacka lite t\u00e4tare omkring mig. Vi har k\u00f6rt genom \u00f6knen fr\u00e5n Las Vegas i gryningen. Det ska bli hett, men \u00e4nnu glittrar daggen i gr\u00e4set&#8230;<\/p>\n","protected":false},"author":8,"featured_media":70212,"comment_status":"closed","ping_status":"closed","sticky":false,"template":"","format":"standard","meta":{"_et_pb_use_builder":"","_et_pb_old_content":"","_et_gb_content_width":"","footnotes":""},"categories":[396,4],"tags":[],"class_list":["post-70211","post","type-post","status-publish","format-standard","has-post-thumbnail","hentry","category-arkiv-artiklar","category-artiklar"],"yoast_head":"<!-- This site is optimized with the Yoast SEO Premium plugin v26.2 (Yoast SEO v27.5) - https:\/\/yoast.com\/product\/yoast-seo-premium-wordpress\/ -->\n<title>Dag \u00d6hrlund: Chewies sista flygning - Svenska Magasinet<\/title>\n<meta name=\"description\" content=\"Jag drar Jeffs flygarjacka lite t\u00e4tare omkring mig. Vi har k\u00f6rt genom \u00f6knen fr\u00e5n Las Vegas i gryningen. Det ska bli hett, men \u00e4nnu glittrar daggen i gr\u00e4set.\" \/>\n<meta name=\"robots\" content=\"noindex, follow, max-snippet:-1, max-image-preview:large, max-video-preview:-1\" \/>\n<meta property=\"og:locale\" content=\"sv_SE\" \/>\n<meta property=\"og:type\" content=\"article\" \/>\n<meta property=\"og:title\" content=\"Dag \u00d6hrlund: Chewies sista flygning\" \/>\n<meta property=\"og:description\" content=\"Jag drar Jeffs flygarjacka lite t\u00e4tare omkring mig. Vi har k\u00f6rt genom \u00f6knen fr\u00e5n Las Vegas i gryningen. Det ska bli hett, men \u00e4nnu glittrar daggen i gr\u00e4set.\" \/>\n<meta property=\"og:url\" content=\"https:\/\/lightweb.dev\/l\/svm-temp\/artiklar\/gastkronikor-kaserier\/dag-ohrlund-chewies-sista-flygning\/\" \/>\n<meta property=\"og:site_name\" content=\"Svenska Magasinet\" \/>\n<meta property=\"article:publisher\" content=\"https:\/\/www.facebook.com\/svenskamagasinet\" \/>\n<meta property=\"article:published_time\" content=\"2024-03-29T00:00:35+00:00\" \/>\n<meta property=\"article:modified_time\" content=\"2024-03-29T08:42:40+00:00\" \/>\n<meta property=\"og:image\" content=\"https:\/\/lightweb.dev\/l\/svm-temp\/wp-content\/uploads\/2024\/03\/P1012094-stor.jpeg\" \/>\n\t<meta property=\"og:image:width\" content=\"1280\" \/>\n\t<meta property=\"og:image:height\" content=\"960\" \/>\n\t<meta property=\"og:image:type\" content=\"image\/jpeg\" \/>\n<meta name=\"author\" content=\"Redaktionen SvM\" \/>\n<meta name=\"twitter:card\" content=\"summary_large_image\" \/>\n<meta name=\"twitter:creator\" content=\"@SvenskaMagasine\" \/>\n<meta name=\"twitter:site\" content=\"@SvenskaMagasine\" \/>\n<script type=\"application\/ld+json\" class=\"yoast-schema-graph\">{\"@context\":\"https:\\\/\\\/schema.org\",\"@graph\":[{\"@type\":\"Article\",\"@id\":\"https:\\\/\\\/lightweb.dev\\\/l\\\/svm-temp\\\/artiklar\\\/gastkronikor-kaserier\\\/dag-ohrlund-chewies-sista-flygning\\\/#article\",\"isPartOf\":{\"@id\":\"https:\\\/\\\/lightweb.dev\\\/l\\\/svm-temp\\\/artiklar\\\/gastkronikor-kaserier\\\/dag-ohrlund-chewies-sista-flygning\\\/\"},\"author\":{\"name\":\"Redaktionen SvM\",\"@id\":\"https:\\\/\\\/lightweb.dev\\\/l\\\/svm-temp\\\/#\\\/schema\\\/person\\\/206a3bda5b607b0c25e1749191e4d837\"},\"headline\":\"Dag \u00d6hrlund: Chewies sista flygning\",\"datePublished\":\"2024-03-29T00:00:35+00:00\",\"dateModified\":\"2024-03-29T08:42:40+00:00\",\"mainEntityOfPage\":{\"@id\":\"https:\\\/\\\/lightweb.dev\\\/l\\\/svm-temp\\\/artiklar\\\/gastkronikor-kaserier\\\/dag-ohrlund-chewies-sista-flygning\\\/\"},\"wordCount\":652,\"publisher\":{\"@id\":\"https:\\\/\\\/lightweb.dev\\\/l\\\/svm-temp\\\/#organization\"},\"image\":{\"@id\":\"https:\\\/\\\/lightweb.dev\\\/l\\\/svm-temp\\\/artiklar\\\/gastkronikor-kaserier\\\/dag-ohrlund-chewies-sista-flygning\\\/#primaryimage\"},\"thumbnailUrl\":\"https:\\\/\\\/lightweb.dev\\\/l\\\/svm-temp\\\/wp-content\\\/uploads\\\/2024\\\/03\\\/P1012094-stor.jpeg\",\"articleSection\":[\"Arkiv\",\"Artiklar\"],\"inLanguage\":\"sv-SE\"},{\"@type\":\"WebPage\",\"@id\":\"https:\\\/\\\/lightweb.dev\\\/l\\\/svm-temp\\\/artiklar\\\/gastkronikor-kaserier\\\/dag-ohrlund-chewies-sista-flygning\\\/\",\"url\":\"https:\\\/\\\/lightweb.dev\\\/l\\\/svm-temp\\\/artiklar\\\/gastkronikor-kaserier\\\/dag-ohrlund-chewies-sista-flygning\\\/\",\"name\":\"Dag \u00d6hrlund: Chewies sista flygning - Svenska Magasinet\",\"isPartOf\":{\"@id\":\"https:\\\/\\\/lightweb.dev\\\/l\\\/svm-temp\\\/#website\"},\"primaryImageOfPage\":{\"@id\":\"https:\\\/\\\/lightweb.dev\\\/l\\\/svm-temp\\\/artiklar\\\/gastkronikor-kaserier\\\/dag-ohrlund-chewies-sista-flygning\\\/#primaryimage\"},\"image\":{\"@id\":\"https:\\\/\\\/lightweb.dev\\\/l\\\/svm-temp\\\/artiklar\\\/gastkronikor-kaserier\\\/dag-ohrlund-chewies-sista-flygning\\\/#primaryimage\"},\"thumbnailUrl\":\"https:\\\/\\\/lightweb.dev\\\/l\\\/svm-temp\\\/wp-content\\\/uploads\\\/2024\\\/03\\\/P1012094-stor.jpeg\",\"datePublished\":\"2024-03-29T00:00:35+00:00\",\"dateModified\":\"2024-03-29T08:42:40+00:00\",\"description\":\"Jag drar Jeffs flygarjacka lite t\u00e4tare omkring mig. Vi har k\u00f6rt genom \u00f6knen fr\u00e5n Las Vegas i gryningen. Det ska bli hett, men \u00e4nnu glittrar daggen i gr\u00e4set.\",\"breadcrumb\":{\"@id\":\"https:\\\/\\\/lightweb.dev\\\/l\\\/svm-temp\\\/artiklar\\\/gastkronikor-kaserier\\\/dag-ohrlund-chewies-sista-flygning\\\/#breadcrumb\"},\"inLanguage\":\"sv-SE\",\"potentialAction\":[{\"@type\":\"ReadAction\",\"target\":[\"https:\\\/\\\/lightweb.dev\\\/l\\\/svm-temp\\\/artiklar\\\/gastkronikor-kaserier\\\/dag-ohrlund-chewies-sista-flygning\\\/\"]}]},{\"@type\":\"ImageObject\",\"inLanguage\":\"sv-SE\",\"@id\":\"https:\\\/\\\/lightweb.dev\\\/l\\\/svm-temp\\\/artiklar\\\/gastkronikor-kaserier\\\/dag-ohrlund-chewies-sista-flygning\\\/#primaryimage\",\"url\":\"https:\\\/\\\/lightweb.dev\\\/l\\\/svm-temp\\\/wp-content\\\/uploads\\\/2024\\\/03\\\/P1012094-stor.jpeg\",\"contentUrl\":\"https:\\\/\\\/lightweb.dev\\\/l\\\/svm-temp\\\/wp-content\\\/uploads\\\/2024\\\/03\\\/P1012094-stor.jpeg\",\"width\":1280,\"height\":960},{\"@type\":\"BreadcrumbList\",\"@id\":\"https:\\\/\\\/lightweb.dev\\\/l\\\/svm-temp\\\/artiklar\\\/gastkronikor-kaserier\\\/dag-ohrlund-chewies-sista-flygning\\\/#breadcrumb\",\"itemListElement\":[{\"@type\":\"ListItem\",\"position\":1,\"name\":\"Hem\",\"item\":\"https:\\\/\\\/lightweb.dev\\\/l\\\/svm-temp\\\/\"},{\"@type\":\"ListItem\",\"position\":2,\"name\":\"Dag \u00d6hrlund: Chewies sista flygning\"}]},{\"@type\":\"WebSite\",\"@id\":\"https:\\\/\\\/lightweb.dev\\\/l\\\/svm-temp\\\/#website\",\"url\":\"https:\\\/\\\/lightweb.dev\\\/l\\\/svm-temp\\\/\",\"name\":\"Svenska Magasinet\",\"description\":\"Dina Spanska nyheter p&aring; Svenska\",\"publisher\":{\"@id\":\"https:\\\/\\\/lightweb.dev\\\/l\\\/svm-temp\\\/#organization\"},\"potentialAction\":[{\"@type\":\"SearchAction\",\"target\":{\"@type\":\"EntryPoint\",\"urlTemplate\":\"https:\\\/\\\/lightweb.dev\\\/l\\\/svm-temp\\\/?s={search_term_string}\"},\"query-input\":{\"@type\":\"PropertyValueSpecification\",\"valueRequired\":true,\"valueName\":\"search_term_string\"}}],\"inLanguage\":\"sv-SE\"},{\"@type\":\"Organization\",\"@id\":\"https:\\\/\\\/lightweb.dev\\\/l\\\/svm-temp\\\/#organization\",\"name\":\"Melkerson y Nott SL\",\"alternateName\":\"Svenska Magasinet\",\"url\":\"https:\\\/\\\/lightweb.dev\\\/l\\\/svm-temp\\\/\",\"logo\":{\"@type\":\"ImageObject\",\"inLanguage\":\"sv-SE\",\"@id\":\"https:\\\/\\\/lightweb.dev\\\/l\\\/svm-temp\\\/#\\\/schema\\\/logo\\\/image\\\/\",\"url\":\"https:\\\/\\\/lightweb.dev\\\/l\\\/svm-temp\\\/wp-content\\\/uploads\\\/2025\\\/02\\\/SvM-logo-Xtra-Centrerad-SVART.png\",\"contentUrl\":\"https:\\\/\\\/lightweb.dev\\\/l\\\/svm-temp\\\/wp-content\\\/uploads\\\/2025\\\/02\\\/SvM-logo-Xtra-Centrerad-SVART.png\",\"width\":300,\"height\":99,\"caption\":\"Melkerson y Nott SL\"},\"image\":{\"@id\":\"https:\\\/\\\/lightweb.dev\\\/l\\\/svm-temp\\\/#\\\/schema\\\/logo\\\/image\\\/\"},\"sameAs\":[\"https:\\\/\\\/www.facebook.com\\\/svenskamagasinet\",\"https:\\\/\\\/x.com\\\/SvenskaMagasine\"]},{\"@type\":\"Person\",\"@id\":\"https:\\\/\\\/lightweb.dev\\\/l\\\/svm-temp\\\/#\\\/schema\\\/person\\\/206a3bda5b607b0c25e1749191e4d837\",\"name\":\"Redaktionen SvM\",\"description\":\"Redaktionen\",\"sameAs\":[\"https:\\\/\\\/lightweb.dev\\\/l\\\/svm-temp\"],\"url\":\"https:\\\/\\\/lightweb.dev\\\/l\\\/svm-temp\\\/reporter\\\/redaktionen\\\/\"}]}<\/script>\n<!-- \/ Yoast SEO Premium plugin. -->","yoast_head_json":{"title":"Dag \u00d6hrlund: Chewies sista flygning - Svenska Magasinet","description":"Jag drar Jeffs flygarjacka lite t\u00e4tare omkring mig. Vi har k\u00f6rt genom \u00f6knen fr\u00e5n Las Vegas i gryningen. Det ska bli hett, men \u00e4nnu glittrar daggen i gr\u00e4set.","robots":{"index":"noindex","follow":"follow","max-snippet":"max-snippet:-1","max-image-preview":"max-image-preview:large","max-video-preview":"max-video-preview:-1"},"og_locale":"sv_SE","og_type":"article","og_title":"Dag \u00d6hrlund: Chewies sista flygning","og_description":"Jag drar Jeffs flygarjacka lite t\u00e4tare omkring mig. Vi har k\u00f6rt genom \u00f6knen fr\u00e5n Las Vegas i gryningen. Det ska bli hett, men \u00e4nnu glittrar daggen i gr\u00e4set.","og_url":"https:\/\/lightweb.dev\/l\/svm-temp\/artiklar\/gastkronikor-kaserier\/dag-ohrlund-chewies-sista-flygning\/","og_site_name":"Svenska Magasinet","article_publisher":"https:\/\/www.facebook.com\/svenskamagasinet","article_published_time":"2024-03-29T00:00:35+00:00","article_modified_time":"2024-03-29T08:42:40+00:00","og_image":[{"width":1280,"height":960,"url":"https:\/\/lightweb.dev\/l\/svm-temp\/wp-content\/uploads\/2024\/03\/P1012094-stor.jpeg","type":"image\/jpeg"}],"author":"Redaktionen SvM","twitter_card":"summary_large_image","twitter_creator":"@SvenskaMagasine","twitter_site":"@SvenskaMagasine","schema":{"@context":"https:\/\/schema.org","@graph":[{"@type":"Article","@id":"https:\/\/lightweb.dev\/l\/svm-temp\/artiklar\/gastkronikor-kaserier\/dag-ohrlund-chewies-sista-flygning\/#article","isPartOf":{"@id":"https:\/\/lightweb.dev\/l\/svm-temp\/artiklar\/gastkronikor-kaserier\/dag-ohrlund-chewies-sista-flygning\/"},"author":{"name":"Redaktionen SvM","@id":"https:\/\/lightweb.dev\/l\/svm-temp\/#\/schema\/person\/206a3bda5b607b0c25e1749191e4d837"},"headline":"Dag \u00d6hrlund: Chewies sista flygning","datePublished":"2024-03-29T00:00:35+00:00","dateModified":"2024-03-29T08:42:40+00:00","mainEntityOfPage":{"@id":"https:\/\/lightweb.dev\/l\/svm-temp\/artiklar\/gastkronikor-kaserier\/dag-ohrlund-chewies-sista-flygning\/"},"wordCount":652,"publisher":{"@id":"https:\/\/lightweb.dev\/l\/svm-temp\/#organization"},"image":{"@id":"https:\/\/lightweb.dev\/l\/svm-temp\/artiklar\/gastkronikor-kaserier\/dag-ohrlund-chewies-sista-flygning\/#primaryimage"},"thumbnailUrl":"https:\/\/lightweb.dev\/l\/svm-temp\/wp-content\/uploads\/2024\/03\/P1012094-stor.jpeg","articleSection":["Arkiv","Artiklar"],"inLanguage":"sv-SE"},{"@type":"WebPage","@id":"https:\/\/lightweb.dev\/l\/svm-temp\/artiklar\/gastkronikor-kaserier\/dag-ohrlund-chewies-sista-flygning\/","url":"https:\/\/lightweb.dev\/l\/svm-temp\/artiklar\/gastkronikor-kaserier\/dag-ohrlund-chewies-sista-flygning\/","name":"Dag \u00d6hrlund: Chewies sista flygning - Svenska Magasinet","isPartOf":{"@id":"https:\/\/lightweb.dev\/l\/svm-temp\/#website"},"primaryImageOfPage":{"@id":"https:\/\/lightweb.dev\/l\/svm-temp\/artiklar\/gastkronikor-kaserier\/dag-ohrlund-chewies-sista-flygning\/#primaryimage"},"image":{"@id":"https:\/\/lightweb.dev\/l\/svm-temp\/artiklar\/gastkronikor-kaserier\/dag-ohrlund-chewies-sista-flygning\/#primaryimage"},"thumbnailUrl":"https:\/\/lightweb.dev\/l\/svm-temp\/wp-content\/uploads\/2024\/03\/P1012094-stor.jpeg","datePublished":"2024-03-29T00:00:35+00:00","dateModified":"2024-03-29T08:42:40+00:00","description":"Jag drar Jeffs flygarjacka lite t\u00e4tare omkring mig. Vi har k\u00f6rt genom \u00f6knen fr\u00e5n Las Vegas i gryningen. Det ska bli hett, men \u00e4nnu glittrar daggen i gr\u00e4set.","breadcrumb":{"@id":"https:\/\/lightweb.dev\/l\/svm-temp\/artiklar\/gastkronikor-kaserier\/dag-ohrlund-chewies-sista-flygning\/#breadcrumb"},"inLanguage":"sv-SE","potentialAction":[{"@type":"ReadAction","target":["https:\/\/lightweb.dev\/l\/svm-temp\/artiklar\/gastkronikor-kaserier\/dag-ohrlund-chewies-sista-flygning\/"]}]},{"@type":"ImageObject","inLanguage":"sv-SE","@id":"https:\/\/lightweb.dev\/l\/svm-temp\/artiklar\/gastkronikor-kaserier\/dag-ohrlund-chewies-sista-flygning\/#primaryimage","url":"https:\/\/lightweb.dev\/l\/svm-temp\/wp-content\/uploads\/2024\/03\/P1012094-stor.jpeg","contentUrl":"https:\/\/lightweb.dev\/l\/svm-temp\/wp-content\/uploads\/2024\/03\/P1012094-stor.jpeg","width":1280,"height":960},{"@type":"BreadcrumbList","@id":"https:\/\/lightweb.dev\/l\/svm-temp\/artiklar\/gastkronikor-kaserier\/dag-ohrlund-chewies-sista-flygning\/#breadcrumb","itemListElement":[{"@type":"ListItem","position":1,"name":"Hem","item":"https:\/\/lightweb.dev\/l\/svm-temp\/"},{"@type":"ListItem","position":2,"name":"Dag \u00d6hrlund: Chewies sista flygning"}]},{"@type":"WebSite","@id":"https:\/\/lightweb.dev\/l\/svm-temp\/#website","url":"https:\/\/lightweb.dev\/l\/svm-temp\/","name":"Svenska Magasinet","description":"Dina Spanska nyheter p&aring; Svenska","publisher":{"@id":"https:\/\/lightweb.dev\/l\/svm-temp\/#organization"},"potentialAction":[{"@type":"SearchAction","target":{"@type":"EntryPoint","urlTemplate":"https:\/\/lightweb.dev\/l\/svm-temp\/?s={search_term_string}"},"query-input":{"@type":"PropertyValueSpecification","valueRequired":true,"valueName":"search_term_string"}}],"inLanguage":"sv-SE"},{"@type":"Organization","@id":"https:\/\/lightweb.dev\/l\/svm-temp\/#organization","name":"Melkerson y Nott SL","alternateName":"Svenska Magasinet","url":"https:\/\/lightweb.dev\/l\/svm-temp\/","logo":{"@type":"ImageObject","inLanguage":"sv-SE","@id":"https:\/\/lightweb.dev\/l\/svm-temp\/#\/schema\/logo\/image\/","url":"https:\/\/lightweb.dev\/l\/svm-temp\/wp-content\/uploads\/2025\/02\/SvM-logo-Xtra-Centrerad-SVART.png","contentUrl":"https:\/\/lightweb.dev\/l\/svm-temp\/wp-content\/uploads\/2025\/02\/SvM-logo-Xtra-Centrerad-SVART.png","width":300,"height":99,"caption":"Melkerson y Nott SL"},"image":{"@id":"https:\/\/lightweb.dev\/l\/svm-temp\/#\/schema\/logo\/image\/"},"sameAs":["https:\/\/www.facebook.com\/svenskamagasinet","https:\/\/x.com\/SvenskaMagasine"]},{"@type":"Person","@id":"https:\/\/lightweb.dev\/l\/svm-temp\/#\/schema\/person\/206a3bda5b607b0c25e1749191e4d837","name":"Redaktionen SvM","description":"Redaktionen","sameAs":["https:\/\/lightweb.dev\/l\/svm-temp"],"url":"https:\/\/lightweb.dev\/l\/svm-temp\/reporter\/redaktionen\/"}]}},"_links":{"self":[{"href":"https:\/\/lightweb.dev\/l\/svm-temp\/wp-json\/wp\/v2\/posts\/70211","targetHints":{"allow":["GET"]}}],"collection":[{"href":"https:\/\/lightweb.dev\/l\/svm-temp\/wp-json\/wp\/v2\/posts"}],"about":[{"href":"https:\/\/lightweb.dev\/l\/svm-temp\/wp-json\/wp\/v2\/types\/post"}],"author":[{"embeddable":true,"href":"https:\/\/lightweb.dev\/l\/svm-temp\/wp-json\/wp\/v2\/users\/8"}],"replies":[{"embeddable":true,"href":"https:\/\/lightweb.dev\/l\/svm-temp\/wp-json\/wp\/v2\/comments?post=70211"}],"version-history":[{"count":0,"href":"https:\/\/lightweb.dev\/l\/svm-temp\/wp-json\/wp\/v2\/posts\/70211\/revisions"}],"wp:featuredmedia":[{"embeddable":true,"href":"https:\/\/lightweb.dev\/l\/svm-temp\/wp-json\/wp\/v2\/media\/70212"}],"wp:attachment":[{"href":"https:\/\/lightweb.dev\/l\/svm-temp\/wp-json\/wp\/v2\/media?parent=70211"}],"wp:term":[{"taxonomy":"category","embeddable":true,"href":"https:\/\/lightweb.dev\/l\/svm-temp\/wp-json\/wp\/v2\/categories?post=70211"},{"taxonomy":"post_tag","embeddable":true,"href":"https:\/\/lightweb.dev\/l\/svm-temp\/wp-json\/wp\/v2\/tags?post=70211"}],"curies":[{"name":"wp","href":"https:\/\/api.w.org\/{rel}","templated":true}]}}