{"id":70241,"date":"2024-03-24T17:15:21","date_gmt":"2024-03-24T16:15:21","guid":{"rendered":"https:\/\/lightweb.dev\/l\/svm-temp\/?p=70241"},"modified":"2024-03-24T17:16:10","modified_gmt":"2024-03-24T16:16:10","slug":"spanien-just-nu-koper-du-droger-bidrar-du-till-det-dodliga-valdet","status":"publish","type":"post","link":"https:\/\/lightweb.dev\/l\/svm-temp\/artiklar\/spanien-just-nu\/spanien-just-nu-koper-du-droger-bidrar-du-till-det-dodliga-valdet\/","title":{"rendered":"Spanien just nu: K\u00f6per du droger bidrar du till det d\u00f6dliga v\u00e5ldet"},"content":{"rendered":"<p><strong>Att engagera sig i droghandeln \u00e4r en del i kedjan. Varje knarkk\u00f6p f\u00f6der de kriminella g\u00e4ngen. Minskar marknaden f\u00f6r narkotika s\u00e5 borde v\u00e5ldet minska ocks\u00e5.<\/strong><\/p>\n<p>&nbsp;<\/p>\n<p><img loading=\"lazy\" decoding=\"async\" class=\"size-medium wp-image-68301 alignleft\" src=\"https:\/\/lightweb.dev\/l\/svm-temp\/wp-content\/uploads\/2023\/12\/Ola-ny-Stor-300x107.jpeg\" alt=\"\" width=\"300\" height=\"107\" srcset=\"https:\/\/lightweb.dev\/l\/svm-temp\/wp-content\/uploads\/2023\/12\/Ola-ny-Stor-300x107.jpeg 300w, https:\/\/lightweb.dev\/l\/svm-temp\/wp-content\/uploads\/2023\/12\/Ola-ny-Stor-768x275.jpeg 768w, https:\/\/lightweb.dev\/l\/svm-temp\/wp-content\/uploads\/2023\/12\/Ola-ny-Stor-610x218.jpeg 610w, https:\/\/lightweb.dev\/l\/svm-temp\/wp-content\/uploads\/2023\/12\/Ola-ny-Stor-600x215.jpeg 600w, https:\/\/lightweb.dev\/l\/svm-temp\/wp-content\/uploads\/2023\/12\/Ola-ny-Stor.jpeg 800w\" sizes=\"(max-width: 300px) 100vw, 300px\" \/><\/p>\n<p>Kokain och cannabis. Vid privata fester, lyxkrogar och nattklubbar i det fashionabla Marbella sniffas och snortas det kokain. Eller lyxdrogen Tusi, \u00e4ven kallad rosa kokain, som \u00e4r vanlig i partymilj\u00f6er \u00e4ven p\u00e5 Ibiza och Mallorca. Det \u00e4r en blandning av MDMA, kokain och ketamin bland annat.<\/p>\n<p>N\u00e4r OECD nyligen sl\u00e4ppte rapporten Health at a Glance f\u00f6r 2023 framkom det att Spanien ligger p\u00e5 tredje plats i v\u00e4rlden n\u00e4r det g\u00e4ller konsumtion av kokain. Bara i Australien och Storbritannien sniffas det mer.<\/p>\n<p>Enligt studien Observatorio Europeo de las Drogas y las Toxicoman\u00edas \u00e4r Spanien ett av de l\u00e4nder med h\u00f6gst konsumtion av droger per inv\u00e5nare.<\/p>\n<p>Cannabis, hasch, kokain och heroin \u00e4r fortsatt de droger som det konsumeras mest av p\u00e5 Costa del Sol. Mycket av det som f\u00f6rs in i s\u00f6dra Spanien forts\u00e4tter norrut. Till den nordiska marknaden.<\/p>\n<p>Spanien \u00e4r numera det land som Sverige samarbetar mest med inom polisi\u00e4ra \u00e4renden. Sedan 1918 har \u00f6ver hundra svenska medborgare gripits p\u00e5 Solkusten.<\/p>\n<p>Nyligen avslutades utredningen kring \u00e4nnu en liga best\u00e5ende av fr\u00e4mst svenska och polska medborgare som st\u00e5r \u00e5talade f\u00f6r att ha \u00e4gnat sig \u00e5t att transportera droger fr\u00e5n Spanien till Sverige. Brottsrubriceringen lyder grova narkotikabrott, penningtv\u00e4tt men \u00e4ven mutbrott d\u00e5 en lokalpolis i Marbella f\u00e5tt betalt f\u00f6r information som enbart var f\u00f6r polisen.<\/p>\n<p>Ett antal svenska f\u00f6retagare p\u00e5 Solkusten ing\u00e5r i utredningen liksom styvsonen till Marbellas borgm\u00e4stare. Flera \u00e4r tidigare d\u00f6mda i Sverige f\u00f6r ekobrott och narkotika. N\u00e5gon \u00e4r k\u00e4nd som \u201dnarkotikakung\u201d. Vid en kartl\u00e4ggning av personernas n\u00e4rmaste umg\u00e4ngeskrets kan vi r\u00e4kna in verksamheter som flyttfirmor, livsmedel, uthyrning av maskiner, media, fastigheter, transporter p\u00e5 land och i luft samt annan service.<\/p>\n<p>Det \u00e4r en uppsj\u00f6 av k\u00e4nda och mindre k\u00e4nda personer som ing\u00e5r i en kedja som bidrar till de kriminella n\u00e4tverken. Med support och n\u00e4ra v\u00e4nskapsband.<\/p>\n<p>Det \u00e4r inte bara de som k\u00f6per knark som finansierar de kriminella n\u00e4tverken och bidrar till det d\u00f6dliga v\u00e5ldet i samh\u00e4llet. \u00c4ven den som engagerar sig i att smuggla droger eller p\u00e5 annat s\u00e4tt st\u00f6der s\u00e5dan verksamhet. Aktivt eller passivt st\u00f6d, som att blunda och titta \u00e5t ett annat h\u00e5ll, eller att h\u00e4vda att Marbella har of\u00f6rtj\u00e4nt d\u00e5ligt rykte.<\/p>\n<p>H\u00e4r finns en kedjeeffekt.<\/p>\n<p>Det handlar om enorma summor svarta pengar fr\u00e5n illegala verksamheter som ska tv\u00e4ttas vita. Fastighetsbranschen p\u00e5 Costa del Sol fungerar som en j\u00e4ttelik tv\u00e4ttinr\u00e4ttning. Den bidrar till \u00f6kad efterfr\u00e5gan, tillv\u00e4xt, huspriser, bra investeringar &#8211; och appl\u00e5derna tilltar.<\/p>\n<p>Spanska gr\u00e4nspoliser och Guardia Civil kan g\u00f6ra hur m\u00e5nga insatser som helst. Men det spelar ingen roll om inte beteendet hos de som p\u00e5 ett eller annat s\u00e4tt \u00e4r med och finansierar brottsligheten f\u00f6r\u00e4ndras.<\/p>\n<p>N\u00e4r du engagerar dig i denna smutsiga bransch g\u00f6der du de kriminella g\u00e4ngen som genererar skjutningar, spr\u00e4ngningar och v\u00e5ld. Men det handlar \u00e4ven om assistansbedr\u00e4gerier och bedr\u00e4gerier mot \u00e4ldre. De \u00e4r ocks\u00e5 inkomstk\u00e4llor f\u00f6r de kriminella g\u00e4ngen.<\/p>\n<p>Det g\u00e4ller narkotika, ekonomi, bedr\u00e4geri, penningtv\u00e4tt via fastighetsbranschen och bedr\u00e4gerier mot Sverige.<\/p>\n<p>Nyligen visade SVT:s Uppdrag granskning hur telefonf\u00f6rs\u00e4ljare i Marbella lurar svenska pension\u00e4rer p\u00e5 deras besparingar. Bedragaren \u201dErik\u201d ber\u00e4ttar hur de s\u00e4ljer r\u00e4dsla f\u00f6r att pension\u00e4rerna ska bli s\u00e5 r\u00e4dda att de skickar ut sina egna pengar.<\/p>\n<p>En bra dag drar man in ett par hundra tusen kronor, f\u00f6rklarar bedragarna f\u00f6r SVT:s reporter Diamant Salihu. M\u00e5nga av offren, som ofta tillh\u00f6r samh\u00e4llets mest utsatta, l\u00e4mnas med skamk\u00e4nslor och psykiska problem. Som den pensionerade l\u00e4rare i 80-\u00e5rs\u00e5ldern som efter timmar av manipulation luras p\u00e5 n\u00e4ra 50.000 SEK.<\/p>\n<p>Nyligen i Fuengirola var det en svensk som inte orkade l\u00e4ngre. Personen hade blivit lurad p\u00e5 samtliga besparingar. Offret hoppade fr\u00e5n tionde v\u00e5ningen och tog livet av sig.<\/p>\n<p>I den sociala lekstugan Facebook, med knivar som inte \u00e4r de mest slipade\u2026, n\u00e4stan urs\u00e4ktas de kriminellas verksamhet med att de inte \u00e4r svenskar. Huvudg\u00e4rningen att det handlar om kriminalitet, bedr\u00e4geri, droger, v\u00e5ld och d\u00f6d kommenteras inte i f\u00f6rsta hand. I st\u00e4llet att de inte \u00e4r n\u00e5gra riktiga svenskar.<\/p>\n<p>Blunda, titta \u00e5t ett annat h\u00e5ll, eller stick huvudet i sanden p\u00e5 n\u00e4rmaste strand p\u00e5 Costa del Sol.<\/p>\n","protected":false},"excerpt":{"rendered":"<p>Att engagera sig i droghandeln \u00e4r en del i kedjan. Varje knarkk\u00f6p f\u00f6der de kriminella g\u00e4ngen. Minskar marknaden f\u00f6r narkotika s\u00e5 borde v\u00e5ldet minska ocks\u00e5&#8230;<\/p>\n","protected":false},"author":7,"featured_media":70243,"comment_status":"closed","ping_status":"closed","sticky":false,"template":"","format":"standard","meta":{"_et_pb_use_builder":"","_et_pb_old_content":"","_et_gb_content_width":"","footnotes":""},"categories":[4,36],"tags":[],"class_list":["post-70241","post","type-post","status-publish","format-standard","has-post-thumbnail","hentry","category-artiklar","category-spanien-just-nu"],"yoast_head":"<!-- This site is optimized with the Yoast SEO Premium plugin v26.2 (Yoast SEO v27.5) - https:\/\/yoast.com\/product\/yoast-seo-premium-wordpress\/ -->\n<title>Spanien just nu: K\u00f6per du droger bidrar du till det d\u00f6dliga v\u00e5ldet - Svenska Magasinet<\/title>\n<meta name=\"robots\" content=\"noindex, follow, max-snippet:-1, max-image-preview:large, max-video-preview:-1\" \/>\n<meta property=\"og:locale\" content=\"sv_SE\" \/>\n<meta property=\"og:type\" content=\"article\" \/>\n<meta property=\"og:title\" content=\"Spanien just nu: K\u00f6per du droger bidrar du till det d\u00f6dliga v\u00e5ldet\" \/>\n<meta property=\"og:description\" content=\"Att engagera sig i droghandeln \u00e4r en del i kedjan. Varje knarkk\u00f6p f\u00f6der de kriminella g\u00e4ngen. Minskar marknaden f\u00f6r narkotika s\u00e5 borde v\u00e5ldet minska ocks\u00e5...\" \/>\n<meta property=\"og:url\" content=\"https:\/\/lightweb.dev\/l\/svm-temp\/artiklar\/spanien-just-nu\/spanien-just-nu-koper-du-droger-bidrar-du-till-det-dodliga-valdet\/\" \/>\n<meta property=\"og:site_name\" content=\"Svenska Magasinet\" \/>\n<meta property=\"article:publisher\" content=\"https:\/\/www.facebook.com\/svenskamagasinet\" \/>\n<meta property=\"article:published_time\" content=\"2024-03-24T16:15:21+00:00\" \/>\n<meta property=\"article:modified_time\" content=\"2024-03-24T16:16:10+00:00\" \/>\n<meta property=\"og:image\" content=\"https:\/\/lightweb.dev\/l\/svm-temp\/wp-content\/uploads\/2024\/03\/knark-stor.jpeg\" \/>\n\t<meta property=\"og:image:width\" content=\"1280\" \/>\n\t<meta property=\"og:image:height\" content=\"712\" \/>\n\t<meta property=\"og:image:type\" content=\"image\/jpeg\" \/>\n<meta name=\"author\" content=\"Ola Josefsson\" \/>\n<meta name=\"twitter:card\" content=\"summary_large_image\" \/>\n<meta name=\"twitter:creator\" content=\"@SvenskaMagasine\" \/>\n<meta name=\"twitter:site\" content=\"@SvenskaMagasine\" \/>\n<script type=\"application\/ld+json\" class=\"yoast-schema-graph\">{\"@context\":\"https:\\\/\\\/schema.org\",\"@graph\":[{\"@type\":\"Article\",\"@id\":\"https:\\\/\\\/lightweb.dev\\\/l\\\/svm-temp\\\/artiklar\\\/spanien-just-nu\\\/spanien-just-nu-koper-du-droger-bidrar-du-till-det-dodliga-valdet\\\/#article\",\"isPartOf\":{\"@id\":\"https:\\\/\\\/lightweb.dev\\\/l\\\/svm-temp\\\/artiklar\\\/spanien-just-nu\\\/spanien-just-nu-koper-du-droger-bidrar-du-till-det-dodliga-valdet\\\/\"},\"author\":{\"name\":\"Ola Josefsson\",\"@id\":\"https:\\\/\\\/lightweb.dev\\\/l\\\/svm-temp\\\/#\\\/schema\\\/person\\\/7a82b8a73d171d32360a564b6d03508e\"},\"headline\":\"Spanien just nu: K\u00f6per du droger bidrar du till det d\u00f6dliga v\u00e5ldet\",\"datePublished\":\"2024-03-24T16:15:21+00:00\",\"dateModified\":\"2024-03-24T16:16:10+00:00\",\"mainEntityOfPage\":{\"@id\":\"https:\\\/\\\/lightweb.dev\\\/l\\\/svm-temp\\\/artiklar\\\/spanien-just-nu\\\/spanien-just-nu-koper-du-droger-bidrar-du-till-det-dodliga-valdet\\\/\"},\"wordCount\":822,\"publisher\":{\"@id\":\"https:\\\/\\\/lightweb.dev\\\/l\\\/svm-temp\\\/#organization\"},\"image\":{\"@id\":\"https:\\\/\\\/lightweb.dev\\\/l\\\/svm-temp\\\/artiklar\\\/spanien-just-nu\\\/spanien-just-nu-koper-du-droger-bidrar-du-till-det-dodliga-valdet\\\/#primaryimage\"},\"thumbnailUrl\":\"https:\\\/\\\/lightweb.dev\\\/l\\\/svm-temp\\\/wp-content\\\/uploads\\\/2024\\\/03\\\/knark-stor.jpeg\",\"articleSection\":[\"Artiklar\",\"Spanien just nu\"],\"inLanguage\":\"sv-SE\"},{\"@type\":\"WebPage\",\"@id\":\"https:\\\/\\\/lightweb.dev\\\/l\\\/svm-temp\\\/artiklar\\\/spanien-just-nu\\\/spanien-just-nu-koper-du-droger-bidrar-du-till-det-dodliga-valdet\\\/\",\"url\":\"https:\\\/\\\/lightweb.dev\\\/l\\\/svm-temp\\\/artiklar\\\/spanien-just-nu\\\/spanien-just-nu-koper-du-droger-bidrar-du-till-det-dodliga-valdet\\\/\",\"name\":\"Spanien just nu: K\u00f6per du droger bidrar du till det d\u00f6dliga v\u00e5ldet - Svenska Magasinet\",\"isPartOf\":{\"@id\":\"https:\\\/\\\/lightweb.dev\\\/l\\\/svm-temp\\\/#website\"},\"primaryImageOfPage\":{\"@id\":\"https:\\\/\\\/lightweb.dev\\\/l\\\/svm-temp\\\/artiklar\\\/spanien-just-nu\\\/spanien-just-nu-koper-du-droger-bidrar-du-till-det-dodliga-valdet\\\/#primaryimage\"},\"image\":{\"@id\":\"https:\\\/\\\/lightweb.dev\\\/l\\\/svm-temp\\\/artiklar\\\/spanien-just-nu\\\/spanien-just-nu-koper-du-droger-bidrar-du-till-det-dodliga-valdet\\\/#primaryimage\"},\"thumbnailUrl\":\"https:\\\/\\\/lightweb.dev\\\/l\\\/svm-temp\\\/wp-content\\\/uploads\\\/2024\\\/03\\\/knark-stor.jpeg\",\"datePublished\":\"2024-03-24T16:15:21+00:00\",\"dateModified\":\"2024-03-24T16:16:10+00:00\",\"breadcrumb\":{\"@id\":\"https:\\\/\\\/lightweb.dev\\\/l\\\/svm-temp\\\/artiklar\\\/spanien-just-nu\\\/spanien-just-nu-koper-du-droger-bidrar-du-till-det-dodliga-valdet\\\/#breadcrumb\"},\"inLanguage\":\"sv-SE\",\"potentialAction\":[{\"@type\":\"ReadAction\",\"target\":[\"https:\\\/\\\/lightweb.dev\\\/l\\\/svm-temp\\\/artiklar\\\/spanien-just-nu\\\/spanien-just-nu-koper-du-droger-bidrar-du-till-det-dodliga-valdet\\\/\"]}]},{\"@type\":\"ImageObject\",\"inLanguage\":\"sv-SE\",\"@id\":\"https:\\\/\\\/lightweb.dev\\\/l\\\/svm-temp\\\/artiklar\\\/spanien-just-nu\\\/spanien-just-nu-koper-du-droger-bidrar-du-till-det-dodliga-valdet\\\/#primaryimage\",\"url\":\"https:\\\/\\\/lightweb.dev\\\/l\\\/svm-temp\\\/wp-content\\\/uploads\\\/2024\\\/03\\\/knark-stor.jpeg\",\"contentUrl\":\"https:\\\/\\\/lightweb.dev\\\/l\\\/svm-temp\\\/wp-content\\\/uploads\\\/2024\\\/03\\\/knark-stor.jpeg\",\"width\":1280,\"height\":712},{\"@type\":\"BreadcrumbList\",\"@id\":\"https:\\\/\\\/lightweb.dev\\\/l\\\/svm-temp\\\/artiklar\\\/spanien-just-nu\\\/spanien-just-nu-koper-du-droger-bidrar-du-till-det-dodliga-valdet\\\/#breadcrumb\",\"itemListElement\":[{\"@type\":\"ListItem\",\"position\":1,\"name\":\"Hem\",\"item\":\"https:\\\/\\\/lightweb.dev\\\/l\\\/svm-temp\\\/\"},{\"@type\":\"ListItem\",\"position\":2,\"name\":\"Spanien just nu: K\u00f6per du droger bidrar du till det d\u00f6dliga v\u00e5ldet\"}]},{\"@type\":\"WebSite\",\"@id\":\"https:\\\/\\\/lightweb.dev\\\/l\\\/svm-temp\\\/#website\",\"url\":\"https:\\\/\\\/lightweb.dev\\\/l\\\/svm-temp\\\/\",\"name\":\"Svenska Magasinet\",\"description\":\"Dina Spanska nyheter p&aring; Svenska\",\"publisher\":{\"@id\":\"https:\\\/\\\/lightweb.dev\\\/l\\\/svm-temp\\\/#organization\"},\"potentialAction\":[{\"@type\":\"SearchAction\",\"target\":{\"@type\":\"EntryPoint\",\"urlTemplate\":\"https:\\\/\\\/lightweb.dev\\\/l\\\/svm-temp\\\/?s={search_term_string}\"},\"query-input\":{\"@type\":\"PropertyValueSpecification\",\"valueRequired\":true,\"valueName\":\"search_term_string\"}}],\"inLanguage\":\"sv-SE\"},{\"@type\":\"Organization\",\"@id\":\"https:\\\/\\\/lightweb.dev\\\/l\\\/svm-temp\\\/#organization\",\"name\":\"Melkerson y Nott SL\",\"alternateName\":\"Svenska Magasinet\",\"url\":\"https:\\\/\\\/lightweb.dev\\\/l\\\/svm-temp\\\/\",\"logo\":{\"@type\":\"ImageObject\",\"inLanguage\":\"sv-SE\",\"@id\":\"https:\\\/\\\/lightweb.dev\\\/l\\\/svm-temp\\\/#\\\/schema\\\/logo\\\/image\\\/\",\"url\":\"https:\\\/\\\/lightweb.dev\\\/l\\\/svm-temp\\\/wp-content\\\/uploads\\\/2025\\\/02\\\/SvM-logo-Xtra-Centrerad-SVART.png\",\"contentUrl\":\"https:\\\/\\\/lightweb.dev\\\/l\\\/svm-temp\\\/wp-content\\\/uploads\\\/2025\\\/02\\\/SvM-logo-Xtra-Centrerad-SVART.png\",\"width\":300,\"height\":99,\"caption\":\"Melkerson y Nott SL\"},\"image\":{\"@id\":\"https:\\\/\\\/lightweb.dev\\\/l\\\/svm-temp\\\/#\\\/schema\\\/logo\\\/image\\\/\"},\"sameAs\":[\"https:\\\/\\\/www.facebook.com\\\/svenskamagasinet\",\"https:\\\/\\\/x.com\\\/SvenskaMagasine\"]},{\"@type\":\"Person\",\"@id\":\"https:\\\/\\\/lightweb.dev\\\/l\\\/svm-temp\\\/#\\\/schema\\\/person\\\/7a82b8a73d171d32360a564b6d03508e\",\"name\":\"Ola Josefsson\",\"description\":\"Bevakar Solkusten och Spanien sedan 1994.\",\"sameAs\":[\"https:\\\/\\\/lightweb.dev\\\/l\\\/svm-temp\"],\"url\":\"https:\\\/\\\/lightweb.dev\\\/l\\\/svm-temp\\\/reporter\\\/ola-josefsson\\\/\"}]}<\/script>\n<!-- \/ Yoast SEO Premium plugin. -->","yoast_head_json":{"title":"Spanien just nu: K\u00f6per du droger bidrar du till det d\u00f6dliga v\u00e5ldet - Svenska Magasinet","robots":{"index":"noindex","follow":"follow","max-snippet":"max-snippet:-1","max-image-preview":"max-image-preview:large","max-video-preview":"max-video-preview:-1"},"og_locale":"sv_SE","og_type":"article","og_title":"Spanien just nu: K\u00f6per du droger bidrar du till det d\u00f6dliga v\u00e5ldet","og_description":"Att engagera sig i droghandeln \u00e4r en del i kedjan. Varje knarkk\u00f6p f\u00f6der de kriminella g\u00e4ngen. Minskar marknaden f\u00f6r narkotika s\u00e5 borde v\u00e5ldet minska ocks\u00e5...","og_url":"https:\/\/lightweb.dev\/l\/svm-temp\/artiklar\/spanien-just-nu\/spanien-just-nu-koper-du-droger-bidrar-du-till-det-dodliga-valdet\/","og_site_name":"Svenska Magasinet","article_publisher":"https:\/\/www.facebook.com\/svenskamagasinet","article_published_time":"2024-03-24T16:15:21+00:00","article_modified_time":"2024-03-24T16:16:10+00:00","og_image":[{"width":1280,"height":712,"url":"https:\/\/lightweb.dev\/l\/svm-temp\/wp-content\/uploads\/2024\/03\/knark-stor.jpeg","type":"image\/jpeg"}],"author":"Ola Josefsson","twitter_card":"summary_large_image","twitter_creator":"@SvenskaMagasine","twitter_site":"@SvenskaMagasine","schema":{"@context":"https:\/\/schema.org","@graph":[{"@type":"Article","@id":"https:\/\/lightweb.dev\/l\/svm-temp\/artiklar\/spanien-just-nu\/spanien-just-nu-koper-du-droger-bidrar-du-till-det-dodliga-valdet\/#article","isPartOf":{"@id":"https:\/\/lightweb.dev\/l\/svm-temp\/artiklar\/spanien-just-nu\/spanien-just-nu-koper-du-droger-bidrar-du-till-det-dodliga-valdet\/"},"author":{"name":"Ola Josefsson","@id":"https:\/\/lightweb.dev\/l\/svm-temp\/#\/schema\/person\/7a82b8a73d171d32360a564b6d03508e"},"headline":"Spanien just nu: K\u00f6per du droger bidrar du till det d\u00f6dliga v\u00e5ldet","datePublished":"2024-03-24T16:15:21+00:00","dateModified":"2024-03-24T16:16:10+00:00","mainEntityOfPage":{"@id":"https:\/\/lightweb.dev\/l\/svm-temp\/artiklar\/spanien-just-nu\/spanien-just-nu-koper-du-droger-bidrar-du-till-det-dodliga-valdet\/"},"wordCount":822,"publisher":{"@id":"https:\/\/lightweb.dev\/l\/svm-temp\/#organization"},"image":{"@id":"https:\/\/lightweb.dev\/l\/svm-temp\/artiklar\/spanien-just-nu\/spanien-just-nu-koper-du-droger-bidrar-du-till-det-dodliga-valdet\/#primaryimage"},"thumbnailUrl":"https:\/\/lightweb.dev\/l\/svm-temp\/wp-content\/uploads\/2024\/03\/knark-stor.jpeg","articleSection":["Artiklar","Spanien just nu"],"inLanguage":"sv-SE"},{"@type":"WebPage","@id":"https:\/\/lightweb.dev\/l\/svm-temp\/artiklar\/spanien-just-nu\/spanien-just-nu-koper-du-droger-bidrar-du-till-det-dodliga-valdet\/","url":"https:\/\/lightweb.dev\/l\/svm-temp\/artiklar\/spanien-just-nu\/spanien-just-nu-koper-du-droger-bidrar-du-till-det-dodliga-valdet\/","name":"Spanien just nu: K\u00f6per du droger bidrar du till det d\u00f6dliga v\u00e5ldet - Svenska Magasinet","isPartOf":{"@id":"https:\/\/lightweb.dev\/l\/svm-temp\/#website"},"primaryImageOfPage":{"@id":"https:\/\/lightweb.dev\/l\/svm-temp\/artiklar\/spanien-just-nu\/spanien-just-nu-koper-du-droger-bidrar-du-till-det-dodliga-valdet\/#primaryimage"},"image":{"@id":"https:\/\/lightweb.dev\/l\/svm-temp\/artiklar\/spanien-just-nu\/spanien-just-nu-koper-du-droger-bidrar-du-till-det-dodliga-valdet\/#primaryimage"},"thumbnailUrl":"https:\/\/lightweb.dev\/l\/svm-temp\/wp-content\/uploads\/2024\/03\/knark-stor.jpeg","datePublished":"2024-03-24T16:15:21+00:00","dateModified":"2024-03-24T16:16:10+00:00","breadcrumb":{"@id":"https:\/\/lightweb.dev\/l\/svm-temp\/artiklar\/spanien-just-nu\/spanien-just-nu-koper-du-droger-bidrar-du-till-det-dodliga-valdet\/#breadcrumb"},"inLanguage":"sv-SE","potentialAction":[{"@type":"ReadAction","target":["https:\/\/lightweb.dev\/l\/svm-temp\/artiklar\/spanien-just-nu\/spanien-just-nu-koper-du-droger-bidrar-du-till-det-dodliga-valdet\/"]}]},{"@type":"ImageObject","inLanguage":"sv-SE","@id":"https:\/\/lightweb.dev\/l\/svm-temp\/artiklar\/spanien-just-nu\/spanien-just-nu-koper-du-droger-bidrar-du-till-det-dodliga-valdet\/#primaryimage","url":"https:\/\/lightweb.dev\/l\/svm-temp\/wp-content\/uploads\/2024\/03\/knark-stor.jpeg","contentUrl":"https:\/\/lightweb.dev\/l\/svm-temp\/wp-content\/uploads\/2024\/03\/knark-stor.jpeg","width":1280,"height":712},{"@type":"BreadcrumbList","@id":"https:\/\/lightweb.dev\/l\/svm-temp\/artiklar\/spanien-just-nu\/spanien-just-nu-koper-du-droger-bidrar-du-till-det-dodliga-valdet\/#breadcrumb","itemListElement":[{"@type":"ListItem","position":1,"name":"Hem","item":"https:\/\/lightweb.dev\/l\/svm-temp\/"},{"@type":"ListItem","position":2,"name":"Spanien just nu: K\u00f6per du droger bidrar du till det d\u00f6dliga v\u00e5ldet"}]},{"@type":"WebSite","@id":"https:\/\/lightweb.dev\/l\/svm-temp\/#website","url":"https:\/\/lightweb.dev\/l\/svm-temp\/","name":"Svenska Magasinet","description":"Dina Spanska nyheter p&aring; Svenska","publisher":{"@id":"https:\/\/lightweb.dev\/l\/svm-temp\/#organization"},"potentialAction":[{"@type":"SearchAction","target":{"@type":"EntryPoint","urlTemplate":"https:\/\/lightweb.dev\/l\/svm-temp\/?s={search_term_string}"},"query-input":{"@type":"PropertyValueSpecification","valueRequired":true,"valueName":"search_term_string"}}],"inLanguage":"sv-SE"},{"@type":"Organization","@id":"https:\/\/lightweb.dev\/l\/svm-temp\/#organization","name":"Melkerson y Nott SL","alternateName":"Svenska Magasinet","url":"https:\/\/lightweb.dev\/l\/svm-temp\/","logo":{"@type":"ImageObject","inLanguage":"sv-SE","@id":"https:\/\/lightweb.dev\/l\/svm-temp\/#\/schema\/logo\/image\/","url":"https:\/\/lightweb.dev\/l\/svm-temp\/wp-content\/uploads\/2025\/02\/SvM-logo-Xtra-Centrerad-SVART.png","contentUrl":"https:\/\/lightweb.dev\/l\/svm-temp\/wp-content\/uploads\/2025\/02\/SvM-logo-Xtra-Centrerad-SVART.png","width":300,"height":99,"caption":"Melkerson y Nott SL"},"image":{"@id":"https:\/\/lightweb.dev\/l\/svm-temp\/#\/schema\/logo\/image\/"},"sameAs":["https:\/\/www.facebook.com\/svenskamagasinet","https:\/\/x.com\/SvenskaMagasine"]},{"@type":"Person","@id":"https:\/\/lightweb.dev\/l\/svm-temp\/#\/schema\/person\/7a82b8a73d171d32360a564b6d03508e","name":"Ola Josefsson","description":"Bevakar Solkusten och Spanien sedan 1994.","sameAs":["https:\/\/lightweb.dev\/l\/svm-temp"],"url":"https:\/\/lightweb.dev\/l\/svm-temp\/reporter\/ola-josefsson\/"}]}},"_links":{"self":[{"href":"https:\/\/lightweb.dev\/l\/svm-temp\/wp-json\/wp\/v2\/posts\/70241","targetHints":{"allow":["GET"]}}],"collection":[{"href":"https:\/\/lightweb.dev\/l\/svm-temp\/wp-json\/wp\/v2\/posts"}],"about":[{"href":"https:\/\/lightweb.dev\/l\/svm-temp\/wp-json\/wp\/v2\/types\/post"}],"author":[{"embeddable":true,"href":"https:\/\/lightweb.dev\/l\/svm-temp\/wp-json\/wp\/v2\/users\/7"}],"replies":[{"embeddable":true,"href":"https:\/\/lightweb.dev\/l\/svm-temp\/wp-json\/wp\/v2\/comments?post=70241"}],"version-history":[{"count":0,"href":"https:\/\/lightweb.dev\/l\/svm-temp\/wp-json\/wp\/v2\/posts\/70241\/revisions"}],"wp:featuredmedia":[{"embeddable":true,"href":"https:\/\/lightweb.dev\/l\/svm-temp\/wp-json\/wp\/v2\/media\/70243"}],"wp:attachment":[{"href":"https:\/\/lightweb.dev\/l\/svm-temp\/wp-json\/wp\/v2\/media?parent=70241"}],"wp:term":[{"taxonomy":"category","embeddable":true,"href":"https:\/\/lightweb.dev\/l\/svm-temp\/wp-json\/wp\/v2\/categories?post=70241"},{"taxonomy":"post_tag","embeddable":true,"href":"https:\/\/lightweb.dev\/l\/svm-temp\/wp-json\/wp\/v2\/tags?post=70241"}],"curies":[{"name":"wp","href":"https:\/\/api.w.org\/{rel}","templated":true}]}}