{"id":70410,"date":"2024-03-19T18:18:31","date_gmt":"2024-03-19T17:18:31","guid":{"rendered":"https:\/\/lightweb.dev\/l\/svm-temp\/?p=70410"},"modified":"2024-03-19T18:34:56","modified_gmt":"2024-03-19T17:34:56","slug":"svensk-gangkriminalitet-tre-gripna-for-mordforsok-pa-svensk-i-marbella","status":"publish","type":"post","link":"https:\/\/lightweb.dev\/l\/svm-temp\/nyheter\/svensk-gangkriminalitet-tre-gripna-for-mordforsok-pa-svensk-i-marbella\/","title":{"rendered":"Svensk g\u00e4ngkriminalitet: Tre gripna f\u00f6r mordf\u00f6rs\u00f6k p\u00e5 svensk i Marbella"},"content":{"rendered":"<p><strong>Spansk nationalpolis har gripit tre personer i Marbella och Alhaurin el Grande, misst\u00e4nka f\u00f6r mordf\u00f6rs\u00f6k p\u00e5 en svensk som skottskadades i Nueva Andalucia den 10 februari.<\/strong><\/p>\n<p><strong>Enligt spansk polis r\u00f6r det sig om en uppg\u00f6relse om narkotika mellan tv\u00e5 svenska rivaliserande g\u00e4ng.<\/strong><\/p>\n<p><img loading=\"lazy\" decoding=\"async\" class=\"size-medium wp-image-70414 alignleft\" src=\"https:\/\/lightweb.dev\/l\/svm-temp\/wp-content\/uploads\/2024\/03\/detnido-ajuste-marbella_20240319153254-RsFhQm9gBDvDfFb66EqAFWK-1200x840@diario_abc-stor-300x210.jpeg\" alt=\"\" width=\"300\" height=\"210\" srcset=\"https:\/\/lightweb.dev\/l\/svm-temp\/wp-content\/uploads\/2024\/03\/detnido-ajuste-marbella_20240319153254-RsFhQm9gBDvDfFb66EqAFWK-1200x840@diario_abc-stor-300x210.jpeg 300w, https:\/\/lightweb.dev\/l\/svm-temp\/wp-content\/uploads\/2024\/03\/detnido-ajuste-marbella_20240319153254-RsFhQm9gBDvDfFb66EqAFWK-1200x840@diario_abc-stor-900x630.jpeg 900w, https:\/\/lightweb.dev\/l\/svm-temp\/wp-content\/uploads\/2024\/03\/detnido-ajuste-marbella_20240319153254-RsFhQm9gBDvDfFb66EqAFWK-1200x840@diario_abc-stor-768x538.jpeg 768w, https:\/\/lightweb.dev\/l\/svm-temp\/wp-content\/uploads\/2024\/03\/detnido-ajuste-marbella_20240319153254-RsFhQm9gBDvDfFb66EqAFWK-1200x840@diario_abc-stor-610x427.jpeg 610w, https:\/\/lightweb.dev\/l\/svm-temp\/wp-content\/uploads\/2024\/03\/detnido-ajuste-marbella_20240319153254-RsFhQm9gBDvDfFb66EqAFWK-1200x840@diario_abc-stor-1080x756.jpeg 1080w, https:\/\/lightweb.dev\/l\/svm-temp\/wp-content\/uploads\/2024\/03\/detnido-ajuste-marbella_20240319153254-RsFhQm9gBDvDfFb66EqAFWK-1200x840@diario_abc-stor-600x420.jpeg 600w, https:\/\/lightweb.dev\/l\/svm-temp\/wp-content\/uploads\/2024\/03\/detnido-ajuste-marbella_20240319153254-RsFhQm9gBDvDfFb66EqAFWK-1200x840@diario_abc-stor.jpeg 1200w\" sizes=\"(max-width: 300px) 100vw, 300px\" \/><\/p>\n<p>De tre gripna vid polistillslaget som g\u00e5r under namnet \u201dFalla\u201d \u00e4r misst\u00e4nka f\u00f6r mordf\u00f6rs\u00f6k, olaga vapeninnehav, medlemskap i en kriminell organisation och dokumentf\u00f6rfalskning.<\/p>\n<p><a href=\"https:\/\/lightweb.dev\/l\/svm-temp\/nyheter\/skottad-svensk-i-marbella-har-kopplingar-till-kriminellt-natverk\/\">Svenska Magasinet<\/a> har tidigare ber\u00e4ttat om h\u00e4ndelsen den 10 februari d\u00e5 en svensk man tr\u00e4ffades av tv\u00e5 skott. Enligt \u00f6gonvittnen ska tv\u00e5 personer klivit ur en bil varav en avlossade flera skott mot svensken som promenerade p\u00e5 calle Yedras i Nueva Andalucia.<\/p>\n<p>Han tr\u00e4ffades i l\u00e5ret och armen. Han f\u00f6rdes till Costa del Sol-sjukhuset. Hans liv var inte i fara.<\/p>\n<h2 class=\"entry-title\">L\u00e4s mer: <a href=\"https:\/\/lightweb.dev\/l\/svm-temp\/artiklar\/spanien-just-nu-koper-du-droger-bidrar-du-till-det-dodliga-valdet\/\">Spanien just nu: K\u00f6per du droger bidrar du till det d\u00f6dliga v\u00e5ldet<\/a><\/h2>\n<p>Flera spanska medier uppger att det var tv\u00e5 svenskar som besk\u00f6ts men att bara en tr\u00e4ffades.<\/p>\n<p>Mannen som \u00e4r 22 \u00e5r och \u00e4r skriven p\u00e5 en adress i Stockholm ing\u00e5r i ett kriminellt n\u00e4tverk i Stockholmsomr\u00e5det. Han f\u00f6rekommer i \u00e5tta f\u00f6runders\u00f6kningsprotokoll. 2017 d\u00f6mdes han f\u00f6r narkotikabrott.<\/p>\n<p>Tidigt i utredningen pekade h\u00e4ndelsen p\u00e5 att det handlade om en forts\u00e4ttning p\u00e5 det svenska g\u00e4ngkriget p\u00e5 Solkusten.<\/p>\n<p>Utredarna som har samarbetat med svensk polis hittade nio tomhylsor p\u00e5 platsen samt vapnet som var sl\u00e4ngt p\u00e5 en n\u00e4rbel\u00e4gen plats. Med hj\u00e4lp av kamera\u00f6vervakning kunde polisen skapa sig en bild \u00f6ver g\u00e4rningspersonernas flyktv\u00e4g och fastigheten d\u00e4r de uppeh\u00f6ll sig.<\/p>\n<p>Den 13 mars utf\u00f6rde polisen tv\u00e5 husrannsakningar i Marbella och Alhaur\u00edn el Grand d\u00e4r tre personer greps. Polisen fann ammunition till det vapen som anv\u00e4ndes vid skottlossningen, skriver <a href=\"https:\/\/www.laopiniondemalaga.es\/marbella\/2024\/03\/19\/tres-detenidos-matar-tiros-suecos-99691452.html\">La Opini\u00f3n de M\u00e1laga.<\/a><\/p>\n<p>De gripna \u00e4r mellan 24 och 31 \u00e5r och tillh\u00f6rt ett rivaliserande kriminellt g\u00e4ng med s\u00e4te i Sverige. Tv\u00e5 av dem har h\u00e4ktats.<\/p>\n<p>Under en m\u00e5nads tid har fyra skjutningar intr\u00e4ffat p\u00e5 Solkusten, n\u00e5got som <a href=\"https:\/\/lightweb.dev\/l\/svm-temp\/nyheter\/ny-skjutning-i-marbella\/\">Svenska Magasinet<\/a> tidigare har ber\u00e4ttat om.<\/p>\n","protected":false},"excerpt":{"rendered":"<p>Spansk nationalpolis har gripit tre personer i Marbella och Alhaurin el Grande, misst\u00e4nka f\u00f6r mordf\u00f6rs\u00f6k p\u00e5 en svensk som skottskadades i Nueva Andalucia den 10 februari. Enligt spansk polis r\u00f6r det sig om en uppg\u00f6relse om narkotika mellan tv\u00e5 svenska rivaliserande g\u00e4ng&#8230;<\/p>\n","protected":false},"author":7,"featured_media":70412,"comment_status":"closed","ping_status":"closed","sticky":false,"template":"","format":"standard","meta":{"_et_pb_use_builder":"","_et_pb_old_content":"","_et_gb_content_width":"","footnotes":""},"categories":[395,3],"tags":[],"class_list":["post-70410","post","type-post","status-publish","format-standard","has-post-thumbnail","hentry","category-arkiv-nyheter","category-nyheter"],"yoast_head":"<!-- This site is optimized with the Yoast SEO Premium plugin v26.2 (Yoast SEO v27.5) - https:\/\/yoast.com\/product\/yoast-seo-premium-wordpress\/ -->\n<title>Svensk g\u00e4ngkriminalitet: Tre gripna f\u00f6r mordf\u00f6rs\u00f6k p\u00e5 svensk i Marbella - Svenska Magasinet<\/title>\n<meta name=\"description\" content=\"Spansk nationalpolis har gripit tre personer i Marbella och Alhaurin el Grande, misst\u00e4nka f\u00f6r mordf\u00f6rs\u00f6k p\u00e5 en svensk som skottskadades i Nueva Andalucia den 10 februari. Enligt spansk polis r\u00f6r det sig om en uppg\u00f6relse om narkotika mellan tv\u00e5 svenska rivaliserande g\u00e4ng.\" \/>\n<meta name=\"robots\" content=\"noindex, follow, max-snippet:-1, max-image-preview:large, max-video-preview:-1\" \/>\n<meta property=\"og:locale\" content=\"sv_SE\" \/>\n<meta property=\"og:type\" content=\"article\" \/>\n<meta property=\"og:title\" content=\"Svensk g\u00e4ngkriminalitet: Tre gripna f\u00f6r mordf\u00f6rs\u00f6k p\u00e5 svensk i Marbella\" \/>\n<meta property=\"og:description\" content=\"Spansk nationalpolis har gripit tre personer i Marbella och Alhaurin el Grande, misst\u00e4nka f\u00f6r mordf\u00f6rs\u00f6k p\u00e5 en svensk som skottskadades i Nueva Andalucia den 10 februari. Enligt spansk polis r\u00f6r det sig om en uppg\u00f6relse om narkotika mellan tv\u00e5 svenska rivaliserande g\u00e4ng.\" \/>\n<meta property=\"og:url\" content=\"https:\/\/lightweb.dev\/l\/svm-temp\/nyheter\/svensk-gangkriminalitet-tre-gripna-for-mordforsok-pa-svensk-i-marbella\/\" \/>\n<meta property=\"og:site_name\" content=\"Svenska Magasinet\" \/>\n<meta property=\"article:publisher\" content=\"https:\/\/www.facebook.com\/svenskamagasinet\" \/>\n<meta property=\"article:published_time\" content=\"2024-03-19T17:18:31+00:00\" \/>\n<meta property=\"article:modified_time\" content=\"2024-03-19T17:34:56+00:00\" \/>\n<meta property=\"og:image\" content=\"https:\/\/lightweb.dev\/l\/svm-temp\/wp-content\/uploads\/2024\/03\/3f4d2bb1-2a2f-4af7-96a5-9d16b08f8387_16-9-discover-aspect-ratio_default_0-stor.jpeg\" \/>\n\t<meta property=\"og:image:width\" content=\"1200\" \/>\n\t<meta property=\"og:image:height\" content=\"675\" \/>\n\t<meta property=\"og:image:type\" content=\"image\/jpeg\" \/>\n<meta name=\"author\" content=\"Ola Josefsson\" \/>\n<meta name=\"twitter:card\" content=\"summary_large_image\" \/>\n<meta name=\"twitter:creator\" content=\"@SvenskaMagasine\" \/>\n<meta name=\"twitter:site\" content=\"@SvenskaMagasine\" \/>\n<script type=\"application\/ld+json\" class=\"yoast-schema-graph\">{\"@context\":\"https:\\\/\\\/schema.org\",\"@graph\":[{\"@type\":\"Article\",\"@id\":\"https:\\\/\\\/lightweb.dev\\\/l\\\/svm-temp\\\/nyheter\\\/svensk-gangkriminalitet-tre-gripna-for-mordforsok-pa-svensk-i-marbella\\\/#article\",\"isPartOf\":{\"@id\":\"https:\\\/\\\/lightweb.dev\\\/l\\\/svm-temp\\\/nyheter\\\/svensk-gangkriminalitet-tre-gripna-for-mordforsok-pa-svensk-i-marbella\\\/\"},\"author\":{\"name\":\"Ola Josefsson\",\"@id\":\"https:\\\/\\\/lightweb.dev\\\/l\\\/svm-temp\\\/#\\\/schema\\\/person\\\/7a82b8a73d171d32360a564b6d03508e\"},\"headline\":\"Svensk g\u00e4ngkriminalitet: Tre gripna f\u00f6r mordf\u00f6rs\u00f6k p\u00e5 svensk i Marbella\",\"datePublished\":\"2024-03-19T17:18:31+00:00\",\"dateModified\":\"2024-03-19T17:34:56+00:00\",\"mainEntityOfPage\":{\"@id\":\"https:\\\/\\\/lightweb.dev\\\/l\\\/svm-temp\\\/nyheter\\\/svensk-gangkriminalitet-tre-gripna-for-mordforsok-pa-svensk-i-marbella\\\/\"},\"wordCount\":382,\"publisher\":{\"@id\":\"https:\\\/\\\/lightweb.dev\\\/l\\\/svm-temp\\\/#organization\"},\"image\":{\"@id\":\"https:\\\/\\\/lightweb.dev\\\/l\\\/svm-temp\\\/nyheter\\\/svensk-gangkriminalitet-tre-gripna-for-mordforsok-pa-svensk-i-marbella\\\/#primaryimage\"},\"thumbnailUrl\":\"https:\\\/\\\/lightweb.dev\\\/l\\\/svm-temp\\\/wp-content\\\/uploads\\\/2024\\\/03\\\/3f4d2bb1-2a2f-4af7-96a5-9d16b08f8387_16-9-discover-aspect-ratio_default_0-stor.jpeg\",\"articleSection\":[\"Arkiv\",\"Nyheter\"],\"inLanguage\":\"sv-SE\"},{\"@type\":\"WebPage\",\"@id\":\"https:\\\/\\\/lightweb.dev\\\/l\\\/svm-temp\\\/nyheter\\\/svensk-gangkriminalitet-tre-gripna-for-mordforsok-pa-svensk-i-marbella\\\/\",\"url\":\"https:\\\/\\\/lightweb.dev\\\/l\\\/svm-temp\\\/nyheter\\\/svensk-gangkriminalitet-tre-gripna-for-mordforsok-pa-svensk-i-marbella\\\/\",\"name\":\"Svensk g\u00e4ngkriminalitet: Tre gripna f\u00f6r mordf\u00f6rs\u00f6k p\u00e5 svensk i Marbella - Svenska Magasinet\",\"isPartOf\":{\"@id\":\"https:\\\/\\\/lightweb.dev\\\/l\\\/svm-temp\\\/#website\"},\"primaryImageOfPage\":{\"@id\":\"https:\\\/\\\/lightweb.dev\\\/l\\\/svm-temp\\\/nyheter\\\/svensk-gangkriminalitet-tre-gripna-for-mordforsok-pa-svensk-i-marbella\\\/#primaryimage\"},\"image\":{\"@id\":\"https:\\\/\\\/lightweb.dev\\\/l\\\/svm-temp\\\/nyheter\\\/svensk-gangkriminalitet-tre-gripna-for-mordforsok-pa-svensk-i-marbella\\\/#primaryimage\"},\"thumbnailUrl\":\"https:\\\/\\\/lightweb.dev\\\/l\\\/svm-temp\\\/wp-content\\\/uploads\\\/2024\\\/03\\\/3f4d2bb1-2a2f-4af7-96a5-9d16b08f8387_16-9-discover-aspect-ratio_default_0-stor.jpeg\",\"datePublished\":\"2024-03-19T17:18:31+00:00\",\"dateModified\":\"2024-03-19T17:34:56+00:00\",\"description\":\"Spansk nationalpolis har gripit tre personer i Marbella och Alhaurin el Grande, misst\u00e4nka f\u00f6r mordf\u00f6rs\u00f6k p\u00e5 en svensk som skottskadades i Nueva Andalucia den 10 februari. Enligt spansk polis r\u00f6r det sig om en uppg\u00f6relse om narkotika mellan tv\u00e5 svenska rivaliserande g\u00e4ng.\",\"breadcrumb\":{\"@id\":\"https:\\\/\\\/lightweb.dev\\\/l\\\/svm-temp\\\/nyheter\\\/svensk-gangkriminalitet-tre-gripna-for-mordforsok-pa-svensk-i-marbella\\\/#breadcrumb\"},\"inLanguage\":\"sv-SE\",\"potentialAction\":[{\"@type\":\"ReadAction\",\"target\":[\"https:\\\/\\\/lightweb.dev\\\/l\\\/svm-temp\\\/nyheter\\\/svensk-gangkriminalitet-tre-gripna-for-mordforsok-pa-svensk-i-marbella\\\/\"]}]},{\"@type\":\"ImageObject\",\"inLanguage\":\"sv-SE\",\"@id\":\"https:\\\/\\\/lightweb.dev\\\/l\\\/svm-temp\\\/nyheter\\\/svensk-gangkriminalitet-tre-gripna-for-mordforsok-pa-svensk-i-marbella\\\/#primaryimage\",\"url\":\"https:\\\/\\\/lightweb.dev\\\/l\\\/svm-temp\\\/wp-content\\\/uploads\\\/2024\\\/03\\\/3f4d2bb1-2a2f-4af7-96a5-9d16b08f8387_16-9-discover-aspect-ratio_default_0-stor.jpeg\",\"contentUrl\":\"https:\\\/\\\/lightweb.dev\\\/l\\\/svm-temp\\\/wp-content\\\/uploads\\\/2024\\\/03\\\/3f4d2bb1-2a2f-4af7-96a5-9d16b08f8387_16-9-discover-aspect-ratio_default_0-stor.jpeg\",\"width\":1200,\"height\":675,\"caption\":\"H\u00e4r grips en av m\u00e4nnen misst\u00e4nkt f\u00f6r mordf\u00f6rs\u00f6k p\u00e5 en svensk man i Nueva Andalucia 10 februari. (Foto: Policia Nacional)\"},{\"@type\":\"BreadcrumbList\",\"@id\":\"https:\\\/\\\/lightweb.dev\\\/l\\\/svm-temp\\\/nyheter\\\/svensk-gangkriminalitet-tre-gripna-for-mordforsok-pa-svensk-i-marbella\\\/#breadcrumb\",\"itemListElement\":[{\"@type\":\"ListItem\",\"position\":1,\"name\":\"Hem\",\"item\":\"https:\\\/\\\/lightweb.dev\\\/l\\\/svm-temp\\\/\"},{\"@type\":\"ListItem\",\"position\":2,\"name\":\"Svensk g\u00e4ngkriminalitet: Tre gripna f\u00f6r mordf\u00f6rs\u00f6k p\u00e5 svensk i Marbella\"}]},{\"@type\":\"WebSite\",\"@id\":\"https:\\\/\\\/lightweb.dev\\\/l\\\/svm-temp\\\/#website\",\"url\":\"https:\\\/\\\/lightweb.dev\\\/l\\\/svm-temp\\\/\",\"name\":\"Svenska Magasinet\",\"description\":\"Dina Spanska nyheter p&aring; Svenska\",\"publisher\":{\"@id\":\"https:\\\/\\\/lightweb.dev\\\/l\\\/svm-temp\\\/#organization\"},\"potentialAction\":[{\"@type\":\"SearchAction\",\"target\":{\"@type\":\"EntryPoint\",\"urlTemplate\":\"https:\\\/\\\/lightweb.dev\\\/l\\\/svm-temp\\\/?s={search_term_string}\"},\"query-input\":{\"@type\":\"PropertyValueSpecification\",\"valueRequired\":true,\"valueName\":\"search_term_string\"}}],\"inLanguage\":\"sv-SE\"},{\"@type\":\"Organization\",\"@id\":\"https:\\\/\\\/lightweb.dev\\\/l\\\/svm-temp\\\/#organization\",\"name\":\"Melkerson y Nott SL\",\"alternateName\":\"Svenska Magasinet\",\"url\":\"https:\\\/\\\/lightweb.dev\\\/l\\\/svm-temp\\\/\",\"logo\":{\"@type\":\"ImageObject\",\"inLanguage\":\"sv-SE\",\"@id\":\"https:\\\/\\\/lightweb.dev\\\/l\\\/svm-temp\\\/#\\\/schema\\\/logo\\\/image\\\/\",\"url\":\"https:\\\/\\\/lightweb.dev\\\/l\\\/svm-temp\\\/wp-content\\\/uploads\\\/2025\\\/02\\\/SvM-logo-Xtra-Centrerad-SVART.png\",\"contentUrl\":\"https:\\\/\\\/lightweb.dev\\\/l\\\/svm-temp\\\/wp-content\\\/uploads\\\/2025\\\/02\\\/SvM-logo-Xtra-Centrerad-SVART.png\",\"width\":300,\"height\":99,\"caption\":\"Melkerson y Nott SL\"},\"image\":{\"@id\":\"https:\\\/\\\/lightweb.dev\\\/l\\\/svm-temp\\\/#\\\/schema\\\/logo\\\/image\\\/\"},\"sameAs\":[\"https:\\\/\\\/www.facebook.com\\\/svenskamagasinet\",\"https:\\\/\\\/x.com\\\/SvenskaMagasine\"]},{\"@type\":\"Person\",\"@id\":\"https:\\\/\\\/lightweb.dev\\\/l\\\/svm-temp\\\/#\\\/schema\\\/person\\\/7a82b8a73d171d32360a564b6d03508e\",\"name\":\"Ola Josefsson\",\"description\":\"Bevakar Solkusten och Spanien sedan 1994.\",\"sameAs\":[\"https:\\\/\\\/lightweb.dev\\\/l\\\/svm-temp\"],\"url\":\"https:\\\/\\\/lightweb.dev\\\/l\\\/svm-temp\\\/reporter\\\/ola-josefsson\\\/\"}]}<\/script>\n<!-- \/ Yoast SEO Premium plugin. -->","yoast_head_json":{"title":"Svensk g\u00e4ngkriminalitet: Tre gripna f\u00f6r mordf\u00f6rs\u00f6k p\u00e5 svensk i Marbella - Svenska Magasinet","description":"Spansk nationalpolis har gripit tre personer i Marbella och Alhaurin el Grande, misst\u00e4nka f\u00f6r mordf\u00f6rs\u00f6k p\u00e5 en svensk som skottskadades i Nueva Andalucia den 10 februari. Enligt spansk polis r\u00f6r det sig om en uppg\u00f6relse om narkotika mellan tv\u00e5 svenska rivaliserande g\u00e4ng.","robots":{"index":"noindex","follow":"follow","max-snippet":"max-snippet:-1","max-image-preview":"max-image-preview:large","max-video-preview":"max-video-preview:-1"},"og_locale":"sv_SE","og_type":"article","og_title":"Svensk g\u00e4ngkriminalitet: Tre gripna f\u00f6r mordf\u00f6rs\u00f6k p\u00e5 svensk i Marbella","og_description":"Spansk nationalpolis har gripit tre personer i Marbella och Alhaurin el Grande, misst\u00e4nka f\u00f6r mordf\u00f6rs\u00f6k p\u00e5 en svensk som skottskadades i Nueva Andalucia den 10 februari. Enligt spansk polis r\u00f6r det sig om en uppg\u00f6relse om narkotika mellan tv\u00e5 svenska rivaliserande g\u00e4ng.","og_url":"https:\/\/lightweb.dev\/l\/svm-temp\/nyheter\/svensk-gangkriminalitet-tre-gripna-for-mordforsok-pa-svensk-i-marbella\/","og_site_name":"Svenska Magasinet","article_publisher":"https:\/\/www.facebook.com\/svenskamagasinet","article_published_time":"2024-03-19T17:18:31+00:00","article_modified_time":"2024-03-19T17:34:56+00:00","og_image":[{"width":1200,"height":675,"url":"https:\/\/lightweb.dev\/l\/svm-temp\/wp-content\/uploads\/2024\/03\/3f4d2bb1-2a2f-4af7-96a5-9d16b08f8387_16-9-discover-aspect-ratio_default_0-stor.jpeg","type":"image\/jpeg"}],"author":"Ola Josefsson","twitter_card":"summary_large_image","twitter_creator":"@SvenskaMagasine","twitter_site":"@SvenskaMagasine","schema":{"@context":"https:\/\/schema.org","@graph":[{"@type":"Article","@id":"https:\/\/lightweb.dev\/l\/svm-temp\/nyheter\/svensk-gangkriminalitet-tre-gripna-for-mordforsok-pa-svensk-i-marbella\/#article","isPartOf":{"@id":"https:\/\/lightweb.dev\/l\/svm-temp\/nyheter\/svensk-gangkriminalitet-tre-gripna-for-mordforsok-pa-svensk-i-marbella\/"},"author":{"name":"Ola Josefsson","@id":"https:\/\/lightweb.dev\/l\/svm-temp\/#\/schema\/person\/7a82b8a73d171d32360a564b6d03508e"},"headline":"Svensk g\u00e4ngkriminalitet: Tre gripna f\u00f6r mordf\u00f6rs\u00f6k p\u00e5 svensk i Marbella","datePublished":"2024-03-19T17:18:31+00:00","dateModified":"2024-03-19T17:34:56+00:00","mainEntityOfPage":{"@id":"https:\/\/lightweb.dev\/l\/svm-temp\/nyheter\/svensk-gangkriminalitet-tre-gripna-for-mordforsok-pa-svensk-i-marbella\/"},"wordCount":382,"publisher":{"@id":"https:\/\/lightweb.dev\/l\/svm-temp\/#organization"},"image":{"@id":"https:\/\/lightweb.dev\/l\/svm-temp\/nyheter\/svensk-gangkriminalitet-tre-gripna-for-mordforsok-pa-svensk-i-marbella\/#primaryimage"},"thumbnailUrl":"https:\/\/lightweb.dev\/l\/svm-temp\/wp-content\/uploads\/2024\/03\/3f4d2bb1-2a2f-4af7-96a5-9d16b08f8387_16-9-discover-aspect-ratio_default_0-stor.jpeg","articleSection":["Arkiv","Nyheter"],"inLanguage":"sv-SE"},{"@type":"WebPage","@id":"https:\/\/lightweb.dev\/l\/svm-temp\/nyheter\/svensk-gangkriminalitet-tre-gripna-for-mordforsok-pa-svensk-i-marbella\/","url":"https:\/\/lightweb.dev\/l\/svm-temp\/nyheter\/svensk-gangkriminalitet-tre-gripna-for-mordforsok-pa-svensk-i-marbella\/","name":"Svensk g\u00e4ngkriminalitet: Tre gripna f\u00f6r mordf\u00f6rs\u00f6k p\u00e5 svensk i Marbella - Svenska Magasinet","isPartOf":{"@id":"https:\/\/lightweb.dev\/l\/svm-temp\/#website"},"primaryImageOfPage":{"@id":"https:\/\/lightweb.dev\/l\/svm-temp\/nyheter\/svensk-gangkriminalitet-tre-gripna-for-mordforsok-pa-svensk-i-marbella\/#primaryimage"},"image":{"@id":"https:\/\/lightweb.dev\/l\/svm-temp\/nyheter\/svensk-gangkriminalitet-tre-gripna-for-mordforsok-pa-svensk-i-marbella\/#primaryimage"},"thumbnailUrl":"https:\/\/lightweb.dev\/l\/svm-temp\/wp-content\/uploads\/2024\/03\/3f4d2bb1-2a2f-4af7-96a5-9d16b08f8387_16-9-discover-aspect-ratio_default_0-stor.jpeg","datePublished":"2024-03-19T17:18:31+00:00","dateModified":"2024-03-19T17:34:56+00:00","description":"Spansk nationalpolis har gripit tre personer i Marbella och Alhaurin el Grande, misst\u00e4nka f\u00f6r mordf\u00f6rs\u00f6k p\u00e5 en svensk som skottskadades i Nueva Andalucia den 10 februari. Enligt spansk polis r\u00f6r det sig om en uppg\u00f6relse om narkotika mellan tv\u00e5 svenska rivaliserande g\u00e4ng.","breadcrumb":{"@id":"https:\/\/lightweb.dev\/l\/svm-temp\/nyheter\/svensk-gangkriminalitet-tre-gripna-for-mordforsok-pa-svensk-i-marbella\/#breadcrumb"},"inLanguage":"sv-SE","potentialAction":[{"@type":"ReadAction","target":["https:\/\/lightweb.dev\/l\/svm-temp\/nyheter\/svensk-gangkriminalitet-tre-gripna-for-mordforsok-pa-svensk-i-marbella\/"]}]},{"@type":"ImageObject","inLanguage":"sv-SE","@id":"https:\/\/lightweb.dev\/l\/svm-temp\/nyheter\/svensk-gangkriminalitet-tre-gripna-for-mordforsok-pa-svensk-i-marbella\/#primaryimage","url":"https:\/\/lightweb.dev\/l\/svm-temp\/wp-content\/uploads\/2024\/03\/3f4d2bb1-2a2f-4af7-96a5-9d16b08f8387_16-9-discover-aspect-ratio_default_0-stor.jpeg","contentUrl":"https:\/\/lightweb.dev\/l\/svm-temp\/wp-content\/uploads\/2024\/03\/3f4d2bb1-2a2f-4af7-96a5-9d16b08f8387_16-9-discover-aspect-ratio_default_0-stor.jpeg","width":1200,"height":675,"caption":"H\u00e4r grips en av m\u00e4nnen misst\u00e4nkt f\u00f6r mordf\u00f6rs\u00f6k p\u00e5 en svensk man i Nueva Andalucia 10 februari. (Foto: Policia Nacional)"},{"@type":"BreadcrumbList","@id":"https:\/\/lightweb.dev\/l\/svm-temp\/nyheter\/svensk-gangkriminalitet-tre-gripna-for-mordforsok-pa-svensk-i-marbella\/#breadcrumb","itemListElement":[{"@type":"ListItem","position":1,"name":"Hem","item":"https:\/\/lightweb.dev\/l\/svm-temp\/"},{"@type":"ListItem","position":2,"name":"Svensk g\u00e4ngkriminalitet: Tre gripna f\u00f6r mordf\u00f6rs\u00f6k p\u00e5 svensk i Marbella"}]},{"@type":"WebSite","@id":"https:\/\/lightweb.dev\/l\/svm-temp\/#website","url":"https:\/\/lightweb.dev\/l\/svm-temp\/","name":"Svenska Magasinet","description":"Dina Spanska nyheter p&aring; Svenska","publisher":{"@id":"https:\/\/lightweb.dev\/l\/svm-temp\/#organization"},"potentialAction":[{"@type":"SearchAction","target":{"@type":"EntryPoint","urlTemplate":"https:\/\/lightweb.dev\/l\/svm-temp\/?s={search_term_string}"},"query-input":{"@type":"PropertyValueSpecification","valueRequired":true,"valueName":"search_term_string"}}],"inLanguage":"sv-SE"},{"@type":"Organization","@id":"https:\/\/lightweb.dev\/l\/svm-temp\/#organization","name":"Melkerson y Nott SL","alternateName":"Svenska Magasinet","url":"https:\/\/lightweb.dev\/l\/svm-temp\/","logo":{"@type":"ImageObject","inLanguage":"sv-SE","@id":"https:\/\/lightweb.dev\/l\/svm-temp\/#\/schema\/logo\/image\/","url":"https:\/\/lightweb.dev\/l\/svm-temp\/wp-content\/uploads\/2025\/02\/SvM-logo-Xtra-Centrerad-SVART.png","contentUrl":"https:\/\/lightweb.dev\/l\/svm-temp\/wp-content\/uploads\/2025\/02\/SvM-logo-Xtra-Centrerad-SVART.png","width":300,"height":99,"caption":"Melkerson y Nott SL"},"image":{"@id":"https:\/\/lightweb.dev\/l\/svm-temp\/#\/schema\/logo\/image\/"},"sameAs":["https:\/\/www.facebook.com\/svenskamagasinet","https:\/\/x.com\/SvenskaMagasine"]},{"@type":"Person","@id":"https:\/\/lightweb.dev\/l\/svm-temp\/#\/schema\/person\/7a82b8a73d171d32360a564b6d03508e","name":"Ola Josefsson","description":"Bevakar Solkusten och Spanien sedan 1994.","sameAs":["https:\/\/lightweb.dev\/l\/svm-temp"],"url":"https:\/\/lightweb.dev\/l\/svm-temp\/reporter\/ola-josefsson\/"}]}},"_links":{"self":[{"href":"https:\/\/lightweb.dev\/l\/svm-temp\/wp-json\/wp\/v2\/posts\/70410","targetHints":{"allow":["GET"]}}],"collection":[{"href":"https:\/\/lightweb.dev\/l\/svm-temp\/wp-json\/wp\/v2\/posts"}],"about":[{"href":"https:\/\/lightweb.dev\/l\/svm-temp\/wp-json\/wp\/v2\/types\/post"}],"author":[{"embeddable":true,"href":"https:\/\/lightweb.dev\/l\/svm-temp\/wp-json\/wp\/v2\/users\/7"}],"replies":[{"embeddable":true,"href":"https:\/\/lightweb.dev\/l\/svm-temp\/wp-json\/wp\/v2\/comments?post=70410"}],"version-history":[{"count":0,"href":"https:\/\/lightweb.dev\/l\/svm-temp\/wp-json\/wp\/v2\/posts\/70410\/revisions"}],"wp:featuredmedia":[{"embeddable":true,"href":"https:\/\/lightweb.dev\/l\/svm-temp\/wp-json\/wp\/v2\/media\/70412"}],"wp:attachment":[{"href":"https:\/\/lightweb.dev\/l\/svm-temp\/wp-json\/wp\/v2\/media?parent=70410"}],"wp:term":[{"taxonomy":"category","embeddable":true,"href":"https:\/\/lightweb.dev\/l\/svm-temp\/wp-json\/wp\/v2\/categories?post=70410"},{"taxonomy":"post_tag","embeddable":true,"href":"https:\/\/lightweb.dev\/l\/svm-temp\/wp-json\/wp\/v2\/tags?post=70410"}],"curies":[{"name":"wp","href":"https:\/\/api.w.org\/{rel}","templated":true}]}}