{"id":70554,"date":"2024-03-25T11:21:33","date_gmt":"2024-03-25T10:21:33","guid":{"rendered":"https:\/\/lightweb.dev\/l\/svm-temp\/?p=70554"},"modified":"2024-03-25T11:21:33","modified_gmt":"2024-03-25T10:21:33","slug":"solkustens-nasta-stora-golfprojekt","status":"publish","type":"post","link":"https:\/\/lightweb.dev\/l\/svm-temp\/artiklar\/solkustens-nasta-stora-golfprojekt\/","title":{"rendered":"Solkustens n\u00e4sta stora golfprojekt"},"content":{"rendered":"<p><strong>Tre tusen bost\u00e4der och en 18-h\u00e5lsslinga p\u00e5 gr\u00e4nsen mellan Torremolinos och M\u00e1laga.<\/strong><\/p>\n<p><strong>Det \u00e4r Solkustens n\u00e4sta stora golfprojekt f\u00f6rutom att det planeras f\u00f6r ytterligare tv\u00e5 tusen bost\u00e4der i M\u00e1laga.<\/strong><\/p>\n<p>Omr\u00e5det som ska bebyggas med 2.847 bost\u00e4der och en golfbana med minst 18 h\u00e5l ligger norr om det gamla milit\u00e4ra \u00f6vningsf\u00e4ltet Ben\u00edtez och v\u00e4ster om v\u00e4gen till Churriana p\u00e5 gr\u00e4nsen till Torremolinos. \u00c4gare till marken som \u00e4r p\u00e5 1.488.269 kvadratmeter \u00e4r Rojas Santa Tecla.<\/p>\n<p><img loading=\"lazy\" decoding=\"async\" class=\"size-medium wp-image-70556 alignleft\" src=\"https:\/\/lightweb.dev\/l\/svm-temp\/wp-content\/uploads\/2024\/03\/promo-tecla-malaga-proyecto-24r-stor-300x169.jpeg\" alt=\"\" width=\"300\" height=\"169\" srcset=\"https:\/\/lightweb.dev\/l\/svm-temp\/wp-content\/uploads\/2024\/03\/promo-tecla-malaga-proyecto-24r-stor-300x169.jpeg 300w, https:\/\/lightweb.dev\/l\/svm-temp\/wp-content\/uploads\/2024\/03\/promo-tecla-malaga-proyecto-24r-stor-900x506.jpeg 900w, https:\/\/lightweb.dev\/l\/svm-temp\/wp-content\/uploads\/2024\/03\/promo-tecla-malaga-proyecto-24r-stor-768x432.jpeg 768w, https:\/\/lightweb.dev\/l\/svm-temp\/wp-content\/uploads\/2024\/03\/promo-tecla-malaga-proyecto-24r-stor-610x343.jpeg 610w, https:\/\/lightweb.dev\/l\/svm-temp\/wp-content\/uploads\/2024\/03\/promo-tecla-malaga-proyecto-24r-stor-1080x608.jpeg 1080w, https:\/\/lightweb.dev\/l\/svm-temp\/wp-content\/uploads\/2024\/03\/promo-tecla-malaga-proyecto-24r-stor-600x338.jpeg 600w, https:\/\/lightweb.dev\/l\/svm-temp\/wp-content\/uploads\/2024\/03\/promo-tecla-malaga-proyecto-24r-stor.jpeg 1200w\" sizes=\"(max-width: 300px) 100vw, 300px\" \/><\/p>\n<p>I n\u00e4romr\u00e5det finns sedan tidigare bostadsomr\u00e5dena Mons\u00e1lvez, El Olivar och Cortijo de Maza.<\/p>\n<p>Projektet v\u00e4rderas till 53,9 miljoner euro och byggtiden f\u00f6rv\u00e4ntas vara 28 m\u00e5nader.<\/p>\n<p>Kommunfullm\u00e4ktige har gett gr\u00f6nt ljus till projektet. Det som \u00e5terst\u00e5r f\u00f6re byggstart \u00e4r ers\u00e4ttning f\u00f6r att riva n\u00e5gra \u00e4ldre hus. Det finns i nul\u00e4get 25 hus i omr\u00e5det och tio f\u00f6rv\u00e4ntas rivas.<\/p>\n<p>Totalt 330.353 kvadratmeter \u00e4r reserverat till gr\u00f6nomr\u00e5den.<\/p>\n<p>Det planeras f\u00f6r andra bostadsprojekt i M\u00e1laga. Bland annat vid Cortijo Merino d\u00e4r den gamla Ammoniakfabriken l\u00e5g. H\u00e4r \u00e4r det planerat f\u00f6r 1.250 bost\u00e4der varav 562 socialbost\u00e4der, VPO.<\/p>\n<p>V\u00e4ster om M\u00e1laga centrum p\u00e5 v\u00e4g mot den gamla svenskurbanisationen Sacaba Beach vid La T\u00e9rmica, k\u00e4nt f\u00f6r att den gamla skorstenen st\u00e5r kvar, ska det byggas 870 bost\u00e4der varav 273 socialbost\u00e4der.<\/p>\n","protected":false},"excerpt":{"rendered":"<p>Tre tusen bost\u00e4der och en 18-h\u00e5lsslinga p\u00e5 gr\u00e4nsen mellan Torremolinos och M\u00e1laga. Det \u00e4r Solkustens n\u00e4sta stora golfprojekt f\u00f6rutom att det planeras f\u00f6r ytterligare tv\u00e5 tusen bost\u00e4der i M\u00e1laga&#8230;<\/p>\n","protected":false},"author":7,"featured_media":70555,"comment_status":"closed","ping_status":"closed","sticky":false,"template":"","format":"standard","meta":{"_et_pb_use_builder":"","_et_pb_old_content":"","_et_gb_content_width":"","footnotes":""},"categories":[396,4],"tags":[],"class_list":["post-70554","post","type-post","status-publish","format-standard","has-post-thumbnail","hentry","category-arkiv-artiklar","category-artiklar"],"yoast_head":"<!-- This site is optimized with the Yoast SEO Premium plugin v26.2 (Yoast SEO v27.5) - https:\/\/yoast.com\/product\/yoast-seo-premium-wordpress\/ -->\n<title>Solkustens n\u00e4sta stora golfprojekt - Svenska Magasinet<\/title>\n<meta name=\"description\" content=\"Tre tusen bost\u00e4der och en 18-h\u00e5lsslinga p\u00e5 gr\u00e4nsen mellan Torremolinos och M\u00e1laga. Det \u00e4r Solkustens n\u00e4sta stora golfprojekt f\u00f6rutom att det planeras f\u00f6r ytterligare tv\u00e5 tusen bost\u00e4der i M\u00e1laga.\" \/>\n<meta name=\"robots\" content=\"noindex, follow, max-snippet:-1, max-image-preview:large, max-video-preview:-1\" \/>\n<meta property=\"og:locale\" content=\"sv_SE\" \/>\n<meta property=\"og:type\" content=\"article\" \/>\n<meta property=\"og:title\" content=\"Solkustens n\u00e4sta stora golfprojekt\" \/>\n<meta property=\"og:description\" content=\"Tre tusen bost\u00e4der och en 18-h\u00e5lsslinga p\u00e5 gr\u00e4nsen mellan Torremolinos och M\u00e1laga. Det \u00e4r Solkustens n\u00e4sta stora golfprojekt f\u00f6rutom att det planeras f\u00f6r ytterligare tv\u00e5 tusen bost\u00e4der i M\u00e1laga.\" \/>\n<meta property=\"og:url\" content=\"https:\/\/lightweb.dev\/l\/svm-temp\/artiklar\/hem-bostad\/solkustens-nasta-stora-golfprojekt\/\" \/>\n<meta property=\"og:site_name\" content=\"Svenska Magasinet\" \/>\n<meta property=\"article:publisher\" content=\"https:\/\/www.facebook.com\/svenskamagasinet\" \/>\n<meta property=\"article:published_time\" content=\"2024-03-25T10:21:33+00:00\" \/>\n<meta property=\"og:image\" content=\"https:\/\/lightweb.dev\/l\/svm-temp\/wp-content\/uploads\/2024\/03\/737937028_230552380_1706x960-stor.jpeg\" \/>\n\t<meta property=\"og:image:width\" content=\"1280\" \/>\n\t<meta property=\"og:image:height\" content=\"720\" \/>\n\t<meta property=\"og:image:type\" content=\"image\/jpeg\" \/>\n<meta name=\"author\" content=\"Ola Josefsson\" \/>\n<meta name=\"twitter:card\" content=\"summary_large_image\" \/>\n<meta name=\"twitter:creator\" content=\"@SvenskaMagasine\" \/>\n<meta name=\"twitter:site\" content=\"@SvenskaMagasine\" \/>\n<script type=\"application\/ld+json\" class=\"yoast-schema-graph\">{\"@context\":\"https:\\\/\\\/schema.org\",\"@graph\":[{\"@type\":\"Article\",\"@id\":\"https:\\\/\\\/lightweb.dev\\\/l\\\/svm-temp\\\/artiklar\\\/hem-bostad\\\/solkustens-nasta-stora-golfprojekt\\\/#article\",\"isPartOf\":{\"@id\":\"https:\\\/\\\/lightweb.dev\\\/l\\\/svm-temp\\\/artiklar\\\/hem-bostad\\\/solkustens-nasta-stora-golfprojekt\\\/\"},\"author\":{\"name\":\"Ola Josefsson\",\"@id\":\"https:\\\/\\\/lightweb.dev\\\/l\\\/svm-temp\\\/#\\\/schema\\\/person\\\/7a82b8a73d171d32360a564b6d03508e\"},\"headline\":\"Solkustens n\u00e4sta stora golfprojekt\",\"datePublished\":\"2024-03-25T10:21:33+00:00\",\"mainEntityOfPage\":{\"@id\":\"https:\\\/\\\/lightweb.dev\\\/l\\\/svm-temp\\\/artiklar\\\/hem-bostad\\\/solkustens-nasta-stora-golfprojekt\\\/\"},\"wordCount\":246,\"publisher\":{\"@id\":\"https:\\\/\\\/lightweb.dev\\\/l\\\/svm-temp\\\/#organization\"},\"image\":{\"@id\":\"https:\\\/\\\/lightweb.dev\\\/l\\\/svm-temp\\\/artiklar\\\/hem-bostad\\\/solkustens-nasta-stora-golfprojekt\\\/#primaryimage\"},\"thumbnailUrl\":\"https:\\\/\\\/lightweb.dev\\\/l\\\/svm-temp\\\/wp-content\\\/uploads\\\/2024\\\/03\\\/737937028_230552380_1706x960-stor.jpeg\",\"articleSection\":[\"Arkiv\",\"Artiklar\"],\"inLanguage\":\"sv-SE\"},{\"@type\":\"WebPage\",\"@id\":\"https:\\\/\\\/lightweb.dev\\\/l\\\/svm-temp\\\/artiklar\\\/hem-bostad\\\/solkustens-nasta-stora-golfprojekt\\\/\",\"url\":\"https:\\\/\\\/lightweb.dev\\\/l\\\/svm-temp\\\/artiklar\\\/hem-bostad\\\/solkustens-nasta-stora-golfprojekt\\\/\",\"name\":\"Solkustens n\u00e4sta stora golfprojekt - Svenska Magasinet\",\"isPartOf\":{\"@id\":\"https:\\\/\\\/lightweb.dev\\\/l\\\/svm-temp\\\/#website\"},\"primaryImageOfPage\":{\"@id\":\"https:\\\/\\\/lightweb.dev\\\/l\\\/svm-temp\\\/artiklar\\\/hem-bostad\\\/solkustens-nasta-stora-golfprojekt\\\/#primaryimage\"},\"image\":{\"@id\":\"https:\\\/\\\/lightweb.dev\\\/l\\\/svm-temp\\\/artiklar\\\/hem-bostad\\\/solkustens-nasta-stora-golfprojekt\\\/#primaryimage\"},\"thumbnailUrl\":\"https:\\\/\\\/lightweb.dev\\\/l\\\/svm-temp\\\/wp-content\\\/uploads\\\/2024\\\/03\\\/737937028_230552380_1706x960-stor.jpeg\",\"datePublished\":\"2024-03-25T10:21:33+00:00\",\"description\":\"Tre tusen bost\u00e4der och en 18-h\u00e5lsslinga p\u00e5 gr\u00e4nsen mellan Torremolinos och M\u00e1laga. Det \u00e4r Solkustens n\u00e4sta stora golfprojekt f\u00f6rutom att det planeras f\u00f6r ytterligare tv\u00e5 tusen bost\u00e4der i M\u00e1laga.\",\"breadcrumb\":{\"@id\":\"https:\\\/\\\/lightweb.dev\\\/l\\\/svm-temp\\\/artiklar\\\/hem-bostad\\\/solkustens-nasta-stora-golfprojekt\\\/#breadcrumb\"},\"inLanguage\":\"sv-SE\",\"potentialAction\":[{\"@type\":\"ReadAction\",\"target\":[\"https:\\\/\\\/lightweb.dev\\\/l\\\/svm-temp\\\/artiklar\\\/hem-bostad\\\/solkustens-nasta-stora-golfprojekt\\\/\"]}]},{\"@type\":\"ImageObject\",\"inLanguage\":\"sv-SE\",\"@id\":\"https:\\\/\\\/lightweb.dev\\\/l\\\/svm-temp\\\/artiklar\\\/hem-bostad\\\/solkustens-nasta-stora-golfprojekt\\\/#primaryimage\",\"url\":\"https:\\\/\\\/lightweb.dev\\\/l\\\/svm-temp\\\/wp-content\\\/uploads\\\/2024\\\/03\\\/737937028_230552380_1706x960-stor.jpeg\",\"contentUrl\":\"https:\\\/\\\/lightweb.dev\\\/l\\\/svm-temp\\\/wp-content\\\/uploads\\\/2024\\\/03\\\/737937028_230552380_1706x960-stor.jpeg\",\"width\":1280,\"height\":720,\"caption\":\"Omr\u00e5det som ska bebyggas med 2.847 bost\u00e4der och en golfbana med minst 18 h\u00e5l. (Foto: Google Earth)\"},{\"@type\":\"BreadcrumbList\",\"@id\":\"https:\\\/\\\/lightweb.dev\\\/l\\\/svm-temp\\\/artiklar\\\/hem-bostad\\\/solkustens-nasta-stora-golfprojekt\\\/#breadcrumb\",\"itemListElement\":[{\"@type\":\"ListItem\",\"position\":1,\"name\":\"Hem\",\"item\":\"https:\\\/\\\/lightweb.dev\\\/l\\\/svm-temp\\\/\"},{\"@type\":\"ListItem\",\"position\":2,\"name\":\"Solkustens n\u00e4sta stora golfprojekt\"}]},{\"@type\":\"WebSite\",\"@id\":\"https:\\\/\\\/lightweb.dev\\\/l\\\/svm-temp\\\/#website\",\"url\":\"https:\\\/\\\/lightweb.dev\\\/l\\\/svm-temp\\\/\",\"name\":\"Svenska Magasinet\",\"description\":\"Dina Spanska nyheter p&aring; Svenska\",\"publisher\":{\"@id\":\"https:\\\/\\\/lightweb.dev\\\/l\\\/svm-temp\\\/#organization\"},\"potentialAction\":[{\"@type\":\"SearchAction\",\"target\":{\"@type\":\"EntryPoint\",\"urlTemplate\":\"https:\\\/\\\/lightweb.dev\\\/l\\\/svm-temp\\\/?s={search_term_string}\"},\"query-input\":{\"@type\":\"PropertyValueSpecification\",\"valueRequired\":true,\"valueName\":\"search_term_string\"}}],\"inLanguage\":\"sv-SE\"},{\"@type\":\"Organization\",\"@id\":\"https:\\\/\\\/lightweb.dev\\\/l\\\/svm-temp\\\/#organization\",\"name\":\"Melkerson y Nott SL\",\"alternateName\":\"Svenska Magasinet\",\"url\":\"https:\\\/\\\/lightweb.dev\\\/l\\\/svm-temp\\\/\",\"logo\":{\"@type\":\"ImageObject\",\"inLanguage\":\"sv-SE\",\"@id\":\"https:\\\/\\\/lightweb.dev\\\/l\\\/svm-temp\\\/#\\\/schema\\\/logo\\\/image\\\/\",\"url\":\"https:\\\/\\\/lightweb.dev\\\/l\\\/svm-temp\\\/wp-content\\\/uploads\\\/2025\\\/02\\\/SvM-logo-Xtra-Centrerad-SVART.png\",\"contentUrl\":\"https:\\\/\\\/lightweb.dev\\\/l\\\/svm-temp\\\/wp-content\\\/uploads\\\/2025\\\/02\\\/SvM-logo-Xtra-Centrerad-SVART.png\",\"width\":300,\"height\":99,\"caption\":\"Melkerson y Nott SL\"},\"image\":{\"@id\":\"https:\\\/\\\/lightweb.dev\\\/l\\\/svm-temp\\\/#\\\/schema\\\/logo\\\/image\\\/\"},\"sameAs\":[\"https:\\\/\\\/www.facebook.com\\\/svenskamagasinet\",\"https:\\\/\\\/x.com\\\/SvenskaMagasine\"]},{\"@type\":\"Person\",\"@id\":\"https:\\\/\\\/lightweb.dev\\\/l\\\/svm-temp\\\/#\\\/schema\\\/person\\\/7a82b8a73d171d32360a564b6d03508e\",\"name\":\"Ola Josefsson\",\"description\":\"Bevakar Solkusten och Spanien sedan 1994.\",\"sameAs\":[\"https:\\\/\\\/lightweb.dev\\\/l\\\/svm-temp\"],\"url\":\"https:\\\/\\\/lightweb.dev\\\/l\\\/svm-temp\\\/reporter\\\/ola-josefsson\\\/\"}]}<\/script>\n<!-- \/ Yoast SEO Premium plugin. -->","yoast_head_json":{"title":"Solkustens n\u00e4sta stora golfprojekt - Svenska Magasinet","description":"Tre tusen bost\u00e4der och en 18-h\u00e5lsslinga p\u00e5 gr\u00e4nsen mellan Torremolinos och M\u00e1laga. Det \u00e4r Solkustens n\u00e4sta stora golfprojekt f\u00f6rutom att det planeras f\u00f6r ytterligare tv\u00e5 tusen bost\u00e4der i M\u00e1laga.","robots":{"index":"noindex","follow":"follow","max-snippet":"max-snippet:-1","max-image-preview":"max-image-preview:large","max-video-preview":"max-video-preview:-1"},"og_locale":"sv_SE","og_type":"article","og_title":"Solkustens n\u00e4sta stora golfprojekt","og_description":"Tre tusen bost\u00e4der och en 18-h\u00e5lsslinga p\u00e5 gr\u00e4nsen mellan Torremolinos och M\u00e1laga. Det \u00e4r Solkustens n\u00e4sta stora golfprojekt f\u00f6rutom att det planeras f\u00f6r ytterligare tv\u00e5 tusen bost\u00e4der i M\u00e1laga.","og_url":"https:\/\/lightweb.dev\/l\/svm-temp\/artiklar\/hem-bostad\/solkustens-nasta-stora-golfprojekt\/","og_site_name":"Svenska Magasinet","article_publisher":"https:\/\/www.facebook.com\/svenskamagasinet","article_published_time":"2024-03-25T10:21:33+00:00","og_image":[{"width":1280,"height":720,"url":"https:\/\/lightweb.dev\/l\/svm-temp\/wp-content\/uploads\/2024\/03\/737937028_230552380_1706x960-stor.jpeg","type":"image\/jpeg"}],"author":"Ola Josefsson","twitter_card":"summary_large_image","twitter_creator":"@SvenskaMagasine","twitter_site":"@SvenskaMagasine","schema":{"@context":"https:\/\/schema.org","@graph":[{"@type":"Article","@id":"https:\/\/lightweb.dev\/l\/svm-temp\/artiklar\/hem-bostad\/solkustens-nasta-stora-golfprojekt\/#article","isPartOf":{"@id":"https:\/\/lightweb.dev\/l\/svm-temp\/artiklar\/hem-bostad\/solkustens-nasta-stora-golfprojekt\/"},"author":{"name":"Ola Josefsson","@id":"https:\/\/lightweb.dev\/l\/svm-temp\/#\/schema\/person\/7a82b8a73d171d32360a564b6d03508e"},"headline":"Solkustens n\u00e4sta stora golfprojekt","datePublished":"2024-03-25T10:21:33+00:00","mainEntityOfPage":{"@id":"https:\/\/lightweb.dev\/l\/svm-temp\/artiklar\/hem-bostad\/solkustens-nasta-stora-golfprojekt\/"},"wordCount":246,"publisher":{"@id":"https:\/\/lightweb.dev\/l\/svm-temp\/#organization"},"image":{"@id":"https:\/\/lightweb.dev\/l\/svm-temp\/artiklar\/hem-bostad\/solkustens-nasta-stora-golfprojekt\/#primaryimage"},"thumbnailUrl":"https:\/\/lightweb.dev\/l\/svm-temp\/wp-content\/uploads\/2024\/03\/737937028_230552380_1706x960-stor.jpeg","articleSection":["Arkiv","Artiklar"],"inLanguage":"sv-SE"},{"@type":"WebPage","@id":"https:\/\/lightweb.dev\/l\/svm-temp\/artiklar\/hem-bostad\/solkustens-nasta-stora-golfprojekt\/","url":"https:\/\/lightweb.dev\/l\/svm-temp\/artiklar\/hem-bostad\/solkustens-nasta-stora-golfprojekt\/","name":"Solkustens n\u00e4sta stora golfprojekt - Svenska Magasinet","isPartOf":{"@id":"https:\/\/lightweb.dev\/l\/svm-temp\/#website"},"primaryImageOfPage":{"@id":"https:\/\/lightweb.dev\/l\/svm-temp\/artiklar\/hem-bostad\/solkustens-nasta-stora-golfprojekt\/#primaryimage"},"image":{"@id":"https:\/\/lightweb.dev\/l\/svm-temp\/artiklar\/hem-bostad\/solkustens-nasta-stora-golfprojekt\/#primaryimage"},"thumbnailUrl":"https:\/\/lightweb.dev\/l\/svm-temp\/wp-content\/uploads\/2024\/03\/737937028_230552380_1706x960-stor.jpeg","datePublished":"2024-03-25T10:21:33+00:00","description":"Tre tusen bost\u00e4der och en 18-h\u00e5lsslinga p\u00e5 gr\u00e4nsen mellan Torremolinos och M\u00e1laga. Det \u00e4r Solkustens n\u00e4sta stora golfprojekt f\u00f6rutom att det planeras f\u00f6r ytterligare tv\u00e5 tusen bost\u00e4der i M\u00e1laga.","breadcrumb":{"@id":"https:\/\/lightweb.dev\/l\/svm-temp\/artiklar\/hem-bostad\/solkustens-nasta-stora-golfprojekt\/#breadcrumb"},"inLanguage":"sv-SE","potentialAction":[{"@type":"ReadAction","target":["https:\/\/lightweb.dev\/l\/svm-temp\/artiklar\/hem-bostad\/solkustens-nasta-stora-golfprojekt\/"]}]},{"@type":"ImageObject","inLanguage":"sv-SE","@id":"https:\/\/lightweb.dev\/l\/svm-temp\/artiklar\/hem-bostad\/solkustens-nasta-stora-golfprojekt\/#primaryimage","url":"https:\/\/lightweb.dev\/l\/svm-temp\/wp-content\/uploads\/2024\/03\/737937028_230552380_1706x960-stor.jpeg","contentUrl":"https:\/\/lightweb.dev\/l\/svm-temp\/wp-content\/uploads\/2024\/03\/737937028_230552380_1706x960-stor.jpeg","width":1280,"height":720,"caption":"Omr\u00e5det som ska bebyggas med 2.847 bost\u00e4der och en golfbana med minst 18 h\u00e5l. (Foto: Google Earth)"},{"@type":"BreadcrumbList","@id":"https:\/\/lightweb.dev\/l\/svm-temp\/artiklar\/hem-bostad\/solkustens-nasta-stora-golfprojekt\/#breadcrumb","itemListElement":[{"@type":"ListItem","position":1,"name":"Hem","item":"https:\/\/lightweb.dev\/l\/svm-temp\/"},{"@type":"ListItem","position":2,"name":"Solkustens n\u00e4sta stora golfprojekt"}]},{"@type":"WebSite","@id":"https:\/\/lightweb.dev\/l\/svm-temp\/#website","url":"https:\/\/lightweb.dev\/l\/svm-temp\/","name":"Svenska Magasinet","description":"Dina Spanska nyheter p&aring; Svenska","publisher":{"@id":"https:\/\/lightweb.dev\/l\/svm-temp\/#organization"},"potentialAction":[{"@type":"SearchAction","target":{"@type":"EntryPoint","urlTemplate":"https:\/\/lightweb.dev\/l\/svm-temp\/?s={search_term_string}"},"query-input":{"@type":"PropertyValueSpecification","valueRequired":true,"valueName":"search_term_string"}}],"inLanguage":"sv-SE"},{"@type":"Organization","@id":"https:\/\/lightweb.dev\/l\/svm-temp\/#organization","name":"Melkerson y Nott SL","alternateName":"Svenska Magasinet","url":"https:\/\/lightweb.dev\/l\/svm-temp\/","logo":{"@type":"ImageObject","inLanguage":"sv-SE","@id":"https:\/\/lightweb.dev\/l\/svm-temp\/#\/schema\/logo\/image\/","url":"https:\/\/lightweb.dev\/l\/svm-temp\/wp-content\/uploads\/2025\/02\/SvM-logo-Xtra-Centrerad-SVART.png","contentUrl":"https:\/\/lightweb.dev\/l\/svm-temp\/wp-content\/uploads\/2025\/02\/SvM-logo-Xtra-Centrerad-SVART.png","width":300,"height":99,"caption":"Melkerson y Nott SL"},"image":{"@id":"https:\/\/lightweb.dev\/l\/svm-temp\/#\/schema\/logo\/image\/"},"sameAs":["https:\/\/www.facebook.com\/svenskamagasinet","https:\/\/x.com\/SvenskaMagasine"]},{"@type":"Person","@id":"https:\/\/lightweb.dev\/l\/svm-temp\/#\/schema\/person\/7a82b8a73d171d32360a564b6d03508e","name":"Ola Josefsson","description":"Bevakar Solkusten och Spanien sedan 1994.","sameAs":["https:\/\/lightweb.dev\/l\/svm-temp"],"url":"https:\/\/lightweb.dev\/l\/svm-temp\/reporter\/ola-josefsson\/"}]}},"_links":{"self":[{"href":"https:\/\/lightweb.dev\/l\/svm-temp\/wp-json\/wp\/v2\/posts\/70554","targetHints":{"allow":["GET"]}}],"collection":[{"href":"https:\/\/lightweb.dev\/l\/svm-temp\/wp-json\/wp\/v2\/posts"}],"about":[{"href":"https:\/\/lightweb.dev\/l\/svm-temp\/wp-json\/wp\/v2\/types\/post"}],"author":[{"embeddable":true,"href":"https:\/\/lightweb.dev\/l\/svm-temp\/wp-json\/wp\/v2\/users\/7"}],"replies":[{"embeddable":true,"href":"https:\/\/lightweb.dev\/l\/svm-temp\/wp-json\/wp\/v2\/comments?post=70554"}],"version-history":[{"count":0,"href":"https:\/\/lightweb.dev\/l\/svm-temp\/wp-json\/wp\/v2\/posts\/70554\/revisions"}],"wp:featuredmedia":[{"embeddable":true,"href":"https:\/\/lightweb.dev\/l\/svm-temp\/wp-json\/wp\/v2\/media\/70555"}],"wp:attachment":[{"href":"https:\/\/lightweb.dev\/l\/svm-temp\/wp-json\/wp\/v2\/media?parent=70554"}],"wp:term":[{"taxonomy":"category","embeddable":true,"href":"https:\/\/lightweb.dev\/l\/svm-temp\/wp-json\/wp\/v2\/categories?post=70554"},{"taxonomy":"post_tag","embeddable":true,"href":"https:\/\/lightweb.dev\/l\/svm-temp\/wp-json\/wp\/v2\/tags?post=70554"}],"curies":[{"name":"wp","href":"https:\/\/api.w.org\/{rel}","templated":true}]}}