{"id":70615,"date":"2024-03-26T16:52:02","date_gmt":"2024-03-26T15:52:02","guid":{"rendered":"https:\/\/lightweb.dev\/l\/svm-temp\/?p=70615"},"modified":"2024-03-26T22:34:26","modified_gmt":"2024-03-26T21:34:26","slug":"malaga-teknologiska-park-vaxer-och-har-nu-over-25-000-anstallda","status":"publish","type":"post","link":"https:\/\/lightweb.dev\/l\/svm-temp\/artiklar\/malaga-teknologiska-park-vaxer-och-har-nu-over-25-000-anstallda\/","title":{"rendered":"M\u00e1laga teknologiska park v\u00e4xer och har nu \u00f6ver 25.000 anst\u00e4llda"},"content":{"rendered":"<p><strong>F\u00f6rra \u00e5ret flyttade 34 nya f\u00f6retag in p\u00e5 M\u00e1laga TechPark och flera sp\u00e4nnande projekt \u00e4r p\u00e5 g\u00e5ng.\u00a0<\/strong><\/p>\n<p><span style=\"font-weight: 400;\">M\u00e1laga TechPark \u00f6kade sin arbetsstyrka med 2,8 procent f\u00f6rra \u00e5ret och passerade d\u00e4rmed tr\u00f6skeln 25 000 anst\u00e4llda. <\/span><span style=\"font-weight: 400;\">Deras framg\u00e5ngsrika arbete har hyllats av regionalregeringen och presidenten p\u00e5 TechPark, <\/span><span style=\"font-weight: 400;\">Carolina Espa\u00f1a,<\/span><span style=\"font-weight: 400;\"> betonar att det b\u00e4sta fortfarande \u00e4r p\u00e5 v\u00e4g. Hon syftar d\u00e5 p\u00e5 implementeringen av IMEC:s forsknings- och utvecklingscenter f\u00f6r mikroelektronik.<\/span><\/p>\n<p><span style=\"font-weight: 400;\">F\u00f6retagen och organisationerna p\u00e5 M\u00e1laga TechPark n\u00e5dde 2023 en oms\u00e4ttning p\u00e5 totalt drygt 3,4 miljarder euro, en \u00f6kning med n\u00e4stan 25 procent j\u00e4mf\u00f6rt med 2022. Antalet f\u00f6retag som \u00e4r verksamma d\u00e4r \u00f6kade med 5 procent och \u00e4r nu uppe i 687 stycken. 70 av dessa \u00e4r utl\u00e4ndska och det finns 21 olika l\u00e4nder representerade.<\/span><\/p>\n<p><span style=\"font-weight: 400;\">&#8221;Parken forts\u00e4tter att v\u00e4xa stadigt och vi kan utan tvekan s\u00e4ga att, med en s\u00e5 solid grund som den den har, att det b\u00e4sta \u00e4r framf\u00f6r oss&#8221;, s\u00e4ger Espa\u00f1a.<\/span><\/p>\n<h2><strong>Nya hyresg\u00e4ster<\/strong><\/h2>\n<p><span style=\"font-weight: 400;\">Bland de nya f\u00f6retag och organisationer som landade i M\u00e1laga TechPark 2023 st\u00e5r General Foundation vid M\u00e1lagas universitet och Eurecat Foundation, Kataloniens fr\u00e4msta teknologicenter, ut.<\/span><\/p>\n<p><span style=\"font-weight: 400;\">Dessutom har det schweiziska multinationella Glencore, som finns i mer \u00e4n 35 l\u00e4nder och har 140 000 anst\u00e4llda globalt, valt parken f\u00f6r att lokalisera ett IT-supportcenter.\u00a0<\/span><\/p>\n<p><span style=\"font-weight: 400;\">Espa\u00f1a lyfter ocks\u00e5 fram \u201cde fantastiska nyheterna\u201d som <\/span><span style=\"font-weight: 400;\">IMEC:s kommande forsknings- och utvecklingscenter f\u00f6r mikroelektronik inneb\u00e4r f\u00f6r regionen och f\u00f6r hela landet. Satsningen godk\u00e4ndes f\u00f6rra veckan av det belgiska f\u00f6retaget samt Spaniens och Andalusiens regeringar. Hon tackar alla \u00f6vriga institutioner som varit inblandade som <\/span><span style=\"font-weight: 400;\">M\u00e1lagas kommunfullm\u00e4ktige, M\u00e1lagas universitet och Fundaci\u00f3n Innova, tillsammans med sj\u00e4lva M\u00e1laga TechPark. &#8221;IMEC kommer att vara en drivkraft f\u00f6r M\u00e1laga TechPark och en stark drivkraft f\u00f6r ekonomin och f\u00f6r ny teknik\u201d, s\u00e4ger hon.\u00a0<\/span><\/p>\n<p><span style=\"font-weight: 400;\">Projektet, som kallas IMEC Fab 5, kommer att skapa flera ytterligare h\u00f6gkvalificerade jobb i M\u00e1laga. Det kommer att h\u00e5lla till i byggnader som skapas under den f\u00f6rsta fasen av utbyggnaden av teknikparken som omfattar cirka 32 000 byggda kvadratmeter p\u00e5 en tomt som \u00e4r 46 000 kvadratmeter stor.\u00a0<\/span><\/p>\n<h2><strong>Relationen med resten av M\u00e1laga<\/strong><\/h2>\n<p><span style=\"font-weight: 400;\">M\u00e1laga TechPark har undertecknat ett avtal med M\u00e1lagas hamn om ett samarbete som inneb\u00e4r gemensamma projekt f\u00f6r att utveckla hamnens serviceomr\u00e5den.\u00a0<\/span><\/p>\n<p><span style=\"font-weight: 400;\">Anm\u00e4rkningsv\u00e4rt \u00e4r ocks\u00e5 undertecknande av ett samarbetsavtal med Unicaja Foundation som g\u00f6r det m\u00f6jligt att forts\u00e4tta fr\u00e4mja ny teknik och entrepren\u00f6rskap i M\u00e1laga. M\u00e1laga TechPark kommer att h\u00e4nvisa nystartade f\u00f6retag till Unicaja Foundation.\u00a0<\/span><\/p>\n<p>&nbsp;<\/p>\n<blockquote class=\"twitter-tweet\" data-media-max-width=\"560\">\n<p dir=\"ltr\" lang=\"es\">\ud83d\ude4c <a href=\"https:\/\/twitter.com\/CarolinaEspanaR?ref_src=twsrc%5Etfw\">@CarolinaEspanaR<\/a>, consejera de <a href=\"https:\/\/twitter.com\/EconoHaciendAND?ref_src=twsrc%5Etfw\">@EconoHaciendAND<\/a> y presidenta del parque: \u201c<a href=\"https:\/\/twitter.com\/hashtag\/M%C3%A1lagaTechPark?src=hash&amp;ref_src=twsrc%5Etfw\">#M\u00e1lagaTechPark<\/a> vive un momento de \u00e9xito, pero lo mejor est\u00e1 por venir\u201d.<\/p>\n<p>\u27053.460 mill\/\u20ac de facturaci\u00f3n en 2023<br \/>\n\u270525.101 trabajadores<br \/>\n\u2705687 empresas<\/p>\n<p>\u00a1Seguimos creciendo!<\/p>\n<p>\ud83d\udc49<a href=\"https:\/\/t.co\/bNDnwUS4NS\">https:\/\/t.co\/bNDnwUS4NS<\/a> <a href=\"https:\/\/t.co\/6WfxRYrBLf\">pic.twitter.com\/6WfxRYrBLf<\/a><\/p>\n<p>\u2014 M\u00e1laga TechPark (@PTAMalaga) <a href=\"https:\/\/twitter.com\/PTAMalaga\/status\/1771160351653990848?ref_src=twsrc%5Etfw\">March 22, 2024<\/a><\/p><\/blockquote>\n<p><script async src=\"https:\/\/platform.twitter.com\/widgets.js\" charset=\"utf-8\"><\/script><\/p>\n","protected":false},"excerpt":{"rendered":"<p>F\u00f6rra \u00e5ret flyttade 34 nya f\u00f6retag in p\u00e5 M\u00e1laga TechPark och flera sp\u00e4nnande projekt \u00e4r p\u00e5 g\u00e5ng.\u00a0<\/p>\n","protected":false},"author":14,"featured_media":70640,"comment_status":"closed","ping_status":"closed","sticky":false,"template":"","format":"standard","meta":{"_et_pb_use_builder":"","_et_pb_old_content":"","_et_gb_content_width":"","footnotes":""},"categories":[396,4],"tags":[],"class_list":["post-70615","post","type-post","status-publish","format-standard","has-post-thumbnail","hentry","category-arkiv-artiklar","category-artiklar"],"yoast_head":"<!-- This site is optimized with the Yoast SEO Premium plugin v26.2 (Yoast SEO v27.5) - https:\/\/yoast.com\/product\/yoast-seo-premium-wordpress\/ -->\n<title>M\u00e1laga teknologiska park v\u00e4xer och har nu \u00f6ver 25.000 anst\u00e4llda - Svenska Magasinet<\/title>\n<meta name=\"robots\" content=\"noindex, follow, max-snippet:-1, max-image-preview:large, max-video-preview:-1\" \/>\n<meta property=\"og:locale\" content=\"sv_SE\" \/>\n<meta property=\"og:type\" content=\"article\" \/>\n<meta property=\"og:title\" content=\"M\u00e1laga teknologiska park v\u00e4xer och har nu \u00f6ver 25.000 anst\u00e4llda\" \/>\n<meta property=\"og:description\" content=\"F\u00f6rra \u00e5ret flyttade 34 nya f\u00f6retag in p\u00e5 M\u00e1laga TechPark och flera sp\u00e4nnande projekt \u00e4r p\u00e5 g\u00e5ng.\u00a0\" \/>\n<meta property=\"og:url\" content=\"https:\/\/lightweb.dev\/l\/svm-temp\/arkiv\/malaga-teknologiska-park-vaxer-och-har-nu-over-25-000-anstallda\/\" \/>\n<meta property=\"og:site_name\" content=\"Svenska Magasinet\" \/>\n<meta property=\"article:publisher\" content=\"https:\/\/www.facebook.com\/svenskamagasinet\" \/>\n<meta property=\"article:published_time\" content=\"2024-03-26T15:52:02+00:00\" \/>\n<meta property=\"article:modified_time\" content=\"2024-03-26T21:34:26+00:00\" \/>\n<meta property=\"og:image\" content=\"https:\/\/lightweb.dev\/l\/svm-temp\/wp-content\/uploads\/2024\/03\/GJRsxVCW0AAFig6-stor.jpeg\" \/>\n\t<meta property=\"og:image:width\" content=\"1280\" \/>\n\t<meta property=\"og:image:height\" content=\"854\" \/>\n\t<meta property=\"og:image:type\" content=\"image\/jpeg\" \/>\n<meta name=\"author\" content=\"Robbie Eriksson\" \/>\n<meta name=\"twitter:card\" content=\"summary_large_image\" \/>\n<meta name=\"twitter:creator\" content=\"@SvenskaMagasine\" \/>\n<meta name=\"twitter:site\" content=\"@SvenskaMagasine\" \/>\n<script type=\"application\/ld+json\" class=\"yoast-schema-graph\">{\"@context\":\"https:\\\/\\\/schema.org\",\"@graph\":[{\"@type\":\"Article\",\"@id\":\"https:\\\/\\\/lightweb.dev\\\/l\\\/svm-temp\\\/arkiv\\\/malaga-teknologiska-park-vaxer-och-har-nu-over-25-000-anstallda\\\/#article\",\"isPartOf\":{\"@id\":\"https:\\\/\\\/lightweb.dev\\\/l\\\/svm-temp\\\/arkiv\\\/malaga-teknologiska-park-vaxer-och-har-nu-over-25-000-anstallda\\\/\"},\"author\":{\"name\":\"Robbie Eriksson\",\"@id\":\"https:\\\/\\\/lightweb.dev\\\/l\\\/svm-temp\\\/#\\\/schema\\\/person\\\/caffe038990d25722f5a04a03c906a2b\"},\"headline\":\"M\u00e1laga teknologiska park v\u00e4xer och har nu \u00f6ver 25.000 anst\u00e4llda\",\"datePublished\":\"2024-03-26T15:52:02+00:00\",\"dateModified\":\"2024-03-26T21:34:26+00:00\",\"mainEntityOfPage\":{\"@id\":\"https:\\\/\\\/lightweb.dev\\\/l\\\/svm-temp\\\/arkiv\\\/malaga-teknologiska-park-vaxer-och-har-nu-over-25-000-anstallda\\\/\"},\"wordCount\":507,\"publisher\":{\"@id\":\"https:\\\/\\\/lightweb.dev\\\/l\\\/svm-temp\\\/#organization\"},\"image\":{\"@id\":\"https:\\\/\\\/lightweb.dev\\\/l\\\/svm-temp\\\/arkiv\\\/malaga-teknologiska-park-vaxer-och-har-nu-over-25-000-anstallda\\\/#primaryimage\"},\"thumbnailUrl\":\"https:\\\/\\\/lightweb.dev\\\/l\\\/svm-temp\\\/wp-content\\\/uploads\\\/2024\\\/03\\\/GJRsxVCW0AAFig6-stor.jpeg\",\"articleSection\":[\"Arkiv\",\"Artiklar\"],\"inLanguage\":\"sv-SE\"},{\"@type\":\"WebPage\",\"@id\":\"https:\\\/\\\/lightweb.dev\\\/l\\\/svm-temp\\\/arkiv\\\/malaga-teknologiska-park-vaxer-och-har-nu-over-25-000-anstallda\\\/\",\"url\":\"https:\\\/\\\/lightweb.dev\\\/l\\\/svm-temp\\\/arkiv\\\/malaga-teknologiska-park-vaxer-och-har-nu-over-25-000-anstallda\\\/\",\"name\":\"M\u00e1laga teknologiska park v\u00e4xer och har nu \u00f6ver 25.000 anst\u00e4llda - Svenska Magasinet\",\"isPartOf\":{\"@id\":\"https:\\\/\\\/lightweb.dev\\\/l\\\/svm-temp\\\/#website\"},\"primaryImageOfPage\":{\"@id\":\"https:\\\/\\\/lightweb.dev\\\/l\\\/svm-temp\\\/arkiv\\\/malaga-teknologiska-park-vaxer-och-har-nu-over-25-000-anstallda\\\/#primaryimage\"},\"image\":{\"@id\":\"https:\\\/\\\/lightweb.dev\\\/l\\\/svm-temp\\\/arkiv\\\/malaga-teknologiska-park-vaxer-och-har-nu-over-25-000-anstallda\\\/#primaryimage\"},\"thumbnailUrl\":\"https:\\\/\\\/lightweb.dev\\\/l\\\/svm-temp\\\/wp-content\\\/uploads\\\/2024\\\/03\\\/GJRsxVCW0AAFig6-stor.jpeg\",\"datePublished\":\"2024-03-26T15:52:02+00:00\",\"dateModified\":\"2024-03-26T21:34:26+00:00\",\"breadcrumb\":{\"@id\":\"https:\\\/\\\/lightweb.dev\\\/l\\\/svm-temp\\\/arkiv\\\/malaga-teknologiska-park-vaxer-och-har-nu-over-25-000-anstallda\\\/#breadcrumb\"},\"inLanguage\":\"sv-SE\",\"potentialAction\":[{\"@type\":\"ReadAction\",\"target\":[\"https:\\\/\\\/lightweb.dev\\\/l\\\/svm-temp\\\/arkiv\\\/malaga-teknologiska-park-vaxer-och-har-nu-over-25-000-anstallda\\\/\"]}]},{\"@type\":\"ImageObject\",\"inLanguage\":\"sv-SE\",\"@id\":\"https:\\\/\\\/lightweb.dev\\\/l\\\/svm-temp\\\/arkiv\\\/malaga-teknologiska-park-vaxer-och-har-nu-over-25-000-anstallda\\\/#primaryimage\",\"url\":\"https:\\\/\\\/lightweb.dev\\\/l\\\/svm-temp\\\/wp-content\\\/uploads\\\/2024\\\/03\\\/GJRsxVCW0AAFig6-stor.jpeg\",\"contentUrl\":\"https:\\\/\\\/lightweb.dev\\\/l\\\/svm-temp\\\/wp-content\\\/uploads\\\/2024\\\/03\\\/GJRsxVCW0AAFig6-stor.jpeg\",\"width\":1280,\"height\":854},{\"@type\":\"BreadcrumbList\",\"@id\":\"https:\\\/\\\/lightweb.dev\\\/l\\\/svm-temp\\\/arkiv\\\/malaga-teknologiska-park-vaxer-och-har-nu-over-25-000-anstallda\\\/#breadcrumb\",\"itemListElement\":[{\"@type\":\"ListItem\",\"position\":1,\"name\":\"Hem\",\"item\":\"https:\\\/\\\/lightweb.dev\\\/l\\\/svm-temp\\\/\"},{\"@type\":\"ListItem\",\"position\":2,\"name\":\"M\u00e1laga teknologiska park v\u00e4xer och har nu \u00f6ver 25.000 anst\u00e4llda\"}]},{\"@type\":\"WebSite\",\"@id\":\"https:\\\/\\\/lightweb.dev\\\/l\\\/svm-temp\\\/#website\",\"url\":\"https:\\\/\\\/lightweb.dev\\\/l\\\/svm-temp\\\/\",\"name\":\"Svenska Magasinet\",\"description\":\"Dina Spanska nyheter p&aring; Svenska\",\"publisher\":{\"@id\":\"https:\\\/\\\/lightweb.dev\\\/l\\\/svm-temp\\\/#organization\"},\"potentialAction\":[{\"@type\":\"SearchAction\",\"target\":{\"@type\":\"EntryPoint\",\"urlTemplate\":\"https:\\\/\\\/lightweb.dev\\\/l\\\/svm-temp\\\/?s={search_term_string}\"},\"query-input\":{\"@type\":\"PropertyValueSpecification\",\"valueRequired\":true,\"valueName\":\"search_term_string\"}}],\"inLanguage\":\"sv-SE\"},{\"@type\":\"Organization\",\"@id\":\"https:\\\/\\\/lightweb.dev\\\/l\\\/svm-temp\\\/#organization\",\"name\":\"Melkerson y Nott SL\",\"alternateName\":\"Svenska Magasinet\",\"url\":\"https:\\\/\\\/lightweb.dev\\\/l\\\/svm-temp\\\/\",\"logo\":{\"@type\":\"ImageObject\",\"inLanguage\":\"sv-SE\",\"@id\":\"https:\\\/\\\/lightweb.dev\\\/l\\\/svm-temp\\\/#\\\/schema\\\/logo\\\/image\\\/\",\"url\":\"https:\\\/\\\/lightweb.dev\\\/l\\\/svm-temp\\\/wp-content\\\/uploads\\\/2025\\\/02\\\/SvM-logo-Xtra-Centrerad-SVART.png\",\"contentUrl\":\"https:\\\/\\\/lightweb.dev\\\/l\\\/svm-temp\\\/wp-content\\\/uploads\\\/2025\\\/02\\\/SvM-logo-Xtra-Centrerad-SVART.png\",\"width\":300,\"height\":99,\"caption\":\"Melkerson y Nott SL\"},\"image\":{\"@id\":\"https:\\\/\\\/lightweb.dev\\\/l\\\/svm-temp\\\/#\\\/schema\\\/logo\\\/image\\\/\"},\"sameAs\":[\"https:\\\/\\\/www.facebook.com\\\/svenskamagasinet\",\"https:\\\/\\\/x.com\\\/SvenskaMagasine\"]},{\"@type\":\"Person\",\"@id\":\"https:\\\/\\\/lightweb.dev\\\/l\\\/svm-temp\\\/#\\\/schema\\\/person\\\/caffe038990d25722f5a04a03c906a2b\",\"name\":\"Robbie Eriksson\",\"sameAs\":[\"https:\\\/\\\/lightweb.dev\\\/l\\\/svm-temp\"],\"url\":\"https:\\\/\\\/lightweb.dev\\\/l\\\/svm-temp\\\/reporter\\\/robbie-eriksson\\\/\"}]}<\/script>\n<!-- \/ Yoast SEO Premium plugin. -->","yoast_head_json":{"title":"M\u00e1laga teknologiska park v\u00e4xer och har nu \u00f6ver 25.000 anst\u00e4llda - Svenska Magasinet","robots":{"index":"noindex","follow":"follow","max-snippet":"max-snippet:-1","max-image-preview":"max-image-preview:large","max-video-preview":"max-video-preview:-1"},"og_locale":"sv_SE","og_type":"article","og_title":"M\u00e1laga teknologiska park v\u00e4xer och har nu \u00f6ver 25.000 anst\u00e4llda","og_description":"F\u00f6rra \u00e5ret flyttade 34 nya f\u00f6retag in p\u00e5 M\u00e1laga TechPark och flera sp\u00e4nnande projekt \u00e4r p\u00e5 g\u00e5ng.\u00a0","og_url":"https:\/\/lightweb.dev\/l\/svm-temp\/arkiv\/malaga-teknologiska-park-vaxer-och-har-nu-over-25-000-anstallda\/","og_site_name":"Svenska Magasinet","article_publisher":"https:\/\/www.facebook.com\/svenskamagasinet","article_published_time":"2024-03-26T15:52:02+00:00","article_modified_time":"2024-03-26T21:34:26+00:00","og_image":[{"width":1280,"height":854,"url":"https:\/\/lightweb.dev\/l\/svm-temp\/wp-content\/uploads\/2024\/03\/GJRsxVCW0AAFig6-stor.jpeg","type":"image\/jpeg"}],"author":"Robbie Eriksson","twitter_card":"summary_large_image","twitter_creator":"@SvenskaMagasine","twitter_site":"@SvenskaMagasine","schema":{"@context":"https:\/\/schema.org","@graph":[{"@type":"Article","@id":"https:\/\/lightweb.dev\/l\/svm-temp\/arkiv\/malaga-teknologiska-park-vaxer-och-har-nu-over-25-000-anstallda\/#article","isPartOf":{"@id":"https:\/\/lightweb.dev\/l\/svm-temp\/arkiv\/malaga-teknologiska-park-vaxer-och-har-nu-over-25-000-anstallda\/"},"author":{"name":"Robbie Eriksson","@id":"https:\/\/lightweb.dev\/l\/svm-temp\/#\/schema\/person\/caffe038990d25722f5a04a03c906a2b"},"headline":"M\u00e1laga teknologiska park v\u00e4xer och har nu \u00f6ver 25.000 anst\u00e4llda","datePublished":"2024-03-26T15:52:02+00:00","dateModified":"2024-03-26T21:34:26+00:00","mainEntityOfPage":{"@id":"https:\/\/lightweb.dev\/l\/svm-temp\/arkiv\/malaga-teknologiska-park-vaxer-och-har-nu-over-25-000-anstallda\/"},"wordCount":507,"publisher":{"@id":"https:\/\/lightweb.dev\/l\/svm-temp\/#organization"},"image":{"@id":"https:\/\/lightweb.dev\/l\/svm-temp\/arkiv\/malaga-teknologiska-park-vaxer-och-har-nu-over-25-000-anstallda\/#primaryimage"},"thumbnailUrl":"https:\/\/lightweb.dev\/l\/svm-temp\/wp-content\/uploads\/2024\/03\/GJRsxVCW0AAFig6-stor.jpeg","articleSection":["Arkiv","Artiklar"],"inLanguage":"sv-SE"},{"@type":"WebPage","@id":"https:\/\/lightweb.dev\/l\/svm-temp\/arkiv\/malaga-teknologiska-park-vaxer-och-har-nu-over-25-000-anstallda\/","url":"https:\/\/lightweb.dev\/l\/svm-temp\/arkiv\/malaga-teknologiska-park-vaxer-och-har-nu-over-25-000-anstallda\/","name":"M\u00e1laga teknologiska park v\u00e4xer och har nu \u00f6ver 25.000 anst\u00e4llda - Svenska Magasinet","isPartOf":{"@id":"https:\/\/lightweb.dev\/l\/svm-temp\/#website"},"primaryImageOfPage":{"@id":"https:\/\/lightweb.dev\/l\/svm-temp\/arkiv\/malaga-teknologiska-park-vaxer-och-har-nu-over-25-000-anstallda\/#primaryimage"},"image":{"@id":"https:\/\/lightweb.dev\/l\/svm-temp\/arkiv\/malaga-teknologiska-park-vaxer-och-har-nu-over-25-000-anstallda\/#primaryimage"},"thumbnailUrl":"https:\/\/lightweb.dev\/l\/svm-temp\/wp-content\/uploads\/2024\/03\/GJRsxVCW0AAFig6-stor.jpeg","datePublished":"2024-03-26T15:52:02+00:00","dateModified":"2024-03-26T21:34:26+00:00","breadcrumb":{"@id":"https:\/\/lightweb.dev\/l\/svm-temp\/arkiv\/malaga-teknologiska-park-vaxer-och-har-nu-over-25-000-anstallda\/#breadcrumb"},"inLanguage":"sv-SE","potentialAction":[{"@type":"ReadAction","target":["https:\/\/lightweb.dev\/l\/svm-temp\/arkiv\/malaga-teknologiska-park-vaxer-och-har-nu-over-25-000-anstallda\/"]}]},{"@type":"ImageObject","inLanguage":"sv-SE","@id":"https:\/\/lightweb.dev\/l\/svm-temp\/arkiv\/malaga-teknologiska-park-vaxer-och-har-nu-over-25-000-anstallda\/#primaryimage","url":"https:\/\/lightweb.dev\/l\/svm-temp\/wp-content\/uploads\/2024\/03\/GJRsxVCW0AAFig6-stor.jpeg","contentUrl":"https:\/\/lightweb.dev\/l\/svm-temp\/wp-content\/uploads\/2024\/03\/GJRsxVCW0AAFig6-stor.jpeg","width":1280,"height":854},{"@type":"BreadcrumbList","@id":"https:\/\/lightweb.dev\/l\/svm-temp\/arkiv\/malaga-teknologiska-park-vaxer-och-har-nu-over-25-000-anstallda\/#breadcrumb","itemListElement":[{"@type":"ListItem","position":1,"name":"Hem","item":"https:\/\/lightweb.dev\/l\/svm-temp\/"},{"@type":"ListItem","position":2,"name":"M\u00e1laga teknologiska park v\u00e4xer och har nu \u00f6ver 25.000 anst\u00e4llda"}]},{"@type":"WebSite","@id":"https:\/\/lightweb.dev\/l\/svm-temp\/#website","url":"https:\/\/lightweb.dev\/l\/svm-temp\/","name":"Svenska Magasinet","description":"Dina Spanska nyheter p&aring; Svenska","publisher":{"@id":"https:\/\/lightweb.dev\/l\/svm-temp\/#organization"},"potentialAction":[{"@type":"SearchAction","target":{"@type":"EntryPoint","urlTemplate":"https:\/\/lightweb.dev\/l\/svm-temp\/?s={search_term_string}"},"query-input":{"@type":"PropertyValueSpecification","valueRequired":true,"valueName":"search_term_string"}}],"inLanguage":"sv-SE"},{"@type":"Organization","@id":"https:\/\/lightweb.dev\/l\/svm-temp\/#organization","name":"Melkerson y Nott SL","alternateName":"Svenska Magasinet","url":"https:\/\/lightweb.dev\/l\/svm-temp\/","logo":{"@type":"ImageObject","inLanguage":"sv-SE","@id":"https:\/\/lightweb.dev\/l\/svm-temp\/#\/schema\/logo\/image\/","url":"https:\/\/lightweb.dev\/l\/svm-temp\/wp-content\/uploads\/2025\/02\/SvM-logo-Xtra-Centrerad-SVART.png","contentUrl":"https:\/\/lightweb.dev\/l\/svm-temp\/wp-content\/uploads\/2025\/02\/SvM-logo-Xtra-Centrerad-SVART.png","width":300,"height":99,"caption":"Melkerson y Nott SL"},"image":{"@id":"https:\/\/lightweb.dev\/l\/svm-temp\/#\/schema\/logo\/image\/"},"sameAs":["https:\/\/www.facebook.com\/svenskamagasinet","https:\/\/x.com\/SvenskaMagasine"]},{"@type":"Person","@id":"https:\/\/lightweb.dev\/l\/svm-temp\/#\/schema\/person\/caffe038990d25722f5a04a03c906a2b","name":"Robbie Eriksson","sameAs":["https:\/\/lightweb.dev\/l\/svm-temp"],"url":"https:\/\/lightweb.dev\/l\/svm-temp\/reporter\/robbie-eriksson\/"}]}},"_links":{"self":[{"href":"https:\/\/lightweb.dev\/l\/svm-temp\/wp-json\/wp\/v2\/posts\/70615","targetHints":{"allow":["GET"]}}],"collection":[{"href":"https:\/\/lightweb.dev\/l\/svm-temp\/wp-json\/wp\/v2\/posts"}],"about":[{"href":"https:\/\/lightweb.dev\/l\/svm-temp\/wp-json\/wp\/v2\/types\/post"}],"author":[{"embeddable":true,"href":"https:\/\/lightweb.dev\/l\/svm-temp\/wp-json\/wp\/v2\/users\/14"}],"replies":[{"embeddable":true,"href":"https:\/\/lightweb.dev\/l\/svm-temp\/wp-json\/wp\/v2\/comments?post=70615"}],"version-history":[{"count":0,"href":"https:\/\/lightweb.dev\/l\/svm-temp\/wp-json\/wp\/v2\/posts\/70615\/revisions"}],"wp:featuredmedia":[{"embeddable":true,"href":"https:\/\/lightweb.dev\/l\/svm-temp\/wp-json\/wp\/v2\/media\/70640"}],"wp:attachment":[{"href":"https:\/\/lightweb.dev\/l\/svm-temp\/wp-json\/wp\/v2\/media?parent=70615"}],"wp:term":[{"taxonomy":"category","embeddable":true,"href":"https:\/\/lightweb.dev\/l\/svm-temp\/wp-json\/wp\/v2\/categories?post=70615"},{"taxonomy":"post_tag","embeddable":true,"href":"https:\/\/lightweb.dev\/l\/svm-temp\/wp-json\/wp\/v2\/tags?post=70615"}],"curies":[{"name":"wp","href":"https:\/\/api.w.org\/{rel}","templated":true}]}}