{"id":70656,"date":"2024-03-27T12:54:57","date_gmt":"2024-03-27T11:54:57","guid":{"rendered":"https:\/\/lightweb.dev\/l\/svm-temp\/?p=70656"},"modified":"2024-03-27T12:54:58","modified_gmt":"2024-03-27T11:54:58","slug":"vad-hander-med-det-planerade-sefardiska-centret-i-malaga","status":"publish","type":"post","link":"https:\/\/lightweb.dev\/l\/svm-temp\/artiklar\/kultur\/vad-hander-med-det-planerade-sefardiska-centret-i-malaga\/","title":{"rendered":"Vad h\u00e4nder med det planerade sefardiska centret i M\u00e1laga?"},"content":{"rendered":"<p><strong>Det var planerat f\u00f6r ett sefardiskt center i det gamla judiska kvarteret vid k\u00e4nda El Pimpi i M\u00e1laga. Men efter mer \u00e4n 20 \u00e5r har ingenting h\u00e4nt med bygget av museum och synagoga.<\/strong><\/p>\n<p><strong>Det finns ingenting som tyder p\u00e5 att projektet kommer i g\u00e5ng den n\u00e4rmaste tiden.<\/strong><\/p>\n<p>Sommaren 2017 presenterade det judiska samfundet ett projekt f\u00f6r kommunfullm\u00e4ktige. \u00c5ret d\u00e4rp\u00e5 inleddes proceduren med att f\u00e5 bygglov fr\u00e5n kommunen.<\/p>\n<div id=\"attachment_70658\" style=\"width: 310px\" class=\"wp-caption alignleft\"><img loading=\"lazy\" decoding=\"async\" aria-describedby=\"caption-attachment-70658\" class=\"size-medium wp-image-70658\" src=\"https:\/\/lightweb.dev\/l\/svm-temp\/wp-content\/uploads\/2024\/03\/3ca8fe99-d56e-444e-aae1-97c1f143bfeb_16-9-aspect-ratio_75p_0-stor-300x169.jpeg\" alt=\"\" width=\"300\" height=\"169\" srcset=\"https:\/\/lightweb.dev\/l\/svm-temp\/wp-content\/uploads\/2024\/03\/3ca8fe99-d56e-444e-aae1-97c1f143bfeb_16-9-aspect-ratio_75p_0-stor-300x169.jpeg 300w, https:\/\/lightweb.dev\/l\/svm-temp\/wp-content\/uploads\/2024\/03\/3ca8fe99-d56e-444e-aae1-97c1f143bfeb_16-9-aspect-ratio_75p_0-stor-610x343.jpeg 610w, https:\/\/lightweb.dev\/l\/svm-temp\/wp-content\/uploads\/2024\/03\/3ca8fe99-d56e-444e-aae1-97c1f143bfeb_16-9-aspect-ratio_75p_0-stor-600x337.jpeg 600w, https:\/\/lightweb.dev\/l\/svm-temp\/wp-content\/uploads\/2024\/03\/3ca8fe99-d56e-444e-aae1-97c1f143bfeb_16-9-aspect-ratio_75p_0-stor.jpeg 660w\" sizes=\"(max-width: 300px) 100vw, 300px\" \/><p id=\"caption-attachment-70658\" class=\"wp-caption-text\">Det planerade sefardiska centret.<\/p><\/div>\n<p>Efter att arkeologiska unders\u00f6kningar genomf\u00f6rts uppt\u00e4cktes romerska fornl\u00e4mningar p\u00e5 tomten som ligger bakom den v\u00e4lk\u00e4nda restaurangen El Pimpi. Och sedan har ingenting h\u00e4nt.<\/p>\n<p>Forskaren och arkeologen Alberto Cumpi\u00e1n vid f\u00f6retaget Arqueosur uppt\u00e4ckte p\u00e5 platsen gamla romerska bad, k\u00e4nda som \u201dhipocausto\u201d som anv\u00e4ndes i antiken som en form av bastu och varmvattenbad. Badinr\u00e4ttningen \u00e4r fr\u00e5n 100- eller 200-talet.<\/p>\n<h2 class=\"entry-title\">L\u00e4s mer: <a href=\"https:\/\/lightweb.dev\/l\/svm-temp\/artiklar\/reportage\/arvet-efter-de-sefardiska-judarna\/\">Arvet efter de sefardiska judarna<\/a><\/h2>\n<p>Det gamla romerska badet m\u00e5ste byggas in och bevaras i det planerade sefardiska museet, skriver <a href=\"https:\/\/www.diariosur.es\/malaga-capital\/pasa-proyecto-centro-sefardi-junto-pimpi-dialogo-20240216112007-nt.html\">Diario Sur<\/a> som uppm\u00e4rksammar f\u00f6rseningen med projektet.<\/p>\n<div id=\"attachment_70659\" style=\"width: 310px\" class=\"wp-caption alignleft\"><img loading=\"lazy\" decoding=\"async\" aria-describedby=\"caption-attachment-70659\" class=\"size-medium wp-image-70659\" src=\"https:\/\/lightweb.dev\/l\/svm-temp\/wp-content\/uploads\/2024\/03\/DSC_5550-stor-300x201.jpeg\" alt=\"\" width=\"300\" height=\"201\" srcset=\"https:\/\/lightweb.dev\/l\/svm-temp\/wp-content\/uploads\/2024\/03\/DSC_5550-stor-300x201.jpeg 300w, https:\/\/lightweb.dev\/l\/svm-temp\/wp-content\/uploads\/2024\/03\/DSC_5550-stor-900x603.jpeg 900w, https:\/\/lightweb.dev\/l\/svm-temp\/wp-content\/uploads\/2024\/03\/DSC_5550-stor-768x514.jpeg 768w, https:\/\/lightweb.dev\/l\/svm-temp\/wp-content\/uploads\/2024\/03\/DSC_5550-stor-610x408.jpeg 610w, https:\/\/lightweb.dev\/l\/svm-temp\/wp-content\/uploads\/2024\/03\/DSC_5550-stor-1080x723.jpeg 1080w, https:\/\/lightweb.dev\/l\/svm-temp\/wp-content\/uploads\/2024\/03\/DSC_5550-stor-600x402.jpeg 600w, https:\/\/lightweb.dev\/l\/svm-temp\/wp-content\/uploads\/2024\/03\/DSC_5550-stor.jpeg 1280w\" sizes=\"(max-width: 300px) 100vw, 300px\" \/><p id=\"caption-attachment-70659\" class=\"wp-caption-text\">Till v\u00e4nster mitt emot den romerska teatern i M\u00e1laga ligger de judiska kvarteren.<\/p><\/div>\n<p>Enligt stadsplaneringen som tidningen h\u00e4nvisar till v\u00e4ntar kommunen p\u00e5 att projektet modifieras s\u00e5 att det romerska badet bevaras.<\/p>\n<p>Fram till att spadarna s\u00e4tts i jorden forts\u00e4tter \u00f6detomten att inh\u00e4gnas av st\u00f6rre plank. M\u00e4ngder av turister passerar dagligen platsen och fr\u00e5gar sig n\u00e4r projektet ska bli en verklighet.<\/p>\n","protected":false},"excerpt":{"rendered":"<p>Det var planerat f\u00f6r ett sefardiskt center i det gamla judiska kvarteret vid k\u00e4nda El Pimpi i M\u00e1laga. Men efter mer \u00e4n 20 \u00e5r har ingenting h\u00e4nt med bygget av museum och synagoga&#8230;<\/p>\n","protected":false},"author":7,"featured_media":70657,"comment_status":"closed","ping_status":"closed","sticky":false,"template":"","format":"standard","meta":{"_et_pb_use_builder":"","_et_pb_old_content":"","_et_gb_content_width":"","footnotes":""},"categories":[4,45],"tags":[],"class_list":["post-70656","post","type-post","status-publish","format-standard","has-post-thumbnail","hentry","category-artiklar","category-kultur"],"yoast_head":"<!-- This site is optimized with the Yoast SEO Premium plugin v26.2 (Yoast SEO v27.5) - https:\/\/yoast.com\/product\/yoast-seo-premium-wordpress\/ -->\n<title>Vad h\u00e4nder med det planerade sefardiska centret i M\u00e1laga? - Svenska Magasinet<\/title>\n<meta name=\"description\" content=\"Det var planerat f\u00f6r ett sefardiskt center i det gamla judiska kvarteret vid k\u00e4nda El Pimpi i M\u00e1laga. Men efter mer \u00e4n 20 \u00e5r har ingenting h\u00e4nt med bygget av museum och synagoga. Det finns ingenting som tyder p\u00e5 att projektet kommer i g\u00e5ng den n\u00e4rmaste tiden.\" \/>\n<meta name=\"robots\" content=\"noindex, follow, max-snippet:-1, max-image-preview:large, max-video-preview:-1\" \/>\n<meta property=\"og:locale\" content=\"sv_SE\" \/>\n<meta property=\"og:type\" content=\"article\" \/>\n<meta property=\"og:title\" content=\"Vad h\u00e4nder med det planerade sefardiska centret i M\u00e1laga?\" \/>\n<meta property=\"og:description\" content=\"Det var planerat f\u00f6r ett sefardiskt center i det gamla judiska kvarteret vid k\u00e4nda El Pimpi i M\u00e1laga. Men efter mer \u00e4n 20 \u00e5r har ingenting h\u00e4nt med bygget av museum och synagoga. Det finns ingenting som tyder p\u00e5 att projektet kommer i g\u00e5ng den n\u00e4rmaste tiden.\" \/>\n<meta property=\"og:url\" content=\"https:\/\/lightweb.dev\/l\/svm-temp\/artiklar\/kultur\/vad-hander-med-det-planerade-sefardiska-centret-i-malaga\/\" \/>\n<meta property=\"og:site_name\" content=\"Svenska Magasinet\" \/>\n<meta property=\"article:publisher\" content=\"https:\/\/www.facebook.com\/svenskamagasinet\" \/>\n<meta property=\"article:published_time\" content=\"2024-03-27T11:54:57+00:00\" \/>\n<meta property=\"article:modified_time\" content=\"2024-03-27T11:54:58+00:00\" \/>\n<meta property=\"og:image\" content=\"https:\/\/lightweb.dev\/l\/svm-temp\/wp-content\/uploads\/2024\/03\/DSC_2197-stor.jpeg\" \/>\n\t<meta property=\"og:image:width\" content=\"1280\" \/>\n\t<meta property=\"og:image:height\" content=\"857\" \/>\n\t<meta property=\"og:image:type\" content=\"image\/jpeg\" \/>\n<meta name=\"author\" content=\"Ola Josefsson\" \/>\n<meta name=\"twitter:card\" content=\"summary_large_image\" \/>\n<meta name=\"twitter:creator\" content=\"@SvenskaMagasine\" \/>\n<meta name=\"twitter:site\" content=\"@SvenskaMagasine\" \/>\n<script type=\"application\/ld+json\" class=\"yoast-schema-graph\">{\"@context\":\"https:\\\/\\\/schema.org\",\"@graph\":[{\"@type\":\"Article\",\"@id\":\"https:\\\/\\\/lightweb.dev\\\/l\\\/svm-temp\\\/artiklar\\\/kultur\\\/vad-hander-med-det-planerade-sefardiska-centret-i-malaga\\\/#article\",\"isPartOf\":{\"@id\":\"https:\\\/\\\/lightweb.dev\\\/l\\\/svm-temp\\\/artiklar\\\/kultur\\\/vad-hander-med-det-planerade-sefardiska-centret-i-malaga\\\/\"},\"author\":{\"name\":\"Ola Josefsson\",\"@id\":\"https:\\\/\\\/lightweb.dev\\\/l\\\/svm-temp\\\/#\\\/schema\\\/person\\\/7a82b8a73d171d32360a564b6d03508e\"},\"headline\":\"Vad h\u00e4nder med det planerade sefardiska centret i M\u00e1laga?\",\"datePublished\":\"2024-03-27T11:54:57+00:00\",\"dateModified\":\"2024-03-27T11:54:58+00:00\",\"mainEntityOfPage\":{\"@id\":\"https:\\\/\\\/lightweb.dev\\\/l\\\/svm-temp\\\/artiklar\\\/kultur\\\/vad-hander-med-det-planerade-sefardiska-centret-i-malaga\\\/\"},\"wordCount\":279,\"publisher\":{\"@id\":\"https:\\\/\\\/lightweb.dev\\\/l\\\/svm-temp\\\/#organization\"},\"image\":{\"@id\":\"https:\\\/\\\/lightweb.dev\\\/l\\\/svm-temp\\\/artiklar\\\/kultur\\\/vad-hander-med-det-planerade-sefardiska-centret-i-malaga\\\/#primaryimage\"},\"thumbnailUrl\":\"https:\\\/\\\/lightweb.dev\\\/l\\\/svm-temp\\\/wp-content\\\/uploads\\\/2024\\\/03\\\/DSC_2197-stor.jpeg\",\"articleSection\":[\"Artiklar\",\"Kultur &amp; historia\"],\"inLanguage\":\"sv-SE\"},{\"@type\":\"WebPage\",\"@id\":\"https:\\\/\\\/lightweb.dev\\\/l\\\/svm-temp\\\/artiklar\\\/kultur\\\/vad-hander-med-det-planerade-sefardiska-centret-i-malaga\\\/\",\"url\":\"https:\\\/\\\/lightweb.dev\\\/l\\\/svm-temp\\\/artiklar\\\/kultur\\\/vad-hander-med-det-planerade-sefardiska-centret-i-malaga\\\/\",\"name\":\"Vad h\u00e4nder med det planerade sefardiska centret i M\u00e1laga? - Svenska Magasinet\",\"isPartOf\":{\"@id\":\"https:\\\/\\\/lightweb.dev\\\/l\\\/svm-temp\\\/#website\"},\"primaryImageOfPage\":{\"@id\":\"https:\\\/\\\/lightweb.dev\\\/l\\\/svm-temp\\\/artiklar\\\/kultur\\\/vad-hander-med-det-planerade-sefardiska-centret-i-malaga\\\/#primaryimage\"},\"image\":{\"@id\":\"https:\\\/\\\/lightweb.dev\\\/l\\\/svm-temp\\\/artiklar\\\/kultur\\\/vad-hander-med-det-planerade-sefardiska-centret-i-malaga\\\/#primaryimage\"},\"thumbnailUrl\":\"https:\\\/\\\/lightweb.dev\\\/l\\\/svm-temp\\\/wp-content\\\/uploads\\\/2024\\\/03\\\/DSC_2197-stor.jpeg\",\"datePublished\":\"2024-03-27T11:54:57+00:00\",\"dateModified\":\"2024-03-27T11:54:58+00:00\",\"description\":\"Det var planerat f\u00f6r ett sefardiskt center i det gamla judiska kvarteret vid k\u00e4nda El Pimpi i M\u00e1laga. Men efter mer \u00e4n 20 \u00e5r har ingenting h\u00e4nt med bygget av museum och synagoga. Det finns ingenting som tyder p\u00e5 att projektet kommer i g\u00e5ng den n\u00e4rmaste tiden.\",\"breadcrumb\":{\"@id\":\"https:\\\/\\\/lightweb.dev\\\/l\\\/svm-temp\\\/artiklar\\\/kultur\\\/vad-hander-med-det-planerade-sefardiska-centret-i-malaga\\\/#breadcrumb\"},\"inLanguage\":\"sv-SE\",\"potentialAction\":[{\"@type\":\"ReadAction\",\"target\":[\"https:\\\/\\\/lightweb.dev\\\/l\\\/svm-temp\\\/artiklar\\\/kultur\\\/vad-hander-med-det-planerade-sefardiska-centret-i-malaga\\\/\"]}]},{\"@type\":\"ImageObject\",\"inLanguage\":\"sv-SE\",\"@id\":\"https:\\\/\\\/lightweb.dev\\\/l\\\/svm-temp\\\/artiklar\\\/kultur\\\/vad-hander-med-det-planerade-sefardiska-centret-i-malaga\\\/#primaryimage\",\"url\":\"https:\\\/\\\/lightweb.dev\\\/l\\\/svm-temp\\\/wp-content\\\/uploads\\\/2024\\\/03\\\/DSC_2197-stor.jpeg\",\"contentUrl\":\"https:\\\/\\\/lightweb.dev\\\/l\\\/svm-temp\\\/wp-content\\\/uploads\\\/2024\\\/03\\\/DSC_2197-stor.jpeg\",\"width\":1280,\"height\":857,\"caption\":\"Tomten d\u00e4r sefardiska centret ska byggas \u00e4r omg\u00e4rdat av st\u00f6rre plank. Nyfikna bes\u00f6kare undrar vad som ska bli h\u00e4r.\"},{\"@type\":\"BreadcrumbList\",\"@id\":\"https:\\\/\\\/lightweb.dev\\\/l\\\/svm-temp\\\/artiklar\\\/kultur\\\/vad-hander-med-det-planerade-sefardiska-centret-i-malaga\\\/#breadcrumb\",\"itemListElement\":[{\"@type\":\"ListItem\",\"position\":1,\"name\":\"Hem\",\"item\":\"https:\\\/\\\/lightweb.dev\\\/l\\\/svm-temp\\\/\"},{\"@type\":\"ListItem\",\"position\":2,\"name\":\"Vad h\u00e4nder med det planerade sefardiska centret i M\u00e1laga?\"}]},{\"@type\":\"WebSite\",\"@id\":\"https:\\\/\\\/lightweb.dev\\\/l\\\/svm-temp\\\/#website\",\"url\":\"https:\\\/\\\/lightweb.dev\\\/l\\\/svm-temp\\\/\",\"name\":\"Svenska Magasinet\",\"description\":\"Dina Spanska nyheter p&aring; Svenska\",\"publisher\":{\"@id\":\"https:\\\/\\\/lightweb.dev\\\/l\\\/svm-temp\\\/#organization\"},\"potentialAction\":[{\"@type\":\"SearchAction\",\"target\":{\"@type\":\"EntryPoint\",\"urlTemplate\":\"https:\\\/\\\/lightweb.dev\\\/l\\\/svm-temp\\\/?s={search_term_string}\"},\"query-input\":{\"@type\":\"PropertyValueSpecification\",\"valueRequired\":true,\"valueName\":\"search_term_string\"}}],\"inLanguage\":\"sv-SE\"},{\"@type\":\"Organization\",\"@id\":\"https:\\\/\\\/lightweb.dev\\\/l\\\/svm-temp\\\/#organization\",\"name\":\"Melkerson y Nott SL\",\"alternateName\":\"Svenska Magasinet\",\"url\":\"https:\\\/\\\/lightweb.dev\\\/l\\\/svm-temp\\\/\",\"logo\":{\"@type\":\"ImageObject\",\"inLanguage\":\"sv-SE\",\"@id\":\"https:\\\/\\\/lightweb.dev\\\/l\\\/svm-temp\\\/#\\\/schema\\\/logo\\\/image\\\/\",\"url\":\"https:\\\/\\\/lightweb.dev\\\/l\\\/svm-temp\\\/wp-content\\\/uploads\\\/2025\\\/02\\\/SvM-logo-Xtra-Centrerad-SVART.png\",\"contentUrl\":\"https:\\\/\\\/lightweb.dev\\\/l\\\/svm-temp\\\/wp-content\\\/uploads\\\/2025\\\/02\\\/SvM-logo-Xtra-Centrerad-SVART.png\",\"width\":300,\"height\":99,\"caption\":\"Melkerson y Nott SL\"},\"image\":{\"@id\":\"https:\\\/\\\/lightweb.dev\\\/l\\\/svm-temp\\\/#\\\/schema\\\/logo\\\/image\\\/\"},\"sameAs\":[\"https:\\\/\\\/www.facebook.com\\\/svenskamagasinet\",\"https:\\\/\\\/x.com\\\/SvenskaMagasine\"]},{\"@type\":\"Person\",\"@id\":\"https:\\\/\\\/lightweb.dev\\\/l\\\/svm-temp\\\/#\\\/schema\\\/person\\\/7a82b8a73d171d32360a564b6d03508e\",\"name\":\"Ola Josefsson\",\"description\":\"Bevakar Solkusten och Spanien sedan 1994.\",\"sameAs\":[\"https:\\\/\\\/lightweb.dev\\\/l\\\/svm-temp\"],\"url\":\"https:\\\/\\\/lightweb.dev\\\/l\\\/svm-temp\\\/reporter\\\/ola-josefsson\\\/\"}]}<\/script>\n<!-- \/ Yoast SEO Premium plugin. -->","yoast_head_json":{"title":"Vad h\u00e4nder med det planerade sefardiska centret i M\u00e1laga? - Svenska Magasinet","description":"Det var planerat f\u00f6r ett sefardiskt center i det gamla judiska kvarteret vid k\u00e4nda El Pimpi i M\u00e1laga. Men efter mer \u00e4n 20 \u00e5r har ingenting h\u00e4nt med bygget av museum och synagoga. Det finns ingenting som tyder p\u00e5 att projektet kommer i g\u00e5ng den n\u00e4rmaste tiden.","robots":{"index":"noindex","follow":"follow","max-snippet":"max-snippet:-1","max-image-preview":"max-image-preview:large","max-video-preview":"max-video-preview:-1"},"og_locale":"sv_SE","og_type":"article","og_title":"Vad h\u00e4nder med det planerade sefardiska centret i M\u00e1laga?","og_description":"Det var planerat f\u00f6r ett sefardiskt center i det gamla judiska kvarteret vid k\u00e4nda El Pimpi i M\u00e1laga. Men efter mer \u00e4n 20 \u00e5r har ingenting h\u00e4nt med bygget av museum och synagoga. Det finns ingenting som tyder p\u00e5 att projektet kommer i g\u00e5ng den n\u00e4rmaste tiden.","og_url":"https:\/\/lightweb.dev\/l\/svm-temp\/artiklar\/kultur\/vad-hander-med-det-planerade-sefardiska-centret-i-malaga\/","og_site_name":"Svenska Magasinet","article_publisher":"https:\/\/www.facebook.com\/svenskamagasinet","article_published_time":"2024-03-27T11:54:57+00:00","article_modified_time":"2024-03-27T11:54:58+00:00","og_image":[{"width":1280,"height":857,"url":"https:\/\/lightweb.dev\/l\/svm-temp\/wp-content\/uploads\/2024\/03\/DSC_2197-stor.jpeg","type":"image\/jpeg"}],"author":"Ola Josefsson","twitter_card":"summary_large_image","twitter_creator":"@SvenskaMagasine","twitter_site":"@SvenskaMagasine","schema":{"@context":"https:\/\/schema.org","@graph":[{"@type":"Article","@id":"https:\/\/lightweb.dev\/l\/svm-temp\/artiklar\/kultur\/vad-hander-med-det-planerade-sefardiska-centret-i-malaga\/#article","isPartOf":{"@id":"https:\/\/lightweb.dev\/l\/svm-temp\/artiklar\/kultur\/vad-hander-med-det-planerade-sefardiska-centret-i-malaga\/"},"author":{"name":"Ola Josefsson","@id":"https:\/\/lightweb.dev\/l\/svm-temp\/#\/schema\/person\/7a82b8a73d171d32360a564b6d03508e"},"headline":"Vad h\u00e4nder med det planerade sefardiska centret i M\u00e1laga?","datePublished":"2024-03-27T11:54:57+00:00","dateModified":"2024-03-27T11:54:58+00:00","mainEntityOfPage":{"@id":"https:\/\/lightweb.dev\/l\/svm-temp\/artiklar\/kultur\/vad-hander-med-det-planerade-sefardiska-centret-i-malaga\/"},"wordCount":279,"publisher":{"@id":"https:\/\/lightweb.dev\/l\/svm-temp\/#organization"},"image":{"@id":"https:\/\/lightweb.dev\/l\/svm-temp\/artiklar\/kultur\/vad-hander-med-det-planerade-sefardiska-centret-i-malaga\/#primaryimage"},"thumbnailUrl":"https:\/\/lightweb.dev\/l\/svm-temp\/wp-content\/uploads\/2024\/03\/DSC_2197-stor.jpeg","articleSection":["Artiklar","Kultur &amp; historia"],"inLanguage":"sv-SE"},{"@type":"WebPage","@id":"https:\/\/lightweb.dev\/l\/svm-temp\/artiklar\/kultur\/vad-hander-med-det-planerade-sefardiska-centret-i-malaga\/","url":"https:\/\/lightweb.dev\/l\/svm-temp\/artiklar\/kultur\/vad-hander-med-det-planerade-sefardiska-centret-i-malaga\/","name":"Vad h\u00e4nder med det planerade sefardiska centret i M\u00e1laga? - Svenska Magasinet","isPartOf":{"@id":"https:\/\/lightweb.dev\/l\/svm-temp\/#website"},"primaryImageOfPage":{"@id":"https:\/\/lightweb.dev\/l\/svm-temp\/artiklar\/kultur\/vad-hander-med-det-planerade-sefardiska-centret-i-malaga\/#primaryimage"},"image":{"@id":"https:\/\/lightweb.dev\/l\/svm-temp\/artiklar\/kultur\/vad-hander-med-det-planerade-sefardiska-centret-i-malaga\/#primaryimage"},"thumbnailUrl":"https:\/\/lightweb.dev\/l\/svm-temp\/wp-content\/uploads\/2024\/03\/DSC_2197-stor.jpeg","datePublished":"2024-03-27T11:54:57+00:00","dateModified":"2024-03-27T11:54:58+00:00","description":"Det var planerat f\u00f6r ett sefardiskt center i det gamla judiska kvarteret vid k\u00e4nda El Pimpi i M\u00e1laga. Men efter mer \u00e4n 20 \u00e5r har ingenting h\u00e4nt med bygget av museum och synagoga. Det finns ingenting som tyder p\u00e5 att projektet kommer i g\u00e5ng den n\u00e4rmaste tiden.","breadcrumb":{"@id":"https:\/\/lightweb.dev\/l\/svm-temp\/artiklar\/kultur\/vad-hander-med-det-planerade-sefardiska-centret-i-malaga\/#breadcrumb"},"inLanguage":"sv-SE","potentialAction":[{"@type":"ReadAction","target":["https:\/\/lightweb.dev\/l\/svm-temp\/artiklar\/kultur\/vad-hander-med-det-planerade-sefardiska-centret-i-malaga\/"]}]},{"@type":"ImageObject","inLanguage":"sv-SE","@id":"https:\/\/lightweb.dev\/l\/svm-temp\/artiklar\/kultur\/vad-hander-med-det-planerade-sefardiska-centret-i-malaga\/#primaryimage","url":"https:\/\/lightweb.dev\/l\/svm-temp\/wp-content\/uploads\/2024\/03\/DSC_2197-stor.jpeg","contentUrl":"https:\/\/lightweb.dev\/l\/svm-temp\/wp-content\/uploads\/2024\/03\/DSC_2197-stor.jpeg","width":1280,"height":857,"caption":"Tomten d\u00e4r sefardiska centret ska byggas \u00e4r omg\u00e4rdat av st\u00f6rre plank. Nyfikna bes\u00f6kare undrar vad som ska bli h\u00e4r."},{"@type":"BreadcrumbList","@id":"https:\/\/lightweb.dev\/l\/svm-temp\/artiklar\/kultur\/vad-hander-med-det-planerade-sefardiska-centret-i-malaga\/#breadcrumb","itemListElement":[{"@type":"ListItem","position":1,"name":"Hem","item":"https:\/\/lightweb.dev\/l\/svm-temp\/"},{"@type":"ListItem","position":2,"name":"Vad h\u00e4nder med det planerade sefardiska centret i M\u00e1laga?"}]},{"@type":"WebSite","@id":"https:\/\/lightweb.dev\/l\/svm-temp\/#website","url":"https:\/\/lightweb.dev\/l\/svm-temp\/","name":"Svenska Magasinet","description":"Dina Spanska nyheter p&aring; Svenska","publisher":{"@id":"https:\/\/lightweb.dev\/l\/svm-temp\/#organization"},"potentialAction":[{"@type":"SearchAction","target":{"@type":"EntryPoint","urlTemplate":"https:\/\/lightweb.dev\/l\/svm-temp\/?s={search_term_string}"},"query-input":{"@type":"PropertyValueSpecification","valueRequired":true,"valueName":"search_term_string"}}],"inLanguage":"sv-SE"},{"@type":"Organization","@id":"https:\/\/lightweb.dev\/l\/svm-temp\/#organization","name":"Melkerson y Nott SL","alternateName":"Svenska Magasinet","url":"https:\/\/lightweb.dev\/l\/svm-temp\/","logo":{"@type":"ImageObject","inLanguage":"sv-SE","@id":"https:\/\/lightweb.dev\/l\/svm-temp\/#\/schema\/logo\/image\/","url":"https:\/\/lightweb.dev\/l\/svm-temp\/wp-content\/uploads\/2025\/02\/SvM-logo-Xtra-Centrerad-SVART.png","contentUrl":"https:\/\/lightweb.dev\/l\/svm-temp\/wp-content\/uploads\/2025\/02\/SvM-logo-Xtra-Centrerad-SVART.png","width":300,"height":99,"caption":"Melkerson y Nott SL"},"image":{"@id":"https:\/\/lightweb.dev\/l\/svm-temp\/#\/schema\/logo\/image\/"},"sameAs":["https:\/\/www.facebook.com\/svenskamagasinet","https:\/\/x.com\/SvenskaMagasine"]},{"@type":"Person","@id":"https:\/\/lightweb.dev\/l\/svm-temp\/#\/schema\/person\/7a82b8a73d171d32360a564b6d03508e","name":"Ola Josefsson","description":"Bevakar Solkusten och Spanien sedan 1994.","sameAs":["https:\/\/lightweb.dev\/l\/svm-temp"],"url":"https:\/\/lightweb.dev\/l\/svm-temp\/reporter\/ola-josefsson\/"}]}},"_links":{"self":[{"href":"https:\/\/lightweb.dev\/l\/svm-temp\/wp-json\/wp\/v2\/posts\/70656","targetHints":{"allow":["GET"]}}],"collection":[{"href":"https:\/\/lightweb.dev\/l\/svm-temp\/wp-json\/wp\/v2\/posts"}],"about":[{"href":"https:\/\/lightweb.dev\/l\/svm-temp\/wp-json\/wp\/v2\/types\/post"}],"author":[{"embeddable":true,"href":"https:\/\/lightweb.dev\/l\/svm-temp\/wp-json\/wp\/v2\/users\/7"}],"replies":[{"embeddable":true,"href":"https:\/\/lightweb.dev\/l\/svm-temp\/wp-json\/wp\/v2\/comments?post=70656"}],"version-history":[{"count":0,"href":"https:\/\/lightweb.dev\/l\/svm-temp\/wp-json\/wp\/v2\/posts\/70656\/revisions"}],"wp:featuredmedia":[{"embeddable":true,"href":"https:\/\/lightweb.dev\/l\/svm-temp\/wp-json\/wp\/v2\/media\/70657"}],"wp:attachment":[{"href":"https:\/\/lightweb.dev\/l\/svm-temp\/wp-json\/wp\/v2\/media?parent=70656"}],"wp:term":[{"taxonomy":"category","embeddable":true,"href":"https:\/\/lightweb.dev\/l\/svm-temp\/wp-json\/wp\/v2\/categories?post=70656"},{"taxonomy":"post_tag","embeddable":true,"href":"https:\/\/lightweb.dev\/l\/svm-temp\/wp-json\/wp\/v2\/tags?post=70656"}],"curies":[{"name":"wp","href":"https:\/\/api.w.org\/{rel}","templated":true}]}}