{"id":70983,"date":"2024-04-08T01:09:38","date_gmt":"2024-04-07T23:09:38","guid":{"rendered":"https:\/\/lightweb.dev\/l\/svm-temp\/?p=70983"},"modified":"2024-04-08T12:15:57","modified_gmt":"2024-04-08T10:15:57","slug":"svenskt-coverband-spelade-i-marbella","status":"publish","type":"post","link":"https:\/\/lightweb.dev\/l\/svm-temp\/artiklar\/svenskt-coverband-spelade-i-marbella\/","title":{"rendered":"Svenskt coverband spelade i Marbella"},"content":{"rendered":"<p><strong>Tisdagen den 26 mars spelade svenska coverbandet Run 4 Covers \u00e4nnu en g\u00e5ng p\u00e5 irl\u00e4ndska puben Claddagh i centrala Marbella.<\/strong><\/p>\n<p><img loading=\"lazy\" decoding=\"async\" class=\"size-medium wp-image-70985 alignleft\" src=\"https:\/\/lightweb.dev\/l\/svm-temp\/wp-content\/uploads\/2024\/04\/IMG_7253-stor-225x300.jpeg\" alt=\"\" width=\"225\" height=\"300\" srcset=\"https:\/\/lightweb.dev\/l\/svm-temp\/wp-content\/uploads\/2024\/04\/IMG_7253-stor-225x300.jpeg 225w, https:\/\/lightweb.dev\/l\/svm-temp\/wp-content\/uploads\/2024\/04\/IMG_7253-stor-675x900.jpeg 675w, https:\/\/lightweb.dev\/l\/svm-temp\/wp-content\/uploads\/2024\/04\/IMG_7253-stor-768x1024.jpeg 768w, https:\/\/lightweb.dev\/l\/svm-temp\/wp-content\/uploads\/2024\/04\/IMG_7253-stor-610x813.jpeg 610w, https:\/\/lightweb.dev\/l\/svm-temp\/wp-content\/uploads\/2024\/04\/IMG_7253-stor-600x800.jpeg 600w, https:\/\/lightweb.dev\/l\/svm-temp\/wp-content\/uploads\/2024\/04\/IMG_7253-stor.jpeg 960w\" sizes=\"(max-width: 225px) 100vw, 225px\" \/><\/p>\n<p>St\u00e4llet var packat till bristningsgr\u00e4nsen med publik fr\u00e5n Sverige (f\u00f6rst\u00e5s) men ocks\u00e5 fr\u00e5n Ukraina, Ecuador, Spanien, Storbritannien, Danmark och Irland. Alla var d\u00e4r, helt enkelt&#8230;<\/p>\n<p>En helt vanlig tisdag i Marbella bj\u00f6ds vi p\u00e5 rock\u2019n\u2019roll fr\u00e5n artister som Tina Turner, Van Morrison, Bruce Springsteen, ABBA, Coldplay m fl.<\/p>\n<p>Anders L\u00f6nn\u00f6, f d \u00f6veringenj\u00f6r p\u00e5 FMV, tog initiativet till ett svenskt coverband p\u00e5 solkusten och satte samman bandet i h\u00f6stas som ett av hans m\u00e5nga hobbymusikprojekt.<\/p>\n<p>H\u00e4r ing\u00e5r ocks\u00e5 Henrik Bergstr\u00f6m och Hans Sj\u00f6str\u00f6m som b\u00e5da har bost\u00e4der i Estepona.<\/p>\n<p>V\u00e4lk\u00e4nda s\u00e5ngerskan Monica Silverstrand har bott i Marbella i snart 13 \u00e5r.<\/p>\n<p><img loading=\"lazy\" decoding=\"async\" class=\"size-medium wp-image-70986 alignleft\" src=\"https:\/\/lightweb.dev\/l\/svm-temp\/wp-content\/uploads\/2024\/04\/IMG_7259-stor-300x225.jpeg\" alt=\"\" width=\"300\" height=\"225\" srcset=\"https:\/\/lightweb.dev\/l\/svm-temp\/wp-content\/uploads\/2024\/04\/IMG_7259-stor-300x225.jpeg 300w, https:\/\/lightweb.dev\/l\/svm-temp\/wp-content\/uploads\/2024\/04\/IMG_7259-stor-900x675.jpeg 900w, https:\/\/lightweb.dev\/l\/svm-temp\/wp-content\/uploads\/2024\/04\/IMG_7259-stor-768x576.jpeg 768w, https:\/\/lightweb.dev\/l\/svm-temp\/wp-content\/uploads\/2024\/04\/IMG_7259-stor-610x458.jpeg 610w, https:\/\/lightweb.dev\/l\/svm-temp\/wp-content\/uploads\/2024\/04\/IMG_7259-stor-1080x810.jpeg 1080w, https:\/\/lightweb.dev\/l\/svm-temp\/wp-content\/uploads\/2024\/04\/IMG_7259-stor-600x450.jpeg 600w, https:\/\/lightweb.dev\/l\/svm-temp\/wp-content\/uploads\/2024\/04\/IMG_7259-stor.jpeg 1280w\" sizes=\"(max-width: 300px) 100vw, 300px\" \/><\/p>\n<p>Tillsammans med vinterboende svenskar har bandet Run for Covers startats av en enda anledning: att erbjuda en kul kv\u00e4ll medhederlig rock\u2019n\u2019roll och bra livemusik till alla h\u00e4rliga m\u00e4nniskor som delar k\u00e4rleken till musiken.<\/p>\n<p>\u201dEn helt igenom lyckad och uppskattad kv\u00e4ll fr\u00e5n alla h\u00e5ll. Vi ses igen i h\u00f6st!\u201d<\/p>\n","protected":false},"excerpt":{"rendered":"<p>Tisdagen den 26 mars spelade svenska coverbandet Run 4 Covers \u00e4nnu en g\u00e5ng p\u00e5 irl\u00e4ndska puben Claddagh i centrala Marbella&#8230;<\/p>\n","protected":false},"author":8,"featured_media":70984,"comment_status":"closed","ping_status":"closed","sticky":false,"template":"","format":"standard","meta":{"_et_pb_use_builder":"","_et_pb_old_content":"","_et_gb_content_width":"","footnotes":""},"categories":[396,4],"tags":[],"class_list":["post-70983","post","type-post","status-publish","format-standard","has-post-thumbnail","hentry","category-arkiv-artiklar","category-artiklar"],"yoast_head":"<!-- This site is optimized with the Yoast SEO Premium plugin v26.2 (Yoast SEO v27.5) - https:\/\/yoast.com\/product\/yoast-seo-premium-wordpress\/ -->\n<title>Svenskt coverband spelade i Marbella - Svenska Magasinet<\/title>\n<meta name=\"description\" content=\"Tisdagen den 26 mars spelade svenska coverbandet Run 4 Covers \u00e4nnu en g\u00e5ng p\u00e5 irl\u00e4ndska puben Claddagh i centrala Marbella.\" \/>\n<meta name=\"robots\" content=\"noindex, follow, max-snippet:-1, max-image-preview:large, max-video-preview:-1\" \/>\n<meta property=\"og:locale\" content=\"sv_SE\" \/>\n<meta property=\"og:type\" content=\"article\" \/>\n<meta property=\"og:title\" content=\"Svenskt coverband spelade i Marbella\" \/>\n<meta property=\"og:description\" content=\"Tisdagen den 26 mars spelade svenska coverbandet Run 4 Covers \u00e4nnu en g\u00e5ng p\u00e5 irl\u00e4ndska puben Claddagh i centrala Marbella.\" \/>\n<meta property=\"og:url\" content=\"https:\/\/lightweb.dev\/l\/svm-temp\/artiklar\/vi-var-dar\/svenskt-coverband-spelade-i-marbella\/\" \/>\n<meta property=\"og:site_name\" content=\"Svenska Magasinet\" \/>\n<meta property=\"article:publisher\" content=\"https:\/\/www.facebook.com\/svenskamagasinet\" \/>\n<meta property=\"article:published_time\" content=\"2024-04-07T23:09:38+00:00\" \/>\n<meta property=\"article:modified_time\" content=\"2024-04-08T10:15:57+00:00\" \/>\n<meta property=\"og:image\" content=\"https:\/\/lightweb.dev\/l\/svm-temp\/wp-content\/uploads\/2024\/04\/IMG_7258-stor.jpeg\" \/>\n\t<meta property=\"og:image:width\" content=\"1280\" \/>\n\t<meta property=\"og:image:height\" content=\"960\" \/>\n\t<meta property=\"og:image:type\" content=\"image\/jpeg\" \/>\n<meta name=\"author\" content=\"Redaktionen SvM\" \/>\n<meta name=\"twitter:card\" content=\"summary_large_image\" \/>\n<meta name=\"twitter:creator\" content=\"@SvenskaMagasine\" \/>\n<meta name=\"twitter:site\" content=\"@SvenskaMagasine\" \/>\n<script type=\"application\/ld+json\" class=\"yoast-schema-graph\">{\"@context\":\"https:\\\/\\\/schema.org\",\"@graph\":[{\"@type\":\"Article\",\"@id\":\"https:\\\/\\\/lightweb.dev\\\/l\\\/svm-temp\\\/artiklar\\\/vi-var-dar\\\/svenskt-coverband-spelade-i-marbella\\\/#article\",\"isPartOf\":{\"@id\":\"https:\\\/\\\/lightweb.dev\\\/l\\\/svm-temp\\\/artiklar\\\/vi-var-dar\\\/svenskt-coverband-spelade-i-marbella\\\/\"},\"author\":{\"name\":\"Redaktionen SvM\",\"@id\":\"https:\\\/\\\/lightweb.dev\\\/l\\\/svm-temp\\\/#\\\/schema\\\/person\\\/206a3bda5b607b0c25e1749191e4d837\"},\"headline\":\"Svenskt coverband spelade i Marbella\",\"datePublished\":\"2024-04-07T23:09:38+00:00\",\"dateModified\":\"2024-04-08T10:15:57+00:00\",\"mainEntityOfPage\":{\"@id\":\"https:\\\/\\\/lightweb.dev\\\/l\\\/svm-temp\\\/artiklar\\\/vi-var-dar\\\/svenskt-coverband-spelade-i-marbella\\\/\"},\"wordCount\":208,\"publisher\":{\"@id\":\"https:\\\/\\\/lightweb.dev\\\/l\\\/svm-temp\\\/#organization\"},\"image\":{\"@id\":\"https:\\\/\\\/lightweb.dev\\\/l\\\/svm-temp\\\/artiklar\\\/vi-var-dar\\\/svenskt-coverband-spelade-i-marbella\\\/#primaryimage\"},\"thumbnailUrl\":\"https:\\\/\\\/lightweb.dev\\\/l\\\/svm-temp\\\/wp-content\\\/uploads\\\/2024\\\/04\\\/IMG_7258-stor.jpeg\",\"articleSection\":[\"Arkiv\",\"Artiklar\"],\"inLanguage\":\"sv-SE\"},{\"@type\":\"WebPage\",\"@id\":\"https:\\\/\\\/lightweb.dev\\\/l\\\/svm-temp\\\/artiklar\\\/vi-var-dar\\\/svenskt-coverband-spelade-i-marbella\\\/\",\"url\":\"https:\\\/\\\/lightweb.dev\\\/l\\\/svm-temp\\\/artiklar\\\/vi-var-dar\\\/svenskt-coverband-spelade-i-marbella\\\/\",\"name\":\"Svenskt coverband spelade i Marbella - Svenska Magasinet\",\"isPartOf\":{\"@id\":\"https:\\\/\\\/lightweb.dev\\\/l\\\/svm-temp\\\/#website\"},\"primaryImageOfPage\":{\"@id\":\"https:\\\/\\\/lightweb.dev\\\/l\\\/svm-temp\\\/artiklar\\\/vi-var-dar\\\/svenskt-coverband-spelade-i-marbella\\\/#primaryimage\"},\"image\":{\"@id\":\"https:\\\/\\\/lightweb.dev\\\/l\\\/svm-temp\\\/artiklar\\\/vi-var-dar\\\/svenskt-coverband-spelade-i-marbella\\\/#primaryimage\"},\"thumbnailUrl\":\"https:\\\/\\\/lightweb.dev\\\/l\\\/svm-temp\\\/wp-content\\\/uploads\\\/2024\\\/04\\\/IMG_7258-stor.jpeg\",\"datePublished\":\"2024-04-07T23:09:38+00:00\",\"dateModified\":\"2024-04-08T10:15:57+00:00\",\"description\":\"Tisdagen den 26 mars spelade svenska coverbandet Run 4 Covers \u00e4nnu en g\u00e5ng p\u00e5 irl\u00e4ndska puben Claddagh i centrala Marbella.\",\"breadcrumb\":{\"@id\":\"https:\\\/\\\/lightweb.dev\\\/l\\\/svm-temp\\\/artiklar\\\/vi-var-dar\\\/svenskt-coverband-spelade-i-marbella\\\/#breadcrumb\"},\"inLanguage\":\"sv-SE\",\"potentialAction\":[{\"@type\":\"ReadAction\",\"target\":[\"https:\\\/\\\/lightweb.dev\\\/l\\\/svm-temp\\\/artiklar\\\/vi-var-dar\\\/svenskt-coverband-spelade-i-marbella\\\/\"]}]},{\"@type\":\"ImageObject\",\"inLanguage\":\"sv-SE\",\"@id\":\"https:\\\/\\\/lightweb.dev\\\/l\\\/svm-temp\\\/artiklar\\\/vi-var-dar\\\/svenskt-coverband-spelade-i-marbella\\\/#primaryimage\",\"url\":\"https:\\\/\\\/lightweb.dev\\\/l\\\/svm-temp\\\/wp-content\\\/uploads\\\/2024\\\/04\\\/IMG_7258-stor.jpeg\",\"contentUrl\":\"https:\\\/\\\/lightweb.dev\\\/l\\\/svm-temp\\\/wp-content\\\/uploads\\\/2024\\\/04\\\/IMG_7258-stor.jpeg\",\"width\":1280,\"height\":960},{\"@type\":\"BreadcrumbList\",\"@id\":\"https:\\\/\\\/lightweb.dev\\\/l\\\/svm-temp\\\/artiklar\\\/vi-var-dar\\\/svenskt-coverband-spelade-i-marbella\\\/#breadcrumb\",\"itemListElement\":[{\"@type\":\"ListItem\",\"position\":1,\"name\":\"Hem\",\"item\":\"https:\\\/\\\/lightweb.dev\\\/l\\\/svm-temp\\\/\"},{\"@type\":\"ListItem\",\"position\":2,\"name\":\"Svenskt coverband spelade i Marbella\"}]},{\"@type\":\"WebSite\",\"@id\":\"https:\\\/\\\/lightweb.dev\\\/l\\\/svm-temp\\\/#website\",\"url\":\"https:\\\/\\\/lightweb.dev\\\/l\\\/svm-temp\\\/\",\"name\":\"Svenska Magasinet\",\"description\":\"Dina Spanska nyheter p&aring; Svenska\",\"publisher\":{\"@id\":\"https:\\\/\\\/lightweb.dev\\\/l\\\/svm-temp\\\/#organization\"},\"potentialAction\":[{\"@type\":\"SearchAction\",\"target\":{\"@type\":\"EntryPoint\",\"urlTemplate\":\"https:\\\/\\\/lightweb.dev\\\/l\\\/svm-temp\\\/?s={search_term_string}\"},\"query-input\":{\"@type\":\"PropertyValueSpecification\",\"valueRequired\":true,\"valueName\":\"search_term_string\"}}],\"inLanguage\":\"sv-SE\"},{\"@type\":\"Organization\",\"@id\":\"https:\\\/\\\/lightweb.dev\\\/l\\\/svm-temp\\\/#organization\",\"name\":\"Melkerson y Nott SL\",\"alternateName\":\"Svenska Magasinet\",\"url\":\"https:\\\/\\\/lightweb.dev\\\/l\\\/svm-temp\\\/\",\"logo\":{\"@type\":\"ImageObject\",\"inLanguage\":\"sv-SE\",\"@id\":\"https:\\\/\\\/lightweb.dev\\\/l\\\/svm-temp\\\/#\\\/schema\\\/logo\\\/image\\\/\",\"url\":\"https:\\\/\\\/lightweb.dev\\\/l\\\/svm-temp\\\/wp-content\\\/uploads\\\/2025\\\/02\\\/SvM-logo-Xtra-Centrerad-SVART.png\",\"contentUrl\":\"https:\\\/\\\/lightweb.dev\\\/l\\\/svm-temp\\\/wp-content\\\/uploads\\\/2025\\\/02\\\/SvM-logo-Xtra-Centrerad-SVART.png\",\"width\":300,\"height\":99,\"caption\":\"Melkerson y Nott SL\"},\"image\":{\"@id\":\"https:\\\/\\\/lightweb.dev\\\/l\\\/svm-temp\\\/#\\\/schema\\\/logo\\\/image\\\/\"},\"sameAs\":[\"https:\\\/\\\/www.facebook.com\\\/svenskamagasinet\",\"https:\\\/\\\/x.com\\\/SvenskaMagasine\"]},{\"@type\":\"Person\",\"@id\":\"https:\\\/\\\/lightweb.dev\\\/l\\\/svm-temp\\\/#\\\/schema\\\/person\\\/206a3bda5b607b0c25e1749191e4d837\",\"name\":\"Redaktionen SvM\",\"description\":\"Redaktionen\",\"sameAs\":[\"https:\\\/\\\/lightweb.dev\\\/l\\\/svm-temp\"],\"url\":\"https:\\\/\\\/lightweb.dev\\\/l\\\/svm-temp\\\/reporter\\\/redaktionen\\\/\"}]}<\/script>\n<!-- \/ Yoast SEO Premium plugin. -->","yoast_head_json":{"title":"Svenskt coverband spelade i Marbella - Svenska Magasinet","description":"Tisdagen den 26 mars spelade svenska coverbandet Run 4 Covers \u00e4nnu en g\u00e5ng p\u00e5 irl\u00e4ndska puben Claddagh i centrala Marbella.","robots":{"index":"noindex","follow":"follow","max-snippet":"max-snippet:-1","max-image-preview":"max-image-preview:large","max-video-preview":"max-video-preview:-1"},"og_locale":"sv_SE","og_type":"article","og_title":"Svenskt coverband spelade i Marbella","og_description":"Tisdagen den 26 mars spelade svenska coverbandet Run 4 Covers \u00e4nnu en g\u00e5ng p\u00e5 irl\u00e4ndska puben Claddagh i centrala Marbella.","og_url":"https:\/\/lightweb.dev\/l\/svm-temp\/artiklar\/vi-var-dar\/svenskt-coverband-spelade-i-marbella\/","og_site_name":"Svenska Magasinet","article_publisher":"https:\/\/www.facebook.com\/svenskamagasinet","article_published_time":"2024-04-07T23:09:38+00:00","article_modified_time":"2024-04-08T10:15:57+00:00","og_image":[{"width":1280,"height":960,"url":"https:\/\/lightweb.dev\/l\/svm-temp\/wp-content\/uploads\/2024\/04\/IMG_7258-stor.jpeg","type":"image\/jpeg"}],"author":"Redaktionen SvM","twitter_card":"summary_large_image","twitter_creator":"@SvenskaMagasine","twitter_site":"@SvenskaMagasine","schema":{"@context":"https:\/\/schema.org","@graph":[{"@type":"Article","@id":"https:\/\/lightweb.dev\/l\/svm-temp\/artiklar\/vi-var-dar\/svenskt-coverband-spelade-i-marbella\/#article","isPartOf":{"@id":"https:\/\/lightweb.dev\/l\/svm-temp\/artiklar\/vi-var-dar\/svenskt-coverband-spelade-i-marbella\/"},"author":{"name":"Redaktionen SvM","@id":"https:\/\/lightweb.dev\/l\/svm-temp\/#\/schema\/person\/206a3bda5b607b0c25e1749191e4d837"},"headline":"Svenskt coverband spelade i Marbella","datePublished":"2024-04-07T23:09:38+00:00","dateModified":"2024-04-08T10:15:57+00:00","mainEntityOfPage":{"@id":"https:\/\/lightweb.dev\/l\/svm-temp\/artiklar\/vi-var-dar\/svenskt-coverband-spelade-i-marbella\/"},"wordCount":208,"publisher":{"@id":"https:\/\/lightweb.dev\/l\/svm-temp\/#organization"},"image":{"@id":"https:\/\/lightweb.dev\/l\/svm-temp\/artiklar\/vi-var-dar\/svenskt-coverband-spelade-i-marbella\/#primaryimage"},"thumbnailUrl":"https:\/\/lightweb.dev\/l\/svm-temp\/wp-content\/uploads\/2024\/04\/IMG_7258-stor.jpeg","articleSection":["Arkiv","Artiklar"],"inLanguage":"sv-SE"},{"@type":"WebPage","@id":"https:\/\/lightweb.dev\/l\/svm-temp\/artiklar\/vi-var-dar\/svenskt-coverband-spelade-i-marbella\/","url":"https:\/\/lightweb.dev\/l\/svm-temp\/artiklar\/vi-var-dar\/svenskt-coverband-spelade-i-marbella\/","name":"Svenskt coverband spelade i Marbella - Svenska Magasinet","isPartOf":{"@id":"https:\/\/lightweb.dev\/l\/svm-temp\/#website"},"primaryImageOfPage":{"@id":"https:\/\/lightweb.dev\/l\/svm-temp\/artiklar\/vi-var-dar\/svenskt-coverband-spelade-i-marbella\/#primaryimage"},"image":{"@id":"https:\/\/lightweb.dev\/l\/svm-temp\/artiklar\/vi-var-dar\/svenskt-coverband-spelade-i-marbella\/#primaryimage"},"thumbnailUrl":"https:\/\/lightweb.dev\/l\/svm-temp\/wp-content\/uploads\/2024\/04\/IMG_7258-stor.jpeg","datePublished":"2024-04-07T23:09:38+00:00","dateModified":"2024-04-08T10:15:57+00:00","description":"Tisdagen den 26 mars spelade svenska coverbandet Run 4 Covers \u00e4nnu en g\u00e5ng p\u00e5 irl\u00e4ndska puben Claddagh i centrala Marbella.","breadcrumb":{"@id":"https:\/\/lightweb.dev\/l\/svm-temp\/artiklar\/vi-var-dar\/svenskt-coverband-spelade-i-marbella\/#breadcrumb"},"inLanguage":"sv-SE","potentialAction":[{"@type":"ReadAction","target":["https:\/\/lightweb.dev\/l\/svm-temp\/artiklar\/vi-var-dar\/svenskt-coverband-spelade-i-marbella\/"]}]},{"@type":"ImageObject","inLanguage":"sv-SE","@id":"https:\/\/lightweb.dev\/l\/svm-temp\/artiklar\/vi-var-dar\/svenskt-coverband-spelade-i-marbella\/#primaryimage","url":"https:\/\/lightweb.dev\/l\/svm-temp\/wp-content\/uploads\/2024\/04\/IMG_7258-stor.jpeg","contentUrl":"https:\/\/lightweb.dev\/l\/svm-temp\/wp-content\/uploads\/2024\/04\/IMG_7258-stor.jpeg","width":1280,"height":960},{"@type":"BreadcrumbList","@id":"https:\/\/lightweb.dev\/l\/svm-temp\/artiklar\/vi-var-dar\/svenskt-coverband-spelade-i-marbella\/#breadcrumb","itemListElement":[{"@type":"ListItem","position":1,"name":"Hem","item":"https:\/\/lightweb.dev\/l\/svm-temp\/"},{"@type":"ListItem","position":2,"name":"Svenskt coverband spelade i Marbella"}]},{"@type":"WebSite","@id":"https:\/\/lightweb.dev\/l\/svm-temp\/#website","url":"https:\/\/lightweb.dev\/l\/svm-temp\/","name":"Svenska Magasinet","description":"Dina Spanska nyheter p&aring; Svenska","publisher":{"@id":"https:\/\/lightweb.dev\/l\/svm-temp\/#organization"},"potentialAction":[{"@type":"SearchAction","target":{"@type":"EntryPoint","urlTemplate":"https:\/\/lightweb.dev\/l\/svm-temp\/?s={search_term_string}"},"query-input":{"@type":"PropertyValueSpecification","valueRequired":true,"valueName":"search_term_string"}}],"inLanguage":"sv-SE"},{"@type":"Organization","@id":"https:\/\/lightweb.dev\/l\/svm-temp\/#organization","name":"Melkerson y Nott SL","alternateName":"Svenska Magasinet","url":"https:\/\/lightweb.dev\/l\/svm-temp\/","logo":{"@type":"ImageObject","inLanguage":"sv-SE","@id":"https:\/\/lightweb.dev\/l\/svm-temp\/#\/schema\/logo\/image\/","url":"https:\/\/lightweb.dev\/l\/svm-temp\/wp-content\/uploads\/2025\/02\/SvM-logo-Xtra-Centrerad-SVART.png","contentUrl":"https:\/\/lightweb.dev\/l\/svm-temp\/wp-content\/uploads\/2025\/02\/SvM-logo-Xtra-Centrerad-SVART.png","width":300,"height":99,"caption":"Melkerson y Nott SL"},"image":{"@id":"https:\/\/lightweb.dev\/l\/svm-temp\/#\/schema\/logo\/image\/"},"sameAs":["https:\/\/www.facebook.com\/svenskamagasinet","https:\/\/x.com\/SvenskaMagasine"]},{"@type":"Person","@id":"https:\/\/lightweb.dev\/l\/svm-temp\/#\/schema\/person\/206a3bda5b607b0c25e1749191e4d837","name":"Redaktionen SvM","description":"Redaktionen","sameAs":["https:\/\/lightweb.dev\/l\/svm-temp"],"url":"https:\/\/lightweb.dev\/l\/svm-temp\/reporter\/redaktionen\/"}]}},"_links":{"self":[{"href":"https:\/\/lightweb.dev\/l\/svm-temp\/wp-json\/wp\/v2\/posts\/70983","targetHints":{"allow":["GET"]}}],"collection":[{"href":"https:\/\/lightweb.dev\/l\/svm-temp\/wp-json\/wp\/v2\/posts"}],"about":[{"href":"https:\/\/lightweb.dev\/l\/svm-temp\/wp-json\/wp\/v2\/types\/post"}],"author":[{"embeddable":true,"href":"https:\/\/lightweb.dev\/l\/svm-temp\/wp-json\/wp\/v2\/users\/8"}],"replies":[{"embeddable":true,"href":"https:\/\/lightweb.dev\/l\/svm-temp\/wp-json\/wp\/v2\/comments?post=70983"}],"version-history":[{"count":0,"href":"https:\/\/lightweb.dev\/l\/svm-temp\/wp-json\/wp\/v2\/posts\/70983\/revisions"}],"wp:featuredmedia":[{"embeddable":true,"href":"https:\/\/lightweb.dev\/l\/svm-temp\/wp-json\/wp\/v2\/media\/70984"}],"wp:attachment":[{"href":"https:\/\/lightweb.dev\/l\/svm-temp\/wp-json\/wp\/v2\/media?parent=70983"}],"wp:term":[{"taxonomy":"category","embeddable":true,"href":"https:\/\/lightweb.dev\/l\/svm-temp\/wp-json\/wp\/v2\/categories?post=70983"},{"taxonomy":"post_tag","embeddable":true,"href":"https:\/\/lightweb.dev\/l\/svm-temp\/wp-json\/wp\/v2\/tags?post=70983"}],"curies":[{"name":"wp","href":"https:\/\/api.w.org\/{rel}","templated":true}]}}