{"id":70988,"date":"2024-04-08T18:00:59","date_gmt":"2024-04-08T16:00:59","guid":{"rendered":"https:\/\/lightweb.dev\/l\/svm-temp\/?p=70988"},"modified":"2024-04-08T22:13:00","modified_gmt":"2024-04-08T20:13:00","slug":"mycket-uppskattat-swea-event-om-kvinnohalsa","status":"publish","type":"post","link":"https:\/\/lightweb.dev\/l\/svm-temp\/artiklar\/mycket-uppskattat-swea-event-om-kvinnohalsa\/","title":{"rendered":"Mycket uppskattat SWEA-event om kvinnoh\u00e4lsa"},"content":{"rendered":"<p><strong>SWEA Marbella senaste event p\u00e5 Svenska Kyrkan i Fuengirola blev en stor succ\u00e8 med \u00f6ver 50 h\u00e4rliga kvinnor som samlades f\u00f6r att l\u00e4ra sig mer om viktig kvinnoh\u00e4lsa.<\/strong><\/p>\n<p><strong>Med sp\u00e4nnande f\u00f6redrag av experter inom omr\u00e5det bj\u00f6ds deltagarna p\u00e5 en kv\u00e4ll full av kunskap och \u00f6ppna diskussioner.<\/strong><\/p>\n<p><img loading=\"lazy\" decoding=\"async\" class=\"size-medium wp-image-70990 alignleft\" src=\"https:\/\/lightweb.dev\/l\/svm-temp\/wp-content\/uploads\/2024\/04\/IMG_7057-stor-225x300.jpeg\" alt=\"\" width=\"225\" height=\"300\" srcset=\"https:\/\/lightweb.dev\/l\/svm-temp\/wp-content\/uploads\/2024\/04\/IMG_7057-stor-225x300.jpeg 225w, https:\/\/lightweb.dev\/l\/svm-temp\/wp-content\/uploads\/2024\/04\/IMG_7057-stor-675x900.jpeg 675w, https:\/\/lightweb.dev\/l\/svm-temp\/wp-content\/uploads\/2024\/04\/IMG_7057-stor-768x1024.jpeg 768w, https:\/\/lightweb.dev\/l\/svm-temp\/wp-content\/uploads\/2024\/04\/IMG_7057-stor-610x813.jpeg 610w, https:\/\/lightweb.dev\/l\/svm-temp\/wp-content\/uploads\/2024\/04\/IMG_7057-stor-600x800.jpeg 600w, https:\/\/lightweb.dev\/l\/svm-temp\/wp-content\/uploads\/2024\/04\/IMG_7057-stor.jpeg 960w\" sizes=\"(max-width: 225px) 100vw, 225px\" \/><\/p>\n<p>Dr Ilona Barnard, gynekolog, guidade deltagarna genom en resa om hormoner genom livet och vikten av att f\u00f6rst\u00e5 deras p\u00e5verkan p\u00e5 kvinnors h\u00e4lsa. Dr. Loreto Ferrada, hudl\u00e4kare, tog sedan \u00f6ver scenen f\u00f6r att prata om hudens h\u00e4lsa i underlivet, vilket ledde till livliga diskussioner om sk\u00f6nhetsideal och behandlingsmetoder.<\/p>\n<p>Avslutningsvis delade Docent Agneta Troilius Rubin sina insikter om hudf\u00f6r\u00e4ndringar och laserbehandlingar, ett \u00e4mne som f\u00e5ngade allas uppm\u00e4rksamhet.<\/p>\n<p>Mellan f\u00f6redragen nj\u00f6t deltagarna av en l\u00e4cker fisksoppa och fortsatte de inkluderande och \u00f6ppna samtalen. Fr\u00e5gor om hormonproblem, kvinnliga sk\u00f6nhetsideal och kvinnoh\u00e4lsa i allm\u00e4nheten diskuterades ivrigt, vilket skapade en atmosf\u00e4r av gemenskap och kunskapsutbyte.<\/p>\n<p><img loading=\"lazy\" decoding=\"async\" class=\"size-medium wp-image-70991 alignleft\" src=\"https:\/\/lightweb.dev\/l\/svm-temp\/wp-content\/uploads\/2024\/04\/WhatsApp-Image-2024-03-26-at-17.51.53-stor-225x300.jpeg\" alt=\"\" width=\"225\" height=\"300\" srcset=\"https:\/\/lightweb.dev\/l\/svm-temp\/wp-content\/uploads\/2024\/04\/WhatsApp-Image-2024-03-26-at-17.51.53-stor-225x300.jpeg 225w, https:\/\/lightweb.dev\/l\/svm-temp\/wp-content\/uploads\/2024\/04\/WhatsApp-Image-2024-03-26-at-17.51.53-stor-675x900.jpeg 675w, https:\/\/lightweb.dev\/l\/svm-temp\/wp-content\/uploads\/2024\/04\/WhatsApp-Image-2024-03-26-at-17.51.53-stor-610x813.jpeg 610w, https:\/\/lightweb.dev\/l\/svm-temp\/wp-content\/uploads\/2024\/04\/WhatsApp-Image-2024-03-26-at-17.51.53-stor-600x800.jpeg 600w, https:\/\/lightweb.dev\/l\/svm-temp\/wp-content\/uploads\/2024\/04\/WhatsApp-Image-2024-03-26-at-17.51.53-stor.jpeg 768w\" sizes=\"(max-width: 225px) 100vw, 225px\" \/><\/p>\n<p>SWEA Marbella event om kvinnoh\u00e4lsa visade p\u00e5 vikten av att forts\u00e4tta l\u00e4ra och st\u00f6tta varandra inom detta viktiga \u00e4mne. Med kunskap, gemenskap och \u00f6ppenhet kan vi arbeta f\u00f6r att fr\u00e4mja b\u00e4ttre h\u00e4lsa och v\u00e4lbefinnande f\u00f6r kvinnor i alla \u00e5ldrar.<\/p>\n<p>\u00c4r du nyfiken p\u00e5 vad SWEA \u00e4r? Kika in p\u00e5: www.marbella.swea.org f\u00f6r mer information.<\/p>\n","protected":false},"excerpt":{"rendered":"<p>SWEA Marbella senaste event p\u00e5 Svenska Kyrkan i Fuengirola blev en stor succ\u00e8 med \u00f6ver 50 h\u00e4rliga kvinnor som samlades f\u00f6r att l\u00e4ra sig mer om viktig kvinnoh\u00e4lsa. Med sp\u00e4nnande f\u00f6redrag av experter&#8230;<\/p>\n","protected":false},"author":8,"featured_media":70989,"comment_status":"closed","ping_status":"closed","sticky":false,"template":"","format":"standard","meta":{"_et_pb_use_builder":"","_et_pb_old_content":"","_et_gb_content_width":"","footnotes":""},"categories":[396,4],"tags":[],"class_list":["post-70988","post","type-post","status-publish","format-standard","has-post-thumbnail","hentry","category-arkiv-artiklar","category-artiklar"],"yoast_head":"<!-- This site is optimized with the Yoast SEO Premium plugin v26.2 (Yoast SEO v27.5) - https:\/\/yoast.com\/product\/yoast-seo-premium-wordpress\/ -->\n<title>Mycket uppskattat SWEA-event om kvinnoh\u00e4lsa - Svenska Magasinet<\/title>\n<meta name=\"description\" content=\"SWEA Marbella senaste event p\u00e5 Svenska Kyrkan i Fuengirola blev en stor succ\u00e8 med \u00f6ver 50 h\u00e4rliga kvinnor som samlades f\u00f6r att l\u00e4ra sig mer om viktig kvinnoh\u00e4lsa. Med sp\u00e4nnande f\u00f6redrag av experter inom omr\u00e5det bj\u00f6ds deltagarna p\u00e5 en kv\u00e4ll full av kunskap och \u00f6ppna diskussioner.\" \/>\n<meta name=\"robots\" content=\"noindex, follow, max-snippet:-1, max-image-preview:large, max-video-preview:-1\" \/>\n<meta property=\"og:locale\" content=\"sv_SE\" \/>\n<meta property=\"og:type\" content=\"article\" \/>\n<meta property=\"og:title\" content=\"Mycket uppskattat SWEA-event om kvinnoh\u00e4lsa\" \/>\n<meta property=\"og:description\" content=\"SWEA Marbella senaste event p\u00e5 Svenska Kyrkan i Fuengirola blev en stor succ\u00e8 med \u00f6ver 50 h\u00e4rliga kvinnor som samlades f\u00f6r att l\u00e4ra sig mer om viktig kvinnoh\u00e4lsa. Med sp\u00e4nnande f\u00f6redrag av experter inom omr\u00e5det bj\u00f6ds deltagarna p\u00e5 en kv\u00e4ll full av kunskap och \u00f6ppna diskussioner.\" \/>\n<meta property=\"og:url\" content=\"https:\/\/lightweb.dev\/l\/svm-temp\/artiklar\/vi-var-dar\/mycket-uppskattat-swea-event-om-kvinnohalsa\/\" \/>\n<meta property=\"og:site_name\" content=\"Svenska Magasinet\" \/>\n<meta property=\"article:publisher\" content=\"https:\/\/www.facebook.com\/svenskamagasinet\" \/>\n<meta property=\"article:published_time\" content=\"2024-04-08T16:00:59+00:00\" \/>\n<meta property=\"article:modified_time\" content=\"2024-04-08T20:13:00+00:00\" \/>\n<meta property=\"og:image\" content=\"https:\/\/lightweb.dev\/l\/svm-temp\/wp-content\/uploads\/2024\/04\/IMG_7203-stor.jpeg\" \/>\n\t<meta property=\"og:image:width\" content=\"1280\" \/>\n\t<meta property=\"og:image:height\" content=\"960\" \/>\n\t<meta property=\"og:image:type\" content=\"image\/jpeg\" \/>\n<meta name=\"author\" content=\"Redaktionen SvM\" \/>\n<meta name=\"twitter:card\" content=\"summary_large_image\" \/>\n<meta name=\"twitter:creator\" content=\"@SvenskaMagasine\" \/>\n<meta name=\"twitter:site\" content=\"@SvenskaMagasine\" \/>\n<script type=\"application\/ld+json\" class=\"yoast-schema-graph\">{\"@context\":\"https:\\\/\\\/schema.org\",\"@graph\":[{\"@type\":\"Article\",\"@id\":\"https:\\\/\\\/lightweb.dev\\\/l\\\/svm-temp\\\/artiklar\\\/vi-var-dar\\\/mycket-uppskattat-swea-event-om-kvinnohalsa\\\/#article\",\"isPartOf\":{\"@id\":\"https:\\\/\\\/lightweb.dev\\\/l\\\/svm-temp\\\/artiklar\\\/vi-var-dar\\\/mycket-uppskattat-swea-event-om-kvinnohalsa\\\/\"},\"author\":{\"name\":\"Redaktionen SvM\",\"@id\":\"https:\\\/\\\/lightweb.dev\\\/l\\\/svm-temp\\\/#\\\/schema\\\/person\\\/206a3bda5b607b0c25e1749191e4d837\"},\"headline\":\"Mycket uppskattat SWEA-event om kvinnoh\u00e4lsa\",\"datePublished\":\"2024-04-08T16:00:59+00:00\",\"dateModified\":\"2024-04-08T20:13:00+00:00\",\"mainEntityOfPage\":{\"@id\":\"https:\\\/\\\/lightweb.dev\\\/l\\\/svm-temp\\\/artiklar\\\/vi-var-dar\\\/mycket-uppskattat-swea-event-om-kvinnohalsa\\\/\"},\"wordCount\":246,\"publisher\":{\"@id\":\"https:\\\/\\\/lightweb.dev\\\/l\\\/svm-temp\\\/#organization\"},\"image\":{\"@id\":\"https:\\\/\\\/lightweb.dev\\\/l\\\/svm-temp\\\/artiklar\\\/vi-var-dar\\\/mycket-uppskattat-swea-event-om-kvinnohalsa\\\/#primaryimage\"},\"thumbnailUrl\":\"https:\\\/\\\/lightweb.dev\\\/l\\\/svm-temp\\\/wp-content\\\/uploads\\\/2024\\\/04\\\/IMG_7203-stor.jpeg\",\"articleSection\":[\"Arkiv\",\"Artiklar\"],\"inLanguage\":\"sv-SE\"},{\"@type\":\"WebPage\",\"@id\":\"https:\\\/\\\/lightweb.dev\\\/l\\\/svm-temp\\\/artiklar\\\/vi-var-dar\\\/mycket-uppskattat-swea-event-om-kvinnohalsa\\\/\",\"url\":\"https:\\\/\\\/lightweb.dev\\\/l\\\/svm-temp\\\/artiklar\\\/vi-var-dar\\\/mycket-uppskattat-swea-event-om-kvinnohalsa\\\/\",\"name\":\"Mycket uppskattat SWEA-event om kvinnoh\u00e4lsa - Svenska Magasinet\",\"isPartOf\":{\"@id\":\"https:\\\/\\\/lightweb.dev\\\/l\\\/svm-temp\\\/#website\"},\"primaryImageOfPage\":{\"@id\":\"https:\\\/\\\/lightweb.dev\\\/l\\\/svm-temp\\\/artiklar\\\/vi-var-dar\\\/mycket-uppskattat-swea-event-om-kvinnohalsa\\\/#primaryimage\"},\"image\":{\"@id\":\"https:\\\/\\\/lightweb.dev\\\/l\\\/svm-temp\\\/artiklar\\\/vi-var-dar\\\/mycket-uppskattat-swea-event-om-kvinnohalsa\\\/#primaryimage\"},\"thumbnailUrl\":\"https:\\\/\\\/lightweb.dev\\\/l\\\/svm-temp\\\/wp-content\\\/uploads\\\/2024\\\/04\\\/IMG_7203-stor.jpeg\",\"datePublished\":\"2024-04-08T16:00:59+00:00\",\"dateModified\":\"2024-04-08T20:13:00+00:00\",\"description\":\"SWEA Marbella senaste event p\u00e5 Svenska Kyrkan i Fuengirola blev en stor succ\u00e8 med \u00f6ver 50 h\u00e4rliga kvinnor som samlades f\u00f6r att l\u00e4ra sig mer om viktig kvinnoh\u00e4lsa. Med sp\u00e4nnande f\u00f6redrag av experter inom omr\u00e5det bj\u00f6ds deltagarna p\u00e5 en kv\u00e4ll full av kunskap och \u00f6ppna diskussioner.\",\"breadcrumb\":{\"@id\":\"https:\\\/\\\/lightweb.dev\\\/l\\\/svm-temp\\\/artiklar\\\/vi-var-dar\\\/mycket-uppskattat-swea-event-om-kvinnohalsa\\\/#breadcrumb\"},\"inLanguage\":\"sv-SE\",\"potentialAction\":[{\"@type\":\"ReadAction\",\"target\":[\"https:\\\/\\\/lightweb.dev\\\/l\\\/svm-temp\\\/artiklar\\\/vi-var-dar\\\/mycket-uppskattat-swea-event-om-kvinnohalsa\\\/\"]}]},{\"@type\":\"ImageObject\",\"inLanguage\":\"sv-SE\",\"@id\":\"https:\\\/\\\/lightweb.dev\\\/l\\\/svm-temp\\\/artiklar\\\/vi-var-dar\\\/mycket-uppskattat-swea-event-om-kvinnohalsa\\\/#primaryimage\",\"url\":\"https:\\\/\\\/lightweb.dev\\\/l\\\/svm-temp\\\/wp-content\\\/uploads\\\/2024\\\/04\\\/IMG_7203-stor.jpeg\",\"contentUrl\":\"https:\\\/\\\/lightweb.dev\\\/l\\\/svm-temp\\\/wp-content\\\/uploads\\\/2024\\\/04\\\/IMG_7203-stor.jpeg\",\"width\":1280,\"height\":960},{\"@type\":\"BreadcrumbList\",\"@id\":\"https:\\\/\\\/lightweb.dev\\\/l\\\/svm-temp\\\/artiklar\\\/vi-var-dar\\\/mycket-uppskattat-swea-event-om-kvinnohalsa\\\/#breadcrumb\",\"itemListElement\":[{\"@type\":\"ListItem\",\"position\":1,\"name\":\"Hem\",\"item\":\"https:\\\/\\\/lightweb.dev\\\/l\\\/svm-temp\\\/\"},{\"@type\":\"ListItem\",\"position\":2,\"name\":\"Mycket uppskattat SWEA-event om kvinnoh\u00e4lsa\"}]},{\"@type\":\"WebSite\",\"@id\":\"https:\\\/\\\/lightweb.dev\\\/l\\\/svm-temp\\\/#website\",\"url\":\"https:\\\/\\\/lightweb.dev\\\/l\\\/svm-temp\\\/\",\"name\":\"Svenska Magasinet\",\"description\":\"Dina Spanska nyheter p&aring; Svenska\",\"publisher\":{\"@id\":\"https:\\\/\\\/lightweb.dev\\\/l\\\/svm-temp\\\/#organization\"},\"potentialAction\":[{\"@type\":\"SearchAction\",\"target\":{\"@type\":\"EntryPoint\",\"urlTemplate\":\"https:\\\/\\\/lightweb.dev\\\/l\\\/svm-temp\\\/?s={search_term_string}\"},\"query-input\":{\"@type\":\"PropertyValueSpecification\",\"valueRequired\":true,\"valueName\":\"search_term_string\"}}],\"inLanguage\":\"sv-SE\"},{\"@type\":\"Organization\",\"@id\":\"https:\\\/\\\/lightweb.dev\\\/l\\\/svm-temp\\\/#organization\",\"name\":\"Melkerson y Nott SL\",\"alternateName\":\"Svenska Magasinet\",\"url\":\"https:\\\/\\\/lightweb.dev\\\/l\\\/svm-temp\\\/\",\"logo\":{\"@type\":\"ImageObject\",\"inLanguage\":\"sv-SE\",\"@id\":\"https:\\\/\\\/lightweb.dev\\\/l\\\/svm-temp\\\/#\\\/schema\\\/logo\\\/image\\\/\",\"url\":\"https:\\\/\\\/lightweb.dev\\\/l\\\/svm-temp\\\/wp-content\\\/uploads\\\/2025\\\/02\\\/SvM-logo-Xtra-Centrerad-SVART.png\",\"contentUrl\":\"https:\\\/\\\/lightweb.dev\\\/l\\\/svm-temp\\\/wp-content\\\/uploads\\\/2025\\\/02\\\/SvM-logo-Xtra-Centrerad-SVART.png\",\"width\":300,\"height\":99,\"caption\":\"Melkerson y Nott SL\"},\"image\":{\"@id\":\"https:\\\/\\\/lightweb.dev\\\/l\\\/svm-temp\\\/#\\\/schema\\\/logo\\\/image\\\/\"},\"sameAs\":[\"https:\\\/\\\/www.facebook.com\\\/svenskamagasinet\",\"https:\\\/\\\/x.com\\\/SvenskaMagasine\"]},{\"@type\":\"Person\",\"@id\":\"https:\\\/\\\/lightweb.dev\\\/l\\\/svm-temp\\\/#\\\/schema\\\/person\\\/206a3bda5b607b0c25e1749191e4d837\",\"name\":\"Redaktionen SvM\",\"description\":\"Redaktionen\",\"sameAs\":[\"https:\\\/\\\/lightweb.dev\\\/l\\\/svm-temp\"],\"url\":\"https:\\\/\\\/lightweb.dev\\\/l\\\/svm-temp\\\/reporter\\\/redaktionen\\\/\"}]}<\/script>\n<!-- \/ Yoast SEO Premium plugin. -->","yoast_head_json":{"title":"Mycket uppskattat SWEA-event om kvinnoh\u00e4lsa - Svenska Magasinet","description":"SWEA Marbella senaste event p\u00e5 Svenska Kyrkan i Fuengirola blev en stor succ\u00e8 med \u00f6ver 50 h\u00e4rliga kvinnor som samlades f\u00f6r att l\u00e4ra sig mer om viktig kvinnoh\u00e4lsa. Med sp\u00e4nnande f\u00f6redrag av experter inom omr\u00e5det bj\u00f6ds deltagarna p\u00e5 en kv\u00e4ll full av kunskap och \u00f6ppna diskussioner.","robots":{"index":"noindex","follow":"follow","max-snippet":"max-snippet:-1","max-image-preview":"max-image-preview:large","max-video-preview":"max-video-preview:-1"},"og_locale":"sv_SE","og_type":"article","og_title":"Mycket uppskattat SWEA-event om kvinnoh\u00e4lsa","og_description":"SWEA Marbella senaste event p\u00e5 Svenska Kyrkan i Fuengirola blev en stor succ\u00e8 med \u00f6ver 50 h\u00e4rliga kvinnor som samlades f\u00f6r att l\u00e4ra sig mer om viktig kvinnoh\u00e4lsa. Med sp\u00e4nnande f\u00f6redrag av experter inom omr\u00e5det bj\u00f6ds deltagarna p\u00e5 en kv\u00e4ll full av kunskap och \u00f6ppna diskussioner.","og_url":"https:\/\/lightweb.dev\/l\/svm-temp\/artiklar\/vi-var-dar\/mycket-uppskattat-swea-event-om-kvinnohalsa\/","og_site_name":"Svenska Magasinet","article_publisher":"https:\/\/www.facebook.com\/svenskamagasinet","article_published_time":"2024-04-08T16:00:59+00:00","article_modified_time":"2024-04-08T20:13:00+00:00","og_image":[{"width":1280,"height":960,"url":"https:\/\/lightweb.dev\/l\/svm-temp\/wp-content\/uploads\/2024\/04\/IMG_7203-stor.jpeg","type":"image\/jpeg"}],"author":"Redaktionen SvM","twitter_card":"summary_large_image","twitter_creator":"@SvenskaMagasine","twitter_site":"@SvenskaMagasine","schema":{"@context":"https:\/\/schema.org","@graph":[{"@type":"Article","@id":"https:\/\/lightweb.dev\/l\/svm-temp\/artiklar\/vi-var-dar\/mycket-uppskattat-swea-event-om-kvinnohalsa\/#article","isPartOf":{"@id":"https:\/\/lightweb.dev\/l\/svm-temp\/artiklar\/vi-var-dar\/mycket-uppskattat-swea-event-om-kvinnohalsa\/"},"author":{"name":"Redaktionen SvM","@id":"https:\/\/lightweb.dev\/l\/svm-temp\/#\/schema\/person\/206a3bda5b607b0c25e1749191e4d837"},"headline":"Mycket uppskattat SWEA-event om kvinnoh\u00e4lsa","datePublished":"2024-04-08T16:00:59+00:00","dateModified":"2024-04-08T20:13:00+00:00","mainEntityOfPage":{"@id":"https:\/\/lightweb.dev\/l\/svm-temp\/artiklar\/vi-var-dar\/mycket-uppskattat-swea-event-om-kvinnohalsa\/"},"wordCount":246,"publisher":{"@id":"https:\/\/lightweb.dev\/l\/svm-temp\/#organization"},"image":{"@id":"https:\/\/lightweb.dev\/l\/svm-temp\/artiklar\/vi-var-dar\/mycket-uppskattat-swea-event-om-kvinnohalsa\/#primaryimage"},"thumbnailUrl":"https:\/\/lightweb.dev\/l\/svm-temp\/wp-content\/uploads\/2024\/04\/IMG_7203-stor.jpeg","articleSection":["Arkiv","Artiklar"],"inLanguage":"sv-SE"},{"@type":"WebPage","@id":"https:\/\/lightweb.dev\/l\/svm-temp\/artiklar\/vi-var-dar\/mycket-uppskattat-swea-event-om-kvinnohalsa\/","url":"https:\/\/lightweb.dev\/l\/svm-temp\/artiklar\/vi-var-dar\/mycket-uppskattat-swea-event-om-kvinnohalsa\/","name":"Mycket uppskattat SWEA-event om kvinnoh\u00e4lsa - Svenska Magasinet","isPartOf":{"@id":"https:\/\/lightweb.dev\/l\/svm-temp\/#website"},"primaryImageOfPage":{"@id":"https:\/\/lightweb.dev\/l\/svm-temp\/artiklar\/vi-var-dar\/mycket-uppskattat-swea-event-om-kvinnohalsa\/#primaryimage"},"image":{"@id":"https:\/\/lightweb.dev\/l\/svm-temp\/artiklar\/vi-var-dar\/mycket-uppskattat-swea-event-om-kvinnohalsa\/#primaryimage"},"thumbnailUrl":"https:\/\/lightweb.dev\/l\/svm-temp\/wp-content\/uploads\/2024\/04\/IMG_7203-stor.jpeg","datePublished":"2024-04-08T16:00:59+00:00","dateModified":"2024-04-08T20:13:00+00:00","description":"SWEA Marbella senaste event p\u00e5 Svenska Kyrkan i Fuengirola blev en stor succ\u00e8 med \u00f6ver 50 h\u00e4rliga kvinnor som samlades f\u00f6r att l\u00e4ra sig mer om viktig kvinnoh\u00e4lsa. Med sp\u00e4nnande f\u00f6redrag av experter inom omr\u00e5det bj\u00f6ds deltagarna p\u00e5 en kv\u00e4ll full av kunskap och \u00f6ppna diskussioner.","breadcrumb":{"@id":"https:\/\/lightweb.dev\/l\/svm-temp\/artiklar\/vi-var-dar\/mycket-uppskattat-swea-event-om-kvinnohalsa\/#breadcrumb"},"inLanguage":"sv-SE","potentialAction":[{"@type":"ReadAction","target":["https:\/\/lightweb.dev\/l\/svm-temp\/artiklar\/vi-var-dar\/mycket-uppskattat-swea-event-om-kvinnohalsa\/"]}]},{"@type":"ImageObject","inLanguage":"sv-SE","@id":"https:\/\/lightweb.dev\/l\/svm-temp\/artiklar\/vi-var-dar\/mycket-uppskattat-swea-event-om-kvinnohalsa\/#primaryimage","url":"https:\/\/lightweb.dev\/l\/svm-temp\/wp-content\/uploads\/2024\/04\/IMG_7203-stor.jpeg","contentUrl":"https:\/\/lightweb.dev\/l\/svm-temp\/wp-content\/uploads\/2024\/04\/IMG_7203-stor.jpeg","width":1280,"height":960},{"@type":"BreadcrumbList","@id":"https:\/\/lightweb.dev\/l\/svm-temp\/artiklar\/vi-var-dar\/mycket-uppskattat-swea-event-om-kvinnohalsa\/#breadcrumb","itemListElement":[{"@type":"ListItem","position":1,"name":"Hem","item":"https:\/\/lightweb.dev\/l\/svm-temp\/"},{"@type":"ListItem","position":2,"name":"Mycket uppskattat SWEA-event om kvinnoh\u00e4lsa"}]},{"@type":"WebSite","@id":"https:\/\/lightweb.dev\/l\/svm-temp\/#website","url":"https:\/\/lightweb.dev\/l\/svm-temp\/","name":"Svenska Magasinet","description":"Dina Spanska nyheter p&aring; Svenska","publisher":{"@id":"https:\/\/lightweb.dev\/l\/svm-temp\/#organization"},"potentialAction":[{"@type":"SearchAction","target":{"@type":"EntryPoint","urlTemplate":"https:\/\/lightweb.dev\/l\/svm-temp\/?s={search_term_string}"},"query-input":{"@type":"PropertyValueSpecification","valueRequired":true,"valueName":"search_term_string"}}],"inLanguage":"sv-SE"},{"@type":"Organization","@id":"https:\/\/lightweb.dev\/l\/svm-temp\/#organization","name":"Melkerson y Nott SL","alternateName":"Svenska Magasinet","url":"https:\/\/lightweb.dev\/l\/svm-temp\/","logo":{"@type":"ImageObject","inLanguage":"sv-SE","@id":"https:\/\/lightweb.dev\/l\/svm-temp\/#\/schema\/logo\/image\/","url":"https:\/\/lightweb.dev\/l\/svm-temp\/wp-content\/uploads\/2025\/02\/SvM-logo-Xtra-Centrerad-SVART.png","contentUrl":"https:\/\/lightweb.dev\/l\/svm-temp\/wp-content\/uploads\/2025\/02\/SvM-logo-Xtra-Centrerad-SVART.png","width":300,"height":99,"caption":"Melkerson y Nott SL"},"image":{"@id":"https:\/\/lightweb.dev\/l\/svm-temp\/#\/schema\/logo\/image\/"},"sameAs":["https:\/\/www.facebook.com\/svenskamagasinet","https:\/\/x.com\/SvenskaMagasine"]},{"@type":"Person","@id":"https:\/\/lightweb.dev\/l\/svm-temp\/#\/schema\/person\/206a3bda5b607b0c25e1749191e4d837","name":"Redaktionen SvM","description":"Redaktionen","sameAs":["https:\/\/lightweb.dev\/l\/svm-temp"],"url":"https:\/\/lightweb.dev\/l\/svm-temp\/reporter\/redaktionen\/"}]}},"_links":{"self":[{"href":"https:\/\/lightweb.dev\/l\/svm-temp\/wp-json\/wp\/v2\/posts\/70988","targetHints":{"allow":["GET"]}}],"collection":[{"href":"https:\/\/lightweb.dev\/l\/svm-temp\/wp-json\/wp\/v2\/posts"}],"about":[{"href":"https:\/\/lightweb.dev\/l\/svm-temp\/wp-json\/wp\/v2\/types\/post"}],"author":[{"embeddable":true,"href":"https:\/\/lightweb.dev\/l\/svm-temp\/wp-json\/wp\/v2\/users\/8"}],"replies":[{"embeddable":true,"href":"https:\/\/lightweb.dev\/l\/svm-temp\/wp-json\/wp\/v2\/comments?post=70988"}],"version-history":[{"count":0,"href":"https:\/\/lightweb.dev\/l\/svm-temp\/wp-json\/wp\/v2\/posts\/70988\/revisions"}],"wp:featuredmedia":[{"embeddable":true,"href":"https:\/\/lightweb.dev\/l\/svm-temp\/wp-json\/wp\/v2\/media\/70989"}],"wp:attachment":[{"href":"https:\/\/lightweb.dev\/l\/svm-temp\/wp-json\/wp\/v2\/media?parent=70988"}],"wp:term":[{"taxonomy":"category","embeddable":true,"href":"https:\/\/lightweb.dev\/l\/svm-temp\/wp-json\/wp\/v2\/categories?post=70988"},{"taxonomy":"post_tag","embeddable":true,"href":"https:\/\/lightweb.dev\/l\/svm-temp\/wp-json\/wp\/v2\/tags?post=70988"}],"curies":[{"name":"wp","href":"https:\/\/api.w.org\/{rel}","templated":true}]}}