{"id":71052,"date":"2024-04-10T11:30:32","date_gmt":"2024-04-10T09:30:32","guid":{"rendered":"https:\/\/lightweb.dev\/l\/svm-temp\/?p=71052"},"modified":"2024-04-30T12:18:18","modified_gmt":"2024-04-30T10:18:18","slug":"vikingar-och-overraskningar-nar-sverige-medverkar-vid-kulturdagar-i-fuengirola","status":"publish","type":"post","link":"https:\/\/lightweb.dev\/l\/svm-temp\/artiklar\/vikingar-och-overraskningar-nar-sverige-medverkar-vid-kulturdagar-i-fuengirola\/","title":{"rendered":"Vikingar och \u00f6verraskningar n\u00e4r Sverige medverkar vid kulturdagar i Fuengirola"},"content":{"rendered":"<p><strong>Den 1 till 5 maj \u00e4r det dags f\u00f6r Feria Internacional de los Pa\u00edses p\u00e5 feriaplatsen Recinto Ferial i Fuengirola.<\/strong><\/p>\n<p><strong>Det blir den 28:e upplagan och 32 l\u00e4nder medverkar. Sverige \u00e4r tillbaka med temat \u201dVikingar\u201d.<\/strong><\/p>\n<div id=\"attachment_71182\" style=\"width: 194px\" class=\"wp-caption alignleft\"><img loading=\"lazy\" decoding=\"async\" aria-describedby=\"caption-attachment-71182\" class=\"size-medium wp-image-71182\" src=\"https:\/\/lightweb.dev\/l\/svm-temp\/wp-content\/uploads\/2024\/04\/434447703_10161424869781322_5295179486830069200_n-stor-184x300.jpeg\" alt=\"\" width=\"184\" height=\"300\" srcset=\"https:\/\/lightweb.dev\/l\/svm-temp\/wp-content\/uploads\/2024\/04\/434447703_10161424869781322_5295179486830069200_n-stor-184x300.jpeg 184w, https:\/\/lightweb.dev\/l\/svm-temp\/wp-content\/uploads\/2024\/04\/434447703_10161424869781322_5295179486830069200_n-stor-551x900.jpeg 551w, https:\/\/lightweb.dev\/l\/svm-temp\/wp-content\/uploads\/2024\/04\/434447703_10161424869781322_5295179486830069200_n-stor-768x1255.jpeg 768w, https:\/\/lightweb.dev\/l\/svm-temp\/wp-content\/uploads\/2024\/04\/434447703_10161424869781322_5295179486830069200_n-stor-610x997.jpeg 610w, https:\/\/lightweb.dev\/l\/svm-temp\/wp-content\/uploads\/2024\/04\/434447703_10161424869781322_5295179486830069200_n-stor-600x981.jpeg 600w, https:\/\/lightweb.dev\/l\/svm-temp\/wp-content\/uploads\/2024\/04\/434447703_10161424869781322_5295179486830069200_n-stor.jpeg 783w\" sizes=\"(max-width: 184px) 100vw, 184px\" \/><p id=\"caption-attachment-71182\" class=\"wp-caption-text\">H\u00e4r ser du placeringen med l\u00e4nder.<\/p><\/div>\n<p>Det blir som vanligt dans, gastronomi, folklore och hantverk. Temat f\u00f6r Sveriges n\u00e4rvaro blir \u201dVikingar\u201d.<\/p>\n<p>&#8211; Det blir m\u00e5nga vikingar p\u00e5 stan under paraden. Dessutom ett artistg\u00e4ng fr\u00e5n Pite\u00e5 som ska dansa och sjunga ABBA-l\u00e5tar. Med 50-\u00e5rsjubil\u00e9et f\u00e5r ABBA en framtr\u00e4dande plats ocks\u00e5, s\u00e4ger Stefan Adolfsson som \u00e4r en av initiativtagarna till att Sverige g\u00f6r comeback p\u00e5 kulturfesten.<\/p>\n<h2>Fullsp\u00e4ckade dagar<\/h2>\n<p>Stefan Adolfsson jobbar normalt med marknadsf\u00f6ring mot Sverige och har tillbringat vinterm\u00e5naderna p\u00e5 Solkusten. Han har tidigare arrangerat festivaler och andra evenemang med Expressen under 20 \u00e5r.<\/p>\n<p>Tillsammans med Stefan Olsson, flygplanstekniker, och Peter Fransson, k\u00e4nd fr\u00e5n Franssons Polkagrisar i Gr\u00e4nna, l\u00e4ggs programmet upp inf\u00f6r fem fullsp\u00e4ckade dagar.<\/p>\n<p><img loading=\"lazy\" decoding=\"async\" class=\"alignleft wp-image-71054 size-medium\" src=\"https:\/\/lightweb.dev\/l\/svm-temp\/wp-content\/uploads\/2024\/04\/Skarmavbild-2024-04-10-kl.-11.15.21-stor-300x134.jpeg\" alt=\"Polkagrisar\" width=\"300\" height=\"134\" srcset=\"https:\/\/lightweb.dev\/l\/svm-temp\/wp-content\/uploads\/2024\/04\/Skarmavbild-2024-04-10-kl.-11.15.21-stor-300x134.jpeg 300w, https:\/\/lightweb.dev\/l\/svm-temp\/wp-content\/uploads\/2024\/04\/Skarmavbild-2024-04-10-kl.-11.15.21-stor-610x273.jpeg 610w, https:\/\/lightweb.dev\/l\/svm-temp\/wp-content\/uploads\/2024\/04\/Skarmavbild-2024-04-10-kl.-11.15.21-stor-600x269.jpeg 600w, https:\/\/lightweb.dev\/l\/svm-temp\/wp-content\/uploads\/2024\/04\/Skarmavbild-2024-04-10-kl.-11.15.21-stor.jpeg 677w\" sizes=\"(max-width: 300px) 100vw, 300px\" \/><\/p>\n<p>&#8211; Peter Fransson kommer att vara p\u00e5 plats i casetan och baka Polkagrisar varje dag mellan 14 och 16. Vi har \u00e4ven samarbete med Svenska skolan i Fuengirola p\u00e5 temat vikingar och eleverna st\u00e4ller ut sina verk i casetan.<\/p>\n<h2>Artister<\/h2>\n<div id=\"attachment_71057\" style=\"width: 235px\" class=\"wp-caption alignleft\"><img loading=\"lazy\" decoding=\"async\" aria-describedby=\"caption-attachment-71057\" class=\"size-medium wp-image-71057\" src=\"https:\/\/lightweb.dev\/l\/svm-temp\/wp-content\/uploads\/2024\/04\/4b061681-4105-49ce-b820-2ccab3b735c4-stor-225x300.jpeg\" alt=\"\" width=\"225\" height=\"300\" srcset=\"https:\/\/lightweb.dev\/l\/svm-temp\/wp-content\/uploads\/2024\/04\/4b061681-4105-49ce-b820-2ccab3b735c4-stor-225x300.jpeg 225w, https:\/\/lightweb.dev\/l\/svm-temp\/wp-content\/uploads\/2024\/04\/4b061681-4105-49ce-b820-2ccab3b735c4-stor-675x900.jpeg 675w, https:\/\/lightweb.dev\/l\/svm-temp\/wp-content\/uploads\/2024\/04\/4b061681-4105-49ce-b820-2ccab3b735c4-stor-610x813.jpeg 610w, https:\/\/lightweb.dev\/l\/svm-temp\/wp-content\/uploads\/2024\/04\/4b061681-4105-49ce-b820-2ccab3b735c4-stor-600x800.jpeg 600w, https:\/\/lightweb.dev\/l\/svm-temp\/wp-content\/uploads\/2024\/04\/4b061681-4105-49ce-b820-2ccab3b735c4-stor.jpeg 768w\" sizes=\"(max-width: 225px) 100vw, 225px\" \/><p id=\"caption-attachment-71057\" class=\"wp-caption-text\">Klockan 11.30 den 1 maj g\u00e5r paraden genom stan.<\/p><\/div>\n<p>Stefan Adolfsson har ett stort kontaktn\u00e4t i Sverige och sitter i nul\u00e4get och drar i de sista tr\u00e5darna.<\/p>\n<p>&#8211; Vi jobbar p\u00e5 lite \u00f6verraskningar med bes\u00f6k av Novel Jannusi fr\u00e5n Redone team som har producerat hits till v\u00e4rldsstj\u00e4rnor. Mange Schmidt som bland annat har gjort Glassigt \u00e4r p\u00e5 v\u00e4g. Det blir \u00e4ven A tribute to Europe med Marcus Zachrisson Rubin, Henrik Larsson &amp; Staffan \u00d6sterlind och rockklassiker samt Jai Northover, Alicia Salas Carranza och Rose Philippens.<\/p>\n<p>Artistakademin fr\u00e5n Pite\u00e5 medverkar med barnshower med mycket s\u00e5ng och dans samt medley med hits av de st\u00f6rsta svenska artisterna.<\/p>\n<p>I den svenska casetan blir det mat, underh\u00e5llning, levande musik och DJ samt dansband och schlagerfika med Olssons Sm\u00f6rg\u00e5s T\u00e5rta p\u00e5 torsdag den 2 maj samt s\u00f6ndag den 5 maj mellan 14 och 16.<\/p>\n<p>Det blir \u00e4ven en hel del ABBA med anledning av 50-\u00e5rsjubil\u00e9et.<\/p>\n<h2>Vikingab\u00e5t<\/h2>\n<p><img loading=\"lazy\" decoding=\"async\" class=\"size-medium wp-image-71055 alignright\" src=\"https:\/\/lightweb.dev\/l\/svm-temp\/wp-content\/uploads\/2024\/04\/434638338_10161431406581322_2531624379108705751_n-stor-225x300.jpeg\" alt=\"\" width=\"225\" height=\"300\" srcset=\"https:\/\/lightweb.dev\/l\/svm-temp\/wp-content\/uploads\/2024\/04\/434638338_10161431406581322_2531624379108705751_n-stor-225x300.jpeg 225w, https:\/\/lightweb.dev\/l\/svm-temp\/wp-content\/uploads\/2024\/04\/434638338_10161431406581322_2531624379108705751_n-stor-675x900.jpeg 675w, https:\/\/lightweb.dev\/l\/svm-temp\/wp-content\/uploads\/2024\/04\/434638338_10161431406581322_2531624379108705751_n-stor-610x813.jpeg 610w, https:\/\/lightweb.dev\/l\/svm-temp\/wp-content\/uploads\/2024\/04\/434638338_10161431406581322_2531624379108705751_n-stor-600x800.jpeg 600w, https:\/\/lightweb.dev\/l\/svm-temp\/wp-content\/uploads\/2024\/04\/434638338_10161431406581322_2531624379108705751_n-stor.jpeg 768w\" sizes=\"(max-width: 225px) 100vw, 225px\" \/><\/p>\n<p>Nyligen har Stefan Olsson avslutat jobbet med att bygga en vikingab\u00e5t som just nu ligger i en lokal i Mijas. Den ska transporteras till den svenska casetan.<\/p>\n<p>De internationella dagarna som festligheterna brukar kallas f\u00f6r i folkmun inleds klockan 11.30 den 1 maj med paraden genom stan. Omkring tusen deltagare brukar traditionsenligt g\u00e5 fr\u00e5n plaza de Espa\u00f1a framf\u00f6r kommunhuset till feriaplatsen kl\u00e4dda i folkdr\u00e4kter.<\/p>\n<h2>130 olika nationaliteter<\/h2>\n<p>Vid en presstr\u00e4ff ber\u00e4ttade kommunalr\u00e5det Jos\u00e9 Luis Ponce:<\/p>\n<p>\u2013 De internationella dagarna i Fuengirola \u00e4r mycket popul\u00e4ra och drar till sig stor uppm\u00e4rksamhet intresse i officiella medier och p\u00e5 sociala n\u00e4tverk. Det \u00e4r ett av de mest attraktiva festdagarna inte bara i provinsen M\u00e1laga utan i hela Andalusien.<\/p>\n<p>Femdagarsfesten \u00e5terspeglar vad Fuengirola st\u00e5r f\u00f6r som andalusisk och spansk stad som \u00f6ppnar sig f\u00f6r v\u00e4rlden, en plats d\u00e4r inte mindre \u00e4n 130 olika nationaliteter lever i samexistensen.<\/p>\n<p>Nya l\u00e4nder j\u00e4mf\u00f6rt med ifjol \u00e4r Italien, Libanon, Senegal och Sverige som g\u00f6r comeback.<\/p>\n<p>F\u00f6ljande l\u00e4nder medverkar: Tyskland, Argentina, Australien, Belgien, Bolivia, Brasilien, Bulgarien, Colombia, Kuba, Spanien, USA, Finland, Storbritannien, Grekland, Hawaii, Indien, Irland, Italien , Jamaica, Japan, Libanon, Marocko, Mexiko, Paraguay, Peru, Puerto Rico, Dominikanska republiken, Rum\u00e4nien, Senegal, Sverige, Turkiet, Uruguay och Venezuela.<\/p>\n<p>Nytt f\u00f6r i \u00e5r \u00e4r att festdagarna st\u00e4nger tidigare j\u00e4mf\u00f6rt med tidigare \u00e5r. N\u00e4tter mot arbetsdagar st\u00e4nger festligheterna klockan 2 j\u00e4mf\u00f6rt med klockan 4 tidigare.<\/p>\n","protected":false},"excerpt":{"rendered":"<p>Den 1 till 5 maj \u00e4r det dags f\u00f6r Feria Internacional de los Pa\u00edses p\u00e5 feriaplatsen Recinto Ferial i Fuengirola. Det blir den 28:e upplagan och 32 l\u00e4nder medverkar. Sverige \u00e4r tillbaka med temat \u201dVikingar\u201d&#8230;<\/p>\n","protected":false},"author":7,"featured_media":70025,"comment_status":"closed","ping_status":"closed","sticky":false,"template":"","format":"standard","meta":{"_et_pb_use_builder":"","_et_pb_old_content":"","_et_gb_content_width":"","footnotes":""},"categories":[4,45],"tags":[],"class_list":["post-71052","post","type-post","status-publish","format-standard","has-post-thumbnail","hentry","category-artiklar","category-kultur"],"yoast_head":"<!-- This site is optimized with the Yoast SEO Premium plugin v26.2 (Yoast SEO v27.5) - https:\/\/yoast.com\/product\/yoast-seo-premium-wordpress\/ -->\n<title>Vikingar och \u00f6verraskningar n\u00e4r Sverige medverkar vid kulturdagar i Fuengirola - Svenska Magasinet<\/title>\n<meta name=\"description\" content=\"Den 1 till 5 maj \u00e4r det dags f\u00f6r Feria Internacional de los Pa\u00edses p\u00e5 feriaplatsen Recinto Ferial i Fuengirola. Det blir den 28:e upplagan och 32 l\u00e4nder medverkar. Sverige \u00e4r tillbaka med temat \u201dVikingar\u201d.\" \/>\n<meta name=\"robots\" content=\"noindex, follow, max-snippet:-1, max-image-preview:large, max-video-preview:-1\" \/>\n<meta property=\"og:locale\" content=\"sv_SE\" \/>\n<meta property=\"og:type\" content=\"article\" \/>\n<meta property=\"og:title\" content=\"Vikingar och \u00f6verraskningar n\u00e4r Sverige medverkar vid kulturdagar i Fuengirola\" \/>\n<meta property=\"og:description\" content=\"Den 1 till 5 maj \u00e4r det dags f\u00f6r Feria Internacional de los Pa\u00edses p\u00e5 feriaplatsen Recinto Ferial i Fuengirola. Det blir den 28:e upplagan och 32 l\u00e4nder medverkar. Sverige \u00e4r tillbaka med temat \u201dVikingar\u201d.\" \/>\n<meta property=\"og:url\" content=\"https:\/\/lightweb.dev\/l\/svm-temp\/nyheter\/vikingar-och-overraskningar-nar-sverige-medverkar-vid-kulturdagar-i-fuengirola\/\" \/>\n<meta property=\"og:site_name\" content=\"Svenska Magasinet\" \/>\n<meta property=\"article:publisher\" content=\"https:\/\/www.facebook.com\/svenskamagasinet\" \/>\n<meta property=\"article:published_time\" content=\"2024-04-10T09:30:32+00:00\" \/>\n<meta property=\"article:modified_time\" content=\"2024-04-30T10:18:18+00:00\" \/>\n<meta property=\"og:image\" content=\"https:\/\/lightweb.dev\/l\/svm-temp\/wp-content\/uploads\/2024\/03\/FNR0-G4WUAAA-r-stor.jpeg\" \/>\n\t<meta property=\"og:image:width\" content=\"846\" \/>\n\t<meta property=\"og:image:height\" content=\"643\" \/>\n\t<meta property=\"og:image:type\" content=\"image\/jpeg\" \/>\n<meta name=\"author\" content=\"Ola Josefsson\" \/>\n<meta name=\"twitter:card\" content=\"summary_large_image\" \/>\n<meta name=\"twitter:creator\" content=\"@SvenskaMagasine\" \/>\n<meta name=\"twitter:site\" content=\"@SvenskaMagasine\" \/>\n<script type=\"application\/ld+json\" class=\"yoast-schema-graph\">{\"@context\":\"https:\\\/\\\/schema.org\",\"@graph\":[{\"@type\":\"Article\",\"@id\":\"https:\\\/\\\/lightweb.dev\\\/l\\\/svm-temp\\\/nyheter\\\/vikingar-och-overraskningar-nar-sverige-medverkar-vid-kulturdagar-i-fuengirola\\\/#article\",\"isPartOf\":{\"@id\":\"https:\\\/\\\/lightweb.dev\\\/l\\\/svm-temp\\\/nyheter\\\/vikingar-och-overraskningar-nar-sverige-medverkar-vid-kulturdagar-i-fuengirola\\\/\"},\"author\":{\"name\":\"Ola Josefsson\",\"@id\":\"https:\\\/\\\/lightweb.dev\\\/l\\\/svm-temp\\\/#\\\/schema\\\/person\\\/7a82b8a73d171d32360a564b6d03508e\"},\"headline\":\"Vikingar och \u00f6verraskningar n\u00e4r Sverige medverkar vid kulturdagar i Fuengirola\",\"datePublished\":\"2024-04-10T09:30:32+00:00\",\"dateModified\":\"2024-04-30T10:18:18+00:00\",\"mainEntityOfPage\":{\"@id\":\"https:\\\/\\\/lightweb.dev\\\/l\\\/svm-temp\\\/nyheter\\\/vikingar-och-overraskningar-nar-sverige-medverkar-vid-kulturdagar-i-fuengirola\\\/\"},\"wordCount\":648,\"publisher\":{\"@id\":\"https:\\\/\\\/lightweb.dev\\\/l\\\/svm-temp\\\/#organization\"},\"image\":{\"@id\":\"https:\\\/\\\/lightweb.dev\\\/l\\\/svm-temp\\\/nyheter\\\/vikingar-och-overraskningar-nar-sverige-medverkar-vid-kulturdagar-i-fuengirola\\\/#primaryimage\"},\"thumbnailUrl\":\"https:\\\/\\\/lightweb.dev\\\/l\\\/svm-temp\\\/wp-content\\\/uploads\\\/2024\\\/03\\\/FNR0-G4WUAAA-r-stor.jpeg\",\"articleSection\":[\"Artiklar\",\"Kultur &amp; historia\"],\"inLanguage\":\"sv-SE\"},{\"@type\":\"WebPage\",\"@id\":\"https:\\\/\\\/lightweb.dev\\\/l\\\/svm-temp\\\/nyheter\\\/vikingar-och-overraskningar-nar-sverige-medverkar-vid-kulturdagar-i-fuengirola\\\/\",\"url\":\"https:\\\/\\\/lightweb.dev\\\/l\\\/svm-temp\\\/nyheter\\\/vikingar-och-overraskningar-nar-sverige-medverkar-vid-kulturdagar-i-fuengirola\\\/\",\"name\":\"Vikingar och \u00f6verraskningar n\u00e4r Sverige medverkar vid kulturdagar i Fuengirola - Svenska Magasinet\",\"isPartOf\":{\"@id\":\"https:\\\/\\\/lightweb.dev\\\/l\\\/svm-temp\\\/#website\"},\"primaryImageOfPage\":{\"@id\":\"https:\\\/\\\/lightweb.dev\\\/l\\\/svm-temp\\\/nyheter\\\/vikingar-och-overraskningar-nar-sverige-medverkar-vid-kulturdagar-i-fuengirola\\\/#primaryimage\"},\"image\":{\"@id\":\"https:\\\/\\\/lightweb.dev\\\/l\\\/svm-temp\\\/nyheter\\\/vikingar-och-overraskningar-nar-sverige-medverkar-vid-kulturdagar-i-fuengirola\\\/#primaryimage\"},\"thumbnailUrl\":\"https:\\\/\\\/lightweb.dev\\\/l\\\/svm-temp\\\/wp-content\\\/uploads\\\/2024\\\/03\\\/FNR0-G4WUAAA-r-stor.jpeg\",\"datePublished\":\"2024-04-10T09:30:32+00:00\",\"dateModified\":\"2024-04-30T10:18:18+00:00\",\"description\":\"Den 1 till 5 maj \u00e4r det dags f\u00f6r Feria Internacional de los Pa\u00edses p\u00e5 feriaplatsen Recinto Ferial i Fuengirola. Det blir den 28:e upplagan och 32 l\u00e4nder medverkar. Sverige \u00e4r tillbaka med temat \u201dVikingar\u201d.\",\"breadcrumb\":{\"@id\":\"https:\\\/\\\/lightweb.dev\\\/l\\\/svm-temp\\\/nyheter\\\/vikingar-och-overraskningar-nar-sverige-medverkar-vid-kulturdagar-i-fuengirola\\\/#breadcrumb\"},\"inLanguage\":\"sv-SE\",\"potentialAction\":[{\"@type\":\"ReadAction\",\"target\":[\"https:\\\/\\\/lightweb.dev\\\/l\\\/svm-temp\\\/nyheter\\\/vikingar-och-overraskningar-nar-sverige-medverkar-vid-kulturdagar-i-fuengirola\\\/\"]}]},{\"@type\":\"ImageObject\",\"inLanguage\":\"sv-SE\",\"@id\":\"https:\\\/\\\/lightweb.dev\\\/l\\\/svm-temp\\\/nyheter\\\/vikingar-och-overraskningar-nar-sverige-medverkar-vid-kulturdagar-i-fuengirola\\\/#primaryimage\",\"url\":\"https:\\\/\\\/lightweb.dev\\\/l\\\/svm-temp\\\/wp-content\\\/uploads\\\/2024\\\/03\\\/FNR0-G4WUAAA-r-stor.jpeg\",\"contentUrl\":\"https:\\\/\\\/lightweb.dev\\\/l\\\/svm-temp\\\/wp-content\\\/uploads\\\/2024\\\/03\\\/FNR0-G4WUAAA-r-stor.jpeg\",\"width\":846,\"height\":643},{\"@type\":\"BreadcrumbList\",\"@id\":\"https:\\\/\\\/lightweb.dev\\\/l\\\/svm-temp\\\/nyheter\\\/vikingar-och-overraskningar-nar-sverige-medverkar-vid-kulturdagar-i-fuengirola\\\/#breadcrumb\",\"itemListElement\":[{\"@type\":\"ListItem\",\"position\":1,\"name\":\"Hem\",\"item\":\"https:\\\/\\\/lightweb.dev\\\/l\\\/svm-temp\\\/\"},{\"@type\":\"ListItem\",\"position\":2,\"name\":\"Vikingar och \u00f6verraskningar n\u00e4r Sverige medverkar vid kulturdagar i Fuengirola\"}]},{\"@type\":\"WebSite\",\"@id\":\"https:\\\/\\\/lightweb.dev\\\/l\\\/svm-temp\\\/#website\",\"url\":\"https:\\\/\\\/lightweb.dev\\\/l\\\/svm-temp\\\/\",\"name\":\"Svenska Magasinet\",\"description\":\"Dina Spanska nyheter p&aring; Svenska\",\"publisher\":{\"@id\":\"https:\\\/\\\/lightweb.dev\\\/l\\\/svm-temp\\\/#organization\"},\"potentialAction\":[{\"@type\":\"SearchAction\",\"target\":{\"@type\":\"EntryPoint\",\"urlTemplate\":\"https:\\\/\\\/lightweb.dev\\\/l\\\/svm-temp\\\/?s={search_term_string}\"},\"query-input\":{\"@type\":\"PropertyValueSpecification\",\"valueRequired\":true,\"valueName\":\"search_term_string\"}}],\"inLanguage\":\"sv-SE\"},{\"@type\":\"Organization\",\"@id\":\"https:\\\/\\\/lightweb.dev\\\/l\\\/svm-temp\\\/#organization\",\"name\":\"Melkerson y Nott SL\",\"alternateName\":\"Svenska Magasinet\",\"url\":\"https:\\\/\\\/lightweb.dev\\\/l\\\/svm-temp\\\/\",\"logo\":{\"@type\":\"ImageObject\",\"inLanguage\":\"sv-SE\",\"@id\":\"https:\\\/\\\/lightweb.dev\\\/l\\\/svm-temp\\\/#\\\/schema\\\/logo\\\/image\\\/\",\"url\":\"https:\\\/\\\/lightweb.dev\\\/l\\\/svm-temp\\\/wp-content\\\/uploads\\\/2025\\\/02\\\/SvM-logo-Xtra-Centrerad-SVART.png\",\"contentUrl\":\"https:\\\/\\\/lightweb.dev\\\/l\\\/svm-temp\\\/wp-content\\\/uploads\\\/2025\\\/02\\\/SvM-logo-Xtra-Centrerad-SVART.png\",\"width\":300,\"height\":99,\"caption\":\"Melkerson y Nott SL\"},\"image\":{\"@id\":\"https:\\\/\\\/lightweb.dev\\\/l\\\/svm-temp\\\/#\\\/schema\\\/logo\\\/image\\\/\"},\"sameAs\":[\"https:\\\/\\\/www.facebook.com\\\/svenskamagasinet\",\"https:\\\/\\\/x.com\\\/SvenskaMagasine\"]},{\"@type\":\"Person\",\"@id\":\"https:\\\/\\\/lightweb.dev\\\/l\\\/svm-temp\\\/#\\\/schema\\\/person\\\/7a82b8a73d171d32360a564b6d03508e\",\"name\":\"Ola Josefsson\",\"description\":\"Bevakar Solkusten och Spanien sedan 1994.\",\"sameAs\":[\"https:\\\/\\\/lightweb.dev\\\/l\\\/svm-temp\"],\"url\":\"https:\\\/\\\/lightweb.dev\\\/l\\\/svm-temp\\\/reporter\\\/ola-josefsson\\\/\"}]}<\/script>\n<!-- \/ Yoast SEO Premium plugin. -->","yoast_head_json":{"title":"Vikingar och \u00f6verraskningar n\u00e4r Sverige medverkar vid kulturdagar i Fuengirola - Svenska Magasinet","description":"Den 1 till 5 maj \u00e4r det dags f\u00f6r Feria Internacional de los Pa\u00edses p\u00e5 feriaplatsen Recinto Ferial i Fuengirola. Det blir den 28:e upplagan och 32 l\u00e4nder medverkar. Sverige \u00e4r tillbaka med temat \u201dVikingar\u201d.","robots":{"index":"noindex","follow":"follow","max-snippet":"max-snippet:-1","max-image-preview":"max-image-preview:large","max-video-preview":"max-video-preview:-1"},"og_locale":"sv_SE","og_type":"article","og_title":"Vikingar och \u00f6verraskningar n\u00e4r Sverige medverkar vid kulturdagar i Fuengirola","og_description":"Den 1 till 5 maj \u00e4r det dags f\u00f6r Feria Internacional de los Pa\u00edses p\u00e5 feriaplatsen Recinto Ferial i Fuengirola. Det blir den 28:e upplagan och 32 l\u00e4nder medverkar. Sverige \u00e4r tillbaka med temat \u201dVikingar\u201d.","og_url":"https:\/\/lightweb.dev\/l\/svm-temp\/nyheter\/vikingar-och-overraskningar-nar-sverige-medverkar-vid-kulturdagar-i-fuengirola\/","og_site_name":"Svenska Magasinet","article_publisher":"https:\/\/www.facebook.com\/svenskamagasinet","article_published_time":"2024-04-10T09:30:32+00:00","article_modified_time":"2024-04-30T10:18:18+00:00","og_image":[{"width":846,"height":643,"url":"https:\/\/lightweb.dev\/l\/svm-temp\/wp-content\/uploads\/2024\/03\/FNR0-G4WUAAA-r-stor.jpeg","type":"image\/jpeg"}],"author":"Ola Josefsson","twitter_card":"summary_large_image","twitter_creator":"@SvenskaMagasine","twitter_site":"@SvenskaMagasine","schema":{"@context":"https:\/\/schema.org","@graph":[{"@type":"Article","@id":"https:\/\/lightweb.dev\/l\/svm-temp\/nyheter\/vikingar-och-overraskningar-nar-sverige-medverkar-vid-kulturdagar-i-fuengirola\/#article","isPartOf":{"@id":"https:\/\/lightweb.dev\/l\/svm-temp\/nyheter\/vikingar-och-overraskningar-nar-sverige-medverkar-vid-kulturdagar-i-fuengirola\/"},"author":{"name":"Ola Josefsson","@id":"https:\/\/lightweb.dev\/l\/svm-temp\/#\/schema\/person\/7a82b8a73d171d32360a564b6d03508e"},"headline":"Vikingar och \u00f6verraskningar n\u00e4r Sverige medverkar vid kulturdagar i Fuengirola","datePublished":"2024-04-10T09:30:32+00:00","dateModified":"2024-04-30T10:18:18+00:00","mainEntityOfPage":{"@id":"https:\/\/lightweb.dev\/l\/svm-temp\/nyheter\/vikingar-och-overraskningar-nar-sverige-medverkar-vid-kulturdagar-i-fuengirola\/"},"wordCount":648,"publisher":{"@id":"https:\/\/lightweb.dev\/l\/svm-temp\/#organization"},"image":{"@id":"https:\/\/lightweb.dev\/l\/svm-temp\/nyheter\/vikingar-och-overraskningar-nar-sverige-medverkar-vid-kulturdagar-i-fuengirola\/#primaryimage"},"thumbnailUrl":"https:\/\/lightweb.dev\/l\/svm-temp\/wp-content\/uploads\/2024\/03\/FNR0-G4WUAAA-r-stor.jpeg","articleSection":["Artiklar","Kultur &amp; historia"],"inLanguage":"sv-SE"},{"@type":"WebPage","@id":"https:\/\/lightweb.dev\/l\/svm-temp\/nyheter\/vikingar-och-overraskningar-nar-sverige-medverkar-vid-kulturdagar-i-fuengirola\/","url":"https:\/\/lightweb.dev\/l\/svm-temp\/nyheter\/vikingar-och-overraskningar-nar-sverige-medverkar-vid-kulturdagar-i-fuengirola\/","name":"Vikingar och \u00f6verraskningar n\u00e4r Sverige medverkar vid kulturdagar i Fuengirola - Svenska Magasinet","isPartOf":{"@id":"https:\/\/lightweb.dev\/l\/svm-temp\/#website"},"primaryImageOfPage":{"@id":"https:\/\/lightweb.dev\/l\/svm-temp\/nyheter\/vikingar-och-overraskningar-nar-sverige-medverkar-vid-kulturdagar-i-fuengirola\/#primaryimage"},"image":{"@id":"https:\/\/lightweb.dev\/l\/svm-temp\/nyheter\/vikingar-och-overraskningar-nar-sverige-medverkar-vid-kulturdagar-i-fuengirola\/#primaryimage"},"thumbnailUrl":"https:\/\/lightweb.dev\/l\/svm-temp\/wp-content\/uploads\/2024\/03\/FNR0-G4WUAAA-r-stor.jpeg","datePublished":"2024-04-10T09:30:32+00:00","dateModified":"2024-04-30T10:18:18+00:00","description":"Den 1 till 5 maj \u00e4r det dags f\u00f6r Feria Internacional de los Pa\u00edses p\u00e5 feriaplatsen Recinto Ferial i Fuengirola. Det blir den 28:e upplagan och 32 l\u00e4nder medverkar. Sverige \u00e4r tillbaka med temat \u201dVikingar\u201d.","breadcrumb":{"@id":"https:\/\/lightweb.dev\/l\/svm-temp\/nyheter\/vikingar-och-overraskningar-nar-sverige-medverkar-vid-kulturdagar-i-fuengirola\/#breadcrumb"},"inLanguage":"sv-SE","potentialAction":[{"@type":"ReadAction","target":["https:\/\/lightweb.dev\/l\/svm-temp\/nyheter\/vikingar-och-overraskningar-nar-sverige-medverkar-vid-kulturdagar-i-fuengirola\/"]}]},{"@type":"ImageObject","inLanguage":"sv-SE","@id":"https:\/\/lightweb.dev\/l\/svm-temp\/nyheter\/vikingar-och-overraskningar-nar-sverige-medverkar-vid-kulturdagar-i-fuengirola\/#primaryimage","url":"https:\/\/lightweb.dev\/l\/svm-temp\/wp-content\/uploads\/2024\/03\/FNR0-G4WUAAA-r-stor.jpeg","contentUrl":"https:\/\/lightweb.dev\/l\/svm-temp\/wp-content\/uploads\/2024\/03\/FNR0-G4WUAAA-r-stor.jpeg","width":846,"height":643},{"@type":"BreadcrumbList","@id":"https:\/\/lightweb.dev\/l\/svm-temp\/nyheter\/vikingar-och-overraskningar-nar-sverige-medverkar-vid-kulturdagar-i-fuengirola\/#breadcrumb","itemListElement":[{"@type":"ListItem","position":1,"name":"Hem","item":"https:\/\/lightweb.dev\/l\/svm-temp\/"},{"@type":"ListItem","position":2,"name":"Vikingar och \u00f6verraskningar n\u00e4r Sverige medverkar vid kulturdagar i Fuengirola"}]},{"@type":"WebSite","@id":"https:\/\/lightweb.dev\/l\/svm-temp\/#website","url":"https:\/\/lightweb.dev\/l\/svm-temp\/","name":"Svenska Magasinet","description":"Dina Spanska nyheter p&aring; Svenska","publisher":{"@id":"https:\/\/lightweb.dev\/l\/svm-temp\/#organization"},"potentialAction":[{"@type":"SearchAction","target":{"@type":"EntryPoint","urlTemplate":"https:\/\/lightweb.dev\/l\/svm-temp\/?s={search_term_string}"},"query-input":{"@type":"PropertyValueSpecification","valueRequired":true,"valueName":"search_term_string"}}],"inLanguage":"sv-SE"},{"@type":"Organization","@id":"https:\/\/lightweb.dev\/l\/svm-temp\/#organization","name":"Melkerson y Nott SL","alternateName":"Svenska Magasinet","url":"https:\/\/lightweb.dev\/l\/svm-temp\/","logo":{"@type":"ImageObject","inLanguage":"sv-SE","@id":"https:\/\/lightweb.dev\/l\/svm-temp\/#\/schema\/logo\/image\/","url":"https:\/\/lightweb.dev\/l\/svm-temp\/wp-content\/uploads\/2025\/02\/SvM-logo-Xtra-Centrerad-SVART.png","contentUrl":"https:\/\/lightweb.dev\/l\/svm-temp\/wp-content\/uploads\/2025\/02\/SvM-logo-Xtra-Centrerad-SVART.png","width":300,"height":99,"caption":"Melkerson y Nott SL"},"image":{"@id":"https:\/\/lightweb.dev\/l\/svm-temp\/#\/schema\/logo\/image\/"},"sameAs":["https:\/\/www.facebook.com\/svenskamagasinet","https:\/\/x.com\/SvenskaMagasine"]},{"@type":"Person","@id":"https:\/\/lightweb.dev\/l\/svm-temp\/#\/schema\/person\/7a82b8a73d171d32360a564b6d03508e","name":"Ola Josefsson","description":"Bevakar Solkusten och Spanien sedan 1994.","sameAs":["https:\/\/lightweb.dev\/l\/svm-temp"],"url":"https:\/\/lightweb.dev\/l\/svm-temp\/reporter\/ola-josefsson\/"}]}},"_links":{"self":[{"href":"https:\/\/lightweb.dev\/l\/svm-temp\/wp-json\/wp\/v2\/posts\/71052","targetHints":{"allow":["GET"]}}],"collection":[{"href":"https:\/\/lightweb.dev\/l\/svm-temp\/wp-json\/wp\/v2\/posts"}],"about":[{"href":"https:\/\/lightweb.dev\/l\/svm-temp\/wp-json\/wp\/v2\/types\/post"}],"author":[{"embeddable":true,"href":"https:\/\/lightweb.dev\/l\/svm-temp\/wp-json\/wp\/v2\/users\/7"}],"replies":[{"embeddable":true,"href":"https:\/\/lightweb.dev\/l\/svm-temp\/wp-json\/wp\/v2\/comments?post=71052"}],"version-history":[{"count":0,"href":"https:\/\/lightweb.dev\/l\/svm-temp\/wp-json\/wp\/v2\/posts\/71052\/revisions"}],"wp:featuredmedia":[{"embeddable":true,"href":"https:\/\/lightweb.dev\/l\/svm-temp\/wp-json\/wp\/v2\/media\/70025"}],"wp:attachment":[{"href":"https:\/\/lightweb.dev\/l\/svm-temp\/wp-json\/wp\/v2\/media?parent=71052"}],"wp:term":[{"taxonomy":"category","embeddable":true,"href":"https:\/\/lightweb.dev\/l\/svm-temp\/wp-json\/wp\/v2\/categories?post=71052"},{"taxonomy":"post_tag","embeddable":true,"href":"https:\/\/lightweb.dev\/l\/svm-temp\/wp-json\/wp\/v2\/tags?post=71052"}],"curies":[{"name":"wp","href":"https:\/\/api.w.org\/{rel}","templated":true}]}}