{"id":71060,"date":"2024-04-15T01:00:16","date_gmt":"2024-04-14T23:00:16","guid":{"rendered":"https:\/\/lightweb.dev\/l\/svm-temp\/?p=71060"},"modified":"2024-04-10T12:18:36","modified_gmt":"2024-04-10T10:18:36","slug":"vi-besoker-korttidsskolan-i-marbella","status":"publish","type":"post","link":"https:\/\/lightweb.dev\/l\/svm-temp\/artiklar\/vi-besoker-korttidsskolan-i-marbella\/","title":{"rendered":"Vi bes\u00f6ker korttidsskolan i Marbella"},"content":{"rendered":"<p><strong>AnnaKarin och Jessica som driver Korttidsskolan visar mig sina mysiga lokaler och ber\u00e4ttar med stolthet om sin mycket uppskattade verksamhet.<\/strong><\/p>\n<p><strong>Vi k\u00e4nner varandra sen l\u00e4nge och ville g\u00f6ra n\u00e5got tillsammans.<\/strong><\/p>\n<div id=\"attachment_71065\" style=\"width: 235px\" class=\"wp-caption alignleft\"><img loading=\"lazy\" decoding=\"async\" aria-describedby=\"caption-attachment-71065\" class=\"size-medium wp-image-71065\" src=\"https:\/\/lightweb.dev\/l\/svm-temp\/wp-content\/uploads\/2024\/04\/image1-stor-225x300.jpeg\" alt=\"\" width=\"225\" height=\"300\" srcset=\"https:\/\/lightweb.dev\/l\/svm-temp\/wp-content\/uploads\/2024\/04\/image1-stor-225x300.jpeg 225w, https:\/\/lightweb.dev\/l\/svm-temp\/wp-content\/uploads\/2024\/04\/image1-stor-675x900.jpeg 675w, https:\/\/lightweb.dev\/l\/svm-temp\/wp-content\/uploads\/2024\/04\/image1-stor-768x1024.jpeg 768w, https:\/\/lightweb.dev\/l\/svm-temp\/wp-content\/uploads\/2024\/04\/image1-stor-610x813.jpeg 610w, https:\/\/lightweb.dev\/l\/svm-temp\/wp-content\/uploads\/2024\/04\/image1-stor-600x800.jpeg 600w, https:\/\/lightweb.dev\/l\/svm-temp\/wp-content\/uploads\/2024\/04\/image1-stor.jpeg 960w\" sizes=\"(max-width: 225px) 100vw, 225px\" \/><p id=\"caption-attachment-71065\" class=\"wp-caption-text\">Jessica &amp; AnnaKarin driver svenska korttidsskolan.<\/p><\/div>\n<p>V\u00e5ra erfarenheter fick oss att starta en Korttidsskola som vi k\u00e4nde saknades h\u00e4r. Familjerna som anlitar oss \u00e5terkommer g\u00e5ng p\u00e5 g\u00e5ng, och det \u00e4r ett bevis p\u00e5 att vi har lyckats.<\/p>\n<p>Vi \u00e4r ett andningsh\u00e5l f\u00f6r f\u00f6r\u00e4ldrar som dr\u00f6mmer om mer tid utomlands, att kanske f\u00f6rl\u00e4nga barnens skollov eller helt enkelt bara vistas mer i sol och v\u00e4rme. M\u00e5nga kan ju \u00e4ven arbeta p\u00e5 distans idag. Vi g\u00f6r det m\u00f6jligt, att dessutom f\u00e5 vara med p\u00e5 svenska familjers \u00e4ventyr och det \u00e4r verkligen n\u00e5got vi uppskattar!<\/p>\n<p>M\u00e5nga familjer provar p\u00e5 sin dr\u00f6m med att flytta utomlands med hj\u00e4lp av oss. N\u00e4r de sen best\u00e4mt sig f\u00f6r att flytta p\u00e5 heltid bollar vi dom vidare till Svenska Skolan i Marbella eller Fuengirola som b\u00e5da tv\u00e5 erbjuder godk\u00e4nda svenska skolor h\u00e4r nere p\u00e5 heltid. Vi \u00e4r som sagt endast ett korttidskomplement.<\/p>\n<p>Vi har \u00f6ppet fr\u00e5n oktober till maj och vi erbjuder Kidsclub fr\u00e5n 3 \u00e5r och korttidsskola upp till \u00e5rskurs 6. Efter skoltid erbjuder vi v\u00e5r idrottsprofil. F\u00f6r\u00e4ldrarna uppskattar att det \u00e4r p\u00e5 samma st\u00e4lle som skolan och beh\u00f6ver inte skjutsa till sportaktivitet efter skoltid. Vi \u00e4r mycket stolta \u00f6ver v\u00e5ra pedagoger!<\/p>\n<p><img loading=\"lazy\" decoding=\"async\" class=\"size-medium wp-image-71066 alignleft\" src=\"https:\/\/lightweb.dev\/l\/svm-temp\/wp-content\/uploads\/2024\/04\/IMG_5088-stor-225x300.jpeg\" alt=\"\" width=\"225\" height=\"300\" srcset=\"https:\/\/lightweb.dev\/l\/svm-temp\/wp-content\/uploads\/2024\/04\/IMG_5088-stor-225x300.jpeg 225w, https:\/\/lightweb.dev\/l\/svm-temp\/wp-content\/uploads\/2024\/04\/IMG_5088-stor-675x900.jpeg 675w, https:\/\/lightweb.dev\/l\/svm-temp\/wp-content\/uploads\/2024\/04\/IMG_5088-stor-768x1024.jpeg 768w, https:\/\/lightweb.dev\/l\/svm-temp\/wp-content\/uploads\/2024\/04\/IMG_5088-stor-610x813.jpeg 610w, https:\/\/lightweb.dev\/l\/svm-temp\/wp-content\/uploads\/2024\/04\/IMG_5088-stor-600x800.jpeg 600w, https:\/\/lightweb.dev\/l\/svm-temp\/wp-content\/uploads\/2024\/04\/IMG_5088-stor.jpeg 960w\" sizes=\"(max-width: 225px) 100vw, 225px\" \/><\/p>\n<p>Det \u00e4r ett h\u00e4rligt g\u00e4ng! I skolan har vi alltid l\u00e4rare med svensk l\u00e4rarlegitimation.<\/p>\n<p>Alla elever hos oss arbetar individuellt med eget medtaget material fr\u00e5n skolan i Sverige, se eleven \u00e4r p\u00e5 samma niv\u00e5 som sina klasskamrater vid sin hemkomst.<\/p>\n<p>Vi \u00e4r mycket uppskattade och f\u00e5r verkligen fin respons fr\u00e5n skolorna i Sverige.<\/p>\n<p>Att vi redan g\u00e5r in p\u00e5 v\u00e5rt 4:e \u00e5r till h\u00f6sten \u00e4r helt fantastiskt! \u00c4r du nyfiken p\u00e5 v\u00e5r verksamhet s\u00e5 \u00e4r du varmt v\u00e4lkommen att kontakta oss.<\/p>\n<p>Kontakt: info@svenskaskolanbanus.com<\/p>\n","protected":false},"excerpt":{"rendered":"<p>AnnaKarin och Jessica som driver Korttidsskolan visar mig sina mysiga lokaler och ber\u00e4ttar med stolthet om sin mycket uppskattade verksamhet. Vi k\u00e4nner varandra sen l\u00e4nge och ville g\u00f6ra n\u00e5got tillsammans&#8230;<\/p>\n","protected":false},"author":8,"featured_media":71064,"comment_status":"closed","ping_status":"closed","sticky":false,"template":"","format":"standard","meta":{"_et_pb_use_builder":"","_et_pb_old_content":"","_et_gb_content_width":"","footnotes":""},"categories":[396,4],"tags":[],"class_list":["post-71060","post","type-post","status-publish","format-standard","has-post-thumbnail","hentry","category-arkiv-artiklar","category-artiklar"],"yoast_head":"<!-- This site is optimized with the Yoast SEO Premium plugin v26.2 (Yoast SEO v27.5) - https:\/\/yoast.com\/product\/yoast-seo-premium-wordpress\/ -->\n<title>Vi bes\u00f6ker korttidsskolan i Marbella - Svenska Magasinet<\/title>\n<meta name=\"description\" content=\"AnnaKarin och Jessica som driver Korttidsskolan visar mig sina mysiga lokaler och ber\u00e4ttar med stolthet om sin mycket uppskattade verksamhet. Vi k\u00e4nner varandra sen l\u00e4nge och ville g\u00f6ra n\u00e5got tillsammans.\" \/>\n<meta name=\"robots\" content=\"noindex, follow, max-snippet:-1, max-image-preview:large, max-video-preview:-1\" \/>\n<meta property=\"og:locale\" content=\"sv_SE\" \/>\n<meta property=\"og:type\" content=\"article\" \/>\n<meta property=\"og:title\" content=\"Vi bes\u00f6ker korttidsskolan i Marbella\" \/>\n<meta property=\"og:description\" content=\"AnnaKarin och Jessica som driver Korttidsskolan visar mig sina mysiga lokaler och ber\u00e4ttar med stolthet om sin mycket uppskattade verksamhet. Vi k\u00e4nner varandra sen l\u00e4nge och ville g\u00f6ra n\u00e5got tillsammans.\" \/>\n<meta property=\"og:url\" content=\"https:\/\/lightweb.dev\/l\/svm-temp\/artiklar\/vi-besoker-korttidsskolan-i-marbella\/\" \/>\n<meta property=\"og:site_name\" content=\"Svenska Magasinet\" \/>\n<meta property=\"article:publisher\" content=\"https:\/\/www.facebook.com\/svenskamagasinet\" \/>\n<meta property=\"article:published_time\" content=\"2024-04-14T23:00:16+00:00\" \/>\n<meta property=\"og:image\" content=\"https:\/\/lightweb.dev\/l\/svm-temp\/wp-content\/uploads\/2024\/04\/IMG_0860-stor.jpeg\" \/>\n\t<meta property=\"og:image:width\" content=\"1280\" \/>\n\t<meta property=\"og:image:height\" content=\"853\" \/>\n\t<meta property=\"og:image:type\" content=\"image\/jpeg\" \/>\n<meta name=\"author\" content=\"Redaktionen SvM\" \/>\n<meta name=\"twitter:card\" content=\"summary_large_image\" \/>\n<meta name=\"twitter:creator\" content=\"@SvenskaMagasine\" \/>\n<meta name=\"twitter:site\" content=\"@SvenskaMagasine\" \/>\n<script type=\"application\/ld+json\" class=\"yoast-schema-graph\">{\"@context\":\"https:\\\/\\\/schema.org\",\"@graph\":[{\"@type\":\"Article\",\"@id\":\"https:\\\/\\\/lightweb.dev\\\/l\\\/svm-temp\\\/artiklar\\\/vi-besoker-korttidsskolan-i-marbella\\\/#article\",\"isPartOf\":{\"@id\":\"https:\\\/\\\/lightweb.dev\\\/l\\\/svm-temp\\\/artiklar\\\/vi-besoker-korttidsskolan-i-marbella\\\/\"},\"author\":{\"name\":\"Redaktionen SvM\",\"@id\":\"https:\\\/\\\/lightweb.dev\\\/l\\\/svm-temp\\\/#\\\/schema\\\/person\\\/206a3bda5b607b0c25e1749191e4d837\"},\"headline\":\"Vi bes\u00f6ker korttidsskolan i Marbella\",\"datePublished\":\"2024-04-14T23:00:16+00:00\",\"mainEntityOfPage\":{\"@id\":\"https:\\\/\\\/lightweb.dev\\\/l\\\/svm-temp\\\/artiklar\\\/vi-besoker-korttidsskolan-i-marbella\\\/\"},\"wordCount\":373,\"publisher\":{\"@id\":\"https:\\\/\\\/lightweb.dev\\\/l\\\/svm-temp\\\/#organization\"},\"image\":{\"@id\":\"https:\\\/\\\/lightweb.dev\\\/l\\\/svm-temp\\\/artiklar\\\/vi-besoker-korttidsskolan-i-marbella\\\/#primaryimage\"},\"thumbnailUrl\":\"https:\\\/\\\/lightweb.dev\\\/l\\\/svm-temp\\\/wp-content\\\/uploads\\\/2024\\\/04\\\/IMG_0860-stor.jpeg\",\"articleSection\":[\"Arkiv\",\"Artiklar\"],\"inLanguage\":\"sv-SE\"},{\"@type\":\"WebPage\",\"@id\":\"https:\\\/\\\/lightweb.dev\\\/l\\\/svm-temp\\\/artiklar\\\/vi-besoker-korttidsskolan-i-marbella\\\/\",\"url\":\"https:\\\/\\\/lightweb.dev\\\/l\\\/svm-temp\\\/artiklar\\\/vi-besoker-korttidsskolan-i-marbella\\\/\",\"name\":\"Vi bes\u00f6ker korttidsskolan i Marbella - Svenska Magasinet\",\"isPartOf\":{\"@id\":\"https:\\\/\\\/lightweb.dev\\\/l\\\/svm-temp\\\/#website\"},\"primaryImageOfPage\":{\"@id\":\"https:\\\/\\\/lightweb.dev\\\/l\\\/svm-temp\\\/artiklar\\\/vi-besoker-korttidsskolan-i-marbella\\\/#primaryimage\"},\"image\":{\"@id\":\"https:\\\/\\\/lightweb.dev\\\/l\\\/svm-temp\\\/artiklar\\\/vi-besoker-korttidsskolan-i-marbella\\\/#primaryimage\"},\"thumbnailUrl\":\"https:\\\/\\\/lightweb.dev\\\/l\\\/svm-temp\\\/wp-content\\\/uploads\\\/2024\\\/04\\\/IMG_0860-stor.jpeg\",\"datePublished\":\"2024-04-14T23:00:16+00:00\",\"description\":\"AnnaKarin och Jessica som driver Korttidsskolan visar mig sina mysiga lokaler och ber\u00e4ttar med stolthet om sin mycket uppskattade verksamhet. Vi k\u00e4nner varandra sen l\u00e4nge och ville g\u00f6ra n\u00e5got tillsammans.\",\"breadcrumb\":{\"@id\":\"https:\\\/\\\/lightweb.dev\\\/l\\\/svm-temp\\\/artiklar\\\/vi-besoker-korttidsskolan-i-marbella\\\/#breadcrumb\"},\"inLanguage\":\"sv-SE\",\"potentialAction\":[{\"@type\":\"ReadAction\",\"target\":[\"https:\\\/\\\/lightweb.dev\\\/l\\\/svm-temp\\\/artiklar\\\/vi-besoker-korttidsskolan-i-marbella\\\/\"]}]},{\"@type\":\"ImageObject\",\"inLanguage\":\"sv-SE\",\"@id\":\"https:\\\/\\\/lightweb.dev\\\/l\\\/svm-temp\\\/artiklar\\\/vi-besoker-korttidsskolan-i-marbella\\\/#primaryimage\",\"url\":\"https:\\\/\\\/lightweb.dev\\\/l\\\/svm-temp\\\/wp-content\\\/uploads\\\/2024\\\/04\\\/IMG_0860-stor.jpeg\",\"contentUrl\":\"https:\\\/\\\/lightweb.dev\\\/l\\\/svm-temp\\\/wp-content\\\/uploads\\\/2024\\\/04\\\/IMG_0860-stor.jpeg\",\"width\":1280,\"height\":853},{\"@type\":\"BreadcrumbList\",\"@id\":\"https:\\\/\\\/lightweb.dev\\\/l\\\/svm-temp\\\/artiklar\\\/vi-besoker-korttidsskolan-i-marbella\\\/#breadcrumb\",\"itemListElement\":[{\"@type\":\"ListItem\",\"position\":1,\"name\":\"Hem\",\"item\":\"https:\\\/\\\/lightweb.dev\\\/l\\\/svm-temp\\\/\"},{\"@type\":\"ListItem\",\"position\":2,\"name\":\"Vi bes\u00f6ker korttidsskolan i Marbella\"}]},{\"@type\":\"WebSite\",\"@id\":\"https:\\\/\\\/lightweb.dev\\\/l\\\/svm-temp\\\/#website\",\"url\":\"https:\\\/\\\/lightweb.dev\\\/l\\\/svm-temp\\\/\",\"name\":\"Svenska Magasinet\",\"description\":\"Dina Spanska nyheter p&aring; Svenska\",\"publisher\":{\"@id\":\"https:\\\/\\\/lightweb.dev\\\/l\\\/svm-temp\\\/#organization\"},\"potentialAction\":[{\"@type\":\"SearchAction\",\"target\":{\"@type\":\"EntryPoint\",\"urlTemplate\":\"https:\\\/\\\/lightweb.dev\\\/l\\\/svm-temp\\\/?s={search_term_string}\"},\"query-input\":{\"@type\":\"PropertyValueSpecification\",\"valueRequired\":true,\"valueName\":\"search_term_string\"}}],\"inLanguage\":\"sv-SE\"},{\"@type\":\"Organization\",\"@id\":\"https:\\\/\\\/lightweb.dev\\\/l\\\/svm-temp\\\/#organization\",\"name\":\"Melkerson y Nott SL\",\"alternateName\":\"Svenska Magasinet\",\"url\":\"https:\\\/\\\/lightweb.dev\\\/l\\\/svm-temp\\\/\",\"logo\":{\"@type\":\"ImageObject\",\"inLanguage\":\"sv-SE\",\"@id\":\"https:\\\/\\\/lightweb.dev\\\/l\\\/svm-temp\\\/#\\\/schema\\\/logo\\\/image\\\/\",\"url\":\"https:\\\/\\\/lightweb.dev\\\/l\\\/svm-temp\\\/wp-content\\\/uploads\\\/2025\\\/02\\\/SvM-logo-Xtra-Centrerad-SVART.png\",\"contentUrl\":\"https:\\\/\\\/lightweb.dev\\\/l\\\/svm-temp\\\/wp-content\\\/uploads\\\/2025\\\/02\\\/SvM-logo-Xtra-Centrerad-SVART.png\",\"width\":300,\"height\":99,\"caption\":\"Melkerson y Nott SL\"},\"image\":{\"@id\":\"https:\\\/\\\/lightweb.dev\\\/l\\\/svm-temp\\\/#\\\/schema\\\/logo\\\/image\\\/\"},\"sameAs\":[\"https:\\\/\\\/www.facebook.com\\\/svenskamagasinet\",\"https:\\\/\\\/x.com\\\/SvenskaMagasine\"]},{\"@type\":\"Person\",\"@id\":\"https:\\\/\\\/lightweb.dev\\\/l\\\/svm-temp\\\/#\\\/schema\\\/person\\\/206a3bda5b607b0c25e1749191e4d837\",\"name\":\"Redaktionen SvM\",\"description\":\"Redaktionen\",\"sameAs\":[\"https:\\\/\\\/lightweb.dev\\\/l\\\/svm-temp\"],\"url\":\"https:\\\/\\\/lightweb.dev\\\/l\\\/svm-temp\\\/reporter\\\/redaktionen\\\/\"}]}<\/script>\n<!-- \/ Yoast SEO Premium plugin. -->","yoast_head_json":{"title":"Vi bes\u00f6ker korttidsskolan i Marbella - Svenska Magasinet","description":"AnnaKarin och Jessica som driver Korttidsskolan visar mig sina mysiga lokaler och ber\u00e4ttar med stolthet om sin mycket uppskattade verksamhet. Vi k\u00e4nner varandra sen l\u00e4nge och ville g\u00f6ra n\u00e5got tillsammans.","robots":{"index":"noindex","follow":"follow","max-snippet":"max-snippet:-1","max-image-preview":"max-image-preview:large","max-video-preview":"max-video-preview:-1"},"og_locale":"sv_SE","og_type":"article","og_title":"Vi bes\u00f6ker korttidsskolan i Marbella","og_description":"AnnaKarin och Jessica som driver Korttidsskolan visar mig sina mysiga lokaler och ber\u00e4ttar med stolthet om sin mycket uppskattade verksamhet. Vi k\u00e4nner varandra sen l\u00e4nge och ville g\u00f6ra n\u00e5got tillsammans.","og_url":"https:\/\/lightweb.dev\/l\/svm-temp\/artiklar\/vi-besoker-korttidsskolan-i-marbella\/","og_site_name":"Svenska Magasinet","article_publisher":"https:\/\/www.facebook.com\/svenskamagasinet","article_published_time":"2024-04-14T23:00:16+00:00","og_image":[{"width":1280,"height":853,"url":"https:\/\/lightweb.dev\/l\/svm-temp\/wp-content\/uploads\/2024\/04\/IMG_0860-stor.jpeg","type":"image\/jpeg"}],"author":"Redaktionen SvM","twitter_card":"summary_large_image","twitter_creator":"@SvenskaMagasine","twitter_site":"@SvenskaMagasine","schema":{"@context":"https:\/\/schema.org","@graph":[{"@type":"Article","@id":"https:\/\/lightweb.dev\/l\/svm-temp\/artiklar\/vi-besoker-korttidsskolan-i-marbella\/#article","isPartOf":{"@id":"https:\/\/lightweb.dev\/l\/svm-temp\/artiklar\/vi-besoker-korttidsskolan-i-marbella\/"},"author":{"name":"Redaktionen SvM","@id":"https:\/\/lightweb.dev\/l\/svm-temp\/#\/schema\/person\/206a3bda5b607b0c25e1749191e4d837"},"headline":"Vi bes\u00f6ker korttidsskolan i Marbella","datePublished":"2024-04-14T23:00:16+00:00","mainEntityOfPage":{"@id":"https:\/\/lightweb.dev\/l\/svm-temp\/artiklar\/vi-besoker-korttidsskolan-i-marbella\/"},"wordCount":373,"publisher":{"@id":"https:\/\/lightweb.dev\/l\/svm-temp\/#organization"},"image":{"@id":"https:\/\/lightweb.dev\/l\/svm-temp\/artiklar\/vi-besoker-korttidsskolan-i-marbella\/#primaryimage"},"thumbnailUrl":"https:\/\/lightweb.dev\/l\/svm-temp\/wp-content\/uploads\/2024\/04\/IMG_0860-stor.jpeg","articleSection":["Arkiv","Artiklar"],"inLanguage":"sv-SE"},{"@type":"WebPage","@id":"https:\/\/lightweb.dev\/l\/svm-temp\/artiklar\/vi-besoker-korttidsskolan-i-marbella\/","url":"https:\/\/lightweb.dev\/l\/svm-temp\/artiklar\/vi-besoker-korttidsskolan-i-marbella\/","name":"Vi bes\u00f6ker korttidsskolan i Marbella - Svenska Magasinet","isPartOf":{"@id":"https:\/\/lightweb.dev\/l\/svm-temp\/#website"},"primaryImageOfPage":{"@id":"https:\/\/lightweb.dev\/l\/svm-temp\/artiklar\/vi-besoker-korttidsskolan-i-marbella\/#primaryimage"},"image":{"@id":"https:\/\/lightweb.dev\/l\/svm-temp\/artiklar\/vi-besoker-korttidsskolan-i-marbella\/#primaryimage"},"thumbnailUrl":"https:\/\/lightweb.dev\/l\/svm-temp\/wp-content\/uploads\/2024\/04\/IMG_0860-stor.jpeg","datePublished":"2024-04-14T23:00:16+00:00","description":"AnnaKarin och Jessica som driver Korttidsskolan visar mig sina mysiga lokaler och ber\u00e4ttar med stolthet om sin mycket uppskattade verksamhet. Vi k\u00e4nner varandra sen l\u00e4nge och ville g\u00f6ra n\u00e5got tillsammans.","breadcrumb":{"@id":"https:\/\/lightweb.dev\/l\/svm-temp\/artiklar\/vi-besoker-korttidsskolan-i-marbella\/#breadcrumb"},"inLanguage":"sv-SE","potentialAction":[{"@type":"ReadAction","target":["https:\/\/lightweb.dev\/l\/svm-temp\/artiklar\/vi-besoker-korttidsskolan-i-marbella\/"]}]},{"@type":"ImageObject","inLanguage":"sv-SE","@id":"https:\/\/lightweb.dev\/l\/svm-temp\/artiklar\/vi-besoker-korttidsskolan-i-marbella\/#primaryimage","url":"https:\/\/lightweb.dev\/l\/svm-temp\/wp-content\/uploads\/2024\/04\/IMG_0860-stor.jpeg","contentUrl":"https:\/\/lightweb.dev\/l\/svm-temp\/wp-content\/uploads\/2024\/04\/IMG_0860-stor.jpeg","width":1280,"height":853},{"@type":"BreadcrumbList","@id":"https:\/\/lightweb.dev\/l\/svm-temp\/artiklar\/vi-besoker-korttidsskolan-i-marbella\/#breadcrumb","itemListElement":[{"@type":"ListItem","position":1,"name":"Hem","item":"https:\/\/lightweb.dev\/l\/svm-temp\/"},{"@type":"ListItem","position":2,"name":"Vi bes\u00f6ker korttidsskolan i Marbella"}]},{"@type":"WebSite","@id":"https:\/\/lightweb.dev\/l\/svm-temp\/#website","url":"https:\/\/lightweb.dev\/l\/svm-temp\/","name":"Svenska Magasinet","description":"Dina Spanska nyheter p&aring; Svenska","publisher":{"@id":"https:\/\/lightweb.dev\/l\/svm-temp\/#organization"},"potentialAction":[{"@type":"SearchAction","target":{"@type":"EntryPoint","urlTemplate":"https:\/\/lightweb.dev\/l\/svm-temp\/?s={search_term_string}"},"query-input":{"@type":"PropertyValueSpecification","valueRequired":true,"valueName":"search_term_string"}}],"inLanguage":"sv-SE"},{"@type":"Organization","@id":"https:\/\/lightweb.dev\/l\/svm-temp\/#organization","name":"Melkerson y Nott SL","alternateName":"Svenska Magasinet","url":"https:\/\/lightweb.dev\/l\/svm-temp\/","logo":{"@type":"ImageObject","inLanguage":"sv-SE","@id":"https:\/\/lightweb.dev\/l\/svm-temp\/#\/schema\/logo\/image\/","url":"https:\/\/lightweb.dev\/l\/svm-temp\/wp-content\/uploads\/2025\/02\/SvM-logo-Xtra-Centrerad-SVART.png","contentUrl":"https:\/\/lightweb.dev\/l\/svm-temp\/wp-content\/uploads\/2025\/02\/SvM-logo-Xtra-Centrerad-SVART.png","width":300,"height":99,"caption":"Melkerson y Nott SL"},"image":{"@id":"https:\/\/lightweb.dev\/l\/svm-temp\/#\/schema\/logo\/image\/"},"sameAs":["https:\/\/www.facebook.com\/svenskamagasinet","https:\/\/x.com\/SvenskaMagasine"]},{"@type":"Person","@id":"https:\/\/lightweb.dev\/l\/svm-temp\/#\/schema\/person\/206a3bda5b607b0c25e1749191e4d837","name":"Redaktionen SvM","description":"Redaktionen","sameAs":["https:\/\/lightweb.dev\/l\/svm-temp"],"url":"https:\/\/lightweb.dev\/l\/svm-temp\/reporter\/redaktionen\/"}]}},"_links":{"self":[{"href":"https:\/\/lightweb.dev\/l\/svm-temp\/wp-json\/wp\/v2\/posts\/71060","targetHints":{"allow":["GET"]}}],"collection":[{"href":"https:\/\/lightweb.dev\/l\/svm-temp\/wp-json\/wp\/v2\/posts"}],"about":[{"href":"https:\/\/lightweb.dev\/l\/svm-temp\/wp-json\/wp\/v2\/types\/post"}],"author":[{"embeddable":true,"href":"https:\/\/lightweb.dev\/l\/svm-temp\/wp-json\/wp\/v2\/users\/8"}],"replies":[{"embeddable":true,"href":"https:\/\/lightweb.dev\/l\/svm-temp\/wp-json\/wp\/v2\/comments?post=71060"}],"version-history":[{"count":0,"href":"https:\/\/lightweb.dev\/l\/svm-temp\/wp-json\/wp\/v2\/posts\/71060\/revisions"}],"wp:featuredmedia":[{"embeddable":true,"href":"https:\/\/lightweb.dev\/l\/svm-temp\/wp-json\/wp\/v2\/media\/71064"}],"wp:attachment":[{"href":"https:\/\/lightweb.dev\/l\/svm-temp\/wp-json\/wp\/v2\/media?parent=71060"}],"wp:term":[{"taxonomy":"category","embeddable":true,"href":"https:\/\/lightweb.dev\/l\/svm-temp\/wp-json\/wp\/v2\/categories?post=71060"},{"taxonomy":"post_tag","embeddable":true,"href":"https:\/\/lightweb.dev\/l\/svm-temp\/wp-json\/wp\/v2\/tags?post=71060"}],"curies":[{"name":"wp","href":"https:\/\/api.w.org\/{rel}","templated":true}]}}