{"id":71086,"date":"2024-04-24T01:00:57","date_gmt":"2024-04-23T23:00:57","guid":{"rendered":"https:\/\/lightweb.dev\/l\/svm-temp\/?p=71086"},"modified":"2024-04-24T10:16:32","modified_gmt":"2024-04-24T08:16:32","slug":"vattenhardiga-plantor-gronska-i-torkan","status":"publish","type":"post","link":"https:\/\/lightweb.dev\/l\/svm-temp\/artiklar\/vattenhardiga-plantor-gronska-i-torkan\/","title":{"rendered":"Vattenh\u00e4rdiga plantor &#8211; Gr\u00f6nska i torkan"},"content":{"rendered":"<p><strong>En guide f\u00f6r en tr\u00e4dg\u00e5rd som blomstrar trots vattenbrist.\u00a0<\/strong><\/p>\n<div id=\"attachment_70184\" style=\"width: 210px\" class=\"wp-caption alignleft\"><img loading=\"lazy\" decoding=\"async\" aria-describedby=\"caption-attachment-70184\" class=\"size-medium wp-image-70184\" src=\"https:\/\/lightweb.dev\/l\/svm-temp\/wp-content\/uploads\/2024\/03\/Victoria-01-stor-200x300.jpeg\" alt=\"\" width=\"200\" height=\"300\" srcset=\"https:\/\/lightweb.dev\/l\/svm-temp\/wp-content\/uploads\/2024\/03\/Victoria-01-stor-200x300.jpeg 200w, https:\/\/lightweb.dev\/l\/svm-temp\/wp-content\/uploads\/2024\/03\/Victoria-01-stor-600x899.jpeg 600w, https:\/\/lightweb.dev\/l\/svm-temp\/wp-content\/uploads\/2024\/03\/Victoria-01-stor-768x1151.jpeg 768w, https:\/\/lightweb.dev\/l\/svm-temp\/wp-content\/uploads\/2024\/03\/Victoria-01-stor-610x914.jpeg 610w, https:\/\/lightweb.dev\/l\/svm-temp\/wp-content\/uploads\/2024\/03\/Victoria-01-stor.jpeg 854w\" sizes=\"(max-width: 200px) 100vw, 200px\" \/><p id=\"caption-attachment-70184\" class=\"wp-caption-text\">Av Victoria M\u00f6rner<br \/>www.vmla.es<br \/>Instagram: victorias.garden_and_landscape<\/p><\/div>\n<p>I tr\u00e4dg\u00e5rdens v\u00e4rld \u00e4r friskhet och frodighet nyckeln till en trivsam milj\u00f6. En vissen och pl\u00e5gad tr\u00e4dg\u00e5rd, med k\u00e4mpande v\u00e4xter som faller offer f\u00f6r hettan, \u00e4r inte bara tr\u00e5kig att se p\u00e5. Den kan ocks\u00e5 skapa en k\u00e4nsla av sorg och negativ energi, s\u00e4rskilt n\u00e4r vi k\u00e4mpar med vattenbrist och k\u00e4nner oss makt l\u00f6sa inf\u00f6r problemet. Men l\u00e5t oss inte f\u00f6rlora hoppet! L\u00f6sningar finns alltid om vi har en \u00f6ppen sinnesattityd och v\u00e5gar utforska nya v\u00e4xter och alternativ.<\/p>\n<p>Vi b\u00e4r ofta med oss en bild av v\u00e5r &#8221;dr\u00f6mtr\u00e4dg\u00e5rd&#8221;; en lummig oas med tropiska palmer, en fransk inspirerad design med klippta buxbomsh\u00e4ckar, eller kanske en romantisk, naturlig tr\u00e4dg\u00e5rd med vildvuxna gr\u00e4s\u00e4ngar. Men att f\u00f6rverkliga dessa dr\u00f6mmar \u00e4r inte alltid m\u00f6jligt, s\u00e4rskilt inte i dagens Spanien d\u00e4r medeltemperaturen stiger, somrarna blir hetare och regnet blir allt mer s\u00e4llsynt.<\/p>\n<p>Vi befinner oss mitt i en torka igen, och dess l\u00e5ngsiktiga p\u00e5verkan m\u00e4rks tydligt p\u00e5 v\u00e4xter som tidigare frodades l\u00e4ngs den spanska kusten men som nu angrips av skadedjur och svampsjukdomar till f\u00f6ljd av den stigande v\u00e4rmen. M\u00e5nga av de vanligaste v\u00e4xterna klarar helt enkelt inte av den nya verkligheten. Har du kanske undrat varf\u00f6r s\u00e5 m\u00e5nga cypressh\u00e4ckar pl\u00f6tsligt ser bruna och d\u00f6ende ut? Svaret \u00e4r att de inte klarar den h\u00f6gre medeltemperaturen och d\u00e4rf\u00f6r tyv\u00e4rr inte l\u00e4ngre ett l\u00e4mpligt val f\u00f6r v\u00e5ra tr\u00e4dg\u00e5rdar.<\/p>\n<div id=\"attachment_71088\" style=\"width: 310px\" class=\"wp-caption alignleft\"><img loading=\"lazy\" decoding=\"async\" aria-describedby=\"caption-attachment-71088\" class=\"wp-image-71088 size-medium\" src=\"https:\/\/lightweb.dev\/l\/svm-temp\/wp-content\/uploads\/2024\/04\/Pittosporum-tobira-hedge-stor-300x200.jpeg\" alt=\"\" width=\"300\" height=\"200\" srcset=\"https:\/\/lightweb.dev\/l\/svm-temp\/wp-content\/uploads\/2024\/04\/Pittosporum-tobira-hedge-stor-300x200.jpeg 300w, https:\/\/lightweb.dev\/l\/svm-temp\/wp-content\/uploads\/2024\/04\/Pittosporum-tobira-hedge-stor-900x600.jpeg 900w, https:\/\/lightweb.dev\/l\/svm-temp\/wp-content\/uploads\/2024\/04\/Pittosporum-tobira-hedge-stor-768x512.jpeg 768w, https:\/\/lightweb.dev\/l\/svm-temp\/wp-content\/uploads\/2024\/04\/Pittosporum-tobira-hedge-stor-610x407.jpeg 610w, https:\/\/lightweb.dev\/l\/svm-temp\/wp-content\/uploads\/2024\/04\/Pittosporum-tobira-hedge-stor-1080x720.jpeg 1080w, https:\/\/lightweb.dev\/l\/svm-temp\/wp-content\/uploads\/2024\/04\/Pittosporum-tobira-hedge-stor-600x400.jpeg 600w, https:\/\/lightweb.dev\/l\/svm-temp\/wp-content\/uploads\/2024\/04\/Pittosporum-tobira-hedge-stor.jpeg 1280w\" sizes=\"(max-width: 300px) 100vw, 300px\" \/><p id=\"caption-attachment-71088\" class=\"wp-caption-text\">H\u00e4ckar<\/p><\/div>\n<p>Men l\u00e5t oss inte ge upp hoppet! Det finns m\u00e5nga vattenh\u00e4rdiga alternativ som kan<br \/>\ntrivas i v\u00e5ra tr\u00e4dg\u00e5rdar och samtidigt skapa en vacker och frodig milj\u00f6.<\/p>\n<h2>H\u00e4r \u00e4r n\u00e5gra f\u00f6rslag:<\/h2>\n<p><strong>H\u00e4ckar:<\/strong> Ers\u00e4tt de vanliga h\u00e4ckv\u00e4xterna som Eugenia, Cypress och Viburnum med<br \/>\nt\u00e5ligare alternativ som Metrosidero, Dodonae och Pittosporum.<\/p>\n<p><strong>Tropisk design:<\/strong> Tropiska tr\u00e4dg\u00e5rdar \u00e4r popul\u00e4ra i Spanien, men m\u00e5nga av plantorna lider av vattenbrist, speciellt vissa palmsorter. Byt ut dem mot mer l\u00e4mpliga alternativ som Syagrus och Washingtoniapalm som inte bara \u00e4r t\u00e5ligare utan \u00e4ven billigare. Vill du skapa en gr\u00f6n v\u00e4gg \u00e4r Strelizia augusta och Schefflera de b\u00e4sta alternativen.<\/p>\n<div id=\"attachment_71089\" style=\"width: 210px\" class=\"wp-caption alignleft\"><img loading=\"lazy\" decoding=\"async\" aria-describedby=\"caption-attachment-71089\" class=\"wp-image-71089 size-medium\" src=\"https:\/\/lightweb.dev\/l\/svm-temp\/wp-content\/uploads\/2024\/04\/Adelfa-nana-stor-200x300.jpeg\" alt=\"\" width=\"200\" height=\"300\" srcset=\"https:\/\/lightweb.dev\/l\/svm-temp\/wp-content\/uploads\/2024\/04\/Adelfa-nana-stor-200x300.jpeg 200w, https:\/\/lightweb.dev\/l\/svm-temp\/wp-content\/uploads\/2024\/04\/Adelfa-nana-stor-600x900.jpeg 600w, https:\/\/lightweb.dev\/l\/svm-temp\/wp-content\/uploads\/2024\/04\/Adelfa-nana-stor-610x915.jpeg 610w, https:\/\/lightweb.dev\/l\/svm-temp\/wp-content\/uploads\/2024\/04\/Adelfa-nana-stor.jpeg 667w\" sizes=\"(max-width: 200px) 100vw, 200px\" \/><p id=\"caption-attachment-71089\" class=\"wp-caption-text\">Adelfa nana<\/p><\/div>\n<p><strong>Klassisk design:<\/strong> Klippta Buxbomsh\u00e4ckar och Myrtus-v\u00e4xter beh\u00f6ver mera vatten och v\u00e5rd \u00e4n man tror. Ers\u00e4tt dem med t\u00e5ligare alternativ som Pittosporum och Westringa fruticosa. Dessa v\u00e4xer naturligt i rund form men kan klippas till h\u00e4ckar och kr\u00e4ver mindre vatten och underh\u00e5ll. Tycker man om f\u00e4rg \u00e4r Adelfa nana med sina sm\u00e5, ljusrosa blommor perfekt f\u00f6r sm\u00e5 h\u00e4ckar.<\/p>\n<p><strong>\u00d6ppna ytor:<\/strong> Minska ytan av gr\u00e4smattor och anv\u00e4nd succulenter som markt\u00e4ckare f\u00f6r att spara vatten.<\/p>\n<p><strong>Utfyllnadsplantor:<\/strong> Inkludera succulenter i olika storlekar och stil. De g\u00e5r v\u00e4ldigt bra att blanda och passar bra i tropisk design s\u00e5 v\u00e4l som I klassisk. B\u00e4st av allt \u00e4r att de \u00e4r l\u00e4ttsk\u00f6tta och frodas i hetta och kr\u00e4ver lite vatten. (Risken med dem \u00e4r att de kan \u00f6vervattnas!)<\/p>\n<div id=\"attachment_71090\" style=\"width: 235px\" class=\"wp-caption alignleft\"><img loading=\"lazy\" decoding=\"async\" aria-describedby=\"caption-attachment-71090\" class=\"size-medium wp-image-71090\" src=\"https:\/\/lightweb.dev\/l\/svm-temp\/wp-content\/uploads\/2024\/04\/Succulent-mix-stor-225x300.jpeg\" alt=\"\" width=\"225\" height=\"300\" srcset=\"https:\/\/lightweb.dev\/l\/svm-temp\/wp-content\/uploads\/2024\/04\/Succulent-mix-stor-225x300.jpeg 225w, https:\/\/lightweb.dev\/l\/svm-temp\/wp-content\/uploads\/2024\/04\/Succulent-mix-stor-675x900.jpeg 675w, https:\/\/lightweb.dev\/l\/svm-temp\/wp-content\/uploads\/2024\/04\/Succulent-mix-stor-768x1024.jpeg 768w, https:\/\/lightweb.dev\/l\/svm-temp\/wp-content\/uploads\/2024\/04\/Succulent-mix-stor-610x813.jpeg 610w, https:\/\/lightweb.dev\/l\/svm-temp\/wp-content\/uploads\/2024\/04\/Succulent-mix-stor-600x800.jpeg 600w, https:\/\/lightweb.dev\/l\/svm-temp\/wp-content\/uploads\/2024\/04\/Succulent-mix-stor.jpeg 960w\" sizes=\"(max-width: 225px) 100vw, 225px\" \/><p id=\"caption-attachment-71090\" class=\"wp-caption-text\">Succulent mix<\/p><\/div>\n<p>Att skapa en tr\u00e4dg\u00e5rd som blomstrar trots vattenbrist kr\u00e4ver omt\u00e4nksamhet och kreativitet, men det \u00e4r m\u00f6jligt! T\u00e4nk p\u00e5 ditt plantval noggrant och \u00f6verv\u00e4g att anlita professionell hj\u00e4lp f\u00f6r att skapa en tr\u00e4dg\u00e5rd som \u00e4r b\u00e5de vacker och h\u00e5llbar. Din tr\u00e4dg\u00e5rd \u00e4r din fristad &#8211; l\u00e5t den vara en plats f\u00f6r friskhet, gl\u00e4dje och positiv energi!<\/p>\n","protected":false},"excerpt":{"rendered":"<p>En guide f\u00f6r en tr\u00e4dg\u00e5rd som blomstrar trots vattenbrist.\u00a0<\/p>\n","protected":false},"author":8,"featured_media":71087,"comment_status":"closed","ping_status":"closed","sticky":false,"template":"","format":"standard","meta":{"_et_pb_use_builder":"","_et_pb_old_content":"","_et_gb_content_width":"","footnotes":""},"categories":[4,37],"tags":[],"class_list":["post-71086","post","type-post","status-publish","format-standard","has-post-thumbnail","hentry","category-artiklar","category-hem-bostad"],"yoast_head":"<!-- This site is optimized with the Yoast SEO Premium plugin v26.2 (Yoast SEO v27.5) - https:\/\/yoast.com\/product\/yoast-seo-premium-wordpress\/ -->\n<title>Vattenh\u00e4rdiga plantor - Gr\u00f6nska i torkan - Svenska Magasinet<\/title>\n<meta name=\"description\" content=\"En guide f\u00f6r en tr\u00e4dg\u00e5rd som blomstrar trots vattenbrist.\u00a0\" \/>\n<meta name=\"robots\" content=\"noindex, follow, max-snippet:-1, max-image-preview:large, max-video-preview:-1\" \/>\n<meta property=\"og:locale\" content=\"sv_SE\" \/>\n<meta property=\"og:type\" content=\"article\" \/>\n<meta property=\"og:title\" content=\"Vattenh\u00e4rdiga plantor - Gr\u00f6nska i torkan\" \/>\n<meta property=\"og:description\" content=\"En guide f\u00f6r en tr\u00e4dg\u00e5rd som blomstrar trots vattenbrist.\u00a0\" \/>\n<meta property=\"og:url\" content=\"https:\/\/lightweb.dev\/l\/svm-temp\/artiklar\/tradgard\/vattenhardiga-plantor-gronska-i-torkan\/\" \/>\n<meta property=\"og:site_name\" content=\"Svenska Magasinet\" \/>\n<meta property=\"article:publisher\" content=\"https:\/\/www.facebook.com\/svenskamagasinet\" \/>\n<meta property=\"article:published_time\" content=\"2024-04-23T23:00:57+00:00\" \/>\n<meta property=\"article:modified_time\" content=\"2024-04-24T08:16:32+00:00\" \/>\n<meta property=\"og:image\" content=\"https:\/\/lightweb.dev\/l\/svm-temp\/wp-content\/uploads\/2024\/04\/Washingtonia-palm-3-stor.jpeg\" \/>\n\t<meta property=\"og:image:width\" content=\"1280\" \/>\n\t<meta property=\"og:image:height\" content=\"854\" \/>\n\t<meta property=\"og:image:type\" content=\"image\/jpeg\" \/>\n<meta name=\"author\" content=\"Redaktionen SvM\" \/>\n<meta name=\"twitter:card\" content=\"summary_large_image\" \/>\n<meta name=\"twitter:creator\" content=\"@SvenskaMagasine\" \/>\n<meta name=\"twitter:site\" content=\"@SvenskaMagasine\" \/>\n<script type=\"application\/ld+json\" class=\"yoast-schema-graph\">{\"@context\":\"https:\\\/\\\/schema.org\",\"@graph\":[{\"@type\":\"Article\",\"@id\":\"https:\\\/\\\/lightweb.dev\\\/l\\\/svm-temp\\\/artiklar\\\/tradgard\\\/vattenhardiga-plantor-gronska-i-torkan\\\/#article\",\"isPartOf\":{\"@id\":\"https:\\\/\\\/lightweb.dev\\\/l\\\/svm-temp\\\/artiklar\\\/tradgard\\\/vattenhardiga-plantor-gronska-i-torkan\\\/\"},\"author\":{\"name\":\"Redaktionen SvM\",\"@id\":\"https:\\\/\\\/lightweb.dev\\\/l\\\/svm-temp\\\/#\\\/schema\\\/person\\\/206a3bda5b607b0c25e1749191e4d837\"},\"headline\":\"Vattenh\u00e4rdiga plantor &#8211; Gr\u00f6nska i torkan\",\"datePublished\":\"2024-04-23T23:00:57+00:00\",\"dateModified\":\"2024-04-24T08:16:32+00:00\",\"mainEntityOfPage\":{\"@id\":\"https:\\\/\\\/lightweb.dev\\\/l\\\/svm-temp\\\/artiklar\\\/tradgard\\\/vattenhardiga-plantor-gronska-i-torkan\\\/\"},\"wordCount\":686,\"publisher\":{\"@id\":\"https:\\\/\\\/lightweb.dev\\\/l\\\/svm-temp\\\/#organization\"},\"image\":{\"@id\":\"https:\\\/\\\/lightweb.dev\\\/l\\\/svm-temp\\\/artiklar\\\/tradgard\\\/vattenhardiga-plantor-gronska-i-torkan\\\/#primaryimage\"},\"thumbnailUrl\":\"https:\\\/\\\/lightweb.dev\\\/l\\\/svm-temp\\\/wp-content\\\/uploads\\\/2024\\\/04\\\/Washingtonia-palm-3-stor.jpeg\",\"articleSection\":[\"Artiklar\",\"Hem &amp; bostad\"],\"inLanguage\":\"sv-SE\"},{\"@type\":\"WebPage\",\"@id\":\"https:\\\/\\\/lightweb.dev\\\/l\\\/svm-temp\\\/artiklar\\\/tradgard\\\/vattenhardiga-plantor-gronska-i-torkan\\\/\",\"url\":\"https:\\\/\\\/lightweb.dev\\\/l\\\/svm-temp\\\/artiklar\\\/tradgard\\\/vattenhardiga-plantor-gronska-i-torkan\\\/\",\"name\":\"Vattenh\u00e4rdiga plantor - Gr\u00f6nska i torkan - Svenska Magasinet\",\"isPartOf\":{\"@id\":\"https:\\\/\\\/lightweb.dev\\\/l\\\/svm-temp\\\/#website\"},\"primaryImageOfPage\":{\"@id\":\"https:\\\/\\\/lightweb.dev\\\/l\\\/svm-temp\\\/artiklar\\\/tradgard\\\/vattenhardiga-plantor-gronska-i-torkan\\\/#primaryimage\"},\"image\":{\"@id\":\"https:\\\/\\\/lightweb.dev\\\/l\\\/svm-temp\\\/artiklar\\\/tradgard\\\/vattenhardiga-plantor-gronska-i-torkan\\\/#primaryimage\"},\"thumbnailUrl\":\"https:\\\/\\\/lightweb.dev\\\/l\\\/svm-temp\\\/wp-content\\\/uploads\\\/2024\\\/04\\\/Washingtonia-palm-3-stor.jpeg\",\"datePublished\":\"2024-04-23T23:00:57+00:00\",\"dateModified\":\"2024-04-24T08:16:32+00:00\",\"description\":\"En guide f\u00f6r en tr\u00e4dg\u00e5rd som blomstrar trots vattenbrist.\u00a0\",\"breadcrumb\":{\"@id\":\"https:\\\/\\\/lightweb.dev\\\/l\\\/svm-temp\\\/artiklar\\\/tradgard\\\/vattenhardiga-plantor-gronska-i-torkan\\\/#breadcrumb\"},\"inLanguage\":\"sv-SE\",\"potentialAction\":[{\"@type\":\"ReadAction\",\"target\":[\"https:\\\/\\\/lightweb.dev\\\/l\\\/svm-temp\\\/artiklar\\\/tradgard\\\/vattenhardiga-plantor-gronska-i-torkan\\\/\"]}]},{\"@type\":\"ImageObject\",\"inLanguage\":\"sv-SE\",\"@id\":\"https:\\\/\\\/lightweb.dev\\\/l\\\/svm-temp\\\/artiklar\\\/tradgard\\\/vattenhardiga-plantor-gronska-i-torkan\\\/#primaryimage\",\"url\":\"https:\\\/\\\/lightweb.dev\\\/l\\\/svm-temp\\\/wp-content\\\/uploads\\\/2024\\\/04\\\/Washingtonia-palm-3-stor.jpeg\",\"contentUrl\":\"https:\\\/\\\/lightweb.dev\\\/l\\\/svm-temp\\\/wp-content\\\/uploads\\\/2024\\\/04\\\/Washingtonia-palm-3-stor.jpeg\",\"width\":1280,\"height\":854,\"caption\":\"Washingtoniapalm\"},{\"@type\":\"BreadcrumbList\",\"@id\":\"https:\\\/\\\/lightweb.dev\\\/l\\\/svm-temp\\\/artiklar\\\/tradgard\\\/vattenhardiga-plantor-gronska-i-torkan\\\/#breadcrumb\",\"itemListElement\":[{\"@type\":\"ListItem\",\"position\":1,\"name\":\"Hem\",\"item\":\"https:\\\/\\\/lightweb.dev\\\/l\\\/svm-temp\\\/\"},{\"@type\":\"ListItem\",\"position\":2,\"name\":\"Vattenh\u00e4rdiga plantor &#8211; Gr\u00f6nska i torkan\"}]},{\"@type\":\"WebSite\",\"@id\":\"https:\\\/\\\/lightweb.dev\\\/l\\\/svm-temp\\\/#website\",\"url\":\"https:\\\/\\\/lightweb.dev\\\/l\\\/svm-temp\\\/\",\"name\":\"Svenska Magasinet\",\"description\":\"Dina Spanska nyheter p&aring; Svenska\",\"publisher\":{\"@id\":\"https:\\\/\\\/lightweb.dev\\\/l\\\/svm-temp\\\/#organization\"},\"potentialAction\":[{\"@type\":\"SearchAction\",\"target\":{\"@type\":\"EntryPoint\",\"urlTemplate\":\"https:\\\/\\\/lightweb.dev\\\/l\\\/svm-temp\\\/?s={search_term_string}\"},\"query-input\":{\"@type\":\"PropertyValueSpecification\",\"valueRequired\":true,\"valueName\":\"search_term_string\"}}],\"inLanguage\":\"sv-SE\"},{\"@type\":\"Organization\",\"@id\":\"https:\\\/\\\/lightweb.dev\\\/l\\\/svm-temp\\\/#organization\",\"name\":\"Melkerson y Nott SL\",\"alternateName\":\"Svenska Magasinet\",\"url\":\"https:\\\/\\\/lightweb.dev\\\/l\\\/svm-temp\\\/\",\"logo\":{\"@type\":\"ImageObject\",\"inLanguage\":\"sv-SE\",\"@id\":\"https:\\\/\\\/lightweb.dev\\\/l\\\/svm-temp\\\/#\\\/schema\\\/logo\\\/image\\\/\",\"url\":\"https:\\\/\\\/lightweb.dev\\\/l\\\/svm-temp\\\/wp-content\\\/uploads\\\/2025\\\/02\\\/SvM-logo-Xtra-Centrerad-SVART.png\",\"contentUrl\":\"https:\\\/\\\/lightweb.dev\\\/l\\\/svm-temp\\\/wp-content\\\/uploads\\\/2025\\\/02\\\/SvM-logo-Xtra-Centrerad-SVART.png\",\"width\":300,\"height\":99,\"caption\":\"Melkerson y Nott SL\"},\"image\":{\"@id\":\"https:\\\/\\\/lightweb.dev\\\/l\\\/svm-temp\\\/#\\\/schema\\\/logo\\\/image\\\/\"},\"sameAs\":[\"https:\\\/\\\/www.facebook.com\\\/svenskamagasinet\",\"https:\\\/\\\/x.com\\\/SvenskaMagasine\"]},{\"@type\":\"Person\",\"@id\":\"https:\\\/\\\/lightweb.dev\\\/l\\\/svm-temp\\\/#\\\/schema\\\/person\\\/206a3bda5b607b0c25e1749191e4d837\",\"name\":\"Redaktionen SvM\",\"description\":\"Redaktionen\",\"sameAs\":[\"https:\\\/\\\/lightweb.dev\\\/l\\\/svm-temp\"],\"url\":\"https:\\\/\\\/lightweb.dev\\\/l\\\/svm-temp\\\/reporter\\\/redaktionen\\\/\"}]}<\/script>\n<!-- \/ Yoast SEO Premium plugin. -->","yoast_head_json":{"title":"Vattenh\u00e4rdiga plantor - Gr\u00f6nska i torkan - Svenska Magasinet","description":"En guide f\u00f6r en tr\u00e4dg\u00e5rd som blomstrar trots vattenbrist.\u00a0","robots":{"index":"noindex","follow":"follow","max-snippet":"max-snippet:-1","max-image-preview":"max-image-preview:large","max-video-preview":"max-video-preview:-1"},"og_locale":"sv_SE","og_type":"article","og_title":"Vattenh\u00e4rdiga plantor - Gr\u00f6nska i torkan","og_description":"En guide f\u00f6r en tr\u00e4dg\u00e5rd som blomstrar trots vattenbrist.\u00a0","og_url":"https:\/\/lightweb.dev\/l\/svm-temp\/artiklar\/tradgard\/vattenhardiga-plantor-gronska-i-torkan\/","og_site_name":"Svenska Magasinet","article_publisher":"https:\/\/www.facebook.com\/svenskamagasinet","article_published_time":"2024-04-23T23:00:57+00:00","article_modified_time":"2024-04-24T08:16:32+00:00","og_image":[{"width":1280,"height":854,"url":"https:\/\/lightweb.dev\/l\/svm-temp\/wp-content\/uploads\/2024\/04\/Washingtonia-palm-3-stor.jpeg","type":"image\/jpeg"}],"author":"Redaktionen SvM","twitter_card":"summary_large_image","twitter_creator":"@SvenskaMagasine","twitter_site":"@SvenskaMagasine","schema":{"@context":"https:\/\/schema.org","@graph":[{"@type":"Article","@id":"https:\/\/lightweb.dev\/l\/svm-temp\/artiklar\/tradgard\/vattenhardiga-plantor-gronska-i-torkan\/#article","isPartOf":{"@id":"https:\/\/lightweb.dev\/l\/svm-temp\/artiklar\/tradgard\/vattenhardiga-plantor-gronska-i-torkan\/"},"author":{"name":"Redaktionen SvM","@id":"https:\/\/lightweb.dev\/l\/svm-temp\/#\/schema\/person\/206a3bda5b607b0c25e1749191e4d837"},"headline":"Vattenh\u00e4rdiga plantor &#8211; Gr\u00f6nska i torkan","datePublished":"2024-04-23T23:00:57+00:00","dateModified":"2024-04-24T08:16:32+00:00","mainEntityOfPage":{"@id":"https:\/\/lightweb.dev\/l\/svm-temp\/artiklar\/tradgard\/vattenhardiga-plantor-gronska-i-torkan\/"},"wordCount":686,"publisher":{"@id":"https:\/\/lightweb.dev\/l\/svm-temp\/#organization"},"image":{"@id":"https:\/\/lightweb.dev\/l\/svm-temp\/artiklar\/tradgard\/vattenhardiga-plantor-gronska-i-torkan\/#primaryimage"},"thumbnailUrl":"https:\/\/lightweb.dev\/l\/svm-temp\/wp-content\/uploads\/2024\/04\/Washingtonia-palm-3-stor.jpeg","articleSection":["Artiklar","Hem &amp; bostad"],"inLanguage":"sv-SE"},{"@type":"WebPage","@id":"https:\/\/lightweb.dev\/l\/svm-temp\/artiklar\/tradgard\/vattenhardiga-plantor-gronska-i-torkan\/","url":"https:\/\/lightweb.dev\/l\/svm-temp\/artiklar\/tradgard\/vattenhardiga-plantor-gronska-i-torkan\/","name":"Vattenh\u00e4rdiga plantor - Gr\u00f6nska i torkan - Svenska Magasinet","isPartOf":{"@id":"https:\/\/lightweb.dev\/l\/svm-temp\/#website"},"primaryImageOfPage":{"@id":"https:\/\/lightweb.dev\/l\/svm-temp\/artiklar\/tradgard\/vattenhardiga-plantor-gronska-i-torkan\/#primaryimage"},"image":{"@id":"https:\/\/lightweb.dev\/l\/svm-temp\/artiklar\/tradgard\/vattenhardiga-plantor-gronska-i-torkan\/#primaryimage"},"thumbnailUrl":"https:\/\/lightweb.dev\/l\/svm-temp\/wp-content\/uploads\/2024\/04\/Washingtonia-palm-3-stor.jpeg","datePublished":"2024-04-23T23:00:57+00:00","dateModified":"2024-04-24T08:16:32+00:00","description":"En guide f\u00f6r en tr\u00e4dg\u00e5rd som blomstrar trots vattenbrist.\u00a0","breadcrumb":{"@id":"https:\/\/lightweb.dev\/l\/svm-temp\/artiklar\/tradgard\/vattenhardiga-plantor-gronska-i-torkan\/#breadcrumb"},"inLanguage":"sv-SE","potentialAction":[{"@type":"ReadAction","target":["https:\/\/lightweb.dev\/l\/svm-temp\/artiklar\/tradgard\/vattenhardiga-plantor-gronska-i-torkan\/"]}]},{"@type":"ImageObject","inLanguage":"sv-SE","@id":"https:\/\/lightweb.dev\/l\/svm-temp\/artiklar\/tradgard\/vattenhardiga-plantor-gronska-i-torkan\/#primaryimage","url":"https:\/\/lightweb.dev\/l\/svm-temp\/wp-content\/uploads\/2024\/04\/Washingtonia-palm-3-stor.jpeg","contentUrl":"https:\/\/lightweb.dev\/l\/svm-temp\/wp-content\/uploads\/2024\/04\/Washingtonia-palm-3-stor.jpeg","width":1280,"height":854,"caption":"Washingtoniapalm"},{"@type":"BreadcrumbList","@id":"https:\/\/lightweb.dev\/l\/svm-temp\/artiklar\/tradgard\/vattenhardiga-plantor-gronska-i-torkan\/#breadcrumb","itemListElement":[{"@type":"ListItem","position":1,"name":"Hem","item":"https:\/\/lightweb.dev\/l\/svm-temp\/"},{"@type":"ListItem","position":2,"name":"Vattenh\u00e4rdiga plantor &#8211; Gr\u00f6nska i torkan"}]},{"@type":"WebSite","@id":"https:\/\/lightweb.dev\/l\/svm-temp\/#website","url":"https:\/\/lightweb.dev\/l\/svm-temp\/","name":"Svenska Magasinet","description":"Dina Spanska nyheter p&aring; Svenska","publisher":{"@id":"https:\/\/lightweb.dev\/l\/svm-temp\/#organization"},"potentialAction":[{"@type":"SearchAction","target":{"@type":"EntryPoint","urlTemplate":"https:\/\/lightweb.dev\/l\/svm-temp\/?s={search_term_string}"},"query-input":{"@type":"PropertyValueSpecification","valueRequired":true,"valueName":"search_term_string"}}],"inLanguage":"sv-SE"},{"@type":"Organization","@id":"https:\/\/lightweb.dev\/l\/svm-temp\/#organization","name":"Melkerson y Nott SL","alternateName":"Svenska Magasinet","url":"https:\/\/lightweb.dev\/l\/svm-temp\/","logo":{"@type":"ImageObject","inLanguage":"sv-SE","@id":"https:\/\/lightweb.dev\/l\/svm-temp\/#\/schema\/logo\/image\/","url":"https:\/\/lightweb.dev\/l\/svm-temp\/wp-content\/uploads\/2025\/02\/SvM-logo-Xtra-Centrerad-SVART.png","contentUrl":"https:\/\/lightweb.dev\/l\/svm-temp\/wp-content\/uploads\/2025\/02\/SvM-logo-Xtra-Centrerad-SVART.png","width":300,"height":99,"caption":"Melkerson y Nott SL"},"image":{"@id":"https:\/\/lightweb.dev\/l\/svm-temp\/#\/schema\/logo\/image\/"},"sameAs":["https:\/\/www.facebook.com\/svenskamagasinet","https:\/\/x.com\/SvenskaMagasine"]},{"@type":"Person","@id":"https:\/\/lightweb.dev\/l\/svm-temp\/#\/schema\/person\/206a3bda5b607b0c25e1749191e4d837","name":"Redaktionen SvM","description":"Redaktionen","sameAs":["https:\/\/lightweb.dev\/l\/svm-temp"],"url":"https:\/\/lightweb.dev\/l\/svm-temp\/reporter\/redaktionen\/"}]}},"_links":{"self":[{"href":"https:\/\/lightweb.dev\/l\/svm-temp\/wp-json\/wp\/v2\/posts\/71086","targetHints":{"allow":["GET"]}}],"collection":[{"href":"https:\/\/lightweb.dev\/l\/svm-temp\/wp-json\/wp\/v2\/posts"}],"about":[{"href":"https:\/\/lightweb.dev\/l\/svm-temp\/wp-json\/wp\/v2\/types\/post"}],"author":[{"embeddable":true,"href":"https:\/\/lightweb.dev\/l\/svm-temp\/wp-json\/wp\/v2\/users\/8"}],"replies":[{"embeddable":true,"href":"https:\/\/lightweb.dev\/l\/svm-temp\/wp-json\/wp\/v2\/comments?post=71086"}],"version-history":[{"count":0,"href":"https:\/\/lightweb.dev\/l\/svm-temp\/wp-json\/wp\/v2\/posts\/71086\/revisions"}],"wp:featuredmedia":[{"embeddable":true,"href":"https:\/\/lightweb.dev\/l\/svm-temp\/wp-json\/wp\/v2\/media\/71087"}],"wp:attachment":[{"href":"https:\/\/lightweb.dev\/l\/svm-temp\/wp-json\/wp\/v2\/media?parent=71086"}],"wp:term":[{"taxonomy":"category","embeddable":true,"href":"https:\/\/lightweb.dev\/l\/svm-temp\/wp-json\/wp\/v2\/categories?post=71086"},{"taxonomy":"post_tag","embeddable":true,"href":"https:\/\/lightweb.dev\/l\/svm-temp\/wp-json\/wp\/v2\/tags?post=71086"}],"curies":[{"name":"wp","href":"https:\/\/api.w.org\/{rel}","templated":true}]}}