{"id":711,"date":"2022-02-17T15:42:00","date_gmt":"2022-02-17T14:42:00","guid":{"rendered":"https:\/\/lightweb.dev\/l\/svm-temp\/isabel-diaz-ayuso-det-ar-dags-att-pablo-casado-tar-sitt-ansvar\/"},"modified":"2022-02-17T15:42:00","modified_gmt":"2022-02-17T14:42:00","slug":"isabel-diaz-ayuso-det-ar-dags-att-pablo-casado-tar-sitt-ansvar","status":"publish","type":"post","link":"https:\/\/lightweb.dev\/l\/svm-temp\/nyheter\/isabel-diaz-ayuso-det-ar-dags-att-pablo-casado-tar-sitt-ansvar\/","title":{"rendered":"Isabel D\u00edaz Ayuso: Det \u00e4r dags att Pablo Casado tar sitt ansvar"},"content":{"rendered":"<p> Korruptionsanklagelser som handlar om upphandlingen av munskydd. Det g\u00f6r att tonl\u00e4get mellan Madridregionens president Isabel D\u00edaz Ayuso och Partido Populars partiledare Pablo Casado har h\u00f6jts rej\u00e4lt det senaste dygnet. Ayuso anklagar partiet f\u00f6r att ha spionerat p\u00e5 henne. Orsaken \u00e4r korruptionsmisstankar.<\/p>\n<p>Vid ett framtr\u00e4dande vid middagstid p\u00e5 torsdagen sa Isabel D\u00edaz Ayuso att anklagelserna om korruption \u00e4r grymt och or\u00e4ttvist. Och att det kommer fr\u00e5n m\u00e4nniskor som aldrig har gjort n\u00e5got, som bara springer omkring.<\/p>\n<p> Vad korruptionsanklagelserna handlar om \u00e4r att partiledaren Pablo Casado har bett regionpresidenten om att f\u00f6rklara sig i oktober i fjol efter misstankar om att hon skulle ha gynnat sin bror Tom\u00e1s D\u00edaz Ayuso genom att denne fungerade som medlare i en aff\u00e4rsuppg\u00f6relse och tj\u00e4nade 286.000 euro.<\/p>\n<p>H\u00e4ndelsen g\u00e5r tillbaka till april 2020 under den f\u00f6rsta v\u00e5gen av covid-19-pandemin och upphandlingen av munskydd modell FFP2 och FFP3 f\u00f6r 1,5 miljoner euro avsett f\u00f6r Madridregionen. Kontraktet tilldelades f\u00f6retaget Priviet Sportive SL som tillh\u00f6r en n\u00e4ra v\u00e4n till familjen D\u00edaz Ayuso.<\/p>\n<p>I december ska ett kommunalt bolag i Madrid kontaktat en detektivfirma f\u00f6r att unders\u00f6ka regionpresidentens kopplingar enligt vad dagstidningen El Mundo och El Confidencial har rapporterat.<\/p>\n<p>Madrids borgm\u00e4stare Jos\u00e9 Luis Mart\u00ednez-Almeida (Partido Popular) har meddelat att han inte har k\u00e4nt till n\u00e5got om att en unders\u00f6kning av Ayuso har best\u00e4llts. En utredning vad uppgifterna bygger p\u00e5 ska ha blivit gjord. Men den har inte kommit fram till n\u00e5gra konkreta resultat.<\/p>\n<p>-Det finnas knappast n\u00e5got allvarligare \u00e4n att bli anklagad av sina egna f\u00f6r korruption, utan bevis och genom att involvera min familj.<\/p>\n<p>&#8211; Min bror har arbetat som s\u00e4ljare inom h\u00e4lsobranschen i 26 \u00e5r, l\u00e5ngt innan jag sj\u00e4lv gick in i politiken. Jag har aldrig gett honom n\u00e5gra f\u00f6rdelar i arbetslivet, s\u00e4ger Ayuso som meddelar att hon bryter med Casado och till\u00e4gger:<\/p>\n<p>&#8211; Det \u00e4r dags att Pablo Casado tar sitt ansvar!<\/p>\n<p>Det har varit sp\u00e4nt i landets st\u00f6rsta oppositionsparti Partido Popular under l\u00e5ng tid. Partiet st\u00e5r och stampar i opinionsunders\u00f6kningar och har tappat v\u00e4ljare till uppstickaren Vox.<\/p>\n<p>Samtidigt p\u00e5g\u00e5r en infekterad strid inom partiledningen i Madrid. N\u00e5got den nationella partiledningen f\u00f6rnekar.<\/p>\n<p>Spanska medier uppger p\u00e5 torsdagen och h\u00e4nvisar till k\u00e4llor inom Partido Popular att partiledningen ska ha varnade regionpresidenten Isabel D\u00edaz Ayuso om att kontraktet kan bli offentligt om hon inte \u00f6vergav kampen f\u00f6r att ta kontrollen \u00f6ver partiledningen i Madrid.<\/p>\n<p>Isabel D\u00edaz Ayuso som \u00e4r popul\u00e4r, vann senaste regionvalet i Madrid stort och fick majoritet.<\/p>\n<p>Alberto N\u00fa\u00f1ez Feij\u00f3o, regionpresident i Galicien, och en av partiets mest respekterade politiker kr\u00e4ver en tydlig och exakt f\u00f6rklaring om anklagelserna om spionage.<\/p>\n<p>&#8211; Partiet har f\u00f6rnekat detta i ett uttalande, men nyheten \u00e4r uppr\u00f6rande och \u00f6verraskande att det kr\u00e4ver en f\u00f6rklaring inom de n\u00e4rmaste timmarna.<\/p>\n","protected":false},"excerpt":{"rendered":"<p>Korruptionsanklagelser som handlar om upphandlingen av munskydd. Det g\u00f6r att tonl\u00e4get mellan Madridregionens president Isabel D\u00edaz Ayuso och Partido Populars partiledare Pablo Casado har h\u00f6jts rej\u00e4lt det senaste dygnet. Ayuso anklagar partiet f\u00f6r att ha spionerat p\u00e5 henne. Orsaken \u00e4r korruptionsmisstankar. Vid ett framtr\u00e4dande vid middagstid p\u00e5 torsdagen sa Isabel D\u00edaz Ayuso att anklagelserna om [&hellip;]<\/p>\n","protected":false},"author":7,"featured_media":712,"comment_status":"open","ping_status":"open","sticky":false,"template":"","format":"standard","meta":{"_et_pb_use_builder":"","_et_pb_old_content":"","_et_gb_content_width":"","footnotes":""},"categories":[395,3],"tags":[],"class_list":["post-711","post","type-post","status-publish","format-standard","has-post-thumbnail","hentry","category-arkiv-nyheter","category-nyheter"],"yoast_head":"<!-- This site is optimized with the Yoast SEO Premium plugin v26.2 (Yoast SEO v27.4) - https:\/\/yoast.com\/product\/yoast-seo-premium-wordpress\/ -->\n<title>Isabel D\u00edaz Ayuso: Det \u00e4r dags att Pablo Casado tar sitt ansvar - Svenska Magasinet<\/title>\n<meta name=\"robots\" content=\"noindex, follow, max-snippet:-1, max-image-preview:large, max-video-preview:-1\" \/>\n<meta property=\"og:locale\" content=\"sv_SE\" \/>\n<meta property=\"og:type\" content=\"article\" \/>\n<meta property=\"og:title\" content=\"Isabel D\u00edaz Ayuso: Det \u00e4r dags att Pablo Casado tar sitt ansvar\" \/>\n<meta property=\"og:description\" content=\"Korruptionsanklagelser som handlar om upphandlingen av munskydd. Det g\u00f6r att tonl\u00e4get mellan Madridregionens president Isabel D\u00edaz Ayuso och Partido Populars partiledare Pablo Casado har h\u00f6jts rej\u00e4lt det senaste dygnet. Ayuso anklagar partiet f\u00f6r att ha spionerat p\u00e5 henne. Orsaken \u00e4r korruptionsmisstankar. Vid ett framtr\u00e4dande vid middagstid p\u00e5 torsdagen sa Isabel D\u00edaz Ayuso att anklagelserna om [&hellip;]\" \/>\n<meta property=\"og:url\" content=\"https:\/\/lightweb.dev\/l\/svm-temp\/nyheter\/isabel-diaz-ayuso-det-ar-dags-att-pablo-casado-tar-sitt-ansvar\/\" \/>\n<meta property=\"og:site_name\" content=\"Svenska Magasinet\" \/>\n<meta property=\"article:publisher\" content=\"https:\/\/www.facebook.com\/svenskamagasinet\" \/>\n<meta property=\"article:published_time\" content=\"2022-02-17T14:42:00+00:00\" \/>\n<meta property=\"og:image\" content=\"https:\/\/lightweb.dev\/l\/svm-temp\/wp-content\/uploads\/2022\/04\/isabel-daz-ayuso-det-r-dags-att-pablo-casado-tar-sitt-ansvar.png\" \/>\n\t<meta property=\"og:image:width\" content=\"500\" \/>\n\t<meta property=\"og:image:height\" content=\"300\" \/>\n\t<meta property=\"og:image:type\" content=\"image\/png\" \/>\n<meta name=\"author\" content=\"Ola Josefsson\" \/>\n<meta name=\"twitter:card\" content=\"summary_large_image\" \/>\n<meta name=\"twitter:creator\" content=\"@SvenskaMagasine\" \/>\n<meta name=\"twitter:site\" content=\"@SvenskaMagasine\" \/>\n<script type=\"application\/ld+json\" class=\"yoast-schema-graph\">{\"@context\":\"https:\\\/\\\/schema.org\",\"@graph\":[{\"@type\":\"Article\",\"@id\":\"https:\\\/\\\/lightweb.dev\\\/l\\\/svm-temp\\\/nyheter\\\/isabel-diaz-ayuso-det-ar-dags-att-pablo-casado-tar-sitt-ansvar\\\/#article\",\"isPartOf\":{\"@id\":\"https:\\\/\\\/lightweb.dev\\\/l\\\/svm-temp\\\/nyheter\\\/isabel-diaz-ayuso-det-ar-dags-att-pablo-casado-tar-sitt-ansvar\\\/\"},\"author\":{\"name\":\"Ola Josefsson\",\"@id\":\"https:\\\/\\\/lightweb.dev\\\/l\\\/svm-temp\\\/#\\\/schema\\\/person\\\/7a82b8a73d171d32360a564b6d03508e\"},\"headline\":\"Isabel D\u00edaz Ayuso: Det \u00e4r dags att Pablo Casado tar sitt ansvar\",\"datePublished\":\"2022-02-17T14:42:00+00:00\",\"mainEntityOfPage\":{\"@id\":\"https:\\\/\\\/lightweb.dev\\\/l\\\/svm-temp\\\/nyheter\\\/isabel-diaz-ayuso-det-ar-dags-att-pablo-casado-tar-sitt-ansvar\\\/\"},\"wordCount\":529,\"commentCount\":0,\"publisher\":{\"@id\":\"https:\\\/\\\/lightweb.dev\\\/l\\\/svm-temp\\\/#organization\"},\"image\":{\"@id\":\"https:\\\/\\\/lightweb.dev\\\/l\\\/svm-temp\\\/nyheter\\\/isabel-diaz-ayuso-det-ar-dags-att-pablo-casado-tar-sitt-ansvar\\\/#primaryimage\"},\"thumbnailUrl\":\"https:\\\/\\\/lightweb.dev\\\/l\\\/svm-temp\\\/wp-content\\\/uploads\\\/2022\\\/04\\\/isabel-daz-ayuso-det-r-dags-att-pablo-casado-tar-sitt-ansvar.png\",\"articleSection\":[\"Arkiv\",\"Nyheter\"],\"inLanguage\":\"sv-SE\"},{\"@type\":\"WebPage\",\"@id\":\"https:\\\/\\\/lightweb.dev\\\/l\\\/svm-temp\\\/nyheter\\\/isabel-diaz-ayuso-det-ar-dags-att-pablo-casado-tar-sitt-ansvar\\\/\",\"url\":\"https:\\\/\\\/lightweb.dev\\\/l\\\/svm-temp\\\/nyheter\\\/isabel-diaz-ayuso-det-ar-dags-att-pablo-casado-tar-sitt-ansvar\\\/\",\"name\":\"Isabel D\u00edaz Ayuso: Det \u00e4r dags att Pablo Casado tar sitt ansvar - Svenska Magasinet\",\"isPartOf\":{\"@id\":\"https:\\\/\\\/lightweb.dev\\\/l\\\/svm-temp\\\/#website\"},\"primaryImageOfPage\":{\"@id\":\"https:\\\/\\\/lightweb.dev\\\/l\\\/svm-temp\\\/nyheter\\\/isabel-diaz-ayuso-det-ar-dags-att-pablo-casado-tar-sitt-ansvar\\\/#primaryimage\"},\"image\":{\"@id\":\"https:\\\/\\\/lightweb.dev\\\/l\\\/svm-temp\\\/nyheter\\\/isabel-diaz-ayuso-det-ar-dags-att-pablo-casado-tar-sitt-ansvar\\\/#primaryimage\"},\"thumbnailUrl\":\"https:\\\/\\\/lightweb.dev\\\/l\\\/svm-temp\\\/wp-content\\\/uploads\\\/2022\\\/04\\\/isabel-daz-ayuso-det-r-dags-att-pablo-casado-tar-sitt-ansvar.png\",\"datePublished\":\"2022-02-17T14:42:00+00:00\",\"breadcrumb\":{\"@id\":\"https:\\\/\\\/lightweb.dev\\\/l\\\/svm-temp\\\/nyheter\\\/isabel-diaz-ayuso-det-ar-dags-att-pablo-casado-tar-sitt-ansvar\\\/#breadcrumb\"},\"inLanguage\":\"sv-SE\",\"potentialAction\":[{\"@type\":\"ReadAction\",\"target\":[\"https:\\\/\\\/lightweb.dev\\\/l\\\/svm-temp\\\/nyheter\\\/isabel-diaz-ayuso-det-ar-dags-att-pablo-casado-tar-sitt-ansvar\\\/\"]}]},{\"@type\":\"ImageObject\",\"inLanguage\":\"sv-SE\",\"@id\":\"https:\\\/\\\/lightweb.dev\\\/l\\\/svm-temp\\\/nyheter\\\/isabel-diaz-ayuso-det-ar-dags-att-pablo-casado-tar-sitt-ansvar\\\/#primaryimage\",\"url\":\"https:\\\/\\\/lightweb.dev\\\/l\\\/svm-temp\\\/wp-content\\\/uploads\\\/2022\\\/04\\\/isabel-daz-ayuso-det-r-dags-att-pablo-casado-tar-sitt-ansvar.png\",\"contentUrl\":\"https:\\\/\\\/lightweb.dev\\\/l\\\/svm-temp\\\/wp-content\\\/uploads\\\/2022\\\/04\\\/isabel-daz-ayuso-det-r-dags-att-pablo-casado-tar-sitt-ansvar.png\",\"width\":500,\"height\":300},{\"@type\":\"BreadcrumbList\",\"@id\":\"https:\\\/\\\/lightweb.dev\\\/l\\\/svm-temp\\\/nyheter\\\/isabel-diaz-ayuso-det-ar-dags-att-pablo-casado-tar-sitt-ansvar\\\/#breadcrumb\",\"itemListElement\":[{\"@type\":\"ListItem\",\"position\":1,\"name\":\"Hem\",\"item\":\"https:\\\/\\\/lightweb.dev\\\/l\\\/svm-temp\\\/\"},{\"@type\":\"ListItem\",\"position\":2,\"name\":\"Isabel D\u00edaz Ayuso: Det \u00e4r dags att Pablo Casado tar sitt ansvar\"}]},{\"@type\":\"WebSite\",\"@id\":\"https:\\\/\\\/lightweb.dev\\\/l\\\/svm-temp\\\/#website\",\"url\":\"https:\\\/\\\/lightweb.dev\\\/l\\\/svm-temp\\\/\",\"name\":\"Svenska Magasinet\",\"description\":\"Dina Spanska nyheter p&aring; Svenska\",\"publisher\":{\"@id\":\"https:\\\/\\\/lightweb.dev\\\/l\\\/svm-temp\\\/#organization\"},\"potentialAction\":[{\"@type\":\"SearchAction\",\"target\":{\"@type\":\"EntryPoint\",\"urlTemplate\":\"https:\\\/\\\/lightweb.dev\\\/l\\\/svm-temp\\\/?s={search_term_string}\"},\"query-input\":{\"@type\":\"PropertyValueSpecification\",\"valueRequired\":true,\"valueName\":\"search_term_string\"}}],\"inLanguage\":\"sv-SE\"},{\"@type\":\"Organization\",\"@id\":\"https:\\\/\\\/lightweb.dev\\\/l\\\/svm-temp\\\/#organization\",\"name\":\"Melkerson y Nott SL\",\"alternateName\":\"Svenska Magasinet\",\"url\":\"https:\\\/\\\/lightweb.dev\\\/l\\\/svm-temp\\\/\",\"logo\":{\"@type\":\"ImageObject\",\"inLanguage\":\"sv-SE\",\"@id\":\"https:\\\/\\\/lightweb.dev\\\/l\\\/svm-temp\\\/#\\\/schema\\\/logo\\\/image\\\/\",\"url\":\"https:\\\/\\\/lightweb.dev\\\/l\\\/svm-temp\\\/wp-content\\\/uploads\\\/2025\\\/02\\\/SvM-logo-Xtra-Centrerad-SVART.png\",\"contentUrl\":\"https:\\\/\\\/lightweb.dev\\\/l\\\/svm-temp\\\/wp-content\\\/uploads\\\/2025\\\/02\\\/SvM-logo-Xtra-Centrerad-SVART.png\",\"width\":300,\"height\":99,\"caption\":\"Melkerson y Nott SL\"},\"image\":{\"@id\":\"https:\\\/\\\/lightweb.dev\\\/l\\\/svm-temp\\\/#\\\/schema\\\/logo\\\/image\\\/\"},\"sameAs\":[\"https:\\\/\\\/www.facebook.com\\\/svenskamagasinet\",\"https:\\\/\\\/x.com\\\/SvenskaMagasine\"]},{\"@type\":\"Person\",\"@id\":\"https:\\\/\\\/lightweb.dev\\\/l\\\/svm-temp\\\/#\\\/schema\\\/person\\\/7a82b8a73d171d32360a564b6d03508e\",\"name\":\"Ola Josefsson\",\"description\":\"Bevakar Solkusten och Spanien sedan 1994.\",\"sameAs\":[\"https:\\\/\\\/lightweb.dev\\\/l\\\/svm-temp\"],\"url\":\"https:\\\/\\\/lightweb.dev\\\/l\\\/svm-temp\\\/reporter\\\/ola-josefsson\\\/\"}]}<\/script>\n<!-- \/ Yoast SEO Premium plugin. -->","yoast_head_json":{"title":"Isabel D\u00edaz Ayuso: Det \u00e4r dags att Pablo Casado tar sitt ansvar - Svenska Magasinet","robots":{"index":"noindex","follow":"follow","max-snippet":"max-snippet:-1","max-image-preview":"max-image-preview:large","max-video-preview":"max-video-preview:-1"},"og_locale":"sv_SE","og_type":"article","og_title":"Isabel D\u00edaz Ayuso: Det \u00e4r dags att Pablo Casado tar sitt ansvar","og_description":"Korruptionsanklagelser som handlar om upphandlingen av munskydd. Det g\u00f6r att tonl\u00e4get mellan Madridregionens president Isabel D\u00edaz Ayuso och Partido Populars partiledare Pablo Casado har h\u00f6jts rej\u00e4lt det senaste dygnet. Ayuso anklagar partiet f\u00f6r att ha spionerat p\u00e5 henne. Orsaken \u00e4r korruptionsmisstankar. Vid ett framtr\u00e4dande vid middagstid p\u00e5 torsdagen sa Isabel D\u00edaz Ayuso att anklagelserna om [&hellip;]","og_url":"https:\/\/lightweb.dev\/l\/svm-temp\/nyheter\/isabel-diaz-ayuso-det-ar-dags-att-pablo-casado-tar-sitt-ansvar\/","og_site_name":"Svenska Magasinet","article_publisher":"https:\/\/www.facebook.com\/svenskamagasinet","article_published_time":"2022-02-17T14:42:00+00:00","og_image":[{"width":500,"height":300,"url":"https:\/\/lightweb.dev\/l\/svm-temp\/wp-content\/uploads\/2022\/04\/isabel-daz-ayuso-det-r-dags-att-pablo-casado-tar-sitt-ansvar.png","type":"image\/png"}],"author":"Ola Josefsson","twitter_card":"summary_large_image","twitter_creator":"@SvenskaMagasine","twitter_site":"@SvenskaMagasine","schema":{"@context":"https:\/\/schema.org","@graph":[{"@type":"Article","@id":"https:\/\/lightweb.dev\/l\/svm-temp\/nyheter\/isabel-diaz-ayuso-det-ar-dags-att-pablo-casado-tar-sitt-ansvar\/#article","isPartOf":{"@id":"https:\/\/lightweb.dev\/l\/svm-temp\/nyheter\/isabel-diaz-ayuso-det-ar-dags-att-pablo-casado-tar-sitt-ansvar\/"},"author":{"name":"Ola Josefsson","@id":"https:\/\/lightweb.dev\/l\/svm-temp\/#\/schema\/person\/7a82b8a73d171d32360a564b6d03508e"},"headline":"Isabel D\u00edaz Ayuso: Det \u00e4r dags att Pablo Casado tar sitt ansvar","datePublished":"2022-02-17T14:42:00+00:00","mainEntityOfPage":{"@id":"https:\/\/lightweb.dev\/l\/svm-temp\/nyheter\/isabel-diaz-ayuso-det-ar-dags-att-pablo-casado-tar-sitt-ansvar\/"},"wordCount":529,"commentCount":0,"publisher":{"@id":"https:\/\/lightweb.dev\/l\/svm-temp\/#organization"},"image":{"@id":"https:\/\/lightweb.dev\/l\/svm-temp\/nyheter\/isabel-diaz-ayuso-det-ar-dags-att-pablo-casado-tar-sitt-ansvar\/#primaryimage"},"thumbnailUrl":"https:\/\/lightweb.dev\/l\/svm-temp\/wp-content\/uploads\/2022\/04\/isabel-daz-ayuso-det-r-dags-att-pablo-casado-tar-sitt-ansvar.png","articleSection":["Arkiv","Nyheter"],"inLanguage":"sv-SE"},{"@type":"WebPage","@id":"https:\/\/lightweb.dev\/l\/svm-temp\/nyheter\/isabel-diaz-ayuso-det-ar-dags-att-pablo-casado-tar-sitt-ansvar\/","url":"https:\/\/lightweb.dev\/l\/svm-temp\/nyheter\/isabel-diaz-ayuso-det-ar-dags-att-pablo-casado-tar-sitt-ansvar\/","name":"Isabel D\u00edaz Ayuso: Det \u00e4r dags att Pablo Casado tar sitt ansvar - Svenska Magasinet","isPartOf":{"@id":"https:\/\/lightweb.dev\/l\/svm-temp\/#website"},"primaryImageOfPage":{"@id":"https:\/\/lightweb.dev\/l\/svm-temp\/nyheter\/isabel-diaz-ayuso-det-ar-dags-att-pablo-casado-tar-sitt-ansvar\/#primaryimage"},"image":{"@id":"https:\/\/lightweb.dev\/l\/svm-temp\/nyheter\/isabel-diaz-ayuso-det-ar-dags-att-pablo-casado-tar-sitt-ansvar\/#primaryimage"},"thumbnailUrl":"https:\/\/lightweb.dev\/l\/svm-temp\/wp-content\/uploads\/2022\/04\/isabel-daz-ayuso-det-r-dags-att-pablo-casado-tar-sitt-ansvar.png","datePublished":"2022-02-17T14:42:00+00:00","breadcrumb":{"@id":"https:\/\/lightweb.dev\/l\/svm-temp\/nyheter\/isabel-diaz-ayuso-det-ar-dags-att-pablo-casado-tar-sitt-ansvar\/#breadcrumb"},"inLanguage":"sv-SE","potentialAction":[{"@type":"ReadAction","target":["https:\/\/lightweb.dev\/l\/svm-temp\/nyheter\/isabel-diaz-ayuso-det-ar-dags-att-pablo-casado-tar-sitt-ansvar\/"]}]},{"@type":"ImageObject","inLanguage":"sv-SE","@id":"https:\/\/lightweb.dev\/l\/svm-temp\/nyheter\/isabel-diaz-ayuso-det-ar-dags-att-pablo-casado-tar-sitt-ansvar\/#primaryimage","url":"https:\/\/lightweb.dev\/l\/svm-temp\/wp-content\/uploads\/2022\/04\/isabel-daz-ayuso-det-r-dags-att-pablo-casado-tar-sitt-ansvar.png","contentUrl":"https:\/\/lightweb.dev\/l\/svm-temp\/wp-content\/uploads\/2022\/04\/isabel-daz-ayuso-det-r-dags-att-pablo-casado-tar-sitt-ansvar.png","width":500,"height":300},{"@type":"BreadcrumbList","@id":"https:\/\/lightweb.dev\/l\/svm-temp\/nyheter\/isabel-diaz-ayuso-det-ar-dags-att-pablo-casado-tar-sitt-ansvar\/#breadcrumb","itemListElement":[{"@type":"ListItem","position":1,"name":"Hem","item":"https:\/\/lightweb.dev\/l\/svm-temp\/"},{"@type":"ListItem","position":2,"name":"Isabel D\u00edaz Ayuso: Det \u00e4r dags att Pablo Casado tar sitt ansvar"}]},{"@type":"WebSite","@id":"https:\/\/lightweb.dev\/l\/svm-temp\/#website","url":"https:\/\/lightweb.dev\/l\/svm-temp\/","name":"Svenska Magasinet","description":"Dina Spanska nyheter p&aring; Svenska","publisher":{"@id":"https:\/\/lightweb.dev\/l\/svm-temp\/#organization"},"potentialAction":[{"@type":"SearchAction","target":{"@type":"EntryPoint","urlTemplate":"https:\/\/lightweb.dev\/l\/svm-temp\/?s={search_term_string}"},"query-input":{"@type":"PropertyValueSpecification","valueRequired":true,"valueName":"search_term_string"}}],"inLanguage":"sv-SE"},{"@type":"Organization","@id":"https:\/\/lightweb.dev\/l\/svm-temp\/#organization","name":"Melkerson y Nott SL","alternateName":"Svenska Magasinet","url":"https:\/\/lightweb.dev\/l\/svm-temp\/","logo":{"@type":"ImageObject","inLanguage":"sv-SE","@id":"https:\/\/lightweb.dev\/l\/svm-temp\/#\/schema\/logo\/image\/","url":"https:\/\/lightweb.dev\/l\/svm-temp\/wp-content\/uploads\/2025\/02\/SvM-logo-Xtra-Centrerad-SVART.png","contentUrl":"https:\/\/lightweb.dev\/l\/svm-temp\/wp-content\/uploads\/2025\/02\/SvM-logo-Xtra-Centrerad-SVART.png","width":300,"height":99,"caption":"Melkerson y Nott SL"},"image":{"@id":"https:\/\/lightweb.dev\/l\/svm-temp\/#\/schema\/logo\/image\/"},"sameAs":["https:\/\/www.facebook.com\/svenskamagasinet","https:\/\/x.com\/SvenskaMagasine"]},{"@type":"Person","@id":"https:\/\/lightweb.dev\/l\/svm-temp\/#\/schema\/person\/7a82b8a73d171d32360a564b6d03508e","name":"Ola Josefsson","description":"Bevakar Solkusten och Spanien sedan 1994.","sameAs":["https:\/\/lightweb.dev\/l\/svm-temp"],"url":"https:\/\/lightweb.dev\/l\/svm-temp\/reporter\/ola-josefsson\/"}]}},"_links":{"self":[{"href":"https:\/\/lightweb.dev\/l\/svm-temp\/wp-json\/wp\/v2\/posts\/711","targetHints":{"allow":["GET"]}}],"collection":[{"href":"https:\/\/lightweb.dev\/l\/svm-temp\/wp-json\/wp\/v2\/posts"}],"about":[{"href":"https:\/\/lightweb.dev\/l\/svm-temp\/wp-json\/wp\/v2\/types\/post"}],"author":[{"embeddable":true,"href":"https:\/\/lightweb.dev\/l\/svm-temp\/wp-json\/wp\/v2\/users\/7"}],"replies":[{"embeddable":true,"href":"https:\/\/lightweb.dev\/l\/svm-temp\/wp-json\/wp\/v2\/comments?post=711"}],"version-history":[{"count":0,"href":"https:\/\/lightweb.dev\/l\/svm-temp\/wp-json\/wp\/v2\/posts\/711\/revisions"}],"wp:featuredmedia":[{"embeddable":true,"href":"https:\/\/lightweb.dev\/l\/svm-temp\/wp-json\/wp\/v2\/media\/712"}],"wp:attachment":[{"href":"https:\/\/lightweb.dev\/l\/svm-temp\/wp-json\/wp\/v2\/media?parent=711"}],"wp:term":[{"taxonomy":"category","embeddable":true,"href":"https:\/\/lightweb.dev\/l\/svm-temp\/wp-json\/wp\/v2\/categories?post=711"},{"taxonomy":"post_tag","embeddable":true,"href":"https:\/\/lightweb.dev\/l\/svm-temp\/wp-json\/wp\/v2\/tags?post=711"}],"curies":[{"name":"wp","href":"https:\/\/api.w.org\/{rel}","templated":true}]}}