{"id":71103,"date":"2024-04-26T01:00:58","date_gmt":"2024-04-25T23:00:58","guid":{"rendered":"https:\/\/lightweb.dev\/l\/svm-temp\/?p=71103"},"modified":"2024-04-26T11:13:06","modified_gmt":"2024-04-26T09:13:06","slug":"dag-ohrlund-koon","status":"publish","type":"post","link":"https:\/\/lightweb.dev\/l\/svm-temp\/artiklar\/dag-ohrlund-koon\/","title":{"rendered":"Dag \u00d6hrlund: Koon"},"content":{"rendered":"<p><strong>Natten var het i s\u00f6dra Los Angeles och jag svettades under min skotts\u00e4kra v\u00e4st.<\/strong><\/p>\n<p><strong>I m\u00e5nader hade jag \u00e5kt med polisen f\u00f6r att skildra livet i den fattiga stadsdelen. <\/strong><strong>Men n\u00e4r n\u00e5gon blev skjuten, var det alltid i andra \u00e4nden av distriktet.<\/strong><\/p>\n<p><strong>Frustrerande.<\/strong><\/p>\n<p>En skjuten gangster var en del av den v\u00e5ldsamma verklighet jag ville skildra. De andra bilderna hade jag redan.<\/p>\n<p>P\u00e5 slutet \u00e5kte jag dubbla pass, 16 timmar i st\u00f6ten.<\/p>\n<p>Vid midnatt kom han ut f\u00f6r att h\u00e4lsa, bef\u00e4let jag skulle \u00e5ka med till gryningen.<\/p>\n<p>Sergeant Stacey Koon.<\/p>\n<p>Han tuggade p\u00e5 ett \u00e4pple.<\/p>\n<p>\u201dDu vill se blod, va?\u201d, sa han. \u201dAlla vill se blod.\u201d<\/p>\n<p>Jag b\u00f6rjade f\u00f6rklara, men han viftade med handen.<\/p>\n<p>\u201dJag har haft journalister med f\u00f6rr. I\u00b4ll get you some blood.\u201d<\/p>\n<p>En stund senare blev en g\u00e4ngmedlem skjuten inte m\u00e5nga gator fr\u00e5n oss. Koon kastade ut \u00e4ppelskrutten. Sladdande \u00e5kte vi mot platsen.<\/p>\n<p>Grabben var 15 \u00e5r. Han gr\u00e4t och skrek p\u00e5 spanska att han skulle d\u00f6 och att Gud m\u00e5tte f\u00f6rl\u00e5ta honom. Lugna ambulansm\u00e4n synade s\u00e5ret i axeln och s\u00e5g att kulan hade g\u00e5tt igenom och ut igen. De lastade killen och \u00e5kte.<\/p>\n<p>Koon l\u00e4t Chevan glida i kvarteren. En kvart senare satte han handbojor p\u00e5 de tv\u00e5 som skjutit grabben och hittade deras revolver.<\/p>\n<p>I bilen bet Koon i ett nytt \u00e4pple. Det var farligt att r\u00f6ka, sa han.<\/p>\n<p>En halvtimme senare stod jag i ett skitigt vardagsrum bland skrikande kvinnor. En skjuten gangster l\u00e5g p\u00e5 golvet i sitt eget blod. Jag f\u00f6rstod att han inte skulle klara sig.<\/p>\n<p>Koon tuggade p\u00e5 sitt \u00e4pple.<\/p>\n<p>Vi rullade vidare. P\u00e5 morgonen sa jag adj\u00f6. Koon tryckte min hand:<\/p>\n<p>\u201dAny time. I told you I\u00b4d get you blood, didn\u00b4t I?\u201d<\/p>\n<p>Tv\u00e5 \u00e5r senare:<\/p>\n<p>Gangstern Rodney King var frigiven efter att ha suttit inne. Den tredje mars 1991 var han berusad och k\u00f6rde f\u00f6r fort. Han stannade inte p\u00e5 polisernas tecken, men de fick stopp p\u00e5 honom i alla fall. De andra i bilen lydde order. Klev ur och la n\u00e4sorna i asfalten. Men inte King.<\/p>\n<p>S\u00e5 han fick rej\u00e4lt med pisk.<\/p>\n<p>Poliserna Powell, Briseno och Wind l\u00e4t batongerna tr\u00e4ffa hans kropp 56 g\u00e5nger p\u00e5 81 sekunder. En fotoamat\u00f6r med videokamera lyckades f\u00f6reviga h\u00e4ndelsen fr\u00e5n sin balkong.<\/p>\n<p>Det blev r\u00e4tteg\u00e5ng. King blev k\u00e4ndis och symbol f\u00f6r de svartas r\u00e4ttigheter. Poliserna frik\u00e4ndes och n\u00e5gra av de v\u00e5ldsammaste kravallerna i historien br\u00f6t ut. 52 m\u00e4nniskor dog, v\u00e4rden f\u00f6r miljontals dollar brann upp.<\/p>\n<p>I en ny r\u00e4tteg\u00e5ng d\u00f6mdes chefen f\u00f6r den patrull som misshandlat Rodney King, till tv\u00e5 och ett halvt \u00e5rs f\u00e4ngelse:<\/p>\n<p>Sergeant Stacey Koon.<\/p>\n<p>Rodney King fick 30 miljoner kronor i skadest\u00e5nd. Inte f\u00f6r att han blivit misshandlad, ty de flesta av batongslagen var enligt domaren motiverade. Utan f\u00f6r att poliserna &#8221;kr\u00e4nkt hans m\u00e4nskliga r\u00e4ttigheter&#8221;. Sergeant Koon \u00e5kte in f\u00f6r att ha &#8221;till\u00e5tit kr\u00e4nkningen&#8221;.<\/p>\n<p>Gangstern och nyblivne miljon\u00e4ren King f\u00f6rnekade sig inte. Han greps och satt i f\u00e4ngelse ett antal g\u00e5nger f\u00f6r rattfylleri, hustrumisshandel och f\u00f6r att f\u00f6rs\u00f6ka k\u00f6ra \u00f6ver en polis som \u00f6verraskat honom med en prostituerad transvestit.<\/p>\n<p>N\u00e4r jag sitter p\u00e5 terassen p\u00e5 kv\u00e4llarna t\u00e4nker jag ibland p\u00e5 Stacey Koon. Han l\u00e4r ha skrivit en bok om sitt polisarbete, och lever p\u00e5 att ge intervjuer.<\/p>\n<p>Jag undrar om han fortfarande \u00e4ter lika mycket \u00e4pplen.<\/p>\n","protected":false},"excerpt":{"rendered":"<p>Natten var het i s\u00f6dra Los Angeles och jag svettades under min skotts\u00e4kra v\u00e4st. I m\u00e5nader hade jag \u00e5kt med polisen f\u00f6r att skildra livet i den fattiga stadsdelen. Men n\u00e4r n\u00e5gon blev skjuten, var det alltid i andra \u00e4nden av distriktet. Frustrerande&#8230;<\/p>\n","protected":false},"author":8,"featured_media":70212,"comment_status":"closed","ping_status":"closed","sticky":false,"template":"","format":"standard","meta":{"_et_pb_use_builder":"","_et_pb_old_content":"","_et_gb_content_width":"","footnotes":""},"categories":[396,4],"tags":[],"class_list":["post-71103","post","type-post","status-publish","format-standard","has-post-thumbnail","hentry","category-arkiv-artiklar","category-artiklar"],"yoast_head":"<!-- This site is optimized with the Yoast SEO Premium plugin v26.2 (Yoast SEO v27.4) - https:\/\/yoast.com\/product\/yoast-seo-premium-wordpress\/ -->\n<title>Dag \u00d6hrlund: Koon - Svenska Magasinet<\/title>\n<meta name=\"description\" content=\"Natten var het i s\u00f6dra Los Angeles och jag svettades under min skotts\u00e4kra v\u00e4st. I m\u00e5nader hade jag \u00e5kt med polisen f\u00f6r att skildra livet i den fattiga stadsdelen. Men n\u00e4r n\u00e5gon blev skjuten, var det alltid i andra \u00e4nden av distriktet. Frustrerande.\" \/>\n<meta name=\"robots\" content=\"noindex, follow, max-snippet:-1, max-image-preview:large, max-video-preview:-1\" \/>\n<meta property=\"og:locale\" content=\"sv_SE\" \/>\n<meta property=\"og:type\" content=\"article\" \/>\n<meta property=\"og:title\" content=\"Dag \u00d6hrlund: Koon\" \/>\n<meta property=\"og:description\" content=\"Natten var het i s\u00f6dra Los Angeles och jag svettades under min skotts\u00e4kra v\u00e4st. I m\u00e5nader hade jag \u00e5kt med polisen f\u00f6r att skildra livet i den fattiga stadsdelen. Men n\u00e4r n\u00e5gon blev skjuten, var det alltid i andra \u00e4nden av distriktet. Frustrerande.\" \/>\n<meta property=\"og:url\" content=\"https:\/\/lightweb.dev\/l\/svm-temp\/artiklar\/gastkronikor-kaserier\/dag-ohrlund-koon\/\" \/>\n<meta property=\"og:site_name\" content=\"Svenska Magasinet\" \/>\n<meta property=\"article:publisher\" content=\"https:\/\/www.facebook.com\/svenskamagasinet\" \/>\n<meta property=\"article:published_time\" content=\"2024-04-25T23:00:58+00:00\" \/>\n<meta property=\"article:modified_time\" content=\"2024-04-26T09:13:06+00:00\" \/>\n<meta property=\"og:image\" content=\"https:\/\/lightweb.dev\/l\/svm-temp\/wp-content\/uploads\/2024\/03\/P1012094-stor.jpeg\" \/>\n\t<meta property=\"og:image:width\" content=\"1280\" \/>\n\t<meta property=\"og:image:height\" content=\"960\" \/>\n\t<meta property=\"og:image:type\" content=\"image\/jpeg\" \/>\n<meta name=\"author\" content=\"Redaktionen SvM\" \/>\n<meta name=\"twitter:card\" content=\"summary_large_image\" \/>\n<meta name=\"twitter:creator\" content=\"@SvenskaMagasine\" \/>\n<meta name=\"twitter:site\" content=\"@SvenskaMagasine\" \/>\n<script type=\"application\/ld+json\" class=\"yoast-schema-graph\">{\"@context\":\"https:\\\/\\\/schema.org\",\"@graph\":[{\"@type\":\"Article\",\"@id\":\"https:\\\/\\\/lightweb.dev\\\/l\\\/svm-temp\\\/artiklar\\\/gastkronikor-kaserier\\\/dag-ohrlund-koon\\\/#article\",\"isPartOf\":{\"@id\":\"https:\\\/\\\/lightweb.dev\\\/l\\\/svm-temp\\\/artiklar\\\/gastkronikor-kaserier\\\/dag-ohrlund-koon\\\/\"},\"author\":{\"name\":\"Redaktionen SvM\",\"@id\":\"https:\\\/\\\/lightweb.dev\\\/l\\\/svm-temp\\\/#\\\/schema\\\/person\\\/206a3bda5b607b0c25e1749191e4d837\"},\"headline\":\"Dag \u00d6hrlund: Koon\",\"datePublished\":\"2024-04-25T23:00:58+00:00\",\"dateModified\":\"2024-04-26T09:13:06+00:00\",\"mainEntityOfPage\":{\"@id\":\"https:\\\/\\\/lightweb.dev\\\/l\\\/svm-temp\\\/artiklar\\\/gastkronikor-kaserier\\\/dag-ohrlund-koon\\\/\"},\"wordCount\":615,\"publisher\":{\"@id\":\"https:\\\/\\\/lightweb.dev\\\/l\\\/svm-temp\\\/#organization\"},\"image\":{\"@id\":\"https:\\\/\\\/lightweb.dev\\\/l\\\/svm-temp\\\/artiklar\\\/gastkronikor-kaserier\\\/dag-ohrlund-koon\\\/#primaryimage\"},\"thumbnailUrl\":\"https:\\\/\\\/lightweb.dev\\\/l\\\/svm-temp\\\/wp-content\\\/uploads\\\/2024\\\/03\\\/P1012094-stor.jpeg\",\"articleSection\":[\"Arkiv\",\"Artiklar\"],\"inLanguage\":\"sv-SE\"},{\"@type\":\"WebPage\",\"@id\":\"https:\\\/\\\/lightweb.dev\\\/l\\\/svm-temp\\\/artiklar\\\/gastkronikor-kaserier\\\/dag-ohrlund-koon\\\/\",\"url\":\"https:\\\/\\\/lightweb.dev\\\/l\\\/svm-temp\\\/artiklar\\\/gastkronikor-kaserier\\\/dag-ohrlund-koon\\\/\",\"name\":\"Dag \u00d6hrlund: Koon - Svenska Magasinet\",\"isPartOf\":{\"@id\":\"https:\\\/\\\/lightweb.dev\\\/l\\\/svm-temp\\\/#website\"},\"primaryImageOfPage\":{\"@id\":\"https:\\\/\\\/lightweb.dev\\\/l\\\/svm-temp\\\/artiklar\\\/gastkronikor-kaserier\\\/dag-ohrlund-koon\\\/#primaryimage\"},\"image\":{\"@id\":\"https:\\\/\\\/lightweb.dev\\\/l\\\/svm-temp\\\/artiklar\\\/gastkronikor-kaserier\\\/dag-ohrlund-koon\\\/#primaryimage\"},\"thumbnailUrl\":\"https:\\\/\\\/lightweb.dev\\\/l\\\/svm-temp\\\/wp-content\\\/uploads\\\/2024\\\/03\\\/P1012094-stor.jpeg\",\"datePublished\":\"2024-04-25T23:00:58+00:00\",\"dateModified\":\"2024-04-26T09:13:06+00:00\",\"description\":\"Natten var het i s\u00f6dra Los Angeles och jag svettades under min skotts\u00e4kra v\u00e4st. I m\u00e5nader hade jag \u00e5kt med polisen f\u00f6r att skildra livet i den fattiga stadsdelen. Men n\u00e4r n\u00e5gon blev skjuten, var det alltid i andra \u00e4nden av distriktet. Frustrerande.\",\"breadcrumb\":{\"@id\":\"https:\\\/\\\/lightweb.dev\\\/l\\\/svm-temp\\\/artiklar\\\/gastkronikor-kaserier\\\/dag-ohrlund-koon\\\/#breadcrumb\"},\"inLanguage\":\"sv-SE\",\"potentialAction\":[{\"@type\":\"ReadAction\",\"target\":[\"https:\\\/\\\/lightweb.dev\\\/l\\\/svm-temp\\\/artiklar\\\/gastkronikor-kaserier\\\/dag-ohrlund-koon\\\/\"]}]},{\"@type\":\"ImageObject\",\"inLanguage\":\"sv-SE\",\"@id\":\"https:\\\/\\\/lightweb.dev\\\/l\\\/svm-temp\\\/artiklar\\\/gastkronikor-kaserier\\\/dag-ohrlund-koon\\\/#primaryimage\",\"url\":\"https:\\\/\\\/lightweb.dev\\\/l\\\/svm-temp\\\/wp-content\\\/uploads\\\/2024\\\/03\\\/P1012094-stor.jpeg\",\"contentUrl\":\"https:\\\/\\\/lightweb.dev\\\/l\\\/svm-temp\\\/wp-content\\\/uploads\\\/2024\\\/03\\\/P1012094-stor.jpeg\",\"width\":1280,\"height\":960},{\"@type\":\"BreadcrumbList\",\"@id\":\"https:\\\/\\\/lightweb.dev\\\/l\\\/svm-temp\\\/artiklar\\\/gastkronikor-kaserier\\\/dag-ohrlund-koon\\\/#breadcrumb\",\"itemListElement\":[{\"@type\":\"ListItem\",\"position\":1,\"name\":\"Hem\",\"item\":\"https:\\\/\\\/lightweb.dev\\\/l\\\/svm-temp\\\/\"},{\"@type\":\"ListItem\",\"position\":2,\"name\":\"Dag \u00d6hrlund: Koon\"}]},{\"@type\":\"WebSite\",\"@id\":\"https:\\\/\\\/lightweb.dev\\\/l\\\/svm-temp\\\/#website\",\"url\":\"https:\\\/\\\/lightweb.dev\\\/l\\\/svm-temp\\\/\",\"name\":\"Svenska Magasinet\",\"description\":\"Dina Spanska nyheter p&aring; Svenska\",\"publisher\":{\"@id\":\"https:\\\/\\\/lightweb.dev\\\/l\\\/svm-temp\\\/#organization\"},\"potentialAction\":[{\"@type\":\"SearchAction\",\"target\":{\"@type\":\"EntryPoint\",\"urlTemplate\":\"https:\\\/\\\/lightweb.dev\\\/l\\\/svm-temp\\\/?s={search_term_string}\"},\"query-input\":{\"@type\":\"PropertyValueSpecification\",\"valueRequired\":true,\"valueName\":\"search_term_string\"}}],\"inLanguage\":\"sv-SE\"},{\"@type\":\"Organization\",\"@id\":\"https:\\\/\\\/lightweb.dev\\\/l\\\/svm-temp\\\/#organization\",\"name\":\"Melkerson y Nott SL\",\"alternateName\":\"Svenska Magasinet\",\"url\":\"https:\\\/\\\/lightweb.dev\\\/l\\\/svm-temp\\\/\",\"logo\":{\"@type\":\"ImageObject\",\"inLanguage\":\"sv-SE\",\"@id\":\"https:\\\/\\\/lightweb.dev\\\/l\\\/svm-temp\\\/#\\\/schema\\\/logo\\\/image\\\/\",\"url\":\"https:\\\/\\\/lightweb.dev\\\/l\\\/svm-temp\\\/wp-content\\\/uploads\\\/2025\\\/02\\\/SvM-logo-Xtra-Centrerad-SVART.png\",\"contentUrl\":\"https:\\\/\\\/lightweb.dev\\\/l\\\/svm-temp\\\/wp-content\\\/uploads\\\/2025\\\/02\\\/SvM-logo-Xtra-Centrerad-SVART.png\",\"width\":300,\"height\":99,\"caption\":\"Melkerson y Nott SL\"},\"image\":{\"@id\":\"https:\\\/\\\/lightweb.dev\\\/l\\\/svm-temp\\\/#\\\/schema\\\/logo\\\/image\\\/\"},\"sameAs\":[\"https:\\\/\\\/www.facebook.com\\\/svenskamagasinet\",\"https:\\\/\\\/x.com\\\/SvenskaMagasine\"]},{\"@type\":\"Person\",\"@id\":\"https:\\\/\\\/lightweb.dev\\\/l\\\/svm-temp\\\/#\\\/schema\\\/person\\\/206a3bda5b607b0c25e1749191e4d837\",\"name\":\"Redaktionen SvM\",\"description\":\"Redaktionen\",\"sameAs\":[\"https:\\\/\\\/lightweb.dev\\\/l\\\/svm-temp\"],\"url\":\"https:\\\/\\\/lightweb.dev\\\/l\\\/svm-temp\\\/reporter\\\/redaktionen\\\/\"}]}<\/script>\n<!-- \/ Yoast SEO Premium plugin. -->","yoast_head_json":{"title":"Dag \u00d6hrlund: Koon - Svenska Magasinet","description":"Natten var het i s\u00f6dra Los Angeles och jag svettades under min skotts\u00e4kra v\u00e4st. I m\u00e5nader hade jag \u00e5kt med polisen f\u00f6r att skildra livet i den fattiga stadsdelen. Men n\u00e4r n\u00e5gon blev skjuten, var det alltid i andra \u00e4nden av distriktet. Frustrerande.","robots":{"index":"noindex","follow":"follow","max-snippet":"max-snippet:-1","max-image-preview":"max-image-preview:large","max-video-preview":"max-video-preview:-1"},"og_locale":"sv_SE","og_type":"article","og_title":"Dag \u00d6hrlund: Koon","og_description":"Natten var het i s\u00f6dra Los Angeles och jag svettades under min skotts\u00e4kra v\u00e4st. I m\u00e5nader hade jag \u00e5kt med polisen f\u00f6r att skildra livet i den fattiga stadsdelen. Men n\u00e4r n\u00e5gon blev skjuten, var det alltid i andra \u00e4nden av distriktet. Frustrerande.","og_url":"https:\/\/lightweb.dev\/l\/svm-temp\/artiklar\/gastkronikor-kaserier\/dag-ohrlund-koon\/","og_site_name":"Svenska Magasinet","article_publisher":"https:\/\/www.facebook.com\/svenskamagasinet","article_published_time":"2024-04-25T23:00:58+00:00","article_modified_time":"2024-04-26T09:13:06+00:00","og_image":[{"width":1280,"height":960,"url":"https:\/\/lightweb.dev\/l\/svm-temp\/wp-content\/uploads\/2024\/03\/P1012094-stor.jpeg","type":"image\/jpeg"}],"author":"Redaktionen SvM","twitter_card":"summary_large_image","twitter_creator":"@SvenskaMagasine","twitter_site":"@SvenskaMagasine","schema":{"@context":"https:\/\/schema.org","@graph":[{"@type":"Article","@id":"https:\/\/lightweb.dev\/l\/svm-temp\/artiklar\/gastkronikor-kaserier\/dag-ohrlund-koon\/#article","isPartOf":{"@id":"https:\/\/lightweb.dev\/l\/svm-temp\/artiklar\/gastkronikor-kaserier\/dag-ohrlund-koon\/"},"author":{"name":"Redaktionen SvM","@id":"https:\/\/lightweb.dev\/l\/svm-temp\/#\/schema\/person\/206a3bda5b607b0c25e1749191e4d837"},"headline":"Dag \u00d6hrlund: Koon","datePublished":"2024-04-25T23:00:58+00:00","dateModified":"2024-04-26T09:13:06+00:00","mainEntityOfPage":{"@id":"https:\/\/lightweb.dev\/l\/svm-temp\/artiklar\/gastkronikor-kaserier\/dag-ohrlund-koon\/"},"wordCount":615,"publisher":{"@id":"https:\/\/lightweb.dev\/l\/svm-temp\/#organization"},"image":{"@id":"https:\/\/lightweb.dev\/l\/svm-temp\/artiklar\/gastkronikor-kaserier\/dag-ohrlund-koon\/#primaryimage"},"thumbnailUrl":"https:\/\/lightweb.dev\/l\/svm-temp\/wp-content\/uploads\/2024\/03\/P1012094-stor.jpeg","articleSection":["Arkiv","Artiklar"],"inLanguage":"sv-SE"},{"@type":"WebPage","@id":"https:\/\/lightweb.dev\/l\/svm-temp\/artiklar\/gastkronikor-kaserier\/dag-ohrlund-koon\/","url":"https:\/\/lightweb.dev\/l\/svm-temp\/artiklar\/gastkronikor-kaserier\/dag-ohrlund-koon\/","name":"Dag \u00d6hrlund: Koon - Svenska Magasinet","isPartOf":{"@id":"https:\/\/lightweb.dev\/l\/svm-temp\/#website"},"primaryImageOfPage":{"@id":"https:\/\/lightweb.dev\/l\/svm-temp\/artiklar\/gastkronikor-kaserier\/dag-ohrlund-koon\/#primaryimage"},"image":{"@id":"https:\/\/lightweb.dev\/l\/svm-temp\/artiklar\/gastkronikor-kaserier\/dag-ohrlund-koon\/#primaryimage"},"thumbnailUrl":"https:\/\/lightweb.dev\/l\/svm-temp\/wp-content\/uploads\/2024\/03\/P1012094-stor.jpeg","datePublished":"2024-04-25T23:00:58+00:00","dateModified":"2024-04-26T09:13:06+00:00","description":"Natten var het i s\u00f6dra Los Angeles och jag svettades under min skotts\u00e4kra v\u00e4st. I m\u00e5nader hade jag \u00e5kt med polisen f\u00f6r att skildra livet i den fattiga stadsdelen. Men n\u00e4r n\u00e5gon blev skjuten, var det alltid i andra \u00e4nden av distriktet. Frustrerande.","breadcrumb":{"@id":"https:\/\/lightweb.dev\/l\/svm-temp\/artiklar\/gastkronikor-kaserier\/dag-ohrlund-koon\/#breadcrumb"},"inLanguage":"sv-SE","potentialAction":[{"@type":"ReadAction","target":["https:\/\/lightweb.dev\/l\/svm-temp\/artiklar\/gastkronikor-kaserier\/dag-ohrlund-koon\/"]}]},{"@type":"ImageObject","inLanguage":"sv-SE","@id":"https:\/\/lightweb.dev\/l\/svm-temp\/artiklar\/gastkronikor-kaserier\/dag-ohrlund-koon\/#primaryimage","url":"https:\/\/lightweb.dev\/l\/svm-temp\/wp-content\/uploads\/2024\/03\/P1012094-stor.jpeg","contentUrl":"https:\/\/lightweb.dev\/l\/svm-temp\/wp-content\/uploads\/2024\/03\/P1012094-stor.jpeg","width":1280,"height":960},{"@type":"BreadcrumbList","@id":"https:\/\/lightweb.dev\/l\/svm-temp\/artiklar\/gastkronikor-kaserier\/dag-ohrlund-koon\/#breadcrumb","itemListElement":[{"@type":"ListItem","position":1,"name":"Hem","item":"https:\/\/lightweb.dev\/l\/svm-temp\/"},{"@type":"ListItem","position":2,"name":"Dag \u00d6hrlund: Koon"}]},{"@type":"WebSite","@id":"https:\/\/lightweb.dev\/l\/svm-temp\/#website","url":"https:\/\/lightweb.dev\/l\/svm-temp\/","name":"Svenska Magasinet","description":"Dina Spanska nyheter p&aring; Svenska","publisher":{"@id":"https:\/\/lightweb.dev\/l\/svm-temp\/#organization"},"potentialAction":[{"@type":"SearchAction","target":{"@type":"EntryPoint","urlTemplate":"https:\/\/lightweb.dev\/l\/svm-temp\/?s={search_term_string}"},"query-input":{"@type":"PropertyValueSpecification","valueRequired":true,"valueName":"search_term_string"}}],"inLanguage":"sv-SE"},{"@type":"Organization","@id":"https:\/\/lightweb.dev\/l\/svm-temp\/#organization","name":"Melkerson y Nott SL","alternateName":"Svenska Magasinet","url":"https:\/\/lightweb.dev\/l\/svm-temp\/","logo":{"@type":"ImageObject","inLanguage":"sv-SE","@id":"https:\/\/lightweb.dev\/l\/svm-temp\/#\/schema\/logo\/image\/","url":"https:\/\/lightweb.dev\/l\/svm-temp\/wp-content\/uploads\/2025\/02\/SvM-logo-Xtra-Centrerad-SVART.png","contentUrl":"https:\/\/lightweb.dev\/l\/svm-temp\/wp-content\/uploads\/2025\/02\/SvM-logo-Xtra-Centrerad-SVART.png","width":300,"height":99,"caption":"Melkerson y Nott SL"},"image":{"@id":"https:\/\/lightweb.dev\/l\/svm-temp\/#\/schema\/logo\/image\/"},"sameAs":["https:\/\/www.facebook.com\/svenskamagasinet","https:\/\/x.com\/SvenskaMagasine"]},{"@type":"Person","@id":"https:\/\/lightweb.dev\/l\/svm-temp\/#\/schema\/person\/206a3bda5b607b0c25e1749191e4d837","name":"Redaktionen SvM","description":"Redaktionen","sameAs":["https:\/\/lightweb.dev\/l\/svm-temp"],"url":"https:\/\/lightweb.dev\/l\/svm-temp\/reporter\/redaktionen\/"}]}},"_links":{"self":[{"href":"https:\/\/lightweb.dev\/l\/svm-temp\/wp-json\/wp\/v2\/posts\/71103","targetHints":{"allow":["GET"]}}],"collection":[{"href":"https:\/\/lightweb.dev\/l\/svm-temp\/wp-json\/wp\/v2\/posts"}],"about":[{"href":"https:\/\/lightweb.dev\/l\/svm-temp\/wp-json\/wp\/v2\/types\/post"}],"author":[{"embeddable":true,"href":"https:\/\/lightweb.dev\/l\/svm-temp\/wp-json\/wp\/v2\/users\/8"}],"replies":[{"embeddable":true,"href":"https:\/\/lightweb.dev\/l\/svm-temp\/wp-json\/wp\/v2\/comments?post=71103"}],"version-history":[{"count":0,"href":"https:\/\/lightweb.dev\/l\/svm-temp\/wp-json\/wp\/v2\/posts\/71103\/revisions"}],"wp:featuredmedia":[{"embeddable":true,"href":"https:\/\/lightweb.dev\/l\/svm-temp\/wp-json\/wp\/v2\/media\/70212"}],"wp:attachment":[{"href":"https:\/\/lightweb.dev\/l\/svm-temp\/wp-json\/wp\/v2\/media?parent=71103"}],"wp:term":[{"taxonomy":"category","embeddable":true,"href":"https:\/\/lightweb.dev\/l\/svm-temp\/wp-json\/wp\/v2\/categories?post=71103"},{"taxonomy":"post_tag","embeddable":true,"href":"https:\/\/lightweb.dev\/l\/svm-temp\/wp-json\/wp\/v2\/tags?post=71103"}],"curies":[{"name":"wp","href":"https:\/\/api.w.org\/{rel}","templated":true}]}}