{"id":71124,"date":"2024-04-25T01:00:28","date_gmt":"2024-04-24T23:00:28","guid":{"rendered":"https:\/\/lightweb.dev\/l\/svm-temp\/?p=71124"},"modified":"2024-04-25T10:17:58","modified_gmt":"2024-04-25T08:17:58","slug":"elvira-herrador-quero-mitt-liv-i-den-svenska-gemenskapen","status":"publish","type":"post","link":"https:\/\/lightweb.dev\/l\/svm-temp\/artiklar\/elvira-herrador-quero-mitt-liv-i-den-svenska-gemenskapen\/","title":{"rendered":"Elvira Herrador Quero: Mitt liv i den svenska gemenskapen"},"content":{"rendered":"<p><strong>Jag k\u00e4nner stor tacksamhet f\u00f6r \u00e4ran att f\u00e5 vara en del i den svenska gemenskapen. Sverige har varit en del av mig mer \u00e4n halva livet.<\/strong><\/p>\n<p>Elvira Herrador Quero kom till Svenska skolan i Fuengirola till l\u00e4s\u00e5ret 1991\/92.<\/p>\n<p><img loading=\"lazy\" decoding=\"async\" class=\"size-medium wp-image-71130 alignleft\" src=\"https:\/\/lightweb.dev\/l\/svm-temp\/wp-content\/uploads\/2024\/04\/Fuengirola-stor-300x225.jpeg\" alt=\"\" width=\"300\" height=\"225\" srcset=\"https:\/\/lightweb.dev\/l\/svm-temp\/wp-content\/uploads\/2024\/04\/Fuengirola-stor-300x225.jpeg 300w, https:\/\/lightweb.dev\/l\/svm-temp\/wp-content\/uploads\/2024\/04\/Fuengirola-stor-900x675.jpeg 900w, https:\/\/lightweb.dev\/l\/svm-temp\/wp-content\/uploads\/2024\/04\/Fuengirola-stor-768x576.jpeg 768w, https:\/\/lightweb.dev\/l\/svm-temp\/wp-content\/uploads\/2024\/04\/Fuengirola-stor-610x458.jpeg 610w, https:\/\/lightweb.dev\/l\/svm-temp\/wp-content\/uploads\/2024\/04\/Fuengirola-stor-1080x810.jpeg 1080w, https:\/\/lightweb.dev\/l\/svm-temp\/wp-content\/uploads\/2024\/04\/Fuengirola-stor-600x450.jpeg 600w, https:\/\/lightweb.dev\/l\/svm-temp\/wp-content\/uploads\/2024\/04\/Fuengirola-stor.jpeg 1280w\" sizes=\"(max-width: 300px) 100vw, 300px\" \/><\/p>\n<p>Sedan dess har Sverige blivit en mycket betydelsefull del av hennes liv b\u00e5de p\u00e5 grund av arbete och v\u00e4nner. Ibland reser Elvira till Sverige f\u00f6r att tr\u00e4ffa tidigare bekanta men ocks\u00e5 l\u00e4r k\u00e4nna nya v\u00e4nner.<\/p>\n<p>&#8211; Jag uppt\u00e4cker ocks\u00e5 nya h\u00f6rn av detta fantastiska land, d\u00e4r jag k\u00e4nner mig som hemma trots klimatet och spr\u00e5ksv\u00e5righeter.<\/p>\n<p>H\u00f6gtiderna p\u00e5 skolan har ocks\u00e5 bidraget till en st\u00f6rre v\u00e4n- och umg\u00e4ngeskrets.<\/p>\n<p>&#8211; Genom min kontakt med svenskar har jag inte enbart gjort f\u00f6r\u00e4ndringar i mitt liv, utan ocks\u00e5 mina spanska v\u00e4nner har f\u00e5tt l\u00e4ra sig en del om svenska seder. Inf\u00f6r jul f\u00f6v\u00e4ntar sig min familj och mina v\u00e4nner att f\u00e5 ett paket pepparkakor.<\/p>\n<h2><strong>Stolt<\/strong><\/h2>\n<p>Att f\u00e5 jobba med ungdomar \u00e4r n\u00e5got som Elvira uppskattar extra mycket.<\/p>\n<p>&#8211; Jag l\u00e4r mig mycket av dem, de delar med sig av sin gl\u00e4dje och sin ungdom. De f\u00e5r mig att reflektera \u00f6ver mitt spr\u00e5k och mina vanor och p\u00e5 samma g\u00e5ng l\u00e4r jag k\u00e4nna och uppskatta den svenska kulturen. Jag blir mycket glad n\u00e4r tidigare elever h\u00f6r av sig och ber\u00e4ttar att deras kunskaper i spanska har hj\u00e4lpt dem i arbetslivet.<\/p>\n<h2><strong>Trivas<\/strong><\/h2>\n<p>Elviras m\u00e5l \u00e4r att eleverna ska trivas i Spanien och uppskatta kulturen, festerna och traditionerna. Det \u00e4r inte alltid s\u00e5 l\u00e4tt p\u00e5 grund av kulturkrockar som ofta bottnar i bristande kunskap. Men det kan \u00f6vervinnas med tolerans, respekt och v\u00e4nlighet.<\/p>\n<p>Hon k\u00e4nner ocks\u00e5 ett stort st\u00f6d fr\u00e5n Fuengirola kommun f\u00f6r deras samarbete med att integrera svenskarna.<\/p>\n<p><img loading=\"lazy\" decoding=\"async\" class=\"size-medium wp-image-71129 alignleft\" src=\"https:\/\/lightweb.dev\/l\/svm-temp\/wp-content\/uploads\/2024\/04\/DSC_3052-stor-300x200.jpeg\" alt=\"\" width=\"300\" height=\"200\" srcset=\"https:\/\/lightweb.dev\/l\/svm-temp\/wp-content\/uploads\/2024\/04\/DSC_3052-stor-300x200.jpeg 300w, https:\/\/lightweb.dev\/l\/svm-temp\/wp-content\/uploads\/2024\/04\/DSC_3052-stor-900x600.jpeg 900w, https:\/\/lightweb.dev\/l\/svm-temp\/wp-content\/uploads\/2024\/04\/DSC_3052-stor-768x512.jpeg 768w, https:\/\/lightweb.dev\/l\/svm-temp\/wp-content\/uploads\/2024\/04\/DSC_3052-stor-610x407.jpeg 610w, https:\/\/lightweb.dev\/l\/svm-temp\/wp-content\/uploads\/2024\/04\/DSC_3052-stor-1080x720.jpeg 1080w, https:\/\/lightweb.dev\/l\/svm-temp\/wp-content\/uploads\/2024\/04\/DSC_3052-stor-600x400.jpeg 600w, https:\/\/lightweb.dev\/l\/svm-temp\/wp-content\/uploads\/2024\/04\/DSC_3052-stor.jpeg 1280w\" sizes=\"(max-width: 300px) 100vw, 300px\" \/><\/p>\n<p>&#8211; Varje \u00e5r f\u00e5r de svenska eleverna fira studenten p\u00e5 kyrktorget och den 13 december sjunger elever fr\u00e5n Svenska skolan lucias\u00e5nger p\u00e5 torget Reyes Cat\u00f3licos. De kan ocks\u00e5 delta i alla kulturella aktiviteter som ordnas f\u00f6r skolelever.<\/p>\n<h2><strong>Tillgivenhet<\/strong><\/h2>\n<p>Elvira beundrar svenskarna f\u00f6r deras tillgivenhet f\u00f6r sitt land, att de h\u00e5ller fast vid sina traditioner och k\u00e4rleken till naturen. De \u00e4r ocks\u00e5 mycket praktiska, menar Elvira och n\u00e4mner fenomenet med att b\u00e4ra ryggs\u00e4ck.<\/p>\n<p>&#8211; Det har blivit mode \u00e4ven i Spanien. Svenskarna g\u00e5r alltid omkring och \u00e4r f\u00f6rsedda med vad som kan beh\u00f6vas. I ryggs\u00e4cken finns allt som vatten, frukt, mat, regnkl\u00e4der, varma kl\u00e4der. D\u00e5ligt v\u00e4der \u00e4r ingen anledninga att stanna hemma.<\/p>\n<p>Den mest spridda klyschan om livet i Spanien \u00e4r att det b\u00e4sta \u00e4r klimatet, levnadss\u00e4ttet, vinet, paella och tapas.<\/p>\n<p>&#8211; Men f\u00f6r mig \u00e4r det b\u00e4sta spanjorer uttrycksfullheten, att vi visar v\u00e5ra k\u00e4nslor, anv\u00e4nder gester och ibland pratar f\u00f6r mycket samt att det inte f\u00f6rekommer n\u00e5gon svensk tystnad.<\/p>\n<p>&#8211; Trots att Sverige ligger tusentals kilometer fr\u00e5n Spanien, ligger de tv\u00e5 l\u00e4nderna mycket n\u00e4ra varandra i mitt hj\u00e4rta, s\u00e4ger Elvira Herrador Quero avslutningsvis.<\/p>\n<p>Fotnot. Elvira Herrador Quero medverkar regelbundet i Svenska Magasinet. Hon skriver om spansk kultur och traditioner.<\/p>\n","protected":false},"excerpt":{"rendered":"<p>Jag k\u00e4nner stor tacksamhet f\u00f6r \u00e4ran att f\u00e5 vara en del i den svenska gemenskapen. Sverige har varit en del av mig mer \u00e4n halva livet&#8230;<\/p>\n","protected":false},"author":7,"featured_media":71128,"comment_status":"closed","ping_status":"closed","sticky":false,"template":"","format":"standard","meta":{"_et_pb_use_builder":"","_et_pb_old_content":"","_et_gb_content_width":"","footnotes":""},"categories":[396,4],"tags":[],"class_list":["post-71124","post","type-post","status-publish","format-standard","has-post-thumbnail","hentry","category-arkiv-artiklar","category-artiklar"],"yoast_head":"<!-- This site is optimized with the Yoast SEO Premium plugin v26.2 (Yoast SEO v27.5) - https:\/\/yoast.com\/product\/yoast-seo-premium-wordpress\/ -->\n<title>Elvira Herrador Quero: Mitt liv i den svenska gemenskapen - Svenska Magasinet<\/title>\n<meta name=\"description\" content=\"Jag k\u00e4nner stor tacksamhet f\u00f6r \u00e4ran att f\u00e5 vara en del i den svenska gemenskapen. Sverige har varit en del av mig mer \u00e4n halva livet.\" \/>\n<meta name=\"robots\" content=\"noindex, follow, max-snippet:-1, max-image-preview:large, max-video-preview:-1\" \/>\n<meta property=\"og:locale\" content=\"sv_SE\" \/>\n<meta property=\"og:type\" content=\"article\" \/>\n<meta property=\"og:title\" content=\"Elvira Herrador Quero: Mitt liv i den svenska gemenskapen\" \/>\n<meta property=\"og:description\" content=\"Jag k\u00e4nner stor tacksamhet f\u00f6r \u00e4ran att f\u00e5 vara en del i den svenska gemenskapen. Sverige har varit en del av mig mer \u00e4n halva livet.\" \/>\n<meta property=\"og:url\" content=\"https:\/\/lightweb.dev\/l\/svm-temp\/artiklar\/reportage\/elvira-herrador-quero-mitt-liv-i-den-svenska-gemenskapen\/\" \/>\n<meta property=\"og:site_name\" content=\"Svenska Magasinet\" \/>\n<meta property=\"article:publisher\" content=\"https:\/\/www.facebook.com\/svenskamagasinet\" \/>\n<meta property=\"article:published_time\" content=\"2024-04-24T23:00:28+00:00\" \/>\n<meta property=\"article:modified_time\" content=\"2024-04-25T08:17:58+00:00\" \/>\n<meta property=\"og:image\" content=\"https:\/\/lightweb.dev\/l\/svm-temp\/wp-content\/uploads\/2024\/04\/DSC_3547-stor.jpeg\" \/>\n\t<meta property=\"og:image:width\" content=\"1280\" \/>\n\t<meta property=\"og:image:height\" content=\"857\" \/>\n\t<meta property=\"og:image:type\" content=\"image\/jpeg\" \/>\n<meta name=\"author\" content=\"Ola Josefsson\" \/>\n<meta name=\"twitter:card\" content=\"summary_large_image\" \/>\n<meta name=\"twitter:creator\" content=\"@SvenskaMagasine\" \/>\n<meta name=\"twitter:site\" content=\"@SvenskaMagasine\" \/>\n<script type=\"application\/ld+json\" class=\"yoast-schema-graph\">{\"@context\":\"https:\\\/\\\/schema.org\",\"@graph\":[{\"@type\":\"Article\",\"@id\":\"https:\\\/\\\/lightweb.dev\\\/l\\\/svm-temp\\\/artiklar\\\/reportage\\\/elvira-herrador-quero-mitt-liv-i-den-svenska-gemenskapen\\\/#article\",\"isPartOf\":{\"@id\":\"https:\\\/\\\/lightweb.dev\\\/l\\\/svm-temp\\\/artiklar\\\/reportage\\\/elvira-herrador-quero-mitt-liv-i-den-svenska-gemenskapen\\\/\"},\"author\":{\"name\":\"Ola Josefsson\",\"@id\":\"https:\\\/\\\/lightweb.dev\\\/l\\\/svm-temp\\\/#\\\/schema\\\/person\\\/7a82b8a73d171d32360a564b6d03508e\"},\"headline\":\"Elvira Herrador Quero: Mitt liv i den svenska gemenskapen\",\"datePublished\":\"2024-04-24T23:00:28+00:00\",\"dateModified\":\"2024-04-25T08:17:58+00:00\",\"mainEntityOfPage\":{\"@id\":\"https:\\\/\\\/lightweb.dev\\\/l\\\/svm-temp\\\/artiklar\\\/reportage\\\/elvira-herrador-quero-mitt-liv-i-den-svenska-gemenskapen\\\/\"},\"wordCount\":570,\"publisher\":{\"@id\":\"https:\\\/\\\/lightweb.dev\\\/l\\\/svm-temp\\\/#organization\"},\"image\":{\"@id\":\"https:\\\/\\\/lightweb.dev\\\/l\\\/svm-temp\\\/artiklar\\\/reportage\\\/elvira-herrador-quero-mitt-liv-i-den-svenska-gemenskapen\\\/#primaryimage\"},\"thumbnailUrl\":\"https:\\\/\\\/lightweb.dev\\\/l\\\/svm-temp\\\/wp-content\\\/uploads\\\/2024\\\/04\\\/DSC_3547-stor.jpeg\",\"articleSection\":[\"Arkiv\",\"Artiklar\"],\"inLanguage\":\"sv-SE\"},{\"@type\":\"WebPage\",\"@id\":\"https:\\\/\\\/lightweb.dev\\\/l\\\/svm-temp\\\/artiklar\\\/reportage\\\/elvira-herrador-quero-mitt-liv-i-den-svenska-gemenskapen\\\/\",\"url\":\"https:\\\/\\\/lightweb.dev\\\/l\\\/svm-temp\\\/artiklar\\\/reportage\\\/elvira-herrador-quero-mitt-liv-i-den-svenska-gemenskapen\\\/\",\"name\":\"Elvira Herrador Quero: Mitt liv i den svenska gemenskapen - Svenska Magasinet\",\"isPartOf\":{\"@id\":\"https:\\\/\\\/lightweb.dev\\\/l\\\/svm-temp\\\/#website\"},\"primaryImageOfPage\":{\"@id\":\"https:\\\/\\\/lightweb.dev\\\/l\\\/svm-temp\\\/artiklar\\\/reportage\\\/elvira-herrador-quero-mitt-liv-i-den-svenska-gemenskapen\\\/#primaryimage\"},\"image\":{\"@id\":\"https:\\\/\\\/lightweb.dev\\\/l\\\/svm-temp\\\/artiklar\\\/reportage\\\/elvira-herrador-quero-mitt-liv-i-den-svenska-gemenskapen\\\/#primaryimage\"},\"thumbnailUrl\":\"https:\\\/\\\/lightweb.dev\\\/l\\\/svm-temp\\\/wp-content\\\/uploads\\\/2024\\\/04\\\/DSC_3547-stor.jpeg\",\"datePublished\":\"2024-04-24T23:00:28+00:00\",\"dateModified\":\"2024-04-25T08:17:58+00:00\",\"description\":\"Jag k\u00e4nner stor tacksamhet f\u00f6r \u00e4ran att f\u00e5 vara en del i den svenska gemenskapen. Sverige har varit en del av mig mer \u00e4n halva livet.\",\"breadcrumb\":{\"@id\":\"https:\\\/\\\/lightweb.dev\\\/l\\\/svm-temp\\\/artiklar\\\/reportage\\\/elvira-herrador-quero-mitt-liv-i-den-svenska-gemenskapen\\\/#breadcrumb\"},\"inLanguage\":\"sv-SE\",\"potentialAction\":[{\"@type\":\"ReadAction\",\"target\":[\"https:\\\/\\\/lightweb.dev\\\/l\\\/svm-temp\\\/artiklar\\\/reportage\\\/elvira-herrador-quero-mitt-liv-i-den-svenska-gemenskapen\\\/\"]}]},{\"@type\":\"ImageObject\",\"inLanguage\":\"sv-SE\",\"@id\":\"https:\\\/\\\/lightweb.dev\\\/l\\\/svm-temp\\\/artiklar\\\/reportage\\\/elvira-herrador-quero-mitt-liv-i-den-svenska-gemenskapen\\\/#primaryimage\",\"url\":\"https:\\\/\\\/lightweb.dev\\\/l\\\/svm-temp\\\/wp-content\\\/uploads\\\/2024\\\/04\\\/DSC_3547-stor.jpeg\",\"contentUrl\":\"https:\\\/\\\/lightweb.dev\\\/l\\\/svm-temp\\\/wp-content\\\/uploads\\\/2024\\\/04\\\/DSC_3547-stor.jpeg\",\"width\":1280,\"height\":857},{\"@type\":\"BreadcrumbList\",\"@id\":\"https:\\\/\\\/lightweb.dev\\\/l\\\/svm-temp\\\/artiklar\\\/reportage\\\/elvira-herrador-quero-mitt-liv-i-den-svenska-gemenskapen\\\/#breadcrumb\",\"itemListElement\":[{\"@type\":\"ListItem\",\"position\":1,\"name\":\"Hem\",\"item\":\"https:\\\/\\\/lightweb.dev\\\/l\\\/svm-temp\\\/\"},{\"@type\":\"ListItem\",\"position\":2,\"name\":\"Elvira Herrador Quero: Mitt liv i den svenska gemenskapen\"}]},{\"@type\":\"WebSite\",\"@id\":\"https:\\\/\\\/lightweb.dev\\\/l\\\/svm-temp\\\/#website\",\"url\":\"https:\\\/\\\/lightweb.dev\\\/l\\\/svm-temp\\\/\",\"name\":\"Svenska Magasinet\",\"description\":\"Dina Spanska nyheter p&aring; Svenska\",\"publisher\":{\"@id\":\"https:\\\/\\\/lightweb.dev\\\/l\\\/svm-temp\\\/#organization\"},\"potentialAction\":[{\"@type\":\"SearchAction\",\"target\":{\"@type\":\"EntryPoint\",\"urlTemplate\":\"https:\\\/\\\/lightweb.dev\\\/l\\\/svm-temp\\\/?s={search_term_string}\"},\"query-input\":{\"@type\":\"PropertyValueSpecification\",\"valueRequired\":true,\"valueName\":\"search_term_string\"}}],\"inLanguage\":\"sv-SE\"},{\"@type\":\"Organization\",\"@id\":\"https:\\\/\\\/lightweb.dev\\\/l\\\/svm-temp\\\/#organization\",\"name\":\"Melkerson y Nott SL\",\"alternateName\":\"Svenska Magasinet\",\"url\":\"https:\\\/\\\/lightweb.dev\\\/l\\\/svm-temp\\\/\",\"logo\":{\"@type\":\"ImageObject\",\"inLanguage\":\"sv-SE\",\"@id\":\"https:\\\/\\\/lightweb.dev\\\/l\\\/svm-temp\\\/#\\\/schema\\\/logo\\\/image\\\/\",\"url\":\"https:\\\/\\\/lightweb.dev\\\/l\\\/svm-temp\\\/wp-content\\\/uploads\\\/2025\\\/02\\\/SvM-logo-Xtra-Centrerad-SVART.png\",\"contentUrl\":\"https:\\\/\\\/lightweb.dev\\\/l\\\/svm-temp\\\/wp-content\\\/uploads\\\/2025\\\/02\\\/SvM-logo-Xtra-Centrerad-SVART.png\",\"width\":300,\"height\":99,\"caption\":\"Melkerson y Nott SL\"},\"image\":{\"@id\":\"https:\\\/\\\/lightweb.dev\\\/l\\\/svm-temp\\\/#\\\/schema\\\/logo\\\/image\\\/\"},\"sameAs\":[\"https:\\\/\\\/www.facebook.com\\\/svenskamagasinet\",\"https:\\\/\\\/x.com\\\/SvenskaMagasine\"]},{\"@type\":\"Person\",\"@id\":\"https:\\\/\\\/lightweb.dev\\\/l\\\/svm-temp\\\/#\\\/schema\\\/person\\\/7a82b8a73d171d32360a564b6d03508e\",\"name\":\"Ola Josefsson\",\"description\":\"Bevakar Solkusten och Spanien sedan 1994.\",\"sameAs\":[\"https:\\\/\\\/lightweb.dev\\\/l\\\/svm-temp\"],\"url\":\"https:\\\/\\\/lightweb.dev\\\/l\\\/svm-temp\\\/reporter\\\/ola-josefsson\\\/\"}]}<\/script>\n<!-- \/ Yoast SEO Premium plugin. -->","yoast_head_json":{"title":"Elvira Herrador Quero: Mitt liv i den svenska gemenskapen - Svenska Magasinet","description":"Jag k\u00e4nner stor tacksamhet f\u00f6r \u00e4ran att f\u00e5 vara en del i den svenska gemenskapen. Sverige har varit en del av mig mer \u00e4n halva livet.","robots":{"index":"noindex","follow":"follow","max-snippet":"max-snippet:-1","max-image-preview":"max-image-preview:large","max-video-preview":"max-video-preview:-1"},"og_locale":"sv_SE","og_type":"article","og_title":"Elvira Herrador Quero: Mitt liv i den svenska gemenskapen","og_description":"Jag k\u00e4nner stor tacksamhet f\u00f6r \u00e4ran att f\u00e5 vara en del i den svenska gemenskapen. Sverige har varit en del av mig mer \u00e4n halva livet.","og_url":"https:\/\/lightweb.dev\/l\/svm-temp\/artiklar\/reportage\/elvira-herrador-quero-mitt-liv-i-den-svenska-gemenskapen\/","og_site_name":"Svenska Magasinet","article_publisher":"https:\/\/www.facebook.com\/svenskamagasinet","article_published_time":"2024-04-24T23:00:28+00:00","article_modified_time":"2024-04-25T08:17:58+00:00","og_image":[{"width":1280,"height":857,"url":"https:\/\/lightweb.dev\/l\/svm-temp\/wp-content\/uploads\/2024\/04\/DSC_3547-stor.jpeg","type":"image\/jpeg"}],"author":"Ola Josefsson","twitter_card":"summary_large_image","twitter_creator":"@SvenskaMagasine","twitter_site":"@SvenskaMagasine","schema":{"@context":"https:\/\/schema.org","@graph":[{"@type":"Article","@id":"https:\/\/lightweb.dev\/l\/svm-temp\/artiklar\/reportage\/elvira-herrador-quero-mitt-liv-i-den-svenska-gemenskapen\/#article","isPartOf":{"@id":"https:\/\/lightweb.dev\/l\/svm-temp\/artiklar\/reportage\/elvira-herrador-quero-mitt-liv-i-den-svenska-gemenskapen\/"},"author":{"name":"Ola Josefsson","@id":"https:\/\/lightweb.dev\/l\/svm-temp\/#\/schema\/person\/7a82b8a73d171d32360a564b6d03508e"},"headline":"Elvira Herrador Quero: Mitt liv i den svenska gemenskapen","datePublished":"2024-04-24T23:00:28+00:00","dateModified":"2024-04-25T08:17:58+00:00","mainEntityOfPage":{"@id":"https:\/\/lightweb.dev\/l\/svm-temp\/artiklar\/reportage\/elvira-herrador-quero-mitt-liv-i-den-svenska-gemenskapen\/"},"wordCount":570,"publisher":{"@id":"https:\/\/lightweb.dev\/l\/svm-temp\/#organization"},"image":{"@id":"https:\/\/lightweb.dev\/l\/svm-temp\/artiklar\/reportage\/elvira-herrador-quero-mitt-liv-i-den-svenska-gemenskapen\/#primaryimage"},"thumbnailUrl":"https:\/\/lightweb.dev\/l\/svm-temp\/wp-content\/uploads\/2024\/04\/DSC_3547-stor.jpeg","articleSection":["Arkiv","Artiklar"],"inLanguage":"sv-SE"},{"@type":"WebPage","@id":"https:\/\/lightweb.dev\/l\/svm-temp\/artiklar\/reportage\/elvira-herrador-quero-mitt-liv-i-den-svenska-gemenskapen\/","url":"https:\/\/lightweb.dev\/l\/svm-temp\/artiklar\/reportage\/elvira-herrador-quero-mitt-liv-i-den-svenska-gemenskapen\/","name":"Elvira Herrador Quero: Mitt liv i den svenska gemenskapen - Svenska Magasinet","isPartOf":{"@id":"https:\/\/lightweb.dev\/l\/svm-temp\/#website"},"primaryImageOfPage":{"@id":"https:\/\/lightweb.dev\/l\/svm-temp\/artiklar\/reportage\/elvira-herrador-quero-mitt-liv-i-den-svenska-gemenskapen\/#primaryimage"},"image":{"@id":"https:\/\/lightweb.dev\/l\/svm-temp\/artiklar\/reportage\/elvira-herrador-quero-mitt-liv-i-den-svenska-gemenskapen\/#primaryimage"},"thumbnailUrl":"https:\/\/lightweb.dev\/l\/svm-temp\/wp-content\/uploads\/2024\/04\/DSC_3547-stor.jpeg","datePublished":"2024-04-24T23:00:28+00:00","dateModified":"2024-04-25T08:17:58+00:00","description":"Jag k\u00e4nner stor tacksamhet f\u00f6r \u00e4ran att f\u00e5 vara en del i den svenska gemenskapen. Sverige har varit en del av mig mer \u00e4n halva livet.","breadcrumb":{"@id":"https:\/\/lightweb.dev\/l\/svm-temp\/artiklar\/reportage\/elvira-herrador-quero-mitt-liv-i-den-svenska-gemenskapen\/#breadcrumb"},"inLanguage":"sv-SE","potentialAction":[{"@type":"ReadAction","target":["https:\/\/lightweb.dev\/l\/svm-temp\/artiklar\/reportage\/elvira-herrador-quero-mitt-liv-i-den-svenska-gemenskapen\/"]}]},{"@type":"ImageObject","inLanguage":"sv-SE","@id":"https:\/\/lightweb.dev\/l\/svm-temp\/artiklar\/reportage\/elvira-herrador-quero-mitt-liv-i-den-svenska-gemenskapen\/#primaryimage","url":"https:\/\/lightweb.dev\/l\/svm-temp\/wp-content\/uploads\/2024\/04\/DSC_3547-stor.jpeg","contentUrl":"https:\/\/lightweb.dev\/l\/svm-temp\/wp-content\/uploads\/2024\/04\/DSC_3547-stor.jpeg","width":1280,"height":857},{"@type":"BreadcrumbList","@id":"https:\/\/lightweb.dev\/l\/svm-temp\/artiklar\/reportage\/elvira-herrador-quero-mitt-liv-i-den-svenska-gemenskapen\/#breadcrumb","itemListElement":[{"@type":"ListItem","position":1,"name":"Hem","item":"https:\/\/lightweb.dev\/l\/svm-temp\/"},{"@type":"ListItem","position":2,"name":"Elvira Herrador Quero: Mitt liv i den svenska gemenskapen"}]},{"@type":"WebSite","@id":"https:\/\/lightweb.dev\/l\/svm-temp\/#website","url":"https:\/\/lightweb.dev\/l\/svm-temp\/","name":"Svenska Magasinet","description":"Dina Spanska nyheter p&aring; Svenska","publisher":{"@id":"https:\/\/lightweb.dev\/l\/svm-temp\/#organization"},"potentialAction":[{"@type":"SearchAction","target":{"@type":"EntryPoint","urlTemplate":"https:\/\/lightweb.dev\/l\/svm-temp\/?s={search_term_string}"},"query-input":{"@type":"PropertyValueSpecification","valueRequired":true,"valueName":"search_term_string"}}],"inLanguage":"sv-SE"},{"@type":"Organization","@id":"https:\/\/lightweb.dev\/l\/svm-temp\/#organization","name":"Melkerson y Nott SL","alternateName":"Svenska Magasinet","url":"https:\/\/lightweb.dev\/l\/svm-temp\/","logo":{"@type":"ImageObject","inLanguage":"sv-SE","@id":"https:\/\/lightweb.dev\/l\/svm-temp\/#\/schema\/logo\/image\/","url":"https:\/\/lightweb.dev\/l\/svm-temp\/wp-content\/uploads\/2025\/02\/SvM-logo-Xtra-Centrerad-SVART.png","contentUrl":"https:\/\/lightweb.dev\/l\/svm-temp\/wp-content\/uploads\/2025\/02\/SvM-logo-Xtra-Centrerad-SVART.png","width":300,"height":99,"caption":"Melkerson y Nott SL"},"image":{"@id":"https:\/\/lightweb.dev\/l\/svm-temp\/#\/schema\/logo\/image\/"},"sameAs":["https:\/\/www.facebook.com\/svenskamagasinet","https:\/\/x.com\/SvenskaMagasine"]},{"@type":"Person","@id":"https:\/\/lightweb.dev\/l\/svm-temp\/#\/schema\/person\/7a82b8a73d171d32360a564b6d03508e","name":"Ola Josefsson","description":"Bevakar Solkusten och Spanien sedan 1994.","sameAs":["https:\/\/lightweb.dev\/l\/svm-temp"],"url":"https:\/\/lightweb.dev\/l\/svm-temp\/reporter\/ola-josefsson\/"}]}},"_links":{"self":[{"href":"https:\/\/lightweb.dev\/l\/svm-temp\/wp-json\/wp\/v2\/posts\/71124","targetHints":{"allow":["GET"]}}],"collection":[{"href":"https:\/\/lightweb.dev\/l\/svm-temp\/wp-json\/wp\/v2\/posts"}],"about":[{"href":"https:\/\/lightweb.dev\/l\/svm-temp\/wp-json\/wp\/v2\/types\/post"}],"author":[{"embeddable":true,"href":"https:\/\/lightweb.dev\/l\/svm-temp\/wp-json\/wp\/v2\/users\/7"}],"replies":[{"embeddable":true,"href":"https:\/\/lightweb.dev\/l\/svm-temp\/wp-json\/wp\/v2\/comments?post=71124"}],"version-history":[{"count":0,"href":"https:\/\/lightweb.dev\/l\/svm-temp\/wp-json\/wp\/v2\/posts\/71124\/revisions"}],"wp:featuredmedia":[{"embeddable":true,"href":"https:\/\/lightweb.dev\/l\/svm-temp\/wp-json\/wp\/v2\/media\/71128"}],"wp:attachment":[{"href":"https:\/\/lightweb.dev\/l\/svm-temp\/wp-json\/wp\/v2\/media?parent=71124"}],"wp:term":[{"taxonomy":"category","embeddable":true,"href":"https:\/\/lightweb.dev\/l\/svm-temp\/wp-json\/wp\/v2\/categories?post=71124"},{"taxonomy":"post_tag","embeddable":true,"href":"https:\/\/lightweb.dev\/l\/svm-temp\/wp-json\/wp\/v2\/tags?post=71124"}],"curies":[{"name":"wp","href":"https:\/\/api.w.org\/{rel}","templated":true}]}}