{"id":71164,"date":"2024-04-11T22:24:27","date_gmt":"2024-04-11T20:24:27","guid":{"rendered":"https:\/\/lightweb.dev\/l\/svm-temp\/?p=71164"},"modified":"2024-04-11T22:27:07","modified_gmt":"2024-04-11T20:27:07","slug":"fredagsvinet-spanska-viner-har-aldrig-varit-battre","status":"publish","type":"post","link":"https:\/\/lightweb.dev\/l\/svm-temp\/artiklar\/mat-vin\/fredagsvinet-spanska-viner-har-aldrig-varit-battre\/","title":{"rendered":"Fredagsvinet: Spanska viner har aldrig varit b\u00e4ttre"},"content":{"rendered":"<p><strong>Det \u00e4r inte spanskt lantvin eller Vino Tinto som f\u00e5r oss att springa benen av oss till n\u00e4rmaste Systembolaget (Sverige) eller Vinoteca, livsmedelsbutik eller k\u00f6pcentrum i Spanien.<\/strong><\/p>\n<p><strong>En g\u00e5ng i tiden var det s\u00e5.<\/strong><\/p>\n<p>2011 f\u00f6rsvann l\u00e5ngk\u00f6raren Vino Tinto fr\u00e5n Systemets hyllor efter 64 \u00e5r.<\/p>\n<p>Jag t\u00e4nkte p\u00e5 hur det var en g\u00e5ng i tiden n\u00e4r jag i m\u00e5ndags bes\u00f6kte den femte upplagan av Sal\u00f3n Selecci\u00f3n M\u00e1laga som vinguiden Gu\u00eda Pe\u00f1\u00edn arrangerade p\u00e5 Hotel NH M\u00e1laga.<\/p>\n<p>Spanskt Lantvin, Parador och Vino Tinto var l\u00e5ngk\u00f6rare p\u00e5 Systemet och man visste inget annat.<\/p>\n<div id=\"attachment_71166\" style=\"width: 310px\" class=\"wp-caption alignleft\"><img loading=\"lazy\" decoding=\"async\" aria-describedby=\"caption-attachment-71166\" class=\"size-medium wp-image-71166\" src=\"https:\/\/lightweb.dev\/l\/svm-temp\/wp-content\/uploads\/2024\/04\/GKqlxiGWoAA9IP0-stor-300x225.jpeg\" alt=\"\" width=\"300\" height=\"225\" srcset=\"https:\/\/lightweb.dev\/l\/svm-temp\/wp-content\/uploads\/2024\/04\/GKqlxiGWoAA9IP0-stor-300x225.jpeg 300w, https:\/\/lightweb.dev\/l\/svm-temp\/wp-content\/uploads\/2024\/04\/GKqlxiGWoAA9IP0-stor-900x675.jpeg 900w, https:\/\/lightweb.dev\/l\/svm-temp\/wp-content\/uploads\/2024\/04\/GKqlxiGWoAA9IP0-stor-768x576.jpeg 768w, https:\/\/lightweb.dev\/l\/svm-temp\/wp-content\/uploads\/2024\/04\/GKqlxiGWoAA9IP0-stor-610x458.jpeg 610w, https:\/\/lightweb.dev\/l\/svm-temp\/wp-content\/uploads\/2024\/04\/GKqlxiGWoAA9IP0-stor-1080x810.jpeg 1080w, https:\/\/lightweb.dev\/l\/svm-temp\/wp-content\/uploads\/2024\/04\/GKqlxiGWoAA9IP0-stor-600x450.jpeg 600w, https:\/\/lightweb.dev\/l\/svm-temp\/wp-content\/uploads\/2024\/04\/GKqlxiGWoAA9IP0-stor.jpeg 1280w\" sizes=\"(max-width: 300px) 100vw, 300px\" \/><p id=\"caption-attachment-71166\" class=\"wp-caption-text\">Francisco Jerez och Jose Antonio Romero presenterade viner. Dan Olsson, Anne-Christine Ud\u00e9n, Tom Knutsson, Ninnie &amp; Peter Persson och Lisbeth Olsson tittade, doftade och smakade.<\/p><\/div>\n<p>Nu \u00e4r det annorlunda. Vi som har flyttat till Spanien har f\u00e5tt vidgade perspektiv p\u00e5 den spanska vinmarknaden. Det \u00e4r inte bara La Rioja och Tempranillo. Valdeorras, El Bierzo, Cigales eller druvor som Godello, Monastrell eller Mencia.<\/p>\n<p>Det finns s\u00e5 mycket och det har aldrig varit b\u00e4ttre \u00e4n nu.<\/p>\n<p>Vid Gu\u00eda Pe\u00f1\u00edns vinm\u00e4ssa fanns det 200 viner d\u00e4r 85 procent hade f\u00e5tt 90 po\u00e4ng eller mer. 35 vinproducenter fr\u00e5n 16 vindistrikt.<\/p>\n<h2>H\u00e4r \u00e4r n\u00e5gra favoriter fr\u00e5n #Pe\u00f1\u00ednM\u00e1laga<\/h2>\n<p><img loading=\"lazy\" decoding=\"async\" class=\"size-medium wp-image-71167 alignleft\" src=\"https:\/\/lightweb.dev\/l\/svm-temp\/wp-content\/uploads\/2024\/04\/GK5iw0IXMAAgxZd-stor-300x225.jpeg\" alt=\"\" width=\"300\" height=\"225\" srcset=\"https:\/\/lightweb.dev\/l\/svm-temp\/wp-content\/uploads\/2024\/04\/GK5iw0IXMAAgxZd-stor-300x225.jpeg 300w, https:\/\/lightweb.dev\/l\/svm-temp\/wp-content\/uploads\/2024\/04\/GK5iw0IXMAAgxZd-stor-900x675.jpeg 900w, https:\/\/lightweb.dev\/l\/svm-temp\/wp-content\/uploads\/2024\/04\/GK5iw0IXMAAgxZd-stor-768x576.jpeg 768w, https:\/\/lightweb.dev\/l\/svm-temp\/wp-content\/uploads\/2024\/04\/GK5iw0IXMAAgxZd-stor-610x458.jpeg 610w, https:\/\/lightweb.dev\/l\/svm-temp\/wp-content\/uploads\/2024\/04\/GK5iw0IXMAAgxZd-stor-1080x810.jpeg 1080w, https:\/\/lightweb.dev\/l\/svm-temp\/wp-content\/uploads\/2024\/04\/GK5iw0IXMAAgxZd-stor-600x450.jpeg 600w, https:\/\/lightweb.dev\/l\/svm-temp\/wp-content\/uploads\/2024\/04\/GK5iw0IXMAAgxZd-stor.jpeg 1280w\" sizes=\"(max-width: 300px) 100vw, 300px\" \/><\/p>\n<p>Pie Franco 2021 fr\u00e5n Finca Monastasia i Jumilla p\u00e5 druvan Monastrell. Fantastiskt vin med dofter av plommon, eukalyptus. Fylligt och elegant med bra struktur rakt \u00f6ver. 39 euro.<\/p>\n<p>&nbsp;<\/p>\n<p>&nbsp;<\/p>\n<p>&nbsp;<\/p>\n<p><img loading=\"lazy\" decoding=\"async\" class=\"size-medium wp-image-71168 alignleft\" src=\"https:\/\/lightweb.dev\/l\/svm-temp\/wp-content\/uploads\/2024\/04\/GKvegVkXcAAABUS-stor-300x225.jpeg\" alt=\"\" width=\"300\" height=\"225\" srcset=\"https:\/\/lightweb.dev\/l\/svm-temp\/wp-content\/uploads\/2024\/04\/GKvegVkXcAAABUS-stor-300x225.jpeg 300w, https:\/\/lightweb.dev\/l\/svm-temp\/wp-content\/uploads\/2024\/04\/GKvegVkXcAAABUS-stor-900x675.jpeg 900w, https:\/\/lightweb.dev\/l\/svm-temp\/wp-content\/uploads\/2024\/04\/GKvegVkXcAAABUS-stor-768x576.jpeg 768w, https:\/\/lightweb.dev\/l\/svm-temp\/wp-content\/uploads\/2024\/04\/GKvegVkXcAAABUS-stor-610x458.jpeg 610w, https:\/\/lightweb.dev\/l\/svm-temp\/wp-content\/uploads\/2024\/04\/GKvegVkXcAAABUS-stor-1080x810.jpeg 1080w, https:\/\/lightweb.dev\/l\/svm-temp\/wp-content\/uploads\/2024\/04\/GKvegVkXcAAABUS-stor-600x450.jpeg 600w, https:\/\/lightweb.dev\/l\/svm-temp\/wp-content\/uploads\/2024\/04\/GKvegVkXcAAABUS-stor.jpeg 1280w\" sizes=\"(max-width: 300px) 100vw, 300px\" \/><\/p>\n<p>Avancia 2022 fr\u00e5n Valdeorras p\u00e5 Spaniens b\u00e4sta gr\u00f6na druva Godello fr\u00e5n 40-\u00e5riga vinstockar. 7 m\u00e5n p\u00e5 franska fat. Ack vilket vin med fin, mogen frukt, kr\u00e4mig ek, fyllig, bra l\u00e5ng smak och bra syra. 29 euro. 94 po\u00e4ng.<\/p>\n<p>&nbsp;<\/p>\n<p>&nbsp;<\/p>\n<p>&nbsp;<\/p>\n<p><img loading=\"lazy\" decoding=\"async\" class=\"size-medium wp-image-71169 alignleft\" src=\"https:\/\/lightweb.dev\/l\/svm-temp\/wp-content\/uploads\/2024\/04\/GKqjbnTWsAAUj7e-stor-300x225.jpeg\" alt=\"\" width=\"300\" height=\"225\" srcset=\"https:\/\/lightweb.dev\/l\/svm-temp\/wp-content\/uploads\/2024\/04\/GKqjbnTWsAAUj7e-stor-300x225.jpeg 300w, https:\/\/lightweb.dev\/l\/svm-temp\/wp-content\/uploads\/2024\/04\/GKqjbnTWsAAUj7e-stor-900x675.jpeg 900w, https:\/\/lightweb.dev\/l\/svm-temp\/wp-content\/uploads\/2024\/04\/GKqjbnTWsAAUj7e-stor-768x576.jpeg 768w, https:\/\/lightweb.dev\/l\/svm-temp\/wp-content\/uploads\/2024\/04\/GKqjbnTWsAAUj7e-stor-610x458.jpeg 610w, https:\/\/lightweb.dev\/l\/svm-temp\/wp-content\/uploads\/2024\/04\/GKqjbnTWsAAUj7e-stor-1080x810.jpeg 1080w, https:\/\/lightweb.dev\/l\/svm-temp\/wp-content\/uploads\/2024\/04\/GKqjbnTWsAAUj7e-stor-600x450.jpeg 600w, https:\/\/lightweb.dev\/l\/svm-temp\/wp-content\/uploads\/2024\/04\/GKqjbnTWsAAUj7e-stor.jpeg 1280w\" sizes=\"(max-width: 300px) 100vw, 300px\" \/><\/p>\n<p>Bra prisv\u00e4rda. 9,80 euro. Valserrano 2019 Crianza fr\u00e5n Bodegas de la Marquesa i Rioja Alavesa p\u00e5 95% Tempranillo och 5% mazuelo. Bra balans, fruktig, mogen, kryddig och viss kr\u00e4mig ek. 89 po\u00e4ng 3 stj\u00e4rnor.<\/p>\n<h2><\/h2>\n<h2><\/h2>\n<h2>L\u00e5gbudgetvin<\/h2>\n<p><img loading=\"lazy\" decoding=\"async\" class=\"size-medium wp-image-71170 alignleft\" src=\"https:\/\/lightweb.dev\/l\/svm-temp\/wp-content\/uploads\/2024\/04\/GKZFNOgXMAEqn7S-stor-300x225.jpeg\" alt=\"\" width=\"300\" height=\"225\" srcset=\"https:\/\/lightweb.dev\/l\/svm-temp\/wp-content\/uploads\/2024\/04\/GKZFNOgXMAEqn7S-stor-300x225.jpeg 300w, https:\/\/lightweb.dev\/l\/svm-temp\/wp-content\/uploads\/2024\/04\/GKZFNOgXMAEqn7S-stor-900x675.jpeg 900w, https:\/\/lightweb.dev\/l\/svm-temp\/wp-content\/uploads\/2024\/04\/GKZFNOgXMAEqn7S-stor-768x576.jpeg 768w, https:\/\/lightweb.dev\/l\/svm-temp\/wp-content\/uploads\/2024\/04\/GKZFNOgXMAEqn7S-stor-610x458.jpeg 610w, https:\/\/lightweb.dev\/l\/svm-temp\/wp-content\/uploads\/2024\/04\/GKZFNOgXMAEqn7S-stor-1080x810.jpeg 1080w, https:\/\/lightweb.dev\/l\/svm-temp\/wp-content\/uploads\/2024\/04\/GKZFNOgXMAEqn7S-stor-600x450.jpeg 600w, https:\/\/lightweb.dev\/l\/svm-temp\/wp-content\/uploads\/2024\/04\/GKZFNOgXMAEqn7S-stor.jpeg 1280w\" sizes=\"(max-width: 300px) 100vw, 300px\" \/><\/p>\n<p>\u00d6verraskande bra vin f\u00f6r bara 2,90 euro. Conquero Roble 2022 p\u00e5 fransk och amerikansk ek 6 m\u00e5n fr\u00e5n Toro en av de popul\u00e4raste vinerna hos Mercadona p\u00e5 druvan Tinta de Toro (Tempranillo). M\u00f6rka b\u00e4r, toner av vanilj, kryddor och lite ek.<\/p>\n<h2><\/h2>\n<h2><\/h2>\n<h2>Tipset \u2013 kex<\/h2>\n<div id=\"attachment_71171\" style=\"width: 310px\" class=\"wp-caption alignleft\"><img loading=\"lazy\" decoding=\"async\" aria-describedby=\"caption-attachment-71171\" class=\"size-medium wp-image-71171\" src=\"https:\/\/lightweb.dev\/l\/svm-temp\/wp-content\/uploads\/2024\/04\/IMG_3512-stor-300x225.jpeg\" alt=\"\" width=\"300\" height=\"225\" srcset=\"https:\/\/lightweb.dev\/l\/svm-temp\/wp-content\/uploads\/2024\/04\/IMG_3512-stor-300x225.jpeg 300w, https:\/\/lightweb.dev\/l\/svm-temp\/wp-content\/uploads\/2024\/04\/IMG_3512-stor-900x675.jpeg 900w, https:\/\/lightweb.dev\/l\/svm-temp\/wp-content\/uploads\/2024\/04\/IMG_3512-stor-768x576.jpeg 768w, https:\/\/lightweb.dev\/l\/svm-temp\/wp-content\/uploads\/2024\/04\/IMG_3512-stor-610x458.jpeg 610w, https:\/\/lightweb.dev\/l\/svm-temp\/wp-content\/uploads\/2024\/04\/IMG_3512-stor-1080x810.jpeg 1080w, https:\/\/lightweb.dev\/l\/svm-temp\/wp-content\/uploads\/2024\/04\/IMG_3512-stor-600x450.jpeg 600w, https:\/\/lightweb.dev\/l\/svm-temp\/wp-content\/uploads\/2024\/04\/IMG_3512-stor.jpeg 1280w\" sizes=\"(max-width: 300px) 100vw, 300px\" \/><p id=\"caption-attachment-71171\" class=\"wp-caption-text\">Roberto Dominguez D\u00edaz med sina supergoda kex<\/p><\/div>\n<p>B\u00e4sta kexen till fredagsmyset med vin och ost \u00e4r Pan de Olivo som du hittar p\u00e5 El Corte Ingl\u00e9s. Det \u00e4r Roberto Dominguez D\u00edaz som \u00e4ger kextillverkaren i And\u00fajar som ligger i Ja\u00e9n som \u00e4r olivoljans epicentrum i Spanien.<\/p>\n<p>B\u00e4sta olivoljan, rosmarin, r\u00f6kt paprika eller sesam anv\u00e4nds vid tillverkningen.<\/p>\n<p>Roberto Dominguez D\u00edaz medverkade vid den femte upplagan av Sal\u00f3n Selecci\u00f3n M\u00e1laga som Gu\u00eda Pe\u00f1\u00edn arrangerade.<\/p>\n<p>Kexen var mycket uppskattade.<\/p>\n<p>Fler vintips under hashtag <a href=\"https:\/\/twitter.com\/hashtag\/Pe%C3%B1%C3%ADnM%C3%A1laga?src=hashtag_click&amp;f=live\">#Pe\u00f1\u00ednM\u00e1laga<\/a><\/p>\n<h2><strong>Experiencias Verema<\/strong><\/h2>\n<p>Under v\u00e5ren v\u00e4ntar vinm\u00e4ssorna Experiencias Verema. H\u00e4r har du n\u00e5gra datum att skriva in i kalendern.<\/p>\n<p>15\/4, Experiencia Verema Santa Cruz de Tenerife \u2013 Hotell Iberostar Grand Mencey<\/p>\n<p>29\/4, Experiencia Verema M\u00e1laga \u2013 Gran Hotel Miramar 5* GL<\/p>\n<p>22\/5, Experiencia Verema Madrid \u2013 Hotell Rosewood Villa Magna.<\/p>\n","protected":false},"excerpt":{"rendered":"<p>Det \u00e4r inte spanskt lantvin eller Vino Tinto som f\u00e5r oss att springa benen av oss till n\u00e4rmaste Systembolaget (Sverige) eller Vinoteca, livsmedelsbutik eller k\u00f6pcentrum i Spanien. En g\u00e5ng i tiden var det s\u00e5&#8230;<\/p>\n","protected":false},"author":7,"featured_media":71165,"comment_status":"closed","ping_status":"closed","sticky":false,"template":"","format":"standard","meta":{"_et_pb_use_builder":"","_et_pb_old_content":"","_et_gb_content_width":"","footnotes":""},"categories":[4,38],"tags":[],"class_list":["post-71164","post","type-post","status-publish","format-standard","has-post-thumbnail","hentry","category-artiklar","category-mat-vin"],"yoast_head":"<!-- This site is optimized with the Yoast SEO Premium plugin v26.2 (Yoast SEO v27.5) - https:\/\/yoast.com\/product\/yoast-seo-premium-wordpress\/ -->\n<title>Fredagsvinet: Spanska viner har aldrig varit b\u00e4ttre - Svenska Magasinet<\/title>\n<meta name=\"description\" content=\"Det \u00e4r inte spanskt lantvin eller Vino Tinto som f\u00e5r oss att springa benen av oss till n\u00e4rmaste Systembolaget (Sverige) eller Vinoteca, livsmedelsbutik eller k\u00f6pcentrum i Spanien. En g\u00e5ng i tiden var det s\u00e5.\" \/>\n<meta name=\"robots\" content=\"noindex, follow, max-snippet:-1, max-image-preview:large, max-video-preview:-1\" \/>\n<meta property=\"og:locale\" content=\"sv_SE\" \/>\n<meta property=\"og:type\" content=\"article\" \/>\n<meta property=\"og:title\" content=\"Fredagsvinet: Spanska viner har aldrig varit b\u00e4ttre\" \/>\n<meta property=\"og:description\" content=\"Det \u00e4r inte spanskt lantvin eller Vino Tinto som f\u00e5r oss att springa benen av oss till n\u00e4rmaste Systembolaget (Sverige) eller Vinoteca, livsmedelsbutik eller k\u00f6pcentrum i Spanien. En g\u00e5ng i tiden var det s\u00e5.\" \/>\n<meta property=\"og:url\" content=\"https:\/\/lightweb.dev\/l\/svm-temp\/artiklar\/mat-vin\/fredagsvinet-spanska-viner-har-aldrig-varit-battre\/\" \/>\n<meta property=\"og:site_name\" content=\"Svenska Magasinet\" \/>\n<meta property=\"article:publisher\" content=\"https:\/\/www.facebook.com\/svenskamagasinet\" \/>\n<meta property=\"article:published_time\" content=\"2024-04-11T20:24:27+00:00\" \/>\n<meta property=\"article:modified_time\" content=\"2024-04-11T20:27:07+00:00\" \/>\n<meta property=\"og:image\" content=\"https:\/\/lightweb.dev\/l\/svm-temp\/wp-content\/uploads\/2024\/04\/GKvC65EXsAAPzTD-stor.jpeg\" \/>\n\t<meta property=\"og:image:width\" content=\"1280\" \/>\n\t<meta property=\"og:image:height\" content=\"960\" \/>\n\t<meta property=\"og:image:type\" content=\"image\/jpeg\" \/>\n<meta name=\"author\" content=\"Ola Josefsson\" \/>\n<meta name=\"twitter:card\" content=\"summary_large_image\" \/>\n<meta name=\"twitter:creator\" content=\"@SvenskaMagasine\" \/>\n<meta name=\"twitter:site\" content=\"@SvenskaMagasine\" \/>\n<script type=\"application\/ld+json\" class=\"yoast-schema-graph\">{\"@context\":\"https:\\\/\\\/schema.org\",\"@graph\":[{\"@type\":\"Article\",\"@id\":\"https:\\\/\\\/lightweb.dev\\\/l\\\/svm-temp\\\/artiklar\\\/mat-vin\\\/fredagsvinet-spanska-viner-har-aldrig-varit-battre\\\/#article\",\"isPartOf\":{\"@id\":\"https:\\\/\\\/lightweb.dev\\\/l\\\/svm-temp\\\/artiklar\\\/mat-vin\\\/fredagsvinet-spanska-viner-har-aldrig-varit-battre\\\/\"},\"author\":{\"name\":\"Ola Josefsson\",\"@id\":\"https:\\\/\\\/lightweb.dev\\\/l\\\/svm-temp\\\/#\\\/schema\\\/person\\\/7a82b8a73d171d32360a564b6d03508e\"},\"headline\":\"Fredagsvinet: Spanska viner har aldrig varit b\u00e4ttre\",\"datePublished\":\"2024-04-11T20:24:27+00:00\",\"dateModified\":\"2024-04-11T20:27:07+00:00\",\"mainEntityOfPage\":{\"@id\":\"https:\\\/\\\/lightweb.dev\\\/l\\\/svm-temp\\\/artiklar\\\/mat-vin\\\/fredagsvinet-spanska-viner-har-aldrig-varit-battre\\\/\"},\"wordCount\":547,\"publisher\":{\"@id\":\"https:\\\/\\\/lightweb.dev\\\/l\\\/svm-temp\\\/#organization\"},\"image\":{\"@id\":\"https:\\\/\\\/lightweb.dev\\\/l\\\/svm-temp\\\/artiklar\\\/mat-vin\\\/fredagsvinet-spanska-viner-har-aldrig-varit-battre\\\/#primaryimage\"},\"thumbnailUrl\":\"https:\\\/\\\/lightweb.dev\\\/l\\\/svm-temp\\\/wp-content\\\/uploads\\\/2024\\\/04\\\/GKvC65EXsAAPzTD-stor.jpeg\",\"articleSection\":[\"Artiklar\",\"Mat &amp; vin\"],\"inLanguage\":\"sv-SE\"},{\"@type\":\"WebPage\",\"@id\":\"https:\\\/\\\/lightweb.dev\\\/l\\\/svm-temp\\\/artiklar\\\/mat-vin\\\/fredagsvinet-spanska-viner-har-aldrig-varit-battre\\\/\",\"url\":\"https:\\\/\\\/lightweb.dev\\\/l\\\/svm-temp\\\/artiklar\\\/mat-vin\\\/fredagsvinet-spanska-viner-har-aldrig-varit-battre\\\/\",\"name\":\"Fredagsvinet: Spanska viner har aldrig varit b\u00e4ttre - Svenska Magasinet\",\"isPartOf\":{\"@id\":\"https:\\\/\\\/lightweb.dev\\\/l\\\/svm-temp\\\/#website\"},\"primaryImageOfPage\":{\"@id\":\"https:\\\/\\\/lightweb.dev\\\/l\\\/svm-temp\\\/artiklar\\\/mat-vin\\\/fredagsvinet-spanska-viner-har-aldrig-varit-battre\\\/#primaryimage\"},\"image\":{\"@id\":\"https:\\\/\\\/lightweb.dev\\\/l\\\/svm-temp\\\/artiklar\\\/mat-vin\\\/fredagsvinet-spanska-viner-har-aldrig-varit-battre\\\/#primaryimage\"},\"thumbnailUrl\":\"https:\\\/\\\/lightweb.dev\\\/l\\\/svm-temp\\\/wp-content\\\/uploads\\\/2024\\\/04\\\/GKvC65EXsAAPzTD-stor.jpeg\",\"datePublished\":\"2024-04-11T20:24:27+00:00\",\"dateModified\":\"2024-04-11T20:27:07+00:00\",\"description\":\"Det \u00e4r inte spanskt lantvin eller Vino Tinto som f\u00e5r oss att springa benen av oss till n\u00e4rmaste Systembolaget (Sverige) eller Vinoteca, livsmedelsbutik eller k\u00f6pcentrum i Spanien. En g\u00e5ng i tiden var det s\u00e5.\",\"breadcrumb\":{\"@id\":\"https:\\\/\\\/lightweb.dev\\\/l\\\/svm-temp\\\/artiklar\\\/mat-vin\\\/fredagsvinet-spanska-viner-har-aldrig-varit-battre\\\/#breadcrumb\"},\"inLanguage\":\"sv-SE\",\"potentialAction\":[{\"@type\":\"ReadAction\",\"target\":[\"https:\\\/\\\/lightweb.dev\\\/l\\\/svm-temp\\\/artiklar\\\/mat-vin\\\/fredagsvinet-spanska-viner-har-aldrig-varit-battre\\\/\"]}]},{\"@type\":\"ImageObject\",\"inLanguage\":\"sv-SE\",\"@id\":\"https:\\\/\\\/lightweb.dev\\\/l\\\/svm-temp\\\/artiklar\\\/mat-vin\\\/fredagsvinet-spanska-viner-har-aldrig-varit-battre\\\/#primaryimage\",\"url\":\"https:\\\/\\\/lightweb.dev\\\/l\\\/svm-temp\\\/wp-content\\\/uploads\\\/2024\\\/04\\\/GKvC65EXsAAPzTD-stor.jpeg\",\"contentUrl\":\"https:\\\/\\\/lightweb.dev\\\/l\\\/svm-temp\\\/wp-content\\\/uploads\\\/2024\\\/04\\\/GKvC65EXsAAPzTD-stor.jpeg\",\"width\":1280,\"height\":960,\"caption\":\"Gu\u00eda Pe\u00f1\u00edns vinm\u00e4ssa i M\u00e1laga lockade m\u00e5nga bes\u00f6kare fr\u00e5n restaurang- och vinbranschen.\"},{\"@type\":\"BreadcrumbList\",\"@id\":\"https:\\\/\\\/lightweb.dev\\\/l\\\/svm-temp\\\/artiklar\\\/mat-vin\\\/fredagsvinet-spanska-viner-har-aldrig-varit-battre\\\/#breadcrumb\",\"itemListElement\":[{\"@type\":\"ListItem\",\"position\":1,\"name\":\"Hem\",\"item\":\"https:\\\/\\\/lightweb.dev\\\/l\\\/svm-temp\\\/\"},{\"@type\":\"ListItem\",\"position\":2,\"name\":\"Fredagsvinet: Spanska viner har aldrig varit b\u00e4ttre\"}]},{\"@type\":\"WebSite\",\"@id\":\"https:\\\/\\\/lightweb.dev\\\/l\\\/svm-temp\\\/#website\",\"url\":\"https:\\\/\\\/lightweb.dev\\\/l\\\/svm-temp\\\/\",\"name\":\"Svenska Magasinet\",\"description\":\"Dina Spanska nyheter p&aring; Svenska\",\"publisher\":{\"@id\":\"https:\\\/\\\/lightweb.dev\\\/l\\\/svm-temp\\\/#organization\"},\"potentialAction\":[{\"@type\":\"SearchAction\",\"target\":{\"@type\":\"EntryPoint\",\"urlTemplate\":\"https:\\\/\\\/lightweb.dev\\\/l\\\/svm-temp\\\/?s={search_term_string}\"},\"query-input\":{\"@type\":\"PropertyValueSpecification\",\"valueRequired\":true,\"valueName\":\"search_term_string\"}}],\"inLanguage\":\"sv-SE\"},{\"@type\":\"Organization\",\"@id\":\"https:\\\/\\\/lightweb.dev\\\/l\\\/svm-temp\\\/#organization\",\"name\":\"Melkerson y Nott SL\",\"alternateName\":\"Svenska Magasinet\",\"url\":\"https:\\\/\\\/lightweb.dev\\\/l\\\/svm-temp\\\/\",\"logo\":{\"@type\":\"ImageObject\",\"inLanguage\":\"sv-SE\",\"@id\":\"https:\\\/\\\/lightweb.dev\\\/l\\\/svm-temp\\\/#\\\/schema\\\/logo\\\/image\\\/\",\"url\":\"https:\\\/\\\/lightweb.dev\\\/l\\\/svm-temp\\\/wp-content\\\/uploads\\\/2025\\\/02\\\/SvM-logo-Xtra-Centrerad-SVART.png\",\"contentUrl\":\"https:\\\/\\\/lightweb.dev\\\/l\\\/svm-temp\\\/wp-content\\\/uploads\\\/2025\\\/02\\\/SvM-logo-Xtra-Centrerad-SVART.png\",\"width\":300,\"height\":99,\"caption\":\"Melkerson y Nott SL\"},\"image\":{\"@id\":\"https:\\\/\\\/lightweb.dev\\\/l\\\/svm-temp\\\/#\\\/schema\\\/logo\\\/image\\\/\"},\"sameAs\":[\"https:\\\/\\\/www.facebook.com\\\/svenskamagasinet\",\"https:\\\/\\\/x.com\\\/SvenskaMagasine\"]},{\"@type\":\"Person\",\"@id\":\"https:\\\/\\\/lightweb.dev\\\/l\\\/svm-temp\\\/#\\\/schema\\\/person\\\/7a82b8a73d171d32360a564b6d03508e\",\"name\":\"Ola Josefsson\",\"description\":\"Bevakar Solkusten och Spanien sedan 1994.\",\"sameAs\":[\"https:\\\/\\\/lightweb.dev\\\/l\\\/svm-temp\"],\"url\":\"https:\\\/\\\/lightweb.dev\\\/l\\\/svm-temp\\\/reporter\\\/ola-josefsson\\\/\"}]}<\/script>\n<!-- \/ Yoast SEO Premium plugin. -->","yoast_head_json":{"title":"Fredagsvinet: Spanska viner har aldrig varit b\u00e4ttre - Svenska Magasinet","description":"Det \u00e4r inte spanskt lantvin eller Vino Tinto som f\u00e5r oss att springa benen av oss till n\u00e4rmaste Systembolaget (Sverige) eller Vinoteca, livsmedelsbutik eller k\u00f6pcentrum i Spanien. En g\u00e5ng i tiden var det s\u00e5.","robots":{"index":"noindex","follow":"follow","max-snippet":"max-snippet:-1","max-image-preview":"max-image-preview:large","max-video-preview":"max-video-preview:-1"},"og_locale":"sv_SE","og_type":"article","og_title":"Fredagsvinet: Spanska viner har aldrig varit b\u00e4ttre","og_description":"Det \u00e4r inte spanskt lantvin eller Vino Tinto som f\u00e5r oss att springa benen av oss till n\u00e4rmaste Systembolaget (Sverige) eller Vinoteca, livsmedelsbutik eller k\u00f6pcentrum i Spanien. En g\u00e5ng i tiden var det s\u00e5.","og_url":"https:\/\/lightweb.dev\/l\/svm-temp\/artiklar\/mat-vin\/fredagsvinet-spanska-viner-har-aldrig-varit-battre\/","og_site_name":"Svenska Magasinet","article_publisher":"https:\/\/www.facebook.com\/svenskamagasinet","article_published_time":"2024-04-11T20:24:27+00:00","article_modified_time":"2024-04-11T20:27:07+00:00","og_image":[{"width":1280,"height":960,"url":"https:\/\/lightweb.dev\/l\/svm-temp\/wp-content\/uploads\/2024\/04\/GKvC65EXsAAPzTD-stor.jpeg","type":"image\/jpeg"}],"author":"Ola Josefsson","twitter_card":"summary_large_image","twitter_creator":"@SvenskaMagasine","twitter_site":"@SvenskaMagasine","schema":{"@context":"https:\/\/schema.org","@graph":[{"@type":"Article","@id":"https:\/\/lightweb.dev\/l\/svm-temp\/artiklar\/mat-vin\/fredagsvinet-spanska-viner-har-aldrig-varit-battre\/#article","isPartOf":{"@id":"https:\/\/lightweb.dev\/l\/svm-temp\/artiklar\/mat-vin\/fredagsvinet-spanska-viner-har-aldrig-varit-battre\/"},"author":{"name":"Ola Josefsson","@id":"https:\/\/lightweb.dev\/l\/svm-temp\/#\/schema\/person\/7a82b8a73d171d32360a564b6d03508e"},"headline":"Fredagsvinet: Spanska viner har aldrig varit b\u00e4ttre","datePublished":"2024-04-11T20:24:27+00:00","dateModified":"2024-04-11T20:27:07+00:00","mainEntityOfPage":{"@id":"https:\/\/lightweb.dev\/l\/svm-temp\/artiklar\/mat-vin\/fredagsvinet-spanska-viner-har-aldrig-varit-battre\/"},"wordCount":547,"publisher":{"@id":"https:\/\/lightweb.dev\/l\/svm-temp\/#organization"},"image":{"@id":"https:\/\/lightweb.dev\/l\/svm-temp\/artiklar\/mat-vin\/fredagsvinet-spanska-viner-har-aldrig-varit-battre\/#primaryimage"},"thumbnailUrl":"https:\/\/lightweb.dev\/l\/svm-temp\/wp-content\/uploads\/2024\/04\/GKvC65EXsAAPzTD-stor.jpeg","articleSection":["Artiklar","Mat &amp; vin"],"inLanguage":"sv-SE"},{"@type":"WebPage","@id":"https:\/\/lightweb.dev\/l\/svm-temp\/artiklar\/mat-vin\/fredagsvinet-spanska-viner-har-aldrig-varit-battre\/","url":"https:\/\/lightweb.dev\/l\/svm-temp\/artiklar\/mat-vin\/fredagsvinet-spanska-viner-har-aldrig-varit-battre\/","name":"Fredagsvinet: Spanska viner har aldrig varit b\u00e4ttre - Svenska Magasinet","isPartOf":{"@id":"https:\/\/lightweb.dev\/l\/svm-temp\/#website"},"primaryImageOfPage":{"@id":"https:\/\/lightweb.dev\/l\/svm-temp\/artiklar\/mat-vin\/fredagsvinet-spanska-viner-har-aldrig-varit-battre\/#primaryimage"},"image":{"@id":"https:\/\/lightweb.dev\/l\/svm-temp\/artiklar\/mat-vin\/fredagsvinet-spanska-viner-har-aldrig-varit-battre\/#primaryimage"},"thumbnailUrl":"https:\/\/lightweb.dev\/l\/svm-temp\/wp-content\/uploads\/2024\/04\/GKvC65EXsAAPzTD-stor.jpeg","datePublished":"2024-04-11T20:24:27+00:00","dateModified":"2024-04-11T20:27:07+00:00","description":"Det \u00e4r inte spanskt lantvin eller Vino Tinto som f\u00e5r oss att springa benen av oss till n\u00e4rmaste Systembolaget (Sverige) eller Vinoteca, livsmedelsbutik eller k\u00f6pcentrum i Spanien. En g\u00e5ng i tiden var det s\u00e5.","breadcrumb":{"@id":"https:\/\/lightweb.dev\/l\/svm-temp\/artiklar\/mat-vin\/fredagsvinet-spanska-viner-har-aldrig-varit-battre\/#breadcrumb"},"inLanguage":"sv-SE","potentialAction":[{"@type":"ReadAction","target":["https:\/\/lightweb.dev\/l\/svm-temp\/artiklar\/mat-vin\/fredagsvinet-spanska-viner-har-aldrig-varit-battre\/"]}]},{"@type":"ImageObject","inLanguage":"sv-SE","@id":"https:\/\/lightweb.dev\/l\/svm-temp\/artiklar\/mat-vin\/fredagsvinet-spanska-viner-har-aldrig-varit-battre\/#primaryimage","url":"https:\/\/lightweb.dev\/l\/svm-temp\/wp-content\/uploads\/2024\/04\/GKvC65EXsAAPzTD-stor.jpeg","contentUrl":"https:\/\/lightweb.dev\/l\/svm-temp\/wp-content\/uploads\/2024\/04\/GKvC65EXsAAPzTD-stor.jpeg","width":1280,"height":960,"caption":"Gu\u00eda Pe\u00f1\u00edns vinm\u00e4ssa i M\u00e1laga lockade m\u00e5nga bes\u00f6kare fr\u00e5n restaurang- och vinbranschen."},{"@type":"BreadcrumbList","@id":"https:\/\/lightweb.dev\/l\/svm-temp\/artiklar\/mat-vin\/fredagsvinet-spanska-viner-har-aldrig-varit-battre\/#breadcrumb","itemListElement":[{"@type":"ListItem","position":1,"name":"Hem","item":"https:\/\/lightweb.dev\/l\/svm-temp\/"},{"@type":"ListItem","position":2,"name":"Fredagsvinet: Spanska viner har aldrig varit b\u00e4ttre"}]},{"@type":"WebSite","@id":"https:\/\/lightweb.dev\/l\/svm-temp\/#website","url":"https:\/\/lightweb.dev\/l\/svm-temp\/","name":"Svenska Magasinet","description":"Dina Spanska nyheter p&aring; Svenska","publisher":{"@id":"https:\/\/lightweb.dev\/l\/svm-temp\/#organization"},"potentialAction":[{"@type":"SearchAction","target":{"@type":"EntryPoint","urlTemplate":"https:\/\/lightweb.dev\/l\/svm-temp\/?s={search_term_string}"},"query-input":{"@type":"PropertyValueSpecification","valueRequired":true,"valueName":"search_term_string"}}],"inLanguage":"sv-SE"},{"@type":"Organization","@id":"https:\/\/lightweb.dev\/l\/svm-temp\/#organization","name":"Melkerson y Nott SL","alternateName":"Svenska Magasinet","url":"https:\/\/lightweb.dev\/l\/svm-temp\/","logo":{"@type":"ImageObject","inLanguage":"sv-SE","@id":"https:\/\/lightweb.dev\/l\/svm-temp\/#\/schema\/logo\/image\/","url":"https:\/\/lightweb.dev\/l\/svm-temp\/wp-content\/uploads\/2025\/02\/SvM-logo-Xtra-Centrerad-SVART.png","contentUrl":"https:\/\/lightweb.dev\/l\/svm-temp\/wp-content\/uploads\/2025\/02\/SvM-logo-Xtra-Centrerad-SVART.png","width":300,"height":99,"caption":"Melkerson y Nott SL"},"image":{"@id":"https:\/\/lightweb.dev\/l\/svm-temp\/#\/schema\/logo\/image\/"},"sameAs":["https:\/\/www.facebook.com\/svenskamagasinet","https:\/\/x.com\/SvenskaMagasine"]},{"@type":"Person","@id":"https:\/\/lightweb.dev\/l\/svm-temp\/#\/schema\/person\/7a82b8a73d171d32360a564b6d03508e","name":"Ola Josefsson","description":"Bevakar Solkusten och Spanien sedan 1994.","sameAs":["https:\/\/lightweb.dev\/l\/svm-temp"],"url":"https:\/\/lightweb.dev\/l\/svm-temp\/reporter\/ola-josefsson\/"}]}},"_links":{"self":[{"href":"https:\/\/lightweb.dev\/l\/svm-temp\/wp-json\/wp\/v2\/posts\/71164","targetHints":{"allow":["GET"]}}],"collection":[{"href":"https:\/\/lightweb.dev\/l\/svm-temp\/wp-json\/wp\/v2\/posts"}],"about":[{"href":"https:\/\/lightweb.dev\/l\/svm-temp\/wp-json\/wp\/v2\/types\/post"}],"author":[{"embeddable":true,"href":"https:\/\/lightweb.dev\/l\/svm-temp\/wp-json\/wp\/v2\/users\/7"}],"replies":[{"embeddable":true,"href":"https:\/\/lightweb.dev\/l\/svm-temp\/wp-json\/wp\/v2\/comments?post=71164"}],"version-history":[{"count":0,"href":"https:\/\/lightweb.dev\/l\/svm-temp\/wp-json\/wp\/v2\/posts\/71164\/revisions"}],"wp:featuredmedia":[{"embeddable":true,"href":"https:\/\/lightweb.dev\/l\/svm-temp\/wp-json\/wp\/v2\/media\/71165"}],"wp:attachment":[{"href":"https:\/\/lightweb.dev\/l\/svm-temp\/wp-json\/wp\/v2\/media?parent=71164"}],"wp:term":[{"taxonomy":"category","embeddable":true,"href":"https:\/\/lightweb.dev\/l\/svm-temp\/wp-json\/wp\/v2\/categories?post=71164"},{"taxonomy":"post_tag","embeddable":true,"href":"https:\/\/lightweb.dev\/l\/svm-temp\/wp-json\/wp\/v2\/tags?post=71164"}],"curies":[{"name":"wp","href":"https:\/\/api.w.org\/{rel}","templated":true}]}}