{"id":71410,"date":"2024-04-24T10:03:51","date_gmt":"2024-04-24T08:03:51","guid":{"rendered":"https:\/\/lightweb.dev\/l\/svm-temp\/?p=71410"},"modified":"2024-04-24T10:28:41","modified_gmt":"2024-04-24T08:28:41","slug":"skandal-nar-spanien-slapper-en-av-europas-mest-jagade-maffialedare","status":"publish","type":"post","link":"https:\/\/lightweb.dev\/l\/svm-temp\/nyheter\/skandal-nar-spanien-slapper-en-av-europas-mest-jagade-maffialedare\/","title":{"rendered":"Skandal n\u00e4r Spanien sl\u00e4pper en av Europas mest jagade maffialedare"},"content":{"rendered":"<p><strong>En skandal \u00e4r under uppsegling efter att maffialedaren Karim Bouyakhrichan som lokaliserades och greps i Marbella den 10 januari \u00e4r f\u00f6rsvunnen.<\/strong><\/p>\n<p><strong>Han beskrivs som den farligaste och m\u00e4ktigaste i en st\u00f6rre maffiaorganisation med f\u00f6rgreningar i Nederl\u00e4nderna och Nordafrika.<\/strong><\/p>\n<p>Efter att Karim Bouyakhrichan suttit frihetsber\u00f6vad i en m\u00e5nad beslutade provinsdomstolen i M\u00e1laga att sl\u00e4ppa maffialedaren efter att han betalat en borgen p\u00e5 50.000 euro. Mannens pass blev indraget och han skulle anm\u00e4la sig vid domstol tv\u00e5 g\u00e5nger i m\u00e5naden.<\/p>\n<p>Men sedan den 1 april \u00e4r Karim Bouyakhrichan f\u00f6rsvunnen.<\/p>\n<h2>Fem \u00e5r<\/h2>\n<p>I fem \u00e5r f\u00f6rs\u00f6kte polisen f\u00e5nga in Karim Bouyakhrichan som \u00e4r ledare f\u00f6r en st\u00f6rre maffiaorganisation med droghandel, och som \u00e4ven framf\u00f6rt d\u00f6dshot mot kronprinsessan Catharina-Amalia av Nederl\u00e4nderna.<\/p>\n<p>&#8221;Aff\u00e4ren&#8221; beskrivs som en skandal och visar en brist p\u00e5 samordning vid de spanska myndigheterna. Efter n\u00e5gra obegripliga beslut av n\u00e5gra domare blev maffialedaren frisl\u00e4ppt mot en borgen trots att det fanns en stor risk f\u00f6r att mannen skulle avvika och fly.<\/p>\n<p>Enligt ett frigivningsbeslut som <a href=\"https:\/\/www.diariosur.es\/nacional\/descoordinacion-judicial-provoca-excarcelacion-huida-capo-peligroso-20240423074429-ntrc.html#vli=su-carta-6-3&amp;vca=0300-320-buenos_dias_0350&amp;vso=nw&amp;vmc=buenos_dias_0350&amp;vus=c444e38dd6124672b896cf0c2eb3fb4c\">Diario Sur<\/a> h\u00e4nvisar till framkommer det att det fanns en risk f\u00f6r flykt eftersom han \u00e4r utl\u00e4ndsk medborgare som inte \u00e4ger n\u00e5gon bostad i Spanien, utan bor i ett hus som \u00e4gs av frun.<\/p>\n<h2>Of\u00f6rklarligt<\/h2>\n<p>Frigivandet av Karim Bouyakhrichan beskrivs som \u00e4nnu mer of\u00f6rklarlig med tanke p\u00e5 att provinsdomstolen i M\u00e1laga fattade beslutet trots motst\u00e5nd fr\u00e5n antidrog\u00e5klagarmyndigheten. Samtidigt var de v\u00e4l medvetna om att Nederl\u00e4nderna hade inlett ett f\u00f6rfarande om att f\u00e5 honom \u00f6verl\u00e4mnad.<\/p>\n<p>En europeisk arresteringsorder var utf\u00e4rdad av myndigheterna i Nederl\u00e4nderna innan mannen sl\u00e4pptes fri.<\/p>\n<p>Domaren Ismael Moreno vid nationaldomstolen behandlade efterlysningen omedelbart. Men den aktiverades inte d\u00e5 provinsdomstolen i M\u00e1laga v\u00e4grade att g\u00f6ra det med tanke p\u00e5 att det redan fanns ett p\u00e5g\u00e5ende m\u00e5l i Spanien f\u00f6r penningtv\u00e4tt p\u00e5 sex miljoner euro.<\/p>\n<p>Myndigheterna i Nederl\u00e4nderna skickade en uppdatering av arresteringsordern till den nationella domstolen med beskedet att \u00e4rendet var mycket br\u00e5dskande d\u00e5 det handlade om en farlig narkotikahandlare, ledare f\u00f6r en st\u00f6rre maffiaorganisation med ett omfattande brottsregister.<\/p>\n<p>Men ingenting h\u00e4nde.<\/p>\n<h2>Reaktion<\/h2>\n<p>Frisl\u00e4ppandet av Karim Bouyakhrichan har gjort att myndigheterna i Holland reagerat med ilska. Spanska r\u00e4ttsliga myndigheter f\u00f6rsvarar sig med att det m\u00e5ste bli b\u00e4ttre samordning mellan domstolarna.<\/p>\n<p>Bouyakhrichan \u00e4r ursprungligen fr\u00e5n Marocko och bror till Samir Bouyakhrichan som m\u00f6rdades i Benahav\u00eds p\u00e5 Solkusten 2014. D\u00e4refter \u00f6vertog Karim ledarskapet i organisationen.<\/p>\n<p>I Spanien \u00e4r Karim Bouyakhrichan misst\u00e4nkt f\u00f6r grovt penningtv\u00e4ttbrott p\u00e5 sex miljoner euro. Han uppges ha n\u00e4ra kontakter med latinamerikanska och europeiska karteller. Vid gripandet la myndigheterna embargo p\u00e5 172 fastigheter v\u00e4rda 50 miljoner euro och n\u00e4stan tre miljoner euro p\u00e5 bankkonton.<\/p>\n<p>Trots det kunde Karim Bouyakhrichan betala 50.000 euro i borgen utan problem.<\/p>\n<p>Pengarna uppges ha tv\u00e4ttats vita genom fastighetsbranschen p\u00e5 Solkusten.<\/p>\n<h2>Sverige<\/h2>\n<p>Det finns uppgifter som tyder p\u00e5 att ligan som Karim Bouyakhrichan \u00e4r ledare f\u00f6r har kopplingar till Sverige och till en p\u00e5g\u00e5ende narkotikah\u00e4rva i Marbella best\u00e5ende av fr\u00e4mst svenskar och polacker. N\u00e5got som <a href=\"https:\/\/lightweb.dev\/l\/svm-temp\/nyheter\/efterlyst-belgare-kopplas-samman-med-svenskharva\/\">Svenska Magasinet<\/a> tidigare har ber\u00e4ttat.<\/p>\n","protected":false},"excerpt":{"rendered":"<p>En skandal \u00e4r under uppsegling efter att maffialedaren Karim Bouyakhrichan som lokaliserades och greps i Marbella den 10 januari \u00e4r f\u00f6rsvunnen. Han beskrivs som den farligaste och m\u00e4ktigaste i en st\u00f6rre maffiaorganisation med f\u00f6rgreningar i Nederl\u00e4nderna och Nordafrika&#8230;<\/p>\n","protected":false},"author":7,"featured_media":71411,"comment_status":"closed","ping_status":"closed","sticky":false,"template":"","format":"standard","meta":{"_et_pb_use_builder":"","_et_pb_old_content":"","_et_gb_content_width":"","footnotes":""},"categories":[395,3],"tags":[],"class_list":["post-71410","post","type-post","status-publish","format-standard","has-post-thumbnail","hentry","category-arkiv-nyheter","category-nyheter"],"yoast_head":"<!-- This site is optimized with the Yoast SEO Premium plugin v26.2 (Yoast SEO v27.4) - https:\/\/yoast.com\/product\/yoast-seo-premium-wordpress\/ -->\n<title>Skandal n\u00e4r Spanien sl\u00e4pper en av Europas mest jagade maffialedare - Svenska Magasinet<\/title>\n<meta name=\"description\" content=\"En skandal \u00e4r under uppsegling efter att maffialedaren Karim Bouyakhrichan som lokaliserades och greps i Marbella den 10 januari \u00e4r f\u00f6rsvunnen. Han beskrivs som den farligaste och m\u00e4ktigaste i en st\u00f6rre maffiaorganisation med f\u00f6rgreningar i Nederl\u00e4nderna och Nordafrika.\" \/>\n<meta name=\"robots\" content=\"noindex, follow, max-snippet:-1, max-image-preview:large, max-video-preview:-1\" \/>\n<meta property=\"og:locale\" content=\"sv_SE\" \/>\n<meta property=\"og:type\" content=\"article\" \/>\n<meta property=\"og:title\" content=\"Skandal n\u00e4r Spanien sl\u00e4pper en av Europas mest jagade maffialedare\" \/>\n<meta property=\"og:description\" content=\"En skandal \u00e4r under uppsegling efter att maffialedaren Karim Bouyakhrichan som lokaliserades och greps i Marbella den 10 januari \u00e4r f\u00f6rsvunnen. Han beskrivs som den farligaste och m\u00e4ktigaste i en st\u00f6rre maffiaorganisation med f\u00f6rgreningar i Nederl\u00e4nderna och Nordafrika.\" \/>\n<meta property=\"og:url\" content=\"https:\/\/lightweb.dev\/l\/svm-temp\/nyheter\/skandal-nar-spanien-slapper-en-av-europas-mest-jagade-maffialedare\/\" \/>\n<meta property=\"og:site_name\" content=\"Svenska Magasinet\" \/>\n<meta property=\"article:publisher\" content=\"https:\/\/www.facebook.com\/svenskamagasinet\" \/>\n<meta property=\"article:published_time\" content=\"2024-04-24T08:03:51+00:00\" \/>\n<meta property=\"article:modified_time\" content=\"2024-04-24T08:28:41+00:00\" \/>\n<meta property=\"og:image\" content=\"https:\/\/lightweb.dev\/l\/svm-temp\/wp-content\/uploads\/2024\/04\/policia-nacional-detiene-lider-narco-mocro-maffia-stor.jpeg\" \/>\n\t<meta property=\"og:image:width\" content=\"1200\" \/>\n\t<meta property=\"og:image:height\" content=\"840\" \/>\n\t<meta property=\"og:image:type\" content=\"image\/jpeg\" \/>\n<meta name=\"author\" content=\"Ola Josefsson\" \/>\n<meta name=\"twitter:card\" content=\"summary_large_image\" \/>\n<meta name=\"twitter:creator\" content=\"@SvenskaMagasine\" \/>\n<meta name=\"twitter:site\" content=\"@SvenskaMagasine\" \/>\n<script type=\"application\/ld+json\" class=\"yoast-schema-graph\">{\"@context\":\"https:\\\/\\\/schema.org\",\"@graph\":[{\"@type\":\"Article\",\"@id\":\"https:\\\/\\\/lightweb.dev\\\/l\\\/svm-temp\\\/nyheter\\\/skandal-nar-spanien-slapper-en-av-europas-mest-jagade-maffialedare\\\/#article\",\"isPartOf\":{\"@id\":\"https:\\\/\\\/lightweb.dev\\\/l\\\/svm-temp\\\/nyheter\\\/skandal-nar-spanien-slapper-en-av-europas-mest-jagade-maffialedare\\\/\"},\"author\":{\"name\":\"Ola Josefsson\",\"@id\":\"https:\\\/\\\/lightweb.dev\\\/l\\\/svm-temp\\\/#\\\/schema\\\/person\\\/7a82b8a73d171d32360a564b6d03508e\"},\"headline\":\"Skandal n\u00e4r Spanien sl\u00e4pper en av Europas mest jagade maffialedare\",\"datePublished\":\"2024-04-24T08:03:51+00:00\",\"dateModified\":\"2024-04-24T08:28:41+00:00\",\"mainEntityOfPage\":{\"@id\":\"https:\\\/\\\/lightweb.dev\\\/l\\\/svm-temp\\\/nyheter\\\/skandal-nar-spanien-slapper-en-av-europas-mest-jagade-maffialedare\\\/\"},\"wordCount\":564,\"publisher\":{\"@id\":\"https:\\\/\\\/lightweb.dev\\\/l\\\/svm-temp\\\/#organization\"},\"image\":{\"@id\":\"https:\\\/\\\/lightweb.dev\\\/l\\\/svm-temp\\\/nyheter\\\/skandal-nar-spanien-slapper-en-av-europas-mest-jagade-maffialedare\\\/#primaryimage\"},\"thumbnailUrl\":\"https:\\\/\\\/lightweb.dev\\\/l\\\/svm-temp\\\/wp-content\\\/uploads\\\/2024\\\/04\\\/policia-nacional-detiene-lider-narco-mocro-maffia-stor.jpeg\",\"articleSection\":[\"Arkiv\",\"Nyheter\"],\"inLanguage\":\"sv-SE\"},{\"@type\":\"WebPage\",\"@id\":\"https:\\\/\\\/lightweb.dev\\\/l\\\/svm-temp\\\/nyheter\\\/skandal-nar-spanien-slapper-en-av-europas-mest-jagade-maffialedare\\\/\",\"url\":\"https:\\\/\\\/lightweb.dev\\\/l\\\/svm-temp\\\/nyheter\\\/skandal-nar-spanien-slapper-en-av-europas-mest-jagade-maffialedare\\\/\",\"name\":\"Skandal n\u00e4r Spanien sl\u00e4pper en av Europas mest jagade maffialedare - Svenska Magasinet\",\"isPartOf\":{\"@id\":\"https:\\\/\\\/lightweb.dev\\\/l\\\/svm-temp\\\/#website\"},\"primaryImageOfPage\":{\"@id\":\"https:\\\/\\\/lightweb.dev\\\/l\\\/svm-temp\\\/nyheter\\\/skandal-nar-spanien-slapper-en-av-europas-mest-jagade-maffialedare\\\/#primaryimage\"},\"image\":{\"@id\":\"https:\\\/\\\/lightweb.dev\\\/l\\\/svm-temp\\\/nyheter\\\/skandal-nar-spanien-slapper-en-av-europas-mest-jagade-maffialedare\\\/#primaryimage\"},\"thumbnailUrl\":\"https:\\\/\\\/lightweb.dev\\\/l\\\/svm-temp\\\/wp-content\\\/uploads\\\/2024\\\/04\\\/policia-nacional-detiene-lider-narco-mocro-maffia-stor.jpeg\",\"datePublished\":\"2024-04-24T08:03:51+00:00\",\"dateModified\":\"2024-04-24T08:28:41+00:00\",\"description\":\"En skandal \u00e4r under uppsegling efter att maffialedaren Karim Bouyakhrichan som lokaliserades och greps i Marbella den 10 januari \u00e4r f\u00f6rsvunnen. Han beskrivs som den farligaste och m\u00e4ktigaste i en st\u00f6rre maffiaorganisation med f\u00f6rgreningar i Nederl\u00e4nderna och Nordafrika.\",\"breadcrumb\":{\"@id\":\"https:\\\/\\\/lightweb.dev\\\/l\\\/svm-temp\\\/nyheter\\\/skandal-nar-spanien-slapper-en-av-europas-mest-jagade-maffialedare\\\/#breadcrumb\"},\"inLanguage\":\"sv-SE\",\"potentialAction\":[{\"@type\":\"ReadAction\",\"target\":[\"https:\\\/\\\/lightweb.dev\\\/l\\\/svm-temp\\\/nyheter\\\/skandal-nar-spanien-slapper-en-av-europas-mest-jagade-maffialedare\\\/\"]}]},{\"@type\":\"ImageObject\",\"inLanguage\":\"sv-SE\",\"@id\":\"https:\\\/\\\/lightweb.dev\\\/l\\\/svm-temp\\\/nyheter\\\/skandal-nar-spanien-slapper-en-av-europas-mest-jagade-maffialedare\\\/#primaryimage\",\"url\":\"https:\\\/\\\/lightweb.dev\\\/l\\\/svm-temp\\\/wp-content\\\/uploads\\\/2024\\\/04\\\/policia-nacional-detiene-lider-narco-mocro-maffia-stor.jpeg\",\"contentUrl\":\"https:\\\/\\\/lightweb.dev\\\/l\\\/svm-temp\\\/wp-content\\\/uploads\\\/2024\\\/04\\\/policia-nacional-detiene-lider-narco-mocro-maffia-stor.jpeg\",\"width\":1200,\"height\":840,\"caption\":\"Den 10 januari greps Karim Bouyakhrichan i Marbella. Nu \u00e4r maffialedaren f\u00f6rsvunnen efter att betalat en borgen p\u00e5 50.000 euro. (Foto: Policia nacional)\"},{\"@type\":\"BreadcrumbList\",\"@id\":\"https:\\\/\\\/lightweb.dev\\\/l\\\/svm-temp\\\/nyheter\\\/skandal-nar-spanien-slapper-en-av-europas-mest-jagade-maffialedare\\\/#breadcrumb\",\"itemListElement\":[{\"@type\":\"ListItem\",\"position\":1,\"name\":\"Hem\",\"item\":\"https:\\\/\\\/lightweb.dev\\\/l\\\/svm-temp\\\/\"},{\"@type\":\"ListItem\",\"position\":2,\"name\":\"Skandal n\u00e4r Spanien sl\u00e4pper en av Europas mest jagade maffialedare\"}]},{\"@type\":\"WebSite\",\"@id\":\"https:\\\/\\\/lightweb.dev\\\/l\\\/svm-temp\\\/#website\",\"url\":\"https:\\\/\\\/lightweb.dev\\\/l\\\/svm-temp\\\/\",\"name\":\"Svenska Magasinet\",\"description\":\"Dina Spanska nyheter p&aring; Svenska\",\"publisher\":{\"@id\":\"https:\\\/\\\/lightweb.dev\\\/l\\\/svm-temp\\\/#organization\"},\"potentialAction\":[{\"@type\":\"SearchAction\",\"target\":{\"@type\":\"EntryPoint\",\"urlTemplate\":\"https:\\\/\\\/lightweb.dev\\\/l\\\/svm-temp\\\/?s={search_term_string}\"},\"query-input\":{\"@type\":\"PropertyValueSpecification\",\"valueRequired\":true,\"valueName\":\"search_term_string\"}}],\"inLanguage\":\"sv-SE\"},{\"@type\":\"Organization\",\"@id\":\"https:\\\/\\\/lightweb.dev\\\/l\\\/svm-temp\\\/#organization\",\"name\":\"Melkerson y Nott SL\",\"alternateName\":\"Svenska Magasinet\",\"url\":\"https:\\\/\\\/lightweb.dev\\\/l\\\/svm-temp\\\/\",\"logo\":{\"@type\":\"ImageObject\",\"inLanguage\":\"sv-SE\",\"@id\":\"https:\\\/\\\/lightweb.dev\\\/l\\\/svm-temp\\\/#\\\/schema\\\/logo\\\/image\\\/\",\"url\":\"https:\\\/\\\/lightweb.dev\\\/l\\\/svm-temp\\\/wp-content\\\/uploads\\\/2025\\\/02\\\/SvM-logo-Xtra-Centrerad-SVART.png\",\"contentUrl\":\"https:\\\/\\\/lightweb.dev\\\/l\\\/svm-temp\\\/wp-content\\\/uploads\\\/2025\\\/02\\\/SvM-logo-Xtra-Centrerad-SVART.png\",\"width\":300,\"height\":99,\"caption\":\"Melkerson y Nott SL\"},\"image\":{\"@id\":\"https:\\\/\\\/lightweb.dev\\\/l\\\/svm-temp\\\/#\\\/schema\\\/logo\\\/image\\\/\"},\"sameAs\":[\"https:\\\/\\\/www.facebook.com\\\/svenskamagasinet\",\"https:\\\/\\\/x.com\\\/SvenskaMagasine\"]},{\"@type\":\"Person\",\"@id\":\"https:\\\/\\\/lightweb.dev\\\/l\\\/svm-temp\\\/#\\\/schema\\\/person\\\/7a82b8a73d171d32360a564b6d03508e\",\"name\":\"Ola Josefsson\",\"description\":\"Bevakar Solkusten och Spanien sedan 1994.\",\"sameAs\":[\"https:\\\/\\\/lightweb.dev\\\/l\\\/svm-temp\"],\"url\":\"https:\\\/\\\/lightweb.dev\\\/l\\\/svm-temp\\\/reporter\\\/ola-josefsson\\\/\"}]}<\/script>\n<!-- \/ Yoast SEO Premium plugin. -->","yoast_head_json":{"title":"Skandal n\u00e4r Spanien sl\u00e4pper en av Europas mest jagade maffialedare - Svenska Magasinet","description":"En skandal \u00e4r under uppsegling efter att maffialedaren Karim Bouyakhrichan som lokaliserades och greps i Marbella den 10 januari \u00e4r f\u00f6rsvunnen. Han beskrivs som den farligaste och m\u00e4ktigaste i en st\u00f6rre maffiaorganisation med f\u00f6rgreningar i Nederl\u00e4nderna och Nordafrika.","robots":{"index":"noindex","follow":"follow","max-snippet":"max-snippet:-1","max-image-preview":"max-image-preview:large","max-video-preview":"max-video-preview:-1"},"og_locale":"sv_SE","og_type":"article","og_title":"Skandal n\u00e4r Spanien sl\u00e4pper en av Europas mest jagade maffialedare","og_description":"En skandal \u00e4r under uppsegling efter att maffialedaren Karim Bouyakhrichan som lokaliserades och greps i Marbella den 10 januari \u00e4r f\u00f6rsvunnen. Han beskrivs som den farligaste och m\u00e4ktigaste i en st\u00f6rre maffiaorganisation med f\u00f6rgreningar i Nederl\u00e4nderna och Nordafrika.","og_url":"https:\/\/lightweb.dev\/l\/svm-temp\/nyheter\/skandal-nar-spanien-slapper-en-av-europas-mest-jagade-maffialedare\/","og_site_name":"Svenska Magasinet","article_publisher":"https:\/\/www.facebook.com\/svenskamagasinet","article_published_time":"2024-04-24T08:03:51+00:00","article_modified_time":"2024-04-24T08:28:41+00:00","og_image":[{"width":1200,"height":840,"url":"https:\/\/lightweb.dev\/l\/svm-temp\/wp-content\/uploads\/2024\/04\/policia-nacional-detiene-lider-narco-mocro-maffia-stor.jpeg","type":"image\/jpeg"}],"author":"Ola Josefsson","twitter_card":"summary_large_image","twitter_creator":"@SvenskaMagasine","twitter_site":"@SvenskaMagasine","schema":{"@context":"https:\/\/schema.org","@graph":[{"@type":"Article","@id":"https:\/\/lightweb.dev\/l\/svm-temp\/nyheter\/skandal-nar-spanien-slapper-en-av-europas-mest-jagade-maffialedare\/#article","isPartOf":{"@id":"https:\/\/lightweb.dev\/l\/svm-temp\/nyheter\/skandal-nar-spanien-slapper-en-av-europas-mest-jagade-maffialedare\/"},"author":{"name":"Ola Josefsson","@id":"https:\/\/lightweb.dev\/l\/svm-temp\/#\/schema\/person\/7a82b8a73d171d32360a564b6d03508e"},"headline":"Skandal n\u00e4r Spanien sl\u00e4pper en av Europas mest jagade maffialedare","datePublished":"2024-04-24T08:03:51+00:00","dateModified":"2024-04-24T08:28:41+00:00","mainEntityOfPage":{"@id":"https:\/\/lightweb.dev\/l\/svm-temp\/nyheter\/skandal-nar-spanien-slapper-en-av-europas-mest-jagade-maffialedare\/"},"wordCount":564,"publisher":{"@id":"https:\/\/lightweb.dev\/l\/svm-temp\/#organization"},"image":{"@id":"https:\/\/lightweb.dev\/l\/svm-temp\/nyheter\/skandal-nar-spanien-slapper-en-av-europas-mest-jagade-maffialedare\/#primaryimage"},"thumbnailUrl":"https:\/\/lightweb.dev\/l\/svm-temp\/wp-content\/uploads\/2024\/04\/policia-nacional-detiene-lider-narco-mocro-maffia-stor.jpeg","articleSection":["Arkiv","Nyheter"],"inLanguage":"sv-SE"},{"@type":"WebPage","@id":"https:\/\/lightweb.dev\/l\/svm-temp\/nyheter\/skandal-nar-spanien-slapper-en-av-europas-mest-jagade-maffialedare\/","url":"https:\/\/lightweb.dev\/l\/svm-temp\/nyheter\/skandal-nar-spanien-slapper-en-av-europas-mest-jagade-maffialedare\/","name":"Skandal n\u00e4r Spanien sl\u00e4pper en av Europas mest jagade maffialedare - Svenska Magasinet","isPartOf":{"@id":"https:\/\/lightweb.dev\/l\/svm-temp\/#website"},"primaryImageOfPage":{"@id":"https:\/\/lightweb.dev\/l\/svm-temp\/nyheter\/skandal-nar-spanien-slapper-en-av-europas-mest-jagade-maffialedare\/#primaryimage"},"image":{"@id":"https:\/\/lightweb.dev\/l\/svm-temp\/nyheter\/skandal-nar-spanien-slapper-en-av-europas-mest-jagade-maffialedare\/#primaryimage"},"thumbnailUrl":"https:\/\/lightweb.dev\/l\/svm-temp\/wp-content\/uploads\/2024\/04\/policia-nacional-detiene-lider-narco-mocro-maffia-stor.jpeg","datePublished":"2024-04-24T08:03:51+00:00","dateModified":"2024-04-24T08:28:41+00:00","description":"En skandal \u00e4r under uppsegling efter att maffialedaren Karim Bouyakhrichan som lokaliserades och greps i Marbella den 10 januari \u00e4r f\u00f6rsvunnen. Han beskrivs som den farligaste och m\u00e4ktigaste i en st\u00f6rre maffiaorganisation med f\u00f6rgreningar i Nederl\u00e4nderna och Nordafrika.","breadcrumb":{"@id":"https:\/\/lightweb.dev\/l\/svm-temp\/nyheter\/skandal-nar-spanien-slapper-en-av-europas-mest-jagade-maffialedare\/#breadcrumb"},"inLanguage":"sv-SE","potentialAction":[{"@type":"ReadAction","target":["https:\/\/lightweb.dev\/l\/svm-temp\/nyheter\/skandal-nar-spanien-slapper-en-av-europas-mest-jagade-maffialedare\/"]}]},{"@type":"ImageObject","inLanguage":"sv-SE","@id":"https:\/\/lightweb.dev\/l\/svm-temp\/nyheter\/skandal-nar-spanien-slapper-en-av-europas-mest-jagade-maffialedare\/#primaryimage","url":"https:\/\/lightweb.dev\/l\/svm-temp\/wp-content\/uploads\/2024\/04\/policia-nacional-detiene-lider-narco-mocro-maffia-stor.jpeg","contentUrl":"https:\/\/lightweb.dev\/l\/svm-temp\/wp-content\/uploads\/2024\/04\/policia-nacional-detiene-lider-narco-mocro-maffia-stor.jpeg","width":1200,"height":840,"caption":"Den 10 januari greps Karim Bouyakhrichan i Marbella. Nu \u00e4r maffialedaren f\u00f6rsvunnen efter att betalat en borgen p\u00e5 50.000 euro. (Foto: Policia nacional)"},{"@type":"BreadcrumbList","@id":"https:\/\/lightweb.dev\/l\/svm-temp\/nyheter\/skandal-nar-spanien-slapper-en-av-europas-mest-jagade-maffialedare\/#breadcrumb","itemListElement":[{"@type":"ListItem","position":1,"name":"Hem","item":"https:\/\/lightweb.dev\/l\/svm-temp\/"},{"@type":"ListItem","position":2,"name":"Skandal n\u00e4r Spanien sl\u00e4pper en av Europas mest jagade maffialedare"}]},{"@type":"WebSite","@id":"https:\/\/lightweb.dev\/l\/svm-temp\/#website","url":"https:\/\/lightweb.dev\/l\/svm-temp\/","name":"Svenska Magasinet","description":"Dina Spanska nyheter p&aring; Svenska","publisher":{"@id":"https:\/\/lightweb.dev\/l\/svm-temp\/#organization"},"potentialAction":[{"@type":"SearchAction","target":{"@type":"EntryPoint","urlTemplate":"https:\/\/lightweb.dev\/l\/svm-temp\/?s={search_term_string}"},"query-input":{"@type":"PropertyValueSpecification","valueRequired":true,"valueName":"search_term_string"}}],"inLanguage":"sv-SE"},{"@type":"Organization","@id":"https:\/\/lightweb.dev\/l\/svm-temp\/#organization","name":"Melkerson y Nott SL","alternateName":"Svenska Magasinet","url":"https:\/\/lightweb.dev\/l\/svm-temp\/","logo":{"@type":"ImageObject","inLanguage":"sv-SE","@id":"https:\/\/lightweb.dev\/l\/svm-temp\/#\/schema\/logo\/image\/","url":"https:\/\/lightweb.dev\/l\/svm-temp\/wp-content\/uploads\/2025\/02\/SvM-logo-Xtra-Centrerad-SVART.png","contentUrl":"https:\/\/lightweb.dev\/l\/svm-temp\/wp-content\/uploads\/2025\/02\/SvM-logo-Xtra-Centrerad-SVART.png","width":300,"height":99,"caption":"Melkerson y Nott SL"},"image":{"@id":"https:\/\/lightweb.dev\/l\/svm-temp\/#\/schema\/logo\/image\/"},"sameAs":["https:\/\/www.facebook.com\/svenskamagasinet","https:\/\/x.com\/SvenskaMagasine"]},{"@type":"Person","@id":"https:\/\/lightweb.dev\/l\/svm-temp\/#\/schema\/person\/7a82b8a73d171d32360a564b6d03508e","name":"Ola Josefsson","description":"Bevakar Solkusten och Spanien sedan 1994.","sameAs":["https:\/\/lightweb.dev\/l\/svm-temp"],"url":"https:\/\/lightweb.dev\/l\/svm-temp\/reporter\/ola-josefsson\/"}]}},"_links":{"self":[{"href":"https:\/\/lightweb.dev\/l\/svm-temp\/wp-json\/wp\/v2\/posts\/71410","targetHints":{"allow":["GET"]}}],"collection":[{"href":"https:\/\/lightweb.dev\/l\/svm-temp\/wp-json\/wp\/v2\/posts"}],"about":[{"href":"https:\/\/lightweb.dev\/l\/svm-temp\/wp-json\/wp\/v2\/types\/post"}],"author":[{"embeddable":true,"href":"https:\/\/lightweb.dev\/l\/svm-temp\/wp-json\/wp\/v2\/users\/7"}],"replies":[{"embeddable":true,"href":"https:\/\/lightweb.dev\/l\/svm-temp\/wp-json\/wp\/v2\/comments?post=71410"}],"version-history":[{"count":0,"href":"https:\/\/lightweb.dev\/l\/svm-temp\/wp-json\/wp\/v2\/posts\/71410\/revisions"}],"wp:featuredmedia":[{"embeddable":true,"href":"https:\/\/lightweb.dev\/l\/svm-temp\/wp-json\/wp\/v2\/media\/71411"}],"wp:attachment":[{"href":"https:\/\/lightweb.dev\/l\/svm-temp\/wp-json\/wp\/v2\/media?parent=71410"}],"wp:term":[{"taxonomy":"category","embeddable":true,"href":"https:\/\/lightweb.dev\/l\/svm-temp\/wp-json\/wp\/v2\/categories?post=71410"},{"taxonomy":"post_tag","embeddable":true,"href":"https:\/\/lightweb.dev\/l\/svm-temp\/wp-json\/wp\/v2\/tags?post=71410"}],"curies":[{"name":"wp","href":"https:\/\/api.w.org\/{rel}","templated":true}]}}