{"id":71419,"date":"2024-04-24T13:22:38","date_gmt":"2024-04-24T11:22:38","guid":{"rendered":"https:\/\/lightweb.dev\/l\/svm-temp\/?p=71419"},"modified":"2024-04-24T13:23:35","modified_gmt":"2024-04-24T11:23:35","slug":"nu-ska-andalusiernas-dialekt-kartlaggas-sprakatlas-skapas","status":"publish","type":"post","link":"https:\/\/lightweb.dev\/l\/svm-temp\/artiklar\/kultur\/nu-ska-andalusiernas-dialekt-kartlaggas-sprakatlas-skapas\/","title":{"rendered":"Nu ska andalusiernas dialekt kartl\u00e4ggas &#8211; spr\u00e5katlas skapas"},"content":{"rendered":"<p><strong>Hur talar inv\u00e5narna i M\u00e1lagaprovinsen? Det ska en universitetsstudie svara p\u00e5 i syfte att utarbeta en spr\u00e5katlas.<\/strong><\/p>\n<p><strong>I december 2026 ska projektet vara klart som ska kartl\u00e4gga andalusiskan och den m\u00e5ngfald av spanska spr\u00e5ket som talas.<\/strong><\/p>\n<p>Fram till nu har inv\u00e5nare i M\u00e1laga, V\u00e9lez-M\u00e1laga, Mijas, Nerja, Frigiliana, Salares och Gauc\u00edn deltagit vid inspelningar.<\/p>\n<p>Var anv\u00e4nds \u201ds-ljuden\u201d (seseo) och var anv\u00e4nds c-ljuden (ceceo)? Och p\u00e5 vilka platser uttalas inte \u201ds\u201d i slutet p\u00e5 ord?<\/p>\n<p>Har inv\u00e5narna i M\u00e1laga stad egen accent eller dialekt? Och skiljer den sig j\u00e4mf\u00f6rt med hur inv\u00e5narna i Antequera, Ronda, Marbella och Nerja talar?<\/p>\n<h2>Granada universitet<\/h2>\n<div id=\"attachment_71422\" style=\"width: 310px\" class=\"wp-caption alignright\"><img loading=\"lazy\" decoding=\"async\" aria-describedby=\"caption-attachment-71422\" class=\"size-medium wp-image-71422\" src=\"https:\/\/lightweb.dev\/l\/svm-temp\/wp-content\/uploads\/2024\/04\/GLhWig8X0AAIwl5-stor-300x212.jpeg\" alt=\"\" width=\"300\" height=\"212\" srcset=\"https:\/\/lightweb.dev\/l\/svm-temp\/wp-content\/uploads\/2024\/04\/GLhWig8X0AAIwl5-stor-300x212.jpeg 300w, https:\/\/lightweb.dev\/l\/svm-temp\/wp-content\/uploads\/2024\/04\/GLhWig8X0AAIwl5-stor-900x637.jpeg 900w, https:\/\/lightweb.dev\/l\/svm-temp\/wp-content\/uploads\/2024\/04\/GLhWig8X0AAIwl5-stor-768x544.jpeg 768w, https:\/\/lightweb.dev\/l\/svm-temp\/wp-content\/uploads\/2024\/04\/GLhWig8X0AAIwl5-stor-610x432.jpeg 610w, https:\/\/lightweb.dev\/l\/svm-temp\/wp-content\/uploads\/2024\/04\/GLhWig8X0AAIwl5-stor-400x284.jpeg 400w, https:\/\/lightweb.dev\/l\/svm-temp\/wp-content\/uploads\/2024\/04\/GLhWig8X0AAIwl5-stor-1080x764.jpeg 1080w, https:\/\/lightweb.dev\/l\/svm-temp\/wp-content\/uploads\/2024\/04\/GLhWig8X0AAIwl5-stor-600x425.jpeg 600w, https:\/\/lightweb.dev\/l\/svm-temp\/wp-content\/uploads\/2024\/04\/GLhWig8X0AAIwl5-stor.jpeg 1280w\" sizes=\"(max-width: 300px) 100vw, 300px\" \/><p id=\"caption-attachment-71422\" class=\"wp-caption-text\">Den h\u00e4r g\u00e5ngen kommer totalt 500 av Andalusiens 785 kommuner att ing\u00e5.<\/p><\/div>\n<p>Ifjol inleddes ett forskningsprojekt vid Granadas universitet (UGR) under temat \u201dAtlas Ling\u00fc\u00edstico Interactivo de los Acentos de Andaluc\u00eda\u201d.<\/p>\n<p>Arbetet leds av professorn och spr\u00e5kexperten Alfredo Herrero och studien ska bli den mest kompletta som n\u00e5gonsin utarbetats. Den finansieras med hj\u00e4lp av offentliga medel fr\u00e5n Junta de Andalucia, skriver <a href=\"https:\/\/www.diariosur.es\/malaga\/hablan-malaguenos-estudio-universitario-busca-elaborar-atlas-20240419133337-nt.html\">Diario Sur.<\/a><\/p>\n<p>1973 gjordes en liknande studie. Men den som p\u00e5g\u00e5r nu blir mer omfattande.<\/p>\n<p>1973 studerades dialekt och uttal i 230 kommuner. Den h\u00e4r g\u00e5ngen kommer totalt 500 av Andalusiens 785 kommuner att ing\u00e5.<\/p>\n<h2>\u201dCoche\u201d och \u201dchamp\u00fa\u201d<\/h2>\n<p>Redan nu har inv\u00e5nare i Nerja, Frigiliana, C\u00f3mpeta, M\u00e1laga, V\u00e9lez-M\u00e1laga, Mijas, Salares, Atajate och Gauc\u00edn spelats in. I omr\u00e5det runt Antequera ska inv\u00e5nare i Sierra de Yeguas, Teba, Ca\u00f1ete la Real, Alameda, Valle de Abdalaj\u00eds och Villanueva de Algaidas spelas in.<\/p>\n<div id=\"attachment_71421\" style=\"width: 310px\" class=\"wp-caption alignleft\"><img loading=\"lazy\" decoding=\"async\" aria-describedby=\"caption-attachment-71421\" class=\"size-medium wp-image-71421\" src=\"https:\/\/lightweb.dev\/l\/svm-temp\/wp-content\/uploads\/2024\/04\/GLYVbV-WcAExGPq-stor-300x226.jpeg\" alt=\"\" width=\"300\" height=\"226\" srcset=\"https:\/\/lightweb.dev\/l\/svm-temp\/wp-content\/uploads\/2024\/04\/GLYVbV-WcAExGPq-stor-300x226.jpeg 300w, https:\/\/lightweb.dev\/l\/svm-temp\/wp-content\/uploads\/2024\/04\/GLYVbV-WcAExGPq-stor-900x677.jpeg 900w, https:\/\/lightweb.dev\/l\/svm-temp\/wp-content\/uploads\/2024\/04\/GLYVbV-WcAExGPq-stor-768x578.jpeg 768w, https:\/\/lightweb.dev\/l\/svm-temp\/wp-content\/uploads\/2024\/04\/GLYVbV-WcAExGPq-stor-610x459.jpeg 610w, https:\/\/lightweb.dev\/l\/svm-temp\/wp-content\/uploads\/2024\/04\/GLYVbV-WcAExGPq-stor-1080x813.jpeg 1080w, https:\/\/lightweb.dev\/l\/svm-temp\/wp-content\/uploads\/2024\/04\/GLYVbV-WcAExGPq-stor-600x451.jpeg 600w, https:\/\/lightweb.dev\/l\/svm-temp\/wp-content\/uploads\/2024\/04\/GLYVbV-WcAExGPq-stor.jpeg 1280w\" sizes=\"(max-width: 300px) 100vw, 300px\" \/><p id=\"caption-attachment-71421\" class=\"wp-caption-text\">Nyligen bes\u00f6kte Alfredo Herrero Nerja f\u00f6r att intervjua inv\u00e5nare i Nerja p\u00e5 stadens museum. Kommunalr\u00e5det f\u00f6r utbildning och kultur, Ana Mar\u00eda Mu\u00f1oz (PP) uttryckte uppskattning av att Nerja ing\u00e5r i projektet.<\/p><\/div>\n<p>Inspelningarna best\u00e5r av att svara p\u00e5 tv\u00e5 fr\u00e5gor. Ber\u00e4tta om din by och dessutom ska de uttala vissa ord som \u201dcoche\u201d (bil) och \u201dchamp\u00fa\u201d (schampo).<\/p>\n<p>Inspelningarna kommer senare att l\u00e4ggas upp p\u00e5 webbplatsen acentosandaluces.com. Med hj\u00e4lp av kartor och annan information kan vi f\u00e5 ett grepp om de olika dialekterna i Andalusien.<\/p>\n<h2>F\u00f6r\u00e4ndrats<\/h2>\n<p>Unders\u00f6kningen som nu utf\u00f6rs kan ocks\u00e5 svara p\u00e5 fr\u00e5gan om andalusiskan har f\u00f6r\u00e4ndrats sedan den f\u00f6rra studien fr\u00e5n 1973.<\/p>\n","protected":false},"excerpt":{"rendered":"<p>Hur talar inv\u00e5narna i M\u00e1lagaprovinsen? Det ska en universitetsstudie svara p\u00e5 i syfte att utarbeta en spr\u00e5katlas. I december 2026 ska projektet vara klart som ska kartl\u00e4gga andalusiskan och den m\u00e5ngfald av spanska spr\u00e5ket som talas&#8230;<\/p>\n","protected":false},"author":7,"featured_media":71420,"comment_status":"closed","ping_status":"closed","sticky":false,"template":"","format":"standard","meta":{"_et_pb_use_builder":"","_et_pb_old_content":"","_et_gb_content_width":"","footnotes":""},"categories":[4,45],"tags":[],"class_list":["post-71419","post","type-post","status-publish","format-standard","has-post-thumbnail","hentry","category-artiklar","category-kultur"],"yoast_head":"<!-- This site is optimized with the Yoast SEO Premium plugin v26.2 (Yoast SEO v27.5) - https:\/\/yoast.com\/product\/yoast-seo-premium-wordpress\/ -->\n<title>Nu ska andalusiernas dialekt kartl\u00e4ggas - spr\u00e5katlas skapas - Svenska Magasinet<\/title>\n<meta name=\"description\" content=\"Hur talar inv\u00e5narna i M\u00e1lagaprovinsen? Det ska en universitetsstudie svara p\u00e5 i syfte att utarbeta en spr\u00e5katlas. I december 2026 ska projektet vara klart som ska kartl\u00e4gga andalusiskan och den m\u00e5ngfald av spanska spr\u00e5ket som talas.\" \/>\n<meta name=\"robots\" content=\"noindex, follow, max-snippet:-1, max-image-preview:large, max-video-preview:-1\" \/>\n<meta property=\"og:locale\" content=\"sv_SE\" \/>\n<meta property=\"og:type\" content=\"article\" \/>\n<meta property=\"og:title\" content=\"Nu ska andalusiernas dialekt kartl\u00e4ggas - spr\u00e5katlas skapas\" \/>\n<meta property=\"og:description\" content=\"Hur talar inv\u00e5narna i M\u00e1lagaprovinsen? Det ska en universitetsstudie svara p\u00e5 i syfte att utarbeta en spr\u00e5katlas. I december 2026 ska projektet vara klart som ska kartl\u00e4gga andalusiskan och den m\u00e5ngfald av spanska spr\u00e5ket som talas.\" \/>\n<meta property=\"og:url\" content=\"https:\/\/lightweb.dev\/l\/svm-temp\/artiklar\/kultur\/nu-ska-andalusiernas-dialekt-kartlaggas-sprakatlas-skapas\/\" \/>\n<meta property=\"og:site_name\" content=\"Svenska Magasinet\" \/>\n<meta property=\"article:publisher\" content=\"https:\/\/www.facebook.com\/svenskamagasinet\" \/>\n<meta property=\"article:published_time\" content=\"2024-04-24T11:22:38+00:00\" \/>\n<meta property=\"article:modified_time\" content=\"2024-04-24T11:23:35+00:00\" \/>\n<meta property=\"og:image\" content=\"https:\/\/lightweb.dev\/l\/svm-temp\/wp-content\/uploads\/2024\/04\/Skarmavbild-2024-04-24-kl.-13.11.01-stor.jpeg\" \/>\n\t<meta property=\"og:image:width\" content=\"1109\" \/>\n\t<meta property=\"og:image:height\" content=\"632\" \/>\n\t<meta property=\"og:image:type\" content=\"image\/jpeg\" \/>\n<meta name=\"author\" content=\"Ola Josefsson\" \/>\n<meta name=\"twitter:card\" content=\"summary_large_image\" \/>\n<meta name=\"twitter:creator\" content=\"@SvenskaMagasine\" \/>\n<meta name=\"twitter:site\" content=\"@SvenskaMagasine\" \/>\n<script type=\"application\/ld+json\" class=\"yoast-schema-graph\">{\"@context\":\"https:\\\/\\\/schema.org\",\"@graph\":[{\"@type\":\"Article\",\"@id\":\"https:\\\/\\\/lightweb.dev\\\/l\\\/svm-temp\\\/artiklar\\\/kultur\\\/nu-ska-andalusiernas-dialekt-kartlaggas-sprakatlas-skapas\\\/#article\",\"isPartOf\":{\"@id\":\"https:\\\/\\\/lightweb.dev\\\/l\\\/svm-temp\\\/artiklar\\\/kultur\\\/nu-ska-andalusiernas-dialekt-kartlaggas-sprakatlas-skapas\\\/\"},\"author\":{\"name\":\"Ola Josefsson\",\"@id\":\"https:\\\/\\\/lightweb.dev\\\/l\\\/svm-temp\\\/#\\\/schema\\\/person\\\/7a82b8a73d171d32360a564b6d03508e\"},\"headline\":\"Nu ska andalusiernas dialekt kartl\u00e4ggas &#8211; spr\u00e5katlas skapas\",\"datePublished\":\"2024-04-24T11:22:38+00:00\",\"dateModified\":\"2024-04-24T11:23:35+00:00\",\"mainEntityOfPage\":{\"@id\":\"https:\\\/\\\/lightweb.dev\\\/l\\\/svm-temp\\\/artiklar\\\/kultur\\\/nu-ska-andalusiernas-dialekt-kartlaggas-sprakatlas-skapas\\\/\"},\"wordCount\":419,\"publisher\":{\"@id\":\"https:\\\/\\\/lightweb.dev\\\/l\\\/svm-temp\\\/#organization\"},\"image\":{\"@id\":\"https:\\\/\\\/lightweb.dev\\\/l\\\/svm-temp\\\/artiklar\\\/kultur\\\/nu-ska-andalusiernas-dialekt-kartlaggas-sprakatlas-skapas\\\/#primaryimage\"},\"thumbnailUrl\":\"https:\\\/\\\/lightweb.dev\\\/l\\\/svm-temp\\\/wp-content\\\/uploads\\\/2024\\\/04\\\/Skarmavbild-2024-04-24-kl.-13.11.01-stor.jpeg\",\"articleSection\":[\"Artiklar\",\"Kultur &amp; historia\"],\"inLanguage\":\"sv-SE\"},{\"@type\":\"WebPage\",\"@id\":\"https:\\\/\\\/lightweb.dev\\\/l\\\/svm-temp\\\/artiklar\\\/kultur\\\/nu-ska-andalusiernas-dialekt-kartlaggas-sprakatlas-skapas\\\/\",\"url\":\"https:\\\/\\\/lightweb.dev\\\/l\\\/svm-temp\\\/artiklar\\\/kultur\\\/nu-ska-andalusiernas-dialekt-kartlaggas-sprakatlas-skapas\\\/\",\"name\":\"Nu ska andalusiernas dialekt kartl\u00e4ggas - spr\u00e5katlas skapas - Svenska Magasinet\",\"isPartOf\":{\"@id\":\"https:\\\/\\\/lightweb.dev\\\/l\\\/svm-temp\\\/#website\"},\"primaryImageOfPage\":{\"@id\":\"https:\\\/\\\/lightweb.dev\\\/l\\\/svm-temp\\\/artiklar\\\/kultur\\\/nu-ska-andalusiernas-dialekt-kartlaggas-sprakatlas-skapas\\\/#primaryimage\"},\"image\":{\"@id\":\"https:\\\/\\\/lightweb.dev\\\/l\\\/svm-temp\\\/artiklar\\\/kultur\\\/nu-ska-andalusiernas-dialekt-kartlaggas-sprakatlas-skapas\\\/#primaryimage\"},\"thumbnailUrl\":\"https:\\\/\\\/lightweb.dev\\\/l\\\/svm-temp\\\/wp-content\\\/uploads\\\/2024\\\/04\\\/Skarmavbild-2024-04-24-kl.-13.11.01-stor.jpeg\",\"datePublished\":\"2024-04-24T11:22:38+00:00\",\"dateModified\":\"2024-04-24T11:23:35+00:00\",\"description\":\"Hur talar inv\u00e5narna i M\u00e1lagaprovinsen? Det ska en universitetsstudie svara p\u00e5 i syfte att utarbeta en spr\u00e5katlas. I december 2026 ska projektet vara klart som ska kartl\u00e4gga andalusiskan och den m\u00e5ngfald av spanska spr\u00e5ket som talas.\",\"breadcrumb\":{\"@id\":\"https:\\\/\\\/lightweb.dev\\\/l\\\/svm-temp\\\/artiklar\\\/kultur\\\/nu-ska-andalusiernas-dialekt-kartlaggas-sprakatlas-skapas\\\/#breadcrumb\"},\"inLanguage\":\"sv-SE\",\"potentialAction\":[{\"@type\":\"ReadAction\",\"target\":[\"https:\\\/\\\/lightweb.dev\\\/l\\\/svm-temp\\\/artiklar\\\/kultur\\\/nu-ska-andalusiernas-dialekt-kartlaggas-sprakatlas-skapas\\\/\"]}]},{\"@type\":\"ImageObject\",\"inLanguage\":\"sv-SE\",\"@id\":\"https:\\\/\\\/lightweb.dev\\\/l\\\/svm-temp\\\/artiklar\\\/kultur\\\/nu-ska-andalusiernas-dialekt-kartlaggas-sprakatlas-skapas\\\/#primaryimage\",\"url\":\"https:\\\/\\\/lightweb.dev\\\/l\\\/svm-temp\\\/wp-content\\\/uploads\\\/2024\\\/04\\\/Skarmavbild-2024-04-24-kl.-13.11.01-stor.jpeg\",\"contentUrl\":\"https:\\\/\\\/lightweb.dev\\\/l\\\/svm-temp\\\/wp-content\\\/uploads\\\/2024\\\/04\\\/Skarmavbild-2024-04-24-kl.-13.11.01-stor.jpeg\",\"width\":1109,\"height\":632},{\"@type\":\"BreadcrumbList\",\"@id\":\"https:\\\/\\\/lightweb.dev\\\/l\\\/svm-temp\\\/artiklar\\\/kultur\\\/nu-ska-andalusiernas-dialekt-kartlaggas-sprakatlas-skapas\\\/#breadcrumb\",\"itemListElement\":[{\"@type\":\"ListItem\",\"position\":1,\"name\":\"Hem\",\"item\":\"https:\\\/\\\/lightweb.dev\\\/l\\\/svm-temp\\\/\"},{\"@type\":\"ListItem\",\"position\":2,\"name\":\"Nu ska andalusiernas dialekt kartl\u00e4ggas &#8211; spr\u00e5katlas skapas\"}]},{\"@type\":\"WebSite\",\"@id\":\"https:\\\/\\\/lightweb.dev\\\/l\\\/svm-temp\\\/#website\",\"url\":\"https:\\\/\\\/lightweb.dev\\\/l\\\/svm-temp\\\/\",\"name\":\"Svenska Magasinet\",\"description\":\"Dina Spanska nyheter p&aring; Svenska\",\"publisher\":{\"@id\":\"https:\\\/\\\/lightweb.dev\\\/l\\\/svm-temp\\\/#organization\"},\"potentialAction\":[{\"@type\":\"SearchAction\",\"target\":{\"@type\":\"EntryPoint\",\"urlTemplate\":\"https:\\\/\\\/lightweb.dev\\\/l\\\/svm-temp\\\/?s={search_term_string}\"},\"query-input\":{\"@type\":\"PropertyValueSpecification\",\"valueRequired\":true,\"valueName\":\"search_term_string\"}}],\"inLanguage\":\"sv-SE\"},{\"@type\":\"Organization\",\"@id\":\"https:\\\/\\\/lightweb.dev\\\/l\\\/svm-temp\\\/#organization\",\"name\":\"Melkerson y Nott SL\",\"alternateName\":\"Svenska Magasinet\",\"url\":\"https:\\\/\\\/lightweb.dev\\\/l\\\/svm-temp\\\/\",\"logo\":{\"@type\":\"ImageObject\",\"inLanguage\":\"sv-SE\",\"@id\":\"https:\\\/\\\/lightweb.dev\\\/l\\\/svm-temp\\\/#\\\/schema\\\/logo\\\/image\\\/\",\"url\":\"https:\\\/\\\/lightweb.dev\\\/l\\\/svm-temp\\\/wp-content\\\/uploads\\\/2025\\\/02\\\/SvM-logo-Xtra-Centrerad-SVART.png\",\"contentUrl\":\"https:\\\/\\\/lightweb.dev\\\/l\\\/svm-temp\\\/wp-content\\\/uploads\\\/2025\\\/02\\\/SvM-logo-Xtra-Centrerad-SVART.png\",\"width\":300,\"height\":99,\"caption\":\"Melkerson y Nott SL\"},\"image\":{\"@id\":\"https:\\\/\\\/lightweb.dev\\\/l\\\/svm-temp\\\/#\\\/schema\\\/logo\\\/image\\\/\"},\"sameAs\":[\"https:\\\/\\\/www.facebook.com\\\/svenskamagasinet\",\"https:\\\/\\\/x.com\\\/SvenskaMagasine\"]},{\"@type\":\"Person\",\"@id\":\"https:\\\/\\\/lightweb.dev\\\/l\\\/svm-temp\\\/#\\\/schema\\\/person\\\/7a82b8a73d171d32360a564b6d03508e\",\"name\":\"Ola Josefsson\",\"description\":\"Bevakar Solkusten och Spanien sedan 1994.\",\"sameAs\":[\"https:\\\/\\\/lightweb.dev\\\/l\\\/svm-temp\"],\"url\":\"https:\\\/\\\/lightweb.dev\\\/l\\\/svm-temp\\\/reporter\\\/ola-josefsson\\\/\"}]}<\/script>\n<!-- \/ Yoast SEO Premium plugin. -->","yoast_head_json":{"title":"Nu ska andalusiernas dialekt kartl\u00e4ggas - spr\u00e5katlas skapas - Svenska Magasinet","description":"Hur talar inv\u00e5narna i M\u00e1lagaprovinsen? Det ska en universitetsstudie svara p\u00e5 i syfte att utarbeta en spr\u00e5katlas. I december 2026 ska projektet vara klart som ska kartl\u00e4gga andalusiskan och den m\u00e5ngfald av spanska spr\u00e5ket som talas.","robots":{"index":"noindex","follow":"follow","max-snippet":"max-snippet:-1","max-image-preview":"max-image-preview:large","max-video-preview":"max-video-preview:-1"},"og_locale":"sv_SE","og_type":"article","og_title":"Nu ska andalusiernas dialekt kartl\u00e4ggas - spr\u00e5katlas skapas","og_description":"Hur talar inv\u00e5narna i M\u00e1lagaprovinsen? Det ska en universitetsstudie svara p\u00e5 i syfte att utarbeta en spr\u00e5katlas. I december 2026 ska projektet vara klart som ska kartl\u00e4gga andalusiskan och den m\u00e5ngfald av spanska spr\u00e5ket som talas.","og_url":"https:\/\/lightweb.dev\/l\/svm-temp\/artiklar\/kultur\/nu-ska-andalusiernas-dialekt-kartlaggas-sprakatlas-skapas\/","og_site_name":"Svenska Magasinet","article_publisher":"https:\/\/www.facebook.com\/svenskamagasinet","article_published_time":"2024-04-24T11:22:38+00:00","article_modified_time":"2024-04-24T11:23:35+00:00","og_image":[{"width":1109,"height":632,"url":"https:\/\/lightweb.dev\/l\/svm-temp\/wp-content\/uploads\/2024\/04\/Skarmavbild-2024-04-24-kl.-13.11.01-stor.jpeg","type":"image\/jpeg"}],"author":"Ola Josefsson","twitter_card":"summary_large_image","twitter_creator":"@SvenskaMagasine","twitter_site":"@SvenskaMagasine","schema":{"@context":"https:\/\/schema.org","@graph":[{"@type":"Article","@id":"https:\/\/lightweb.dev\/l\/svm-temp\/artiklar\/kultur\/nu-ska-andalusiernas-dialekt-kartlaggas-sprakatlas-skapas\/#article","isPartOf":{"@id":"https:\/\/lightweb.dev\/l\/svm-temp\/artiklar\/kultur\/nu-ska-andalusiernas-dialekt-kartlaggas-sprakatlas-skapas\/"},"author":{"name":"Ola Josefsson","@id":"https:\/\/lightweb.dev\/l\/svm-temp\/#\/schema\/person\/7a82b8a73d171d32360a564b6d03508e"},"headline":"Nu ska andalusiernas dialekt kartl\u00e4ggas &#8211; spr\u00e5katlas skapas","datePublished":"2024-04-24T11:22:38+00:00","dateModified":"2024-04-24T11:23:35+00:00","mainEntityOfPage":{"@id":"https:\/\/lightweb.dev\/l\/svm-temp\/artiklar\/kultur\/nu-ska-andalusiernas-dialekt-kartlaggas-sprakatlas-skapas\/"},"wordCount":419,"publisher":{"@id":"https:\/\/lightweb.dev\/l\/svm-temp\/#organization"},"image":{"@id":"https:\/\/lightweb.dev\/l\/svm-temp\/artiklar\/kultur\/nu-ska-andalusiernas-dialekt-kartlaggas-sprakatlas-skapas\/#primaryimage"},"thumbnailUrl":"https:\/\/lightweb.dev\/l\/svm-temp\/wp-content\/uploads\/2024\/04\/Skarmavbild-2024-04-24-kl.-13.11.01-stor.jpeg","articleSection":["Artiklar","Kultur &amp; historia"],"inLanguage":"sv-SE"},{"@type":"WebPage","@id":"https:\/\/lightweb.dev\/l\/svm-temp\/artiklar\/kultur\/nu-ska-andalusiernas-dialekt-kartlaggas-sprakatlas-skapas\/","url":"https:\/\/lightweb.dev\/l\/svm-temp\/artiklar\/kultur\/nu-ska-andalusiernas-dialekt-kartlaggas-sprakatlas-skapas\/","name":"Nu ska andalusiernas dialekt kartl\u00e4ggas - spr\u00e5katlas skapas - Svenska Magasinet","isPartOf":{"@id":"https:\/\/lightweb.dev\/l\/svm-temp\/#website"},"primaryImageOfPage":{"@id":"https:\/\/lightweb.dev\/l\/svm-temp\/artiklar\/kultur\/nu-ska-andalusiernas-dialekt-kartlaggas-sprakatlas-skapas\/#primaryimage"},"image":{"@id":"https:\/\/lightweb.dev\/l\/svm-temp\/artiklar\/kultur\/nu-ska-andalusiernas-dialekt-kartlaggas-sprakatlas-skapas\/#primaryimage"},"thumbnailUrl":"https:\/\/lightweb.dev\/l\/svm-temp\/wp-content\/uploads\/2024\/04\/Skarmavbild-2024-04-24-kl.-13.11.01-stor.jpeg","datePublished":"2024-04-24T11:22:38+00:00","dateModified":"2024-04-24T11:23:35+00:00","description":"Hur talar inv\u00e5narna i M\u00e1lagaprovinsen? Det ska en universitetsstudie svara p\u00e5 i syfte att utarbeta en spr\u00e5katlas. I december 2026 ska projektet vara klart som ska kartl\u00e4gga andalusiskan och den m\u00e5ngfald av spanska spr\u00e5ket som talas.","breadcrumb":{"@id":"https:\/\/lightweb.dev\/l\/svm-temp\/artiklar\/kultur\/nu-ska-andalusiernas-dialekt-kartlaggas-sprakatlas-skapas\/#breadcrumb"},"inLanguage":"sv-SE","potentialAction":[{"@type":"ReadAction","target":["https:\/\/lightweb.dev\/l\/svm-temp\/artiklar\/kultur\/nu-ska-andalusiernas-dialekt-kartlaggas-sprakatlas-skapas\/"]}]},{"@type":"ImageObject","inLanguage":"sv-SE","@id":"https:\/\/lightweb.dev\/l\/svm-temp\/artiklar\/kultur\/nu-ska-andalusiernas-dialekt-kartlaggas-sprakatlas-skapas\/#primaryimage","url":"https:\/\/lightweb.dev\/l\/svm-temp\/wp-content\/uploads\/2024\/04\/Skarmavbild-2024-04-24-kl.-13.11.01-stor.jpeg","contentUrl":"https:\/\/lightweb.dev\/l\/svm-temp\/wp-content\/uploads\/2024\/04\/Skarmavbild-2024-04-24-kl.-13.11.01-stor.jpeg","width":1109,"height":632},{"@type":"BreadcrumbList","@id":"https:\/\/lightweb.dev\/l\/svm-temp\/artiklar\/kultur\/nu-ska-andalusiernas-dialekt-kartlaggas-sprakatlas-skapas\/#breadcrumb","itemListElement":[{"@type":"ListItem","position":1,"name":"Hem","item":"https:\/\/lightweb.dev\/l\/svm-temp\/"},{"@type":"ListItem","position":2,"name":"Nu ska andalusiernas dialekt kartl\u00e4ggas &#8211; spr\u00e5katlas skapas"}]},{"@type":"WebSite","@id":"https:\/\/lightweb.dev\/l\/svm-temp\/#website","url":"https:\/\/lightweb.dev\/l\/svm-temp\/","name":"Svenska Magasinet","description":"Dina Spanska nyheter p&aring; Svenska","publisher":{"@id":"https:\/\/lightweb.dev\/l\/svm-temp\/#organization"},"potentialAction":[{"@type":"SearchAction","target":{"@type":"EntryPoint","urlTemplate":"https:\/\/lightweb.dev\/l\/svm-temp\/?s={search_term_string}"},"query-input":{"@type":"PropertyValueSpecification","valueRequired":true,"valueName":"search_term_string"}}],"inLanguage":"sv-SE"},{"@type":"Organization","@id":"https:\/\/lightweb.dev\/l\/svm-temp\/#organization","name":"Melkerson y Nott SL","alternateName":"Svenska Magasinet","url":"https:\/\/lightweb.dev\/l\/svm-temp\/","logo":{"@type":"ImageObject","inLanguage":"sv-SE","@id":"https:\/\/lightweb.dev\/l\/svm-temp\/#\/schema\/logo\/image\/","url":"https:\/\/lightweb.dev\/l\/svm-temp\/wp-content\/uploads\/2025\/02\/SvM-logo-Xtra-Centrerad-SVART.png","contentUrl":"https:\/\/lightweb.dev\/l\/svm-temp\/wp-content\/uploads\/2025\/02\/SvM-logo-Xtra-Centrerad-SVART.png","width":300,"height":99,"caption":"Melkerson y Nott SL"},"image":{"@id":"https:\/\/lightweb.dev\/l\/svm-temp\/#\/schema\/logo\/image\/"},"sameAs":["https:\/\/www.facebook.com\/svenskamagasinet","https:\/\/x.com\/SvenskaMagasine"]},{"@type":"Person","@id":"https:\/\/lightweb.dev\/l\/svm-temp\/#\/schema\/person\/7a82b8a73d171d32360a564b6d03508e","name":"Ola Josefsson","description":"Bevakar Solkusten och Spanien sedan 1994.","sameAs":["https:\/\/lightweb.dev\/l\/svm-temp"],"url":"https:\/\/lightweb.dev\/l\/svm-temp\/reporter\/ola-josefsson\/"}]}},"_links":{"self":[{"href":"https:\/\/lightweb.dev\/l\/svm-temp\/wp-json\/wp\/v2\/posts\/71419","targetHints":{"allow":["GET"]}}],"collection":[{"href":"https:\/\/lightweb.dev\/l\/svm-temp\/wp-json\/wp\/v2\/posts"}],"about":[{"href":"https:\/\/lightweb.dev\/l\/svm-temp\/wp-json\/wp\/v2\/types\/post"}],"author":[{"embeddable":true,"href":"https:\/\/lightweb.dev\/l\/svm-temp\/wp-json\/wp\/v2\/users\/7"}],"replies":[{"embeddable":true,"href":"https:\/\/lightweb.dev\/l\/svm-temp\/wp-json\/wp\/v2\/comments?post=71419"}],"version-history":[{"count":0,"href":"https:\/\/lightweb.dev\/l\/svm-temp\/wp-json\/wp\/v2\/posts\/71419\/revisions"}],"wp:featuredmedia":[{"embeddable":true,"href":"https:\/\/lightweb.dev\/l\/svm-temp\/wp-json\/wp\/v2\/media\/71420"}],"wp:attachment":[{"href":"https:\/\/lightweb.dev\/l\/svm-temp\/wp-json\/wp\/v2\/media?parent=71419"}],"wp:term":[{"taxonomy":"category","embeddable":true,"href":"https:\/\/lightweb.dev\/l\/svm-temp\/wp-json\/wp\/v2\/categories?post=71419"},{"taxonomy":"post_tag","embeddable":true,"href":"https:\/\/lightweb.dev\/l\/svm-temp\/wp-json\/wp\/v2\/tags?post=71419"}],"curies":[{"name":"wp","href":"https:\/\/api.w.org\/{rel}","templated":true}]}}