{"id":71460,"date":"2024-04-26T16:55:19","date_gmt":"2024-04-26T14:55:19","guid":{"rendered":"https:\/\/lightweb.dev\/l\/svm-temp\/?p=71460"},"modified":"2024-04-29T12:36:53","modified_gmt":"2024-04-29T10:36:53","slug":"fredagsvinet-sydeuropas-storsta-vinprovning-vid-havet","status":"publish","type":"post","link":"https:\/\/lightweb.dev\/l\/svm-temp\/artiklar\/mat-vin\/fredagsvinet-sydeuropas-storsta-vinprovning-vid-havet\/","title":{"rendered":"Fredagsvinet: Sydeuropas st\u00f6rsta vinprovning vid havet &#8211; inst\u00e4lld"},"content":{"rendered":"<p><strong>Veremas vinm\u00e4ssa i M\u00e1laga som f\u00f6ljs av Sydeuropas st\u00f6rsta vinprovning i utomhusmilj\u00f6 vid Medelhavet.<\/strong><\/p>\n<p><strong>Det \u00e4r Torrox kommun som arrangerar den tredje upplagan av \u201dCata de Vino Junto al Mar\u201d med skinksk\u00e4rart\u00e4vling d\u00e4r int\u00e4kterna g\u00e5r till den lokala cancerf\u00f6reningen Asociaci\u00f3n Espa\u00f1ola de Lucha Contra el C\u00e1ncer.<\/strong><\/p>\n<h2>Uppdatering:<\/h2>\n<p>Den planerade <strong>vinprovningen Cata de Vino Junto al Mar i Torrox st\u00e4lls in<\/strong> p\u00e5 grund av v\u00e4derutsikterna som s\u00e4ger att det finns risk f\u00f6r regn p\u00e5 onsdag. Vinprovningen planeras att h\u00e5llas en annan vilket meddelas senare. Beslutet meddelades den 29 april.<\/p>\n<p>P\u00e5 m\u00e5ndag den 29 april arrangeras Experiencia Verema M\u00e1laga p\u00e5 vackra Gran Hotel Miramar GL p\u00e5 paseo Reding 22\/24 i M\u00e1laga. Det \u00e4r ett evenemang f\u00f6r professionella dit \u00e4ven vi vanliga vin\u00e4lskare \u00e4r v\u00e4lkomna. Vinm\u00e4ssan \u00e4r \u00f6ppen mellan 12 till 15 och 17 till 21.<\/p>\n<p>Allm\u00e4nheten \u00e4r v\u00e4lkomna. D\u00e5 kostar intr\u00e4det 20 euro vid betalning p\u00e5 <a href=\"https:\/\/www.verema.com\/tienda\/productos\/252-experiencia-verema-malaga-2024\">n\u00e4tet<\/a> och 25 euro vid ing\u00e5ngen.<\/p>\n<p><img loading=\"lazy\" decoding=\"async\" class=\"size-medium wp-image-71522 alignleft\" src=\"https:\/\/lightweb.dev\/l\/svm-temp\/wp-content\/uploads\/2024\/04\/photo_5868319163938882291_y-stor-212x300.jpeg\" alt=\"\" width=\"212\" height=\"300\" srcset=\"https:\/\/lightweb.dev\/l\/svm-temp\/wp-content\/uploads\/2024\/04\/photo_5868319163938882291_y-stor-212x300.jpeg 212w, https:\/\/lightweb.dev\/l\/svm-temp\/wp-content\/uploads\/2024\/04\/photo_5868319163938882291_y-stor-637x900.jpeg 637w, https:\/\/lightweb.dev\/l\/svm-temp\/wp-content\/uploads\/2024\/04\/photo_5868319163938882291_y-stor-768x1085.jpeg 768w, https:\/\/lightweb.dev\/l\/svm-temp\/wp-content\/uploads\/2024\/04\/photo_5868319163938882291_y-stor-610x862.jpeg 610w, https:\/\/lightweb.dev\/l\/svm-temp\/wp-content\/uploads\/2024\/04\/photo_5868319163938882291_y-stor-600x848.jpeg 600w, https:\/\/lightweb.dev\/l\/svm-temp\/wp-content\/uploads\/2024\/04\/photo_5868319163938882291_y-stor.jpeg 906w\" sizes=\"(max-width: 212px) 100vw, 212px\" \/><\/p>\n<p>&nbsp;<\/p>\n<p><strong>\u201dCata de Vino Junto al Mar&#8221; i Torrox<\/strong><\/p>\n<p><strong>Inst\u00e4llt.<\/strong> P\u00e5 onsdag den 1 maj klockan 12 h\u00e5lls den tredje vinprovningen vid havet i Torrox som anses vara en av de st\u00f6rsta i Europa med cirka tusen deltagare. N\u00e4r \u00e5rets evenemang nyligen presenterades av borgm\u00e4staren \u00d3scar Medina och kommunalr\u00e5det Sandra Extremera var den stora nyheten att i samband med vinprovningen h\u00e5lls \u00e4ven en skinksk\u00e4rart\u00e4vling eller en \u201dconcurso de cortadores de jam\u00f3n\u201d med st\u00f6d av provinsstyrelsens satsning Sabor a Malaga.<\/p>\n<p>Det var kommunalr\u00e5det Sandra Extremera som kom med id\u00e9n f\u00f6r tre \u00e5r sedan att arrangera en stor vinprovning utomhus. Det har efter tv\u00e5 g\u00e5nger blivit en stor succ\u00e9 som nu upprepas f\u00f6r tredje g\u00e5ngen.<\/p>\n<p>Int\u00e4kterna fr\u00e5n skinksk\u00e4rart\u00e4vlingen g\u00e5r till den lokala f\u00f6reningen f\u00f6r att bek\u00e4mpa cancer (Asociaci\u00f3n Espa\u00f1ola de Lucha Contra el C\u00e1ncer).<\/p>\n<div id=\"attachment_71463\" style=\"width: 310px\" class=\"wp-caption alignleft\"><img loading=\"lazy\" decoding=\"async\" aria-describedby=\"caption-attachment-71463\" class=\"size-medium wp-image-71463\" src=\"https:\/\/lightweb.dev\/l\/svm-temp\/wp-content\/uploads\/2024\/04\/Cata-Vino-Junto-al-Mar-Torrox-2-stor-300x200.jpeg\" alt=\"\" width=\"300\" height=\"200\" srcset=\"https:\/\/lightweb.dev\/l\/svm-temp\/wp-content\/uploads\/2024\/04\/Cata-Vino-Junto-al-Mar-Torrox-2-stor-300x200.jpeg 300w, https:\/\/lightweb.dev\/l\/svm-temp\/wp-content\/uploads\/2024\/04\/Cata-Vino-Junto-al-Mar-Torrox-2-stor-900x600.jpeg 900w, https:\/\/lightweb.dev\/l\/svm-temp\/wp-content\/uploads\/2024\/04\/Cata-Vino-Junto-al-Mar-Torrox-2-stor-768x512.jpeg 768w, https:\/\/lightweb.dev\/l\/svm-temp\/wp-content\/uploads\/2024\/04\/Cata-Vino-Junto-al-Mar-Torrox-2-stor-610x407.jpeg 610w, https:\/\/lightweb.dev\/l\/svm-temp\/wp-content\/uploads\/2024\/04\/Cata-Vino-Junto-al-Mar-Torrox-2-stor-1080x721.jpeg 1080w, https:\/\/lightweb.dev\/l\/svm-temp\/wp-content\/uploads\/2024\/04\/Cata-Vino-Junto-al-Mar-Torrox-2-stor-600x400.jpeg 600w, https:\/\/lightweb.dev\/l\/svm-temp\/wp-content\/uploads\/2024\/04\/Cata-Vino-Junto-al-Mar-Torrox-2-stor.jpeg 1280w\" sizes=\"(max-width: 300px) 100vw, 300px\" \/><p id=\"caption-attachment-71463\" class=\"wp-caption-text\">Borgm\u00e4staren \u00d3scar Medina och kommunalr\u00e5det Sandra Extremera<\/p><\/div>\n<p>Sandra Extremera ber\u00e4ttar att det \u00e4r tre mycket bra viner fr\u00e5n M\u00e1lagaprovinsen som ing\u00e5r i provningen. Redan nu kan du h\u00e4mta gratisbiljetterna till evenemanget som h\u00e5lls vid utsiktsplatsen Mirador del Faro vid fyren i kommunhuset i Torrox, kommunkontoret Tenencia de Alcald\u00eda i El Morche och vid Usos M\u00faltiples i Torrox Costa.<\/p>\n<p>400 biljetter reserveras till den 1 maj s\u00e5 att bes\u00f6kare som kommer fr\u00e5n andra platser i Axarqu\u00eda och p\u00e5 Solkusten har m\u00f6jlighet att delta. Provningen startar klockan 12.<\/p>\n<h2>Veckans vintips<\/h2>\n<p><img loading=\"lazy\" decoding=\"async\" class=\"size-medium wp-image-71464 alignleft\" src=\"https:\/\/lightweb.dev\/l\/svm-temp\/wp-content\/uploads\/2024\/04\/GLtpuyxW4AAivvF-stor-300x225.jpeg\" alt=\"\" width=\"300\" height=\"225\" srcset=\"https:\/\/lightweb.dev\/l\/svm-temp\/wp-content\/uploads\/2024\/04\/GLtpuyxW4AAivvF-stor-300x225.jpeg 300w, https:\/\/lightweb.dev\/l\/svm-temp\/wp-content\/uploads\/2024\/04\/GLtpuyxW4AAivvF-stor-900x675.jpeg 900w, https:\/\/lightweb.dev\/l\/svm-temp\/wp-content\/uploads\/2024\/04\/GLtpuyxW4AAivvF-stor-768x576.jpeg 768w, https:\/\/lightweb.dev\/l\/svm-temp\/wp-content\/uploads\/2024\/04\/GLtpuyxW4AAivvF-stor-610x458.jpeg 610w, https:\/\/lightweb.dev\/l\/svm-temp\/wp-content\/uploads\/2024\/04\/GLtpuyxW4AAivvF-stor-1080x810.jpeg 1080w, https:\/\/lightweb.dev\/l\/svm-temp\/wp-content\/uploads\/2024\/04\/GLtpuyxW4AAivvF-stor-600x450.jpeg 600w, https:\/\/lightweb.dev\/l\/svm-temp\/wp-content\/uploads\/2024\/04\/GLtpuyxW4AAivvF-stor.jpeg 1280w\" sizes=\"(max-width: 300px) 100vw, 300px\" \/><\/p>\n<p>Pagos de Araiz Crianza 2020 p\u00e5 Cabernet sauvignon, Merlot och Syrah fr\u00e5n Bodegas Masaveu i Navarra minst 11 m\u00e5nader p\u00e5 fat. Navarra-viner i regel mycket prisv\u00e4rda precis som detta, ca 7,50 euro, fruktig doft, bra fyllighet och smak som h\u00e5ller. Utm\u00e4rkt vin.<\/p>\n<p>&nbsp;<\/p>\n<p>&nbsp;<\/p>\n<p><img loading=\"lazy\" decoding=\"async\" class=\"size-medium wp-image-71465 alignleft\" src=\"https:\/\/lightweb.dev\/l\/svm-temp\/wp-content\/uploads\/2024\/04\/GLJpzR6XgAApRT3-stor-300x225.jpeg\" alt=\"\" width=\"300\" height=\"225\" srcset=\"https:\/\/lightweb.dev\/l\/svm-temp\/wp-content\/uploads\/2024\/04\/GLJpzR6XgAApRT3-stor-300x225.jpeg 300w, https:\/\/lightweb.dev\/l\/svm-temp\/wp-content\/uploads\/2024\/04\/GLJpzR6XgAApRT3-stor-900x675.jpeg 900w, https:\/\/lightweb.dev\/l\/svm-temp\/wp-content\/uploads\/2024\/04\/GLJpzR6XgAApRT3-stor-768x576.jpeg 768w, https:\/\/lightweb.dev\/l\/svm-temp\/wp-content\/uploads\/2024\/04\/GLJpzR6XgAApRT3-stor-610x458.jpeg 610w, https:\/\/lightweb.dev\/l\/svm-temp\/wp-content\/uploads\/2024\/04\/GLJpzR6XgAApRT3-stor-1080x810.jpeg 1080w, https:\/\/lightweb.dev\/l\/svm-temp\/wp-content\/uploads\/2024\/04\/GLJpzR6XgAApRT3-stor-600x450.jpeg 600w, https:\/\/lightweb.dev\/l\/svm-temp\/wp-content\/uploads\/2024\/04\/GLJpzR6XgAApRT3-stor.jpeg 1280w\" sizes=\"(max-width: 300px) 100vw, 300px\" \/><\/p>\n<p>Aljibes Petit Verdot 2019 fr\u00e5n Bodega Aljibes i Albacete. Den gamla Bordeauxdruvan trivs f\u00f6rtr\u00e4ffligt i Spanien. Ger utm\u00e4rkta fylliga viner till k\u00f6ttr\u00e4tter med gener\u00f6sa smaker av kryddor, torkade \u00f6rter och jord. 11,50 euro. 89 po\u00e4ng i Gu\u00eda Pe\u00f1\u00edn.<\/p>\n<p>&nbsp;<\/p>\n<p>&nbsp;<\/p>\n<p>&nbsp;<\/p>\n<div id=\"attachment_71466\" style=\"width: 310px\" class=\"wp-caption alignleft\"><img loading=\"lazy\" decoding=\"async\" aria-describedby=\"caption-attachment-71466\" class=\"size-medium wp-image-71466\" src=\"https:\/\/lightweb.dev\/l\/svm-temp\/wp-content\/uploads\/2024\/04\/GLDkLNOWwAAGgrn-stor-300x225.jpeg\" alt=\"\" width=\"300\" height=\"225\" srcset=\"https:\/\/lightweb.dev\/l\/svm-temp\/wp-content\/uploads\/2024\/04\/GLDkLNOWwAAGgrn-stor-300x225.jpeg 300w, https:\/\/lightweb.dev\/l\/svm-temp\/wp-content\/uploads\/2024\/04\/GLDkLNOWwAAGgrn-stor-900x675.jpeg 900w, https:\/\/lightweb.dev\/l\/svm-temp\/wp-content\/uploads\/2024\/04\/GLDkLNOWwAAGgrn-stor-768x576.jpeg 768w, https:\/\/lightweb.dev\/l\/svm-temp\/wp-content\/uploads\/2024\/04\/GLDkLNOWwAAGgrn-stor-610x458.jpeg 610w, https:\/\/lightweb.dev\/l\/svm-temp\/wp-content\/uploads\/2024\/04\/GLDkLNOWwAAGgrn-stor-1080x810.jpeg 1080w, https:\/\/lightweb.dev\/l\/svm-temp\/wp-content\/uploads\/2024\/04\/GLDkLNOWwAAGgrn-stor-600x450.jpeg 600w, https:\/\/lightweb.dev\/l\/svm-temp\/wp-content\/uploads\/2024\/04\/GLDkLNOWwAAGgrn-stor.jpeg 1280w\" sizes=\"(max-width: 300px) 100vw, 300px\" \/><p id=\"caption-attachment-71466\" class=\"wp-caption-text\">Sinforianos svarta etikett \u00e4r n\u00e5got sv\u00e5r att l\u00e4sa. Men inneh\u00e5llet \u00e4r fantastiskt.<\/p><\/div>\n<p>Det h\u00e4r var godsaker. Sinforiano 2019 crianza p\u00e5 95% Tempranillo, 5% albillo. Fr\u00e5n Bodega Sinforiano i Cigales som vi normalt k\u00e4nner till med uts\u00f6kta ros\u00e9viner. H\u00e4r ett r\u00f6dvin med h\u00e4rligt mogen frukt, fyllig och nyanser av torkade \u00f6rter, kr\u00e4mig ek, kryddor och mogna tanniner. 14 euro. 91 po\u00e4ng 4 stj\u00e4rnor i Gu\u00eda Pe\u00f1\u00edn.<\/p>\n<p>Fler vintips under hashtag <a href=\"https:\/\/twitter.com\/search?q=%23spanskaviner&amp;src=typed_query&amp;f=live\">#spanskaviner<\/a><\/p>\n","protected":false},"excerpt":{"rendered":"<p>Veremas vinm\u00e4ssa i M\u00e1laga som f\u00f6ljs av Sydeuropas st\u00f6rsta vinprovning i utomhusmilj\u00f6 vid Medelhavet. Det \u00e4r Torrox kommun som arrangerar den tredje upplagan av \u201dCata de Vino Junto al Mar\u201d med skinksk\u00e4rart\u00e4vling d\u00e4r int\u00e4kterna g\u00e5r till den lokala cancerf\u00f6reningen&#8230;<\/p>\n","protected":false},"author":7,"featured_media":71461,"comment_status":"closed","ping_status":"closed","sticky":false,"template":"","format":"standard","meta":{"_et_pb_use_builder":"","_et_pb_old_content":"","_et_gb_content_width":"","footnotes":""},"categories":[4,38],"tags":[],"class_list":["post-71460","post","type-post","status-publish","format-standard","has-post-thumbnail","hentry","category-artiklar","category-mat-vin"],"yoast_head":"<!-- This site is optimized with the Yoast SEO Premium plugin v26.2 (Yoast SEO v27.4) - https:\/\/yoast.com\/product\/yoast-seo-premium-wordpress\/ -->\n<title>Fredagsvinet: Sydeuropas st\u00f6rsta vinprovning vid havet - inst\u00e4lld - Svenska Magasinet<\/title>\n<meta name=\"description\" content=\"Veremas vinm\u00e4ssa i M\u00e1laga som f\u00f6ljs av Sydeuropas st\u00f6rsta vinprovning i utomhusmilj\u00f6 vid Medelhavet. Det \u00e4r Torrox kommun som arrangerar den tredje upplagan av \u201dCata de Vino Junto al Mar\u201d d\u00e4r int\u00e4kterna g\u00e5r till den lokala cancerf\u00f6reningen Asociaci\u00f3n Espa\u00f1ola de Lucha Contra el C\u00e1ncer.\" \/>\n<meta name=\"robots\" content=\"noindex, follow, max-snippet:-1, max-image-preview:large, max-video-preview:-1\" \/>\n<meta property=\"og:locale\" content=\"sv_SE\" \/>\n<meta property=\"og:type\" content=\"article\" \/>\n<meta property=\"og:title\" content=\"Fredagsvinet: Sydeuropas st\u00f6rsta vinprovning vid havet - inst\u00e4lld\" \/>\n<meta property=\"og:description\" content=\"Veremas vinm\u00e4ssa i M\u00e1laga som f\u00f6ljs av Sydeuropas st\u00f6rsta vinprovning i utomhusmilj\u00f6 vid Medelhavet. Det \u00e4r Torrox kommun som arrangerar den tredje upplagan av \u201dCata de Vino Junto al Mar\u201d d\u00e4r int\u00e4kterna g\u00e5r till den lokala cancerf\u00f6reningen Asociaci\u00f3n Espa\u00f1ola de Lucha Contra el C\u00e1ncer.\" \/>\n<meta property=\"og:url\" content=\"https:\/\/lightweb.dev\/l\/svm-temp\/artiklar\/mat-vin\/fredagsvinet-sydeuropas-storsta-vinprovning-vid-havet\/\" \/>\n<meta property=\"og:site_name\" content=\"Svenska Magasinet\" \/>\n<meta property=\"article:publisher\" content=\"https:\/\/www.facebook.com\/svenskamagasinet\" \/>\n<meta property=\"article:published_time\" content=\"2024-04-26T14:55:19+00:00\" \/>\n<meta property=\"article:modified_time\" content=\"2024-04-29T10:36:53+00:00\" \/>\n<meta property=\"og:image\" content=\"https:\/\/lightweb.dev\/l\/svm-temp\/wp-content\/uploads\/2024\/04\/catatorrox-RXZHLeN1mlXN4ja7Yb5xpON-1200x840@Diario-Sur-stor.jpeg\" \/>\n\t<meta property=\"og:image:width\" content=\"1200\" \/>\n\t<meta property=\"og:image:height\" content=\"840\" \/>\n\t<meta property=\"og:image:type\" content=\"image\/jpeg\" \/>\n<meta name=\"author\" content=\"Ola Josefsson\" \/>\n<meta name=\"twitter:card\" content=\"summary_large_image\" \/>\n<meta name=\"twitter:creator\" content=\"@SvenskaMagasine\" \/>\n<meta name=\"twitter:site\" content=\"@SvenskaMagasine\" \/>\n<script type=\"application\/ld+json\" class=\"yoast-schema-graph\">{\"@context\":\"https:\\\/\\\/schema.org\",\"@graph\":[{\"@type\":\"Article\",\"@id\":\"https:\\\/\\\/lightweb.dev\\\/l\\\/svm-temp\\\/artiklar\\\/mat-vin\\\/fredagsvinet-sydeuropas-storsta-vinprovning-vid-havet\\\/#article\",\"isPartOf\":{\"@id\":\"https:\\\/\\\/lightweb.dev\\\/l\\\/svm-temp\\\/artiklar\\\/mat-vin\\\/fredagsvinet-sydeuropas-storsta-vinprovning-vid-havet\\\/\"},\"author\":{\"name\":\"Ola Josefsson\",\"@id\":\"https:\\\/\\\/lightweb.dev\\\/l\\\/svm-temp\\\/#\\\/schema\\\/person\\\/7a82b8a73d171d32360a564b6d03508e\"},\"headline\":\"Fredagsvinet: Sydeuropas st\u00f6rsta vinprovning vid havet &#8211; inst\u00e4lld\",\"datePublished\":\"2024-04-26T14:55:19+00:00\",\"dateModified\":\"2024-04-29T10:36:53+00:00\",\"mainEntityOfPage\":{\"@id\":\"https:\\\/\\\/lightweb.dev\\\/l\\\/svm-temp\\\/artiklar\\\/mat-vin\\\/fredagsvinet-sydeuropas-storsta-vinprovning-vid-havet\\\/\"},\"wordCount\":627,\"publisher\":{\"@id\":\"https:\\\/\\\/lightweb.dev\\\/l\\\/svm-temp\\\/#organization\"},\"image\":{\"@id\":\"https:\\\/\\\/lightweb.dev\\\/l\\\/svm-temp\\\/artiklar\\\/mat-vin\\\/fredagsvinet-sydeuropas-storsta-vinprovning-vid-havet\\\/#primaryimage\"},\"thumbnailUrl\":\"https:\\\/\\\/lightweb.dev\\\/l\\\/svm-temp\\\/wp-content\\\/uploads\\\/2024\\\/04\\\/catatorrox-RXZHLeN1mlXN4ja7Yb5xpON-1200x840@Diario-Sur-stor.jpeg\",\"articleSection\":[\"Artiklar\",\"Mat &amp; vin\"],\"inLanguage\":\"sv-SE\"},{\"@type\":\"WebPage\",\"@id\":\"https:\\\/\\\/lightweb.dev\\\/l\\\/svm-temp\\\/artiklar\\\/mat-vin\\\/fredagsvinet-sydeuropas-storsta-vinprovning-vid-havet\\\/\",\"url\":\"https:\\\/\\\/lightweb.dev\\\/l\\\/svm-temp\\\/artiklar\\\/mat-vin\\\/fredagsvinet-sydeuropas-storsta-vinprovning-vid-havet\\\/\",\"name\":\"Fredagsvinet: Sydeuropas st\u00f6rsta vinprovning vid havet - inst\u00e4lld - Svenska Magasinet\",\"isPartOf\":{\"@id\":\"https:\\\/\\\/lightweb.dev\\\/l\\\/svm-temp\\\/#website\"},\"primaryImageOfPage\":{\"@id\":\"https:\\\/\\\/lightweb.dev\\\/l\\\/svm-temp\\\/artiklar\\\/mat-vin\\\/fredagsvinet-sydeuropas-storsta-vinprovning-vid-havet\\\/#primaryimage\"},\"image\":{\"@id\":\"https:\\\/\\\/lightweb.dev\\\/l\\\/svm-temp\\\/artiklar\\\/mat-vin\\\/fredagsvinet-sydeuropas-storsta-vinprovning-vid-havet\\\/#primaryimage\"},\"thumbnailUrl\":\"https:\\\/\\\/lightweb.dev\\\/l\\\/svm-temp\\\/wp-content\\\/uploads\\\/2024\\\/04\\\/catatorrox-RXZHLeN1mlXN4ja7Yb5xpON-1200x840@Diario-Sur-stor.jpeg\",\"datePublished\":\"2024-04-26T14:55:19+00:00\",\"dateModified\":\"2024-04-29T10:36:53+00:00\",\"description\":\"Veremas vinm\u00e4ssa i M\u00e1laga som f\u00f6ljs av Sydeuropas st\u00f6rsta vinprovning i utomhusmilj\u00f6 vid Medelhavet. Det \u00e4r Torrox kommun som arrangerar den tredje upplagan av \u201dCata de Vino Junto al Mar\u201d d\u00e4r int\u00e4kterna g\u00e5r till den lokala cancerf\u00f6reningen Asociaci\u00f3n Espa\u00f1ola de Lucha Contra el C\u00e1ncer.\",\"breadcrumb\":{\"@id\":\"https:\\\/\\\/lightweb.dev\\\/l\\\/svm-temp\\\/artiklar\\\/mat-vin\\\/fredagsvinet-sydeuropas-storsta-vinprovning-vid-havet\\\/#breadcrumb\"},\"inLanguage\":\"sv-SE\",\"potentialAction\":[{\"@type\":\"ReadAction\",\"target\":[\"https:\\\/\\\/lightweb.dev\\\/l\\\/svm-temp\\\/artiklar\\\/mat-vin\\\/fredagsvinet-sydeuropas-storsta-vinprovning-vid-havet\\\/\"]}]},{\"@type\":\"ImageObject\",\"inLanguage\":\"sv-SE\",\"@id\":\"https:\\\/\\\/lightweb.dev\\\/l\\\/svm-temp\\\/artiklar\\\/mat-vin\\\/fredagsvinet-sydeuropas-storsta-vinprovning-vid-havet\\\/#primaryimage\",\"url\":\"https:\\\/\\\/lightweb.dev\\\/l\\\/svm-temp\\\/wp-content\\\/uploads\\\/2024\\\/04\\\/catatorrox-RXZHLeN1mlXN4ja7Yb5xpON-1200x840@Diario-Sur-stor.jpeg\",\"contentUrl\":\"https:\\\/\\\/lightweb.dev\\\/l\\\/svm-temp\\\/wp-content\\\/uploads\\\/2024\\\/04\\\/catatorrox-RXZHLeN1mlXN4ja7Yb5xpON-1200x840@Diario-Sur-stor.jpeg\",\"width\":1200,\"height\":840},{\"@type\":\"BreadcrumbList\",\"@id\":\"https:\\\/\\\/lightweb.dev\\\/l\\\/svm-temp\\\/artiklar\\\/mat-vin\\\/fredagsvinet-sydeuropas-storsta-vinprovning-vid-havet\\\/#breadcrumb\",\"itemListElement\":[{\"@type\":\"ListItem\",\"position\":1,\"name\":\"Hem\",\"item\":\"https:\\\/\\\/lightweb.dev\\\/l\\\/svm-temp\\\/\"},{\"@type\":\"ListItem\",\"position\":2,\"name\":\"Fredagsvinet: Sydeuropas st\u00f6rsta vinprovning vid havet &#8211; inst\u00e4lld\"}]},{\"@type\":\"WebSite\",\"@id\":\"https:\\\/\\\/lightweb.dev\\\/l\\\/svm-temp\\\/#website\",\"url\":\"https:\\\/\\\/lightweb.dev\\\/l\\\/svm-temp\\\/\",\"name\":\"Svenska Magasinet\",\"description\":\"Dina Spanska nyheter p&aring; Svenska\",\"publisher\":{\"@id\":\"https:\\\/\\\/lightweb.dev\\\/l\\\/svm-temp\\\/#organization\"},\"potentialAction\":[{\"@type\":\"SearchAction\",\"target\":{\"@type\":\"EntryPoint\",\"urlTemplate\":\"https:\\\/\\\/lightweb.dev\\\/l\\\/svm-temp\\\/?s={search_term_string}\"},\"query-input\":{\"@type\":\"PropertyValueSpecification\",\"valueRequired\":true,\"valueName\":\"search_term_string\"}}],\"inLanguage\":\"sv-SE\"},{\"@type\":\"Organization\",\"@id\":\"https:\\\/\\\/lightweb.dev\\\/l\\\/svm-temp\\\/#organization\",\"name\":\"Melkerson y Nott SL\",\"alternateName\":\"Svenska Magasinet\",\"url\":\"https:\\\/\\\/lightweb.dev\\\/l\\\/svm-temp\\\/\",\"logo\":{\"@type\":\"ImageObject\",\"inLanguage\":\"sv-SE\",\"@id\":\"https:\\\/\\\/lightweb.dev\\\/l\\\/svm-temp\\\/#\\\/schema\\\/logo\\\/image\\\/\",\"url\":\"https:\\\/\\\/lightweb.dev\\\/l\\\/svm-temp\\\/wp-content\\\/uploads\\\/2025\\\/02\\\/SvM-logo-Xtra-Centrerad-SVART.png\",\"contentUrl\":\"https:\\\/\\\/lightweb.dev\\\/l\\\/svm-temp\\\/wp-content\\\/uploads\\\/2025\\\/02\\\/SvM-logo-Xtra-Centrerad-SVART.png\",\"width\":300,\"height\":99,\"caption\":\"Melkerson y Nott SL\"},\"image\":{\"@id\":\"https:\\\/\\\/lightweb.dev\\\/l\\\/svm-temp\\\/#\\\/schema\\\/logo\\\/image\\\/\"},\"sameAs\":[\"https:\\\/\\\/www.facebook.com\\\/svenskamagasinet\",\"https:\\\/\\\/x.com\\\/SvenskaMagasine\"]},{\"@type\":\"Person\",\"@id\":\"https:\\\/\\\/lightweb.dev\\\/l\\\/svm-temp\\\/#\\\/schema\\\/person\\\/7a82b8a73d171d32360a564b6d03508e\",\"name\":\"Ola Josefsson\",\"description\":\"Bevakar Solkusten och Spanien sedan 1994.\",\"sameAs\":[\"https:\\\/\\\/lightweb.dev\\\/l\\\/svm-temp\"],\"url\":\"https:\\\/\\\/lightweb.dev\\\/l\\\/svm-temp\\\/reporter\\\/ola-josefsson\\\/\"}]}<\/script>\n<!-- \/ Yoast SEO Premium plugin. -->","yoast_head_json":{"title":"Fredagsvinet: Sydeuropas st\u00f6rsta vinprovning vid havet - inst\u00e4lld - Svenska Magasinet","description":"Veremas vinm\u00e4ssa i M\u00e1laga som f\u00f6ljs av Sydeuropas st\u00f6rsta vinprovning i utomhusmilj\u00f6 vid Medelhavet. Det \u00e4r Torrox kommun som arrangerar den tredje upplagan av \u201dCata de Vino Junto al Mar\u201d d\u00e4r int\u00e4kterna g\u00e5r till den lokala cancerf\u00f6reningen Asociaci\u00f3n Espa\u00f1ola de Lucha Contra el C\u00e1ncer.","robots":{"index":"noindex","follow":"follow","max-snippet":"max-snippet:-1","max-image-preview":"max-image-preview:large","max-video-preview":"max-video-preview:-1"},"og_locale":"sv_SE","og_type":"article","og_title":"Fredagsvinet: Sydeuropas st\u00f6rsta vinprovning vid havet - inst\u00e4lld","og_description":"Veremas vinm\u00e4ssa i M\u00e1laga som f\u00f6ljs av Sydeuropas st\u00f6rsta vinprovning i utomhusmilj\u00f6 vid Medelhavet. Det \u00e4r Torrox kommun som arrangerar den tredje upplagan av \u201dCata de Vino Junto al Mar\u201d d\u00e4r int\u00e4kterna g\u00e5r till den lokala cancerf\u00f6reningen Asociaci\u00f3n Espa\u00f1ola de Lucha Contra el C\u00e1ncer.","og_url":"https:\/\/lightweb.dev\/l\/svm-temp\/artiklar\/mat-vin\/fredagsvinet-sydeuropas-storsta-vinprovning-vid-havet\/","og_site_name":"Svenska Magasinet","article_publisher":"https:\/\/www.facebook.com\/svenskamagasinet","article_published_time":"2024-04-26T14:55:19+00:00","article_modified_time":"2024-04-29T10:36:53+00:00","og_image":[{"width":1200,"height":840,"url":"https:\/\/lightweb.dev\/l\/svm-temp\/wp-content\/uploads\/2024\/04\/catatorrox-RXZHLeN1mlXN4ja7Yb5xpON-1200x840@Diario-Sur-stor.jpeg","type":"image\/jpeg"}],"author":"Ola Josefsson","twitter_card":"summary_large_image","twitter_creator":"@SvenskaMagasine","twitter_site":"@SvenskaMagasine","schema":{"@context":"https:\/\/schema.org","@graph":[{"@type":"Article","@id":"https:\/\/lightweb.dev\/l\/svm-temp\/artiklar\/mat-vin\/fredagsvinet-sydeuropas-storsta-vinprovning-vid-havet\/#article","isPartOf":{"@id":"https:\/\/lightweb.dev\/l\/svm-temp\/artiklar\/mat-vin\/fredagsvinet-sydeuropas-storsta-vinprovning-vid-havet\/"},"author":{"name":"Ola Josefsson","@id":"https:\/\/lightweb.dev\/l\/svm-temp\/#\/schema\/person\/7a82b8a73d171d32360a564b6d03508e"},"headline":"Fredagsvinet: Sydeuropas st\u00f6rsta vinprovning vid havet &#8211; inst\u00e4lld","datePublished":"2024-04-26T14:55:19+00:00","dateModified":"2024-04-29T10:36:53+00:00","mainEntityOfPage":{"@id":"https:\/\/lightweb.dev\/l\/svm-temp\/artiklar\/mat-vin\/fredagsvinet-sydeuropas-storsta-vinprovning-vid-havet\/"},"wordCount":627,"publisher":{"@id":"https:\/\/lightweb.dev\/l\/svm-temp\/#organization"},"image":{"@id":"https:\/\/lightweb.dev\/l\/svm-temp\/artiklar\/mat-vin\/fredagsvinet-sydeuropas-storsta-vinprovning-vid-havet\/#primaryimage"},"thumbnailUrl":"https:\/\/lightweb.dev\/l\/svm-temp\/wp-content\/uploads\/2024\/04\/catatorrox-RXZHLeN1mlXN4ja7Yb5xpON-1200x840@Diario-Sur-stor.jpeg","articleSection":["Artiklar","Mat &amp; vin"],"inLanguage":"sv-SE"},{"@type":"WebPage","@id":"https:\/\/lightweb.dev\/l\/svm-temp\/artiklar\/mat-vin\/fredagsvinet-sydeuropas-storsta-vinprovning-vid-havet\/","url":"https:\/\/lightweb.dev\/l\/svm-temp\/artiklar\/mat-vin\/fredagsvinet-sydeuropas-storsta-vinprovning-vid-havet\/","name":"Fredagsvinet: Sydeuropas st\u00f6rsta vinprovning vid havet - inst\u00e4lld - Svenska Magasinet","isPartOf":{"@id":"https:\/\/lightweb.dev\/l\/svm-temp\/#website"},"primaryImageOfPage":{"@id":"https:\/\/lightweb.dev\/l\/svm-temp\/artiklar\/mat-vin\/fredagsvinet-sydeuropas-storsta-vinprovning-vid-havet\/#primaryimage"},"image":{"@id":"https:\/\/lightweb.dev\/l\/svm-temp\/artiklar\/mat-vin\/fredagsvinet-sydeuropas-storsta-vinprovning-vid-havet\/#primaryimage"},"thumbnailUrl":"https:\/\/lightweb.dev\/l\/svm-temp\/wp-content\/uploads\/2024\/04\/catatorrox-RXZHLeN1mlXN4ja7Yb5xpON-1200x840@Diario-Sur-stor.jpeg","datePublished":"2024-04-26T14:55:19+00:00","dateModified":"2024-04-29T10:36:53+00:00","description":"Veremas vinm\u00e4ssa i M\u00e1laga som f\u00f6ljs av Sydeuropas st\u00f6rsta vinprovning i utomhusmilj\u00f6 vid Medelhavet. Det \u00e4r Torrox kommun som arrangerar den tredje upplagan av \u201dCata de Vino Junto al Mar\u201d d\u00e4r int\u00e4kterna g\u00e5r till den lokala cancerf\u00f6reningen Asociaci\u00f3n Espa\u00f1ola de Lucha Contra el C\u00e1ncer.","breadcrumb":{"@id":"https:\/\/lightweb.dev\/l\/svm-temp\/artiklar\/mat-vin\/fredagsvinet-sydeuropas-storsta-vinprovning-vid-havet\/#breadcrumb"},"inLanguage":"sv-SE","potentialAction":[{"@type":"ReadAction","target":["https:\/\/lightweb.dev\/l\/svm-temp\/artiklar\/mat-vin\/fredagsvinet-sydeuropas-storsta-vinprovning-vid-havet\/"]}]},{"@type":"ImageObject","inLanguage":"sv-SE","@id":"https:\/\/lightweb.dev\/l\/svm-temp\/artiklar\/mat-vin\/fredagsvinet-sydeuropas-storsta-vinprovning-vid-havet\/#primaryimage","url":"https:\/\/lightweb.dev\/l\/svm-temp\/wp-content\/uploads\/2024\/04\/catatorrox-RXZHLeN1mlXN4ja7Yb5xpON-1200x840@Diario-Sur-stor.jpeg","contentUrl":"https:\/\/lightweb.dev\/l\/svm-temp\/wp-content\/uploads\/2024\/04\/catatorrox-RXZHLeN1mlXN4ja7Yb5xpON-1200x840@Diario-Sur-stor.jpeg","width":1200,"height":840},{"@type":"BreadcrumbList","@id":"https:\/\/lightweb.dev\/l\/svm-temp\/artiklar\/mat-vin\/fredagsvinet-sydeuropas-storsta-vinprovning-vid-havet\/#breadcrumb","itemListElement":[{"@type":"ListItem","position":1,"name":"Hem","item":"https:\/\/lightweb.dev\/l\/svm-temp\/"},{"@type":"ListItem","position":2,"name":"Fredagsvinet: Sydeuropas st\u00f6rsta vinprovning vid havet &#8211; inst\u00e4lld"}]},{"@type":"WebSite","@id":"https:\/\/lightweb.dev\/l\/svm-temp\/#website","url":"https:\/\/lightweb.dev\/l\/svm-temp\/","name":"Svenska Magasinet","description":"Dina Spanska nyheter p&aring; Svenska","publisher":{"@id":"https:\/\/lightweb.dev\/l\/svm-temp\/#organization"},"potentialAction":[{"@type":"SearchAction","target":{"@type":"EntryPoint","urlTemplate":"https:\/\/lightweb.dev\/l\/svm-temp\/?s={search_term_string}"},"query-input":{"@type":"PropertyValueSpecification","valueRequired":true,"valueName":"search_term_string"}}],"inLanguage":"sv-SE"},{"@type":"Organization","@id":"https:\/\/lightweb.dev\/l\/svm-temp\/#organization","name":"Melkerson y Nott SL","alternateName":"Svenska Magasinet","url":"https:\/\/lightweb.dev\/l\/svm-temp\/","logo":{"@type":"ImageObject","inLanguage":"sv-SE","@id":"https:\/\/lightweb.dev\/l\/svm-temp\/#\/schema\/logo\/image\/","url":"https:\/\/lightweb.dev\/l\/svm-temp\/wp-content\/uploads\/2025\/02\/SvM-logo-Xtra-Centrerad-SVART.png","contentUrl":"https:\/\/lightweb.dev\/l\/svm-temp\/wp-content\/uploads\/2025\/02\/SvM-logo-Xtra-Centrerad-SVART.png","width":300,"height":99,"caption":"Melkerson y Nott SL"},"image":{"@id":"https:\/\/lightweb.dev\/l\/svm-temp\/#\/schema\/logo\/image\/"},"sameAs":["https:\/\/www.facebook.com\/svenskamagasinet","https:\/\/x.com\/SvenskaMagasine"]},{"@type":"Person","@id":"https:\/\/lightweb.dev\/l\/svm-temp\/#\/schema\/person\/7a82b8a73d171d32360a564b6d03508e","name":"Ola Josefsson","description":"Bevakar Solkusten och Spanien sedan 1994.","sameAs":["https:\/\/lightweb.dev\/l\/svm-temp"],"url":"https:\/\/lightweb.dev\/l\/svm-temp\/reporter\/ola-josefsson\/"}]}},"_links":{"self":[{"href":"https:\/\/lightweb.dev\/l\/svm-temp\/wp-json\/wp\/v2\/posts\/71460","targetHints":{"allow":["GET"]}}],"collection":[{"href":"https:\/\/lightweb.dev\/l\/svm-temp\/wp-json\/wp\/v2\/posts"}],"about":[{"href":"https:\/\/lightweb.dev\/l\/svm-temp\/wp-json\/wp\/v2\/types\/post"}],"author":[{"embeddable":true,"href":"https:\/\/lightweb.dev\/l\/svm-temp\/wp-json\/wp\/v2\/users\/7"}],"replies":[{"embeddable":true,"href":"https:\/\/lightweb.dev\/l\/svm-temp\/wp-json\/wp\/v2\/comments?post=71460"}],"version-history":[{"count":0,"href":"https:\/\/lightweb.dev\/l\/svm-temp\/wp-json\/wp\/v2\/posts\/71460\/revisions"}],"wp:featuredmedia":[{"embeddable":true,"href":"https:\/\/lightweb.dev\/l\/svm-temp\/wp-json\/wp\/v2\/media\/71461"}],"wp:attachment":[{"href":"https:\/\/lightweb.dev\/l\/svm-temp\/wp-json\/wp\/v2\/media?parent=71460"}],"wp:term":[{"taxonomy":"category","embeddable":true,"href":"https:\/\/lightweb.dev\/l\/svm-temp\/wp-json\/wp\/v2\/categories?post=71460"},{"taxonomy":"post_tag","embeddable":true,"href":"https:\/\/lightweb.dev\/l\/svm-temp\/wp-json\/wp\/v2\/tags?post=71460"}],"curies":[{"name":"wp","href":"https:\/\/api.w.org\/{rel}","templated":true}]}}