{"id":71546,"date":"2024-04-30T12:15:44","date_gmt":"2024-04-30T10:15:44","guid":{"rendered":"https:\/\/lightweb.dev\/l\/svm-temp\/?p=71546"},"modified":"2024-05-08T10:31:48","modified_gmt":"2024-05-08T08:31:48","slug":"blagult-tar-plats-pa-feria-internacional-de-los-paises","status":"publish","type":"post","link":"https:\/\/lightweb.dev\/l\/svm-temp\/artiklar\/kultur\/blagult-tar-plats-pa-feria-internacional-de-los-paises\/","title":{"rendered":"Bl\u00e5gult tar plats p\u00e5 Feria Internacional de los Pa\u00edses"},"content":{"rendered":"<p><strong>P\u00e5 onsdagen startar Feria Internacional de los Pa\u00edses p\u00e5 feriaplatsen Recinto Ferial i Fuengirola och h\u00e5ller p\u00e5 till s\u00f6ndag.<\/strong><\/p>\n<p><strong>P\u00e5 tisdagen gjordes den sista finslipningen i den svenska casetan som ligger som nummer fyra till h\u00f6ger i b\u00f6rjan p\u00e5 gatan med de olika l\u00e4nderna.\u00a0<\/strong><\/p>\n<p><img loading=\"lazy\" decoding=\"async\" class=\"size-medium wp-image-71649 alignleft\" src=\"https:\/\/lightweb.dev\/l\/svm-temp\/wp-content\/uploads\/2024\/04\/IMG_3954-stor-300x225.jpeg\" alt=\"\" width=\"300\" height=\"225\" srcset=\"https:\/\/lightweb.dev\/l\/svm-temp\/wp-content\/uploads\/2024\/04\/IMG_3954-stor-300x225.jpeg 300w, https:\/\/lightweb.dev\/l\/svm-temp\/wp-content\/uploads\/2024\/04\/IMG_3954-stor-900x675.jpeg 900w, https:\/\/lightweb.dev\/l\/svm-temp\/wp-content\/uploads\/2024\/04\/IMG_3954-stor-768x576.jpeg 768w, https:\/\/lightweb.dev\/l\/svm-temp\/wp-content\/uploads\/2024\/04\/IMG_3954-stor-610x458.jpeg 610w, https:\/\/lightweb.dev\/l\/svm-temp\/wp-content\/uploads\/2024\/04\/IMG_3954-stor-1080x810.jpeg 1080w, https:\/\/lightweb.dev\/l\/svm-temp\/wp-content\/uploads\/2024\/04\/IMG_3954-stor-600x450.jpeg 600w, https:\/\/lightweb.dev\/l\/svm-temp\/wp-content\/uploads\/2024\/04\/IMG_3954-stor.jpeg 1280w\" sizes=\"(max-width: 300px) 100vw, 300px\" \/><\/p>\n<p>&nbsp;<\/p>\n<p>Svenska flaggor som vajar i vinden. Och en lokal som pryds av \u00e4nnu mer flaggor. Det \u00e4r bl\u00e5gult n\u00e4r Sverige \u00e4r tillbaka p\u00e5 Feria Internacional de los Pa\u00edses med temat \u201dVikingar\u201d.<\/p>\n<p>Ljud- och ljusinstallationer har monterats. Det utlovas bra drag och underh\u00e5llning i den svenska casetan.<\/p>\n<p>Svenska skolan st\u00e4ller ut sina vikingaverk som kommer att s\u00e4ljas sista dagen. Det blir f\u00f6rs\u00e4ljning av smycken &amp; l\u00f6sa tatueringar och ansiktsm\u00e5lning.<\/p>\n<h2>Paraden 11.30<\/h2>\n<div id=\"attachment_71057\" style=\"width: 235px\" class=\"wp-caption alignleft\"><img loading=\"lazy\" decoding=\"async\" aria-describedby=\"caption-attachment-71057\" class=\"size-medium wp-image-71057\" src=\"https:\/\/lightweb.dev\/l\/svm-temp\/wp-content\/uploads\/2024\/04\/4b061681-4105-49ce-b820-2ccab3b735c4-stor-225x300.jpeg\" alt=\"\" width=\"225\" height=\"300\" srcset=\"https:\/\/lightweb.dev\/l\/svm-temp\/wp-content\/uploads\/2024\/04\/4b061681-4105-49ce-b820-2ccab3b735c4-stor-225x300.jpeg 225w, https:\/\/lightweb.dev\/l\/svm-temp\/wp-content\/uploads\/2024\/04\/4b061681-4105-49ce-b820-2ccab3b735c4-stor-675x900.jpeg 675w, https:\/\/lightweb.dev\/l\/svm-temp\/wp-content\/uploads\/2024\/04\/4b061681-4105-49ce-b820-2ccab3b735c4-stor-610x813.jpeg 610w, https:\/\/lightweb.dev\/l\/svm-temp\/wp-content\/uploads\/2024\/04\/4b061681-4105-49ce-b820-2ccab3b735c4-stor-600x800.jpeg 600w, https:\/\/lightweb.dev\/l\/svm-temp\/wp-content\/uploads\/2024\/04\/4b061681-4105-49ce-b820-2ccab3b735c4-stor.jpeg 768w\" sizes=\"(max-width: 225px) 100vw, 225px\" \/><p id=\"caption-attachment-71057\" class=\"wp-caption-text\">Klockan 11.30 den 1 maj g\u00e5r paraden genom stan.<\/p><\/div>\n<p>\u00c4ven om det utlovas n\u00e5gon regnskur under onsdagsmorgonen s\u00e5 finns det ingen uppgift i nul\u00e4get p\u00e5 att den planerade paraden st\u00e4lls in.<\/p>\n<p>Uppskattningsvis tre tusen personer varav m\u00e5nga i folkdr\u00e4kter medverkar i paraden som avg\u00e5r fr\u00e5n Plaza Espa\u00f1a framf\u00f6r kommunhuset klockan 11.30 p\u00e5 onsdagen den 1 maj.<\/p>\n<p>\u2013 Det blir m\u00e5nga vikingar p\u00e5 stan under paraden. Dessutom ett artistg\u00e4ng fr\u00e5n Pite\u00e5 som ska dansa och sjunga ABBA-l\u00e5tar. Med 50-\u00e5rsjubil\u00e9et f\u00e5r ABBA en framtr\u00e4dande plats ocks\u00e5, s\u00e4ger Stefan Adolfsson som \u00e4r en av initiativtagarna till att Sverige g\u00f6r comeback p\u00e5 kulturfesten.<\/p>\n<p>Sedan v\u00e4ntar fullsp\u00e4ckade dagar. Det \u00e4r ett imponerande program som Stefan Adolfsson, Stefan Olsson och Peter Fransson har sytt ihop. Stefan Adolfsson har tidigare arrangerat festivaler och andra evenemang med Expressen under 20 \u00e5r. Stefan Olsson \u00e4r flygplanstekniker och Peter Fransson \u00e4r k\u00e4nd fr\u00e5n Franssons Polkagrisar i Gr\u00e4nna.<\/p>\n<blockquote class=\"twitter-tweet\" data-media-max-width=\"560\">\n<p dir=\"ltr\" lang=\"sv\">P\u00e5 onsdagen startar Feria Internacional de los Pa\u00edses p\u00e5 feriaplatsen Recinto Ferial i <a href=\"https:\/\/twitter.com\/hashtag\/Fuengirola?src=hash&amp;ref_src=twsrc%5Etfw\">#Fuengirola<\/a> och h\u00e5ller p\u00e5 till s\u00f6ndag.<br \/>\nP\u00e5 tisdagen gjordes den sista finslipningen i den svenska casetan. <a href=\"https:\/\/twitter.com\/hashtag\/FeriaInternacionaldelosPa%C3%ADses?src=hash&amp;ref_src=twsrc%5Etfw\">#FeriaInternacionaldelosPa\u00edses<\/a> <a href=\"https:\/\/t.co\/ifRVDJOkm6\">pic.twitter.com\/ifRVDJOkm6<\/a><\/p>\n<p>\u2014 Svenska Magasinet (@SvenskaMagasine) <a href=\"https:\/\/twitter.com\/SvenskaMagasine\/status\/1785389152676024666?ref_src=twsrc%5Etfw\">April 30, 2024<\/a><\/p><\/blockquote>\n<p><script async src=\"https:\/\/platform.twitter.com\/widgets.js\" charset=\"utf-8\"><\/script><\/p>\n<p><img loading=\"lazy\" decoding=\"async\" class=\"size-medium wp-image-71555 alignright\" src=\"https:\/\/lightweb.dev\/l\/svm-temp\/wp-content\/uploads\/2024\/04\/Programa_500x700mm-1_page-0001-stor-216x300.jpeg\" alt=\"\" width=\"216\" height=\"300\" srcset=\"https:\/\/lightweb.dev\/l\/svm-temp\/wp-content\/uploads\/2024\/04\/Programa_500x700mm-1_page-0001-stor-216x300.jpeg 216w, https:\/\/lightweb.dev\/l\/svm-temp\/wp-content\/uploads\/2024\/04\/Programa_500x700mm-1_page-0001-stor-648x900.jpeg 648w, https:\/\/lightweb.dev\/l\/svm-temp\/wp-content\/uploads\/2024\/04\/Programa_500x700mm-1_page-0001-stor-768x1066.jpeg 768w, https:\/\/lightweb.dev\/l\/svm-temp\/wp-content\/uploads\/2024\/04\/Programa_500x700mm-1_page-0001-stor-610x847.jpeg 610w, https:\/\/lightweb.dev\/l\/svm-temp\/wp-content\/uploads\/2024\/04\/Programa_500x700mm-1_page-0001-stor-600x833.jpeg 600w, https:\/\/lightweb.dev\/l\/svm-temp\/wp-content\/uploads\/2024\/04\/Programa_500x700mm-1_page-0001-stor.jpeg 922w\" sizes=\"(max-width: 216px) 100vw, 216px\" \/><\/p>\n<p>&nbsp;<\/p>\n<h2>H\u00e4r \u00e4r programmet:<\/h2>\n<p><strong>1 maj<\/strong><\/p>\n<p>11.30 Parad med 33 l\u00e4nder<\/p>\n<p>13.30 Musik, Swedish landscape<\/p>\n<p>14.00 Bakning Polkagrisar\u201d<\/p>\n<p>14.45 Children Show, Svensk Artist school<\/p>\n<p>15.45 Film about Norrland<\/p>\n<p>16.30 Children Show, Svensk Artist school<\/p>\n<p>17.30 Film, Sweden<\/p>\n<p>18.00 Medly Artist school<\/p>\n<p>19.00 Rose Philippens Pop\/Rock<\/p>\n<p>21.45 Tributo ABBA 50 \u00e5r<\/p>\n<p>24.00 DJ<\/p>\n<p><strong>2 maj<\/strong><\/p>\n<p><img loading=\"lazy\" decoding=\"async\" class=\"size-medium wp-image-71054 alignright\" src=\"https:\/\/lightweb.dev\/l\/svm-temp\/wp-content\/uploads\/2024\/04\/Skarmavbild-2024-04-10-kl.-11.15.21-stor-300x134.jpeg\" alt=\"\" width=\"300\" height=\"134\" srcset=\"https:\/\/lightweb.dev\/l\/svm-temp\/wp-content\/uploads\/2024\/04\/Skarmavbild-2024-04-10-kl.-11.15.21-stor-300x134.jpeg 300w, https:\/\/lightweb.dev\/l\/svm-temp\/wp-content\/uploads\/2024\/04\/Skarmavbild-2024-04-10-kl.-11.15.21-stor-610x273.jpeg 610w, https:\/\/lightweb.dev\/l\/svm-temp\/wp-content\/uploads\/2024\/04\/Skarmavbild-2024-04-10-kl.-11.15.21-stor-600x269.jpeg 600w, https:\/\/lightweb.dev\/l\/svm-temp\/wp-content\/uploads\/2024\/04\/Skarmavbild-2024-04-10-kl.-11.15.21-stor.jpeg 677w\" sizes=\"(max-width: 300px) 100vw, 300px\" \/><\/p>\n<p>14.00 Bakning Polkagrisar<\/p>\n<p>14.00 DJ Swedish music. Swedish \u201dSm\u00f6rg\u00e5st\u00e5rta\u201d<\/p>\n<p>16.00 Film about Norrland<\/p>\n<p>16.30 Medly Artist school<\/p>\n<p>17.15 Film about Norrland<\/p>\n<p>18.30 Jai Northover Pop\/Rock<\/p>\n<p>21.45 Tributo a ABBA, 50 years<\/p>\n<p><strong>3 maj<\/strong><\/p>\n<p><img loading=\"lazy\" decoding=\"async\" class=\"size-medium wp-image-71549 alignright\" src=\"https:\/\/lightweb.dev\/l\/svm-temp\/wp-content\/uploads\/2024\/04\/Menu-stor-212x300.jpeg\" alt=\"\" width=\"212\" height=\"300\" srcset=\"https:\/\/lightweb.dev\/l\/svm-temp\/wp-content\/uploads\/2024\/04\/Menu-stor-212x300.jpeg 212w, https:\/\/lightweb.dev\/l\/svm-temp\/wp-content\/uploads\/2024\/04\/Menu-stor-636x900.jpeg 636w, https:\/\/lightweb.dev\/l\/svm-temp\/wp-content\/uploads\/2024\/04\/Menu-stor-768x1086.jpeg 768w, https:\/\/lightweb.dev\/l\/svm-temp\/wp-content\/uploads\/2024\/04\/Menu-stor-610x863.jpeg 610w, https:\/\/lightweb.dev\/l\/svm-temp\/wp-content\/uploads\/2024\/04\/Menu-stor-600x849.jpeg 600w, https:\/\/lightweb.dev\/l\/svm-temp\/wp-content\/uploads\/2024\/04\/Menu-stor.jpeg 905w\" sizes=\"(max-width: 212px) 100vw, 212px\" \/><\/p>\n<p>14.00 Bakning Polkagrisar<\/p>\n<p>15.30 Alicia Salas carranza Pop\/Rock<\/p>\n<p>17.30 Film about Norrland<\/p>\n<p>18.30 Jai Northover Pop\/Rock<\/p>\n<p>20.45 Mila Tino<\/p>\n<p>21.30 Rose Philippens Pop\/Rock<\/p>\n<p>23.45 Rap with Mange Schmidt<\/p>\n<p>00.30 Tribute to Europ\u00e9 Marcus Rubin among others<\/p>\n<p><strong>4 maj<\/strong><\/p>\n<p>14.00 Bakning Polkagrisar<\/p>\n<p>14.00 Alicia Salas Carranza Pop\/Rock<\/p>\n<p>16.15 Tribute to Europ\u00e9 Marcus Rubin m.fl.<\/p>\n<p>17.00 Film about Norrland<\/p>\n<p>17.30 Tribute to Europ\u00e9 Marcus Rubin m.fl.<\/p>\n<p>20.00 Mila Tino<\/p>\n<p>22.00 Tributo a ABBA, 50 years<\/p>\n<p>00.15 Mange Smith Rap music<\/p>\n<p>01.00 Novel Beatgeek former Redone team<\/p>\n<p><strong>5 maj<\/strong><\/p>\n<p><img loading=\"lazy\" decoding=\"async\" class=\"alignright wp-image-71561 size-medium\" src=\"https:\/\/lightweb.dev\/l\/svm-temp\/wp-content\/uploads\/2024\/04\/IMG_3844-stor-300x225.jpeg\" alt=\"Vikingar\" width=\"300\" height=\"225\" srcset=\"https:\/\/lightweb.dev\/l\/svm-temp\/wp-content\/uploads\/2024\/04\/IMG_3844-stor-300x225.jpeg 300w, https:\/\/lightweb.dev\/l\/svm-temp\/wp-content\/uploads\/2024\/04\/IMG_3844-stor-900x675.jpeg 900w, https:\/\/lightweb.dev\/l\/svm-temp\/wp-content\/uploads\/2024\/04\/IMG_3844-stor-768x576.jpeg 768w, https:\/\/lightweb.dev\/l\/svm-temp\/wp-content\/uploads\/2024\/04\/IMG_3844-stor-610x458.jpeg 610w, https:\/\/lightweb.dev\/l\/svm-temp\/wp-content\/uploads\/2024\/04\/IMG_3844-stor-1080x810.jpeg 1080w, https:\/\/lightweb.dev\/l\/svm-temp\/wp-content\/uploads\/2024\/04\/IMG_3844-stor-600x450.jpeg 600w, https:\/\/lightweb.dev\/l\/svm-temp\/wp-content\/uploads\/2024\/04\/IMG_3844-stor.jpeg 1280w\" sizes=\"(max-width: 300px) 100vw, 300px\" \/><\/p>\n<p>14.00 Bakning Polkagrisar<\/p>\n<p>14.00 DJ Swedish music. Swedish \u201dSm\u00f6rg\u00e5st\u00e5rta\u201d<\/p>\n<p>16.15 Musica Folclorica Sueca<\/p>\n<p>17.00 Presentation the video about Aurora Polar, Laponia<\/p>\n<p>19.15 Tribute to Europe<\/p>\n<p>21.30 Swedish Pop\/Rock<\/p>\n<p>23.30 DJ<\/p>\n<h2>130 olika nationaliteter<\/h2>\n<p><img loading=\"lazy\" decoding=\"async\" class=\"size-medium wp-image-71550 alignright\" src=\"https:\/\/lightweb.dev\/l\/svm-temp\/wp-content\/uploads\/2024\/04\/IMG_2288-stor-225x300.jpeg\" alt=\"\" width=\"225\" height=\"300\" srcset=\"https:\/\/lightweb.dev\/l\/svm-temp\/wp-content\/uploads\/2024\/04\/IMG_2288-stor-225x300.jpeg 225w, https:\/\/lightweb.dev\/l\/svm-temp\/wp-content\/uploads\/2024\/04\/IMG_2288-stor-675x900.jpeg 675w, https:\/\/lightweb.dev\/l\/svm-temp\/wp-content\/uploads\/2024\/04\/IMG_2288-stor-768x1024.jpeg 768w, https:\/\/lightweb.dev\/l\/svm-temp\/wp-content\/uploads\/2024\/04\/IMG_2288-stor-610x813.jpeg 610w, https:\/\/lightweb.dev\/l\/svm-temp\/wp-content\/uploads\/2024\/04\/IMG_2288-stor-600x800.jpeg 600w, https:\/\/lightweb.dev\/l\/svm-temp\/wp-content\/uploads\/2024\/04\/IMG_2288-stor.jpeg 960w\" sizes=\"(max-width: 225px) 100vw, 225px\" \/><\/p>\n<p>Vid en presstr\u00e4ff ber\u00e4ttade kommunalr\u00e5det Jos\u00e9 Luis Ponce:<\/p>\n<p>\u2013 De internationella dagarna i Fuengirola \u00e4r mycket popul\u00e4ra och drar till sig stor uppm\u00e4rksamhet intresse i officiella medier och p\u00e5 sociala n\u00e4tverk. Det \u00e4r en av de mest popul\u00e4ra festerna inte bara i provinsen M\u00e1laga utan i hela Andalusien.<\/p>\n<p>Femdagarsfesten \u00e5terspeglar vad Fuengirola st\u00e5r f\u00f6r som andalusisk och spansk stad som \u00f6ppnar sig f\u00f6r v\u00e4rlden, en plats d\u00e4r inte mindre \u00e4n 136 olika nationaliteter lever i samexistensen.<\/p>\n<p>F\u00f6ljande l\u00e4nder medverkar: Tyskland, Argentina, Australien, Belgien, Bolivia, Brasilien, Bulgarien, Colombia, Kuba, Spanien, USA, Finland, Storbritannien, Grekland, Hawaii, Indien, Irland, Italien , Jamaica, Japan, Libanon, Marocko, Mexiko, Paraguay, Peru, Puerto Rico, Dominikanska republiken, Rum\u00e4nien, Senegal, Sverige, Turkiet, Uruguay och Venezuela.<\/p>\n<p>Nytt f\u00f6r i \u00e5r \u00e4r att festdagarna st\u00e4nger tidigare j\u00e4mf\u00f6rt med tidigare \u00e5r. N\u00e4tter mot arbetsdagar st\u00e4nger festligheterna klockan 2 j\u00e4mf\u00f6rt med klockan 4 tidigare.<\/p>\n<blockquote class=\"twitter-tweet\" data-media-max-width=\"560\">\n<p dir=\"ltr\" lang=\"sv\">Den 1 till 5 maj arrangeras Feria Internacional de los Pa\u00edses p\u00e5 feriaplatsen Recinto Ferial i Fuengirola. Vilken av festligheterna och h\u00f6gtiderna tycker du \u00e4r b\u00e4st?<\/p>\n<p>\u2014 Svenska Magasinet (@SvenskaMagasine) <a href=\"https:\/\/twitter.com\/SvenskaMagasine\/status\/1785391984581935254?ref_src=twsrc%5Etfw\">April 30, 2024<\/a><\/p><\/blockquote>\n<p><script async src=\"https:\/\/platform.twitter.com\/widgets.js\" charset=\"utf-8\"><\/script><\/p>\n","protected":false},"excerpt":{"rendered":"<p>P\u00e5 onsdagen startar Feria Internacional de los Pa\u00edses p\u00e5 feriaplatsen Recinto Ferial i Fuengirola och h\u00e5ller p\u00e5 till s\u00f6ndag. P\u00e5 tisdagen gjordes den sista finslipningen i den svenska casetan som ligger till h\u00f6ger i b\u00f6rjan p\u00e5 gatan med de olika l\u00e4ndernas&#8230;<\/p>\n","protected":false},"author":7,"featured_media":71648,"comment_status":"closed","ping_status":"closed","sticky":false,"template":"","format":"standard","meta":{"_et_pb_use_builder":"","_et_pb_old_content":"","_et_gb_content_width":"","footnotes":""},"categories":[4,45],"tags":[],"class_list":["post-71546","post","type-post","status-publish","format-standard","has-post-thumbnail","hentry","category-artiklar","category-kultur"],"yoast_head":"<!-- This site is optimized with the Yoast SEO Premium plugin v26.2 (Yoast SEO v27.4) - https:\/\/yoast.com\/product\/yoast-seo-premium-wordpress\/ -->\n<title>Bl\u00e5gult tar plats p\u00e5 Feria Internacional de los Pa\u00edses - Svenska Magasinet<\/title>\n<meta name=\"description\" content=\"P\u00e5 onsdagen startar Feria Internacional de los Pa\u00edses p\u00e5 feriaplatsen Recinto Ferial i Fuengirola och h\u00e5ller p\u00e5 till s\u00f6ndag. P\u00e5 tisdagen gjordes den sista finslipningen i den svenska casetan som ligger till h\u00f6ger i b\u00f6rjan p\u00e5 gatan med de olika l\u00e4ndernas casetor. Det blir den 28:e upplagan och 32 l\u00e4nder medverkar.\" \/>\n<meta name=\"robots\" content=\"noindex, follow, max-snippet:-1, max-image-preview:large, max-video-preview:-1\" \/>\n<meta property=\"og:locale\" content=\"sv_SE\" \/>\n<meta property=\"og:type\" content=\"article\" \/>\n<meta property=\"og:title\" content=\"Bl\u00e5gult tar plats p\u00e5 Feria Internacional de los Pa\u00edses\" \/>\n<meta property=\"og:description\" content=\"P\u00e5 onsdagen startar Feria Internacional de los Pa\u00edses p\u00e5 feriaplatsen Recinto Ferial i Fuengirola och h\u00e5ller p\u00e5 till s\u00f6ndag. P\u00e5 tisdagen gjordes den sista finslipningen i den svenska casetan som ligger till h\u00f6ger i b\u00f6rjan p\u00e5 gatan med de olika l\u00e4ndernas casetor. Det blir den 28:e upplagan och 32 l\u00e4nder medverkar.\" \/>\n<meta property=\"og:url\" content=\"https:\/\/lightweb.dev\/l\/svm-temp\/artiklar\/kultur\/blagult-tar-plats-pa-feria-internacional-de-los-paises\/\" \/>\n<meta property=\"og:site_name\" content=\"Svenska Magasinet\" \/>\n<meta property=\"article:publisher\" content=\"https:\/\/www.facebook.com\/svenskamagasinet\" \/>\n<meta property=\"article:published_time\" content=\"2024-04-30T10:15:44+00:00\" \/>\n<meta property=\"article:modified_time\" content=\"2024-05-08T08:31:48+00:00\" \/>\n<meta property=\"og:image\" content=\"https:\/\/lightweb.dev\/l\/svm-temp\/wp-content\/uploads\/2024\/04\/IMG_3949-stor.jpeg\" \/>\n\t<meta property=\"og:image:width\" content=\"1280\" \/>\n\t<meta property=\"og:image:height\" content=\"960\" \/>\n\t<meta property=\"og:image:type\" content=\"image\/jpeg\" \/>\n<meta name=\"author\" content=\"Ola Josefsson\" \/>\n<meta name=\"twitter:card\" content=\"summary_large_image\" \/>\n<meta name=\"twitter:creator\" content=\"@SvenskaMagasine\" \/>\n<meta name=\"twitter:site\" content=\"@SvenskaMagasine\" \/>\n<script type=\"application\/ld+json\" class=\"yoast-schema-graph\">{\"@context\":\"https:\\\/\\\/schema.org\",\"@graph\":[{\"@type\":\"Article\",\"@id\":\"https:\\\/\\\/lightweb.dev\\\/l\\\/svm-temp\\\/artiklar\\\/kultur\\\/blagult-tar-plats-pa-feria-internacional-de-los-paises\\\/#article\",\"isPartOf\":{\"@id\":\"https:\\\/\\\/lightweb.dev\\\/l\\\/svm-temp\\\/artiklar\\\/kultur\\\/blagult-tar-plats-pa-feria-internacional-de-los-paises\\\/\"},\"author\":{\"name\":\"Ola Josefsson\",\"@id\":\"https:\\\/\\\/lightweb.dev\\\/l\\\/svm-temp\\\/#\\\/schema\\\/person\\\/7a82b8a73d171d32360a564b6d03508e\"},\"headline\":\"Bl\u00e5gult tar plats p\u00e5 Feria Internacional de los Pa\u00edses\",\"datePublished\":\"2024-04-30T10:15:44+00:00\",\"dateModified\":\"2024-05-08T08:31:48+00:00\",\"mainEntityOfPage\":{\"@id\":\"https:\\\/\\\/lightweb.dev\\\/l\\\/svm-temp\\\/artiklar\\\/kultur\\\/blagult-tar-plats-pa-feria-internacional-de-los-paises\\\/\"},\"wordCount\":718,\"publisher\":{\"@id\":\"https:\\\/\\\/lightweb.dev\\\/l\\\/svm-temp\\\/#organization\"},\"image\":{\"@id\":\"https:\\\/\\\/lightweb.dev\\\/l\\\/svm-temp\\\/artiklar\\\/kultur\\\/blagult-tar-plats-pa-feria-internacional-de-los-paises\\\/#primaryimage\"},\"thumbnailUrl\":\"https:\\\/\\\/lightweb.dev\\\/l\\\/svm-temp\\\/wp-content\\\/uploads\\\/2024\\\/04\\\/IMG_3949-stor.jpeg\",\"articleSection\":[\"Artiklar\",\"Kultur &amp; historia\"],\"inLanguage\":\"sv-SE\"},{\"@type\":\"WebPage\",\"@id\":\"https:\\\/\\\/lightweb.dev\\\/l\\\/svm-temp\\\/artiklar\\\/kultur\\\/blagult-tar-plats-pa-feria-internacional-de-los-paises\\\/\",\"url\":\"https:\\\/\\\/lightweb.dev\\\/l\\\/svm-temp\\\/artiklar\\\/kultur\\\/blagult-tar-plats-pa-feria-internacional-de-los-paises\\\/\",\"name\":\"Bl\u00e5gult tar plats p\u00e5 Feria Internacional de los Pa\u00edses - Svenska Magasinet\",\"isPartOf\":{\"@id\":\"https:\\\/\\\/lightweb.dev\\\/l\\\/svm-temp\\\/#website\"},\"primaryImageOfPage\":{\"@id\":\"https:\\\/\\\/lightweb.dev\\\/l\\\/svm-temp\\\/artiklar\\\/kultur\\\/blagult-tar-plats-pa-feria-internacional-de-los-paises\\\/#primaryimage\"},\"image\":{\"@id\":\"https:\\\/\\\/lightweb.dev\\\/l\\\/svm-temp\\\/artiklar\\\/kultur\\\/blagult-tar-plats-pa-feria-internacional-de-los-paises\\\/#primaryimage\"},\"thumbnailUrl\":\"https:\\\/\\\/lightweb.dev\\\/l\\\/svm-temp\\\/wp-content\\\/uploads\\\/2024\\\/04\\\/IMG_3949-stor.jpeg\",\"datePublished\":\"2024-04-30T10:15:44+00:00\",\"dateModified\":\"2024-05-08T08:31:48+00:00\",\"description\":\"P\u00e5 onsdagen startar Feria Internacional de los Pa\u00edses p\u00e5 feriaplatsen Recinto Ferial i Fuengirola och h\u00e5ller p\u00e5 till s\u00f6ndag. P\u00e5 tisdagen gjordes den sista finslipningen i den svenska casetan som ligger till h\u00f6ger i b\u00f6rjan p\u00e5 gatan med de olika l\u00e4ndernas casetor. Det blir den 28:e upplagan och 32 l\u00e4nder medverkar.\",\"breadcrumb\":{\"@id\":\"https:\\\/\\\/lightweb.dev\\\/l\\\/svm-temp\\\/artiklar\\\/kultur\\\/blagult-tar-plats-pa-feria-internacional-de-los-paises\\\/#breadcrumb\"},\"inLanguage\":\"sv-SE\",\"potentialAction\":[{\"@type\":\"ReadAction\",\"target\":[\"https:\\\/\\\/lightweb.dev\\\/l\\\/svm-temp\\\/artiklar\\\/kultur\\\/blagult-tar-plats-pa-feria-internacional-de-los-paises\\\/\"]}]},{\"@type\":\"ImageObject\",\"inLanguage\":\"sv-SE\",\"@id\":\"https:\\\/\\\/lightweb.dev\\\/l\\\/svm-temp\\\/artiklar\\\/kultur\\\/blagult-tar-plats-pa-feria-internacional-de-los-paises\\\/#primaryimage\",\"url\":\"https:\\\/\\\/lightweb.dev\\\/l\\\/svm-temp\\\/wp-content\\\/uploads\\\/2024\\\/04\\\/IMG_3949-stor.jpeg\",\"contentUrl\":\"https:\\\/\\\/lightweb.dev\\\/l\\\/svm-temp\\\/wp-content\\\/uploads\\\/2024\\\/04\\\/IMG_3949-stor.jpeg\",\"width\":1280,\"height\":960},{\"@type\":\"BreadcrumbList\",\"@id\":\"https:\\\/\\\/lightweb.dev\\\/l\\\/svm-temp\\\/artiklar\\\/kultur\\\/blagult-tar-plats-pa-feria-internacional-de-los-paises\\\/#breadcrumb\",\"itemListElement\":[{\"@type\":\"ListItem\",\"position\":1,\"name\":\"Hem\",\"item\":\"https:\\\/\\\/lightweb.dev\\\/l\\\/svm-temp\\\/\"},{\"@type\":\"ListItem\",\"position\":2,\"name\":\"Bl\u00e5gult tar plats p\u00e5 Feria Internacional de los Pa\u00edses\"}]},{\"@type\":\"WebSite\",\"@id\":\"https:\\\/\\\/lightweb.dev\\\/l\\\/svm-temp\\\/#website\",\"url\":\"https:\\\/\\\/lightweb.dev\\\/l\\\/svm-temp\\\/\",\"name\":\"Svenska Magasinet\",\"description\":\"Dina Spanska nyheter p&aring; Svenska\",\"publisher\":{\"@id\":\"https:\\\/\\\/lightweb.dev\\\/l\\\/svm-temp\\\/#organization\"},\"potentialAction\":[{\"@type\":\"SearchAction\",\"target\":{\"@type\":\"EntryPoint\",\"urlTemplate\":\"https:\\\/\\\/lightweb.dev\\\/l\\\/svm-temp\\\/?s={search_term_string}\"},\"query-input\":{\"@type\":\"PropertyValueSpecification\",\"valueRequired\":true,\"valueName\":\"search_term_string\"}}],\"inLanguage\":\"sv-SE\"},{\"@type\":\"Organization\",\"@id\":\"https:\\\/\\\/lightweb.dev\\\/l\\\/svm-temp\\\/#organization\",\"name\":\"Melkerson y Nott SL\",\"alternateName\":\"Svenska Magasinet\",\"url\":\"https:\\\/\\\/lightweb.dev\\\/l\\\/svm-temp\\\/\",\"logo\":{\"@type\":\"ImageObject\",\"inLanguage\":\"sv-SE\",\"@id\":\"https:\\\/\\\/lightweb.dev\\\/l\\\/svm-temp\\\/#\\\/schema\\\/logo\\\/image\\\/\",\"url\":\"https:\\\/\\\/lightweb.dev\\\/l\\\/svm-temp\\\/wp-content\\\/uploads\\\/2025\\\/02\\\/SvM-logo-Xtra-Centrerad-SVART.png\",\"contentUrl\":\"https:\\\/\\\/lightweb.dev\\\/l\\\/svm-temp\\\/wp-content\\\/uploads\\\/2025\\\/02\\\/SvM-logo-Xtra-Centrerad-SVART.png\",\"width\":300,\"height\":99,\"caption\":\"Melkerson y Nott SL\"},\"image\":{\"@id\":\"https:\\\/\\\/lightweb.dev\\\/l\\\/svm-temp\\\/#\\\/schema\\\/logo\\\/image\\\/\"},\"sameAs\":[\"https:\\\/\\\/www.facebook.com\\\/svenskamagasinet\",\"https:\\\/\\\/x.com\\\/SvenskaMagasine\"]},{\"@type\":\"Person\",\"@id\":\"https:\\\/\\\/lightweb.dev\\\/l\\\/svm-temp\\\/#\\\/schema\\\/person\\\/7a82b8a73d171d32360a564b6d03508e\",\"name\":\"Ola Josefsson\",\"description\":\"Bevakar Solkusten och Spanien sedan 1994.\",\"sameAs\":[\"https:\\\/\\\/lightweb.dev\\\/l\\\/svm-temp\"],\"url\":\"https:\\\/\\\/lightweb.dev\\\/l\\\/svm-temp\\\/reporter\\\/ola-josefsson\\\/\"}]}<\/script>\n<!-- \/ Yoast SEO Premium plugin. -->","yoast_head_json":{"title":"Bl\u00e5gult tar plats p\u00e5 Feria Internacional de los Pa\u00edses - Svenska Magasinet","description":"P\u00e5 onsdagen startar Feria Internacional de los Pa\u00edses p\u00e5 feriaplatsen Recinto Ferial i Fuengirola och h\u00e5ller p\u00e5 till s\u00f6ndag. P\u00e5 tisdagen gjordes den sista finslipningen i den svenska casetan som ligger till h\u00f6ger i b\u00f6rjan p\u00e5 gatan med de olika l\u00e4ndernas casetor. Det blir den 28:e upplagan och 32 l\u00e4nder medverkar.","robots":{"index":"noindex","follow":"follow","max-snippet":"max-snippet:-1","max-image-preview":"max-image-preview:large","max-video-preview":"max-video-preview:-1"},"og_locale":"sv_SE","og_type":"article","og_title":"Bl\u00e5gult tar plats p\u00e5 Feria Internacional de los Pa\u00edses","og_description":"P\u00e5 onsdagen startar Feria Internacional de los Pa\u00edses p\u00e5 feriaplatsen Recinto Ferial i Fuengirola och h\u00e5ller p\u00e5 till s\u00f6ndag. P\u00e5 tisdagen gjordes den sista finslipningen i den svenska casetan som ligger till h\u00f6ger i b\u00f6rjan p\u00e5 gatan med de olika l\u00e4ndernas casetor. Det blir den 28:e upplagan och 32 l\u00e4nder medverkar.","og_url":"https:\/\/lightweb.dev\/l\/svm-temp\/artiklar\/kultur\/blagult-tar-plats-pa-feria-internacional-de-los-paises\/","og_site_name":"Svenska Magasinet","article_publisher":"https:\/\/www.facebook.com\/svenskamagasinet","article_published_time":"2024-04-30T10:15:44+00:00","article_modified_time":"2024-05-08T08:31:48+00:00","og_image":[{"width":1280,"height":960,"url":"https:\/\/lightweb.dev\/l\/svm-temp\/wp-content\/uploads\/2024\/04\/IMG_3949-stor.jpeg","type":"image\/jpeg"}],"author":"Ola Josefsson","twitter_card":"summary_large_image","twitter_creator":"@SvenskaMagasine","twitter_site":"@SvenskaMagasine","schema":{"@context":"https:\/\/schema.org","@graph":[{"@type":"Article","@id":"https:\/\/lightweb.dev\/l\/svm-temp\/artiklar\/kultur\/blagult-tar-plats-pa-feria-internacional-de-los-paises\/#article","isPartOf":{"@id":"https:\/\/lightweb.dev\/l\/svm-temp\/artiklar\/kultur\/blagult-tar-plats-pa-feria-internacional-de-los-paises\/"},"author":{"name":"Ola Josefsson","@id":"https:\/\/lightweb.dev\/l\/svm-temp\/#\/schema\/person\/7a82b8a73d171d32360a564b6d03508e"},"headline":"Bl\u00e5gult tar plats p\u00e5 Feria Internacional de los Pa\u00edses","datePublished":"2024-04-30T10:15:44+00:00","dateModified":"2024-05-08T08:31:48+00:00","mainEntityOfPage":{"@id":"https:\/\/lightweb.dev\/l\/svm-temp\/artiklar\/kultur\/blagult-tar-plats-pa-feria-internacional-de-los-paises\/"},"wordCount":718,"publisher":{"@id":"https:\/\/lightweb.dev\/l\/svm-temp\/#organization"},"image":{"@id":"https:\/\/lightweb.dev\/l\/svm-temp\/artiklar\/kultur\/blagult-tar-plats-pa-feria-internacional-de-los-paises\/#primaryimage"},"thumbnailUrl":"https:\/\/lightweb.dev\/l\/svm-temp\/wp-content\/uploads\/2024\/04\/IMG_3949-stor.jpeg","articleSection":["Artiklar","Kultur &amp; historia"],"inLanguage":"sv-SE"},{"@type":"WebPage","@id":"https:\/\/lightweb.dev\/l\/svm-temp\/artiklar\/kultur\/blagult-tar-plats-pa-feria-internacional-de-los-paises\/","url":"https:\/\/lightweb.dev\/l\/svm-temp\/artiklar\/kultur\/blagult-tar-plats-pa-feria-internacional-de-los-paises\/","name":"Bl\u00e5gult tar plats p\u00e5 Feria Internacional de los Pa\u00edses - Svenska Magasinet","isPartOf":{"@id":"https:\/\/lightweb.dev\/l\/svm-temp\/#website"},"primaryImageOfPage":{"@id":"https:\/\/lightweb.dev\/l\/svm-temp\/artiklar\/kultur\/blagult-tar-plats-pa-feria-internacional-de-los-paises\/#primaryimage"},"image":{"@id":"https:\/\/lightweb.dev\/l\/svm-temp\/artiklar\/kultur\/blagult-tar-plats-pa-feria-internacional-de-los-paises\/#primaryimage"},"thumbnailUrl":"https:\/\/lightweb.dev\/l\/svm-temp\/wp-content\/uploads\/2024\/04\/IMG_3949-stor.jpeg","datePublished":"2024-04-30T10:15:44+00:00","dateModified":"2024-05-08T08:31:48+00:00","description":"P\u00e5 onsdagen startar Feria Internacional de los Pa\u00edses p\u00e5 feriaplatsen Recinto Ferial i Fuengirola och h\u00e5ller p\u00e5 till s\u00f6ndag. P\u00e5 tisdagen gjordes den sista finslipningen i den svenska casetan som ligger till h\u00f6ger i b\u00f6rjan p\u00e5 gatan med de olika l\u00e4ndernas casetor. Det blir den 28:e upplagan och 32 l\u00e4nder medverkar.","breadcrumb":{"@id":"https:\/\/lightweb.dev\/l\/svm-temp\/artiklar\/kultur\/blagult-tar-plats-pa-feria-internacional-de-los-paises\/#breadcrumb"},"inLanguage":"sv-SE","potentialAction":[{"@type":"ReadAction","target":["https:\/\/lightweb.dev\/l\/svm-temp\/artiklar\/kultur\/blagult-tar-plats-pa-feria-internacional-de-los-paises\/"]}]},{"@type":"ImageObject","inLanguage":"sv-SE","@id":"https:\/\/lightweb.dev\/l\/svm-temp\/artiklar\/kultur\/blagult-tar-plats-pa-feria-internacional-de-los-paises\/#primaryimage","url":"https:\/\/lightweb.dev\/l\/svm-temp\/wp-content\/uploads\/2024\/04\/IMG_3949-stor.jpeg","contentUrl":"https:\/\/lightweb.dev\/l\/svm-temp\/wp-content\/uploads\/2024\/04\/IMG_3949-stor.jpeg","width":1280,"height":960},{"@type":"BreadcrumbList","@id":"https:\/\/lightweb.dev\/l\/svm-temp\/artiklar\/kultur\/blagult-tar-plats-pa-feria-internacional-de-los-paises\/#breadcrumb","itemListElement":[{"@type":"ListItem","position":1,"name":"Hem","item":"https:\/\/lightweb.dev\/l\/svm-temp\/"},{"@type":"ListItem","position":2,"name":"Bl\u00e5gult tar plats p\u00e5 Feria Internacional de los Pa\u00edses"}]},{"@type":"WebSite","@id":"https:\/\/lightweb.dev\/l\/svm-temp\/#website","url":"https:\/\/lightweb.dev\/l\/svm-temp\/","name":"Svenska Magasinet","description":"Dina Spanska nyheter p&aring; Svenska","publisher":{"@id":"https:\/\/lightweb.dev\/l\/svm-temp\/#organization"},"potentialAction":[{"@type":"SearchAction","target":{"@type":"EntryPoint","urlTemplate":"https:\/\/lightweb.dev\/l\/svm-temp\/?s={search_term_string}"},"query-input":{"@type":"PropertyValueSpecification","valueRequired":true,"valueName":"search_term_string"}}],"inLanguage":"sv-SE"},{"@type":"Organization","@id":"https:\/\/lightweb.dev\/l\/svm-temp\/#organization","name":"Melkerson y Nott SL","alternateName":"Svenska Magasinet","url":"https:\/\/lightweb.dev\/l\/svm-temp\/","logo":{"@type":"ImageObject","inLanguage":"sv-SE","@id":"https:\/\/lightweb.dev\/l\/svm-temp\/#\/schema\/logo\/image\/","url":"https:\/\/lightweb.dev\/l\/svm-temp\/wp-content\/uploads\/2025\/02\/SvM-logo-Xtra-Centrerad-SVART.png","contentUrl":"https:\/\/lightweb.dev\/l\/svm-temp\/wp-content\/uploads\/2025\/02\/SvM-logo-Xtra-Centrerad-SVART.png","width":300,"height":99,"caption":"Melkerson y Nott SL"},"image":{"@id":"https:\/\/lightweb.dev\/l\/svm-temp\/#\/schema\/logo\/image\/"},"sameAs":["https:\/\/www.facebook.com\/svenskamagasinet","https:\/\/x.com\/SvenskaMagasine"]},{"@type":"Person","@id":"https:\/\/lightweb.dev\/l\/svm-temp\/#\/schema\/person\/7a82b8a73d171d32360a564b6d03508e","name":"Ola Josefsson","description":"Bevakar Solkusten och Spanien sedan 1994.","sameAs":["https:\/\/lightweb.dev\/l\/svm-temp"],"url":"https:\/\/lightweb.dev\/l\/svm-temp\/reporter\/ola-josefsson\/"}]}},"_links":{"self":[{"href":"https:\/\/lightweb.dev\/l\/svm-temp\/wp-json\/wp\/v2\/posts\/71546","targetHints":{"allow":["GET"]}}],"collection":[{"href":"https:\/\/lightweb.dev\/l\/svm-temp\/wp-json\/wp\/v2\/posts"}],"about":[{"href":"https:\/\/lightweb.dev\/l\/svm-temp\/wp-json\/wp\/v2\/types\/post"}],"author":[{"embeddable":true,"href":"https:\/\/lightweb.dev\/l\/svm-temp\/wp-json\/wp\/v2\/users\/7"}],"replies":[{"embeddable":true,"href":"https:\/\/lightweb.dev\/l\/svm-temp\/wp-json\/wp\/v2\/comments?post=71546"}],"version-history":[{"count":0,"href":"https:\/\/lightweb.dev\/l\/svm-temp\/wp-json\/wp\/v2\/posts\/71546\/revisions"}],"wp:featuredmedia":[{"embeddable":true,"href":"https:\/\/lightweb.dev\/l\/svm-temp\/wp-json\/wp\/v2\/media\/71648"}],"wp:attachment":[{"href":"https:\/\/lightweb.dev\/l\/svm-temp\/wp-json\/wp\/v2\/media?parent=71546"}],"wp:term":[{"taxonomy":"category","embeddable":true,"href":"https:\/\/lightweb.dev\/l\/svm-temp\/wp-json\/wp\/v2\/categories?post=71546"},{"taxonomy":"post_tag","embeddable":true,"href":"https:\/\/lightweb.dev\/l\/svm-temp\/wp-json\/wp\/v2\/tags?post=71546"}],"curies":[{"name":"wp","href":"https:\/\/api.w.org\/{rel}","templated":true}]}}