{"id":71919,"date":"2024-05-12T22:30:44","date_gmt":"2024-05-12T20:30:44","guid":{"rendered":"https:\/\/lightweb.dev\/l\/svm-temp\/?p=71919"},"modified":"2024-05-13T09:23:16","modified_gmt":"2024-05-13T07:23:16","slug":"katalanska-separatistpartier-backar-salvador-illa-vinner-katalanskt-regionval","status":"publish","type":"post","link":"https:\/\/lightweb.dev\/l\/svm-temp\/nyheter\/katalanska-separatistpartier-backar-salvador-illa-vinner-katalanskt-regionval\/","title":{"rendered":"Katalanska separatistpartier backar \u2013 Salvador Illa vinner katalanskt regionval"},"content":{"rendered":"<p><strong>Det regionala katalanska socialistpartiet PSC blir st\u00f6rsta parti och partiledaren Salvador Illa f\u00e5r uppdrag att bilda regionregering. Samtidigt \u00f6kar Partido Popular med tolv mandat till 15 medan Vox f\u00e5r elva mandat.<\/strong><\/p>\n<p><strong>De katalanska separatistpartierna f\u00e5r ingen majoritet. Totalt fick de 61 mandat vid s\u00f6ndagens val j\u00e4mf\u00f6rt med 74 mandat vid regionvalet 2021.<\/strong><\/p>\n<p>Omkring 5,7 miljoner inv\u00e5nare i Katalonien var r\u00f6stber\u00e4ttigade n\u00e4r Katalonien h\u00f6ll regionval p\u00e5 s\u00f6ndagen. Samtliga opinionsunders\u00f6kningar visade att Salvador Illa, partiledare f\u00f6r regionala socialdemokratiska PSC vinner valet f\u00f6ljt av Carles Puigdemont (JxCat) och ERC.<\/p>\n<p>S\u00f6ndagens valresultat visar att st\u00f6det totalt viker f\u00f6r de katalanska separatistpartierna. Det \u00e4r framf\u00f6r allt republikanska v\u00e4nsterpartiet Esquerra Republicana (ERC) som f\u00e5r tretton f\u00e4rre mandat j\u00e4mf\u00f6rt med f\u00f6rra valet. \u00c4ven Comuns och CUP backar med tv\u00e5 respektive fem mandat.<\/p>\n<p>Den katalanska h\u00f6geralliansen Junts \u00f6kar med tre mandat till 35. Den katalanska ytterkantsh\u00f6gern Alianza Cat f\u00e5r tv\u00e5 mandat.<\/p>\n<p>Socialisterna vinner det katalanska valet f\u00f6r f\u00f6rsta g\u00e5ngen och f\u00e5r 42 mandat (+9) vilket \u00e4r en klar f\u00f6rb\u00e4ttring j\u00e4mf\u00f6rt med valet 2021. Det visar resultatet n\u00e4r 98,93 procent av r\u00f6sterna var r\u00e4knade.<\/p>\n<p>&#8211; Mer \u00e4n 950000 r\u00f6ster och 42 mandat, f\u00f6r f\u00f6rsta g\u00e5ngen i v\u00e5r historia blir vi st\u00f6rsta parti i Katalonien. Katalanerna har \u00f6ppna en ny d\u00f6rr med nya m\u00f6jligheter mycket p\u00e5 grund av den politik som f\u00f6rts av Spaniens centralregering och Pedro S\u00e1nchez. Jag kommer att meddela mitt beslut att kandidera till posten som regionpresident, s\u00e4ger Salvador Illa.<\/p>\n<p>F\u00f6r den regionala socialistledaren Salvador Illa v\u00e4ntar nu en mycket sv\u00e5r samtalsrunda f\u00f6r att bilda regionregering och f\u00e5 tillr\u00e4ckligt med mandat, 68.<\/p>\n<p>Salvador Illa kommer att s\u00f6ka st\u00f6d hos republikanska katalanska v\u00e4nsterpartiet ERC och Commons som \u00e4r den mest troliga koalitionen. Men v\u00e4gen f\u00f6r att n\u00e5 dit beskrivs som sv\u00e5r och krokig. En ny politisk os\u00e4kerhet v\u00e4ntar som mycket v\u00e4l kan utmynna i ett \u00e4nnu ett val.<\/p>\n<p>I Kataloniens parlament \u00e4r det 135 platser. Det kr\u00e4vs 68 mandat f\u00f6r att f\u00e5 majoritet.<\/p>\n<p>Noterbart \u00e4r att det liberala partiet Ciudadanos som startade f\u00f6r 18 \u00e5r sedan och blev det st\u00f6rsta partiet vid det katalanska regionvalet 2017 med 36 mandat bara fick 0,72 procent av r\u00f6sterna vid valet p\u00e5 s\u00f6ndagen och blir utan mandat.<\/p>\n","protected":false},"excerpt":{"rendered":"<p>Det regionala katalanska socialistpartiet PSC blir st\u00f6rsta parti och partiledaren Salvador Illa f\u00e5r uppdrag att bilda regionregering. Samtidigt \u00f6kar Partido Popular med tolv mandat till 15 medan Vox f\u00e5r elva mandat. De katalanska separatistpartierna f\u00e5r ingen majoritet&#8230;<\/p>\n","protected":false},"author":7,"featured_media":71920,"comment_status":"closed","ping_status":"closed","sticky":false,"template":"","format":"standard","meta":{"_et_pb_use_builder":"","_et_pb_old_content":"","_et_gb_content_width":"","footnotes":""},"categories":[395,3],"tags":[],"class_list":["post-71919","post","type-post","status-publish","format-standard","has-post-thumbnail","hentry","category-arkiv-nyheter","category-nyheter"],"yoast_head":"<!-- This site is optimized with the Yoast SEO Premium plugin v26.2 (Yoast SEO v27.4) - https:\/\/yoast.com\/product\/yoast-seo-premium-wordpress\/ -->\n<title>Katalanska separatistpartier backar \u2013 Salvador Illa vinner katalanskt regionval - Svenska Magasinet<\/title>\n<meta name=\"description\" content=\"Det regionala katalanska socialistpartiet PSC blir st\u00f6rsta parti och partiledaren Salvador Illa f\u00e5r uppdrag att bilda regionregering. Samtidigt \u00f6kar Partido Popular med tolv mandat till 15 medan Vox f\u00e5r elva mandat. De katalanska separatistpartierna f\u00e5r ingen majoritet.\" \/>\n<meta name=\"robots\" content=\"noindex, follow, max-snippet:-1, max-image-preview:large, max-video-preview:-1\" \/>\n<meta property=\"og:locale\" content=\"sv_SE\" \/>\n<meta property=\"og:type\" content=\"article\" \/>\n<meta property=\"og:title\" content=\"Katalanska separatistpartier backar \u2013 Salvador Illa vinner katalanskt regionval\" \/>\n<meta property=\"og:description\" content=\"Det regionala katalanska socialistpartiet PSC blir st\u00f6rsta parti och partiledaren Salvador Illa f\u00e5r uppdrag att bilda regionregering. Samtidigt \u00f6kar Partido Popular med tolv mandat till 15 medan Vox f\u00e5r elva mandat. De katalanska separatistpartierna f\u00e5r ingen majoritet.\" \/>\n<meta property=\"og:url\" content=\"https:\/\/lightweb.dev\/l\/svm-temp\/nyheter\/katalanska-separatistpartier-backar-salvador-illa-vinner-katalanskt-regionval\/\" \/>\n<meta property=\"og:site_name\" content=\"Svenska Magasinet\" \/>\n<meta property=\"article:publisher\" content=\"https:\/\/www.facebook.com\/svenskamagasinet\" \/>\n<meta property=\"article:published_time\" content=\"2024-05-12T20:30:44+00:00\" \/>\n<meta property=\"article:modified_time\" content=\"2024-05-13T07:23:16+00:00\" \/>\n<meta property=\"og:image\" content=\"https:\/\/lightweb.dev\/l\/svm-temp\/wp-content\/uploads\/2024\/05\/GNP6v4nW4AAMd9n-stor.jpeg\" \/>\n\t<meta property=\"og:image:width\" content=\"1280\" \/>\n\t<meta property=\"og:image:height\" content=\"854\" \/>\n\t<meta property=\"og:image:type\" content=\"image\/jpeg\" \/>\n<meta name=\"author\" content=\"Ola Josefsson\" \/>\n<meta name=\"twitter:card\" content=\"summary_large_image\" \/>\n<meta name=\"twitter:creator\" content=\"@SvenskaMagasine\" \/>\n<meta name=\"twitter:site\" content=\"@SvenskaMagasine\" \/>\n<script type=\"application\/ld+json\" class=\"yoast-schema-graph\">{\"@context\":\"https:\\\/\\\/schema.org\",\"@graph\":[{\"@type\":\"Article\",\"@id\":\"https:\\\/\\\/lightweb.dev\\\/l\\\/svm-temp\\\/nyheter\\\/katalanska-separatistpartier-backar-salvador-illa-vinner-katalanskt-regionval\\\/#article\",\"isPartOf\":{\"@id\":\"https:\\\/\\\/lightweb.dev\\\/l\\\/svm-temp\\\/nyheter\\\/katalanska-separatistpartier-backar-salvador-illa-vinner-katalanskt-regionval\\\/\"},\"author\":{\"name\":\"Ola Josefsson\",\"@id\":\"https:\\\/\\\/lightweb.dev\\\/l\\\/svm-temp\\\/#\\\/schema\\\/person\\\/7a82b8a73d171d32360a564b6d03508e\"},\"headline\":\"Katalanska separatistpartier backar \u2013 Salvador Illa vinner katalanskt regionval\",\"datePublished\":\"2024-05-12T20:30:44+00:00\",\"dateModified\":\"2024-05-13T07:23:16+00:00\",\"mainEntityOfPage\":{\"@id\":\"https:\\\/\\\/lightweb.dev\\\/l\\\/svm-temp\\\/nyheter\\\/katalanska-separatistpartier-backar-salvador-illa-vinner-katalanskt-regionval\\\/\"},\"wordCount\":415,\"publisher\":{\"@id\":\"https:\\\/\\\/lightweb.dev\\\/l\\\/svm-temp\\\/#organization\"},\"image\":{\"@id\":\"https:\\\/\\\/lightweb.dev\\\/l\\\/svm-temp\\\/nyheter\\\/katalanska-separatistpartier-backar-salvador-illa-vinner-katalanskt-regionval\\\/#primaryimage\"},\"thumbnailUrl\":\"https:\\\/\\\/lightweb.dev\\\/l\\\/svm-temp\\\/wp-content\\\/uploads\\\/2024\\\/05\\\/GNP6v4nW4AAMd9n-stor.jpeg\",\"articleSection\":[\"Arkiv\",\"Nyheter\"],\"inLanguage\":\"sv-SE\"},{\"@type\":\"WebPage\",\"@id\":\"https:\\\/\\\/lightweb.dev\\\/l\\\/svm-temp\\\/nyheter\\\/katalanska-separatistpartier-backar-salvador-illa-vinner-katalanskt-regionval\\\/\",\"url\":\"https:\\\/\\\/lightweb.dev\\\/l\\\/svm-temp\\\/nyheter\\\/katalanska-separatistpartier-backar-salvador-illa-vinner-katalanskt-regionval\\\/\",\"name\":\"Katalanska separatistpartier backar \u2013 Salvador Illa vinner katalanskt regionval - Svenska Magasinet\",\"isPartOf\":{\"@id\":\"https:\\\/\\\/lightweb.dev\\\/l\\\/svm-temp\\\/#website\"},\"primaryImageOfPage\":{\"@id\":\"https:\\\/\\\/lightweb.dev\\\/l\\\/svm-temp\\\/nyheter\\\/katalanska-separatistpartier-backar-salvador-illa-vinner-katalanskt-regionval\\\/#primaryimage\"},\"image\":{\"@id\":\"https:\\\/\\\/lightweb.dev\\\/l\\\/svm-temp\\\/nyheter\\\/katalanska-separatistpartier-backar-salvador-illa-vinner-katalanskt-regionval\\\/#primaryimage\"},\"thumbnailUrl\":\"https:\\\/\\\/lightweb.dev\\\/l\\\/svm-temp\\\/wp-content\\\/uploads\\\/2024\\\/05\\\/GNP6v4nW4AAMd9n-stor.jpeg\",\"datePublished\":\"2024-05-12T20:30:44+00:00\",\"dateModified\":\"2024-05-13T07:23:16+00:00\",\"description\":\"Det regionala katalanska socialistpartiet PSC blir st\u00f6rsta parti och partiledaren Salvador Illa f\u00e5r uppdrag att bilda regionregering. Samtidigt \u00f6kar Partido Popular med tolv mandat till 15 medan Vox f\u00e5r elva mandat. De katalanska separatistpartierna f\u00e5r ingen majoritet.\",\"breadcrumb\":{\"@id\":\"https:\\\/\\\/lightweb.dev\\\/l\\\/svm-temp\\\/nyheter\\\/katalanska-separatistpartier-backar-salvador-illa-vinner-katalanskt-regionval\\\/#breadcrumb\"},\"inLanguage\":\"sv-SE\",\"potentialAction\":[{\"@type\":\"ReadAction\",\"target\":[\"https:\\\/\\\/lightweb.dev\\\/l\\\/svm-temp\\\/nyheter\\\/katalanska-separatistpartier-backar-salvador-illa-vinner-katalanskt-regionval\\\/\"]}]},{\"@type\":\"ImageObject\",\"inLanguage\":\"sv-SE\",\"@id\":\"https:\\\/\\\/lightweb.dev\\\/l\\\/svm-temp\\\/nyheter\\\/katalanska-separatistpartier-backar-salvador-illa-vinner-katalanskt-regionval\\\/#primaryimage\",\"url\":\"https:\\\/\\\/lightweb.dev\\\/l\\\/svm-temp\\\/wp-content\\\/uploads\\\/2024\\\/05\\\/GNP6v4nW4AAMd9n-stor.jpeg\",\"contentUrl\":\"https:\\\/\\\/lightweb.dev\\\/l\\\/svm-temp\\\/wp-content\\\/uploads\\\/2024\\\/05\\\/GNP6v4nW4AAMd9n-stor.jpeg\",\"width\":1280,\"height\":854,\"caption\":\"Katalanska socialistpartiet PSC blir st\u00f6rsta parti med partiledaren Salvador Illa.\"},{\"@type\":\"BreadcrumbList\",\"@id\":\"https:\\\/\\\/lightweb.dev\\\/l\\\/svm-temp\\\/nyheter\\\/katalanska-separatistpartier-backar-salvador-illa-vinner-katalanskt-regionval\\\/#breadcrumb\",\"itemListElement\":[{\"@type\":\"ListItem\",\"position\":1,\"name\":\"Hem\",\"item\":\"https:\\\/\\\/lightweb.dev\\\/l\\\/svm-temp\\\/\"},{\"@type\":\"ListItem\",\"position\":2,\"name\":\"Katalanska separatistpartier backar \u2013 Salvador Illa vinner katalanskt regionval\"}]},{\"@type\":\"WebSite\",\"@id\":\"https:\\\/\\\/lightweb.dev\\\/l\\\/svm-temp\\\/#website\",\"url\":\"https:\\\/\\\/lightweb.dev\\\/l\\\/svm-temp\\\/\",\"name\":\"Svenska Magasinet\",\"description\":\"Dina Spanska nyheter p&aring; Svenska\",\"publisher\":{\"@id\":\"https:\\\/\\\/lightweb.dev\\\/l\\\/svm-temp\\\/#organization\"},\"potentialAction\":[{\"@type\":\"SearchAction\",\"target\":{\"@type\":\"EntryPoint\",\"urlTemplate\":\"https:\\\/\\\/lightweb.dev\\\/l\\\/svm-temp\\\/?s={search_term_string}\"},\"query-input\":{\"@type\":\"PropertyValueSpecification\",\"valueRequired\":true,\"valueName\":\"search_term_string\"}}],\"inLanguage\":\"sv-SE\"},{\"@type\":\"Organization\",\"@id\":\"https:\\\/\\\/lightweb.dev\\\/l\\\/svm-temp\\\/#organization\",\"name\":\"Melkerson y Nott SL\",\"alternateName\":\"Svenska Magasinet\",\"url\":\"https:\\\/\\\/lightweb.dev\\\/l\\\/svm-temp\\\/\",\"logo\":{\"@type\":\"ImageObject\",\"inLanguage\":\"sv-SE\",\"@id\":\"https:\\\/\\\/lightweb.dev\\\/l\\\/svm-temp\\\/#\\\/schema\\\/logo\\\/image\\\/\",\"url\":\"https:\\\/\\\/lightweb.dev\\\/l\\\/svm-temp\\\/wp-content\\\/uploads\\\/2025\\\/02\\\/SvM-logo-Xtra-Centrerad-SVART.png\",\"contentUrl\":\"https:\\\/\\\/lightweb.dev\\\/l\\\/svm-temp\\\/wp-content\\\/uploads\\\/2025\\\/02\\\/SvM-logo-Xtra-Centrerad-SVART.png\",\"width\":300,\"height\":99,\"caption\":\"Melkerson y Nott SL\"},\"image\":{\"@id\":\"https:\\\/\\\/lightweb.dev\\\/l\\\/svm-temp\\\/#\\\/schema\\\/logo\\\/image\\\/\"},\"sameAs\":[\"https:\\\/\\\/www.facebook.com\\\/svenskamagasinet\",\"https:\\\/\\\/x.com\\\/SvenskaMagasine\"]},{\"@type\":\"Person\",\"@id\":\"https:\\\/\\\/lightweb.dev\\\/l\\\/svm-temp\\\/#\\\/schema\\\/person\\\/7a82b8a73d171d32360a564b6d03508e\",\"name\":\"Ola Josefsson\",\"description\":\"Bevakar Solkusten och Spanien sedan 1994.\",\"sameAs\":[\"https:\\\/\\\/lightweb.dev\\\/l\\\/svm-temp\"],\"url\":\"https:\\\/\\\/lightweb.dev\\\/l\\\/svm-temp\\\/reporter\\\/ola-josefsson\\\/\"}]}<\/script>\n<!-- \/ Yoast SEO Premium plugin. -->","yoast_head_json":{"title":"Katalanska separatistpartier backar \u2013 Salvador Illa vinner katalanskt regionval - Svenska Magasinet","description":"Det regionala katalanska socialistpartiet PSC blir st\u00f6rsta parti och partiledaren Salvador Illa f\u00e5r uppdrag att bilda regionregering. Samtidigt \u00f6kar Partido Popular med tolv mandat till 15 medan Vox f\u00e5r elva mandat. De katalanska separatistpartierna f\u00e5r ingen majoritet.","robots":{"index":"noindex","follow":"follow","max-snippet":"max-snippet:-1","max-image-preview":"max-image-preview:large","max-video-preview":"max-video-preview:-1"},"og_locale":"sv_SE","og_type":"article","og_title":"Katalanska separatistpartier backar \u2013 Salvador Illa vinner katalanskt regionval","og_description":"Det regionala katalanska socialistpartiet PSC blir st\u00f6rsta parti och partiledaren Salvador Illa f\u00e5r uppdrag att bilda regionregering. Samtidigt \u00f6kar Partido Popular med tolv mandat till 15 medan Vox f\u00e5r elva mandat. De katalanska separatistpartierna f\u00e5r ingen majoritet.","og_url":"https:\/\/lightweb.dev\/l\/svm-temp\/nyheter\/katalanska-separatistpartier-backar-salvador-illa-vinner-katalanskt-regionval\/","og_site_name":"Svenska Magasinet","article_publisher":"https:\/\/www.facebook.com\/svenskamagasinet","article_published_time":"2024-05-12T20:30:44+00:00","article_modified_time":"2024-05-13T07:23:16+00:00","og_image":[{"width":1280,"height":854,"url":"https:\/\/lightweb.dev\/l\/svm-temp\/wp-content\/uploads\/2024\/05\/GNP6v4nW4AAMd9n-stor.jpeg","type":"image\/jpeg"}],"author":"Ola Josefsson","twitter_card":"summary_large_image","twitter_creator":"@SvenskaMagasine","twitter_site":"@SvenskaMagasine","schema":{"@context":"https:\/\/schema.org","@graph":[{"@type":"Article","@id":"https:\/\/lightweb.dev\/l\/svm-temp\/nyheter\/katalanska-separatistpartier-backar-salvador-illa-vinner-katalanskt-regionval\/#article","isPartOf":{"@id":"https:\/\/lightweb.dev\/l\/svm-temp\/nyheter\/katalanska-separatistpartier-backar-salvador-illa-vinner-katalanskt-regionval\/"},"author":{"name":"Ola Josefsson","@id":"https:\/\/lightweb.dev\/l\/svm-temp\/#\/schema\/person\/7a82b8a73d171d32360a564b6d03508e"},"headline":"Katalanska separatistpartier backar \u2013 Salvador Illa vinner katalanskt regionval","datePublished":"2024-05-12T20:30:44+00:00","dateModified":"2024-05-13T07:23:16+00:00","mainEntityOfPage":{"@id":"https:\/\/lightweb.dev\/l\/svm-temp\/nyheter\/katalanska-separatistpartier-backar-salvador-illa-vinner-katalanskt-regionval\/"},"wordCount":415,"publisher":{"@id":"https:\/\/lightweb.dev\/l\/svm-temp\/#organization"},"image":{"@id":"https:\/\/lightweb.dev\/l\/svm-temp\/nyheter\/katalanska-separatistpartier-backar-salvador-illa-vinner-katalanskt-regionval\/#primaryimage"},"thumbnailUrl":"https:\/\/lightweb.dev\/l\/svm-temp\/wp-content\/uploads\/2024\/05\/GNP6v4nW4AAMd9n-stor.jpeg","articleSection":["Arkiv","Nyheter"],"inLanguage":"sv-SE"},{"@type":"WebPage","@id":"https:\/\/lightweb.dev\/l\/svm-temp\/nyheter\/katalanska-separatistpartier-backar-salvador-illa-vinner-katalanskt-regionval\/","url":"https:\/\/lightweb.dev\/l\/svm-temp\/nyheter\/katalanska-separatistpartier-backar-salvador-illa-vinner-katalanskt-regionval\/","name":"Katalanska separatistpartier backar \u2013 Salvador Illa vinner katalanskt regionval - Svenska Magasinet","isPartOf":{"@id":"https:\/\/lightweb.dev\/l\/svm-temp\/#website"},"primaryImageOfPage":{"@id":"https:\/\/lightweb.dev\/l\/svm-temp\/nyheter\/katalanska-separatistpartier-backar-salvador-illa-vinner-katalanskt-regionval\/#primaryimage"},"image":{"@id":"https:\/\/lightweb.dev\/l\/svm-temp\/nyheter\/katalanska-separatistpartier-backar-salvador-illa-vinner-katalanskt-regionval\/#primaryimage"},"thumbnailUrl":"https:\/\/lightweb.dev\/l\/svm-temp\/wp-content\/uploads\/2024\/05\/GNP6v4nW4AAMd9n-stor.jpeg","datePublished":"2024-05-12T20:30:44+00:00","dateModified":"2024-05-13T07:23:16+00:00","description":"Det regionala katalanska socialistpartiet PSC blir st\u00f6rsta parti och partiledaren Salvador Illa f\u00e5r uppdrag att bilda regionregering. Samtidigt \u00f6kar Partido Popular med tolv mandat till 15 medan Vox f\u00e5r elva mandat. De katalanska separatistpartierna f\u00e5r ingen majoritet.","breadcrumb":{"@id":"https:\/\/lightweb.dev\/l\/svm-temp\/nyheter\/katalanska-separatistpartier-backar-salvador-illa-vinner-katalanskt-regionval\/#breadcrumb"},"inLanguage":"sv-SE","potentialAction":[{"@type":"ReadAction","target":["https:\/\/lightweb.dev\/l\/svm-temp\/nyheter\/katalanska-separatistpartier-backar-salvador-illa-vinner-katalanskt-regionval\/"]}]},{"@type":"ImageObject","inLanguage":"sv-SE","@id":"https:\/\/lightweb.dev\/l\/svm-temp\/nyheter\/katalanska-separatistpartier-backar-salvador-illa-vinner-katalanskt-regionval\/#primaryimage","url":"https:\/\/lightweb.dev\/l\/svm-temp\/wp-content\/uploads\/2024\/05\/GNP6v4nW4AAMd9n-stor.jpeg","contentUrl":"https:\/\/lightweb.dev\/l\/svm-temp\/wp-content\/uploads\/2024\/05\/GNP6v4nW4AAMd9n-stor.jpeg","width":1280,"height":854,"caption":"Katalanska socialistpartiet PSC blir st\u00f6rsta parti med partiledaren Salvador Illa."},{"@type":"BreadcrumbList","@id":"https:\/\/lightweb.dev\/l\/svm-temp\/nyheter\/katalanska-separatistpartier-backar-salvador-illa-vinner-katalanskt-regionval\/#breadcrumb","itemListElement":[{"@type":"ListItem","position":1,"name":"Hem","item":"https:\/\/lightweb.dev\/l\/svm-temp\/"},{"@type":"ListItem","position":2,"name":"Katalanska separatistpartier backar \u2013 Salvador Illa vinner katalanskt regionval"}]},{"@type":"WebSite","@id":"https:\/\/lightweb.dev\/l\/svm-temp\/#website","url":"https:\/\/lightweb.dev\/l\/svm-temp\/","name":"Svenska Magasinet","description":"Dina Spanska nyheter p&aring; Svenska","publisher":{"@id":"https:\/\/lightweb.dev\/l\/svm-temp\/#organization"},"potentialAction":[{"@type":"SearchAction","target":{"@type":"EntryPoint","urlTemplate":"https:\/\/lightweb.dev\/l\/svm-temp\/?s={search_term_string}"},"query-input":{"@type":"PropertyValueSpecification","valueRequired":true,"valueName":"search_term_string"}}],"inLanguage":"sv-SE"},{"@type":"Organization","@id":"https:\/\/lightweb.dev\/l\/svm-temp\/#organization","name":"Melkerson y Nott SL","alternateName":"Svenska Magasinet","url":"https:\/\/lightweb.dev\/l\/svm-temp\/","logo":{"@type":"ImageObject","inLanguage":"sv-SE","@id":"https:\/\/lightweb.dev\/l\/svm-temp\/#\/schema\/logo\/image\/","url":"https:\/\/lightweb.dev\/l\/svm-temp\/wp-content\/uploads\/2025\/02\/SvM-logo-Xtra-Centrerad-SVART.png","contentUrl":"https:\/\/lightweb.dev\/l\/svm-temp\/wp-content\/uploads\/2025\/02\/SvM-logo-Xtra-Centrerad-SVART.png","width":300,"height":99,"caption":"Melkerson y Nott SL"},"image":{"@id":"https:\/\/lightweb.dev\/l\/svm-temp\/#\/schema\/logo\/image\/"},"sameAs":["https:\/\/www.facebook.com\/svenskamagasinet","https:\/\/x.com\/SvenskaMagasine"]},{"@type":"Person","@id":"https:\/\/lightweb.dev\/l\/svm-temp\/#\/schema\/person\/7a82b8a73d171d32360a564b6d03508e","name":"Ola Josefsson","description":"Bevakar Solkusten och Spanien sedan 1994.","sameAs":["https:\/\/lightweb.dev\/l\/svm-temp"],"url":"https:\/\/lightweb.dev\/l\/svm-temp\/reporter\/ola-josefsson\/"}]}},"_links":{"self":[{"href":"https:\/\/lightweb.dev\/l\/svm-temp\/wp-json\/wp\/v2\/posts\/71919","targetHints":{"allow":["GET"]}}],"collection":[{"href":"https:\/\/lightweb.dev\/l\/svm-temp\/wp-json\/wp\/v2\/posts"}],"about":[{"href":"https:\/\/lightweb.dev\/l\/svm-temp\/wp-json\/wp\/v2\/types\/post"}],"author":[{"embeddable":true,"href":"https:\/\/lightweb.dev\/l\/svm-temp\/wp-json\/wp\/v2\/users\/7"}],"replies":[{"embeddable":true,"href":"https:\/\/lightweb.dev\/l\/svm-temp\/wp-json\/wp\/v2\/comments?post=71919"}],"version-history":[{"count":0,"href":"https:\/\/lightweb.dev\/l\/svm-temp\/wp-json\/wp\/v2\/posts\/71919\/revisions"}],"wp:featuredmedia":[{"embeddable":true,"href":"https:\/\/lightweb.dev\/l\/svm-temp\/wp-json\/wp\/v2\/media\/71920"}],"wp:attachment":[{"href":"https:\/\/lightweb.dev\/l\/svm-temp\/wp-json\/wp\/v2\/media?parent=71919"}],"wp:term":[{"taxonomy":"category","embeddable":true,"href":"https:\/\/lightweb.dev\/l\/svm-temp\/wp-json\/wp\/v2\/categories?post=71919"},{"taxonomy":"post_tag","embeddable":true,"href":"https:\/\/lightweb.dev\/l\/svm-temp\/wp-json\/wp\/v2\/tags?post=71919"}],"curies":[{"name":"wp","href":"https:\/\/api.w.org\/{rel}","templated":true}]}}