{"id":71936,"date":"2024-05-13T10:04:27","date_gmt":"2024-05-13T08:04:27","guid":{"rendered":"https:\/\/lightweb.dev\/l\/svm-temp\/?p=71936"},"modified":"2024-05-13T10:05:11","modified_gmt":"2024-05-13T08:05:11","slug":"solkusten-dronartaxi-kan-bli-verklighet-om-nagra-ar","status":"publish","type":"post","link":"https:\/\/lightweb.dev\/l\/svm-temp\/nyheter\/solkusten-dronartaxi-kan-bli-verklighet-om-nagra-ar\/","title":{"rendered":"Solkusten: Dr\u00f6nartaxi kan bli verklighet om n\u00e5gra \u00e5r"},"content":{"rendered":"<p><strong>M\u00e1laga flygplats-Marbella p\u00e5 15 minuter. Om bara n\u00e5gra \u00e5r kan Solkusten ha flygande elektriska dr\u00f6nartaxi.<\/strong><\/p>\n<p><strong>Redan i mitten av 2025 inleds testflygningar med pilot men m\u00e5let \u00e4r f\u00f6rarl\u00f6s dr\u00f6nartaxi.<\/strong><\/p>\n<p>Det \u00e4r det spanska statliga flygnavigeringsbolaget Enaire som samordnar lufttrafiken \u00f6ver Spanien som har utsett M\u00e1laga flygplats och Solkusten till ett f\u00f6rs\u00f6ksprojekt.<\/p>\n<p>&#8211; Vi i M\u00e1laga r\u00e4ckte genast upp handen och ville vara med n\u00e4r vi h\u00f6rde om projektet, s\u00e4ger Ra\u00fal Delgado, chef f\u00f6r kontrolltornet.<\/p>\n<p>Flygledningen vid M\u00e1laga-tornet deltar i tv\u00e5 projekt i Europa varav det f\u00f6rsta \u00e4r inriktat p\u00e5 att studera samexistensen av traditionell och ny flygnavigering. Det g\u00e5r under namnet Ensure som ska styra dr\u00f6nartrafiken. H\u00e4r utvecklas nu rutiner, lagstiftning och teknik f\u00f6r att underl\u00e4tta samexistens mellan dr\u00f6nare och flygplan.<\/p>\n<p>Det andra projektet g\u00e5r under namnet OperaA.<\/p>\n<p>&#8211; H\u00e4r tittar vi p\u00e5 hur flygplatsen kan kopplas samman med stadsk\u00e4rnor d\u00e4r dr\u00f6nartaxi praktiskt taget h\u00e4mtar fr\u00e5n d\u00f6rr till d\u00f6rr, s\u00e5 att de tv\u00e5 systemen kan samexistera s\u00e4kert, s\u00e4ger Ra\u00fal Delgado till <a href=\"https:\/\/www.diariosur.es\/malaga\/aeropuerto-malaga-prepara-taxi-drones-pasajeros-20240503135315-nt.html#vtm_modulosEngag=lomas::noticia:1\">Diario Sur<\/a> som i l\u00f6rdagens nummer uppm\u00e4rksammade den kommande tj\u00e4nsten dr\u00f6nartaxi.<\/p>\n<div id=\"attachment_71938\" style=\"width: 310px\" class=\"wp-caption alignleft\"><img loading=\"lazy\" decoding=\"async\" aria-describedby=\"caption-attachment-71938\" class=\"size-medium wp-image-71938\" src=\"https:\/\/lightweb.dev\/l\/svm-temp\/wp-content\/uploads\/2024\/05\/Lilium-Jet-interior-stor-300x200.jpeg\" alt=\"\" width=\"300\" height=\"200\" srcset=\"https:\/\/lightweb.dev\/l\/svm-temp\/wp-content\/uploads\/2024\/05\/Lilium-Jet-interior-stor-300x200.jpeg 300w, https:\/\/lightweb.dev\/l\/svm-temp\/wp-content\/uploads\/2024\/05\/Lilium-Jet-interior-stor-900x600.jpeg 900w, https:\/\/lightweb.dev\/l\/svm-temp\/wp-content\/uploads\/2024\/05\/Lilium-Jet-interior-stor-768x512.jpeg 768w, https:\/\/lightweb.dev\/l\/svm-temp\/wp-content\/uploads\/2024\/05\/Lilium-Jet-interior-stor-610x407.jpeg 610w, https:\/\/lightweb.dev\/l\/svm-temp\/wp-content\/uploads\/2024\/05\/Lilium-Jet-interior-stor-1080x721.jpeg 1080w, https:\/\/lightweb.dev\/l\/svm-temp\/wp-content\/uploads\/2024\/05\/Lilium-Jet-interior-stor-600x400.jpeg 600w, https:\/\/lightweb.dev\/l\/svm-temp\/wp-content\/uploads\/2024\/05\/Lilium-Jet-interior-stor.jpeg 1280w\" sizes=\"(max-width: 300px) 100vw, 300px\" \/><p id=\"caption-attachment-71938\" class=\"wp-caption-text\">(Foto: Lilium)<\/p><\/div>\n<p>I projektet OperA ing\u00e5r det \u00e4ven att bygga en s\u00e5 kallad \u201dvertipuerto\u201d, dr\u00f6narplatta p\u00e5 M\u00e1laga flygplats med h\u00f6geffektiv laddning.<\/p>\n<p>Det tyska f\u00f6retaget Lilium som startade i M\u00fcnchen 2015 \u00e4r redan ig\u00e5ng med ett testcenter i Villacarrillo (Ja\u00e9n) i Andalusien.<\/p>\n<p>Lilium Jet \u00e4r 100 procent elfordon som lyfter och landar vertikalt. Den har kapacitet f\u00f6r fyra till sex passagerare, marschhastigheten \u00e4r 280 kilometer i timmen och den har en r\u00e4ckvidd som g\u00f6r att den kan f\u00e4rdas cirka 250 kilometer.<\/p>\n<p>Den n\u00e5r en marschh\u00f6jd p\u00e5 3000 meter och bulleravtryck \u00e4r sju g\u00e5nger mindre \u00e4n andra liknande flygplan.<\/p>\n<p>Inledningsvis kommer dr\u00f6nartaxi att bemannas av en pilot, \u00e4ven om man p\u00e5 medell\u00e5ng sikt f\u00f6rv\u00e4ntar sig att de kommer att bli f\u00f6rarl\u00f6sa. Och dr\u00f6nartaxi ska inte bara bli f\u00f6r de med tjock pl\u00e5nbok.<\/p>\n<p>Helikopterbolaget H\u00e9lity som ansvarar f\u00f6r den regulj\u00e4ra trafiken mellan M\u00e1laga, Algeciras och Ceuta \u00e4r intresserade av att k\u00f6pa fem enheter.<\/p>\n<p>I v\u00e5ra allt mer t\u00e4tbefolkade st\u00e4der b\u00f6rjar fler och fler v\u00e4nda blickarna mot himlen som en v\u00e4g bort fr\u00e5n trafikstockningar. Redan i mitten av n\u00e4sta \u00e5r inleds tester med dr\u00f6nartaxi mellan M\u00e1laga och Granada.<\/p>\n","protected":false},"excerpt":{"rendered":"<p>M\u00e1laga flygplats-Marbella p\u00e5 15 minuter. Om bara n\u00e5gra \u00e5r kan Solkusten ha flygande elektriska dr\u00f6nartaxi. Redan i mitten av 2025 inleds testflygningar med pilot men m\u00e5let \u00e4r f\u00f6rarl\u00f6s dr\u00f6nartaxi&#8230;.<\/p>\n","protected":false},"author":7,"featured_media":71937,"comment_status":"closed","ping_status":"closed","sticky":false,"template":"","format":"standard","meta":{"_et_pb_use_builder":"","_et_pb_old_content":"","_et_gb_content_width":"","footnotes":""},"categories":[395,3],"tags":[],"class_list":["post-71936","post","type-post","status-publish","format-standard","has-post-thumbnail","hentry","category-arkiv-nyheter","category-nyheter"],"yoast_head":"<!-- This site is optimized with the Yoast SEO Premium plugin v26.2 (Yoast SEO v27.4) - https:\/\/yoast.com\/product\/yoast-seo-premium-wordpress\/ -->\n<title>Solkusten: Dr\u00f6nartaxi kan bli verklighet om n\u00e5gra \u00e5r - Svenska Magasinet<\/title>\n<meta name=\"description\" content=\"M\u00e1laga flygplats-Marbella p\u00e5 15 minuter. Om bara n\u00e5gra \u00e5r kan Solkusten ha flygande elektriska dr\u00f6nartaxi. Redan i mitten av 2025 inleds testflygningar med pilot men m\u00e5let \u00e4r f\u00f6rarl\u00f6s dr\u00f6nartaxi.\" \/>\n<meta name=\"robots\" content=\"noindex, follow, max-snippet:-1, max-image-preview:large, max-video-preview:-1\" \/>\n<meta property=\"og:locale\" content=\"sv_SE\" \/>\n<meta property=\"og:type\" content=\"article\" \/>\n<meta property=\"og:title\" content=\"Solkusten: Dr\u00f6nartaxi kan bli verklighet om n\u00e5gra \u00e5r\" \/>\n<meta property=\"og:description\" content=\"M\u00e1laga flygplats-Marbella p\u00e5 15 minuter. Om bara n\u00e5gra \u00e5r kan Solkusten ha flygande elektriska dr\u00f6nartaxi. Redan i mitten av 2025 inleds testflygningar med pilot men m\u00e5let \u00e4r f\u00f6rarl\u00f6s dr\u00f6nartaxi.\" \/>\n<meta property=\"og:url\" content=\"https:\/\/lightweb.dev\/l\/svm-temp\/nyheter\/solkusten-dronartaxi-kan-bli-verklighet-om-nagra-ar\/\" \/>\n<meta property=\"og:site_name\" content=\"Svenska Magasinet\" \/>\n<meta property=\"article:publisher\" content=\"https:\/\/www.facebook.com\/svenskamagasinet\" \/>\n<meta property=\"article:published_time\" content=\"2024-05-13T08:04:27+00:00\" \/>\n<meta property=\"article:modified_time\" content=\"2024-05-13T08:05:11+00:00\" \/>\n<meta property=\"og:image\" content=\"https:\/\/lightweb.dev\/l\/svm-temp\/wp-content\/uploads\/2024\/05\/690941413_226094587_1706x960-stor.jpeg\" \/>\n\t<meta property=\"og:image:width\" content=\"1280\" \/>\n\t<meta property=\"og:image:height\" content=\"720\" \/>\n\t<meta property=\"og:image:type\" content=\"image\/jpeg\" \/>\n<meta name=\"author\" content=\"Ola Josefsson\" \/>\n<meta name=\"twitter:card\" content=\"summary_large_image\" \/>\n<meta name=\"twitter:creator\" content=\"@SvenskaMagasine\" \/>\n<meta name=\"twitter:site\" content=\"@SvenskaMagasine\" \/>\n<script type=\"application\/ld+json\" class=\"yoast-schema-graph\">{\"@context\":\"https:\\\/\\\/schema.org\",\"@graph\":[{\"@type\":\"Article\",\"@id\":\"https:\\\/\\\/lightweb.dev\\\/l\\\/svm-temp\\\/nyheter\\\/solkusten-dronartaxi-kan-bli-verklighet-om-nagra-ar\\\/#article\",\"isPartOf\":{\"@id\":\"https:\\\/\\\/lightweb.dev\\\/l\\\/svm-temp\\\/nyheter\\\/solkusten-dronartaxi-kan-bli-verklighet-om-nagra-ar\\\/\"},\"author\":{\"name\":\"Ola Josefsson\",\"@id\":\"https:\\\/\\\/lightweb.dev\\\/l\\\/svm-temp\\\/#\\\/schema\\\/person\\\/7a82b8a73d171d32360a564b6d03508e\"},\"headline\":\"Solkusten: Dr\u00f6nartaxi kan bli verklighet om n\u00e5gra \u00e5r\",\"datePublished\":\"2024-05-13T08:04:27+00:00\",\"dateModified\":\"2024-05-13T08:05:11+00:00\",\"mainEntityOfPage\":{\"@id\":\"https:\\\/\\\/lightweb.dev\\\/l\\\/svm-temp\\\/nyheter\\\/solkusten-dronartaxi-kan-bli-verklighet-om-nagra-ar\\\/\"},\"wordCount\":446,\"publisher\":{\"@id\":\"https:\\\/\\\/lightweb.dev\\\/l\\\/svm-temp\\\/#organization\"},\"image\":{\"@id\":\"https:\\\/\\\/lightweb.dev\\\/l\\\/svm-temp\\\/nyheter\\\/solkusten-dronartaxi-kan-bli-verklighet-om-nagra-ar\\\/#primaryimage\"},\"thumbnailUrl\":\"https:\\\/\\\/lightweb.dev\\\/l\\\/svm-temp\\\/wp-content\\\/uploads\\\/2024\\\/05\\\/690941413_226094587_1706x960-stor.jpeg\",\"articleSection\":[\"Arkiv\",\"Nyheter\"],\"inLanguage\":\"sv-SE\"},{\"@type\":\"WebPage\",\"@id\":\"https:\\\/\\\/lightweb.dev\\\/l\\\/svm-temp\\\/nyheter\\\/solkusten-dronartaxi-kan-bli-verklighet-om-nagra-ar\\\/\",\"url\":\"https:\\\/\\\/lightweb.dev\\\/l\\\/svm-temp\\\/nyheter\\\/solkusten-dronartaxi-kan-bli-verklighet-om-nagra-ar\\\/\",\"name\":\"Solkusten: Dr\u00f6nartaxi kan bli verklighet om n\u00e5gra \u00e5r - Svenska Magasinet\",\"isPartOf\":{\"@id\":\"https:\\\/\\\/lightweb.dev\\\/l\\\/svm-temp\\\/#website\"},\"primaryImageOfPage\":{\"@id\":\"https:\\\/\\\/lightweb.dev\\\/l\\\/svm-temp\\\/nyheter\\\/solkusten-dronartaxi-kan-bli-verklighet-om-nagra-ar\\\/#primaryimage\"},\"image\":{\"@id\":\"https:\\\/\\\/lightweb.dev\\\/l\\\/svm-temp\\\/nyheter\\\/solkusten-dronartaxi-kan-bli-verklighet-om-nagra-ar\\\/#primaryimage\"},\"thumbnailUrl\":\"https:\\\/\\\/lightweb.dev\\\/l\\\/svm-temp\\\/wp-content\\\/uploads\\\/2024\\\/05\\\/690941413_226094587_1706x960-stor.jpeg\",\"datePublished\":\"2024-05-13T08:04:27+00:00\",\"dateModified\":\"2024-05-13T08:05:11+00:00\",\"description\":\"M\u00e1laga flygplats-Marbella p\u00e5 15 minuter. Om bara n\u00e5gra \u00e5r kan Solkusten ha flygande elektriska dr\u00f6nartaxi. Redan i mitten av 2025 inleds testflygningar med pilot men m\u00e5let \u00e4r f\u00f6rarl\u00f6s dr\u00f6nartaxi.\",\"breadcrumb\":{\"@id\":\"https:\\\/\\\/lightweb.dev\\\/l\\\/svm-temp\\\/nyheter\\\/solkusten-dronartaxi-kan-bli-verklighet-om-nagra-ar\\\/#breadcrumb\"},\"inLanguage\":\"sv-SE\",\"potentialAction\":[{\"@type\":\"ReadAction\",\"target\":[\"https:\\\/\\\/lightweb.dev\\\/l\\\/svm-temp\\\/nyheter\\\/solkusten-dronartaxi-kan-bli-verklighet-om-nagra-ar\\\/\"]}]},{\"@type\":\"ImageObject\",\"inLanguage\":\"sv-SE\",\"@id\":\"https:\\\/\\\/lightweb.dev\\\/l\\\/svm-temp\\\/nyheter\\\/solkusten-dronartaxi-kan-bli-verklighet-om-nagra-ar\\\/#primaryimage\",\"url\":\"https:\\\/\\\/lightweb.dev\\\/l\\\/svm-temp\\\/wp-content\\\/uploads\\\/2024\\\/05\\\/690941413_226094587_1706x960-stor.jpeg\",\"contentUrl\":\"https:\\\/\\\/lightweb.dev\\\/l\\\/svm-temp\\\/wp-content\\\/uploads\\\/2024\\\/05\\\/690941413_226094587_1706x960-stor.jpeg\",\"width\":1280,\"height\":720,\"caption\":\"Gl\u00f6m trafikstockningar och k\u00f6er l\u00e4ngs A-7:an. Snart kan vi ta dr\u00f6nartaxi p\u00e5 Solkusten. (Foto: Lilium)\"},{\"@type\":\"BreadcrumbList\",\"@id\":\"https:\\\/\\\/lightweb.dev\\\/l\\\/svm-temp\\\/nyheter\\\/solkusten-dronartaxi-kan-bli-verklighet-om-nagra-ar\\\/#breadcrumb\",\"itemListElement\":[{\"@type\":\"ListItem\",\"position\":1,\"name\":\"Hem\",\"item\":\"https:\\\/\\\/lightweb.dev\\\/l\\\/svm-temp\\\/\"},{\"@type\":\"ListItem\",\"position\":2,\"name\":\"Solkusten: Dr\u00f6nartaxi kan bli verklighet om n\u00e5gra \u00e5r\"}]},{\"@type\":\"WebSite\",\"@id\":\"https:\\\/\\\/lightweb.dev\\\/l\\\/svm-temp\\\/#website\",\"url\":\"https:\\\/\\\/lightweb.dev\\\/l\\\/svm-temp\\\/\",\"name\":\"Svenska Magasinet\",\"description\":\"Dina Spanska nyheter p&aring; Svenska\",\"publisher\":{\"@id\":\"https:\\\/\\\/lightweb.dev\\\/l\\\/svm-temp\\\/#organization\"},\"potentialAction\":[{\"@type\":\"SearchAction\",\"target\":{\"@type\":\"EntryPoint\",\"urlTemplate\":\"https:\\\/\\\/lightweb.dev\\\/l\\\/svm-temp\\\/?s={search_term_string}\"},\"query-input\":{\"@type\":\"PropertyValueSpecification\",\"valueRequired\":true,\"valueName\":\"search_term_string\"}}],\"inLanguage\":\"sv-SE\"},{\"@type\":\"Organization\",\"@id\":\"https:\\\/\\\/lightweb.dev\\\/l\\\/svm-temp\\\/#organization\",\"name\":\"Melkerson y Nott SL\",\"alternateName\":\"Svenska Magasinet\",\"url\":\"https:\\\/\\\/lightweb.dev\\\/l\\\/svm-temp\\\/\",\"logo\":{\"@type\":\"ImageObject\",\"inLanguage\":\"sv-SE\",\"@id\":\"https:\\\/\\\/lightweb.dev\\\/l\\\/svm-temp\\\/#\\\/schema\\\/logo\\\/image\\\/\",\"url\":\"https:\\\/\\\/lightweb.dev\\\/l\\\/svm-temp\\\/wp-content\\\/uploads\\\/2025\\\/02\\\/SvM-logo-Xtra-Centrerad-SVART.png\",\"contentUrl\":\"https:\\\/\\\/lightweb.dev\\\/l\\\/svm-temp\\\/wp-content\\\/uploads\\\/2025\\\/02\\\/SvM-logo-Xtra-Centrerad-SVART.png\",\"width\":300,\"height\":99,\"caption\":\"Melkerson y Nott SL\"},\"image\":{\"@id\":\"https:\\\/\\\/lightweb.dev\\\/l\\\/svm-temp\\\/#\\\/schema\\\/logo\\\/image\\\/\"},\"sameAs\":[\"https:\\\/\\\/www.facebook.com\\\/svenskamagasinet\",\"https:\\\/\\\/x.com\\\/SvenskaMagasine\"]},{\"@type\":\"Person\",\"@id\":\"https:\\\/\\\/lightweb.dev\\\/l\\\/svm-temp\\\/#\\\/schema\\\/person\\\/7a82b8a73d171d32360a564b6d03508e\",\"name\":\"Ola Josefsson\",\"description\":\"Bevakar Solkusten och Spanien sedan 1994.\",\"sameAs\":[\"https:\\\/\\\/lightweb.dev\\\/l\\\/svm-temp\"],\"url\":\"https:\\\/\\\/lightweb.dev\\\/l\\\/svm-temp\\\/reporter\\\/ola-josefsson\\\/\"}]}<\/script>\n<!-- \/ Yoast SEO Premium plugin. -->","yoast_head_json":{"title":"Solkusten: Dr\u00f6nartaxi kan bli verklighet om n\u00e5gra \u00e5r - Svenska Magasinet","description":"M\u00e1laga flygplats-Marbella p\u00e5 15 minuter. Om bara n\u00e5gra \u00e5r kan Solkusten ha flygande elektriska dr\u00f6nartaxi. Redan i mitten av 2025 inleds testflygningar med pilot men m\u00e5let \u00e4r f\u00f6rarl\u00f6s dr\u00f6nartaxi.","robots":{"index":"noindex","follow":"follow","max-snippet":"max-snippet:-1","max-image-preview":"max-image-preview:large","max-video-preview":"max-video-preview:-1"},"og_locale":"sv_SE","og_type":"article","og_title":"Solkusten: Dr\u00f6nartaxi kan bli verklighet om n\u00e5gra \u00e5r","og_description":"M\u00e1laga flygplats-Marbella p\u00e5 15 minuter. Om bara n\u00e5gra \u00e5r kan Solkusten ha flygande elektriska dr\u00f6nartaxi. Redan i mitten av 2025 inleds testflygningar med pilot men m\u00e5let \u00e4r f\u00f6rarl\u00f6s dr\u00f6nartaxi.","og_url":"https:\/\/lightweb.dev\/l\/svm-temp\/nyheter\/solkusten-dronartaxi-kan-bli-verklighet-om-nagra-ar\/","og_site_name":"Svenska Magasinet","article_publisher":"https:\/\/www.facebook.com\/svenskamagasinet","article_published_time":"2024-05-13T08:04:27+00:00","article_modified_time":"2024-05-13T08:05:11+00:00","og_image":[{"width":1280,"height":720,"url":"https:\/\/lightweb.dev\/l\/svm-temp\/wp-content\/uploads\/2024\/05\/690941413_226094587_1706x960-stor.jpeg","type":"image\/jpeg"}],"author":"Ola Josefsson","twitter_card":"summary_large_image","twitter_creator":"@SvenskaMagasine","twitter_site":"@SvenskaMagasine","schema":{"@context":"https:\/\/schema.org","@graph":[{"@type":"Article","@id":"https:\/\/lightweb.dev\/l\/svm-temp\/nyheter\/solkusten-dronartaxi-kan-bli-verklighet-om-nagra-ar\/#article","isPartOf":{"@id":"https:\/\/lightweb.dev\/l\/svm-temp\/nyheter\/solkusten-dronartaxi-kan-bli-verklighet-om-nagra-ar\/"},"author":{"name":"Ola Josefsson","@id":"https:\/\/lightweb.dev\/l\/svm-temp\/#\/schema\/person\/7a82b8a73d171d32360a564b6d03508e"},"headline":"Solkusten: Dr\u00f6nartaxi kan bli verklighet om n\u00e5gra \u00e5r","datePublished":"2024-05-13T08:04:27+00:00","dateModified":"2024-05-13T08:05:11+00:00","mainEntityOfPage":{"@id":"https:\/\/lightweb.dev\/l\/svm-temp\/nyheter\/solkusten-dronartaxi-kan-bli-verklighet-om-nagra-ar\/"},"wordCount":446,"publisher":{"@id":"https:\/\/lightweb.dev\/l\/svm-temp\/#organization"},"image":{"@id":"https:\/\/lightweb.dev\/l\/svm-temp\/nyheter\/solkusten-dronartaxi-kan-bli-verklighet-om-nagra-ar\/#primaryimage"},"thumbnailUrl":"https:\/\/lightweb.dev\/l\/svm-temp\/wp-content\/uploads\/2024\/05\/690941413_226094587_1706x960-stor.jpeg","articleSection":["Arkiv","Nyheter"],"inLanguage":"sv-SE"},{"@type":"WebPage","@id":"https:\/\/lightweb.dev\/l\/svm-temp\/nyheter\/solkusten-dronartaxi-kan-bli-verklighet-om-nagra-ar\/","url":"https:\/\/lightweb.dev\/l\/svm-temp\/nyheter\/solkusten-dronartaxi-kan-bli-verklighet-om-nagra-ar\/","name":"Solkusten: Dr\u00f6nartaxi kan bli verklighet om n\u00e5gra \u00e5r - Svenska Magasinet","isPartOf":{"@id":"https:\/\/lightweb.dev\/l\/svm-temp\/#website"},"primaryImageOfPage":{"@id":"https:\/\/lightweb.dev\/l\/svm-temp\/nyheter\/solkusten-dronartaxi-kan-bli-verklighet-om-nagra-ar\/#primaryimage"},"image":{"@id":"https:\/\/lightweb.dev\/l\/svm-temp\/nyheter\/solkusten-dronartaxi-kan-bli-verklighet-om-nagra-ar\/#primaryimage"},"thumbnailUrl":"https:\/\/lightweb.dev\/l\/svm-temp\/wp-content\/uploads\/2024\/05\/690941413_226094587_1706x960-stor.jpeg","datePublished":"2024-05-13T08:04:27+00:00","dateModified":"2024-05-13T08:05:11+00:00","description":"M\u00e1laga flygplats-Marbella p\u00e5 15 minuter. Om bara n\u00e5gra \u00e5r kan Solkusten ha flygande elektriska dr\u00f6nartaxi. Redan i mitten av 2025 inleds testflygningar med pilot men m\u00e5let \u00e4r f\u00f6rarl\u00f6s dr\u00f6nartaxi.","breadcrumb":{"@id":"https:\/\/lightweb.dev\/l\/svm-temp\/nyheter\/solkusten-dronartaxi-kan-bli-verklighet-om-nagra-ar\/#breadcrumb"},"inLanguage":"sv-SE","potentialAction":[{"@type":"ReadAction","target":["https:\/\/lightweb.dev\/l\/svm-temp\/nyheter\/solkusten-dronartaxi-kan-bli-verklighet-om-nagra-ar\/"]}]},{"@type":"ImageObject","inLanguage":"sv-SE","@id":"https:\/\/lightweb.dev\/l\/svm-temp\/nyheter\/solkusten-dronartaxi-kan-bli-verklighet-om-nagra-ar\/#primaryimage","url":"https:\/\/lightweb.dev\/l\/svm-temp\/wp-content\/uploads\/2024\/05\/690941413_226094587_1706x960-stor.jpeg","contentUrl":"https:\/\/lightweb.dev\/l\/svm-temp\/wp-content\/uploads\/2024\/05\/690941413_226094587_1706x960-stor.jpeg","width":1280,"height":720,"caption":"Gl\u00f6m trafikstockningar och k\u00f6er l\u00e4ngs A-7:an. Snart kan vi ta dr\u00f6nartaxi p\u00e5 Solkusten. (Foto: Lilium)"},{"@type":"BreadcrumbList","@id":"https:\/\/lightweb.dev\/l\/svm-temp\/nyheter\/solkusten-dronartaxi-kan-bli-verklighet-om-nagra-ar\/#breadcrumb","itemListElement":[{"@type":"ListItem","position":1,"name":"Hem","item":"https:\/\/lightweb.dev\/l\/svm-temp\/"},{"@type":"ListItem","position":2,"name":"Solkusten: Dr\u00f6nartaxi kan bli verklighet om n\u00e5gra \u00e5r"}]},{"@type":"WebSite","@id":"https:\/\/lightweb.dev\/l\/svm-temp\/#website","url":"https:\/\/lightweb.dev\/l\/svm-temp\/","name":"Svenska Magasinet","description":"Dina Spanska nyheter p&aring; Svenska","publisher":{"@id":"https:\/\/lightweb.dev\/l\/svm-temp\/#organization"},"potentialAction":[{"@type":"SearchAction","target":{"@type":"EntryPoint","urlTemplate":"https:\/\/lightweb.dev\/l\/svm-temp\/?s={search_term_string}"},"query-input":{"@type":"PropertyValueSpecification","valueRequired":true,"valueName":"search_term_string"}}],"inLanguage":"sv-SE"},{"@type":"Organization","@id":"https:\/\/lightweb.dev\/l\/svm-temp\/#organization","name":"Melkerson y Nott SL","alternateName":"Svenska Magasinet","url":"https:\/\/lightweb.dev\/l\/svm-temp\/","logo":{"@type":"ImageObject","inLanguage":"sv-SE","@id":"https:\/\/lightweb.dev\/l\/svm-temp\/#\/schema\/logo\/image\/","url":"https:\/\/lightweb.dev\/l\/svm-temp\/wp-content\/uploads\/2025\/02\/SvM-logo-Xtra-Centrerad-SVART.png","contentUrl":"https:\/\/lightweb.dev\/l\/svm-temp\/wp-content\/uploads\/2025\/02\/SvM-logo-Xtra-Centrerad-SVART.png","width":300,"height":99,"caption":"Melkerson y Nott SL"},"image":{"@id":"https:\/\/lightweb.dev\/l\/svm-temp\/#\/schema\/logo\/image\/"},"sameAs":["https:\/\/www.facebook.com\/svenskamagasinet","https:\/\/x.com\/SvenskaMagasine"]},{"@type":"Person","@id":"https:\/\/lightweb.dev\/l\/svm-temp\/#\/schema\/person\/7a82b8a73d171d32360a564b6d03508e","name":"Ola Josefsson","description":"Bevakar Solkusten och Spanien sedan 1994.","sameAs":["https:\/\/lightweb.dev\/l\/svm-temp"],"url":"https:\/\/lightweb.dev\/l\/svm-temp\/reporter\/ola-josefsson\/"}]}},"_links":{"self":[{"href":"https:\/\/lightweb.dev\/l\/svm-temp\/wp-json\/wp\/v2\/posts\/71936","targetHints":{"allow":["GET"]}}],"collection":[{"href":"https:\/\/lightweb.dev\/l\/svm-temp\/wp-json\/wp\/v2\/posts"}],"about":[{"href":"https:\/\/lightweb.dev\/l\/svm-temp\/wp-json\/wp\/v2\/types\/post"}],"author":[{"embeddable":true,"href":"https:\/\/lightweb.dev\/l\/svm-temp\/wp-json\/wp\/v2\/users\/7"}],"replies":[{"embeddable":true,"href":"https:\/\/lightweb.dev\/l\/svm-temp\/wp-json\/wp\/v2\/comments?post=71936"}],"version-history":[{"count":0,"href":"https:\/\/lightweb.dev\/l\/svm-temp\/wp-json\/wp\/v2\/posts\/71936\/revisions"}],"wp:featuredmedia":[{"embeddable":true,"href":"https:\/\/lightweb.dev\/l\/svm-temp\/wp-json\/wp\/v2\/media\/71937"}],"wp:attachment":[{"href":"https:\/\/lightweb.dev\/l\/svm-temp\/wp-json\/wp\/v2\/media?parent=71936"}],"wp:term":[{"taxonomy":"category","embeddable":true,"href":"https:\/\/lightweb.dev\/l\/svm-temp\/wp-json\/wp\/v2\/categories?post=71936"},{"taxonomy":"post_tag","embeddable":true,"href":"https:\/\/lightweb.dev\/l\/svm-temp\/wp-json\/wp\/v2\/tags?post=71936"}],"curies":[{"name":"wp","href":"https:\/\/api.w.org\/{rel}","templated":true}]}}