{"id":71941,"date":"2024-05-13T10:44:41","date_gmt":"2024-05-13T08:44:41","guid":{"rendered":"https:\/\/lightweb.dev\/l\/svm-temp\/?p=71941"},"modified":"2024-05-13T10:44:41","modified_gmt":"2024-05-13T08:44:41","slug":"svarttaxi-vaxande-problem-vid-flygplatser-omkring-40-i-malaga","status":"publish","type":"post","link":"https:\/\/lightweb.dev\/l\/svm-temp\/nyheter\/svarttaxi-vaxande-problem-vid-flygplatser-omkring-40-i-malaga\/","title":{"rendered":"Svarttaxi v\u00e4xande problem vid flygplatser \u2013 omkring 40 i M\u00e1laga"},"content":{"rendered":"<p><strong>Det rapporteras om svarttaxi som ett v\u00e4xande problem vid flygplatser som M\u00e1laga, Palma de Mallorca, Alicante och vid andra destinationer med stor tillstr\u00f6mning av turister.<\/strong><\/p>\n<p>Du har precis l\u00e4mnat ankomsthallen vid M\u00e1laga flygplats. Du m\u00f6ts av personer som f\u00f6rs\u00f6ker ragga kunder: \u201dTaxi!\u201d<\/p>\n<p>Trots otaliga insatser av civilkl\u00e4dd polis och de i uniform, anm\u00e4lningar som f\u00f6ljts av r\u00e4tteg\u00e5ngar forts\u00e4tter svarttaxibranschen att v\u00e4xa. I dagens nummer av <a href=\"https:\/\/www.diariosur.es\/gran-malaga\/operan-taxis-pirata-aeropuerto-malaga-sector-cifra-20240502095354-nt.html\">Diario Sur<\/a> beskrivs verksamheten vara organiserad med mellan 32 och 40 svarttaxi enbart vid M\u00e1laga flygplats.<\/p>\n<p>F\u00f6r ett decennium uppskattades det finnas fyra eller fem svarttaxi som cirkulerade i omr\u00e5det runt M\u00e1laga flygplats. Den f\u00f6rsta anm\u00e4lningen kom in i februari 2014.<\/p>\n<h2 class=\"entry-title\">L\u00e4s mer: <a href=\"https:\/\/lightweb.dev\/l\/svm-temp\/nyheter\/nya-varningar-om-hotfull-svarttaxi\/\">Nya varningar om hotfull svarttaxi<\/a><\/h2>\n<p>En tysk som k\u00f6rde en Volkswagen Passat, n\u00e5gra nordafrikaner och \u00e4ven n\u00e5gon spanjor fanns bland \u201dtaxipiraterna\u201d. 2019 \u00f6kade antalet svarttaxi stort f\u00f6r att nu vara ett 40-tal, de flesta nordafrikaner. Flera av dem beskrivs som aggressiva n\u00e4r de blir avsl\u00f6jade.<\/p>\n<p>Med 21 miljoner resen\u00e4rer anses M\u00e1laga flygplats vara en guldgruva.<\/p>\n<p>De tj\u00e4nar 100 euro eller mer per k\u00f6rning. Marbella, Estepona eller Gibraltar \u00e4r n\u00e5gra av svarttaxins favoritdestinationer. De har varken licens, tillst\u00e5nd eller f\u00f6rs\u00e4kring f\u00f6r resen\u00e4rer.<\/p>\n<p>&#8211; Sv\u00e5righeten \u00e4r att ta dem p\u00e5 bar g\u00e4rning. De kan alltid h\u00e4vda att de k\u00f6r en familjemedlem, s\u00e4ger en lokalpolis till tidningen.<\/p>\n<p>Polisen g\u00f6r insatser regelbundet. Men enligt taxichauff\u00f6rerna \u00e4r insatserna otillr\u00e4ckliga.<\/p>\n<p>F\u00f6r den svarttaxi som \u00e5ker dit v\u00e4ntar b\u00f6ter p\u00e5 4001 euro plus beslagtagit fordon.<\/p>\n","protected":false},"excerpt":{"rendered":"<p>Det rapporteras om svarttaxi som ett v\u00e4xande problem vid flygplatser som M\u00e1laga, Palma de Mallorca, Alicante och vid andra destinationer med stor tillstr\u00f6mning av turister&#8230;<\/p>\n","protected":false},"author":7,"featured_media":71942,"comment_status":"closed","ping_status":"closed","sticky":false,"template":"","format":"standard","meta":{"_et_pb_use_builder":"","_et_pb_old_content":"","_et_gb_content_width":"","footnotes":""},"categories":[395,3],"tags":[],"class_list":["post-71941","post","type-post","status-publish","format-standard","has-post-thumbnail","hentry","category-arkiv-nyheter","category-nyheter"],"yoast_head":"<!-- This site is optimized with the Yoast SEO Premium plugin v26.2 (Yoast SEO v27.4) - https:\/\/yoast.com\/product\/yoast-seo-premium-wordpress\/ -->\n<title>Svarttaxi v\u00e4xande problem vid flygplatser \u2013 omkring 40 i M\u00e1laga - Svenska Magasinet<\/title>\n<meta name=\"description\" content=\"Det rapporteras om svarttaxi som ett v\u00e4xande problem vid flygplatser som M\u00e1laga, Palma de Mallorca, Alicante och vid andra destinationer med stor tillstr\u00f6mning av turister.\" \/>\n<meta name=\"robots\" content=\"noindex, follow, max-snippet:-1, max-image-preview:large, max-video-preview:-1\" \/>\n<meta property=\"og:locale\" content=\"sv_SE\" \/>\n<meta property=\"og:type\" content=\"article\" \/>\n<meta property=\"og:title\" content=\"Svarttaxi v\u00e4xande problem vid flygplatser \u2013 omkring 40 i M\u00e1laga\" \/>\n<meta property=\"og:description\" content=\"Det rapporteras om svarttaxi som ett v\u00e4xande problem vid flygplatser som M\u00e1laga, Palma de Mallorca, Alicante och vid andra destinationer med stor tillstr\u00f6mning av turister.\" \/>\n<meta property=\"og:url\" content=\"https:\/\/lightweb.dev\/l\/svm-temp\/nyheter\/svarttaxi-vaxande-problem-vid-flygplatser-omkring-40-i-malaga\/\" \/>\n<meta property=\"og:site_name\" content=\"Svenska Magasinet\" \/>\n<meta property=\"article:publisher\" content=\"https:\/\/www.facebook.com\/svenskamagasinet\" \/>\n<meta property=\"article:published_time\" content=\"2024-05-13T08:44:41+00:00\" \/>\n<meta property=\"og:image\" content=\"https:\/\/lightweb.dev\/l\/svm-temp\/wp-content\/uploads\/2024\/05\/IMG-7821-stor.jpeg\" \/>\n\t<meta property=\"og:image:width\" content=\"1280\" \/>\n\t<meta property=\"og:image:height\" content=\"960\" \/>\n\t<meta property=\"og:image:type\" content=\"image\/jpeg\" \/>\n<meta name=\"author\" content=\"Ola Josefsson\" \/>\n<meta name=\"twitter:card\" content=\"summary_large_image\" \/>\n<meta name=\"twitter:creator\" content=\"@SvenskaMagasine\" \/>\n<meta name=\"twitter:site\" content=\"@SvenskaMagasine\" \/>\n<script type=\"application\/ld+json\" class=\"yoast-schema-graph\">{\"@context\":\"https:\\\/\\\/schema.org\",\"@graph\":[{\"@type\":\"Article\",\"@id\":\"https:\\\/\\\/lightweb.dev\\\/l\\\/svm-temp\\\/nyheter\\\/svarttaxi-vaxande-problem-vid-flygplatser-omkring-40-i-malaga\\\/#article\",\"isPartOf\":{\"@id\":\"https:\\\/\\\/lightweb.dev\\\/l\\\/svm-temp\\\/nyheter\\\/svarttaxi-vaxande-problem-vid-flygplatser-omkring-40-i-malaga\\\/\"},\"author\":{\"name\":\"Ola Josefsson\",\"@id\":\"https:\\\/\\\/lightweb.dev\\\/l\\\/svm-temp\\\/#\\\/schema\\\/person\\\/7a82b8a73d171d32360a564b6d03508e\"},\"headline\":\"Svarttaxi v\u00e4xande problem vid flygplatser \u2013 omkring 40 i M\u00e1laga\",\"datePublished\":\"2024-05-13T08:44:41+00:00\",\"mainEntityOfPage\":{\"@id\":\"https:\\\/\\\/lightweb.dev\\\/l\\\/svm-temp\\\/nyheter\\\/svarttaxi-vaxande-problem-vid-flygplatser-omkring-40-i-malaga\\\/\"},\"wordCount\":288,\"publisher\":{\"@id\":\"https:\\\/\\\/lightweb.dev\\\/l\\\/svm-temp\\\/#organization\"},\"image\":{\"@id\":\"https:\\\/\\\/lightweb.dev\\\/l\\\/svm-temp\\\/nyheter\\\/svarttaxi-vaxande-problem-vid-flygplatser-omkring-40-i-malaga\\\/#primaryimage\"},\"thumbnailUrl\":\"https:\\\/\\\/lightweb.dev\\\/l\\\/svm-temp\\\/wp-content\\\/uploads\\\/2024\\\/05\\\/IMG-7821-stor.jpeg\",\"articleSection\":[\"Arkiv\",\"Nyheter\"],\"inLanguage\":\"sv-SE\"},{\"@type\":\"WebPage\",\"@id\":\"https:\\\/\\\/lightweb.dev\\\/l\\\/svm-temp\\\/nyheter\\\/svarttaxi-vaxande-problem-vid-flygplatser-omkring-40-i-malaga\\\/\",\"url\":\"https:\\\/\\\/lightweb.dev\\\/l\\\/svm-temp\\\/nyheter\\\/svarttaxi-vaxande-problem-vid-flygplatser-omkring-40-i-malaga\\\/\",\"name\":\"Svarttaxi v\u00e4xande problem vid flygplatser \u2013 omkring 40 i M\u00e1laga - Svenska Magasinet\",\"isPartOf\":{\"@id\":\"https:\\\/\\\/lightweb.dev\\\/l\\\/svm-temp\\\/#website\"},\"primaryImageOfPage\":{\"@id\":\"https:\\\/\\\/lightweb.dev\\\/l\\\/svm-temp\\\/nyheter\\\/svarttaxi-vaxande-problem-vid-flygplatser-omkring-40-i-malaga\\\/#primaryimage\"},\"image\":{\"@id\":\"https:\\\/\\\/lightweb.dev\\\/l\\\/svm-temp\\\/nyheter\\\/svarttaxi-vaxande-problem-vid-flygplatser-omkring-40-i-malaga\\\/#primaryimage\"},\"thumbnailUrl\":\"https:\\\/\\\/lightweb.dev\\\/l\\\/svm-temp\\\/wp-content\\\/uploads\\\/2024\\\/05\\\/IMG-7821-stor.jpeg\",\"datePublished\":\"2024-05-13T08:44:41+00:00\",\"description\":\"Det rapporteras om svarttaxi som ett v\u00e4xande problem vid flygplatser som M\u00e1laga, Palma de Mallorca, Alicante och vid andra destinationer med stor tillstr\u00f6mning av turister.\",\"breadcrumb\":{\"@id\":\"https:\\\/\\\/lightweb.dev\\\/l\\\/svm-temp\\\/nyheter\\\/svarttaxi-vaxande-problem-vid-flygplatser-omkring-40-i-malaga\\\/#breadcrumb\"},\"inLanguage\":\"sv-SE\",\"potentialAction\":[{\"@type\":\"ReadAction\",\"target\":[\"https:\\\/\\\/lightweb.dev\\\/l\\\/svm-temp\\\/nyheter\\\/svarttaxi-vaxande-problem-vid-flygplatser-omkring-40-i-malaga\\\/\"]}]},{\"@type\":\"ImageObject\",\"inLanguage\":\"sv-SE\",\"@id\":\"https:\\\/\\\/lightweb.dev\\\/l\\\/svm-temp\\\/nyheter\\\/svarttaxi-vaxande-problem-vid-flygplatser-omkring-40-i-malaga\\\/#primaryimage\",\"url\":\"https:\\\/\\\/lightweb.dev\\\/l\\\/svm-temp\\\/wp-content\\\/uploads\\\/2024\\\/05\\\/IMG-7821-stor.jpeg\",\"contentUrl\":\"https:\\\/\\\/lightweb.dev\\\/l\\\/svm-temp\\\/wp-content\\\/uploads\\\/2024\\\/05\\\/IMG-7821-stor.jpeg\",\"width\":1280,\"height\":960,\"caption\":\"Vid utg\u00e5ngen fr\u00e5n ankomsthallen raggar svarttaxi kunder. (Arkivbild)\"},{\"@type\":\"BreadcrumbList\",\"@id\":\"https:\\\/\\\/lightweb.dev\\\/l\\\/svm-temp\\\/nyheter\\\/svarttaxi-vaxande-problem-vid-flygplatser-omkring-40-i-malaga\\\/#breadcrumb\",\"itemListElement\":[{\"@type\":\"ListItem\",\"position\":1,\"name\":\"Hem\",\"item\":\"https:\\\/\\\/lightweb.dev\\\/l\\\/svm-temp\\\/\"},{\"@type\":\"ListItem\",\"position\":2,\"name\":\"Svarttaxi v\u00e4xande problem vid flygplatser \u2013 omkring 40 i M\u00e1laga\"}]},{\"@type\":\"WebSite\",\"@id\":\"https:\\\/\\\/lightweb.dev\\\/l\\\/svm-temp\\\/#website\",\"url\":\"https:\\\/\\\/lightweb.dev\\\/l\\\/svm-temp\\\/\",\"name\":\"Svenska Magasinet\",\"description\":\"Dina Spanska nyheter p&aring; Svenska\",\"publisher\":{\"@id\":\"https:\\\/\\\/lightweb.dev\\\/l\\\/svm-temp\\\/#organization\"},\"potentialAction\":[{\"@type\":\"SearchAction\",\"target\":{\"@type\":\"EntryPoint\",\"urlTemplate\":\"https:\\\/\\\/lightweb.dev\\\/l\\\/svm-temp\\\/?s={search_term_string}\"},\"query-input\":{\"@type\":\"PropertyValueSpecification\",\"valueRequired\":true,\"valueName\":\"search_term_string\"}}],\"inLanguage\":\"sv-SE\"},{\"@type\":\"Organization\",\"@id\":\"https:\\\/\\\/lightweb.dev\\\/l\\\/svm-temp\\\/#organization\",\"name\":\"Melkerson y Nott SL\",\"alternateName\":\"Svenska Magasinet\",\"url\":\"https:\\\/\\\/lightweb.dev\\\/l\\\/svm-temp\\\/\",\"logo\":{\"@type\":\"ImageObject\",\"inLanguage\":\"sv-SE\",\"@id\":\"https:\\\/\\\/lightweb.dev\\\/l\\\/svm-temp\\\/#\\\/schema\\\/logo\\\/image\\\/\",\"url\":\"https:\\\/\\\/lightweb.dev\\\/l\\\/svm-temp\\\/wp-content\\\/uploads\\\/2025\\\/02\\\/SvM-logo-Xtra-Centrerad-SVART.png\",\"contentUrl\":\"https:\\\/\\\/lightweb.dev\\\/l\\\/svm-temp\\\/wp-content\\\/uploads\\\/2025\\\/02\\\/SvM-logo-Xtra-Centrerad-SVART.png\",\"width\":300,\"height\":99,\"caption\":\"Melkerson y Nott SL\"},\"image\":{\"@id\":\"https:\\\/\\\/lightweb.dev\\\/l\\\/svm-temp\\\/#\\\/schema\\\/logo\\\/image\\\/\"},\"sameAs\":[\"https:\\\/\\\/www.facebook.com\\\/svenskamagasinet\",\"https:\\\/\\\/x.com\\\/SvenskaMagasine\"]},{\"@type\":\"Person\",\"@id\":\"https:\\\/\\\/lightweb.dev\\\/l\\\/svm-temp\\\/#\\\/schema\\\/person\\\/7a82b8a73d171d32360a564b6d03508e\",\"name\":\"Ola Josefsson\",\"description\":\"Bevakar Solkusten och Spanien sedan 1994.\",\"sameAs\":[\"https:\\\/\\\/lightweb.dev\\\/l\\\/svm-temp\"],\"url\":\"https:\\\/\\\/lightweb.dev\\\/l\\\/svm-temp\\\/reporter\\\/ola-josefsson\\\/\"}]}<\/script>\n<!-- \/ Yoast SEO Premium plugin. -->","yoast_head_json":{"title":"Svarttaxi v\u00e4xande problem vid flygplatser \u2013 omkring 40 i M\u00e1laga - Svenska Magasinet","description":"Det rapporteras om svarttaxi som ett v\u00e4xande problem vid flygplatser som M\u00e1laga, Palma de Mallorca, Alicante och vid andra destinationer med stor tillstr\u00f6mning av turister.","robots":{"index":"noindex","follow":"follow","max-snippet":"max-snippet:-1","max-image-preview":"max-image-preview:large","max-video-preview":"max-video-preview:-1"},"og_locale":"sv_SE","og_type":"article","og_title":"Svarttaxi v\u00e4xande problem vid flygplatser \u2013 omkring 40 i M\u00e1laga","og_description":"Det rapporteras om svarttaxi som ett v\u00e4xande problem vid flygplatser som M\u00e1laga, Palma de Mallorca, Alicante och vid andra destinationer med stor tillstr\u00f6mning av turister.","og_url":"https:\/\/lightweb.dev\/l\/svm-temp\/nyheter\/svarttaxi-vaxande-problem-vid-flygplatser-omkring-40-i-malaga\/","og_site_name":"Svenska Magasinet","article_publisher":"https:\/\/www.facebook.com\/svenskamagasinet","article_published_time":"2024-05-13T08:44:41+00:00","og_image":[{"width":1280,"height":960,"url":"https:\/\/lightweb.dev\/l\/svm-temp\/wp-content\/uploads\/2024\/05\/IMG-7821-stor.jpeg","type":"image\/jpeg"}],"author":"Ola Josefsson","twitter_card":"summary_large_image","twitter_creator":"@SvenskaMagasine","twitter_site":"@SvenskaMagasine","schema":{"@context":"https:\/\/schema.org","@graph":[{"@type":"Article","@id":"https:\/\/lightweb.dev\/l\/svm-temp\/nyheter\/svarttaxi-vaxande-problem-vid-flygplatser-omkring-40-i-malaga\/#article","isPartOf":{"@id":"https:\/\/lightweb.dev\/l\/svm-temp\/nyheter\/svarttaxi-vaxande-problem-vid-flygplatser-omkring-40-i-malaga\/"},"author":{"name":"Ola Josefsson","@id":"https:\/\/lightweb.dev\/l\/svm-temp\/#\/schema\/person\/7a82b8a73d171d32360a564b6d03508e"},"headline":"Svarttaxi v\u00e4xande problem vid flygplatser \u2013 omkring 40 i M\u00e1laga","datePublished":"2024-05-13T08:44:41+00:00","mainEntityOfPage":{"@id":"https:\/\/lightweb.dev\/l\/svm-temp\/nyheter\/svarttaxi-vaxande-problem-vid-flygplatser-omkring-40-i-malaga\/"},"wordCount":288,"publisher":{"@id":"https:\/\/lightweb.dev\/l\/svm-temp\/#organization"},"image":{"@id":"https:\/\/lightweb.dev\/l\/svm-temp\/nyheter\/svarttaxi-vaxande-problem-vid-flygplatser-omkring-40-i-malaga\/#primaryimage"},"thumbnailUrl":"https:\/\/lightweb.dev\/l\/svm-temp\/wp-content\/uploads\/2024\/05\/IMG-7821-stor.jpeg","articleSection":["Arkiv","Nyheter"],"inLanguage":"sv-SE"},{"@type":"WebPage","@id":"https:\/\/lightweb.dev\/l\/svm-temp\/nyheter\/svarttaxi-vaxande-problem-vid-flygplatser-omkring-40-i-malaga\/","url":"https:\/\/lightweb.dev\/l\/svm-temp\/nyheter\/svarttaxi-vaxande-problem-vid-flygplatser-omkring-40-i-malaga\/","name":"Svarttaxi v\u00e4xande problem vid flygplatser \u2013 omkring 40 i M\u00e1laga - Svenska Magasinet","isPartOf":{"@id":"https:\/\/lightweb.dev\/l\/svm-temp\/#website"},"primaryImageOfPage":{"@id":"https:\/\/lightweb.dev\/l\/svm-temp\/nyheter\/svarttaxi-vaxande-problem-vid-flygplatser-omkring-40-i-malaga\/#primaryimage"},"image":{"@id":"https:\/\/lightweb.dev\/l\/svm-temp\/nyheter\/svarttaxi-vaxande-problem-vid-flygplatser-omkring-40-i-malaga\/#primaryimage"},"thumbnailUrl":"https:\/\/lightweb.dev\/l\/svm-temp\/wp-content\/uploads\/2024\/05\/IMG-7821-stor.jpeg","datePublished":"2024-05-13T08:44:41+00:00","description":"Det rapporteras om svarttaxi som ett v\u00e4xande problem vid flygplatser som M\u00e1laga, Palma de Mallorca, Alicante och vid andra destinationer med stor tillstr\u00f6mning av turister.","breadcrumb":{"@id":"https:\/\/lightweb.dev\/l\/svm-temp\/nyheter\/svarttaxi-vaxande-problem-vid-flygplatser-omkring-40-i-malaga\/#breadcrumb"},"inLanguage":"sv-SE","potentialAction":[{"@type":"ReadAction","target":["https:\/\/lightweb.dev\/l\/svm-temp\/nyheter\/svarttaxi-vaxande-problem-vid-flygplatser-omkring-40-i-malaga\/"]}]},{"@type":"ImageObject","inLanguage":"sv-SE","@id":"https:\/\/lightweb.dev\/l\/svm-temp\/nyheter\/svarttaxi-vaxande-problem-vid-flygplatser-omkring-40-i-malaga\/#primaryimage","url":"https:\/\/lightweb.dev\/l\/svm-temp\/wp-content\/uploads\/2024\/05\/IMG-7821-stor.jpeg","contentUrl":"https:\/\/lightweb.dev\/l\/svm-temp\/wp-content\/uploads\/2024\/05\/IMG-7821-stor.jpeg","width":1280,"height":960,"caption":"Vid utg\u00e5ngen fr\u00e5n ankomsthallen raggar svarttaxi kunder. (Arkivbild)"},{"@type":"BreadcrumbList","@id":"https:\/\/lightweb.dev\/l\/svm-temp\/nyheter\/svarttaxi-vaxande-problem-vid-flygplatser-omkring-40-i-malaga\/#breadcrumb","itemListElement":[{"@type":"ListItem","position":1,"name":"Hem","item":"https:\/\/lightweb.dev\/l\/svm-temp\/"},{"@type":"ListItem","position":2,"name":"Svarttaxi v\u00e4xande problem vid flygplatser \u2013 omkring 40 i M\u00e1laga"}]},{"@type":"WebSite","@id":"https:\/\/lightweb.dev\/l\/svm-temp\/#website","url":"https:\/\/lightweb.dev\/l\/svm-temp\/","name":"Svenska Magasinet","description":"Dina Spanska nyheter p&aring; Svenska","publisher":{"@id":"https:\/\/lightweb.dev\/l\/svm-temp\/#organization"},"potentialAction":[{"@type":"SearchAction","target":{"@type":"EntryPoint","urlTemplate":"https:\/\/lightweb.dev\/l\/svm-temp\/?s={search_term_string}"},"query-input":{"@type":"PropertyValueSpecification","valueRequired":true,"valueName":"search_term_string"}}],"inLanguage":"sv-SE"},{"@type":"Organization","@id":"https:\/\/lightweb.dev\/l\/svm-temp\/#organization","name":"Melkerson y Nott SL","alternateName":"Svenska Magasinet","url":"https:\/\/lightweb.dev\/l\/svm-temp\/","logo":{"@type":"ImageObject","inLanguage":"sv-SE","@id":"https:\/\/lightweb.dev\/l\/svm-temp\/#\/schema\/logo\/image\/","url":"https:\/\/lightweb.dev\/l\/svm-temp\/wp-content\/uploads\/2025\/02\/SvM-logo-Xtra-Centrerad-SVART.png","contentUrl":"https:\/\/lightweb.dev\/l\/svm-temp\/wp-content\/uploads\/2025\/02\/SvM-logo-Xtra-Centrerad-SVART.png","width":300,"height":99,"caption":"Melkerson y Nott SL"},"image":{"@id":"https:\/\/lightweb.dev\/l\/svm-temp\/#\/schema\/logo\/image\/"},"sameAs":["https:\/\/www.facebook.com\/svenskamagasinet","https:\/\/x.com\/SvenskaMagasine"]},{"@type":"Person","@id":"https:\/\/lightweb.dev\/l\/svm-temp\/#\/schema\/person\/7a82b8a73d171d32360a564b6d03508e","name":"Ola Josefsson","description":"Bevakar Solkusten och Spanien sedan 1994.","sameAs":["https:\/\/lightweb.dev\/l\/svm-temp"],"url":"https:\/\/lightweb.dev\/l\/svm-temp\/reporter\/ola-josefsson\/"}]}},"_links":{"self":[{"href":"https:\/\/lightweb.dev\/l\/svm-temp\/wp-json\/wp\/v2\/posts\/71941","targetHints":{"allow":["GET"]}}],"collection":[{"href":"https:\/\/lightweb.dev\/l\/svm-temp\/wp-json\/wp\/v2\/posts"}],"about":[{"href":"https:\/\/lightweb.dev\/l\/svm-temp\/wp-json\/wp\/v2\/types\/post"}],"author":[{"embeddable":true,"href":"https:\/\/lightweb.dev\/l\/svm-temp\/wp-json\/wp\/v2\/users\/7"}],"replies":[{"embeddable":true,"href":"https:\/\/lightweb.dev\/l\/svm-temp\/wp-json\/wp\/v2\/comments?post=71941"}],"version-history":[{"count":0,"href":"https:\/\/lightweb.dev\/l\/svm-temp\/wp-json\/wp\/v2\/posts\/71941\/revisions"}],"wp:featuredmedia":[{"embeddable":true,"href":"https:\/\/lightweb.dev\/l\/svm-temp\/wp-json\/wp\/v2\/media\/71942"}],"wp:attachment":[{"href":"https:\/\/lightweb.dev\/l\/svm-temp\/wp-json\/wp\/v2\/media?parent=71941"}],"wp:term":[{"taxonomy":"category","embeddable":true,"href":"https:\/\/lightweb.dev\/l\/svm-temp\/wp-json\/wp\/v2\/categories?post=71941"},{"taxonomy":"post_tag","embeddable":true,"href":"https:\/\/lightweb.dev\/l\/svm-temp\/wp-json\/wp\/v2\/tags?post=71941"}],"curies":[{"name":"wp","href":"https:\/\/api.w.org\/{rel}","templated":true}]}}