{"id":72535,"date":"2024-06-10T16:38:02","date_gmt":"2024-06-10T14:38:02","guid":{"rendered":"https:\/\/lightweb.dev\/l\/svm-temp\/?p=72535"},"modified":"2024-06-10T16:38:02","modified_gmt":"2024-06-10T14:38:02","slug":"oecd-stodjer-minskad-arbetstid","status":"publish","type":"post","link":"https:\/\/lightweb.dev\/l\/svm-temp\/nyheter\/oecd-stodjer-minskad-arbetstid\/","title":{"rendered":"OECD st\u00f6djer minskad arbetstid"},"content":{"rendered":"<p><strong>Man tror att den spanska produktiviteten skulle \u00f6ka om de anst\u00e4llda arbetade f\u00e4rre timmar om dagen.\u00a0\u00a0<\/strong><\/p>\n<p><span style=\"font-weight: 400;\">Organisationen f\u00f6r ekonomiskt samarbete och utveckling (OECD) st\u00f6djer den spanska regeringens vilja att korta ner arbetstiden f\u00f6r landets arbetare. Organisationen tror att det skulle bidra till att minska arbetsl\u00f6sheten och \u00f6ka landets produktivitet, som ligger l\u00e5ngt under genomsnittet f\u00f6r medlemsl\u00e4nderna.\u00a0<\/span><\/p>\n<p><span style=\"font-weight: 400;\">OECD \u00e4r dock tydliga med att de vill att det ska inf\u00f6ras i samf\u00f6rst\u00e5nd med fackf\u00f6reningar och arbetsgivare, n\u00e5got som i dagsl\u00e4get inte ser s\u00e5 troligt ut. F\u00f6rhandlingarna om att minska en arbetsvecka fr\u00e5n 40 timmar till 37,5 n\u00e4sta \u00e5r har st\u00e5tt still. Arbetsgivarna \u00e4r inte villiga att s\u00e4nka arbetstiden p\u00e5 grund av regeringens p\u00e5tryckningar utan vill i s\u00e5 fall att det sker i form av nya kollektivavtal.\u00a0<\/span><\/p>\n<p><span style=\"font-weight: 400;\">OECD publicerade sin rekommendation i onsdags f\u00f6rra veckan som ett f\u00f6rslag f\u00f6r att \u00f6ka produktiviteten i Spanien. Just nu v\u00e4xer den mindre \u00e4n h\u00e4lften av takten j\u00e4mf\u00f6rt med genomsnittet bland \u00f6vriga OECD-l\u00e4nder, 0,5 procent mot 1,2. Organisationen medger att det idag \u201cbara finns begr\u00e4nsade bevis f\u00f6r att en kortare arbetsvecka \u00f6kar produktiviteten&#8221;. De menar dock att Spanien b\u00f6r ta risken. Delvis f\u00f6r att samla mer empiriska bevis men ocks\u00e5 f\u00f6r att \u201cdet finns tydliga tecken p\u00e5 att l\u00e5nga arbetspass \u00f6kar h\u00e4lsorisker, minskar tillfredsst\u00e4llelsen p\u00e5 jobbet och s\u00e4nker produktiviteten per timme\u201d.\u00a0<\/span><\/p>\n<h2><span style=\"font-weight: 400;\">F\u00e4rre timmar, inte dagar<\/span><\/h2>\n<p><span style=\"font-weight: 400;\">Man f\u00f6redrar att minska antalet timmar per dag snarare \u00e4n att arbeta fyra dagar ist\u00e4llet f\u00f6r 5. \u201cMinskad arbetstid kan \u00f6ka produktiviteten och f\u00f6rb\u00e4ttra balansen mellan fritid och arbetstid. En reform som minskar antalet arbetsdagar men samtidigt g\u00f6r dem mer intensiva riskerar att inte g\u00f6ra det\u201d, st\u00e5r det i rapporten.\u00a0<\/span><\/p>\n<p><span style=\"font-weight: 400;\">OECD st\u00e5r \u00e4ven bakom reformen som minskat tempor\u00e4ra anst\u00e4llningar i landet. Men de \u00e4r mindre positiva till de s\u00e4songsbaserade kontrakt som \u00e4r permanenta men endast g\u00e4ller under utvalda delar av \u00e5ret. Dessa har dubblerats det senaste \u00e5ret och man vill nu att de noggrant analyseras s\u00e5 att de inte blir \u201cen ny k\u00e4lla till os\u00e4kerhet\u201d, eftersom de erbjuder \u201cmer anst\u00e4llningss\u00e4kerhet men viss ekonomisk otrygghet\u201d. <\/span><\/p>\n","protected":false},"excerpt":{"rendered":"<p>Man tror att den spanska produktiviteten skulle \u00f6ka om de anst\u00e4llda arbetade f\u00e4rre timmar om dagen.\u00a0\u00a0<\/p>\n","protected":false},"author":14,"featured_media":61440,"comment_status":"closed","ping_status":"closed","sticky":false,"template":"","format":"standard","meta":{"_et_pb_use_builder":"","_et_pb_old_content":"","_et_gb_content_width":"","footnotes":""},"categories":[351,3],"tags":[],"class_list":["post-72535","post","type-post","status-publish","format-standard","has-post-thumbnail","hentry","category-ekonomi-nyheter","category-nyheter"],"yoast_head":"<!-- This site is optimized with the Yoast SEO Premium plugin v26.2 (Yoast SEO v28.2) - https:\/\/yoast.com\/product\/yoast-seo-premium-wordpress\/ -->\n<title>OECD st\u00f6djer minskad arbetstid - Svenska Magasinet<\/title>\n<meta name=\"robots\" content=\"noindex, follow, max-snippet:-1, max-image-preview:large, max-video-preview:-1\" \/>\n<meta property=\"og:locale\" content=\"sv_SE\" \/>\n<meta property=\"og:type\" content=\"article\" \/>\n<meta property=\"og:title\" content=\"OECD st\u00f6djer minskad arbetstid\" \/>\n<meta property=\"og:description\" content=\"Man tror att den spanska produktiviteten skulle \u00f6ka om de anst\u00e4llda arbetade f\u00e4rre timmar om dagen.\u00a0\u00a0\" \/>\n<meta property=\"og:url\" content=\"https:\/\/lightweb.dev\/l\/svm-temp\/artiklar\/ekonomi\/oecd-stodjer-minskad-arbetstid\/\" \/>\n<meta property=\"og:site_name\" content=\"Svenska Magasinet\" \/>\n<meta property=\"article:publisher\" content=\"https:\/\/www.facebook.com\/svenskamagasinet\" \/>\n<meta property=\"article:published_time\" content=\"2024-06-10T14:38:02+00:00\" \/>\n<meta property=\"og:image\" content=\"https:\/\/lightweb.dev\/l\/svm-temp\/wp-content\/uploads\/2023\/02\/01arbetareFreepik-Stor-FIX.jpg\" \/>\n\t<meta property=\"og:image:width\" content=\"1280\" \/>\n\t<meta property=\"og:image:height\" content=\"853\" \/>\n\t<meta property=\"og:image:type\" content=\"image\/jpeg\" \/>\n<meta name=\"author\" content=\"Robbie Eriksson\" \/>\n<meta name=\"twitter:card\" content=\"summary_large_image\" \/>\n<meta name=\"twitter:creator\" content=\"@SvenskaMagasine\" \/>\n<meta name=\"twitter:site\" content=\"@SvenskaMagasine\" \/>\n<script type=\"application\/ld+json\" class=\"yoast-schema-graph\">{\"@context\":\"https:\\\/\\\/schema.org\",\"@graph\":[{\"@type\":\"Article\",\"@id\":\"https:\\\/\\\/lightweb.dev\\\/l\\\/svm-temp\\\/artiklar\\\/ekonomi\\\/oecd-stodjer-minskad-arbetstid\\\/#article\",\"isPartOf\":{\"@id\":\"https:\\\/\\\/lightweb.dev\\\/l\\\/svm-temp\\\/artiklar\\\/ekonomi\\\/oecd-stodjer-minskad-arbetstid\\\/\"},\"author\":{\"name\":\"Robbie Eriksson\",\"@id\":\"https:\\\/\\\/lightweb.dev\\\/l\\\/svm-temp\\\/#\\\/schema\\\/person\\\/caffe038990d25722f5a04a03c906a2b\"},\"headline\":\"OECD st\u00f6djer minskad arbetstid\",\"datePublished\":\"2024-06-10T14:38:02+00:00\",\"mainEntityOfPage\":{\"@id\":\"https:\\\/\\\/lightweb.dev\\\/l\\\/svm-temp\\\/artiklar\\\/ekonomi\\\/oecd-stodjer-minskad-arbetstid\\\/\"},\"wordCount\":388,\"publisher\":{\"@id\":\"https:\\\/\\\/lightweb.dev\\\/l\\\/svm-temp\\\/#organization\"},\"image\":{\"@id\":\"https:\\\/\\\/lightweb.dev\\\/l\\\/svm-temp\\\/artiklar\\\/ekonomi\\\/oecd-stodjer-minskad-arbetstid\\\/#primaryimage\"},\"thumbnailUrl\":\"https:\\\/\\\/lightweb.dev\\\/l\\\/svm-temp\\\/wp-content\\\/uploads\\\/2023\\\/02\\\/01arbetareFreepik-Stor-FIX.jpg\",\"articleSection\":[\"Ekonomi\",\"Nyheter\"],\"inLanguage\":\"sv-SE\"},{\"@type\":\"WebPage\",\"@id\":\"https:\\\/\\\/lightweb.dev\\\/l\\\/svm-temp\\\/artiklar\\\/ekonomi\\\/oecd-stodjer-minskad-arbetstid\\\/\",\"url\":\"https:\\\/\\\/lightweb.dev\\\/l\\\/svm-temp\\\/artiklar\\\/ekonomi\\\/oecd-stodjer-minskad-arbetstid\\\/\",\"name\":\"OECD st\u00f6djer minskad arbetstid - Svenska Magasinet\",\"isPartOf\":{\"@id\":\"https:\\\/\\\/lightweb.dev\\\/l\\\/svm-temp\\\/#website\"},\"primaryImageOfPage\":{\"@id\":\"https:\\\/\\\/lightweb.dev\\\/l\\\/svm-temp\\\/artiklar\\\/ekonomi\\\/oecd-stodjer-minskad-arbetstid\\\/#primaryimage\"},\"image\":{\"@id\":\"https:\\\/\\\/lightweb.dev\\\/l\\\/svm-temp\\\/artiklar\\\/ekonomi\\\/oecd-stodjer-minskad-arbetstid\\\/#primaryimage\"},\"thumbnailUrl\":\"https:\\\/\\\/lightweb.dev\\\/l\\\/svm-temp\\\/wp-content\\\/uploads\\\/2023\\\/02\\\/01arbetareFreepik-Stor-FIX.jpg\",\"datePublished\":\"2024-06-10T14:38:02+00:00\",\"breadcrumb\":{\"@id\":\"https:\\\/\\\/lightweb.dev\\\/l\\\/svm-temp\\\/artiklar\\\/ekonomi\\\/oecd-stodjer-minskad-arbetstid\\\/#breadcrumb\"},\"inLanguage\":\"sv-SE\",\"potentialAction\":[{\"@type\":\"ReadAction\",\"target\":[\"https:\\\/\\\/lightweb.dev\\\/l\\\/svm-temp\\\/artiklar\\\/ekonomi\\\/oecd-stodjer-minskad-arbetstid\\\/\"]}]},{\"@type\":\"ImageObject\",\"inLanguage\":\"sv-SE\",\"@id\":\"https:\\\/\\\/lightweb.dev\\\/l\\\/svm-temp\\\/artiklar\\\/ekonomi\\\/oecd-stodjer-minskad-arbetstid\\\/#primaryimage\",\"url\":\"https:\\\/\\\/lightweb.dev\\\/l\\\/svm-temp\\\/wp-content\\\/uploads\\\/2023\\\/02\\\/01arbetareFreepik-Stor-FIX.jpg\",\"contentUrl\":\"https:\\\/\\\/lightweb.dev\\\/l\\\/svm-temp\\\/wp-content\\\/uploads\\\/2023\\\/02\\\/01arbetareFreepik-Stor-FIX.jpg\",\"width\":1280,\"height\":853,\"caption\":\"(Foto: Freepik)\"},{\"@type\":\"BreadcrumbList\",\"@id\":\"https:\\\/\\\/lightweb.dev\\\/l\\\/svm-temp\\\/artiklar\\\/ekonomi\\\/oecd-stodjer-minskad-arbetstid\\\/#breadcrumb\",\"itemListElement\":[{\"@type\":\"ListItem\",\"position\":1,\"name\":\"Hem\",\"item\":\"https:\\\/\\\/lightweb.dev\\\/l\\\/svm-temp\\\/\"},{\"@type\":\"ListItem\",\"position\":2,\"name\":\"OECD st\u00f6djer minskad arbetstid\"}]},{\"@type\":\"WebSite\",\"@id\":\"https:\\\/\\\/lightweb.dev\\\/l\\\/svm-temp\\\/#website\",\"url\":\"https:\\\/\\\/lightweb.dev\\\/l\\\/svm-temp\\\/\",\"name\":\"Svenska Magasinet\",\"description\":\"Dina Spanska nyheter p&aring; Svenska\",\"publisher\":{\"@id\":\"https:\\\/\\\/lightweb.dev\\\/l\\\/svm-temp\\\/#organization\"},\"potentialAction\":[{\"@type\":\"SearchAction\",\"target\":{\"@type\":\"EntryPoint\",\"urlTemplate\":\"https:\\\/\\\/lightweb.dev\\\/l\\\/svm-temp\\\/?s={search_term_string}\"},\"query-input\":{\"@type\":\"PropertyValueSpecification\",\"valueRequired\":true,\"valueName\":\"search_term_string\"}}],\"inLanguage\":\"sv-SE\"},{\"@type\":\"Organization\",\"@id\":\"https:\\\/\\\/lightweb.dev\\\/l\\\/svm-temp\\\/#organization\",\"name\":\"Melkerson y Nott SL\",\"alternateName\":\"Svenska Magasinet\",\"url\":\"https:\\\/\\\/lightweb.dev\\\/l\\\/svm-temp\\\/\",\"logo\":{\"@type\":\"ImageObject\",\"inLanguage\":\"sv-SE\",\"@id\":\"https:\\\/\\\/lightweb.dev\\\/l\\\/svm-temp\\\/#\\\/schema\\\/logo\\\/image\\\/\",\"url\":\"https:\\\/\\\/lightweb.dev\\\/l\\\/svm-temp\\\/wp-content\\\/uploads\\\/2025\\\/02\\\/SvM-logo-Xtra-Centrerad-SVART.png\",\"contentUrl\":\"https:\\\/\\\/lightweb.dev\\\/l\\\/svm-temp\\\/wp-content\\\/uploads\\\/2025\\\/02\\\/SvM-logo-Xtra-Centrerad-SVART.png\",\"width\":300,\"height\":99,\"caption\":\"Melkerson y Nott SL\"},\"image\":{\"@id\":\"https:\\\/\\\/lightweb.dev\\\/l\\\/svm-temp\\\/#\\\/schema\\\/logo\\\/image\\\/\"},\"sameAs\":[\"https:\\\/\\\/www.facebook.com\\\/svenskamagasinet\",\"https:\\\/\\\/x.com\\\/SvenskaMagasine\"]},{\"@type\":\"Person\",\"@id\":\"https:\\\/\\\/lightweb.dev\\\/l\\\/svm-temp\\\/#\\\/schema\\\/person\\\/caffe038990d25722f5a04a03c906a2b\",\"name\":\"Robbie Eriksson\",\"sameAs\":[\"https:\\\/\\\/lightweb.dev\\\/l\\\/svm-temp\"],\"url\":\"https:\\\/\\\/lightweb.dev\\\/l\\\/svm-temp\\\/reporter\\\/robbie-eriksson\\\/\"}]}<\/script>\n<!-- \/ Yoast SEO Premium plugin. -->","yoast_head_json":{"title":"OECD st\u00f6djer minskad arbetstid - Svenska Magasinet","robots":{"index":"noindex","follow":"follow","max-snippet":"max-snippet:-1","max-image-preview":"max-image-preview:large","max-video-preview":"max-video-preview:-1"},"og_locale":"sv_SE","og_type":"article","og_title":"OECD st\u00f6djer minskad arbetstid","og_description":"Man tror att den spanska produktiviteten skulle \u00f6ka om de anst\u00e4llda arbetade f\u00e4rre timmar om dagen.\u00a0\u00a0","og_url":"https:\/\/lightweb.dev\/l\/svm-temp\/artiklar\/ekonomi\/oecd-stodjer-minskad-arbetstid\/","og_site_name":"Svenska Magasinet","article_publisher":"https:\/\/www.facebook.com\/svenskamagasinet","article_published_time":"2024-06-10T14:38:02+00:00","og_image":[{"width":1280,"height":853,"url":"https:\/\/lightweb.dev\/l\/svm-temp\/wp-content\/uploads\/2023\/02\/01arbetareFreepik-Stor-FIX.jpg","type":"image\/jpeg"}],"author":"Robbie Eriksson","twitter_card":"summary_large_image","twitter_creator":"@SvenskaMagasine","twitter_site":"@SvenskaMagasine","schema":{"@context":"https:\/\/schema.org","@graph":[{"@type":"Article","@id":"https:\/\/lightweb.dev\/l\/svm-temp\/artiklar\/ekonomi\/oecd-stodjer-minskad-arbetstid\/#article","isPartOf":{"@id":"https:\/\/lightweb.dev\/l\/svm-temp\/artiklar\/ekonomi\/oecd-stodjer-minskad-arbetstid\/"},"author":{"name":"Robbie Eriksson","@id":"https:\/\/lightweb.dev\/l\/svm-temp\/#\/schema\/person\/caffe038990d25722f5a04a03c906a2b"},"headline":"OECD st\u00f6djer minskad arbetstid","datePublished":"2024-06-10T14:38:02+00:00","mainEntityOfPage":{"@id":"https:\/\/lightweb.dev\/l\/svm-temp\/artiklar\/ekonomi\/oecd-stodjer-minskad-arbetstid\/"},"wordCount":388,"publisher":{"@id":"https:\/\/lightweb.dev\/l\/svm-temp\/#organization"},"image":{"@id":"https:\/\/lightweb.dev\/l\/svm-temp\/artiklar\/ekonomi\/oecd-stodjer-minskad-arbetstid\/#primaryimage"},"thumbnailUrl":"https:\/\/lightweb.dev\/l\/svm-temp\/wp-content\/uploads\/2023\/02\/01arbetareFreepik-Stor-FIX.jpg","articleSection":["Ekonomi","Nyheter"],"inLanguage":"sv-SE"},{"@type":"WebPage","@id":"https:\/\/lightweb.dev\/l\/svm-temp\/artiklar\/ekonomi\/oecd-stodjer-minskad-arbetstid\/","url":"https:\/\/lightweb.dev\/l\/svm-temp\/artiklar\/ekonomi\/oecd-stodjer-minskad-arbetstid\/","name":"OECD st\u00f6djer minskad arbetstid - Svenska Magasinet","isPartOf":{"@id":"https:\/\/lightweb.dev\/l\/svm-temp\/#website"},"primaryImageOfPage":{"@id":"https:\/\/lightweb.dev\/l\/svm-temp\/artiklar\/ekonomi\/oecd-stodjer-minskad-arbetstid\/#primaryimage"},"image":{"@id":"https:\/\/lightweb.dev\/l\/svm-temp\/artiklar\/ekonomi\/oecd-stodjer-minskad-arbetstid\/#primaryimage"},"thumbnailUrl":"https:\/\/lightweb.dev\/l\/svm-temp\/wp-content\/uploads\/2023\/02\/01arbetareFreepik-Stor-FIX.jpg","datePublished":"2024-06-10T14:38:02+00:00","breadcrumb":{"@id":"https:\/\/lightweb.dev\/l\/svm-temp\/artiklar\/ekonomi\/oecd-stodjer-minskad-arbetstid\/#breadcrumb"},"inLanguage":"sv-SE","potentialAction":[{"@type":"ReadAction","target":["https:\/\/lightweb.dev\/l\/svm-temp\/artiklar\/ekonomi\/oecd-stodjer-minskad-arbetstid\/"]}]},{"@type":"ImageObject","inLanguage":"sv-SE","@id":"https:\/\/lightweb.dev\/l\/svm-temp\/artiklar\/ekonomi\/oecd-stodjer-minskad-arbetstid\/#primaryimage","url":"https:\/\/lightweb.dev\/l\/svm-temp\/wp-content\/uploads\/2023\/02\/01arbetareFreepik-Stor-FIX.jpg","contentUrl":"https:\/\/lightweb.dev\/l\/svm-temp\/wp-content\/uploads\/2023\/02\/01arbetareFreepik-Stor-FIX.jpg","width":1280,"height":853,"caption":"(Foto: Freepik)"},{"@type":"BreadcrumbList","@id":"https:\/\/lightweb.dev\/l\/svm-temp\/artiklar\/ekonomi\/oecd-stodjer-minskad-arbetstid\/#breadcrumb","itemListElement":[{"@type":"ListItem","position":1,"name":"Hem","item":"https:\/\/lightweb.dev\/l\/svm-temp\/"},{"@type":"ListItem","position":2,"name":"OECD st\u00f6djer minskad arbetstid"}]},{"@type":"WebSite","@id":"https:\/\/lightweb.dev\/l\/svm-temp\/#website","url":"https:\/\/lightweb.dev\/l\/svm-temp\/","name":"Svenska Magasinet","description":"Dina Spanska nyheter p&aring; Svenska","publisher":{"@id":"https:\/\/lightweb.dev\/l\/svm-temp\/#organization"},"potentialAction":[{"@type":"SearchAction","target":{"@type":"EntryPoint","urlTemplate":"https:\/\/lightweb.dev\/l\/svm-temp\/?s={search_term_string}"},"query-input":{"@type":"PropertyValueSpecification","valueRequired":true,"valueName":"search_term_string"}}],"inLanguage":"sv-SE"},{"@type":"Organization","@id":"https:\/\/lightweb.dev\/l\/svm-temp\/#organization","name":"Melkerson y Nott SL","alternateName":"Svenska Magasinet","url":"https:\/\/lightweb.dev\/l\/svm-temp\/","logo":{"@type":"ImageObject","inLanguage":"sv-SE","@id":"https:\/\/lightweb.dev\/l\/svm-temp\/#\/schema\/logo\/image\/","url":"https:\/\/lightweb.dev\/l\/svm-temp\/wp-content\/uploads\/2025\/02\/SvM-logo-Xtra-Centrerad-SVART.png","contentUrl":"https:\/\/lightweb.dev\/l\/svm-temp\/wp-content\/uploads\/2025\/02\/SvM-logo-Xtra-Centrerad-SVART.png","width":300,"height":99,"caption":"Melkerson y Nott SL"},"image":{"@id":"https:\/\/lightweb.dev\/l\/svm-temp\/#\/schema\/logo\/image\/"},"sameAs":["https:\/\/www.facebook.com\/svenskamagasinet","https:\/\/x.com\/SvenskaMagasine"]},{"@type":"Person","@id":"https:\/\/lightweb.dev\/l\/svm-temp\/#\/schema\/person\/caffe038990d25722f5a04a03c906a2b","name":"Robbie Eriksson","sameAs":["https:\/\/lightweb.dev\/l\/svm-temp"],"url":"https:\/\/lightweb.dev\/l\/svm-temp\/reporter\/robbie-eriksson\/"}]}},"_links":{"self":[{"href":"https:\/\/lightweb.dev\/l\/svm-temp\/wp-json\/wp\/v2\/posts\/72535","targetHints":{"allow":["GET"]}}],"collection":[{"href":"https:\/\/lightweb.dev\/l\/svm-temp\/wp-json\/wp\/v2\/posts"}],"about":[{"href":"https:\/\/lightweb.dev\/l\/svm-temp\/wp-json\/wp\/v2\/types\/post"}],"author":[{"embeddable":true,"href":"https:\/\/lightweb.dev\/l\/svm-temp\/wp-json\/wp\/v2\/users\/14"}],"replies":[{"embeddable":true,"href":"https:\/\/lightweb.dev\/l\/svm-temp\/wp-json\/wp\/v2\/comments?post=72535"}],"version-history":[{"count":0,"href":"https:\/\/lightweb.dev\/l\/svm-temp\/wp-json\/wp\/v2\/posts\/72535\/revisions"}],"wp:featuredmedia":[{"embeddable":true,"href":"https:\/\/lightweb.dev\/l\/svm-temp\/wp-json\/wp\/v2\/media\/61440"}],"wp:attachment":[{"href":"https:\/\/lightweb.dev\/l\/svm-temp\/wp-json\/wp\/v2\/media?parent=72535"}],"wp:term":[{"taxonomy":"category","embeddable":true,"href":"https:\/\/lightweb.dev\/l\/svm-temp\/wp-json\/wp\/v2\/categories?post=72535"},{"taxonomy":"post_tag","embeddable":true,"href":"https:\/\/lightweb.dev\/l\/svm-temp\/wp-json\/wp\/v2\/tags?post=72535"}],"curies":[{"name":"wp","href":"https:\/\/api.w.org\/{rel}","templated":true}]}}