{"id":72829,"date":"2024-06-19T15:54:05","date_gmt":"2024-06-19T13:54:05","guid":{"rendered":"https:\/\/lightweb.dev\/l\/svm-temp\/?p=72829"},"modified":"2024-06-19T16:14:47","modified_gmt":"2024-06-19T14:14:47","slug":"170-raddningsinsatser-pa-havet-i-fjol","status":"publish","type":"post","link":"https:\/\/lightweb.dev\/l\/svm-temp\/nyheter\/170-raddningsinsatser-pa-havet-i-fjol\/","title":{"rendered":"170 r\u00e4ddningsinsatser p\u00e5 havet i fjol"},"content":{"rendered":"<p><strong>Under f\u00f6rra \u00e5rets h\u00f6gs\u00e4song gjordes 170 utryckningar p\u00e5 havet i M\u00e1lagaprovinsen.\u00a0<\/strong><\/p>\n<p><strong>Transportministeriet har dragit ig\u00e5ng en kampanj f\u00f6r att p\u00e5minna om vad man ska t\u00e4nka p\u00e5 innan man ger sig ut p\u00e5 vattnet.\u00a0<\/strong><\/p>\n<p><span style=\"font-weight: 400;\">F\u00f6rra \u00e5ret hj\u00e4lpte livb\u00e5tstj\u00e4nsten (<\/span><span style=\"font-weight: 400;\">Salvamento Mar\u00edtimo) 675 personer bara i M\u00e1lagaprovinsen. Det totala antalet utryckningar var 170. Att tidigt larma \u00e4r nyckeln till att dessa situationer ska f\u00e5 ett lyckligt slut.\u00a0<\/span><\/p>\n<p><span style=\"font-weight: 400;\">\u00c5rets h\u00f6gs\u00e4songen b\u00f6rjar om mindre \u00e4n en vecka och Spaniens transportministerium har redan dragit ig\u00e5ng sin kampanj f\u00f6r att uppmana folk att vara f\u00f6rsiktiga p\u00e5 haven. Deras viktigaste budskap \u00e4r att den som ger sig ut p\u00e5 vattnet med b\u00e5t ska ha med sig en mobiltelefon eller n\u00e5got annat som m\u00f6jligg\u00f6r snabb kontakt med fastlandet om olyckan \u00e4r framme.\u00a0<\/span><\/p>\n<p><span style=\"font-weight: 400;\">Enligt Salvamento Mar\u00edtimo var 50 procent av f\u00f6rra \u00e5rets insatser kopplade till rekreationsaktiviteter. I de flesta fall kunde b\u00e5tarna enkelt bogseras i land inom ett par timmar. Men det fanns fall d\u00e4r larmet kom f\u00f6r sent.\u00a0<\/span><\/p>\n<h2><span style=\"font-weight: 400;\">Paddelsurfare<\/span><\/h2>\n<p><span style=\"font-weight: 400;\">Patricia L\u00f3pez \u00e4r bitr\u00e4dande chef p\u00e5 koordinationscentret i Tarifa, som ansvarar f\u00f6r kustlinjen fr\u00e5n den portugisiska gr\u00e4nsen till Granada. Hon ber\u00e4ttar att hon har sett en \u201cexplosion i antalet ingripanden d\u00e4r vi letar efter personer som f\u00f6rsvunnit med paddelbr\u00e4da, b\u00e5de i M\u00e1laga och resten av v\u00e5rt omr\u00e5de&#8221;.<\/span><\/p>\n<p><span style=\"font-weight: 400;\">F\u00f6rra \u00e5ret f\u00f6rsvann tv\u00e5 argentinska m\u00e4n, Maxi (27) och Emmanuel (34), efter att de gett sig ut med paddelbr\u00e4dor fr\u00e5n stranden i Huelin. B\u00e5de till havs och i luften s\u00f6kte man efter dem i tv\u00e5 veckor men endast en br\u00e4da kunde hittas.\u00a0<\/span><\/p>\n<p><span style=\"font-weight: 400;\">I februari i \u00e5r hittades en 53-\u00e5rig man fr\u00e5n Marbella d\u00f6d efter att ha f\u00e5ngats av v\u00e5gorna och inte kunnat ta sig i land. Det tog ungef\u00e4r 24 timmar att hitta kroppen efter att familjen rapporterat honom f\u00f6rsvunnen.\u00a0<\/span><\/p>\n<p><span style=\"font-weight: 400;\">\u201cN\u00e4r det bl\u00e5ser fr\u00e5n fastlandet \u00e4r denna sport mycket farlig eftersom br\u00e4dan inte \u00e4r s\u00e4rskilt tung. En vindpust och den kan b\u00e4ras ut i havet,\u201d f\u00f6rklarar Narciso Ram\u00f3n Quesada, som \u00e4r kapten p\u00e5 r\u00e4ddningsb\u00e5ten Salvamar Alnitak.\u00a0<\/span><\/p>\n<p><span style=\"font-weight: 400;\">Ett stort problem \u00e4r att paddelsurfare s\u00e4llan tar med sig mobilen ut p\u00e5 vattnet. R\u00e4ddningsarbetet b\u00f6rjar d\u00e4rf\u00f6r ofta inte f\u00f6rr\u00e4n flera timmar senare n\u00e4r n\u00e5gon p\u00e5 fastlandet inser att de inte \u00e5terv\u00e4nt och larmar r\u00e4ddningstj\u00e4nsten.\u00a0<\/span><\/p>\n<h3><span style=\"font-weight: 400;\">Vattenskotrar\u00a0<\/span><\/h3>\n<p><span style=\"font-weight: 400;\">Enligt statistiken ligger vattenskotrar (jet skis) till grunden f\u00f6r de flesta olyckor som kr\u00e4ver utryckning. Enligt Antonio Fern\u00e1ndez, bes\u00e4ttningsmedlem p\u00e5 Salvamar Alnitak, beror det oftast p\u00e5 att de f\u00e5r slut p\u00e5 br\u00e4nsle eller f\u00e5r motorproblem l\u00e5ngt ut p\u00e5 vattnet utan m\u00f6jlighet f\u00f6r f\u00f6raren att komma i land.\u00a0<\/span><\/p>\n<p><span style=\"font-weight: 400;\">F\u00f6rra \u00e5ret dog tv\u00e5 personer efter att ha fallit av skotrar i El Palo, \u00f6ster om M\u00e1laga, och i Fuengirola.\u00a0<\/span><\/p>\n<p><span style=\"font-weight: 400;\">Transportministeriet po\u00e4ngterar att man ska ha sin mobiltelefon med sig. Men de p\u00e5minner om att t\u00e4ckningen inte alltid \u00e4r bra ute p\u00e5 vattnet. D\u00e4rf\u00f6r \u00e4r det viktigt att aktivera radios\u00e4ndaren som finns i alla moderna smarta telefoner och anv\u00e4nda VHF-kanal 16 om man inte kan ringa n\u00e4r olyckan \u00e4r framme.\u00a0<\/span><\/p>\n<p><span style=\"font-weight: 400;\">Dessutom betonar de vikten av att kolla v\u00e4derleksrapporten innan man ger sig ut p\u00e5 havet.<\/span><\/p>\n<p><span style=\"font-weight: 400;\">De p\u00e5minner \u00e4ven om att dubbelkolla m\u00e4ngden br\u00e4nsle i det fordon man t\u00e4nkt ge sig ut i f\u00f6r att vara s\u00e4ker att man har tillr\u00e4ckligt. Samt att ha med sig flytv\u00e4star och g\u00f6ra en noggrann s\u00e4kerhetskontroll p\u00e5 fordonet och kolla att den \u00e4r i tillr\u00e4ckligt gott skick.\u00a0<\/span><\/p>\n","protected":false},"excerpt":{"rendered":"<p>Under f\u00f6rra \u00e5rets h\u00f6gs\u00e4song gjordes 170 utryckningar p\u00e5 havet i M\u00e1lagaprovinsen.\u00a0Transportministeriet har dragit ig\u00e5ng en kampanj f\u00f6r att p\u00e5minna om vad man ska t\u00e4nka p\u00e5 innan man ger sig ut p\u00e5 vattnet.\u00a0<\/p>\n","protected":false},"author":14,"featured_media":72835,"comment_status":"closed","ping_status":"closed","sticky":false,"template":"","format":"standard","meta":{"_et_pb_use_builder":"","_et_pb_old_content":"","_et_gb_content_width":"","footnotes":""},"categories":[395,3],"tags":[],"class_list":["post-72829","post","type-post","status-publish","format-standard","has-post-thumbnail","hentry","category-arkiv-nyheter","category-nyheter"],"yoast_head":"<!-- This site is optimized with the Yoast SEO Premium plugin v26.2 (Yoast SEO v27.5) - https:\/\/yoast.com\/product\/yoast-seo-premium-wordpress\/ -->\n<title>170 r\u00e4ddningsinsatser p\u00e5 havet i fjol - Svenska Magasinet<\/title>\n<meta name=\"robots\" content=\"noindex, follow, max-snippet:-1, max-image-preview:large, max-video-preview:-1\" \/>\n<meta property=\"og:locale\" content=\"sv_SE\" \/>\n<meta property=\"og:type\" content=\"article\" \/>\n<meta property=\"og:title\" content=\"170 r\u00e4ddningsinsatser p\u00e5 havet i fjol\" \/>\n<meta property=\"og:description\" content=\"Under f\u00f6rra \u00e5rets h\u00f6gs\u00e4song gjordes 170 utryckningar p\u00e5 havet i M\u00e1lagaprovinsen.\u00a0Transportministeriet har dragit ig\u00e5ng en kampanj f\u00f6r att p\u00e5minna om vad man ska t\u00e4nka p\u00e5 innan man ger sig ut p\u00e5 vattnet.\u00a0\" \/>\n<meta property=\"og:url\" content=\"https:\/\/lightweb.dev\/l\/svm-temp\/nyheter\/170-raddningsinsatser-pa-havet-i-fjol\/\" \/>\n<meta property=\"og:site_name\" content=\"Svenska Magasinet\" \/>\n<meta property=\"article:publisher\" content=\"https:\/\/www.facebook.com\/svenskamagasinet\" \/>\n<meta property=\"article:published_time\" content=\"2024-06-19T13:54:05+00:00\" \/>\n<meta property=\"article:modified_time\" content=\"2024-06-19T14:14:47+00:00\" \/>\n<meta property=\"og:image\" content=\"https:\/\/lightweb.dev\/l\/svm-temp\/wp-content\/uploads\/2024\/06\/IMG-20240605-WA0005-e1718806245143.jpg\" \/>\n\t<meta property=\"og:image:width\" content=\"1536\" \/>\n\t<meta property=\"og:image:height\" content=\"1126\" \/>\n\t<meta property=\"og:image:type\" content=\"image\/jpeg\" \/>\n<meta name=\"author\" content=\"Robbie Eriksson\" \/>\n<meta name=\"twitter:card\" content=\"summary_large_image\" \/>\n<meta name=\"twitter:creator\" content=\"@SvenskaMagasine\" \/>\n<meta name=\"twitter:site\" content=\"@SvenskaMagasine\" \/>\n<script type=\"application\/ld+json\" class=\"yoast-schema-graph\">{\"@context\":\"https:\\\/\\\/schema.org\",\"@graph\":[{\"@type\":\"Article\",\"@id\":\"https:\\\/\\\/lightweb.dev\\\/l\\\/svm-temp\\\/nyheter\\\/170-raddningsinsatser-pa-havet-i-fjol\\\/#article\",\"isPartOf\":{\"@id\":\"https:\\\/\\\/lightweb.dev\\\/l\\\/svm-temp\\\/nyheter\\\/170-raddningsinsatser-pa-havet-i-fjol\\\/\"},\"author\":{\"name\":\"Robbie Eriksson\",\"@id\":\"https:\\\/\\\/lightweb.dev\\\/l\\\/svm-temp\\\/#\\\/schema\\\/person\\\/caffe038990d25722f5a04a03c906a2b\"},\"headline\":\"170 r\u00e4ddningsinsatser p\u00e5 havet i fjol\",\"datePublished\":\"2024-06-19T13:54:05+00:00\",\"dateModified\":\"2024-06-19T14:14:47+00:00\",\"mainEntityOfPage\":{\"@id\":\"https:\\\/\\\/lightweb.dev\\\/l\\\/svm-temp\\\/nyheter\\\/170-raddningsinsatser-pa-havet-i-fjol\\\/\"},\"wordCount\":648,\"publisher\":{\"@id\":\"https:\\\/\\\/lightweb.dev\\\/l\\\/svm-temp\\\/#organization\"},\"image\":{\"@id\":\"https:\\\/\\\/lightweb.dev\\\/l\\\/svm-temp\\\/nyheter\\\/170-raddningsinsatser-pa-havet-i-fjol\\\/#primaryimage\"},\"thumbnailUrl\":\"https:\\\/\\\/lightweb.dev\\\/l\\\/svm-temp\\\/wp-content\\\/uploads\\\/2024\\\/06\\\/IMG-20240605-WA0005-e1718806245143.jpg\",\"articleSection\":[\"Arkiv\",\"Nyheter\"],\"inLanguage\":\"sv-SE\"},{\"@type\":\"WebPage\",\"@id\":\"https:\\\/\\\/lightweb.dev\\\/l\\\/svm-temp\\\/nyheter\\\/170-raddningsinsatser-pa-havet-i-fjol\\\/\",\"url\":\"https:\\\/\\\/lightweb.dev\\\/l\\\/svm-temp\\\/nyheter\\\/170-raddningsinsatser-pa-havet-i-fjol\\\/\",\"name\":\"170 r\u00e4ddningsinsatser p\u00e5 havet i fjol - Svenska Magasinet\",\"isPartOf\":{\"@id\":\"https:\\\/\\\/lightweb.dev\\\/l\\\/svm-temp\\\/#website\"},\"primaryImageOfPage\":{\"@id\":\"https:\\\/\\\/lightweb.dev\\\/l\\\/svm-temp\\\/nyheter\\\/170-raddningsinsatser-pa-havet-i-fjol\\\/#primaryimage\"},\"image\":{\"@id\":\"https:\\\/\\\/lightweb.dev\\\/l\\\/svm-temp\\\/nyheter\\\/170-raddningsinsatser-pa-havet-i-fjol\\\/#primaryimage\"},\"thumbnailUrl\":\"https:\\\/\\\/lightweb.dev\\\/l\\\/svm-temp\\\/wp-content\\\/uploads\\\/2024\\\/06\\\/IMG-20240605-WA0005-e1718806245143.jpg\",\"datePublished\":\"2024-06-19T13:54:05+00:00\",\"dateModified\":\"2024-06-19T14:14:47+00:00\",\"breadcrumb\":{\"@id\":\"https:\\\/\\\/lightweb.dev\\\/l\\\/svm-temp\\\/nyheter\\\/170-raddningsinsatser-pa-havet-i-fjol\\\/#breadcrumb\"},\"inLanguage\":\"sv-SE\",\"potentialAction\":[{\"@type\":\"ReadAction\",\"target\":[\"https:\\\/\\\/lightweb.dev\\\/l\\\/svm-temp\\\/nyheter\\\/170-raddningsinsatser-pa-havet-i-fjol\\\/\"]}]},{\"@type\":\"ImageObject\",\"inLanguage\":\"sv-SE\",\"@id\":\"https:\\\/\\\/lightweb.dev\\\/l\\\/svm-temp\\\/nyheter\\\/170-raddningsinsatser-pa-havet-i-fjol\\\/#primaryimage\",\"url\":\"https:\\\/\\\/lightweb.dev\\\/l\\\/svm-temp\\\/wp-content\\\/uploads\\\/2024\\\/06\\\/IMG-20240605-WA0005-e1718806245143.jpg\",\"contentUrl\":\"https:\\\/\\\/lightweb.dev\\\/l\\\/svm-temp\\\/wp-content\\\/uploads\\\/2024\\\/06\\\/IMG-20240605-WA0005-e1718806245143.jpg\",\"width\":1536,\"height\":1126},{\"@type\":\"BreadcrumbList\",\"@id\":\"https:\\\/\\\/lightweb.dev\\\/l\\\/svm-temp\\\/nyheter\\\/170-raddningsinsatser-pa-havet-i-fjol\\\/#breadcrumb\",\"itemListElement\":[{\"@type\":\"ListItem\",\"position\":1,\"name\":\"Hem\",\"item\":\"https:\\\/\\\/lightweb.dev\\\/l\\\/svm-temp\\\/\"},{\"@type\":\"ListItem\",\"position\":2,\"name\":\"170 r\u00e4ddningsinsatser p\u00e5 havet i fjol\"}]},{\"@type\":\"WebSite\",\"@id\":\"https:\\\/\\\/lightweb.dev\\\/l\\\/svm-temp\\\/#website\",\"url\":\"https:\\\/\\\/lightweb.dev\\\/l\\\/svm-temp\\\/\",\"name\":\"Svenska Magasinet\",\"description\":\"Dina Spanska nyheter p&aring; Svenska\",\"publisher\":{\"@id\":\"https:\\\/\\\/lightweb.dev\\\/l\\\/svm-temp\\\/#organization\"},\"potentialAction\":[{\"@type\":\"SearchAction\",\"target\":{\"@type\":\"EntryPoint\",\"urlTemplate\":\"https:\\\/\\\/lightweb.dev\\\/l\\\/svm-temp\\\/?s={search_term_string}\"},\"query-input\":{\"@type\":\"PropertyValueSpecification\",\"valueRequired\":true,\"valueName\":\"search_term_string\"}}],\"inLanguage\":\"sv-SE\"},{\"@type\":\"Organization\",\"@id\":\"https:\\\/\\\/lightweb.dev\\\/l\\\/svm-temp\\\/#organization\",\"name\":\"Melkerson y Nott SL\",\"alternateName\":\"Svenska Magasinet\",\"url\":\"https:\\\/\\\/lightweb.dev\\\/l\\\/svm-temp\\\/\",\"logo\":{\"@type\":\"ImageObject\",\"inLanguage\":\"sv-SE\",\"@id\":\"https:\\\/\\\/lightweb.dev\\\/l\\\/svm-temp\\\/#\\\/schema\\\/logo\\\/image\\\/\",\"url\":\"https:\\\/\\\/lightweb.dev\\\/l\\\/svm-temp\\\/wp-content\\\/uploads\\\/2025\\\/02\\\/SvM-logo-Xtra-Centrerad-SVART.png\",\"contentUrl\":\"https:\\\/\\\/lightweb.dev\\\/l\\\/svm-temp\\\/wp-content\\\/uploads\\\/2025\\\/02\\\/SvM-logo-Xtra-Centrerad-SVART.png\",\"width\":300,\"height\":99,\"caption\":\"Melkerson y Nott SL\"},\"image\":{\"@id\":\"https:\\\/\\\/lightweb.dev\\\/l\\\/svm-temp\\\/#\\\/schema\\\/logo\\\/image\\\/\"},\"sameAs\":[\"https:\\\/\\\/www.facebook.com\\\/svenskamagasinet\",\"https:\\\/\\\/x.com\\\/SvenskaMagasine\"]},{\"@type\":\"Person\",\"@id\":\"https:\\\/\\\/lightweb.dev\\\/l\\\/svm-temp\\\/#\\\/schema\\\/person\\\/caffe038990d25722f5a04a03c906a2b\",\"name\":\"Robbie Eriksson\",\"sameAs\":[\"https:\\\/\\\/lightweb.dev\\\/l\\\/svm-temp\"],\"url\":\"https:\\\/\\\/lightweb.dev\\\/l\\\/svm-temp\\\/reporter\\\/robbie-eriksson\\\/\"}]}<\/script>\n<!-- \/ Yoast SEO Premium plugin. -->","yoast_head_json":{"title":"170 r\u00e4ddningsinsatser p\u00e5 havet i fjol - Svenska Magasinet","robots":{"index":"noindex","follow":"follow","max-snippet":"max-snippet:-1","max-image-preview":"max-image-preview:large","max-video-preview":"max-video-preview:-1"},"og_locale":"sv_SE","og_type":"article","og_title":"170 r\u00e4ddningsinsatser p\u00e5 havet i fjol","og_description":"Under f\u00f6rra \u00e5rets h\u00f6gs\u00e4song gjordes 170 utryckningar p\u00e5 havet i M\u00e1lagaprovinsen.\u00a0Transportministeriet har dragit ig\u00e5ng en kampanj f\u00f6r att p\u00e5minna om vad man ska t\u00e4nka p\u00e5 innan man ger sig ut p\u00e5 vattnet.\u00a0","og_url":"https:\/\/lightweb.dev\/l\/svm-temp\/nyheter\/170-raddningsinsatser-pa-havet-i-fjol\/","og_site_name":"Svenska Magasinet","article_publisher":"https:\/\/www.facebook.com\/svenskamagasinet","article_published_time":"2024-06-19T13:54:05+00:00","article_modified_time":"2024-06-19T14:14:47+00:00","og_image":[{"width":1536,"height":1126,"url":"https:\/\/lightweb.dev\/l\/svm-temp\/wp-content\/uploads\/2024\/06\/IMG-20240605-WA0005-e1718806245143.jpg","type":"image\/jpeg"}],"author":"Robbie Eriksson","twitter_card":"summary_large_image","twitter_creator":"@SvenskaMagasine","twitter_site":"@SvenskaMagasine","schema":{"@context":"https:\/\/schema.org","@graph":[{"@type":"Article","@id":"https:\/\/lightweb.dev\/l\/svm-temp\/nyheter\/170-raddningsinsatser-pa-havet-i-fjol\/#article","isPartOf":{"@id":"https:\/\/lightweb.dev\/l\/svm-temp\/nyheter\/170-raddningsinsatser-pa-havet-i-fjol\/"},"author":{"name":"Robbie Eriksson","@id":"https:\/\/lightweb.dev\/l\/svm-temp\/#\/schema\/person\/caffe038990d25722f5a04a03c906a2b"},"headline":"170 r\u00e4ddningsinsatser p\u00e5 havet i fjol","datePublished":"2024-06-19T13:54:05+00:00","dateModified":"2024-06-19T14:14:47+00:00","mainEntityOfPage":{"@id":"https:\/\/lightweb.dev\/l\/svm-temp\/nyheter\/170-raddningsinsatser-pa-havet-i-fjol\/"},"wordCount":648,"publisher":{"@id":"https:\/\/lightweb.dev\/l\/svm-temp\/#organization"},"image":{"@id":"https:\/\/lightweb.dev\/l\/svm-temp\/nyheter\/170-raddningsinsatser-pa-havet-i-fjol\/#primaryimage"},"thumbnailUrl":"https:\/\/lightweb.dev\/l\/svm-temp\/wp-content\/uploads\/2024\/06\/IMG-20240605-WA0005-e1718806245143.jpg","articleSection":["Arkiv","Nyheter"],"inLanguage":"sv-SE"},{"@type":"WebPage","@id":"https:\/\/lightweb.dev\/l\/svm-temp\/nyheter\/170-raddningsinsatser-pa-havet-i-fjol\/","url":"https:\/\/lightweb.dev\/l\/svm-temp\/nyheter\/170-raddningsinsatser-pa-havet-i-fjol\/","name":"170 r\u00e4ddningsinsatser p\u00e5 havet i fjol - Svenska Magasinet","isPartOf":{"@id":"https:\/\/lightweb.dev\/l\/svm-temp\/#website"},"primaryImageOfPage":{"@id":"https:\/\/lightweb.dev\/l\/svm-temp\/nyheter\/170-raddningsinsatser-pa-havet-i-fjol\/#primaryimage"},"image":{"@id":"https:\/\/lightweb.dev\/l\/svm-temp\/nyheter\/170-raddningsinsatser-pa-havet-i-fjol\/#primaryimage"},"thumbnailUrl":"https:\/\/lightweb.dev\/l\/svm-temp\/wp-content\/uploads\/2024\/06\/IMG-20240605-WA0005-e1718806245143.jpg","datePublished":"2024-06-19T13:54:05+00:00","dateModified":"2024-06-19T14:14:47+00:00","breadcrumb":{"@id":"https:\/\/lightweb.dev\/l\/svm-temp\/nyheter\/170-raddningsinsatser-pa-havet-i-fjol\/#breadcrumb"},"inLanguage":"sv-SE","potentialAction":[{"@type":"ReadAction","target":["https:\/\/lightweb.dev\/l\/svm-temp\/nyheter\/170-raddningsinsatser-pa-havet-i-fjol\/"]}]},{"@type":"ImageObject","inLanguage":"sv-SE","@id":"https:\/\/lightweb.dev\/l\/svm-temp\/nyheter\/170-raddningsinsatser-pa-havet-i-fjol\/#primaryimage","url":"https:\/\/lightweb.dev\/l\/svm-temp\/wp-content\/uploads\/2024\/06\/IMG-20240605-WA0005-e1718806245143.jpg","contentUrl":"https:\/\/lightweb.dev\/l\/svm-temp\/wp-content\/uploads\/2024\/06\/IMG-20240605-WA0005-e1718806245143.jpg","width":1536,"height":1126},{"@type":"BreadcrumbList","@id":"https:\/\/lightweb.dev\/l\/svm-temp\/nyheter\/170-raddningsinsatser-pa-havet-i-fjol\/#breadcrumb","itemListElement":[{"@type":"ListItem","position":1,"name":"Hem","item":"https:\/\/lightweb.dev\/l\/svm-temp\/"},{"@type":"ListItem","position":2,"name":"170 r\u00e4ddningsinsatser p\u00e5 havet i fjol"}]},{"@type":"WebSite","@id":"https:\/\/lightweb.dev\/l\/svm-temp\/#website","url":"https:\/\/lightweb.dev\/l\/svm-temp\/","name":"Svenska Magasinet","description":"Dina Spanska nyheter p&aring; Svenska","publisher":{"@id":"https:\/\/lightweb.dev\/l\/svm-temp\/#organization"},"potentialAction":[{"@type":"SearchAction","target":{"@type":"EntryPoint","urlTemplate":"https:\/\/lightweb.dev\/l\/svm-temp\/?s={search_term_string}"},"query-input":{"@type":"PropertyValueSpecification","valueRequired":true,"valueName":"search_term_string"}}],"inLanguage":"sv-SE"},{"@type":"Organization","@id":"https:\/\/lightweb.dev\/l\/svm-temp\/#organization","name":"Melkerson y Nott SL","alternateName":"Svenska Magasinet","url":"https:\/\/lightweb.dev\/l\/svm-temp\/","logo":{"@type":"ImageObject","inLanguage":"sv-SE","@id":"https:\/\/lightweb.dev\/l\/svm-temp\/#\/schema\/logo\/image\/","url":"https:\/\/lightweb.dev\/l\/svm-temp\/wp-content\/uploads\/2025\/02\/SvM-logo-Xtra-Centrerad-SVART.png","contentUrl":"https:\/\/lightweb.dev\/l\/svm-temp\/wp-content\/uploads\/2025\/02\/SvM-logo-Xtra-Centrerad-SVART.png","width":300,"height":99,"caption":"Melkerson y Nott SL"},"image":{"@id":"https:\/\/lightweb.dev\/l\/svm-temp\/#\/schema\/logo\/image\/"},"sameAs":["https:\/\/www.facebook.com\/svenskamagasinet","https:\/\/x.com\/SvenskaMagasine"]},{"@type":"Person","@id":"https:\/\/lightweb.dev\/l\/svm-temp\/#\/schema\/person\/caffe038990d25722f5a04a03c906a2b","name":"Robbie Eriksson","sameAs":["https:\/\/lightweb.dev\/l\/svm-temp"],"url":"https:\/\/lightweb.dev\/l\/svm-temp\/reporter\/robbie-eriksson\/"}]}},"_links":{"self":[{"href":"https:\/\/lightweb.dev\/l\/svm-temp\/wp-json\/wp\/v2\/posts\/72829","targetHints":{"allow":["GET"]}}],"collection":[{"href":"https:\/\/lightweb.dev\/l\/svm-temp\/wp-json\/wp\/v2\/posts"}],"about":[{"href":"https:\/\/lightweb.dev\/l\/svm-temp\/wp-json\/wp\/v2\/types\/post"}],"author":[{"embeddable":true,"href":"https:\/\/lightweb.dev\/l\/svm-temp\/wp-json\/wp\/v2\/users\/14"}],"replies":[{"embeddable":true,"href":"https:\/\/lightweb.dev\/l\/svm-temp\/wp-json\/wp\/v2\/comments?post=72829"}],"version-history":[{"count":0,"href":"https:\/\/lightweb.dev\/l\/svm-temp\/wp-json\/wp\/v2\/posts\/72829\/revisions"}],"wp:featuredmedia":[{"embeddable":true,"href":"https:\/\/lightweb.dev\/l\/svm-temp\/wp-json\/wp\/v2\/media\/72835"}],"wp:attachment":[{"href":"https:\/\/lightweb.dev\/l\/svm-temp\/wp-json\/wp\/v2\/media?parent=72829"}],"wp:term":[{"taxonomy":"category","embeddable":true,"href":"https:\/\/lightweb.dev\/l\/svm-temp\/wp-json\/wp\/v2\/categories?post=72829"},{"taxonomy":"post_tag","embeddable":true,"href":"https:\/\/lightweb.dev\/l\/svm-temp\/wp-json\/wp\/v2\/tags?post=72829"}],"curies":[{"name":"wp","href":"https:\/\/api.w.org\/{rel}","templated":true}]}}