{"id":72836,"date":"2024-06-19T16:20:49","date_gmt":"2024-06-19T14:20:49","guid":{"rendered":"https:\/\/lightweb.dev\/l\/svm-temp\/?p=72836"},"modified":"2024-06-19T16:20:49","modified_gmt":"2024-06-19T14:20:49","slug":"malaga-slar-ner-mot-elsparkcyklar","status":"publish","type":"post","link":"https:\/\/lightweb.dev\/l\/svm-temp\/nyheter\/malaga-slar-ner-mot-elsparkcyklar\/","title":{"rendered":"M\u00e1laga sl\u00e5r ner mot elsparkcyklar"},"content":{"rendered":"<p><strong>Lokalpolisen i M\u00e1laga har b\u00f6tf\u00e4llt 82 personer som k\u00f6rt elsparkcykel f\u00f6r \u00f6vertr\u00e4delser i trafiken.<\/strong><\/p>\n<p><strong>Detta \u00e4r en del i en satsning f\u00f6r att \u00f6ka s\u00e4kerheten p\u00e5 stadens gator som lanserades av stadshuset i slutet av maj.\u00a0<\/strong><\/p>\n<p><span style=\"font-weight: 400;\">Under kampanjens f\u00f6rsta tv\u00e5 veckor, 27 maj till 9 juni, b\u00f6tf\u00e4lldes 82 f\u00f6rare och polisen konfiskerade sju av de 2 728 fordonen som kontrollerades.\u00a0<\/span><\/p>\n<p><span style=\"font-weight: 400;\">Den vanligaste \u00f6vertr\u00e4delsen, 40 av dem, var att f\u00f6raren hade h\u00f6rlurar p\u00e5 sig samtidigt som de k\u00f6rde sin sparkcykel. Flera andra k\u00f6rde f\u00f6r fort eller i delar av staden d\u00e4r det \u00e4r f\u00f6rbjudet.\u00a0<\/span><\/p>\n<p><span style=\"font-weight: 400;\">N\u00e4r det g\u00e4ller fortk\u00f6rning \u00e4r straffet normalt sett en bot 200 euro som tilldelas f\u00f6raren p\u00e5 plats, oavsett om sparkcykeln \u00e4r privat eller hyrd. Det kan dock leda till att polisen konfiskerar fordonet. Detta skedde sju g\u00e5nger under de tv\u00e5 veckorna, i ett fall hade f\u00f6raren k\u00f6rt i hela 44 kilometer i timmen p\u00e5 Avenida de la Aurora. Maxhastigheten varierar mellan 15 och 25 kilometer i timmen.\u00a0\u00a0\u00a0\u00a0<\/span><\/p>\n<p><span style=\"font-weight: 400;\">Andra \u00f6vertr\u00e4delser som polisen uppt\u00e4ckte var att f\u00f6rare skjutsade andra personer p\u00e5 sparkcykeln, anv\u00e4nde mobiltelefon samtidigt som de k\u00f6rde eller att de inte stannade f\u00f6r r\u00f6da trafikljus.\u00a0<\/span><\/p>\n<h2><span style=\"font-weight: 400;\">Nya regler<\/span><\/h2>\n<p><span style=\"font-weight: 400;\">M\u00e1laga stad h\u00e5ller p\u00e5 att ta fram ett nytt ramverk f\u00f6r trafiks\u00e4kerheten g\u00e4llande elsparkcyklar. Det kan till exempel komma att inneb\u00e4ra att f\u00f6raren m\u00e5ste b\u00e4ra hj\u00e4lm, att personer som \u00e4r kortare \u00e4n 150 cm m\u00e5ste ha en speciell flagga p\u00e5 sparkcykeln f\u00f6r att garantera att de syns, eller att f\u00f6rare m\u00e5ste ha fyllt 16 \u00e5r. Man hoppas ocks\u00e5 inf\u00f6ra krav p\u00e5 godk\u00e4nda bromssystem, ringklocka, lampor b\u00e5de fram och bak samt reflexer.\u00a0 <\/span><\/p>\n","protected":false},"excerpt":{"rendered":"<p>Lokalpolisen i M\u00e1laga har b\u00f6tf\u00e4llt 82 personer som k\u00f6rt elsparkcykel f\u00f6r \u00f6vertr\u00e4delser i trafiken. Detta \u00e4r en del i en satsning f\u00f6r att \u00f6ka s\u00e4kerheten p\u00e5 stadens gator som lanserades av stadshuset i slutet av maj.\u00a0<\/p>\n","protected":false},"author":14,"featured_media":15834,"comment_status":"closed","ping_status":"closed","sticky":false,"template":"","format":"standard","meta":{"_et_pb_use_builder":"","_et_pb_old_content":"","_et_gb_content_width":"","footnotes":""},"categories":[395,3],"tags":[],"class_list":["post-72836","post","type-post","status-publish","format-standard","has-post-thumbnail","hentry","category-arkiv-nyheter","category-nyheter"],"yoast_head":"<!-- This site is optimized with the Yoast SEO Premium plugin v26.2 (Yoast SEO v27.5) - https:\/\/yoast.com\/product\/yoast-seo-premium-wordpress\/ -->\n<title>M\u00e1laga sl\u00e5r ner mot elsparkcyklar - Svenska Magasinet<\/title>\n<meta name=\"robots\" content=\"noindex, follow, max-snippet:-1, max-image-preview:large, max-video-preview:-1\" \/>\n<meta property=\"og:locale\" content=\"sv_SE\" \/>\n<meta property=\"og:type\" content=\"article\" \/>\n<meta property=\"og:title\" content=\"M\u00e1laga sl\u00e5r ner mot elsparkcyklar\" \/>\n<meta property=\"og:description\" content=\"Lokalpolisen i M\u00e1laga har b\u00f6tf\u00e4llt 82 personer som k\u00f6rt elsparkcykel f\u00f6r \u00f6vertr\u00e4delser i trafiken. Detta \u00e4r en del i en satsning f\u00f6r att \u00f6ka s\u00e4kerheten p\u00e5 stadens gator som lanserades av stadshuset i slutet av maj.\u00a0\" \/>\n<meta property=\"og:url\" content=\"https:\/\/lightweb.dev\/l\/svm-temp\/nyheter\/malaga-slar-ner-mot-elsparkcyklar\/\" \/>\n<meta property=\"og:site_name\" content=\"Svenska Magasinet\" \/>\n<meta property=\"article:publisher\" content=\"https:\/\/www.facebook.com\/svenskamagasinet\" \/>\n<meta property=\"article:published_time\" content=\"2024-06-19T14:20:49+00:00\" \/>\n<meta property=\"og:image\" content=\"https:\/\/lightweb.dev\/l\/svm-temp\/wp-content\/uploads\/2022\/06\/protester-fran-elskoteranvandarna-mot-nya-trafikregler.png\" \/>\n\t<meta property=\"og:image:width\" content=\"700\" \/>\n\t<meta property=\"og:image:height\" content=\"420\" \/>\n\t<meta property=\"og:image:type\" content=\"image\/png\" \/>\n<meta name=\"author\" content=\"Robbie Eriksson\" \/>\n<meta name=\"twitter:card\" content=\"summary_large_image\" \/>\n<meta name=\"twitter:creator\" content=\"@SvenskaMagasine\" \/>\n<meta name=\"twitter:site\" content=\"@SvenskaMagasine\" \/>\n<script type=\"application\/ld+json\" class=\"yoast-schema-graph\">{\"@context\":\"https:\\\/\\\/schema.org\",\"@graph\":[{\"@type\":\"Article\",\"@id\":\"https:\\\/\\\/lightweb.dev\\\/l\\\/svm-temp\\\/nyheter\\\/malaga-slar-ner-mot-elsparkcyklar\\\/#article\",\"isPartOf\":{\"@id\":\"https:\\\/\\\/lightweb.dev\\\/l\\\/svm-temp\\\/nyheter\\\/malaga-slar-ner-mot-elsparkcyklar\\\/\"},\"author\":{\"name\":\"Robbie Eriksson\",\"@id\":\"https:\\\/\\\/lightweb.dev\\\/l\\\/svm-temp\\\/#\\\/schema\\\/person\\\/caffe038990d25722f5a04a03c906a2b\"},\"headline\":\"M\u00e1laga sl\u00e5r ner mot elsparkcyklar\",\"datePublished\":\"2024-06-19T14:20:49+00:00\",\"mainEntityOfPage\":{\"@id\":\"https:\\\/\\\/lightweb.dev\\\/l\\\/svm-temp\\\/nyheter\\\/malaga-slar-ner-mot-elsparkcyklar\\\/\"},\"wordCount\":305,\"publisher\":{\"@id\":\"https:\\\/\\\/lightweb.dev\\\/l\\\/svm-temp\\\/#organization\"},\"image\":{\"@id\":\"https:\\\/\\\/lightweb.dev\\\/l\\\/svm-temp\\\/nyheter\\\/malaga-slar-ner-mot-elsparkcyklar\\\/#primaryimage\"},\"thumbnailUrl\":\"https:\\\/\\\/lightweb.dev\\\/l\\\/svm-temp\\\/wp-content\\\/uploads\\\/2022\\\/06\\\/protester-fran-elskoteranvandarna-mot-nya-trafikregler.png\",\"articleSection\":[\"Arkiv\",\"Nyheter\"],\"inLanguage\":\"sv-SE\"},{\"@type\":\"WebPage\",\"@id\":\"https:\\\/\\\/lightweb.dev\\\/l\\\/svm-temp\\\/nyheter\\\/malaga-slar-ner-mot-elsparkcyklar\\\/\",\"url\":\"https:\\\/\\\/lightweb.dev\\\/l\\\/svm-temp\\\/nyheter\\\/malaga-slar-ner-mot-elsparkcyklar\\\/\",\"name\":\"M\u00e1laga sl\u00e5r ner mot elsparkcyklar - Svenska Magasinet\",\"isPartOf\":{\"@id\":\"https:\\\/\\\/lightweb.dev\\\/l\\\/svm-temp\\\/#website\"},\"primaryImageOfPage\":{\"@id\":\"https:\\\/\\\/lightweb.dev\\\/l\\\/svm-temp\\\/nyheter\\\/malaga-slar-ner-mot-elsparkcyklar\\\/#primaryimage\"},\"image\":{\"@id\":\"https:\\\/\\\/lightweb.dev\\\/l\\\/svm-temp\\\/nyheter\\\/malaga-slar-ner-mot-elsparkcyklar\\\/#primaryimage\"},\"thumbnailUrl\":\"https:\\\/\\\/lightweb.dev\\\/l\\\/svm-temp\\\/wp-content\\\/uploads\\\/2022\\\/06\\\/protester-fran-elskoteranvandarna-mot-nya-trafikregler.png\",\"datePublished\":\"2024-06-19T14:20:49+00:00\",\"breadcrumb\":{\"@id\":\"https:\\\/\\\/lightweb.dev\\\/l\\\/svm-temp\\\/nyheter\\\/malaga-slar-ner-mot-elsparkcyklar\\\/#breadcrumb\"},\"inLanguage\":\"sv-SE\",\"potentialAction\":[{\"@type\":\"ReadAction\",\"target\":[\"https:\\\/\\\/lightweb.dev\\\/l\\\/svm-temp\\\/nyheter\\\/malaga-slar-ner-mot-elsparkcyklar\\\/\"]}]},{\"@type\":\"ImageObject\",\"inLanguage\":\"sv-SE\",\"@id\":\"https:\\\/\\\/lightweb.dev\\\/l\\\/svm-temp\\\/nyheter\\\/malaga-slar-ner-mot-elsparkcyklar\\\/#primaryimage\",\"url\":\"https:\\\/\\\/lightweb.dev\\\/l\\\/svm-temp\\\/wp-content\\\/uploads\\\/2022\\\/06\\\/protester-fran-elskoteranvandarna-mot-nya-trafikregler.png\",\"contentUrl\":\"https:\\\/\\\/lightweb.dev\\\/l\\\/svm-temp\\\/wp-content\\\/uploads\\\/2022\\\/06\\\/protester-fran-elskoteranvandarna-mot-nya-trafikregler.png\",\"width\":700,\"height\":420},{\"@type\":\"BreadcrumbList\",\"@id\":\"https:\\\/\\\/lightweb.dev\\\/l\\\/svm-temp\\\/nyheter\\\/malaga-slar-ner-mot-elsparkcyklar\\\/#breadcrumb\",\"itemListElement\":[{\"@type\":\"ListItem\",\"position\":1,\"name\":\"Hem\",\"item\":\"https:\\\/\\\/lightweb.dev\\\/l\\\/svm-temp\\\/\"},{\"@type\":\"ListItem\",\"position\":2,\"name\":\"M\u00e1laga sl\u00e5r ner mot elsparkcyklar\"}]},{\"@type\":\"WebSite\",\"@id\":\"https:\\\/\\\/lightweb.dev\\\/l\\\/svm-temp\\\/#website\",\"url\":\"https:\\\/\\\/lightweb.dev\\\/l\\\/svm-temp\\\/\",\"name\":\"Svenska Magasinet\",\"description\":\"Dina Spanska nyheter p&aring; Svenska\",\"publisher\":{\"@id\":\"https:\\\/\\\/lightweb.dev\\\/l\\\/svm-temp\\\/#organization\"},\"potentialAction\":[{\"@type\":\"SearchAction\",\"target\":{\"@type\":\"EntryPoint\",\"urlTemplate\":\"https:\\\/\\\/lightweb.dev\\\/l\\\/svm-temp\\\/?s={search_term_string}\"},\"query-input\":{\"@type\":\"PropertyValueSpecification\",\"valueRequired\":true,\"valueName\":\"search_term_string\"}}],\"inLanguage\":\"sv-SE\"},{\"@type\":\"Organization\",\"@id\":\"https:\\\/\\\/lightweb.dev\\\/l\\\/svm-temp\\\/#organization\",\"name\":\"Melkerson y Nott SL\",\"alternateName\":\"Svenska Magasinet\",\"url\":\"https:\\\/\\\/lightweb.dev\\\/l\\\/svm-temp\\\/\",\"logo\":{\"@type\":\"ImageObject\",\"inLanguage\":\"sv-SE\",\"@id\":\"https:\\\/\\\/lightweb.dev\\\/l\\\/svm-temp\\\/#\\\/schema\\\/logo\\\/image\\\/\",\"url\":\"https:\\\/\\\/lightweb.dev\\\/l\\\/svm-temp\\\/wp-content\\\/uploads\\\/2025\\\/02\\\/SvM-logo-Xtra-Centrerad-SVART.png\",\"contentUrl\":\"https:\\\/\\\/lightweb.dev\\\/l\\\/svm-temp\\\/wp-content\\\/uploads\\\/2025\\\/02\\\/SvM-logo-Xtra-Centrerad-SVART.png\",\"width\":300,\"height\":99,\"caption\":\"Melkerson y Nott SL\"},\"image\":{\"@id\":\"https:\\\/\\\/lightweb.dev\\\/l\\\/svm-temp\\\/#\\\/schema\\\/logo\\\/image\\\/\"},\"sameAs\":[\"https:\\\/\\\/www.facebook.com\\\/svenskamagasinet\",\"https:\\\/\\\/x.com\\\/SvenskaMagasine\"]},{\"@type\":\"Person\",\"@id\":\"https:\\\/\\\/lightweb.dev\\\/l\\\/svm-temp\\\/#\\\/schema\\\/person\\\/caffe038990d25722f5a04a03c906a2b\",\"name\":\"Robbie Eriksson\",\"sameAs\":[\"https:\\\/\\\/lightweb.dev\\\/l\\\/svm-temp\"],\"url\":\"https:\\\/\\\/lightweb.dev\\\/l\\\/svm-temp\\\/reporter\\\/robbie-eriksson\\\/\"}]}<\/script>\n<!-- \/ Yoast SEO Premium plugin. -->","yoast_head_json":{"title":"M\u00e1laga sl\u00e5r ner mot elsparkcyklar - Svenska Magasinet","robots":{"index":"noindex","follow":"follow","max-snippet":"max-snippet:-1","max-image-preview":"max-image-preview:large","max-video-preview":"max-video-preview:-1"},"og_locale":"sv_SE","og_type":"article","og_title":"M\u00e1laga sl\u00e5r ner mot elsparkcyklar","og_description":"Lokalpolisen i M\u00e1laga har b\u00f6tf\u00e4llt 82 personer som k\u00f6rt elsparkcykel f\u00f6r \u00f6vertr\u00e4delser i trafiken. Detta \u00e4r en del i en satsning f\u00f6r att \u00f6ka s\u00e4kerheten p\u00e5 stadens gator som lanserades av stadshuset i slutet av maj.\u00a0","og_url":"https:\/\/lightweb.dev\/l\/svm-temp\/nyheter\/malaga-slar-ner-mot-elsparkcyklar\/","og_site_name":"Svenska Magasinet","article_publisher":"https:\/\/www.facebook.com\/svenskamagasinet","article_published_time":"2024-06-19T14:20:49+00:00","og_image":[{"width":700,"height":420,"url":"https:\/\/lightweb.dev\/l\/svm-temp\/wp-content\/uploads\/2022\/06\/protester-fran-elskoteranvandarna-mot-nya-trafikregler.png","type":"image\/png"}],"author":"Robbie Eriksson","twitter_card":"summary_large_image","twitter_creator":"@SvenskaMagasine","twitter_site":"@SvenskaMagasine","schema":{"@context":"https:\/\/schema.org","@graph":[{"@type":"Article","@id":"https:\/\/lightweb.dev\/l\/svm-temp\/nyheter\/malaga-slar-ner-mot-elsparkcyklar\/#article","isPartOf":{"@id":"https:\/\/lightweb.dev\/l\/svm-temp\/nyheter\/malaga-slar-ner-mot-elsparkcyklar\/"},"author":{"name":"Robbie Eriksson","@id":"https:\/\/lightweb.dev\/l\/svm-temp\/#\/schema\/person\/caffe038990d25722f5a04a03c906a2b"},"headline":"M\u00e1laga sl\u00e5r ner mot elsparkcyklar","datePublished":"2024-06-19T14:20:49+00:00","mainEntityOfPage":{"@id":"https:\/\/lightweb.dev\/l\/svm-temp\/nyheter\/malaga-slar-ner-mot-elsparkcyklar\/"},"wordCount":305,"publisher":{"@id":"https:\/\/lightweb.dev\/l\/svm-temp\/#organization"},"image":{"@id":"https:\/\/lightweb.dev\/l\/svm-temp\/nyheter\/malaga-slar-ner-mot-elsparkcyklar\/#primaryimage"},"thumbnailUrl":"https:\/\/lightweb.dev\/l\/svm-temp\/wp-content\/uploads\/2022\/06\/protester-fran-elskoteranvandarna-mot-nya-trafikregler.png","articleSection":["Arkiv","Nyheter"],"inLanguage":"sv-SE"},{"@type":"WebPage","@id":"https:\/\/lightweb.dev\/l\/svm-temp\/nyheter\/malaga-slar-ner-mot-elsparkcyklar\/","url":"https:\/\/lightweb.dev\/l\/svm-temp\/nyheter\/malaga-slar-ner-mot-elsparkcyklar\/","name":"M\u00e1laga sl\u00e5r ner mot elsparkcyklar - Svenska Magasinet","isPartOf":{"@id":"https:\/\/lightweb.dev\/l\/svm-temp\/#website"},"primaryImageOfPage":{"@id":"https:\/\/lightweb.dev\/l\/svm-temp\/nyheter\/malaga-slar-ner-mot-elsparkcyklar\/#primaryimage"},"image":{"@id":"https:\/\/lightweb.dev\/l\/svm-temp\/nyheter\/malaga-slar-ner-mot-elsparkcyklar\/#primaryimage"},"thumbnailUrl":"https:\/\/lightweb.dev\/l\/svm-temp\/wp-content\/uploads\/2022\/06\/protester-fran-elskoteranvandarna-mot-nya-trafikregler.png","datePublished":"2024-06-19T14:20:49+00:00","breadcrumb":{"@id":"https:\/\/lightweb.dev\/l\/svm-temp\/nyheter\/malaga-slar-ner-mot-elsparkcyklar\/#breadcrumb"},"inLanguage":"sv-SE","potentialAction":[{"@type":"ReadAction","target":["https:\/\/lightweb.dev\/l\/svm-temp\/nyheter\/malaga-slar-ner-mot-elsparkcyklar\/"]}]},{"@type":"ImageObject","inLanguage":"sv-SE","@id":"https:\/\/lightweb.dev\/l\/svm-temp\/nyheter\/malaga-slar-ner-mot-elsparkcyklar\/#primaryimage","url":"https:\/\/lightweb.dev\/l\/svm-temp\/wp-content\/uploads\/2022\/06\/protester-fran-elskoteranvandarna-mot-nya-trafikregler.png","contentUrl":"https:\/\/lightweb.dev\/l\/svm-temp\/wp-content\/uploads\/2022\/06\/protester-fran-elskoteranvandarna-mot-nya-trafikregler.png","width":700,"height":420},{"@type":"BreadcrumbList","@id":"https:\/\/lightweb.dev\/l\/svm-temp\/nyheter\/malaga-slar-ner-mot-elsparkcyklar\/#breadcrumb","itemListElement":[{"@type":"ListItem","position":1,"name":"Hem","item":"https:\/\/lightweb.dev\/l\/svm-temp\/"},{"@type":"ListItem","position":2,"name":"M\u00e1laga sl\u00e5r ner mot elsparkcyklar"}]},{"@type":"WebSite","@id":"https:\/\/lightweb.dev\/l\/svm-temp\/#website","url":"https:\/\/lightweb.dev\/l\/svm-temp\/","name":"Svenska Magasinet","description":"Dina Spanska nyheter p&aring; Svenska","publisher":{"@id":"https:\/\/lightweb.dev\/l\/svm-temp\/#organization"},"potentialAction":[{"@type":"SearchAction","target":{"@type":"EntryPoint","urlTemplate":"https:\/\/lightweb.dev\/l\/svm-temp\/?s={search_term_string}"},"query-input":{"@type":"PropertyValueSpecification","valueRequired":true,"valueName":"search_term_string"}}],"inLanguage":"sv-SE"},{"@type":"Organization","@id":"https:\/\/lightweb.dev\/l\/svm-temp\/#organization","name":"Melkerson y Nott SL","alternateName":"Svenska Magasinet","url":"https:\/\/lightweb.dev\/l\/svm-temp\/","logo":{"@type":"ImageObject","inLanguage":"sv-SE","@id":"https:\/\/lightweb.dev\/l\/svm-temp\/#\/schema\/logo\/image\/","url":"https:\/\/lightweb.dev\/l\/svm-temp\/wp-content\/uploads\/2025\/02\/SvM-logo-Xtra-Centrerad-SVART.png","contentUrl":"https:\/\/lightweb.dev\/l\/svm-temp\/wp-content\/uploads\/2025\/02\/SvM-logo-Xtra-Centrerad-SVART.png","width":300,"height":99,"caption":"Melkerson y Nott SL"},"image":{"@id":"https:\/\/lightweb.dev\/l\/svm-temp\/#\/schema\/logo\/image\/"},"sameAs":["https:\/\/www.facebook.com\/svenskamagasinet","https:\/\/x.com\/SvenskaMagasine"]},{"@type":"Person","@id":"https:\/\/lightweb.dev\/l\/svm-temp\/#\/schema\/person\/caffe038990d25722f5a04a03c906a2b","name":"Robbie Eriksson","sameAs":["https:\/\/lightweb.dev\/l\/svm-temp"],"url":"https:\/\/lightweb.dev\/l\/svm-temp\/reporter\/robbie-eriksson\/"}]}},"_links":{"self":[{"href":"https:\/\/lightweb.dev\/l\/svm-temp\/wp-json\/wp\/v2\/posts\/72836","targetHints":{"allow":["GET"]}}],"collection":[{"href":"https:\/\/lightweb.dev\/l\/svm-temp\/wp-json\/wp\/v2\/posts"}],"about":[{"href":"https:\/\/lightweb.dev\/l\/svm-temp\/wp-json\/wp\/v2\/types\/post"}],"author":[{"embeddable":true,"href":"https:\/\/lightweb.dev\/l\/svm-temp\/wp-json\/wp\/v2\/users\/14"}],"replies":[{"embeddable":true,"href":"https:\/\/lightweb.dev\/l\/svm-temp\/wp-json\/wp\/v2\/comments?post=72836"}],"version-history":[{"count":0,"href":"https:\/\/lightweb.dev\/l\/svm-temp\/wp-json\/wp\/v2\/posts\/72836\/revisions"}],"wp:featuredmedia":[{"embeddable":true,"href":"https:\/\/lightweb.dev\/l\/svm-temp\/wp-json\/wp\/v2\/media\/15834"}],"wp:attachment":[{"href":"https:\/\/lightweb.dev\/l\/svm-temp\/wp-json\/wp\/v2\/media?parent=72836"}],"wp:term":[{"taxonomy":"category","embeddable":true,"href":"https:\/\/lightweb.dev\/l\/svm-temp\/wp-json\/wp\/v2\/categories?post=72836"},{"taxonomy":"post_tag","embeddable":true,"href":"https:\/\/lightweb.dev\/l\/svm-temp\/wp-json\/wp\/v2\/tags?post=72836"}],"curies":[{"name":"wp","href":"https:\/\/api.w.org\/{rel}","templated":true}]}}