{"id":72845,"date":"2024-06-20T10:14:47","date_gmt":"2024-06-20T08:14:47","guid":{"rendered":"https:\/\/lightweb.dev\/l\/svm-temp\/?p=72845"},"modified":"2024-06-20T10:24:59","modified_gmt":"2024-06-20T08:24:59","slug":"mediehusens-branschorganisation-forsvarar-ratten-till-informationsfrihet","status":"publish","type":"post","link":"https:\/\/lightweb.dev\/l\/svm-temp\/nyheter\/mediehusens-branschorganisation-forsvarar-ratten-till-informationsfrihet\/","title":{"rendered":"Mediehusens branschorganisation f\u00f6rsvarar r\u00e4tten till informationsfrihet"},"content":{"rendered":"<p><strong>I s\u00f6ndags ber\u00e4ttade Spaniens regeringschef Pedro S\u00e1nchez att han i juli m\u00e5nad ska presentera en handlingsplan mot det som han beskriver som \u201dpseudomedier\u201d i konservativa kretsar som sprider \u201dfake news\u201d om honom och hans familj.<\/strong><\/p>\n<p>Nu reagerar AMI (Asociaci\u00f3n de Medios de Informaci\u00f3n) som \u00e4r en branschorganisation f\u00f6r spanska f\u00f6retag som \u00e4r verksamma inom medieomr\u00e5det.<\/p>\n<p>AMI f\u00f6rsvarar r\u00e4tten till informationsfrihet inf\u00f6r S\u00e1nchez handlingsplan mot vissa \u201dpseudomedier\u201d. Det \u00e4r en v\u00e4sentlig r\u00e4ttighet som alla andra medborgarr\u00e4ttigheter och friheter bygger p\u00e5, framh\u00e5ller AMI i ett uttalande.<\/p>\n<p>\u201dMedierna som ing\u00e5r i AMI utf\u00f6r sitt arbete med ansvar, professionalism och transparens och reagerar alltid p\u00e5 om eventuella fel beg\u00e5s med beslut vid domstolar och med v\u00e5r trov\u00e4rdighet inf\u00f6r den allm\u00e4nna opinionen\u201d skriver AMI.<\/p>\n<h2 class=\"entry-title\">L\u00e4s mer: <a href=\"https:\/\/lightweb.dev\/l\/svm-temp\/nyheter\/pressfrihetens-dag-sluta-attackera-press-och-journalister-for-att-tysta-kritiska-roster\/\">Pressfrihetens Dag: Sluta attackera press och journalister f\u00f6r att tysta kritiska r\u00f6ster<\/a><\/h2>\n<p>Medier m\u00e5ste kunna utf\u00f6ra sitt informativa arbete fritt till f\u00f6rm\u00e5n f\u00f6r ett \u00f6ppet samh\u00e4lle med m\u00e4nniskor som bed\u00f6ms vara tillr\u00e4ckligt mogna till att fatta sina beslut utan begr\u00e4nsningar av n\u00e5got slag. \u00c4ven om det betyder att n\u00e5gon regeringsrepresentant m\u00e5ste l\u00e4sa eller lyssna p\u00e5 nyheter som \u00e4r obekv\u00e4ma.<\/p>\n<p>H\u00e4r spelar informations- och yttrandefriheten en viktig roll att \u00e4ven kunna till\u00e5ta information som \u00e4r obekv\u00e4m eller som inte den stor styr tycker om, menar AMI.<\/p>\n<p>Artikel 19 i FN:s allm\u00e4nna f\u00f6rklaring om de m\u00e4nskliga r\u00e4ttigheterna s\u00e4ger att var och en har r\u00e4tt till \u00e5siktsfrihet och yttrandefrihet. Denna r\u00e4tt innefattar frihet att utan ingripande hysa \u00e5sikter samt s\u00f6ka, ta emot och sprida information och id\u00e9er med hj\u00e4lp av alla uttrycksmedel och oberoende av gr\u00e4nser.<\/p>\n","protected":false},"excerpt":{"rendered":"<p>I s\u00f6ndags ber\u00e4ttade Spaniens regeringschef Pedro S\u00e1nchez att han i juli m\u00e5nad ska presentera en handlingsplan mot det som han beskriver som \u201dpseudomedier\u201d i konservativa kretsar som sprider \u201dfake news\u201d om honom och hans familj&#8230;<\/p>\n","protected":false},"author":7,"featured_media":71318,"comment_status":"closed","ping_status":"closed","sticky":false,"template":"","format":"standard","meta":{"_et_pb_use_builder":"","_et_pb_old_content":"","_et_gb_content_width":"","footnotes":""},"categories":[395,3],"tags":[],"class_list":["post-72845","post","type-post","status-publish","format-standard","has-post-thumbnail","hentry","category-arkiv-nyheter","category-nyheter"],"yoast_head":"<!-- This site is optimized with the Yoast SEO Premium plugin v26.2 (Yoast SEO v27.5) - https:\/\/yoast.com\/product\/yoast-seo-premium-wordpress\/ -->\n<title>Mediehusens branschorganisation f\u00f6rsvarar r\u00e4tten till informationsfrihet - Svenska Magasinet<\/title>\n<meta name=\"description\" content=\"I s\u00f6ndags ber\u00e4ttade Spaniens regeringschef Pedro S\u00e1nchez att han i juli m\u00e5nad ska presentera en handlingsplan mot det som han beskriver lag som \u201dpseudomedier\u201d i konservativa kretsar som sprider \u201dfake news\u201d om honom och hans familj.\" \/>\n<meta name=\"robots\" content=\"noindex, follow, max-snippet:-1, max-image-preview:large, max-video-preview:-1\" \/>\n<meta property=\"og:locale\" content=\"sv_SE\" \/>\n<meta property=\"og:type\" content=\"article\" \/>\n<meta property=\"og:title\" content=\"Mediehusens branschorganisation f\u00f6rsvarar r\u00e4tten till informationsfrihet\" \/>\n<meta property=\"og:description\" content=\"I s\u00f6ndags ber\u00e4ttade Spaniens regeringschef Pedro S\u00e1nchez att han i juli m\u00e5nad ska presentera en handlingsplan mot det som han beskriver lag som \u201dpseudomedier\u201d i konservativa kretsar som sprider \u201dfake news\u201d om honom och hans familj.\" \/>\n<meta property=\"og:url\" content=\"https:\/\/lightweb.dev\/l\/svm-temp\/nyheter\/mediehusens-branschorganisation-forsvarar-ratten-till-informationsfrihet\/\" \/>\n<meta property=\"og:site_name\" content=\"Svenska Magasinet\" \/>\n<meta property=\"article:publisher\" content=\"https:\/\/www.facebook.com\/svenskamagasinet\" \/>\n<meta property=\"article:published_time\" content=\"2024-06-20T08:14:47+00:00\" \/>\n<meta property=\"article:modified_time\" content=\"2024-06-20T08:24:59+00:00\" \/>\n<meta property=\"og:image\" content=\"https:\/\/lightweb.dev\/l\/svm-temp\/wp-content\/uploads\/2024\/04\/old-texture-newspapers-stack-arrangement-stor.jpeg\" \/>\n\t<meta property=\"og:image:width\" content=\"1280\" \/>\n\t<meta property=\"og:image:height\" content=\"853\" \/>\n\t<meta property=\"og:image:type\" content=\"image\/jpeg\" \/>\n<meta name=\"author\" content=\"Ola Josefsson\" \/>\n<meta name=\"twitter:card\" content=\"summary_large_image\" \/>\n<meta name=\"twitter:creator\" content=\"@SvenskaMagasine\" \/>\n<meta name=\"twitter:site\" content=\"@SvenskaMagasine\" \/>\n<script type=\"application\/ld+json\" class=\"yoast-schema-graph\">{\"@context\":\"https:\\\/\\\/schema.org\",\"@graph\":[{\"@type\":\"Article\",\"@id\":\"https:\\\/\\\/lightweb.dev\\\/l\\\/svm-temp\\\/nyheter\\\/mediehusens-branschorganisation-forsvarar-ratten-till-informationsfrihet\\\/#article\",\"isPartOf\":{\"@id\":\"https:\\\/\\\/lightweb.dev\\\/l\\\/svm-temp\\\/nyheter\\\/mediehusens-branschorganisation-forsvarar-ratten-till-informationsfrihet\\\/\"},\"author\":{\"name\":\"Ola Josefsson\",\"@id\":\"https:\\\/\\\/lightweb.dev\\\/l\\\/svm-temp\\\/#\\\/schema\\\/person\\\/7a82b8a73d171d32360a564b6d03508e\"},\"headline\":\"Mediehusens branschorganisation f\u00f6rsvarar r\u00e4tten till informationsfrihet\",\"datePublished\":\"2024-06-20T08:14:47+00:00\",\"dateModified\":\"2024-06-20T08:24:59+00:00\",\"mainEntityOfPage\":{\"@id\":\"https:\\\/\\\/lightweb.dev\\\/l\\\/svm-temp\\\/nyheter\\\/mediehusens-branschorganisation-forsvarar-ratten-till-informationsfrihet\\\/\"},\"wordCount\":318,\"publisher\":{\"@id\":\"https:\\\/\\\/lightweb.dev\\\/l\\\/svm-temp\\\/#organization\"},\"image\":{\"@id\":\"https:\\\/\\\/lightweb.dev\\\/l\\\/svm-temp\\\/nyheter\\\/mediehusens-branschorganisation-forsvarar-ratten-till-informationsfrihet\\\/#primaryimage\"},\"thumbnailUrl\":\"https:\\\/\\\/lightweb.dev\\\/l\\\/svm-temp\\\/wp-content\\\/uploads\\\/2024\\\/04\\\/old-texture-newspapers-stack-arrangement-stor.jpeg\",\"articleSection\":[\"Arkiv\",\"Nyheter\"],\"inLanguage\":\"sv-SE\"},{\"@type\":\"WebPage\",\"@id\":\"https:\\\/\\\/lightweb.dev\\\/l\\\/svm-temp\\\/nyheter\\\/mediehusens-branschorganisation-forsvarar-ratten-till-informationsfrihet\\\/\",\"url\":\"https:\\\/\\\/lightweb.dev\\\/l\\\/svm-temp\\\/nyheter\\\/mediehusens-branschorganisation-forsvarar-ratten-till-informationsfrihet\\\/\",\"name\":\"Mediehusens branschorganisation f\u00f6rsvarar r\u00e4tten till informationsfrihet - Svenska Magasinet\",\"isPartOf\":{\"@id\":\"https:\\\/\\\/lightweb.dev\\\/l\\\/svm-temp\\\/#website\"},\"primaryImageOfPage\":{\"@id\":\"https:\\\/\\\/lightweb.dev\\\/l\\\/svm-temp\\\/nyheter\\\/mediehusens-branschorganisation-forsvarar-ratten-till-informationsfrihet\\\/#primaryimage\"},\"image\":{\"@id\":\"https:\\\/\\\/lightweb.dev\\\/l\\\/svm-temp\\\/nyheter\\\/mediehusens-branschorganisation-forsvarar-ratten-till-informationsfrihet\\\/#primaryimage\"},\"thumbnailUrl\":\"https:\\\/\\\/lightweb.dev\\\/l\\\/svm-temp\\\/wp-content\\\/uploads\\\/2024\\\/04\\\/old-texture-newspapers-stack-arrangement-stor.jpeg\",\"datePublished\":\"2024-06-20T08:14:47+00:00\",\"dateModified\":\"2024-06-20T08:24:59+00:00\",\"description\":\"I s\u00f6ndags ber\u00e4ttade Spaniens regeringschef Pedro S\u00e1nchez att han i juli m\u00e5nad ska presentera en handlingsplan mot det som han beskriver lag som \u201dpseudomedier\u201d i konservativa kretsar som sprider \u201dfake news\u201d om honom och hans familj.\",\"breadcrumb\":{\"@id\":\"https:\\\/\\\/lightweb.dev\\\/l\\\/svm-temp\\\/nyheter\\\/mediehusens-branschorganisation-forsvarar-ratten-till-informationsfrihet\\\/#breadcrumb\"},\"inLanguage\":\"sv-SE\",\"potentialAction\":[{\"@type\":\"ReadAction\",\"target\":[\"https:\\\/\\\/lightweb.dev\\\/l\\\/svm-temp\\\/nyheter\\\/mediehusens-branschorganisation-forsvarar-ratten-till-informationsfrihet\\\/\"]}]},{\"@type\":\"ImageObject\",\"inLanguage\":\"sv-SE\",\"@id\":\"https:\\\/\\\/lightweb.dev\\\/l\\\/svm-temp\\\/nyheter\\\/mediehusens-branschorganisation-forsvarar-ratten-till-informationsfrihet\\\/#primaryimage\",\"url\":\"https:\\\/\\\/lightweb.dev\\\/l\\\/svm-temp\\\/wp-content\\\/uploads\\\/2024\\\/04\\\/old-texture-newspapers-stack-arrangement-stor.jpeg\",\"contentUrl\":\"https:\\\/\\\/lightweb.dev\\\/l\\\/svm-temp\\\/wp-content\\\/uploads\\\/2024\\\/04\\\/old-texture-newspapers-stack-arrangement-stor.jpeg\",\"width\":1280,\"height\":853,\"caption\":\"(Foto: Freepik)\"},{\"@type\":\"BreadcrumbList\",\"@id\":\"https:\\\/\\\/lightweb.dev\\\/l\\\/svm-temp\\\/nyheter\\\/mediehusens-branschorganisation-forsvarar-ratten-till-informationsfrihet\\\/#breadcrumb\",\"itemListElement\":[{\"@type\":\"ListItem\",\"position\":1,\"name\":\"Hem\",\"item\":\"https:\\\/\\\/lightweb.dev\\\/l\\\/svm-temp\\\/\"},{\"@type\":\"ListItem\",\"position\":2,\"name\":\"Mediehusens branschorganisation f\u00f6rsvarar r\u00e4tten till informationsfrihet\"}]},{\"@type\":\"WebSite\",\"@id\":\"https:\\\/\\\/lightweb.dev\\\/l\\\/svm-temp\\\/#website\",\"url\":\"https:\\\/\\\/lightweb.dev\\\/l\\\/svm-temp\\\/\",\"name\":\"Svenska Magasinet\",\"description\":\"Dina Spanska nyheter p&aring; Svenska\",\"publisher\":{\"@id\":\"https:\\\/\\\/lightweb.dev\\\/l\\\/svm-temp\\\/#organization\"},\"potentialAction\":[{\"@type\":\"SearchAction\",\"target\":{\"@type\":\"EntryPoint\",\"urlTemplate\":\"https:\\\/\\\/lightweb.dev\\\/l\\\/svm-temp\\\/?s={search_term_string}\"},\"query-input\":{\"@type\":\"PropertyValueSpecification\",\"valueRequired\":true,\"valueName\":\"search_term_string\"}}],\"inLanguage\":\"sv-SE\"},{\"@type\":\"Organization\",\"@id\":\"https:\\\/\\\/lightweb.dev\\\/l\\\/svm-temp\\\/#organization\",\"name\":\"Melkerson y Nott SL\",\"alternateName\":\"Svenska Magasinet\",\"url\":\"https:\\\/\\\/lightweb.dev\\\/l\\\/svm-temp\\\/\",\"logo\":{\"@type\":\"ImageObject\",\"inLanguage\":\"sv-SE\",\"@id\":\"https:\\\/\\\/lightweb.dev\\\/l\\\/svm-temp\\\/#\\\/schema\\\/logo\\\/image\\\/\",\"url\":\"https:\\\/\\\/lightweb.dev\\\/l\\\/svm-temp\\\/wp-content\\\/uploads\\\/2025\\\/02\\\/SvM-logo-Xtra-Centrerad-SVART.png\",\"contentUrl\":\"https:\\\/\\\/lightweb.dev\\\/l\\\/svm-temp\\\/wp-content\\\/uploads\\\/2025\\\/02\\\/SvM-logo-Xtra-Centrerad-SVART.png\",\"width\":300,\"height\":99,\"caption\":\"Melkerson y Nott SL\"},\"image\":{\"@id\":\"https:\\\/\\\/lightweb.dev\\\/l\\\/svm-temp\\\/#\\\/schema\\\/logo\\\/image\\\/\"},\"sameAs\":[\"https:\\\/\\\/www.facebook.com\\\/svenskamagasinet\",\"https:\\\/\\\/x.com\\\/SvenskaMagasine\"]},{\"@type\":\"Person\",\"@id\":\"https:\\\/\\\/lightweb.dev\\\/l\\\/svm-temp\\\/#\\\/schema\\\/person\\\/7a82b8a73d171d32360a564b6d03508e\",\"name\":\"Ola Josefsson\",\"description\":\"Bevakar Solkusten och Spanien sedan 1994.\",\"sameAs\":[\"https:\\\/\\\/lightweb.dev\\\/l\\\/svm-temp\"],\"url\":\"https:\\\/\\\/lightweb.dev\\\/l\\\/svm-temp\\\/reporter\\\/ola-josefsson\\\/\"}]}<\/script>\n<!-- \/ Yoast SEO Premium plugin. -->","yoast_head_json":{"title":"Mediehusens branschorganisation f\u00f6rsvarar r\u00e4tten till informationsfrihet - Svenska Magasinet","description":"I s\u00f6ndags ber\u00e4ttade Spaniens regeringschef Pedro S\u00e1nchez att han i juli m\u00e5nad ska presentera en handlingsplan mot det som han beskriver lag som \u201dpseudomedier\u201d i konservativa kretsar som sprider \u201dfake news\u201d om honom och hans familj.","robots":{"index":"noindex","follow":"follow","max-snippet":"max-snippet:-1","max-image-preview":"max-image-preview:large","max-video-preview":"max-video-preview:-1"},"og_locale":"sv_SE","og_type":"article","og_title":"Mediehusens branschorganisation f\u00f6rsvarar r\u00e4tten till informationsfrihet","og_description":"I s\u00f6ndags ber\u00e4ttade Spaniens regeringschef Pedro S\u00e1nchez att han i juli m\u00e5nad ska presentera en handlingsplan mot det som han beskriver lag som \u201dpseudomedier\u201d i konservativa kretsar som sprider \u201dfake news\u201d om honom och hans familj.","og_url":"https:\/\/lightweb.dev\/l\/svm-temp\/nyheter\/mediehusens-branschorganisation-forsvarar-ratten-till-informationsfrihet\/","og_site_name":"Svenska Magasinet","article_publisher":"https:\/\/www.facebook.com\/svenskamagasinet","article_published_time":"2024-06-20T08:14:47+00:00","article_modified_time":"2024-06-20T08:24:59+00:00","og_image":[{"width":1280,"height":853,"url":"https:\/\/lightweb.dev\/l\/svm-temp\/wp-content\/uploads\/2024\/04\/old-texture-newspapers-stack-arrangement-stor.jpeg","type":"image\/jpeg"}],"author":"Ola Josefsson","twitter_card":"summary_large_image","twitter_creator":"@SvenskaMagasine","twitter_site":"@SvenskaMagasine","schema":{"@context":"https:\/\/schema.org","@graph":[{"@type":"Article","@id":"https:\/\/lightweb.dev\/l\/svm-temp\/nyheter\/mediehusens-branschorganisation-forsvarar-ratten-till-informationsfrihet\/#article","isPartOf":{"@id":"https:\/\/lightweb.dev\/l\/svm-temp\/nyheter\/mediehusens-branschorganisation-forsvarar-ratten-till-informationsfrihet\/"},"author":{"name":"Ola Josefsson","@id":"https:\/\/lightweb.dev\/l\/svm-temp\/#\/schema\/person\/7a82b8a73d171d32360a564b6d03508e"},"headline":"Mediehusens branschorganisation f\u00f6rsvarar r\u00e4tten till informationsfrihet","datePublished":"2024-06-20T08:14:47+00:00","dateModified":"2024-06-20T08:24:59+00:00","mainEntityOfPage":{"@id":"https:\/\/lightweb.dev\/l\/svm-temp\/nyheter\/mediehusens-branschorganisation-forsvarar-ratten-till-informationsfrihet\/"},"wordCount":318,"publisher":{"@id":"https:\/\/lightweb.dev\/l\/svm-temp\/#organization"},"image":{"@id":"https:\/\/lightweb.dev\/l\/svm-temp\/nyheter\/mediehusens-branschorganisation-forsvarar-ratten-till-informationsfrihet\/#primaryimage"},"thumbnailUrl":"https:\/\/lightweb.dev\/l\/svm-temp\/wp-content\/uploads\/2024\/04\/old-texture-newspapers-stack-arrangement-stor.jpeg","articleSection":["Arkiv","Nyheter"],"inLanguage":"sv-SE"},{"@type":"WebPage","@id":"https:\/\/lightweb.dev\/l\/svm-temp\/nyheter\/mediehusens-branschorganisation-forsvarar-ratten-till-informationsfrihet\/","url":"https:\/\/lightweb.dev\/l\/svm-temp\/nyheter\/mediehusens-branschorganisation-forsvarar-ratten-till-informationsfrihet\/","name":"Mediehusens branschorganisation f\u00f6rsvarar r\u00e4tten till informationsfrihet - Svenska Magasinet","isPartOf":{"@id":"https:\/\/lightweb.dev\/l\/svm-temp\/#website"},"primaryImageOfPage":{"@id":"https:\/\/lightweb.dev\/l\/svm-temp\/nyheter\/mediehusens-branschorganisation-forsvarar-ratten-till-informationsfrihet\/#primaryimage"},"image":{"@id":"https:\/\/lightweb.dev\/l\/svm-temp\/nyheter\/mediehusens-branschorganisation-forsvarar-ratten-till-informationsfrihet\/#primaryimage"},"thumbnailUrl":"https:\/\/lightweb.dev\/l\/svm-temp\/wp-content\/uploads\/2024\/04\/old-texture-newspapers-stack-arrangement-stor.jpeg","datePublished":"2024-06-20T08:14:47+00:00","dateModified":"2024-06-20T08:24:59+00:00","description":"I s\u00f6ndags ber\u00e4ttade Spaniens regeringschef Pedro S\u00e1nchez att han i juli m\u00e5nad ska presentera en handlingsplan mot det som han beskriver lag som \u201dpseudomedier\u201d i konservativa kretsar som sprider \u201dfake news\u201d om honom och hans familj.","breadcrumb":{"@id":"https:\/\/lightweb.dev\/l\/svm-temp\/nyheter\/mediehusens-branschorganisation-forsvarar-ratten-till-informationsfrihet\/#breadcrumb"},"inLanguage":"sv-SE","potentialAction":[{"@type":"ReadAction","target":["https:\/\/lightweb.dev\/l\/svm-temp\/nyheter\/mediehusens-branschorganisation-forsvarar-ratten-till-informationsfrihet\/"]}]},{"@type":"ImageObject","inLanguage":"sv-SE","@id":"https:\/\/lightweb.dev\/l\/svm-temp\/nyheter\/mediehusens-branschorganisation-forsvarar-ratten-till-informationsfrihet\/#primaryimage","url":"https:\/\/lightweb.dev\/l\/svm-temp\/wp-content\/uploads\/2024\/04\/old-texture-newspapers-stack-arrangement-stor.jpeg","contentUrl":"https:\/\/lightweb.dev\/l\/svm-temp\/wp-content\/uploads\/2024\/04\/old-texture-newspapers-stack-arrangement-stor.jpeg","width":1280,"height":853,"caption":"(Foto: Freepik)"},{"@type":"BreadcrumbList","@id":"https:\/\/lightweb.dev\/l\/svm-temp\/nyheter\/mediehusens-branschorganisation-forsvarar-ratten-till-informationsfrihet\/#breadcrumb","itemListElement":[{"@type":"ListItem","position":1,"name":"Hem","item":"https:\/\/lightweb.dev\/l\/svm-temp\/"},{"@type":"ListItem","position":2,"name":"Mediehusens branschorganisation f\u00f6rsvarar r\u00e4tten till informationsfrihet"}]},{"@type":"WebSite","@id":"https:\/\/lightweb.dev\/l\/svm-temp\/#website","url":"https:\/\/lightweb.dev\/l\/svm-temp\/","name":"Svenska Magasinet","description":"Dina Spanska nyheter p&aring; Svenska","publisher":{"@id":"https:\/\/lightweb.dev\/l\/svm-temp\/#organization"},"potentialAction":[{"@type":"SearchAction","target":{"@type":"EntryPoint","urlTemplate":"https:\/\/lightweb.dev\/l\/svm-temp\/?s={search_term_string}"},"query-input":{"@type":"PropertyValueSpecification","valueRequired":true,"valueName":"search_term_string"}}],"inLanguage":"sv-SE"},{"@type":"Organization","@id":"https:\/\/lightweb.dev\/l\/svm-temp\/#organization","name":"Melkerson y Nott SL","alternateName":"Svenska Magasinet","url":"https:\/\/lightweb.dev\/l\/svm-temp\/","logo":{"@type":"ImageObject","inLanguage":"sv-SE","@id":"https:\/\/lightweb.dev\/l\/svm-temp\/#\/schema\/logo\/image\/","url":"https:\/\/lightweb.dev\/l\/svm-temp\/wp-content\/uploads\/2025\/02\/SvM-logo-Xtra-Centrerad-SVART.png","contentUrl":"https:\/\/lightweb.dev\/l\/svm-temp\/wp-content\/uploads\/2025\/02\/SvM-logo-Xtra-Centrerad-SVART.png","width":300,"height":99,"caption":"Melkerson y Nott SL"},"image":{"@id":"https:\/\/lightweb.dev\/l\/svm-temp\/#\/schema\/logo\/image\/"},"sameAs":["https:\/\/www.facebook.com\/svenskamagasinet","https:\/\/x.com\/SvenskaMagasine"]},{"@type":"Person","@id":"https:\/\/lightweb.dev\/l\/svm-temp\/#\/schema\/person\/7a82b8a73d171d32360a564b6d03508e","name":"Ola Josefsson","description":"Bevakar Solkusten och Spanien sedan 1994.","sameAs":["https:\/\/lightweb.dev\/l\/svm-temp"],"url":"https:\/\/lightweb.dev\/l\/svm-temp\/reporter\/ola-josefsson\/"}]}},"_links":{"self":[{"href":"https:\/\/lightweb.dev\/l\/svm-temp\/wp-json\/wp\/v2\/posts\/72845","targetHints":{"allow":["GET"]}}],"collection":[{"href":"https:\/\/lightweb.dev\/l\/svm-temp\/wp-json\/wp\/v2\/posts"}],"about":[{"href":"https:\/\/lightweb.dev\/l\/svm-temp\/wp-json\/wp\/v2\/types\/post"}],"author":[{"embeddable":true,"href":"https:\/\/lightweb.dev\/l\/svm-temp\/wp-json\/wp\/v2\/users\/7"}],"replies":[{"embeddable":true,"href":"https:\/\/lightweb.dev\/l\/svm-temp\/wp-json\/wp\/v2\/comments?post=72845"}],"version-history":[{"count":0,"href":"https:\/\/lightweb.dev\/l\/svm-temp\/wp-json\/wp\/v2\/posts\/72845\/revisions"}],"wp:featuredmedia":[{"embeddable":true,"href":"https:\/\/lightweb.dev\/l\/svm-temp\/wp-json\/wp\/v2\/media\/71318"}],"wp:attachment":[{"href":"https:\/\/lightweb.dev\/l\/svm-temp\/wp-json\/wp\/v2\/media?parent=72845"}],"wp:term":[{"taxonomy":"category","embeddable":true,"href":"https:\/\/lightweb.dev\/l\/svm-temp\/wp-json\/wp\/v2\/categories?post=72845"},{"taxonomy":"post_tag","embeddable":true,"href":"https:\/\/lightweb.dev\/l\/svm-temp\/wp-json\/wp\/v2\/tags?post=72845"}],"curies":[{"name":"wp","href":"https:\/\/api.w.org\/{rel}","templated":true}]}}