{"id":72850,"date":"2024-06-20T10:51:46","date_gmt":"2024-06-20T08:51:46","guid":{"rendered":"https:\/\/lightweb.dev\/l\/svm-temp\/?p=72850"},"modified":"2024-06-20T10:58:29","modified_gmt":"2024-06-20T08:58:29","slug":"prinsessornas-skal-for-pappa-och-mamma","status":"publish","type":"post","link":"https:\/\/lightweb.dev\/l\/svm-temp\/nyheter\/prinsessornas-skal-for-pappa-och-mamma\/","title":{"rendered":"Prinsessornas sk\u00e5l: F\u00f6r pappa och mamma"},"content":{"rendered":"<p><strong>Kronprinsessan Leonor och prinsessan Sof\u00eda \u00f6verraskade alla f\u00f6re lunchen p\u00e5 slottet med anledning av kung Felipe VI:s tio \u00e5r p\u00e5 den spanska tronen.<\/strong><\/p>\n<p><strong>De b\u00e5da prinsessornas h\u00f6ll ett kort improviserat tal inf\u00f6r alla lunchg\u00e4ster.<\/strong><\/p>\n<blockquote class=\"twitter-tweet\" data-media-max-width=\"560\">\n<p dir=\"ltr\" lang=\"es\">La Princesa de Asturias y la Infanta Sof\u00eda, en el almuerzo ofrecido con ocasi\u00f3n del X Aniversario de la Proclamaci\u00f3n de S.M. el Rey. <a href=\"https:\/\/twitter.com\/hashtag\/10AniversarioFelipeVI?src=hash&amp;ref_src=twsrc%5Etfw\">#10AniversarioFelipeVI<\/a><\/p>\n<p>\u27a1\ufe0f<a href=\"https:\/\/t.co\/qjlDwIVxDR\">https:\/\/t.co\/qjlDwIVxDR<\/a> <a href=\"https:\/\/t.co\/mSjsNUq6Sm\">pic.twitter.com\/mSjsNUq6Sm<\/a><\/p>\n<p>\u2014 Casa de S.M. el Rey (@CasaReal) <a href=\"https:\/\/twitter.com\/CasaReal\/status\/1803455680684204341?ref_src=twsrc%5Etfw\">June 19, 2024<\/a><\/p><\/blockquote>\n<p><script async src=\"https:\/\/platform.twitter.com\/widgets.js\" charset=\"utf-8\"><\/script><\/p>\n<p>\u201dMamma, pappa, era majest\u00e4ter. F\u00f6rl\u00e5t om vi smyger oss in men vi har ocks\u00e5 n\u00e5got att s\u00e4ga idag\u201d sa kronprinsessan Leonor.<\/p>\n<p>\u201dTack f\u00f6r att vi kan vara med h\u00e4r och komma ih\u00e5g dessa tio \u00e5r som har l\u00e4rt oss mycket om v\u00e5ra f\u00f6r\u00e4ldrar och engagemanget f\u00f6r alla spanjorer som vi alla fyra har\u201d tillade prinsessan Sofia.<\/p>\n<h2 class=\"entry-title\">L\u00e4s mer: <a href=\"https:\/\/lightweb.dev\/l\/svm-temp\/nyheter\/h-m-konungens-10-ar-pa-tronen\/\">H.M. Konungens 10 \u00e5r p\u00e5 tronen<\/a><\/h2>\n<p>Efter ett kort tal utbringade prinsessornas en sk\u00e5l f\u00f6r sina f\u00f6r\u00e4ldrar.<\/p>\n<p>\u201dMamma, pappa, tack\u201d, sa den och bilder visar en lika mycket \u00f6verraskad och r\u00f6rd kung Felipe VI som tackade dem med en kyss \u00f6ver bordet.<\/p>\n<p>Tusentals Madridbor hade samlats p\u00e5 Plaza de Oriente framf\u00f6r Kungliga slottet f\u00f6r att se en skymt av kungafamiljen. De tio \u00e5r p\u00e5 tronen uppm\u00e4rksammades under hela onsdagen och avslutades sent p\u00e5 kv\u00e4llen d\u00e5 kungafamiljen gick ut p\u00e5 Plaza de Oriente f\u00f6r att h\u00e4lsa p\u00e5 allm\u00e4nheten.<\/p>\n<blockquote class=\"twitter-tweet\" data-media-max-width=\"560\">\n<p dir=\"ltr\" lang=\"es\">El videomapping sobre la fachada del Palacio Real de Madrid con motivo del <a href=\"https:\/\/twitter.com\/hashtag\/10AniversarioFelipeVI?src=hash&amp;ref_src=twsrc%5Etfw\">#10AniversarioFelipeVI<\/a> al que han asistido los Reyes, la Princesa y la Infanta Sof\u00eda volver\u00e1 a proyectarse los d\u00edas 20 y 21 junio a las 22:45h, 23:00h, 23:15h y 23:30h\u2070\u2070\u27a1\ufe0f <a href=\"https:\/\/t.co\/FMAdxhKERT\">https:\/\/t.co\/FMAdxhKERT<\/a> <a href=\"https:\/\/t.co\/8WbQgiWaO3\">pic.twitter.com\/8WbQgiWaO3<\/a><\/p>\n<p>\u2014 Casa de S.M. el Rey (@CasaReal) <a href=\"https:\/\/twitter.com\/CasaReal\/status\/1803572696967483668?ref_src=twsrc%5Etfw\">June 19, 2024<\/a><\/p><\/blockquote>\n<p><script async src=\"https:\/\/platform.twitter.com\/widgets.js\" charset=\"utf-8\"><\/script><\/p>\n","protected":false},"excerpt":{"rendered":"<p>Kronprinsessan Leonor och prinsessan Sof\u00eda \u00f6verraskade alla f\u00f6re lunchen p\u00e5 slottet med anledning av kung Felipe VI:s tio \u00e5r p\u00e5 den spanska tronen. De b\u00e5da prinsessornas h\u00f6ll ett kort improviserat tal inf\u00f6r alla lunchg\u00e4ster&#8230;<\/p>\n","protected":false},"author":7,"featured_media":72851,"comment_status":"closed","ping_status":"closed","sticky":false,"template":"","format":"standard","meta":{"_et_pb_use_builder":"","_et_pb_old_content":"","_et_gb_content_width":"","footnotes":""},"categories":[395,3],"tags":[],"class_list":["post-72850","post","type-post","status-publish","format-standard","has-post-thumbnail","hentry","category-arkiv-nyheter","category-nyheter"],"yoast_head":"<!-- This site is optimized with the Yoast SEO Premium plugin v26.2 (Yoast SEO v27.5) - https:\/\/yoast.com\/product\/yoast-seo-premium-wordpress\/ -->\n<title>Prinsessornas sk\u00e5l: F\u00f6r pappa och mamma - Svenska Magasinet<\/title>\n<meta name=\"description\" content=\"Kronprinsessan Leonor och prinsessan Sof\u00eda \u00f6verraskade alla f\u00f6re lunchen p\u00e5 slottet med anledning av kung Felipe VI:s tio \u00e5r p\u00e5 den spanska tronen. De b\u00e5da prinsessornas h\u00f6ll ett improviserat tal inf\u00f6r alla lunchg\u00e4ster.\" \/>\n<meta name=\"robots\" content=\"noindex, follow, max-snippet:-1, max-image-preview:large, max-video-preview:-1\" \/>\n<meta property=\"og:locale\" content=\"sv_SE\" \/>\n<meta property=\"og:type\" content=\"article\" \/>\n<meta property=\"og:title\" content=\"Prinsessornas sk\u00e5l: F\u00f6r pappa och mamma\" \/>\n<meta property=\"og:description\" content=\"Kronprinsessan Leonor och prinsessan Sof\u00eda \u00f6verraskade alla f\u00f6re lunchen p\u00e5 slottet med anledning av kung Felipe VI:s tio \u00e5r p\u00e5 den spanska tronen. De b\u00e5da prinsessornas h\u00f6ll ett improviserat tal inf\u00f6r alla lunchg\u00e4ster.\" \/>\n<meta property=\"og:url\" content=\"https:\/\/lightweb.dev\/l\/svm-temp\/nyheter\/prinsessornas-skal-for-pappa-och-mamma\/\" \/>\n<meta property=\"og:site_name\" content=\"Svenska Magasinet\" \/>\n<meta property=\"article:publisher\" content=\"https:\/\/www.facebook.com\/svenskamagasinet\" \/>\n<meta property=\"article:published_time\" content=\"2024-06-20T08:51:46+00:00\" \/>\n<meta property=\"article:modified_time\" content=\"2024-06-20T08:58:29+00:00\" \/>\n<meta property=\"og:image\" content=\"https:\/\/lightweb.dev\/l\/svm-temp\/wp-content\/uploads\/2024\/06\/Clipboard-0272-stor.jpeg\" \/>\n\t<meta property=\"og:image:width\" content=\"758\" \/>\n\t<meta property=\"og:image:height\" content=\"531\" \/>\n\t<meta property=\"og:image:type\" content=\"image\/jpeg\" \/>\n<meta name=\"author\" content=\"Ola Josefsson\" \/>\n<meta name=\"twitter:card\" content=\"summary_large_image\" \/>\n<meta name=\"twitter:creator\" content=\"@SvenskaMagasine\" \/>\n<meta name=\"twitter:site\" content=\"@SvenskaMagasine\" \/>\n<script type=\"application\/ld+json\" class=\"yoast-schema-graph\">{\"@context\":\"https:\\\/\\\/schema.org\",\"@graph\":[{\"@type\":\"Article\",\"@id\":\"https:\\\/\\\/lightweb.dev\\\/l\\\/svm-temp\\\/nyheter\\\/prinsessornas-skal-for-pappa-och-mamma\\\/#article\",\"isPartOf\":{\"@id\":\"https:\\\/\\\/lightweb.dev\\\/l\\\/svm-temp\\\/nyheter\\\/prinsessornas-skal-for-pappa-och-mamma\\\/\"},\"author\":{\"name\":\"Ola Josefsson\",\"@id\":\"https:\\\/\\\/lightweb.dev\\\/l\\\/svm-temp\\\/#\\\/schema\\\/person\\\/7a82b8a73d171d32360a564b6d03508e\"},\"headline\":\"Prinsessornas sk\u00e5l: F\u00f6r pappa och mamma\",\"datePublished\":\"2024-06-20T08:51:46+00:00\",\"dateModified\":\"2024-06-20T08:58:29+00:00\",\"mainEntityOfPage\":{\"@id\":\"https:\\\/\\\/lightweb.dev\\\/l\\\/svm-temp\\\/nyheter\\\/prinsessornas-skal-for-pappa-och-mamma\\\/\"},\"wordCount\":324,\"publisher\":{\"@id\":\"https:\\\/\\\/lightweb.dev\\\/l\\\/svm-temp\\\/#organization\"},\"image\":{\"@id\":\"https:\\\/\\\/lightweb.dev\\\/l\\\/svm-temp\\\/nyheter\\\/prinsessornas-skal-for-pappa-och-mamma\\\/#primaryimage\"},\"thumbnailUrl\":\"https:\\\/\\\/lightweb.dev\\\/l\\\/svm-temp\\\/wp-content\\\/uploads\\\/2024\\\/06\\\/Clipboard-0272-stor.jpeg\",\"articleSection\":[\"Arkiv\",\"Nyheter\"],\"inLanguage\":\"sv-SE\"},{\"@type\":\"WebPage\",\"@id\":\"https:\\\/\\\/lightweb.dev\\\/l\\\/svm-temp\\\/nyheter\\\/prinsessornas-skal-for-pappa-och-mamma\\\/\",\"url\":\"https:\\\/\\\/lightweb.dev\\\/l\\\/svm-temp\\\/nyheter\\\/prinsessornas-skal-for-pappa-och-mamma\\\/\",\"name\":\"Prinsessornas sk\u00e5l: F\u00f6r pappa och mamma - Svenska Magasinet\",\"isPartOf\":{\"@id\":\"https:\\\/\\\/lightweb.dev\\\/l\\\/svm-temp\\\/#website\"},\"primaryImageOfPage\":{\"@id\":\"https:\\\/\\\/lightweb.dev\\\/l\\\/svm-temp\\\/nyheter\\\/prinsessornas-skal-for-pappa-och-mamma\\\/#primaryimage\"},\"image\":{\"@id\":\"https:\\\/\\\/lightweb.dev\\\/l\\\/svm-temp\\\/nyheter\\\/prinsessornas-skal-for-pappa-och-mamma\\\/#primaryimage\"},\"thumbnailUrl\":\"https:\\\/\\\/lightweb.dev\\\/l\\\/svm-temp\\\/wp-content\\\/uploads\\\/2024\\\/06\\\/Clipboard-0272-stor.jpeg\",\"datePublished\":\"2024-06-20T08:51:46+00:00\",\"dateModified\":\"2024-06-20T08:58:29+00:00\",\"description\":\"Kronprinsessan Leonor och prinsessan Sof\u00eda \u00f6verraskade alla f\u00f6re lunchen p\u00e5 slottet med anledning av kung Felipe VI:s tio \u00e5r p\u00e5 den spanska tronen. De b\u00e5da prinsessornas h\u00f6ll ett improviserat tal inf\u00f6r alla lunchg\u00e4ster.\",\"breadcrumb\":{\"@id\":\"https:\\\/\\\/lightweb.dev\\\/l\\\/svm-temp\\\/nyheter\\\/prinsessornas-skal-for-pappa-och-mamma\\\/#breadcrumb\"},\"inLanguage\":\"sv-SE\",\"potentialAction\":[{\"@type\":\"ReadAction\",\"target\":[\"https:\\\/\\\/lightweb.dev\\\/l\\\/svm-temp\\\/nyheter\\\/prinsessornas-skal-for-pappa-och-mamma\\\/\"]}]},{\"@type\":\"ImageObject\",\"inLanguage\":\"sv-SE\",\"@id\":\"https:\\\/\\\/lightweb.dev\\\/l\\\/svm-temp\\\/nyheter\\\/prinsessornas-skal-for-pappa-och-mamma\\\/#primaryimage\",\"url\":\"https:\\\/\\\/lightweb.dev\\\/l\\\/svm-temp\\\/wp-content\\\/uploads\\\/2024\\\/06\\\/Clipboard-0272-stor.jpeg\",\"contentUrl\":\"https:\\\/\\\/lightweb.dev\\\/l\\\/svm-temp\\\/wp-content\\\/uploads\\\/2024\\\/06\\\/Clipboard-0272-stor.jpeg\",\"width\":758,\"height\":531,\"caption\":\"(Foto: Casa Real)\"},{\"@type\":\"BreadcrumbList\",\"@id\":\"https:\\\/\\\/lightweb.dev\\\/l\\\/svm-temp\\\/nyheter\\\/prinsessornas-skal-for-pappa-och-mamma\\\/#breadcrumb\",\"itemListElement\":[{\"@type\":\"ListItem\",\"position\":1,\"name\":\"Hem\",\"item\":\"https:\\\/\\\/lightweb.dev\\\/l\\\/svm-temp\\\/\"},{\"@type\":\"ListItem\",\"position\":2,\"name\":\"Prinsessornas sk\u00e5l: F\u00f6r pappa och mamma\"}]},{\"@type\":\"WebSite\",\"@id\":\"https:\\\/\\\/lightweb.dev\\\/l\\\/svm-temp\\\/#website\",\"url\":\"https:\\\/\\\/lightweb.dev\\\/l\\\/svm-temp\\\/\",\"name\":\"Svenska Magasinet\",\"description\":\"Dina Spanska nyheter p&aring; Svenska\",\"publisher\":{\"@id\":\"https:\\\/\\\/lightweb.dev\\\/l\\\/svm-temp\\\/#organization\"},\"potentialAction\":[{\"@type\":\"SearchAction\",\"target\":{\"@type\":\"EntryPoint\",\"urlTemplate\":\"https:\\\/\\\/lightweb.dev\\\/l\\\/svm-temp\\\/?s={search_term_string}\"},\"query-input\":{\"@type\":\"PropertyValueSpecification\",\"valueRequired\":true,\"valueName\":\"search_term_string\"}}],\"inLanguage\":\"sv-SE\"},{\"@type\":\"Organization\",\"@id\":\"https:\\\/\\\/lightweb.dev\\\/l\\\/svm-temp\\\/#organization\",\"name\":\"Melkerson y Nott SL\",\"alternateName\":\"Svenska Magasinet\",\"url\":\"https:\\\/\\\/lightweb.dev\\\/l\\\/svm-temp\\\/\",\"logo\":{\"@type\":\"ImageObject\",\"inLanguage\":\"sv-SE\",\"@id\":\"https:\\\/\\\/lightweb.dev\\\/l\\\/svm-temp\\\/#\\\/schema\\\/logo\\\/image\\\/\",\"url\":\"https:\\\/\\\/lightweb.dev\\\/l\\\/svm-temp\\\/wp-content\\\/uploads\\\/2025\\\/02\\\/SvM-logo-Xtra-Centrerad-SVART.png\",\"contentUrl\":\"https:\\\/\\\/lightweb.dev\\\/l\\\/svm-temp\\\/wp-content\\\/uploads\\\/2025\\\/02\\\/SvM-logo-Xtra-Centrerad-SVART.png\",\"width\":300,\"height\":99,\"caption\":\"Melkerson y Nott SL\"},\"image\":{\"@id\":\"https:\\\/\\\/lightweb.dev\\\/l\\\/svm-temp\\\/#\\\/schema\\\/logo\\\/image\\\/\"},\"sameAs\":[\"https:\\\/\\\/www.facebook.com\\\/svenskamagasinet\",\"https:\\\/\\\/x.com\\\/SvenskaMagasine\"]},{\"@type\":\"Person\",\"@id\":\"https:\\\/\\\/lightweb.dev\\\/l\\\/svm-temp\\\/#\\\/schema\\\/person\\\/7a82b8a73d171d32360a564b6d03508e\",\"name\":\"Ola Josefsson\",\"description\":\"Bevakar Solkusten och Spanien sedan 1994.\",\"sameAs\":[\"https:\\\/\\\/lightweb.dev\\\/l\\\/svm-temp\"],\"url\":\"https:\\\/\\\/lightweb.dev\\\/l\\\/svm-temp\\\/reporter\\\/ola-josefsson\\\/\"}]}<\/script>\n<!-- \/ Yoast SEO Premium plugin. -->","yoast_head_json":{"title":"Prinsessornas sk\u00e5l: F\u00f6r pappa och mamma - Svenska Magasinet","description":"Kronprinsessan Leonor och prinsessan Sof\u00eda \u00f6verraskade alla f\u00f6re lunchen p\u00e5 slottet med anledning av kung Felipe VI:s tio \u00e5r p\u00e5 den spanska tronen. De b\u00e5da prinsessornas h\u00f6ll ett improviserat tal inf\u00f6r alla lunchg\u00e4ster.","robots":{"index":"noindex","follow":"follow","max-snippet":"max-snippet:-1","max-image-preview":"max-image-preview:large","max-video-preview":"max-video-preview:-1"},"og_locale":"sv_SE","og_type":"article","og_title":"Prinsessornas sk\u00e5l: F\u00f6r pappa och mamma","og_description":"Kronprinsessan Leonor och prinsessan Sof\u00eda \u00f6verraskade alla f\u00f6re lunchen p\u00e5 slottet med anledning av kung Felipe VI:s tio \u00e5r p\u00e5 den spanska tronen. De b\u00e5da prinsessornas h\u00f6ll ett improviserat tal inf\u00f6r alla lunchg\u00e4ster.","og_url":"https:\/\/lightweb.dev\/l\/svm-temp\/nyheter\/prinsessornas-skal-for-pappa-och-mamma\/","og_site_name":"Svenska Magasinet","article_publisher":"https:\/\/www.facebook.com\/svenskamagasinet","article_published_time":"2024-06-20T08:51:46+00:00","article_modified_time":"2024-06-20T08:58:29+00:00","og_image":[{"width":758,"height":531,"url":"https:\/\/lightweb.dev\/l\/svm-temp\/wp-content\/uploads\/2024\/06\/Clipboard-0272-stor.jpeg","type":"image\/jpeg"}],"author":"Ola Josefsson","twitter_card":"summary_large_image","twitter_creator":"@SvenskaMagasine","twitter_site":"@SvenskaMagasine","schema":{"@context":"https:\/\/schema.org","@graph":[{"@type":"Article","@id":"https:\/\/lightweb.dev\/l\/svm-temp\/nyheter\/prinsessornas-skal-for-pappa-och-mamma\/#article","isPartOf":{"@id":"https:\/\/lightweb.dev\/l\/svm-temp\/nyheter\/prinsessornas-skal-for-pappa-och-mamma\/"},"author":{"name":"Ola Josefsson","@id":"https:\/\/lightweb.dev\/l\/svm-temp\/#\/schema\/person\/7a82b8a73d171d32360a564b6d03508e"},"headline":"Prinsessornas sk\u00e5l: F\u00f6r pappa och mamma","datePublished":"2024-06-20T08:51:46+00:00","dateModified":"2024-06-20T08:58:29+00:00","mainEntityOfPage":{"@id":"https:\/\/lightweb.dev\/l\/svm-temp\/nyheter\/prinsessornas-skal-for-pappa-och-mamma\/"},"wordCount":324,"publisher":{"@id":"https:\/\/lightweb.dev\/l\/svm-temp\/#organization"},"image":{"@id":"https:\/\/lightweb.dev\/l\/svm-temp\/nyheter\/prinsessornas-skal-for-pappa-och-mamma\/#primaryimage"},"thumbnailUrl":"https:\/\/lightweb.dev\/l\/svm-temp\/wp-content\/uploads\/2024\/06\/Clipboard-0272-stor.jpeg","articleSection":["Arkiv","Nyheter"],"inLanguage":"sv-SE"},{"@type":"WebPage","@id":"https:\/\/lightweb.dev\/l\/svm-temp\/nyheter\/prinsessornas-skal-for-pappa-och-mamma\/","url":"https:\/\/lightweb.dev\/l\/svm-temp\/nyheter\/prinsessornas-skal-for-pappa-och-mamma\/","name":"Prinsessornas sk\u00e5l: F\u00f6r pappa och mamma - Svenska Magasinet","isPartOf":{"@id":"https:\/\/lightweb.dev\/l\/svm-temp\/#website"},"primaryImageOfPage":{"@id":"https:\/\/lightweb.dev\/l\/svm-temp\/nyheter\/prinsessornas-skal-for-pappa-och-mamma\/#primaryimage"},"image":{"@id":"https:\/\/lightweb.dev\/l\/svm-temp\/nyheter\/prinsessornas-skal-for-pappa-och-mamma\/#primaryimage"},"thumbnailUrl":"https:\/\/lightweb.dev\/l\/svm-temp\/wp-content\/uploads\/2024\/06\/Clipboard-0272-stor.jpeg","datePublished":"2024-06-20T08:51:46+00:00","dateModified":"2024-06-20T08:58:29+00:00","description":"Kronprinsessan Leonor och prinsessan Sof\u00eda \u00f6verraskade alla f\u00f6re lunchen p\u00e5 slottet med anledning av kung Felipe VI:s tio \u00e5r p\u00e5 den spanska tronen. De b\u00e5da prinsessornas h\u00f6ll ett improviserat tal inf\u00f6r alla lunchg\u00e4ster.","breadcrumb":{"@id":"https:\/\/lightweb.dev\/l\/svm-temp\/nyheter\/prinsessornas-skal-for-pappa-och-mamma\/#breadcrumb"},"inLanguage":"sv-SE","potentialAction":[{"@type":"ReadAction","target":["https:\/\/lightweb.dev\/l\/svm-temp\/nyheter\/prinsessornas-skal-for-pappa-och-mamma\/"]}]},{"@type":"ImageObject","inLanguage":"sv-SE","@id":"https:\/\/lightweb.dev\/l\/svm-temp\/nyheter\/prinsessornas-skal-for-pappa-och-mamma\/#primaryimage","url":"https:\/\/lightweb.dev\/l\/svm-temp\/wp-content\/uploads\/2024\/06\/Clipboard-0272-stor.jpeg","contentUrl":"https:\/\/lightweb.dev\/l\/svm-temp\/wp-content\/uploads\/2024\/06\/Clipboard-0272-stor.jpeg","width":758,"height":531,"caption":"(Foto: Casa Real)"},{"@type":"BreadcrumbList","@id":"https:\/\/lightweb.dev\/l\/svm-temp\/nyheter\/prinsessornas-skal-for-pappa-och-mamma\/#breadcrumb","itemListElement":[{"@type":"ListItem","position":1,"name":"Hem","item":"https:\/\/lightweb.dev\/l\/svm-temp\/"},{"@type":"ListItem","position":2,"name":"Prinsessornas sk\u00e5l: F\u00f6r pappa och mamma"}]},{"@type":"WebSite","@id":"https:\/\/lightweb.dev\/l\/svm-temp\/#website","url":"https:\/\/lightweb.dev\/l\/svm-temp\/","name":"Svenska Magasinet","description":"Dina Spanska nyheter p&aring; Svenska","publisher":{"@id":"https:\/\/lightweb.dev\/l\/svm-temp\/#organization"},"potentialAction":[{"@type":"SearchAction","target":{"@type":"EntryPoint","urlTemplate":"https:\/\/lightweb.dev\/l\/svm-temp\/?s={search_term_string}"},"query-input":{"@type":"PropertyValueSpecification","valueRequired":true,"valueName":"search_term_string"}}],"inLanguage":"sv-SE"},{"@type":"Organization","@id":"https:\/\/lightweb.dev\/l\/svm-temp\/#organization","name":"Melkerson y Nott SL","alternateName":"Svenska Magasinet","url":"https:\/\/lightweb.dev\/l\/svm-temp\/","logo":{"@type":"ImageObject","inLanguage":"sv-SE","@id":"https:\/\/lightweb.dev\/l\/svm-temp\/#\/schema\/logo\/image\/","url":"https:\/\/lightweb.dev\/l\/svm-temp\/wp-content\/uploads\/2025\/02\/SvM-logo-Xtra-Centrerad-SVART.png","contentUrl":"https:\/\/lightweb.dev\/l\/svm-temp\/wp-content\/uploads\/2025\/02\/SvM-logo-Xtra-Centrerad-SVART.png","width":300,"height":99,"caption":"Melkerson y Nott SL"},"image":{"@id":"https:\/\/lightweb.dev\/l\/svm-temp\/#\/schema\/logo\/image\/"},"sameAs":["https:\/\/www.facebook.com\/svenskamagasinet","https:\/\/x.com\/SvenskaMagasine"]},{"@type":"Person","@id":"https:\/\/lightweb.dev\/l\/svm-temp\/#\/schema\/person\/7a82b8a73d171d32360a564b6d03508e","name":"Ola Josefsson","description":"Bevakar Solkusten och Spanien sedan 1994.","sameAs":["https:\/\/lightweb.dev\/l\/svm-temp"],"url":"https:\/\/lightweb.dev\/l\/svm-temp\/reporter\/ola-josefsson\/"}]}},"_links":{"self":[{"href":"https:\/\/lightweb.dev\/l\/svm-temp\/wp-json\/wp\/v2\/posts\/72850","targetHints":{"allow":["GET"]}}],"collection":[{"href":"https:\/\/lightweb.dev\/l\/svm-temp\/wp-json\/wp\/v2\/posts"}],"about":[{"href":"https:\/\/lightweb.dev\/l\/svm-temp\/wp-json\/wp\/v2\/types\/post"}],"author":[{"embeddable":true,"href":"https:\/\/lightweb.dev\/l\/svm-temp\/wp-json\/wp\/v2\/users\/7"}],"replies":[{"embeddable":true,"href":"https:\/\/lightweb.dev\/l\/svm-temp\/wp-json\/wp\/v2\/comments?post=72850"}],"version-history":[{"count":0,"href":"https:\/\/lightweb.dev\/l\/svm-temp\/wp-json\/wp\/v2\/posts\/72850\/revisions"}],"wp:featuredmedia":[{"embeddable":true,"href":"https:\/\/lightweb.dev\/l\/svm-temp\/wp-json\/wp\/v2\/media\/72851"}],"wp:attachment":[{"href":"https:\/\/lightweb.dev\/l\/svm-temp\/wp-json\/wp\/v2\/media?parent=72850"}],"wp:term":[{"taxonomy":"category","embeddable":true,"href":"https:\/\/lightweb.dev\/l\/svm-temp\/wp-json\/wp\/v2\/categories?post=72850"},{"taxonomy":"post_tag","embeddable":true,"href":"https:\/\/lightweb.dev\/l\/svm-temp\/wp-json\/wp\/v2\/tags?post=72850"}],"curies":[{"name":"wp","href":"https:\/\/api.w.org\/{rel}","templated":true}]}}