{"id":72857,"date":"2024-06-20T14:49:08","date_gmt":"2024-06-20T12:49:08","guid":{"rendered":"https:\/\/lightweb.dev\/l\/svm-temp\/?p=72857"},"modified":"2024-06-20T14:49:08","modified_gmt":"2024-06-20T12:49:08","slug":"renfe-andrar-policy-om-aterbetalning","status":"publish","type":"post","link":"https:\/\/lightweb.dev\/l\/svm-temp\/nyheter\/renfe-andrar-policy-om-aterbetalning\/","title":{"rendered":"Renfe \u00e4ndrar policy om \u00e5terbetalning"},"content":{"rendered":"<p><strong>Fram till nu har den statliga j\u00e4rnv\u00e4gsoperat\u00f6ren betalat tillbaka hela beloppet f\u00f6r en biljett om t\u00e5get \u00e4r mer \u00e4n 30 minuter f\u00f6rsenat.<\/strong><\/p>\n<p><strong>Fr\u00e5n och med 1 juli \u00e4ndras det till 50 procent vid en timmes f\u00f6rsening och 100 procent om avg\u00e5ngen blir 90 minuter f\u00f6rsenad.\u00a0<\/strong><\/p>\n<p><span style=\"font-weight: 400;\">Renfe har beslutat att uppdatera sin policy n\u00e4r det g\u00e4ller f\u00f6rsenade avg\u00e5ngar f\u00f6r att \u201cligga p\u00e5 samma niv\u00e5 som andra operat\u00f6rer\u201d. Fr\u00e5n och med 1 juli kommer endast kunder vars t\u00e5g har f\u00f6rsenats med mer \u00e4n 90 minuter att ers\u00e4ttas till fullo. Idag r\u00e4cker det med att avg\u00e5ngen \u00e4r en halvtimme sen.\u00a0<\/span><\/p>\n<p><span style=\"font-weight: 400;\">Samtidigt inf\u00f6r de ett loyalitetsprogram, kallat \u2018Renfecitos\u2019, som ger stamkunder m\u00f6jlighet att f\u00e5 200 procents ers\u00e4ttning, bland andra f\u00f6rm\u00e5ner. Det fungerar s\u00e5 att passagerare kan samla p\u00e5 sig po\u00e4ng p\u00e5 sitt <\/span><span style=\"font-weight: 400;\">M\u00e1s Renfe-kort. Om man tar emot po\u00e4ng som ers\u00e4ttning ist\u00e4llet f\u00f6r en kontant \u00e5terbetalning f\u00e5r man mer i kompensation. <\/span><span style=\"font-weight: 400;\">\u00a0<\/span><\/p>\n<p><span style=\"font-weight: 400;\">Det nya ramverket godk\u00e4ndes p\u00e5 Renfes styrelsem\u00f6te f\u00f6rra veckan. Man g\u00f6r \u00e4ndringarna f\u00f6r att man vill matcha sina fr\u00e4msta konkurrenter, Iryo och Ouigo, n\u00e4r det g\u00e4ller kompensationer.\u00a0\u00a0<\/span><\/p>\n<p><span style=\"font-weight: 400;\">\u00c4ndringarna kommer att p\u00e5verka alla Renfes l\u00e5ngdistanst\u00e5g. Det vill s\u00e4ga AVE, Avlo, Euromed och Intercity. Ut\u00f6ver \u00e4ndringen fr\u00e5n 30 minuter till 90 n\u00e4r det g\u00e4ller full ers\u00e4ttning kommer det kr\u00e4vas en timmes f\u00f6rsening f\u00f6r att f\u00e5 50 procent av pengarna tillbaka, idag g\u00e4ller 15 minuter.\u00a0<\/span><\/p>\n<p><span style=\"font-weight: 400;\">I samband med detta har Renfe dragit ig\u00e5ng en ny marknadsf\u00f6ringskampanj d\u00e4r man vill understryka sin public service-roll. En ny slogan lyder \u201cT\u00e5get som g\u00e5r l\u00e4ngre \u00e4n l\u00f6nsamhet\u201d. Vidare p\u00e5pekar de att de har satt fler t\u00e5g i bruk, att de har flest destinationer och att de har \u201cdet starkaste \u00e5tagandet till punktlighet\u201d. <\/span><\/p>\n","protected":false},"excerpt":{"rendered":"<p>Fram till nu har den statliga j\u00e4rnv\u00e4gsoperat\u00f6ren betalat tillbaka hela beloppet f\u00f6r en biljett om t\u00e5get \u00e4r mer \u00e4n 30 minuter f\u00f6rsenat. Fr\u00e5n och med 1 juli \u00e4ndras det till 50 procent vid en timmes f\u00f6rsening och 100 procent om avg\u00e5ngen blir 90 minuter f\u00f6rsenad.\u00a0<\/p>\n","protected":false},"author":14,"featured_media":56121,"comment_status":"closed","ping_status":"closed","sticky":false,"template":"","format":"standard","meta":{"_et_pb_use_builder":"","_et_pb_old_content":"","_et_gb_content_width":"","footnotes":""},"categories":[395,3],"tags":[],"class_list":["post-72857","post","type-post","status-publish","format-standard","has-post-thumbnail","hentry","category-arkiv-nyheter","category-nyheter"],"yoast_head":"<!-- This site is optimized with the Yoast SEO Premium plugin v26.2 (Yoast SEO v27.5) - https:\/\/yoast.com\/product\/yoast-seo-premium-wordpress\/ -->\n<title>Renfe \u00e4ndrar policy om \u00e5terbetalning - Svenska Magasinet<\/title>\n<meta name=\"robots\" content=\"noindex, follow, max-snippet:-1, max-image-preview:large, max-video-preview:-1\" \/>\n<meta property=\"og:locale\" content=\"sv_SE\" \/>\n<meta property=\"og:type\" content=\"article\" \/>\n<meta property=\"og:title\" content=\"Renfe \u00e4ndrar policy om \u00e5terbetalning\" \/>\n<meta property=\"og:description\" content=\"Fram till nu har den statliga j\u00e4rnv\u00e4gsoperat\u00f6ren betalat tillbaka hela beloppet f\u00f6r en biljett om t\u00e5get \u00e4r mer \u00e4n 30 minuter f\u00f6rsenat. Fr\u00e5n och med 1 juli \u00e4ndras det till 50 procent vid en timmes f\u00f6rsening och 100 procent om avg\u00e5ngen blir 90 minuter f\u00f6rsenad.\u00a0\" \/>\n<meta property=\"og:url\" content=\"https:\/\/lightweb.dev\/l\/svm-temp\/nyheter\/renfe-andrar-policy-om-aterbetalning\/\" \/>\n<meta property=\"og:site_name\" content=\"Svenska Magasinet\" \/>\n<meta property=\"article:publisher\" content=\"https:\/\/www.facebook.com\/svenskamagasinet\" \/>\n<meta property=\"article:published_time\" content=\"2024-06-20T12:49:08+00:00\" \/>\n<meta property=\"og:image\" content=\"https:\/\/lightweb.dev\/l\/svm-temp\/wp-content\/uploads\/2022\/07\/avatn-104.jpg\" \/>\n\t<meta property=\"og:image:width\" content=\"1280\" \/>\n\t<meta property=\"og:image:height\" content=\"872\" \/>\n\t<meta property=\"og:image:type\" content=\"image\/jpeg\" \/>\n<meta name=\"author\" content=\"Robbie Eriksson\" \/>\n<meta name=\"twitter:card\" content=\"summary_large_image\" \/>\n<meta name=\"twitter:creator\" content=\"@SvenskaMagasine\" \/>\n<meta name=\"twitter:site\" content=\"@SvenskaMagasine\" \/>\n<script type=\"application\/ld+json\" class=\"yoast-schema-graph\">{\"@context\":\"https:\\\/\\\/schema.org\",\"@graph\":[{\"@type\":\"Article\",\"@id\":\"https:\\\/\\\/lightweb.dev\\\/l\\\/svm-temp\\\/nyheter\\\/renfe-andrar-policy-om-aterbetalning\\\/#article\",\"isPartOf\":{\"@id\":\"https:\\\/\\\/lightweb.dev\\\/l\\\/svm-temp\\\/nyheter\\\/renfe-andrar-policy-om-aterbetalning\\\/\"},\"author\":{\"name\":\"Robbie Eriksson\",\"@id\":\"https:\\\/\\\/lightweb.dev\\\/l\\\/svm-temp\\\/#\\\/schema\\\/person\\\/caffe038990d25722f5a04a03c906a2b\"},\"headline\":\"Renfe \u00e4ndrar policy om \u00e5terbetalning\",\"datePublished\":\"2024-06-20T12:49:08+00:00\",\"mainEntityOfPage\":{\"@id\":\"https:\\\/\\\/lightweb.dev\\\/l\\\/svm-temp\\\/nyheter\\\/renfe-andrar-policy-om-aterbetalning\\\/\"},\"wordCount\":329,\"publisher\":{\"@id\":\"https:\\\/\\\/lightweb.dev\\\/l\\\/svm-temp\\\/#organization\"},\"image\":{\"@id\":\"https:\\\/\\\/lightweb.dev\\\/l\\\/svm-temp\\\/nyheter\\\/renfe-andrar-policy-om-aterbetalning\\\/#primaryimage\"},\"thumbnailUrl\":\"https:\\\/\\\/lightweb.dev\\\/l\\\/svm-temp\\\/wp-content\\\/uploads\\\/2022\\\/07\\\/avatn-104.jpg\",\"articleSection\":[\"Arkiv\",\"Nyheter\"],\"inLanguage\":\"sv-SE\"},{\"@type\":\"WebPage\",\"@id\":\"https:\\\/\\\/lightweb.dev\\\/l\\\/svm-temp\\\/nyheter\\\/renfe-andrar-policy-om-aterbetalning\\\/\",\"url\":\"https:\\\/\\\/lightweb.dev\\\/l\\\/svm-temp\\\/nyheter\\\/renfe-andrar-policy-om-aterbetalning\\\/\",\"name\":\"Renfe \u00e4ndrar policy om \u00e5terbetalning - Svenska Magasinet\",\"isPartOf\":{\"@id\":\"https:\\\/\\\/lightweb.dev\\\/l\\\/svm-temp\\\/#website\"},\"primaryImageOfPage\":{\"@id\":\"https:\\\/\\\/lightweb.dev\\\/l\\\/svm-temp\\\/nyheter\\\/renfe-andrar-policy-om-aterbetalning\\\/#primaryimage\"},\"image\":{\"@id\":\"https:\\\/\\\/lightweb.dev\\\/l\\\/svm-temp\\\/nyheter\\\/renfe-andrar-policy-om-aterbetalning\\\/#primaryimage\"},\"thumbnailUrl\":\"https:\\\/\\\/lightweb.dev\\\/l\\\/svm-temp\\\/wp-content\\\/uploads\\\/2022\\\/07\\\/avatn-104.jpg\",\"datePublished\":\"2024-06-20T12:49:08+00:00\",\"breadcrumb\":{\"@id\":\"https:\\\/\\\/lightweb.dev\\\/l\\\/svm-temp\\\/nyheter\\\/renfe-andrar-policy-om-aterbetalning\\\/#breadcrumb\"},\"inLanguage\":\"sv-SE\",\"potentialAction\":[{\"@type\":\"ReadAction\",\"target\":[\"https:\\\/\\\/lightweb.dev\\\/l\\\/svm-temp\\\/nyheter\\\/renfe-andrar-policy-om-aterbetalning\\\/\"]}]},{\"@type\":\"ImageObject\",\"inLanguage\":\"sv-SE\",\"@id\":\"https:\\\/\\\/lightweb.dev\\\/l\\\/svm-temp\\\/nyheter\\\/renfe-andrar-policy-om-aterbetalning\\\/#primaryimage\",\"url\":\"https:\\\/\\\/lightweb.dev\\\/l\\\/svm-temp\\\/wp-content\\\/uploads\\\/2022\\\/07\\\/avatn-104.jpg\",\"contentUrl\":\"https:\\\/\\\/lightweb.dev\\\/l\\\/svm-temp\\\/wp-content\\\/uploads\\\/2022\\\/07\\\/avatn-104.jpg\",\"width\":1280,\"height\":872,\"caption\":\"T\u00e5g\"},{\"@type\":\"BreadcrumbList\",\"@id\":\"https:\\\/\\\/lightweb.dev\\\/l\\\/svm-temp\\\/nyheter\\\/renfe-andrar-policy-om-aterbetalning\\\/#breadcrumb\",\"itemListElement\":[{\"@type\":\"ListItem\",\"position\":1,\"name\":\"Hem\",\"item\":\"https:\\\/\\\/lightweb.dev\\\/l\\\/svm-temp\\\/\"},{\"@type\":\"ListItem\",\"position\":2,\"name\":\"Renfe \u00e4ndrar policy om \u00e5terbetalning\"}]},{\"@type\":\"WebSite\",\"@id\":\"https:\\\/\\\/lightweb.dev\\\/l\\\/svm-temp\\\/#website\",\"url\":\"https:\\\/\\\/lightweb.dev\\\/l\\\/svm-temp\\\/\",\"name\":\"Svenska Magasinet\",\"description\":\"Dina Spanska nyheter p&aring; Svenska\",\"publisher\":{\"@id\":\"https:\\\/\\\/lightweb.dev\\\/l\\\/svm-temp\\\/#organization\"},\"potentialAction\":[{\"@type\":\"SearchAction\",\"target\":{\"@type\":\"EntryPoint\",\"urlTemplate\":\"https:\\\/\\\/lightweb.dev\\\/l\\\/svm-temp\\\/?s={search_term_string}\"},\"query-input\":{\"@type\":\"PropertyValueSpecification\",\"valueRequired\":true,\"valueName\":\"search_term_string\"}}],\"inLanguage\":\"sv-SE\"},{\"@type\":\"Organization\",\"@id\":\"https:\\\/\\\/lightweb.dev\\\/l\\\/svm-temp\\\/#organization\",\"name\":\"Melkerson y Nott SL\",\"alternateName\":\"Svenska Magasinet\",\"url\":\"https:\\\/\\\/lightweb.dev\\\/l\\\/svm-temp\\\/\",\"logo\":{\"@type\":\"ImageObject\",\"inLanguage\":\"sv-SE\",\"@id\":\"https:\\\/\\\/lightweb.dev\\\/l\\\/svm-temp\\\/#\\\/schema\\\/logo\\\/image\\\/\",\"url\":\"https:\\\/\\\/lightweb.dev\\\/l\\\/svm-temp\\\/wp-content\\\/uploads\\\/2025\\\/02\\\/SvM-logo-Xtra-Centrerad-SVART.png\",\"contentUrl\":\"https:\\\/\\\/lightweb.dev\\\/l\\\/svm-temp\\\/wp-content\\\/uploads\\\/2025\\\/02\\\/SvM-logo-Xtra-Centrerad-SVART.png\",\"width\":300,\"height\":99,\"caption\":\"Melkerson y Nott SL\"},\"image\":{\"@id\":\"https:\\\/\\\/lightweb.dev\\\/l\\\/svm-temp\\\/#\\\/schema\\\/logo\\\/image\\\/\"},\"sameAs\":[\"https:\\\/\\\/www.facebook.com\\\/svenskamagasinet\",\"https:\\\/\\\/x.com\\\/SvenskaMagasine\"]},{\"@type\":\"Person\",\"@id\":\"https:\\\/\\\/lightweb.dev\\\/l\\\/svm-temp\\\/#\\\/schema\\\/person\\\/caffe038990d25722f5a04a03c906a2b\",\"name\":\"Robbie Eriksson\",\"sameAs\":[\"https:\\\/\\\/lightweb.dev\\\/l\\\/svm-temp\"],\"url\":\"https:\\\/\\\/lightweb.dev\\\/l\\\/svm-temp\\\/reporter\\\/robbie-eriksson\\\/\"}]}<\/script>\n<!-- \/ Yoast SEO Premium plugin. -->","yoast_head_json":{"title":"Renfe \u00e4ndrar policy om \u00e5terbetalning - Svenska Magasinet","robots":{"index":"noindex","follow":"follow","max-snippet":"max-snippet:-1","max-image-preview":"max-image-preview:large","max-video-preview":"max-video-preview:-1"},"og_locale":"sv_SE","og_type":"article","og_title":"Renfe \u00e4ndrar policy om \u00e5terbetalning","og_description":"Fram till nu har den statliga j\u00e4rnv\u00e4gsoperat\u00f6ren betalat tillbaka hela beloppet f\u00f6r en biljett om t\u00e5get \u00e4r mer \u00e4n 30 minuter f\u00f6rsenat. Fr\u00e5n och med 1 juli \u00e4ndras det till 50 procent vid en timmes f\u00f6rsening och 100 procent om avg\u00e5ngen blir 90 minuter f\u00f6rsenad.\u00a0","og_url":"https:\/\/lightweb.dev\/l\/svm-temp\/nyheter\/renfe-andrar-policy-om-aterbetalning\/","og_site_name":"Svenska Magasinet","article_publisher":"https:\/\/www.facebook.com\/svenskamagasinet","article_published_time":"2024-06-20T12:49:08+00:00","og_image":[{"width":1280,"height":872,"url":"https:\/\/lightweb.dev\/l\/svm-temp\/wp-content\/uploads\/2022\/07\/avatn-104.jpg","type":"image\/jpeg"}],"author":"Robbie Eriksson","twitter_card":"summary_large_image","twitter_creator":"@SvenskaMagasine","twitter_site":"@SvenskaMagasine","schema":{"@context":"https:\/\/schema.org","@graph":[{"@type":"Article","@id":"https:\/\/lightweb.dev\/l\/svm-temp\/nyheter\/renfe-andrar-policy-om-aterbetalning\/#article","isPartOf":{"@id":"https:\/\/lightweb.dev\/l\/svm-temp\/nyheter\/renfe-andrar-policy-om-aterbetalning\/"},"author":{"name":"Robbie Eriksson","@id":"https:\/\/lightweb.dev\/l\/svm-temp\/#\/schema\/person\/caffe038990d25722f5a04a03c906a2b"},"headline":"Renfe \u00e4ndrar policy om \u00e5terbetalning","datePublished":"2024-06-20T12:49:08+00:00","mainEntityOfPage":{"@id":"https:\/\/lightweb.dev\/l\/svm-temp\/nyheter\/renfe-andrar-policy-om-aterbetalning\/"},"wordCount":329,"publisher":{"@id":"https:\/\/lightweb.dev\/l\/svm-temp\/#organization"},"image":{"@id":"https:\/\/lightweb.dev\/l\/svm-temp\/nyheter\/renfe-andrar-policy-om-aterbetalning\/#primaryimage"},"thumbnailUrl":"https:\/\/lightweb.dev\/l\/svm-temp\/wp-content\/uploads\/2022\/07\/avatn-104.jpg","articleSection":["Arkiv","Nyheter"],"inLanguage":"sv-SE"},{"@type":"WebPage","@id":"https:\/\/lightweb.dev\/l\/svm-temp\/nyheter\/renfe-andrar-policy-om-aterbetalning\/","url":"https:\/\/lightweb.dev\/l\/svm-temp\/nyheter\/renfe-andrar-policy-om-aterbetalning\/","name":"Renfe \u00e4ndrar policy om \u00e5terbetalning - Svenska Magasinet","isPartOf":{"@id":"https:\/\/lightweb.dev\/l\/svm-temp\/#website"},"primaryImageOfPage":{"@id":"https:\/\/lightweb.dev\/l\/svm-temp\/nyheter\/renfe-andrar-policy-om-aterbetalning\/#primaryimage"},"image":{"@id":"https:\/\/lightweb.dev\/l\/svm-temp\/nyheter\/renfe-andrar-policy-om-aterbetalning\/#primaryimage"},"thumbnailUrl":"https:\/\/lightweb.dev\/l\/svm-temp\/wp-content\/uploads\/2022\/07\/avatn-104.jpg","datePublished":"2024-06-20T12:49:08+00:00","breadcrumb":{"@id":"https:\/\/lightweb.dev\/l\/svm-temp\/nyheter\/renfe-andrar-policy-om-aterbetalning\/#breadcrumb"},"inLanguage":"sv-SE","potentialAction":[{"@type":"ReadAction","target":["https:\/\/lightweb.dev\/l\/svm-temp\/nyheter\/renfe-andrar-policy-om-aterbetalning\/"]}]},{"@type":"ImageObject","inLanguage":"sv-SE","@id":"https:\/\/lightweb.dev\/l\/svm-temp\/nyheter\/renfe-andrar-policy-om-aterbetalning\/#primaryimage","url":"https:\/\/lightweb.dev\/l\/svm-temp\/wp-content\/uploads\/2022\/07\/avatn-104.jpg","contentUrl":"https:\/\/lightweb.dev\/l\/svm-temp\/wp-content\/uploads\/2022\/07\/avatn-104.jpg","width":1280,"height":872,"caption":"T\u00e5g"},{"@type":"BreadcrumbList","@id":"https:\/\/lightweb.dev\/l\/svm-temp\/nyheter\/renfe-andrar-policy-om-aterbetalning\/#breadcrumb","itemListElement":[{"@type":"ListItem","position":1,"name":"Hem","item":"https:\/\/lightweb.dev\/l\/svm-temp\/"},{"@type":"ListItem","position":2,"name":"Renfe \u00e4ndrar policy om \u00e5terbetalning"}]},{"@type":"WebSite","@id":"https:\/\/lightweb.dev\/l\/svm-temp\/#website","url":"https:\/\/lightweb.dev\/l\/svm-temp\/","name":"Svenska Magasinet","description":"Dina Spanska nyheter p&aring; Svenska","publisher":{"@id":"https:\/\/lightweb.dev\/l\/svm-temp\/#organization"},"potentialAction":[{"@type":"SearchAction","target":{"@type":"EntryPoint","urlTemplate":"https:\/\/lightweb.dev\/l\/svm-temp\/?s={search_term_string}"},"query-input":{"@type":"PropertyValueSpecification","valueRequired":true,"valueName":"search_term_string"}}],"inLanguage":"sv-SE"},{"@type":"Organization","@id":"https:\/\/lightweb.dev\/l\/svm-temp\/#organization","name":"Melkerson y Nott SL","alternateName":"Svenska Magasinet","url":"https:\/\/lightweb.dev\/l\/svm-temp\/","logo":{"@type":"ImageObject","inLanguage":"sv-SE","@id":"https:\/\/lightweb.dev\/l\/svm-temp\/#\/schema\/logo\/image\/","url":"https:\/\/lightweb.dev\/l\/svm-temp\/wp-content\/uploads\/2025\/02\/SvM-logo-Xtra-Centrerad-SVART.png","contentUrl":"https:\/\/lightweb.dev\/l\/svm-temp\/wp-content\/uploads\/2025\/02\/SvM-logo-Xtra-Centrerad-SVART.png","width":300,"height":99,"caption":"Melkerson y Nott SL"},"image":{"@id":"https:\/\/lightweb.dev\/l\/svm-temp\/#\/schema\/logo\/image\/"},"sameAs":["https:\/\/www.facebook.com\/svenskamagasinet","https:\/\/x.com\/SvenskaMagasine"]},{"@type":"Person","@id":"https:\/\/lightweb.dev\/l\/svm-temp\/#\/schema\/person\/caffe038990d25722f5a04a03c906a2b","name":"Robbie Eriksson","sameAs":["https:\/\/lightweb.dev\/l\/svm-temp"],"url":"https:\/\/lightweb.dev\/l\/svm-temp\/reporter\/robbie-eriksson\/"}]}},"_links":{"self":[{"href":"https:\/\/lightweb.dev\/l\/svm-temp\/wp-json\/wp\/v2\/posts\/72857","targetHints":{"allow":["GET"]}}],"collection":[{"href":"https:\/\/lightweb.dev\/l\/svm-temp\/wp-json\/wp\/v2\/posts"}],"about":[{"href":"https:\/\/lightweb.dev\/l\/svm-temp\/wp-json\/wp\/v2\/types\/post"}],"author":[{"embeddable":true,"href":"https:\/\/lightweb.dev\/l\/svm-temp\/wp-json\/wp\/v2\/users\/14"}],"replies":[{"embeddable":true,"href":"https:\/\/lightweb.dev\/l\/svm-temp\/wp-json\/wp\/v2\/comments?post=72857"}],"version-history":[{"count":0,"href":"https:\/\/lightweb.dev\/l\/svm-temp\/wp-json\/wp\/v2\/posts\/72857\/revisions"}],"wp:featuredmedia":[{"embeddable":true,"href":"https:\/\/lightweb.dev\/l\/svm-temp\/wp-json\/wp\/v2\/media\/56121"}],"wp:attachment":[{"href":"https:\/\/lightweb.dev\/l\/svm-temp\/wp-json\/wp\/v2\/media?parent=72857"}],"wp:term":[{"taxonomy":"category","embeddable":true,"href":"https:\/\/lightweb.dev\/l\/svm-temp\/wp-json\/wp\/v2\/categories?post=72857"},{"taxonomy":"post_tag","embeddable":true,"href":"https:\/\/lightweb.dev\/l\/svm-temp\/wp-json\/wp\/v2\/tags?post=72857"}],"curies":[{"name":"wp","href":"https:\/\/api.w.org\/{rel}","templated":true}]}}