{"id":72859,"date":"2024-06-20T14:52:58","date_gmt":"2024-06-20T12:52:58","guid":{"rendered":"https:\/\/lightweb.dev\/l\/svm-temp\/?p=72859"},"modified":"2024-06-20T14:55:01","modified_gmt":"2024-06-20T12:55:01","slug":"spanien-lagger-minst-pengar-pa-forsvaret-av-nato-landerna","status":"publish","type":"post","link":"https:\/\/lightweb.dev\/l\/svm-temp\/nyheter\/spanien-lagger-minst-pengar-pa-forsvaret-av-nato-landerna\/","title":{"rendered":"Spanien l\u00e4gger minst pengar p\u00e5 f\u00f6rsvaret av Nato-l\u00e4nderna"},"content":{"rendered":"<p><strong>Spanien l\u00e4gger endast 1,28 procent av landets BNP p\u00e5 f\u00f6rsvaret.<\/strong><\/p>\n<p><strong>Det \u00e4r l\u00e5ngt under m\u00e5let som har satts av alliansen.\u00a0<\/strong><\/p>\n<p><span style=\"font-weight: 400;\">Natos generalsekreterare, Jens Stoltenberg, har uppmanat medlemsl\u00e4nderna att \u00f6ka sina investeringar i det milit\u00e4ra. N\u00e4r \u00e5ret \u00e4r slut kommer 23 av dem ha satsat mer \u00e4n 2 procent av BNP p\u00e5 f\u00f6rsvaret, j\u00e4mf\u00f6rt med endast 10 stycken 2023.\u00a0<\/span><\/p>\n<p><span style=\"font-weight: 400;\">Spanien har inte f\u00f6ljt uppmaningen och \u00e4r med 1,28 procent av BNP det land som avsatt minst andel bland medlemmarna. L\u00e5ngt efter m\u00e5let som satts upp.<\/span><\/p>\n<p><span style=\"font-weight: 400;\">Andra l\u00e4nder som sl\u00e4par efter \u00e4r Kanada, Belgien, Luxemburg och Slovenien. L\u00e4nderna som har lagt st\u00f6rst andel pengar p\u00e5 f\u00f6rsvar \u00e4r Polen (4,12 procent), Estland (3,43) och USA (3,38). Enligt alliansens uppgifter syns en klar \u00f6kning n\u00e4r det g\u00e4ller investeringar i f\u00f6rsvar sedan Rysslands invasion av Ukraina.\u00a0<\/span><\/p>\n<p><span style=\"font-weight: 400;\">Under ett m\u00f6te med USAs president, Joe Biden, f\u00f6rklarade Stoltenberg att \u201cdetta \u00e4r den st\u00f6rsta \u00f6kningen p\u00e5 \u00e5rtionden\u201d och menar att det visar att Natos medlemmar \u201ctar ansvar&#8221;. Han har vid flera tillf\u00e4llen p\u00e5talat att 2 procent av BNP borde ses som \u201cett golv och inte ett tak\u201d.\u00a0<\/span><\/p>\n<p><span style=\"font-weight: 400;\">Sverige \u00f6kade i sin senaste budget anslaget till f\u00f6rsvaret med 27 miljarder kronor, 28 procent mer \u00e4n 2023. Enligt regeringen inneb\u00e4r det att man investerar dubbelt s\u00e5 mycket som 2020 och d\u00e4rmed kommer man upp i mer \u00e4n 2 procent av BNP.\u00a0<\/span><\/p>\n","protected":false},"excerpt":{"rendered":"<p>Spanien l\u00e4gger endast 1,28 procent av landets BNP p\u00e5 f\u00f6rsvaret. Det \u00e4r l\u00e5ngt under m\u00e5let som har satts av alliansen.\u00a0<\/p>\n","protected":false},"author":14,"featured_media":72861,"comment_status":"closed","ping_status":"closed","sticky":false,"template":"","format":"standard","meta":{"_et_pb_use_builder":"","_et_pb_old_content":"","_et_gb_content_width":"","footnotes":""},"categories":[395,3],"tags":[],"class_list":["post-72859","post","type-post","status-publish","format-standard","has-post-thumbnail","hentry","category-arkiv-nyheter","category-nyheter"],"yoast_head":"<!-- This site is optimized with the Yoast SEO Premium plugin v26.2 (Yoast SEO v27.5) - https:\/\/yoast.com\/product\/yoast-seo-premium-wordpress\/ -->\n<title>Spanien l\u00e4gger minst pengar p\u00e5 f\u00f6rsvaret av Nato-l\u00e4nderna - Svenska Magasinet<\/title>\n<meta name=\"robots\" content=\"noindex, follow, max-snippet:-1, max-image-preview:large, max-video-preview:-1\" \/>\n<meta property=\"og:locale\" content=\"sv_SE\" \/>\n<meta property=\"og:type\" content=\"article\" \/>\n<meta property=\"og:title\" content=\"Spanien l\u00e4gger minst pengar p\u00e5 f\u00f6rsvaret av Nato-l\u00e4nderna\" \/>\n<meta property=\"og:description\" content=\"Spanien l\u00e4gger endast 1,28 procent av landets BNP p\u00e5 f\u00f6rsvaret. Det \u00e4r l\u00e5ngt under m\u00e5let som har satts av alliansen.\u00a0\" \/>\n<meta property=\"og:url\" content=\"https:\/\/lightweb.dev\/l\/svm-temp\/nyheter\/spanien-lagger-minst-pengar-pa-forsvaret-av-nato-landerna\/\" \/>\n<meta property=\"og:site_name\" content=\"Svenska Magasinet\" \/>\n<meta property=\"article:publisher\" content=\"https:\/\/www.facebook.com\/svenskamagasinet\" \/>\n<meta property=\"article:published_time\" content=\"2024-06-20T12:52:58+00:00\" \/>\n<meta property=\"article:modified_time\" content=\"2024-06-20T12:55:01+00:00\" \/>\n<meta property=\"og:image\" content=\"https:\/\/lightweb.dev\/l\/svm-temp\/wp-content\/uploads\/2024\/06\/nato-forsvar-militar.webp\" \/>\n\t<meta property=\"og:image:width\" content=\"1200\" \/>\n\t<meta property=\"og:image:height\" content=\"840\" \/>\n\t<meta property=\"og:image:type\" content=\"image\/webp\" \/>\n<meta name=\"author\" content=\"Robbie Eriksson\" \/>\n<meta name=\"twitter:card\" content=\"summary_large_image\" \/>\n<meta name=\"twitter:creator\" content=\"@SvenskaMagasine\" \/>\n<meta name=\"twitter:site\" content=\"@SvenskaMagasine\" \/>\n<script type=\"application\/ld+json\" class=\"yoast-schema-graph\">{\"@context\":\"https:\\\/\\\/schema.org\",\"@graph\":[{\"@type\":\"Article\",\"@id\":\"https:\\\/\\\/lightweb.dev\\\/l\\\/svm-temp\\\/nyheter\\\/spanien-lagger-minst-pengar-pa-forsvaret-av-nato-landerna\\\/#article\",\"isPartOf\":{\"@id\":\"https:\\\/\\\/lightweb.dev\\\/l\\\/svm-temp\\\/nyheter\\\/spanien-lagger-minst-pengar-pa-forsvaret-av-nato-landerna\\\/\"},\"author\":{\"name\":\"Robbie Eriksson\",\"@id\":\"https:\\\/\\\/lightweb.dev\\\/l\\\/svm-temp\\\/#\\\/schema\\\/person\\\/caffe038990d25722f5a04a03c906a2b\"},\"headline\":\"Spanien l\u00e4gger minst pengar p\u00e5 f\u00f6rsvaret av Nato-l\u00e4nderna\",\"datePublished\":\"2024-06-20T12:52:58+00:00\",\"dateModified\":\"2024-06-20T12:55:01+00:00\",\"mainEntityOfPage\":{\"@id\":\"https:\\\/\\\/lightweb.dev\\\/l\\\/svm-temp\\\/nyheter\\\/spanien-lagger-minst-pengar-pa-forsvaret-av-nato-landerna\\\/\"},\"wordCount\":246,\"publisher\":{\"@id\":\"https:\\\/\\\/lightweb.dev\\\/l\\\/svm-temp\\\/#organization\"},\"image\":{\"@id\":\"https:\\\/\\\/lightweb.dev\\\/l\\\/svm-temp\\\/nyheter\\\/spanien-lagger-minst-pengar-pa-forsvaret-av-nato-landerna\\\/#primaryimage\"},\"thumbnailUrl\":\"https:\\\/\\\/lightweb.dev\\\/l\\\/svm-temp\\\/wp-content\\\/uploads\\\/2024\\\/06\\\/nato-forsvar-militar.webp\",\"articleSection\":[\"Arkiv\",\"Nyheter\"],\"inLanguage\":\"sv-SE\"},{\"@type\":\"WebPage\",\"@id\":\"https:\\\/\\\/lightweb.dev\\\/l\\\/svm-temp\\\/nyheter\\\/spanien-lagger-minst-pengar-pa-forsvaret-av-nato-landerna\\\/\",\"url\":\"https:\\\/\\\/lightweb.dev\\\/l\\\/svm-temp\\\/nyheter\\\/spanien-lagger-minst-pengar-pa-forsvaret-av-nato-landerna\\\/\",\"name\":\"Spanien l\u00e4gger minst pengar p\u00e5 f\u00f6rsvaret av Nato-l\u00e4nderna - Svenska Magasinet\",\"isPartOf\":{\"@id\":\"https:\\\/\\\/lightweb.dev\\\/l\\\/svm-temp\\\/#website\"},\"primaryImageOfPage\":{\"@id\":\"https:\\\/\\\/lightweb.dev\\\/l\\\/svm-temp\\\/nyheter\\\/spanien-lagger-minst-pengar-pa-forsvaret-av-nato-landerna\\\/#primaryimage\"},\"image\":{\"@id\":\"https:\\\/\\\/lightweb.dev\\\/l\\\/svm-temp\\\/nyheter\\\/spanien-lagger-minst-pengar-pa-forsvaret-av-nato-landerna\\\/#primaryimage\"},\"thumbnailUrl\":\"https:\\\/\\\/lightweb.dev\\\/l\\\/svm-temp\\\/wp-content\\\/uploads\\\/2024\\\/06\\\/nato-forsvar-militar.webp\",\"datePublished\":\"2024-06-20T12:52:58+00:00\",\"dateModified\":\"2024-06-20T12:55:01+00:00\",\"breadcrumb\":{\"@id\":\"https:\\\/\\\/lightweb.dev\\\/l\\\/svm-temp\\\/nyheter\\\/spanien-lagger-minst-pengar-pa-forsvaret-av-nato-landerna\\\/#breadcrumb\"},\"inLanguage\":\"sv-SE\",\"potentialAction\":[{\"@type\":\"ReadAction\",\"target\":[\"https:\\\/\\\/lightweb.dev\\\/l\\\/svm-temp\\\/nyheter\\\/spanien-lagger-minst-pengar-pa-forsvaret-av-nato-landerna\\\/\"]}]},{\"@type\":\"ImageObject\",\"inLanguage\":\"sv-SE\",\"@id\":\"https:\\\/\\\/lightweb.dev\\\/l\\\/svm-temp\\\/nyheter\\\/spanien-lagger-minst-pengar-pa-forsvaret-av-nato-landerna\\\/#primaryimage\",\"url\":\"https:\\\/\\\/lightweb.dev\\\/l\\\/svm-temp\\\/wp-content\\\/uploads\\\/2024\\\/06\\\/nato-forsvar-militar.webp\",\"contentUrl\":\"https:\\\/\\\/lightweb.dev\\\/l\\\/svm-temp\\\/wp-content\\\/uploads\\\/2024\\\/06\\\/nato-forsvar-militar.webp\",\"width\":1200,\"height\":840,\"caption\":\"(Bild: AFP)\"},{\"@type\":\"BreadcrumbList\",\"@id\":\"https:\\\/\\\/lightweb.dev\\\/l\\\/svm-temp\\\/nyheter\\\/spanien-lagger-minst-pengar-pa-forsvaret-av-nato-landerna\\\/#breadcrumb\",\"itemListElement\":[{\"@type\":\"ListItem\",\"position\":1,\"name\":\"Hem\",\"item\":\"https:\\\/\\\/lightweb.dev\\\/l\\\/svm-temp\\\/\"},{\"@type\":\"ListItem\",\"position\":2,\"name\":\"Spanien l\u00e4gger minst pengar p\u00e5 f\u00f6rsvaret av Nato-l\u00e4nderna\"}]},{\"@type\":\"WebSite\",\"@id\":\"https:\\\/\\\/lightweb.dev\\\/l\\\/svm-temp\\\/#website\",\"url\":\"https:\\\/\\\/lightweb.dev\\\/l\\\/svm-temp\\\/\",\"name\":\"Svenska Magasinet\",\"description\":\"Dina Spanska nyheter p&aring; Svenska\",\"publisher\":{\"@id\":\"https:\\\/\\\/lightweb.dev\\\/l\\\/svm-temp\\\/#organization\"},\"potentialAction\":[{\"@type\":\"SearchAction\",\"target\":{\"@type\":\"EntryPoint\",\"urlTemplate\":\"https:\\\/\\\/lightweb.dev\\\/l\\\/svm-temp\\\/?s={search_term_string}\"},\"query-input\":{\"@type\":\"PropertyValueSpecification\",\"valueRequired\":true,\"valueName\":\"search_term_string\"}}],\"inLanguage\":\"sv-SE\"},{\"@type\":\"Organization\",\"@id\":\"https:\\\/\\\/lightweb.dev\\\/l\\\/svm-temp\\\/#organization\",\"name\":\"Melkerson y Nott SL\",\"alternateName\":\"Svenska Magasinet\",\"url\":\"https:\\\/\\\/lightweb.dev\\\/l\\\/svm-temp\\\/\",\"logo\":{\"@type\":\"ImageObject\",\"inLanguage\":\"sv-SE\",\"@id\":\"https:\\\/\\\/lightweb.dev\\\/l\\\/svm-temp\\\/#\\\/schema\\\/logo\\\/image\\\/\",\"url\":\"https:\\\/\\\/lightweb.dev\\\/l\\\/svm-temp\\\/wp-content\\\/uploads\\\/2025\\\/02\\\/SvM-logo-Xtra-Centrerad-SVART.png\",\"contentUrl\":\"https:\\\/\\\/lightweb.dev\\\/l\\\/svm-temp\\\/wp-content\\\/uploads\\\/2025\\\/02\\\/SvM-logo-Xtra-Centrerad-SVART.png\",\"width\":300,\"height\":99,\"caption\":\"Melkerson y Nott SL\"},\"image\":{\"@id\":\"https:\\\/\\\/lightweb.dev\\\/l\\\/svm-temp\\\/#\\\/schema\\\/logo\\\/image\\\/\"},\"sameAs\":[\"https:\\\/\\\/www.facebook.com\\\/svenskamagasinet\",\"https:\\\/\\\/x.com\\\/SvenskaMagasine\"]},{\"@type\":\"Person\",\"@id\":\"https:\\\/\\\/lightweb.dev\\\/l\\\/svm-temp\\\/#\\\/schema\\\/person\\\/caffe038990d25722f5a04a03c906a2b\",\"name\":\"Robbie Eriksson\",\"sameAs\":[\"https:\\\/\\\/lightweb.dev\\\/l\\\/svm-temp\"],\"url\":\"https:\\\/\\\/lightweb.dev\\\/l\\\/svm-temp\\\/reporter\\\/robbie-eriksson\\\/\"}]}<\/script>\n<!-- \/ Yoast SEO Premium plugin. -->","yoast_head_json":{"title":"Spanien l\u00e4gger minst pengar p\u00e5 f\u00f6rsvaret av Nato-l\u00e4nderna - Svenska Magasinet","robots":{"index":"noindex","follow":"follow","max-snippet":"max-snippet:-1","max-image-preview":"max-image-preview:large","max-video-preview":"max-video-preview:-1"},"og_locale":"sv_SE","og_type":"article","og_title":"Spanien l\u00e4gger minst pengar p\u00e5 f\u00f6rsvaret av Nato-l\u00e4nderna","og_description":"Spanien l\u00e4gger endast 1,28 procent av landets BNP p\u00e5 f\u00f6rsvaret. Det \u00e4r l\u00e5ngt under m\u00e5let som har satts av alliansen.\u00a0","og_url":"https:\/\/lightweb.dev\/l\/svm-temp\/nyheter\/spanien-lagger-minst-pengar-pa-forsvaret-av-nato-landerna\/","og_site_name":"Svenska Magasinet","article_publisher":"https:\/\/www.facebook.com\/svenskamagasinet","article_published_time":"2024-06-20T12:52:58+00:00","article_modified_time":"2024-06-20T12:55:01+00:00","og_image":[{"width":1200,"height":840,"url":"https:\/\/lightweb.dev\/l\/svm-temp\/wp-content\/uploads\/2024\/06\/nato-forsvar-militar.webp","type":"image\/webp"}],"author":"Robbie Eriksson","twitter_card":"summary_large_image","twitter_creator":"@SvenskaMagasine","twitter_site":"@SvenskaMagasine","schema":{"@context":"https:\/\/schema.org","@graph":[{"@type":"Article","@id":"https:\/\/lightweb.dev\/l\/svm-temp\/nyheter\/spanien-lagger-minst-pengar-pa-forsvaret-av-nato-landerna\/#article","isPartOf":{"@id":"https:\/\/lightweb.dev\/l\/svm-temp\/nyheter\/spanien-lagger-minst-pengar-pa-forsvaret-av-nato-landerna\/"},"author":{"name":"Robbie Eriksson","@id":"https:\/\/lightweb.dev\/l\/svm-temp\/#\/schema\/person\/caffe038990d25722f5a04a03c906a2b"},"headline":"Spanien l\u00e4gger minst pengar p\u00e5 f\u00f6rsvaret av Nato-l\u00e4nderna","datePublished":"2024-06-20T12:52:58+00:00","dateModified":"2024-06-20T12:55:01+00:00","mainEntityOfPage":{"@id":"https:\/\/lightweb.dev\/l\/svm-temp\/nyheter\/spanien-lagger-minst-pengar-pa-forsvaret-av-nato-landerna\/"},"wordCount":246,"publisher":{"@id":"https:\/\/lightweb.dev\/l\/svm-temp\/#organization"},"image":{"@id":"https:\/\/lightweb.dev\/l\/svm-temp\/nyheter\/spanien-lagger-minst-pengar-pa-forsvaret-av-nato-landerna\/#primaryimage"},"thumbnailUrl":"https:\/\/lightweb.dev\/l\/svm-temp\/wp-content\/uploads\/2024\/06\/nato-forsvar-militar.webp","articleSection":["Arkiv","Nyheter"],"inLanguage":"sv-SE"},{"@type":"WebPage","@id":"https:\/\/lightweb.dev\/l\/svm-temp\/nyheter\/spanien-lagger-minst-pengar-pa-forsvaret-av-nato-landerna\/","url":"https:\/\/lightweb.dev\/l\/svm-temp\/nyheter\/spanien-lagger-minst-pengar-pa-forsvaret-av-nato-landerna\/","name":"Spanien l\u00e4gger minst pengar p\u00e5 f\u00f6rsvaret av Nato-l\u00e4nderna - Svenska Magasinet","isPartOf":{"@id":"https:\/\/lightweb.dev\/l\/svm-temp\/#website"},"primaryImageOfPage":{"@id":"https:\/\/lightweb.dev\/l\/svm-temp\/nyheter\/spanien-lagger-minst-pengar-pa-forsvaret-av-nato-landerna\/#primaryimage"},"image":{"@id":"https:\/\/lightweb.dev\/l\/svm-temp\/nyheter\/spanien-lagger-minst-pengar-pa-forsvaret-av-nato-landerna\/#primaryimage"},"thumbnailUrl":"https:\/\/lightweb.dev\/l\/svm-temp\/wp-content\/uploads\/2024\/06\/nato-forsvar-militar.webp","datePublished":"2024-06-20T12:52:58+00:00","dateModified":"2024-06-20T12:55:01+00:00","breadcrumb":{"@id":"https:\/\/lightweb.dev\/l\/svm-temp\/nyheter\/spanien-lagger-minst-pengar-pa-forsvaret-av-nato-landerna\/#breadcrumb"},"inLanguage":"sv-SE","potentialAction":[{"@type":"ReadAction","target":["https:\/\/lightweb.dev\/l\/svm-temp\/nyheter\/spanien-lagger-minst-pengar-pa-forsvaret-av-nato-landerna\/"]}]},{"@type":"ImageObject","inLanguage":"sv-SE","@id":"https:\/\/lightweb.dev\/l\/svm-temp\/nyheter\/spanien-lagger-minst-pengar-pa-forsvaret-av-nato-landerna\/#primaryimage","url":"https:\/\/lightweb.dev\/l\/svm-temp\/wp-content\/uploads\/2024\/06\/nato-forsvar-militar.webp","contentUrl":"https:\/\/lightweb.dev\/l\/svm-temp\/wp-content\/uploads\/2024\/06\/nato-forsvar-militar.webp","width":1200,"height":840,"caption":"(Bild: AFP)"},{"@type":"BreadcrumbList","@id":"https:\/\/lightweb.dev\/l\/svm-temp\/nyheter\/spanien-lagger-minst-pengar-pa-forsvaret-av-nato-landerna\/#breadcrumb","itemListElement":[{"@type":"ListItem","position":1,"name":"Hem","item":"https:\/\/lightweb.dev\/l\/svm-temp\/"},{"@type":"ListItem","position":2,"name":"Spanien l\u00e4gger minst pengar p\u00e5 f\u00f6rsvaret av Nato-l\u00e4nderna"}]},{"@type":"WebSite","@id":"https:\/\/lightweb.dev\/l\/svm-temp\/#website","url":"https:\/\/lightweb.dev\/l\/svm-temp\/","name":"Svenska Magasinet","description":"Dina Spanska nyheter p&aring; Svenska","publisher":{"@id":"https:\/\/lightweb.dev\/l\/svm-temp\/#organization"},"potentialAction":[{"@type":"SearchAction","target":{"@type":"EntryPoint","urlTemplate":"https:\/\/lightweb.dev\/l\/svm-temp\/?s={search_term_string}"},"query-input":{"@type":"PropertyValueSpecification","valueRequired":true,"valueName":"search_term_string"}}],"inLanguage":"sv-SE"},{"@type":"Organization","@id":"https:\/\/lightweb.dev\/l\/svm-temp\/#organization","name":"Melkerson y Nott SL","alternateName":"Svenska Magasinet","url":"https:\/\/lightweb.dev\/l\/svm-temp\/","logo":{"@type":"ImageObject","inLanguage":"sv-SE","@id":"https:\/\/lightweb.dev\/l\/svm-temp\/#\/schema\/logo\/image\/","url":"https:\/\/lightweb.dev\/l\/svm-temp\/wp-content\/uploads\/2025\/02\/SvM-logo-Xtra-Centrerad-SVART.png","contentUrl":"https:\/\/lightweb.dev\/l\/svm-temp\/wp-content\/uploads\/2025\/02\/SvM-logo-Xtra-Centrerad-SVART.png","width":300,"height":99,"caption":"Melkerson y Nott SL"},"image":{"@id":"https:\/\/lightweb.dev\/l\/svm-temp\/#\/schema\/logo\/image\/"},"sameAs":["https:\/\/www.facebook.com\/svenskamagasinet","https:\/\/x.com\/SvenskaMagasine"]},{"@type":"Person","@id":"https:\/\/lightweb.dev\/l\/svm-temp\/#\/schema\/person\/caffe038990d25722f5a04a03c906a2b","name":"Robbie Eriksson","sameAs":["https:\/\/lightweb.dev\/l\/svm-temp"],"url":"https:\/\/lightweb.dev\/l\/svm-temp\/reporter\/robbie-eriksson\/"}]}},"_links":{"self":[{"href":"https:\/\/lightweb.dev\/l\/svm-temp\/wp-json\/wp\/v2\/posts\/72859","targetHints":{"allow":["GET"]}}],"collection":[{"href":"https:\/\/lightweb.dev\/l\/svm-temp\/wp-json\/wp\/v2\/posts"}],"about":[{"href":"https:\/\/lightweb.dev\/l\/svm-temp\/wp-json\/wp\/v2\/types\/post"}],"author":[{"embeddable":true,"href":"https:\/\/lightweb.dev\/l\/svm-temp\/wp-json\/wp\/v2\/users\/14"}],"replies":[{"embeddable":true,"href":"https:\/\/lightweb.dev\/l\/svm-temp\/wp-json\/wp\/v2\/comments?post=72859"}],"version-history":[{"count":0,"href":"https:\/\/lightweb.dev\/l\/svm-temp\/wp-json\/wp\/v2\/posts\/72859\/revisions"}],"wp:featuredmedia":[{"embeddable":true,"href":"https:\/\/lightweb.dev\/l\/svm-temp\/wp-json\/wp\/v2\/media\/72861"}],"wp:attachment":[{"href":"https:\/\/lightweb.dev\/l\/svm-temp\/wp-json\/wp\/v2\/media?parent=72859"}],"wp:term":[{"taxonomy":"category","embeddable":true,"href":"https:\/\/lightweb.dev\/l\/svm-temp\/wp-json\/wp\/v2\/categories?post=72859"},{"taxonomy":"post_tag","embeddable":true,"href":"https:\/\/lightweb.dev\/l\/svm-temp\/wp-json\/wp\/v2\/tags?post=72859"}],"curies":[{"name":"wp","href":"https:\/\/api.w.org\/{rel}","templated":true}]}}