{"id":72866,"date":"2024-06-20T15:07:19","date_gmt":"2024-06-20T13:07:19","guid":{"rendered":"https:\/\/lightweb.dev\/l\/svm-temp\/?p=72866"},"modified":"2024-06-20T15:07:19","modified_gmt":"2024-06-20T13:07:19","slug":"utrotningshotad-gam-atervander-till-granadas-berg","status":"publish","type":"post","link":"https:\/\/lightweb.dev\/l\/svm-temp\/nyheter\/utrotningshotad-gam-atervander-till-granadas-berg\/","title":{"rendered":"Utrotningshotad gam \u00e5terv\u00e4nder till Granadas berg"},"content":{"rendered":"<p><strong>P\u00e5 grund av m\u00e4nsklig p\u00e5verkan hade lammgamen i stort sett f\u00f6rsvunnit fr\u00e5n de europeiska bergen.\u00a0<\/strong><\/p>\n<p><strong>Tack vare insatser fr\u00e5n myndigheter och forskare har man kunnat \u00e5terintroducera arten i Granadas bergskedjor.\u00a0<\/strong><\/p>\n<p><span style=\"font-weight: 400;\">Insatserna f\u00f6r att f\u00f6rhindra att lammgamen utrotas b\u00f6rjar b\u00e4ra frukt i Granada. Antalet av arten har b\u00f6rjat v\u00e4xa i sin historiska hemvist i Sierra de Castril och i Sierra Nevada, d\u00e4r den tidigare inte varit bosatt.\u00a0<\/span><\/p>\n<p><span style=\"font-weight: 400;\">Det \u00e4r f\u00f6rsta g\u00e5ngen p\u00e5 flera \u00e5rtionden som lammgamen syns i Granada. P\u00e5 grund av m\u00e4nniskors jakt samt utplacering av gifter f\u00f6r att r\u00e5da bot p\u00e5 skadedjur har gamarna i stort sett f\u00f6rsvunnit fr\u00e5n de europeiska bergskedjorna. Senast den syntes till i Granada var 1986 och i slutet p\u00e5 90-talet fanns endast ett f\u00e5tal exemplar i Spanien. De kunde hittas i pyreneerna.\u00a0<\/span><\/p>\n<p><span style=\"font-weight: 400;\">Tack vare \u00e5tg\u00e4rder fr\u00e5n andalusiska myndigheter och forskare har man kunnat sl\u00e4ppa ut 90 lammgamar i det vilda i bergskedjorna Sierra de Cazorla och Sierra de Castril sedan 2006. Nu har regionregeringen satt ut artificiella bon samt ytterligare tv\u00e5 unga f\u00e5glar f\u00f6r att befolka bergen ytterligare.\u00a0<\/span><\/p>\n<p><span style=\"font-weight: 400;\">Borja Nebot, som \u00e4r huvudkoordinator f\u00f6r projektet att \u00e5terh\u00e4mta och bevara nekrofaga f\u00e5gelarter i Andalusien, st\u00e5r bakom projektet och ber\u00e4ttar att fyra f\u00e5glar har introducerats hittills i \u00e5r och ytterligare tre ska sl\u00e4ppas ut.\u00a0<\/span><\/p>\n<h2><span style=\"font-weight: 400;\">Konstgjorda n\u00e4sten<\/span><\/h2>\n<p><span style=\"font-weight: 400;\">Det finns ett stort hinder f\u00f6r att projektet ska lyckas. Dessa f\u00e5glar \u00e5terv\u00e4nder n\u00e4mligen alltid till sin f\u00f6delseplats f\u00f6r att f\u00f6r\u00f6ka sig. F\u00f6r n\u00e4rvarande f\u00f6ds de flesta i ett biologiskt center i Guadalentin i Cazorla. Man hoppas dock att man genom att placera dem i artificiella bon i tidig \u00e5lder (innan de kan flyga) ska lyckas lura gamarna att de \u00e4r f\u00f6dda som vilda f\u00e5glar.<\/span><\/p>\n<p><span style=\"font-weight: 400;\">Under de f\u00f6rsta tre m\u00e5naderna som f\u00e5glarna befinner sig i sina konstgjorda n\u00e4sten matas de av sina sk\u00f6tare med tuber som g\u00e5r genom bergen till n\u00e4rheten av boet.\u00a0\u00a0<\/span><\/p>\n<p><span style=\"font-weight: 400;\">Detta p\u00e5minner en hel del om hur de skulle ha matats av sina f\u00f6r\u00e4ldrar. Eftersom gamarna inte matar sina unga direkt utan l\u00e4mnar delar av ett byte en bit ifr\u00e5n boet.\u00a0<\/span><\/p>\n<p><span style=\"font-weight: 400;\">P\u00e5 s\u00e5 vis hoppas man att ungarna ska se p\u00e5 sitt artificiella bo som sin naturliga tillvaro och \u00e5terv\u00e4nda dit i vuxen \u00e5lder f\u00f6r att para och f\u00f6r\u00f6ka sig.\u00a0<\/span><\/p>\n<p><span style=\"font-weight: 400;\">Lammgamen blir vuxen vid sju \u00e5rs \u00e5lder och lever i det fria mellan 30 och 40 \u00e5r. Under de senaste 10 \u00e5ren har 16 exemplar f\u00f6tts och kommer inom kort kunna b\u00f6rja flyga.\u00a0<\/span><\/p>\n<p><span style=\"font-weight: 400;\">I dagsl\u00e4get finns omkring 65 lammgamar i Andalusien och de som har f\u00f6tts i f\u00e5ngenskap f\u00f6r att sedan sl\u00e4ppas ut sp\u00e5ras genom ett chip som opererats in i deras rygg.\u00a0<\/span><\/p>\n<p><span style=\"font-weight: 400;\">Dessa f\u00e5glar f\u00e4rdas mycket l\u00e5nga str\u00e4ckor under sina yngre \u00e5r. Vissa har till exempel korsat Medelhavet och tagit sig till Marocko. Beslutet att \u00e5terintroducera dem i Granada kom efter att man uppt\u00e4ckt att flera bes\u00f6kte Sierra Nevada fr\u00e5n sin hemvist. De andalusiska bergen har gott om l\u00e4mpliga platser f\u00f6r dem att bygga bo och f\u00f6da i form av bergsgetter och boskap. <\/span><\/p>\n","protected":false},"excerpt":{"rendered":"<p>P\u00e5 grund av m\u00e4nsklig p\u00e5verkan hade lammgamen i stort sett f\u00f6rsvunnit fr\u00e5n de europeiska bergen.\u00a0Tack vare insatser fr\u00e5n myndigheter och forskare har man kunnat \u00e5terintroducera arten i Granadas bergskedjor.\u00a0<\/p>\n","protected":false},"author":14,"featured_media":72867,"comment_status":"closed","ping_status":"closed","sticky":false,"template":"","format":"standard","meta":{"_et_pb_use_builder":"","_et_pb_old_content":"","_et_gb_content_width":"","footnotes":""},"categories":[395,3],"tags":[],"class_list":["post-72866","post","type-post","status-publish","format-standard","has-post-thumbnail","hentry","category-arkiv-nyheter","category-nyheter"],"yoast_head":"<!-- This site is optimized with the Yoast SEO Premium plugin v26.2 (Yoast SEO v27.5) - https:\/\/yoast.com\/product\/yoast-seo-premium-wordpress\/ -->\n<title>Utrotningshotad gam \u00e5terv\u00e4nder till Granadas berg - Svenska Magasinet<\/title>\n<meta name=\"robots\" content=\"noindex, follow, max-snippet:-1, max-image-preview:large, max-video-preview:-1\" \/>\n<meta property=\"og:locale\" content=\"sv_SE\" \/>\n<meta property=\"og:type\" content=\"article\" \/>\n<meta property=\"og:title\" content=\"Utrotningshotad gam \u00e5terv\u00e4nder till Granadas berg\" \/>\n<meta property=\"og:description\" content=\"P\u00e5 grund av m\u00e4nsklig p\u00e5verkan hade lammgamen i stort sett f\u00f6rsvunnit fr\u00e5n de europeiska bergen.\u00a0Tack vare insatser fr\u00e5n myndigheter och forskare har man kunnat \u00e5terintroducera arten i Granadas bergskedjor.\u00a0\" \/>\n<meta property=\"og:url\" content=\"https:\/\/lightweb.dev\/l\/svm-temp\/nyheter\/utrotningshotad-gam-atervander-till-granadas-berg\/\" \/>\n<meta property=\"og:site_name\" content=\"Svenska Magasinet\" \/>\n<meta property=\"article:publisher\" content=\"https:\/\/www.facebook.com\/svenskamagasinet\" \/>\n<meta property=\"article:published_time\" content=\"2024-06-20T13:07:19+00:00\" \/>\n<meta property=\"og:image\" content=\"https:\/\/lightweb.dev\/l\/svm-temp\/wp-content\/uploads\/2024\/06\/Lammgam.webp\" \/>\n\t<meta property=\"og:image:width\" content=\"1200\" \/>\n\t<meta property=\"og:image:height\" content=\"840\" \/>\n\t<meta property=\"og:image:type\" content=\"image\/webp\" \/>\n<meta name=\"author\" content=\"Robbie Eriksson\" \/>\n<meta name=\"twitter:card\" content=\"summary_large_image\" \/>\n<meta name=\"twitter:creator\" content=\"@SvenskaMagasine\" \/>\n<meta name=\"twitter:site\" content=\"@SvenskaMagasine\" \/>\n<script type=\"application\/ld+json\" class=\"yoast-schema-graph\">{\"@context\":\"https:\\\/\\\/schema.org\",\"@graph\":[{\"@type\":\"Article\",\"@id\":\"https:\\\/\\\/lightweb.dev\\\/l\\\/svm-temp\\\/nyheter\\\/utrotningshotad-gam-atervander-till-granadas-berg\\\/#article\",\"isPartOf\":{\"@id\":\"https:\\\/\\\/lightweb.dev\\\/l\\\/svm-temp\\\/nyheter\\\/utrotningshotad-gam-atervander-till-granadas-berg\\\/\"},\"author\":{\"name\":\"Robbie Eriksson\",\"@id\":\"https:\\\/\\\/lightweb.dev\\\/l\\\/svm-temp\\\/#\\\/schema\\\/person\\\/caffe038990d25722f5a04a03c906a2b\"},\"headline\":\"Utrotningshotad gam \u00e5terv\u00e4nder till Granadas berg\",\"datePublished\":\"2024-06-20T13:07:19+00:00\",\"mainEntityOfPage\":{\"@id\":\"https:\\\/\\\/lightweb.dev\\\/l\\\/svm-temp\\\/nyheter\\\/utrotningshotad-gam-atervander-till-granadas-berg\\\/\"},\"wordCount\":566,\"publisher\":{\"@id\":\"https:\\\/\\\/lightweb.dev\\\/l\\\/svm-temp\\\/#organization\"},\"image\":{\"@id\":\"https:\\\/\\\/lightweb.dev\\\/l\\\/svm-temp\\\/nyheter\\\/utrotningshotad-gam-atervander-till-granadas-berg\\\/#primaryimage\"},\"thumbnailUrl\":\"https:\\\/\\\/lightweb.dev\\\/l\\\/svm-temp\\\/wp-content\\\/uploads\\\/2024\\\/06\\\/Lammgam.webp\",\"articleSection\":[\"Arkiv\",\"Nyheter\"],\"inLanguage\":\"sv-SE\"},{\"@type\":\"WebPage\",\"@id\":\"https:\\\/\\\/lightweb.dev\\\/l\\\/svm-temp\\\/nyheter\\\/utrotningshotad-gam-atervander-till-granadas-berg\\\/\",\"url\":\"https:\\\/\\\/lightweb.dev\\\/l\\\/svm-temp\\\/nyheter\\\/utrotningshotad-gam-atervander-till-granadas-berg\\\/\",\"name\":\"Utrotningshotad gam \u00e5terv\u00e4nder till Granadas berg - Svenska Magasinet\",\"isPartOf\":{\"@id\":\"https:\\\/\\\/lightweb.dev\\\/l\\\/svm-temp\\\/#website\"},\"primaryImageOfPage\":{\"@id\":\"https:\\\/\\\/lightweb.dev\\\/l\\\/svm-temp\\\/nyheter\\\/utrotningshotad-gam-atervander-till-granadas-berg\\\/#primaryimage\"},\"image\":{\"@id\":\"https:\\\/\\\/lightweb.dev\\\/l\\\/svm-temp\\\/nyheter\\\/utrotningshotad-gam-atervander-till-granadas-berg\\\/#primaryimage\"},\"thumbnailUrl\":\"https:\\\/\\\/lightweb.dev\\\/l\\\/svm-temp\\\/wp-content\\\/uploads\\\/2024\\\/06\\\/Lammgam.webp\",\"datePublished\":\"2024-06-20T13:07:19+00:00\",\"breadcrumb\":{\"@id\":\"https:\\\/\\\/lightweb.dev\\\/l\\\/svm-temp\\\/nyheter\\\/utrotningshotad-gam-atervander-till-granadas-berg\\\/#breadcrumb\"},\"inLanguage\":\"sv-SE\",\"potentialAction\":[{\"@type\":\"ReadAction\",\"target\":[\"https:\\\/\\\/lightweb.dev\\\/l\\\/svm-temp\\\/nyheter\\\/utrotningshotad-gam-atervander-till-granadas-berg\\\/\"]}]},{\"@type\":\"ImageObject\",\"inLanguage\":\"sv-SE\",\"@id\":\"https:\\\/\\\/lightweb.dev\\\/l\\\/svm-temp\\\/nyheter\\\/utrotningshotad-gam-atervander-till-granadas-berg\\\/#primaryimage\",\"url\":\"https:\\\/\\\/lightweb.dev\\\/l\\\/svm-temp\\\/wp-content\\\/uploads\\\/2024\\\/06\\\/Lammgam.webp\",\"contentUrl\":\"https:\\\/\\\/lightweb.dev\\\/l\\\/svm-temp\\\/wp-content\\\/uploads\\\/2024\\\/06\\\/Lammgam.webp\",\"width\":1200,\"height\":840,\"caption\":\"Lammgam. (Bild: EFE)\"},{\"@type\":\"BreadcrumbList\",\"@id\":\"https:\\\/\\\/lightweb.dev\\\/l\\\/svm-temp\\\/nyheter\\\/utrotningshotad-gam-atervander-till-granadas-berg\\\/#breadcrumb\",\"itemListElement\":[{\"@type\":\"ListItem\",\"position\":1,\"name\":\"Hem\",\"item\":\"https:\\\/\\\/lightweb.dev\\\/l\\\/svm-temp\\\/\"},{\"@type\":\"ListItem\",\"position\":2,\"name\":\"Utrotningshotad gam \u00e5terv\u00e4nder till Granadas berg\"}]},{\"@type\":\"WebSite\",\"@id\":\"https:\\\/\\\/lightweb.dev\\\/l\\\/svm-temp\\\/#website\",\"url\":\"https:\\\/\\\/lightweb.dev\\\/l\\\/svm-temp\\\/\",\"name\":\"Svenska Magasinet\",\"description\":\"Dina Spanska nyheter p&aring; Svenska\",\"publisher\":{\"@id\":\"https:\\\/\\\/lightweb.dev\\\/l\\\/svm-temp\\\/#organization\"},\"potentialAction\":[{\"@type\":\"SearchAction\",\"target\":{\"@type\":\"EntryPoint\",\"urlTemplate\":\"https:\\\/\\\/lightweb.dev\\\/l\\\/svm-temp\\\/?s={search_term_string}\"},\"query-input\":{\"@type\":\"PropertyValueSpecification\",\"valueRequired\":true,\"valueName\":\"search_term_string\"}}],\"inLanguage\":\"sv-SE\"},{\"@type\":\"Organization\",\"@id\":\"https:\\\/\\\/lightweb.dev\\\/l\\\/svm-temp\\\/#organization\",\"name\":\"Melkerson y Nott SL\",\"alternateName\":\"Svenska Magasinet\",\"url\":\"https:\\\/\\\/lightweb.dev\\\/l\\\/svm-temp\\\/\",\"logo\":{\"@type\":\"ImageObject\",\"inLanguage\":\"sv-SE\",\"@id\":\"https:\\\/\\\/lightweb.dev\\\/l\\\/svm-temp\\\/#\\\/schema\\\/logo\\\/image\\\/\",\"url\":\"https:\\\/\\\/lightweb.dev\\\/l\\\/svm-temp\\\/wp-content\\\/uploads\\\/2025\\\/02\\\/SvM-logo-Xtra-Centrerad-SVART.png\",\"contentUrl\":\"https:\\\/\\\/lightweb.dev\\\/l\\\/svm-temp\\\/wp-content\\\/uploads\\\/2025\\\/02\\\/SvM-logo-Xtra-Centrerad-SVART.png\",\"width\":300,\"height\":99,\"caption\":\"Melkerson y Nott SL\"},\"image\":{\"@id\":\"https:\\\/\\\/lightweb.dev\\\/l\\\/svm-temp\\\/#\\\/schema\\\/logo\\\/image\\\/\"},\"sameAs\":[\"https:\\\/\\\/www.facebook.com\\\/svenskamagasinet\",\"https:\\\/\\\/x.com\\\/SvenskaMagasine\"]},{\"@type\":\"Person\",\"@id\":\"https:\\\/\\\/lightweb.dev\\\/l\\\/svm-temp\\\/#\\\/schema\\\/person\\\/caffe038990d25722f5a04a03c906a2b\",\"name\":\"Robbie Eriksson\",\"sameAs\":[\"https:\\\/\\\/lightweb.dev\\\/l\\\/svm-temp\"],\"url\":\"https:\\\/\\\/lightweb.dev\\\/l\\\/svm-temp\\\/reporter\\\/robbie-eriksson\\\/\"}]}<\/script>\n<!-- \/ Yoast SEO Premium plugin. -->","yoast_head_json":{"title":"Utrotningshotad gam \u00e5terv\u00e4nder till Granadas berg - Svenska Magasinet","robots":{"index":"noindex","follow":"follow","max-snippet":"max-snippet:-1","max-image-preview":"max-image-preview:large","max-video-preview":"max-video-preview:-1"},"og_locale":"sv_SE","og_type":"article","og_title":"Utrotningshotad gam \u00e5terv\u00e4nder till Granadas berg","og_description":"P\u00e5 grund av m\u00e4nsklig p\u00e5verkan hade lammgamen i stort sett f\u00f6rsvunnit fr\u00e5n de europeiska bergen.\u00a0Tack vare insatser fr\u00e5n myndigheter och forskare har man kunnat \u00e5terintroducera arten i Granadas bergskedjor.\u00a0","og_url":"https:\/\/lightweb.dev\/l\/svm-temp\/nyheter\/utrotningshotad-gam-atervander-till-granadas-berg\/","og_site_name":"Svenska Magasinet","article_publisher":"https:\/\/www.facebook.com\/svenskamagasinet","article_published_time":"2024-06-20T13:07:19+00:00","og_image":[{"width":1200,"height":840,"url":"https:\/\/lightweb.dev\/l\/svm-temp\/wp-content\/uploads\/2024\/06\/Lammgam.webp","type":"image\/webp"}],"author":"Robbie Eriksson","twitter_card":"summary_large_image","twitter_creator":"@SvenskaMagasine","twitter_site":"@SvenskaMagasine","schema":{"@context":"https:\/\/schema.org","@graph":[{"@type":"Article","@id":"https:\/\/lightweb.dev\/l\/svm-temp\/nyheter\/utrotningshotad-gam-atervander-till-granadas-berg\/#article","isPartOf":{"@id":"https:\/\/lightweb.dev\/l\/svm-temp\/nyheter\/utrotningshotad-gam-atervander-till-granadas-berg\/"},"author":{"name":"Robbie Eriksson","@id":"https:\/\/lightweb.dev\/l\/svm-temp\/#\/schema\/person\/caffe038990d25722f5a04a03c906a2b"},"headline":"Utrotningshotad gam \u00e5terv\u00e4nder till Granadas berg","datePublished":"2024-06-20T13:07:19+00:00","mainEntityOfPage":{"@id":"https:\/\/lightweb.dev\/l\/svm-temp\/nyheter\/utrotningshotad-gam-atervander-till-granadas-berg\/"},"wordCount":566,"publisher":{"@id":"https:\/\/lightweb.dev\/l\/svm-temp\/#organization"},"image":{"@id":"https:\/\/lightweb.dev\/l\/svm-temp\/nyheter\/utrotningshotad-gam-atervander-till-granadas-berg\/#primaryimage"},"thumbnailUrl":"https:\/\/lightweb.dev\/l\/svm-temp\/wp-content\/uploads\/2024\/06\/Lammgam.webp","articleSection":["Arkiv","Nyheter"],"inLanguage":"sv-SE"},{"@type":"WebPage","@id":"https:\/\/lightweb.dev\/l\/svm-temp\/nyheter\/utrotningshotad-gam-atervander-till-granadas-berg\/","url":"https:\/\/lightweb.dev\/l\/svm-temp\/nyheter\/utrotningshotad-gam-atervander-till-granadas-berg\/","name":"Utrotningshotad gam \u00e5terv\u00e4nder till Granadas berg - Svenska Magasinet","isPartOf":{"@id":"https:\/\/lightweb.dev\/l\/svm-temp\/#website"},"primaryImageOfPage":{"@id":"https:\/\/lightweb.dev\/l\/svm-temp\/nyheter\/utrotningshotad-gam-atervander-till-granadas-berg\/#primaryimage"},"image":{"@id":"https:\/\/lightweb.dev\/l\/svm-temp\/nyheter\/utrotningshotad-gam-atervander-till-granadas-berg\/#primaryimage"},"thumbnailUrl":"https:\/\/lightweb.dev\/l\/svm-temp\/wp-content\/uploads\/2024\/06\/Lammgam.webp","datePublished":"2024-06-20T13:07:19+00:00","breadcrumb":{"@id":"https:\/\/lightweb.dev\/l\/svm-temp\/nyheter\/utrotningshotad-gam-atervander-till-granadas-berg\/#breadcrumb"},"inLanguage":"sv-SE","potentialAction":[{"@type":"ReadAction","target":["https:\/\/lightweb.dev\/l\/svm-temp\/nyheter\/utrotningshotad-gam-atervander-till-granadas-berg\/"]}]},{"@type":"ImageObject","inLanguage":"sv-SE","@id":"https:\/\/lightweb.dev\/l\/svm-temp\/nyheter\/utrotningshotad-gam-atervander-till-granadas-berg\/#primaryimage","url":"https:\/\/lightweb.dev\/l\/svm-temp\/wp-content\/uploads\/2024\/06\/Lammgam.webp","contentUrl":"https:\/\/lightweb.dev\/l\/svm-temp\/wp-content\/uploads\/2024\/06\/Lammgam.webp","width":1200,"height":840,"caption":"Lammgam. (Bild: EFE)"},{"@type":"BreadcrumbList","@id":"https:\/\/lightweb.dev\/l\/svm-temp\/nyheter\/utrotningshotad-gam-atervander-till-granadas-berg\/#breadcrumb","itemListElement":[{"@type":"ListItem","position":1,"name":"Hem","item":"https:\/\/lightweb.dev\/l\/svm-temp\/"},{"@type":"ListItem","position":2,"name":"Utrotningshotad gam \u00e5terv\u00e4nder till Granadas berg"}]},{"@type":"WebSite","@id":"https:\/\/lightweb.dev\/l\/svm-temp\/#website","url":"https:\/\/lightweb.dev\/l\/svm-temp\/","name":"Svenska Magasinet","description":"Dina Spanska nyheter p&aring; Svenska","publisher":{"@id":"https:\/\/lightweb.dev\/l\/svm-temp\/#organization"},"potentialAction":[{"@type":"SearchAction","target":{"@type":"EntryPoint","urlTemplate":"https:\/\/lightweb.dev\/l\/svm-temp\/?s={search_term_string}"},"query-input":{"@type":"PropertyValueSpecification","valueRequired":true,"valueName":"search_term_string"}}],"inLanguage":"sv-SE"},{"@type":"Organization","@id":"https:\/\/lightweb.dev\/l\/svm-temp\/#organization","name":"Melkerson y Nott SL","alternateName":"Svenska Magasinet","url":"https:\/\/lightweb.dev\/l\/svm-temp\/","logo":{"@type":"ImageObject","inLanguage":"sv-SE","@id":"https:\/\/lightweb.dev\/l\/svm-temp\/#\/schema\/logo\/image\/","url":"https:\/\/lightweb.dev\/l\/svm-temp\/wp-content\/uploads\/2025\/02\/SvM-logo-Xtra-Centrerad-SVART.png","contentUrl":"https:\/\/lightweb.dev\/l\/svm-temp\/wp-content\/uploads\/2025\/02\/SvM-logo-Xtra-Centrerad-SVART.png","width":300,"height":99,"caption":"Melkerson y Nott SL"},"image":{"@id":"https:\/\/lightweb.dev\/l\/svm-temp\/#\/schema\/logo\/image\/"},"sameAs":["https:\/\/www.facebook.com\/svenskamagasinet","https:\/\/x.com\/SvenskaMagasine"]},{"@type":"Person","@id":"https:\/\/lightweb.dev\/l\/svm-temp\/#\/schema\/person\/caffe038990d25722f5a04a03c906a2b","name":"Robbie Eriksson","sameAs":["https:\/\/lightweb.dev\/l\/svm-temp"],"url":"https:\/\/lightweb.dev\/l\/svm-temp\/reporter\/robbie-eriksson\/"}]}},"_links":{"self":[{"href":"https:\/\/lightweb.dev\/l\/svm-temp\/wp-json\/wp\/v2\/posts\/72866","targetHints":{"allow":["GET"]}}],"collection":[{"href":"https:\/\/lightweb.dev\/l\/svm-temp\/wp-json\/wp\/v2\/posts"}],"about":[{"href":"https:\/\/lightweb.dev\/l\/svm-temp\/wp-json\/wp\/v2\/types\/post"}],"author":[{"embeddable":true,"href":"https:\/\/lightweb.dev\/l\/svm-temp\/wp-json\/wp\/v2\/users\/14"}],"replies":[{"embeddable":true,"href":"https:\/\/lightweb.dev\/l\/svm-temp\/wp-json\/wp\/v2\/comments?post=72866"}],"version-history":[{"count":0,"href":"https:\/\/lightweb.dev\/l\/svm-temp\/wp-json\/wp\/v2\/posts\/72866\/revisions"}],"wp:featuredmedia":[{"embeddable":true,"href":"https:\/\/lightweb.dev\/l\/svm-temp\/wp-json\/wp\/v2\/media\/72867"}],"wp:attachment":[{"href":"https:\/\/lightweb.dev\/l\/svm-temp\/wp-json\/wp\/v2\/media?parent=72866"}],"wp:term":[{"taxonomy":"category","embeddable":true,"href":"https:\/\/lightweb.dev\/l\/svm-temp\/wp-json\/wp\/v2\/categories?post=72866"},{"taxonomy":"post_tag","embeddable":true,"href":"https:\/\/lightweb.dev\/l\/svm-temp\/wp-json\/wp\/v2\/tags?post=72866"}],"curies":[{"name":"wp","href":"https:\/\/api.w.org\/{rel}","templated":true}]}}