{"id":72870,"date":"2024-06-20T15:18:57","date_gmt":"2024-06-20T13:18:57","guid":{"rendered":"https:\/\/lightweb.dev\/l\/svm-temp\/?p=72870"},"modified":"2024-06-20T21:40:43","modified_gmt":"2024-06-20T19:40:43","slug":"kokainliga-med-forgreningar-till-solkusten-och-sverige-sprang-i-madrid","status":"publish","type":"post","link":"https:\/\/lightweb.dev\/l\/svm-temp\/nyheter\/kokainliga-med-forgreningar-till-solkusten-och-sverige-sprang-i-madrid\/","title":{"rendered":"Kokainliga med f\u00f6rgreningar till Solkusten och Sverige spr\u00e4ngd i Madrid"},"content":{"rendered":"<p><strong>En av de som greps i Colombia \u00e4r S\u00f6dert\u00e4ljen\u00e4tverkets ledare. Tolv personer har gripits vid en st\u00f6rre polisinsats i ett industriomr\u00e5de i Fuenlabrada i Madrid, samtliga ska ing\u00e5 i en kokainliga som beskrivs som en av de mest aktiva i Europa och Sydamerika.<\/strong><\/p>\n<p><strong>Under utredningens g\u00e5ng har svensk polis medverkat.<\/strong><\/p>\n<blockquote class=\"twitter-tweet\" data-media-max-width=\"560\">\n<p dir=\"ltr\" lang=\"es\">\ud83d\udea9Golpe al <a href=\"https:\/\/twitter.com\/hashtag\/narcotr%C3%A1fico?src=hash&amp;ref_src=twsrc%5Etfw\">#narcotr\u00e1fico<\/a> internacional con la incautaci\u00f3n de 100 kilos de <a href=\"https:\/\/twitter.com\/hashtag\/coca%C3%ADna?src=hash&amp;ref_src=twsrc%5Etfw\">#coca\u00edna<\/a> en un contenedor a\u00e9reo procedente de <a href=\"https:\/\/twitter.com\/hashtag\/Ecuador?src=hash&amp;ref_src=twsrc%5Etfw\">#Ecuador<\/a><\/p>\n<p>\ud83d\udd39Detenidos 12 miembros de uno de los grupos criminales \u2795activos en Europa y Sudam\u00e9rica<\/p>\n<p>\ud83d\udd39La <a href=\"https:\/\/twitter.com\/hashtag\/droga?src=hash&amp;ref_src=twsrc%5Etfw\">#droga<\/a> fue localizada en una nave de <a href=\"https:\/\/twitter.com\/hashtag\/Fuenlabrada?src=hash&amp;ref_src=twsrc%5Etfw\">#Fuenlabrada<\/a> <a href=\"https:\/\/t.co\/qOyozqdKLq\">pic.twitter.com\/qOyozqdKLq<\/a><\/p>\n<p>\u2014 Polic\u00eda Nacional (@policia) <a href=\"https:\/\/twitter.com\/policia\/status\/1803697543857185040?ref_src=twsrc%5Etfw\">June 20, 2024<\/a><\/p><\/blockquote>\n<p><script async src=\"https:\/\/platform.twitter.com\/widgets.js\" charset=\"utf-8\"><\/script><\/p>\n<p>Spanska inrikesdepartementet skriver i ett <a href=\"https:\/\/www.interior.gob.es\/opencms\/en\/detail-pages\/article\/La-Policia-Nacional-incauta-100-kilogramos-de-cocaina-en-un-contenedor-aereo-procedente-de-Ecuador\/\">pressmeddelande<\/a> att ligan best\u00e5r av albanska, colombianska, marockanska och europeiska medborgare varav svenskar.<\/p>\n<p>En av de gripna \u00e4r en av S\u00f6dert\u00e4ljen\u00e4tverkets ledare, Bulent Aslanaglu, skriver spanska <a href=\"https:\/\/narcodiario.com\/2024\/06\/descubren-una-multinacional-de-la-cocaina-que-enlazaba-colombia-y-dubai-a-traves-de-espana\/\">Narcodiario<\/a>. Aslanaglu greps i Colombia.<\/p>\n<div id=\"attachment_72880\" style=\"width: 310px\" class=\"wp-caption alignright\"><img loading=\"lazy\" decoding=\"async\" aria-describedby=\"caption-attachment-72880\" class=\"size-medium wp-image-72880\" src=\"https:\/\/lightweb.dev\/l\/svm-temp\/wp-content\/uploads\/2024\/06\/640-stor-300x168.jpeg\" alt=\"\" width=\"300\" height=\"168\" srcset=\"https:\/\/lightweb.dev\/l\/svm-temp\/wp-content\/uploads\/2024\/06\/640-stor-300x168.jpeg 300w, https:\/\/lightweb.dev\/l\/svm-temp\/wp-content\/uploads\/2024\/06\/640-stor-610x341.jpeg 610w, https:\/\/lightweb.dev\/l\/svm-temp\/wp-content\/uploads\/2024\/06\/640-stor-600x336.jpeg 600w, https:\/\/lightweb.dev\/l\/svm-temp\/wp-content\/uploads\/2024\/06\/640-stor.jpeg 640w\" sizes=\"(max-width: 300px) 100vw, 300px\" \/><p id=\"caption-attachment-72880\" class=\"wp-caption-text\">B\u00fclent Aslanoglu, en av S\u00f6dert\u00e4ljen\u00e4tverkets ledare greps i Colombia. (Foto: Policia nacional)<\/p><\/div>\n<p>Ligan har haft direktkontakter till l\u00e4nder som Colombia och Ecuador som \u00e4r de fr\u00e4msta l\u00e4nderna p\u00e5 kokain. \u00c4ven framst\u00e5ende investerare bosatta i Dubai finns bland ligans medlemmar.<\/p>\n<p>I en lagerlokal i Fuenlabrada uppt\u00e4ckte spansk nationalpolis 100 kilo kokain som f\u00f6rvarades i en container som hade kommit med flyg till Spanien.<\/p>\n<p>Det var i b\u00f6rjan av 2023 i samband med att nationalpolisen b\u00f6rjade utreda misstankar om en internationell kriminell organisation baserad p\u00e5 Costa del Sol best\u00e5ende av medborgare fr\u00e5n Albanien, Colombia, Marocko och Sverige som man kom ligan p\u00e5 sp\u00e5ren.<\/p>\n<p>Kokainligan hade direkta kontakter med den internationell narkotikahandeln och l\u00e4nder som Colombia, Ecuador och Dubai. Ligan har f\u00f6rgreningar till flera l\u00e4nder varf\u00f6r polisen ocks\u00e5 beskriver det som ett n\u00e4tverk.<\/p>\n<div id=\"attachment_72872\" style=\"width: 310px\" class=\"wp-caption alignleft\"><img loading=\"lazy\" decoding=\"async\" aria-describedby=\"caption-attachment-72872\" class=\"size-medium wp-image-72872\" src=\"https:\/\/lightweb.dev\/l\/svm-temp\/wp-content\/uploads\/2024\/06\/20240620_op_botnia_cocaina.jpg_1826753547-stor-300x166.jpeg\" alt=\"\" width=\"300\" height=\"166\" srcset=\"https:\/\/lightweb.dev\/l\/svm-temp\/wp-content\/uploads\/2024\/06\/20240620_op_botnia_cocaina.jpg_1826753547-stor-300x166.jpeg 300w, https:\/\/lightweb.dev\/l\/svm-temp\/wp-content\/uploads\/2024\/06\/20240620_op_botnia_cocaina.jpg_1826753547-stor-900x498.jpeg 900w, https:\/\/lightweb.dev\/l\/svm-temp\/wp-content\/uploads\/2024\/06\/20240620_op_botnia_cocaina.jpg_1826753547-stor-768x425.jpeg 768w, https:\/\/lightweb.dev\/l\/svm-temp\/wp-content\/uploads\/2024\/06\/20240620_op_botnia_cocaina.jpg_1826753547-stor-610x338.jpeg 610w, https:\/\/lightweb.dev\/l\/svm-temp\/wp-content\/uploads\/2024\/06\/20240620_op_botnia_cocaina.jpg_1826753547-stor-600x332.jpeg 600w, https:\/\/lightweb.dev\/l\/svm-temp\/wp-content\/uploads\/2024\/06\/20240620_op_botnia_cocaina.jpg_1826753547-stor.jpeg 999w\" sizes=\"(max-width: 300px) 100vw, 300px\" \/><p id=\"caption-attachment-72872\" class=\"wp-caption-text\">\u00c4rendet som g\u00e5r under namnet \u201dOperaci\u00f3n Botnia\u201d visar hur ligan \u00e4gnat sig \u00e5t att smuggla kokain fr\u00e5n Sydamerika till Europa med flyg och b\u00e5t.<\/p><\/div>\n<p>I slutet av 2023 tog utredningen en ov\u00e4ntad v\u00e4ndning n\u00e4r polisen uppt\u00e4ckte ytterligare f\u00f6rgreningar till en grupp albaner d\u00e4r ledarna var bosatta p\u00e5 Costa del Sol.<\/p>\n<p>\u00c4rendet som g\u00e5r under namnet \u201dOperaci\u00f3n Botnia\u201d visar hur ligan \u00e4gnat sig \u00e5t att smuggla kokain fr\u00e5n Sydamerika till Europa med flyg och b\u00e5t. Efter flera utredningar lyckades polisen lokalisera medlemmarna i det kriminella n\u00e4tverket p\u00e5 Costa del Sol och Madrid.<\/p>\n<p>Bland annat har polisen lyckats identifiera Bulent Aslanoglu som i Sverige anses vara en av de fr\u00e4msta narkotikasmugglarna och k\u00e4nd som en av S\u00f6dert\u00e4ljen\u00e4tverkets ledare. Aslanoglu greps i Colombia n\u00e4r han f\u00f6rhandlade om en narkotikatransport.<\/p>\n","protected":false},"excerpt":{"rendered":"<p>En av de som greps i Colombia \u00e4r S\u00f6dert\u00e4ljen\u00e4tverkets ledare. Tolv personer har gripits vid en st\u00f6rre polisinsats i ett industriomr\u00e5de i Fuenlabrada i Madrid, samtliga ska ing\u00e5 i en kokainliga som beskrivs som en av de mest aktiva i Europa och Sydamerika. Under utredningens g\u00e5ng har svensk polis medverkat&#8230;<\/p>\n","protected":false},"author":7,"featured_media":72871,"comment_status":"closed","ping_status":"closed","sticky":false,"template":"","format":"standard","meta":{"_et_pb_use_builder":"","_et_pb_old_content":"","_et_gb_content_width":"","footnotes":""},"categories":[395,3],"tags":[],"class_list":["post-72870","post","type-post","status-publish","format-standard","has-post-thumbnail","hentry","category-arkiv-nyheter","category-nyheter"],"yoast_head":"<!-- This site is optimized with the Yoast SEO Premium plugin v26.2 (Yoast SEO v27.5) - https:\/\/yoast.com\/product\/yoast-seo-premium-wordpress\/ -->\n<title>Kokainliga med f\u00f6rgreningar till Solkusten och Sverige spr\u00e4ngd i Madrid - Svenska Magasinet<\/title>\n<meta name=\"description\" content=\"Tolv personer har gripits vid en st\u00f6rre polisinsats i ett industriomr\u00e5de i Fuenlabrada i Madrid, samtliga ska ing\u00e5 i en kokainliga som beskrivs som en av de mest aktiva i Europa och Sydamerika. Under utredningens g\u00e5ng har svensk polis medverkat.\" \/>\n<meta name=\"robots\" content=\"noindex, follow, max-snippet:-1, max-image-preview:large, max-video-preview:-1\" \/>\n<meta property=\"og:locale\" content=\"sv_SE\" \/>\n<meta property=\"og:type\" content=\"article\" \/>\n<meta property=\"og:title\" content=\"Kokainliga med f\u00f6rgreningar till Solkusten och Sverige spr\u00e4ngd i Madrid\" \/>\n<meta property=\"og:description\" content=\"Tolv personer har gripits vid en st\u00f6rre polisinsats i ett industriomr\u00e5de i Fuenlabrada i Madrid, samtliga ska ing\u00e5 i en kokainliga som beskrivs som en av de mest aktiva i Europa och Sydamerika. Under utredningens g\u00e5ng har svensk polis medverkat.\" \/>\n<meta property=\"og:url\" content=\"https:\/\/lightweb.dev\/l\/svm-temp\/nyheter\/kokainliga-med-forgreningar-till-solkusten-och-sverige-sprang-i-madrid\/\" \/>\n<meta property=\"og:site_name\" content=\"Svenska Magasinet\" \/>\n<meta property=\"article:publisher\" content=\"https:\/\/www.facebook.com\/svenskamagasinet\" \/>\n<meta property=\"article:published_time\" content=\"2024-06-20T13:18:57+00:00\" \/>\n<meta property=\"article:modified_time\" content=\"2024-06-20T19:40:43+00:00\" \/>\n<meta property=\"og:image\" content=\"https:\/\/lightweb.dev\/l\/svm-temp\/wp-content\/uploads\/2024\/06\/botnia-stor.jpeg\" \/>\n\t<meta property=\"og:image:width\" content=\"1200\" \/>\n\t<meta property=\"og:image:height\" content=\"674\" \/>\n\t<meta property=\"og:image:type\" content=\"image\/jpeg\" \/>\n<meta name=\"author\" content=\"Ola Josefsson\" \/>\n<meta name=\"twitter:card\" content=\"summary_large_image\" \/>\n<meta name=\"twitter:creator\" content=\"@SvenskaMagasine\" \/>\n<meta name=\"twitter:site\" content=\"@SvenskaMagasine\" \/>\n<script type=\"application\/ld+json\" class=\"yoast-schema-graph\">{\"@context\":\"https:\\\/\\\/schema.org\",\"@graph\":[{\"@type\":\"Article\",\"@id\":\"https:\\\/\\\/lightweb.dev\\\/l\\\/svm-temp\\\/nyheter\\\/kokainliga-med-forgreningar-till-solkusten-och-sverige-sprang-i-madrid\\\/#article\",\"isPartOf\":{\"@id\":\"https:\\\/\\\/lightweb.dev\\\/l\\\/svm-temp\\\/nyheter\\\/kokainliga-med-forgreningar-till-solkusten-och-sverige-sprang-i-madrid\\\/\"},\"author\":{\"name\":\"Ola Josefsson\",\"@id\":\"https:\\\/\\\/lightweb.dev\\\/l\\\/svm-temp\\\/#\\\/schema\\\/person\\\/7a82b8a73d171d32360a564b6d03508e\"},\"headline\":\"Kokainliga med f\u00f6rgreningar till Solkusten och Sverige spr\u00e4ngd i Madrid\",\"datePublished\":\"2024-06-20T13:18:57+00:00\",\"dateModified\":\"2024-06-20T19:40:43+00:00\",\"mainEntityOfPage\":{\"@id\":\"https:\\\/\\\/lightweb.dev\\\/l\\\/svm-temp\\\/nyheter\\\/kokainliga-med-forgreningar-till-solkusten-och-sverige-sprang-i-madrid\\\/\"},\"wordCount\":471,\"publisher\":{\"@id\":\"https:\\\/\\\/lightweb.dev\\\/l\\\/svm-temp\\\/#organization\"},\"image\":{\"@id\":\"https:\\\/\\\/lightweb.dev\\\/l\\\/svm-temp\\\/nyheter\\\/kokainliga-med-forgreningar-till-solkusten-och-sverige-sprang-i-madrid\\\/#primaryimage\"},\"thumbnailUrl\":\"https:\\\/\\\/lightweb.dev\\\/l\\\/svm-temp\\\/wp-content\\\/uploads\\\/2024\\\/06\\\/botnia-stor.jpeg\",\"articleSection\":[\"Arkiv\",\"Nyheter\"],\"inLanguage\":\"sv-SE\"},{\"@type\":\"WebPage\",\"@id\":\"https:\\\/\\\/lightweb.dev\\\/l\\\/svm-temp\\\/nyheter\\\/kokainliga-med-forgreningar-till-solkusten-och-sverige-sprang-i-madrid\\\/\",\"url\":\"https:\\\/\\\/lightweb.dev\\\/l\\\/svm-temp\\\/nyheter\\\/kokainliga-med-forgreningar-till-solkusten-och-sverige-sprang-i-madrid\\\/\",\"name\":\"Kokainliga med f\u00f6rgreningar till Solkusten och Sverige spr\u00e4ngd i Madrid - Svenska Magasinet\",\"isPartOf\":{\"@id\":\"https:\\\/\\\/lightweb.dev\\\/l\\\/svm-temp\\\/#website\"},\"primaryImageOfPage\":{\"@id\":\"https:\\\/\\\/lightweb.dev\\\/l\\\/svm-temp\\\/nyheter\\\/kokainliga-med-forgreningar-till-solkusten-och-sverige-sprang-i-madrid\\\/#primaryimage\"},\"image\":{\"@id\":\"https:\\\/\\\/lightweb.dev\\\/l\\\/svm-temp\\\/nyheter\\\/kokainliga-med-forgreningar-till-solkusten-och-sverige-sprang-i-madrid\\\/#primaryimage\"},\"thumbnailUrl\":\"https:\\\/\\\/lightweb.dev\\\/l\\\/svm-temp\\\/wp-content\\\/uploads\\\/2024\\\/06\\\/botnia-stor.jpeg\",\"datePublished\":\"2024-06-20T13:18:57+00:00\",\"dateModified\":\"2024-06-20T19:40:43+00:00\",\"description\":\"Tolv personer har gripits vid en st\u00f6rre polisinsats i ett industriomr\u00e5de i Fuenlabrada i Madrid, samtliga ska ing\u00e5 i en kokainliga som beskrivs som en av de mest aktiva i Europa och Sydamerika. Under utredningens g\u00e5ng har svensk polis medverkat.\",\"breadcrumb\":{\"@id\":\"https:\\\/\\\/lightweb.dev\\\/l\\\/svm-temp\\\/nyheter\\\/kokainliga-med-forgreningar-till-solkusten-och-sverige-sprang-i-madrid\\\/#breadcrumb\"},\"inLanguage\":\"sv-SE\",\"potentialAction\":[{\"@type\":\"ReadAction\",\"target\":[\"https:\\\/\\\/lightweb.dev\\\/l\\\/svm-temp\\\/nyheter\\\/kokainliga-med-forgreningar-till-solkusten-och-sverige-sprang-i-madrid\\\/\"]}]},{\"@type\":\"ImageObject\",\"inLanguage\":\"sv-SE\",\"@id\":\"https:\\\/\\\/lightweb.dev\\\/l\\\/svm-temp\\\/nyheter\\\/kokainliga-med-forgreningar-till-solkusten-och-sverige-sprang-i-madrid\\\/#primaryimage\",\"url\":\"https:\\\/\\\/lightweb.dev\\\/l\\\/svm-temp\\\/wp-content\\\/uploads\\\/2024\\\/06\\\/botnia-stor.jpeg\",\"contentUrl\":\"https:\\\/\\\/lightweb.dev\\\/l\\\/svm-temp\\\/wp-content\\\/uploads\\\/2024\\\/06\\\/botnia-stor.jpeg\",\"width\":1200,\"height\":674,\"caption\":\"(Foto: Ministerio del Interior)\"},{\"@type\":\"BreadcrumbList\",\"@id\":\"https:\\\/\\\/lightweb.dev\\\/l\\\/svm-temp\\\/nyheter\\\/kokainliga-med-forgreningar-till-solkusten-och-sverige-sprang-i-madrid\\\/#breadcrumb\",\"itemListElement\":[{\"@type\":\"ListItem\",\"position\":1,\"name\":\"Hem\",\"item\":\"https:\\\/\\\/lightweb.dev\\\/l\\\/svm-temp\\\/\"},{\"@type\":\"ListItem\",\"position\":2,\"name\":\"Kokainliga med f\u00f6rgreningar till Solkusten och Sverige spr\u00e4ngd i Madrid\"}]},{\"@type\":\"WebSite\",\"@id\":\"https:\\\/\\\/lightweb.dev\\\/l\\\/svm-temp\\\/#website\",\"url\":\"https:\\\/\\\/lightweb.dev\\\/l\\\/svm-temp\\\/\",\"name\":\"Svenska Magasinet\",\"description\":\"Dina Spanska nyheter p&aring; Svenska\",\"publisher\":{\"@id\":\"https:\\\/\\\/lightweb.dev\\\/l\\\/svm-temp\\\/#organization\"},\"potentialAction\":[{\"@type\":\"SearchAction\",\"target\":{\"@type\":\"EntryPoint\",\"urlTemplate\":\"https:\\\/\\\/lightweb.dev\\\/l\\\/svm-temp\\\/?s={search_term_string}\"},\"query-input\":{\"@type\":\"PropertyValueSpecification\",\"valueRequired\":true,\"valueName\":\"search_term_string\"}}],\"inLanguage\":\"sv-SE\"},{\"@type\":\"Organization\",\"@id\":\"https:\\\/\\\/lightweb.dev\\\/l\\\/svm-temp\\\/#organization\",\"name\":\"Melkerson y Nott SL\",\"alternateName\":\"Svenska Magasinet\",\"url\":\"https:\\\/\\\/lightweb.dev\\\/l\\\/svm-temp\\\/\",\"logo\":{\"@type\":\"ImageObject\",\"inLanguage\":\"sv-SE\",\"@id\":\"https:\\\/\\\/lightweb.dev\\\/l\\\/svm-temp\\\/#\\\/schema\\\/logo\\\/image\\\/\",\"url\":\"https:\\\/\\\/lightweb.dev\\\/l\\\/svm-temp\\\/wp-content\\\/uploads\\\/2025\\\/02\\\/SvM-logo-Xtra-Centrerad-SVART.png\",\"contentUrl\":\"https:\\\/\\\/lightweb.dev\\\/l\\\/svm-temp\\\/wp-content\\\/uploads\\\/2025\\\/02\\\/SvM-logo-Xtra-Centrerad-SVART.png\",\"width\":300,\"height\":99,\"caption\":\"Melkerson y Nott SL\"},\"image\":{\"@id\":\"https:\\\/\\\/lightweb.dev\\\/l\\\/svm-temp\\\/#\\\/schema\\\/logo\\\/image\\\/\"},\"sameAs\":[\"https:\\\/\\\/www.facebook.com\\\/svenskamagasinet\",\"https:\\\/\\\/x.com\\\/SvenskaMagasine\"]},{\"@type\":\"Person\",\"@id\":\"https:\\\/\\\/lightweb.dev\\\/l\\\/svm-temp\\\/#\\\/schema\\\/person\\\/7a82b8a73d171d32360a564b6d03508e\",\"name\":\"Ola Josefsson\",\"description\":\"Bevakar Solkusten och Spanien sedan 1994.\",\"sameAs\":[\"https:\\\/\\\/lightweb.dev\\\/l\\\/svm-temp\"],\"url\":\"https:\\\/\\\/lightweb.dev\\\/l\\\/svm-temp\\\/reporter\\\/ola-josefsson\\\/\"}]}<\/script>\n<!-- \/ Yoast SEO Premium plugin. -->","yoast_head_json":{"title":"Kokainliga med f\u00f6rgreningar till Solkusten och Sverige spr\u00e4ngd i Madrid - Svenska Magasinet","description":"Tolv personer har gripits vid en st\u00f6rre polisinsats i ett industriomr\u00e5de i Fuenlabrada i Madrid, samtliga ska ing\u00e5 i en kokainliga som beskrivs som en av de mest aktiva i Europa och Sydamerika. Under utredningens g\u00e5ng har svensk polis medverkat.","robots":{"index":"noindex","follow":"follow","max-snippet":"max-snippet:-1","max-image-preview":"max-image-preview:large","max-video-preview":"max-video-preview:-1"},"og_locale":"sv_SE","og_type":"article","og_title":"Kokainliga med f\u00f6rgreningar till Solkusten och Sverige spr\u00e4ngd i Madrid","og_description":"Tolv personer har gripits vid en st\u00f6rre polisinsats i ett industriomr\u00e5de i Fuenlabrada i Madrid, samtliga ska ing\u00e5 i en kokainliga som beskrivs som en av de mest aktiva i Europa och Sydamerika. Under utredningens g\u00e5ng har svensk polis medverkat.","og_url":"https:\/\/lightweb.dev\/l\/svm-temp\/nyheter\/kokainliga-med-forgreningar-till-solkusten-och-sverige-sprang-i-madrid\/","og_site_name":"Svenska Magasinet","article_publisher":"https:\/\/www.facebook.com\/svenskamagasinet","article_published_time":"2024-06-20T13:18:57+00:00","article_modified_time":"2024-06-20T19:40:43+00:00","og_image":[{"width":1200,"height":674,"url":"https:\/\/lightweb.dev\/l\/svm-temp\/wp-content\/uploads\/2024\/06\/botnia-stor.jpeg","type":"image\/jpeg"}],"author":"Ola Josefsson","twitter_card":"summary_large_image","twitter_creator":"@SvenskaMagasine","twitter_site":"@SvenskaMagasine","schema":{"@context":"https:\/\/schema.org","@graph":[{"@type":"Article","@id":"https:\/\/lightweb.dev\/l\/svm-temp\/nyheter\/kokainliga-med-forgreningar-till-solkusten-och-sverige-sprang-i-madrid\/#article","isPartOf":{"@id":"https:\/\/lightweb.dev\/l\/svm-temp\/nyheter\/kokainliga-med-forgreningar-till-solkusten-och-sverige-sprang-i-madrid\/"},"author":{"name":"Ola Josefsson","@id":"https:\/\/lightweb.dev\/l\/svm-temp\/#\/schema\/person\/7a82b8a73d171d32360a564b6d03508e"},"headline":"Kokainliga med f\u00f6rgreningar till Solkusten och Sverige spr\u00e4ngd i Madrid","datePublished":"2024-06-20T13:18:57+00:00","dateModified":"2024-06-20T19:40:43+00:00","mainEntityOfPage":{"@id":"https:\/\/lightweb.dev\/l\/svm-temp\/nyheter\/kokainliga-med-forgreningar-till-solkusten-och-sverige-sprang-i-madrid\/"},"wordCount":471,"publisher":{"@id":"https:\/\/lightweb.dev\/l\/svm-temp\/#organization"},"image":{"@id":"https:\/\/lightweb.dev\/l\/svm-temp\/nyheter\/kokainliga-med-forgreningar-till-solkusten-och-sverige-sprang-i-madrid\/#primaryimage"},"thumbnailUrl":"https:\/\/lightweb.dev\/l\/svm-temp\/wp-content\/uploads\/2024\/06\/botnia-stor.jpeg","articleSection":["Arkiv","Nyheter"],"inLanguage":"sv-SE"},{"@type":"WebPage","@id":"https:\/\/lightweb.dev\/l\/svm-temp\/nyheter\/kokainliga-med-forgreningar-till-solkusten-och-sverige-sprang-i-madrid\/","url":"https:\/\/lightweb.dev\/l\/svm-temp\/nyheter\/kokainliga-med-forgreningar-till-solkusten-och-sverige-sprang-i-madrid\/","name":"Kokainliga med f\u00f6rgreningar till Solkusten och Sverige spr\u00e4ngd i Madrid - Svenska Magasinet","isPartOf":{"@id":"https:\/\/lightweb.dev\/l\/svm-temp\/#website"},"primaryImageOfPage":{"@id":"https:\/\/lightweb.dev\/l\/svm-temp\/nyheter\/kokainliga-med-forgreningar-till-solkusten-och-sverige-sprang-i-madrid\/#primaryimage"},"image":{"@id":"https:\/\/lightweb.dev\/l\/svm-temp\/nyheter\/kokainliga-med-forgreningar-till-solkusten-och-sverige-sprang-i-madrid\/#primaryimage"},"thumbnailUrl":"https:\/\/lightweb.dev\/l\/svm-temp\/wp-content\/uploads\/2024\/06\/botnia-stor.jpeg","datePublished":"2024-06-20T13:18:57+00:00","dateModified":"2024-06-20T19:40:43+00:00","description":"Tolv personer har gripits vid en st\u00f6rre polisinsats i ett industriomr\u00e5de i Fuenlabrada i Madrid, samtliga ska ing\u00e5 i en kokainliga som beskrivs som en av de mest aktiva i Europa och Sydamerika. Under utredningens g\u00e5ng har svensk polis medverkat.","breadcrumb":{"@id":"https:\/\/lightweb.dev\/l\/svm-temp\/nyheter\/kokainliga-med-forgreningar-till-solkusten-och-sverige-sprang-i-madrid\/#breadcrumb"},"inLanguage":"sv-SE","potentialAction":[{"@type":"ReadAction","target":["https:\/\/lightweb.dev\/l\/svm-temp\/nyheter\/kokainliga-med-forgreningar-till-solkusten-och-sverige-sprang-i-madrid\/"]}]},{"@type":"ImageObject","inLanguage":"sv-SE","@id":"https:\/\/lightweb.dev\/l\/svm-temp\/nyheter\/kokainliga-med-forgreningar-till-solkusten-och-sverige-sprang-i-madrid\/#primaryimage","url":"https:\/\/lightweb.dev\/l\/svm-temp\/wp-content\/uploads\/2024\/06\/botnia-stor.jpeg","contentUrl":"https:\/\/lightweb.dev\/l\/svm-temp\/wp-content\/uploads\/2024\/06\/botnia-stor.jpeg","width":1200,"height":674,"caption":"(Foto: Ministerio del Interior)"},{"@type":"BreadcrumbList","@id":"https:\/\/lightweb.dev\/l\/svm-temp\/nyheter\/kokainliga-med-forgreningar-till-solkusten-och-sverige-sprang-i-madrid\/#breadcrumb","itemListElement":[{"@type":"ListItem","position":1,"name":"Hem","item":"https:\/\/lightweb.dev\/l\/svm-temp\/"},{"@type":"ListItem","position":2,"name":"Kokainliga med f\u00f6rgreningar till Solkusten och Sverige spr\u00e4ngd i Madrid"}]},{"@type":"WebSite","@id":"https:\/\/lightweb.dev\/l\/svm-temp\/#website","url":"https:\/\/lightweb.dev\/l\/svm-temp\/","name":"Svenska Magasinet","description":"Dina Spanska nyheter p&aring; Svenska","publisher":{"@id":"https:\/\/lightweb.dev\/l\/svm-temp\/#organization"},"potentialAction":[{"@type":"SearchAction","target":{"@type":"EntryPoint","urlTemplate":"https:\/\/lightweb.dev\/l\/svm-temp\/?s={search_term_string}"},"query-input":{"@type":"PropertyValueSpecification","valueRequired":true,"valueName":"search_term_string"}}],"inLanguage":"sv-SE"},{"@type":"Organization","@id":"https:\/\/lightweb.dev\/l\/svm-temp\/#organization","name":"Melkerson y Nott SL","alternateName":"Svenska Magasinet","url":"https:\/\/lightweb.dev\/l\/svm-temp\/","logo":{"@type":"ImageObject","inLanguage":"sv-SE","@id":"https:\/\/lightweb.dev\/l\/svm-temp\/#\/schema\/logo\/image\/","url":"https:\/\/lightweb.dev\/l\/svm-temp\/wp-content\/uploads\/2025\/02\/SvM-logo-Xtra-Centrerad-SVART.png","contentUrl":"https:\/\/lightweb.dev\/l\/svm-temp\/wp-content\/uploads\/2025\/02\/SvM-logo-Xtra-Centrerad-SVART.png","width":300,"height":99,"caption":"Melkerson y Nott SL"},"image":{"@id":"https:\/\/lightweb.dev\/l\/svm-temp\/#\/schema\/logo\/image\/"},"sameAs":["https:\/\/www.facebook.com\/svenskamagasinet","https:\/\/x.com\/SvenskaMagasine"]},{"@type":"Person","@id":"https:\/\/lightweb.dev\/l\/svm-temp\/#\/schema\/person\/7a82b8a73d171d32360a564b6d03508e","name":"Ola Josefsson","description":"Bevakar Solkusten och Spanien sedan 1994.","sameAs":["https:\/\/lightweb.dev\/l\/svm-temp"],"url":"https:\/\/lightweb.dev\/l\/svm-temp\/reporter\/ola-josefsson\/"}]}},"_links":{"self":[{"href":"https:\/\/lightweb.dev\/l\/svm-temp\/wp-json\/wp\/v2\/posts\/72870","targetHints":{"allow":["GET"]}}],"collection":[{"href":"https:\/\/lightweb.dev\/l\/svm-temp\/wp-json\/wp\/v2\/posts"}],"about":[{"href":"https:\/\/lightweb.dev\/l\/svm-temp\/wp-json\/wp\/v2\/types\/post"}],"author":[{"embeddable":true,"href":"https:\/\/lightweb.dev\/l\/svm-temp\/wp-json\/wp\/v2\/users\/7"}],"replies":[{"embeddable":true,"href":"https:\/\/lightweb.dev\/l\/svm-temp\/wp-json\/wp\/v2\/comments?post=72870"}],"version-history":[{"count":0,"href":"https:\/\/lightweb.dev\/l\/svm-temp\/wp-json\/wp\/v2\/posts\/72870\/revisions"}],"wp:featuredmedia":[{"embeddable":true,"href":"https:\/\/lightweb.dev\/l\/svm-temp\/wp-json\/wp\/v2\/media\/72871"}],"wp:attachment":[{"href":"https:\/\/lightweb.dev\/l\/svm-temp\/wp-json\/wp\/v2\/media?parent=72870"}],"wp:term":[{"taxonomy":"category","embeddable":true,"href":"https:\/\/lightweb.dev\/l\/svm-temp\/wp-json\/wp\/v2\/categories?post=72870"},{"taxonomy":"post_tag","embeddable":true,"href":"https:\/\/lightweb.dev\/l\/svm-temp\/wp-json\/wp\/v2\/tags?post=72870"}],"curies":[{"name":"wp","href":"https:\/\/api.w.org\/{rel}","templated":true}]}}