{"id":72889,"date":"2024-06-23T18:00:05","date_gmt":"2024-06-23T16:00:05","guid":{"rendered":"https:\/\/lightweb.dev\/l\/svm-temp\/?p=72889"},"modified":"2024-06-23T22:11:27","modified_gmt":"2024-06-23T20:11:27","slug":"malaga-firas-efter-kvalrysaren-till-andraligan","status":"publish","type":"post","link":"https:\/\/lightweb.dev\/l\/svm-temp\/nyheter\/malaga-firas-efter-kvalrysaren-till-andraligan\/","title":{"rendered":"M\u00e1laga firas efter kvalrysaren till andraligan"},"content":{"rendered":"<p><strong>Det var kvalrysaren som hade alla ingredienser. M\u00e1laga hade 2-1 att g\u00e5 p\u00e5 inf\u00f6r returm\u00f6tet borta mot Gimn\u00e0stic de Tarragona.<\/strong><\/p>\n<p><strong>P\u00e5 \u00f6vertid i f\u00f6rl\u00e4ngningen kvitterade M\u00e1laga till 2-2 genom Anto\u00f1ito Cordero, blott 17 \u00e5r, vilket betydde avancemang till andraligan.<\/strong><\/p>\n<blockquote class=\"twitter-tweet\" data-media-max-width=\"560\">\n<p dir=\"ltr\" lang=\"es\">Una aut\u00e9ntica locura \ud83e\udd2f <a href=\"https:\/\/t.co\/pGqImoXnak\">pic.twitter.com\/pGqImoXnak<\/a><\/p>\n<p>\u2014 M\u00e1laga CF (@MalagaCF) <a href=\"https:\/\/twitter.com\/MalagaCF\/status\/1804952293596389588?ref_src=twsrc%5Etfw\">June 23, 2024<\/a><\/p><\/blockquote>\n<p><script async src=\"https:\/\/platform.twitter.com\/widgets.js\" charset=\"utf-8\"><\/script><\/p>\n<p>Innan dess hade N\u00e0stic som laget fr\u00e5n Tarragona kallas b\u00e5de gjort 1-0 och 2-0. Det stod 1-0 efter full tid. Efter bara fyra minuter i f\u00f6rl\u00e4ngningen g\u00f6r N\u00e1stic 2-0. D\u00e5 s\u00e5g det nattsvart ut f\u00f6r M\u00e1laga.<\/p>\n<h2>Bryter matchen<\/h2>\n<p>I b\u00f6rjan p\u00e5 den andra till\u00e4ggskvarten reducerar M\u00e1laga innan domaren \u00c9der Mallo Fern\u00e1ndez avbryter matchen tillf\u00e4lligt. Vid flera tillf\u00e4llen kastades publiken in bollar p\u00e5 plan, medan N\u00e1stic-fansen sj\u00f6ng \u201dvar \u00e4r bollen?\u201d<\/p>\n<p>Ett modigt beslut av domaren som beordrade samtliga spelare att l\u00e4mna plan.<\/p>\n<p>Efter sju minuter \u00e5terupptogs matchen och publiken fick beskedet att om det upprepades avbryts matchen helt.<\/p>\n<h2>17-\u00e5ring avg\u00f6r<\/h2>\n<p>Domaren l\u00e4gger till fyra minuter i f\u00f6rl\u00e4ngningen. Och i den 124:e minuten kvitterar inhopparen blott 17-\u00e5rige Anto\u00f1ito Cordero.<\/p>\n<p>Domaren bl\u00e5ser av matchen och bl\u00e5vita M\u00e1laga \u00e4r tillbaka i andraligan.<\/p>\n<div id=\"attachment_72891\" style=\"width: 310px\" class=\"wp-caption alignleft\"><img loading=\"lazy\" decoding=\"async\" aria-describedby=\"caption-attachment-72891\" class=\"size-medium wp-image-72891\" src=\"https:\/\/lightweb.dev\/l\/svm-temp\/wp-content\/uploads\/2024\/06\/GQu94NQXUAAzsa1-stor-300x197.jpeg\" alt=\"\" width=\"300\" height=\"197\" srcset=\"https:\/\/lightweb.dev\/l\/svm-temp\/wp-content\/uploads\/2024\/06\/GQu94NQXUAAzsa1-stor-300x197.jpeg 300w, https:\/\/lightweb.dev\/l\/svm-temp\/wp-content\/uploads\/2024\/06\/GQu94NQXUAAzsa1-stor-900x590.jpeg 900w, https:\/\/lightweb.dev\/l\/svm-temp\/wp-content\/uploads\/2024\/06\/GQu94NQXUAAzsa1-stor-768x503.jpeg 768w, https:\/\/lightweb.dev\/l\/svm-temp\/wp-content\/uploads\/2024\/06\/GQu94NQXUAAzsa1-stor-610x400.jpeg 610w, https:\/\/lightweb.dev\/l\/svm-temp\/wp-content\/uploads\/2024\/06\/GQu94NQXUAAzsa1-stor-1080x708.jpeg 1080w, https:\/\/lightweb.dev\/l\/svm-temp\/wp-content\/uploads\/2024\/06\/GQu94NQXUAAzsa1-stor-600x393.jpeg 600w, https:\/\/lightweb.dev\/l\/svm-temp\/wp-content\/uploads\/2024\/06\/GQu94NQXUAAzsa1-stor.jpeg 1280w\" sizes=\"(max-width: 300px) 100vw, 300px\" \/><p id=\"caption-attachment-72891\" class=\"wp-caption-text\">M\u00e4ngder av M\u00e1lagafans tog emot hj\u00e4ltarna p\u00e5 flygplatsen i natt<\/p><\/div>\n<p>Ett vilt firande utbr\u00f6t p\u00e5 m\u00e5nga platser l\u00e4ngs Solkusten och bilar som tutade h\u00f6rdes l\u00e5ngt in p\u00e5 natten. M\u00e4ngder av fotbollsfans hade samlats p\u00e5 M\u00e1laga flygplats i natt f\u00f6r att hylla hj\u00e4ltarna som kom med chartrat flyg fr\u00e5n Barcelona.<\/p>\n<p>P\u00e5 s\u00f6ndagseftermiddagen fortsatte firandet med kortege genom M\u00e1laga centrum med start vid fotbollsstadion La Rosaleda klockan 17.45.<\/p>\n<p>Firandet l\u00e4r forts\u00e4tta i M\u00e1laga under hela kv\u00e4llen och natten.<\/p>\n<h2>D\u00f6dshot<\/h2>\n<p>Ett tr\u00e5kigt efterspel till matchen \u00e4r att domaren \u00c9der Mallo Fern\u00e1ndez har mottagit d\u00f6dshot. Enligt domarens rapport framkommer det att han mottog d\u00f6dshot efter matchens slut fr\u00e5n \u201dflera direkt\u00f6rer och \u00e4gare av klubben\u201d.<\/p>\n<blockquote class=\"twitter-tweet\" data-media-max-width=\"560\">\n<p dir=\"ltr\" lang=\"es\">El <a href=\"https:\/\/twitter.com\/MalagaCF?ref_src=twsrc%5Etfw\">@MalagaCF<\/a> en su llegada al Ayuntamiento para el recibimiento por su ascenso a <a href=\"https:\/\/twitter.com\/LaLiga2?ref_src=twsrc%5Etfw\">@LaLiga2<\/a>. \u00a1Enhorabuena! <a href=\"https:\/\/t.co\/RlS6qbPaF3\">pic.twitter.com\/RlS6qbPaF3<\/a><\/p>\n<p>\u2014 Ayuntamiento de M\u00e1laga (@malaga) <a href=\"https:\/\/twitter.com\/malaga\/status\/1804938934587187510?ref_src=twsrc%5Etfw\">June 23, 2024<\/a><\/p><\/blockquote>\n<p><script async src=\"https:\/\/platform.twitter.com\/widgets.js\" charset=\"utf-8\"><\/script><\/p>\n","protected":false},"excerpt":{"rendered":"<p>Det var kvalrysaren som hade alla ingredienser. M\u00e1laga hade 2-1 att g\u00e5 p\u00e5 inf\u00f6r returm\u00f6tet borta mot Gimn\u00e0stic de Tarragona. P\u00e5 \u00f6vertid i f\u00f6rl\u00e4ngningen kvitterade M\u00e1laga till 2-2 genom Anto\u00f1ito Cordero, blott 17 \u00e5r, vilket betydde avancemang till andraligan&#8230;<\/p>\n","protected":false},"author":7,"featured_media":72894,"comment_status":"closed","ping_status":"closed","sticky":false,"template":"","format":"standard","meta":{"_et_pb_use_builder":"","_et_pb_old_content":"","_et_gb_content_width":"","footnotes":""},"categories":[3,352],"tags":[],"class_list":["post-72889","post","type-post","status-publish","format-standard","has-post-thumbnail","hentry","category-nyheter","category-sport"],"yoast_head":"<!-- This site is optimized with the Yoast SEO Premium plugin v26.2 (Yoast SEO v27.5) - https:\/\/yoast.com\/product\/yoast-seo-premium-wordpress\/ -->\n<title>M\u00e1laga firas efter kvalrysaren till andraligan - Svenska Magasinet<\/title>\n<meta name=\"description\" content=\"Det var kvalrysaren som hade alla ingredienser. M\u00e1laga hade 2-1 att g\u00e5 p\u00e5 inf\u00f6r returm\u00f6tet borta mot Gimn\u00e0stic de Tarragona. P\u00e5 \u00f6vertid i f\u00f6rl\u00e4ngningen kvitterade M\u00e1laga till 2-2 genom Anto\u00f1ito Cordero, blott 17 \u00e5r, vilket betydde avancemang till andraligan.\" \/>\n<meta name=\"robots\" content=\"noindex, follow, max-snippet:-1, max-image-preview:large, max-video-preview:-1\" \/>\n<meta property=\"og:locale\" content=\"sv_SE\" \/>\n<meta property=\"og:type\" content=\"article\" \/>\n<meta property=\"og:title\" content=\"M\u00e1laga firas efter kvalrysaren till andraligan\" \/>\n<meta property=\"og:description\" content=\"Det var kvalrysaren som hade alla ingredienser. M\u00e1laga hade 2-1 att g\u00e5 p\u00e5 inf\u00f6r returm\u00f6tet borta mot Gimn\u00e0stic de Tarragona. P\u00e5 \u00f6vertid i f\u00f6rl\u00e4ngningen kvitterade M\u00e1laga till 2-2 genom Anto\u00f1ito Cordero, blott 17 \u00e5r, vilket betydde avancemang till andraligan.\" \/>\n<meta property=\"og:url\" content=\"https:\/\/lightweb.dev\/l\/svm-temp\/artiklar\/golf-sport\/malaga-firas-efter-kvalrysaren-till-andraligan\/\" \/>\n<meta property=\"og:site_name\" content=\"Svenska Magasinet\" \/>\n<meta property=\"article:publisher\" content=\"https:\/\/www.facebook.com\/svenskamagasinet\" \/>\n<meta property=\"article:published_time\" content=\"2024-06-23T16:00:05+00:00\" \/>\n<meta property=\"article:modified_time\" content=\"2024-06-23T20:11:27+00:00\" \/>\n<meta property=\"og:image\" content=\"https:\/\/lightweb.dev\/l\/svm-temp\/wp-content\/uploads\/2024\/06\/GQxYa26WUAA3bnX-stor.jpeg\" \/>\n\t<meta property=\"og:image:width\" content=\"1280\" \/>\n\t<meta property=\"og:image:height\" content=\"854\" \/>\n\t<meta property=\"og:image:type\" content=\"image\/jpeg\" \/>\n<meta name=\"author\" content=\"Ola Josefsson\" \/>\n<meta name=\"twitter:card\" content=\"summary_large_image\" \/>\n<meta name=\"twitter:creator\" content=\"@SvenskaMagasine\" \/>\n<meta name=\"twitter:site\" content=\"@SvenskaMagasine\" \/>\n<script type=\"application\/ld+json\" class=\"yoast-schema-graph\">{\"@context\":\"https:\\\/\\\/schema.org\",\"@graph\":[{\"@type\":\"Article\",\"@id\":\"https:\\\/\\\/lightweb.dev\\\/l\\\/svm-temp\\\/artiklar\\\/golf-sport\\\/malaga-firas-efter-kvalrysaren-till-andraligan\\\/#article\",\"isPartOf\":{\"@id\":\"https:\\\/\\\/lightweb.dev\\\/l\\\/svm-temp\\\/artiklar\\\/golf-sport\\\/malaga-firas-efter-kvalrysaren-till-andraligan\\\/\"},\"author\":{\"name\":\"Ola Josefsson\",\"@id\":\"https:\\\/\\\/lightweb.dev\\\/l\\\/svm-temp\\\/#\\\/schema\\\/person\\\/7a82b8a73d171d32360a564b6d03508e\"},\"headline\":\"M\u00e1laga firas efter kvalrysaren till andraligan\",\"datePublished\":\"2024-06-23T16:00:05+00:00\",\"dateModified\":\"2024-06-23T20:11:27+00:00\",\"mainEntityOfPage\":{\"@id\":\"https:\\\/\\\/lightweb.dev\\\/l\\\/svm-temp\\\/artiklar\\\/golf-sport\\\/malaga-firas-efter-kvalrysaren-till-andraligan\\\/\"},\"wordCount\":392,\"publisher\":{\"@id\":\"https:\\\/\\\/lightweb.dev\\\/l\\\/svm-temp\\\/#organization\"},\"image\":{\"@id\":\"https:\\\/\\\/lightweb.dev\\\/l\\\/svm-temp\\\/artiklar\\\/golf-sport\\\/malaga-firas-efter-kvalrysaren-till-andraligan\\\/#primaryimage\"},\"thumbnailUrl\":\"https:\\\/\\\/lightweb.dev\\\/l\\\/svm-temp\\\/wp-content\\\/uploads\\\/2024\\\/06\\\/GQxYa26WUAA3bnX-stor.jpeg\",\"articleSection\":[\"Nyheter\",\"Sport\"],\"inLanguage\":\"sv-SE\"},{\"@type\":\"WebPage\",\"@id\":\"https:\\\/\\\/lightweb.dev\\\/l\\\/svm-temp\\\/artiklar\\\/golf-sport\\\/malaga-firas-efter-kvalrysaren-till-andraligan\\\/\",\"url\":\"https:\\\/\\\/lightweb.dev\\\/l\\\/svm-temp\\\/artiklar\\\/golf-sport\\\/malaga-firas-efter-kvalrysaren-till-andraligan\\\/\",\"name\":\"M\u00e1laga firas efter kvalrysaren till andraligan - Svenska Magasinet\",\"isPartOf\":{\"@id\":\"https:\\\/\\\/lightweb.dev\\\/l\\\/svm-temp\\\/#website\"},\"primaryImageOfPage\":{\"@id\":\"https:\\\/\\\/lightweb.dev\\\/l\\\/svm-temp\\\/artiklar\\\/golf-sport\\\/malaga-firas-efter-kvalrysaren-till-andraligan\\\/#primaryimage\"},\"image\":{\"@id\":\"https:\\\/\\\/lightweb.dev\\\/l\\\/svm-temp\\\/artiklar\\\/golf-sport\\\/malaga-firas-efter-kvalrysaren-till-andraligan\\\/#primaryimage\"},\"thumbnailUrl\":\"https:\\\/\\\/lightweb.dev\\\/l\\\/svm-temp\\\/wp-content\\\/uploads\\\/2024\\\/06\\\/GQxYa26WUAA3bnX-stor.jpeg\",\"datePublished\":\"2024-06-23T16:00:05+00:00\",\"dateModified\":\"2024-06-23T20:11:27+00:00\",\"description\":\"Det var kvalrysaren som hade alla ingredienser. M\u00e1laga hade 2-1 att g\u00e5 p\u00e5 inf\u00f6r returm\u00f6tet borta mot Gimn\u00e0stic de Tarragona. P\u00e5 \u00f6vertid i f\u00f6rl\u00e4ngningen kvitterade M\u00e1laga till 2-2 genom Anto\u00f1ito Cordero, blott 17 \u00e5r, vilket betydde avancemang till andraligan.\",\"breadcrumb\":{\"@id\":\"https:\\\/\\\/lightweb.dev\\\/l\\\/svm-temp\\\/artiklar\\\/golf-sport\\\/malaga-firas-efter-kvalrysaren-till-andraligan\\\/#breadcrumb\"},\"inLanguage\":\"sv-SE\",\"potentialAction\":[{\"@type\":\"ReadAction\",\"target\":[\"https:\\\/\\\/lightweb.dev\\\/l\\\/svm-temp\\\/artiklar\\\/golf-sport\\\/malaga-firas-efter-kvalrysaren-till-andraligan\\\/\"]}]},{\"@type\":\"ImageObject\",\"inLanguage\":\"sv-SE\",\"@id\":\"https:\\\/\\\/lightweb.dev\\\/l\\\/svm-temp\\\/artiklar\\\/golf-sport\\\/malaga-firas-efter-kvalrysaren-till-andraligan\\\/#primaryimage\",\"url\":\"https:\\\/\\\/lightweb.dev\\\/l\\\/svm-temp\\\/wp-content\\\/uploads\\\/2024\\\/06\\\/GQxYa26WUAA3bnX-stor.jpeg\",\"contentUrl\":\"https:\\\/\\\/lightweb.dev\\\/l\\\/svm-temp\\\/wp-content\\\/uploads\\\/2024\\\/06\\\/GQxYa26WUAA3bnX-stor.jpeg\",\"width\":1280,\"height\":854,\"caption\":\"M\u00e1lagas bl\u00e5vita fotbollshj\u00e4ltar firas p\u00e5 s\u00f6ndagen med kortege fr\u00e5n La Rosaleda. (X@MalagaCF)\"},{\"@type\":\"BreadcrumbList\",\"@id\":\"https:\\\/\\\/lightweb.dev\\\/l\\\/svm-temp\\\/artiklar\\\/golf-sport\\\/malaga-firas-efter-kvalrysaren-till-andraligan\\\/#breadcrumb\",\"itemListElement\":[{\"@type\":\"ListItem\",\"position\":1,\"name\":\"Hem\",\"item\":\"https:\\\/\\\/lightweb.dev\\\/l\\\/svm-temp\\\/\"},{\"@type\":\"ListItem\",\"position\":2,\"name\":\"M\u00e1laga firas efter kvalrysaren till andraligan\"}]},{\"@type\":\"WebSite\",\"@id\":\"https:\\\/\\\/lightweb.dev\\\/l\\\/svm-temp\\\/#website\",\"url\":\"https:\\\/\\\/lightweb.dev\\\/l\\\/svm-temp\\\/\",\"name\":\"Svenska Magasinet\",\"description\":\"Dina Spanska nyheter p&aring; Svenska\",\"publisher\":{\"@id\":\"https:\\\/\\\/lightweb.dev\\\/l\\\/svm-temp\\\/#organization\"},\"potentialAction\":[{\"@type\":\"SearchAction\",\"target\":{\"@type\":\"EntryPoint\",\"urlTemplate\":\"https:\\\/\\\/lightweb.dev\\\/l\\\/svm-temp\\\/?s={search_term_string}\"},\"query-input\":{\"@type\":\"PropertyValueSpecification\",\"valueRequired\":true,\"valueName\":\"search_term_string\"}}],\"inLanguage\":\"sv-SE\"},{\"@type\":\"Organization\",\"@id\":\"https:\\\/\\\/lightweb.dev\\\/l\\\/svm-temp\\\/#organization\",\"name\":\"Melkerson y Nott SL\",\"alternateName\":\"Svenska Magasinet\",\"url\":\"https:\\\/\\\/lightweb.dev\\\/l\\\/svm-temp\\\/\",\"logo\":{\"@type\":\"ImageObject\",\"inLanguage\":\"sv-SE\",\"@id\":\"https:\\\/\\\/lightweb.dev\\\/l\\\/svm-temp\\\/#\\\/schema\\\/logo\\\/image\\\/\",\"url\":\"https:\\\/\\\/lightweb.dev\\\/l\\\/svm-temp\\\/wp-content\\\/uploads\\\/2025\\\/02\\\/SvM-logo-Xtra-Centrerad-SVART.png\",\"contentUrl\":\"https:\\\/\\\/lightweb.dev\\\/l\\\/svm-temp\\\/wp-content\\\/uploads\\\/2025\\\/02\\\/SvM-logo-Xtra-Centrerad-SVART.png\",\"width\":300,\"height\":99,\"caption\":\"Melkerson y Nott SL\"},\"image\":{\"@id\":\"https:\\\/\\\/lightweb.dev\\\/l\\\/svm-temp\\\/#\\\/schema\\\/logo\\\/image\\\/\"},\"sameAs\":[\"https:\\\/\\\/www.facebook.com\\\/svenskamagasinet\",\"https:\\\/\\\/x.com\\\/SvenskaMagasine\"]},{\"@type\":\"Person\",\"@id\":\"https:\\\/\\\/lightweb.dev\\\/l\\\/svm-temp\\\/#\\\/schema\\\/person\\\/7a82b8a73d171d32360a564b6d03508e\",\"name\":\"Ola Josefsson\",\"description\":\"Bevakar Solkusten och Spanien sedan 1994.\",\"sameAs\":[\"https:\\\/\\\/lightweb.dev\\\/l\\\/svm-temp\"],\"url\":\"https:\\\/\\\/lightweb.dev\\\/l\\\/svm-temp\\\/reporter\\\/ola-josefsson\\\/\"}]}<\/script>\n<!-- \/ Yoast SEO Premium plugin. -->","yoast_head_json":{"title":"M\u00e1laga firas efter kvalrysaren till andraligan - Svenska Magasinet","description":"Det var kvalrysaren som hade alla ingredienser. M\u00e1laga hade 2-1 att g\u00e5 p\u00e5 inf\u00f6r returm\u00f6tet borta mot Gimn\u00e0stic de Tarragona. P\u00e5 \u00f6vertid i f\u00f6rl\u00e4ngningen kvitterade M\u00e1laga till 2-2 genom Anto\u00f1ito Cordero, blott 17 \u00e5r, vilket betydde avancemang till andraligan.","robots":{"index":"noindex","follow":"follow","max-snippet":"max-snippet:-1","max-image-preview":"max-image-preview:large","max-video-preview":"max-video-preview:-1"},"og_locale":"sv_SE","og_type":"article","og_title":"M\u00e1laga firas efter kvalrysaren till andraligan","og_description":"Det var kvalrysaren som hade alla ingredienser. M\u00e1laga hade 2-1 att g\u00e5 p\u00e5 inf\u00f6r returm\u00f6tet borta mot Gimn\u00e0stic de Tarragona. P\u00e5 \u00f6vertid i f\u00f6rl\u00e4ngningen kvitterade M\u00e1laga till 2-2 genom Anto\u00f1ito Cordero, blott 17 \u00e5r, vilket betydde avancemang till andraligan.","og_url":"https:\/\/lightweb.dev\/l\/svm-temp\/artiklar\/golf-sport\/malaga-firas-efter-kvalrysaren-till-andraligan\/","og_site_name":"Svenska Magasinet","article_publisher":"https:\/\/www.facebook.com\/svenskamagasinet","article_published_time":"2024-06-23T16:00:05+00:00","article_modified_time":"2024-06-23T20:11:27+00:00","og_image":[{"width":1280,"height":854,"url":"https:\/\/lightweb.dev\/l\/svm-temp\/wp-content\/uploads\/2024\/06\/GQxYa26WUAA3bnX-stor.jpeg","type":"image\/jpeg"}],"author":"Ola Josefsson","twitter_card":"summary_large_image","twitter_creator":"@SvenskaMagasine","twitter_site":"@SvenskaMagasine","schema":{"@context":"https:\/\/schema.org","@graph":[{"@type":"Article","@id":"https:\/\/lightweb.dev\/l\/svm-temp\/artiklar\/golf-sport\/malaga-firas-efter-kvalrysaren-till-andraligan\/#article","isPartOf":{"@id":"https:\/\/lightweb.dev\/l\/svm-temp\/artiklar\/golf-sport\/malaga-firas-efter-kvalrysaren-till-andraligan\/"},"author":{"name":"Ola Josefsson","@id":"https:\/\/lightweb.dev\/l\/svm-temp\/#\/schema\/person\/7a82b8a73d171d32360a564b6d03508e"},"headline":"M\u00e1laga firas efter kvalrysaren till andraligan","datePublished":"2024-06-23T16:00:05+00:00","dateModified":"2024-06-23T20:11:27+00:00","mainEntityOfPage":{"@id":"https:\/\/lightweb.dev\/l\/svm-temp\/artiklar\/golf-sport\/malaga-firas-efter-kvalrysaren-till-andraligan\/"},"wordCount":392,"publisher":{"@id":"https:\/\/lightweb.dev\/l\/svm-temp\/#organization"},"image":{"@id":"https:\/\/lightweb.dev\/l\/svm-temp\/artiklar\/golf-sport\/malaga-firas-efter-kvalrysaren-till-andraligan\/#primaryimage"},"thumbnailUrl":"https:\/\/lightweb.dev\/l\/svm-temp\/wp-content\/uploads\/2024\/06\/GQxYa26WUAA3bnX-stor.jpeg","articleSection":["Nyheter","Sport"],"inLanguage":"sv-SE"},{"@type":"WebPage","@id":"https:\/\/lightweb.dev\/l\/svm-temp\/artiklar\/golf-sport\/malaga-firas-efter-kvalrysaren-till-andraligan\/","url":"https:\/\/lightweb.dev\/l\/svm-temp\/artiklar\/golf-sport\/malaga-firas-efter-kvalrysaren-till-andraligan\/","name":"M\u00e1laga firas efter kvalrysaren till andraligan - Svenska Magasinet","isPartOf":{"@id":"https:\/\/lightweb.dev\/l\/svm-temp\/#website"},"primaryImageOfPage":{"@id":"https:\/\/lightweb.dev\/l\/svm-temp\/artiklar\/golf-sport\/malaga-firas-efter-kvalrysaren-till-andraligan\/#primaryimage"},"image":{"@id":"https:\/\/lightweb.dev\/l\/svm-temp\/artiklar\/golf-sport\/malaga-firas-efter-kvalrysaren-till-andraligan\/#primaryimage"},"thumbnailUrl":"https:\/\/lightweb.dev\/l\/svm-temp\/wp-content\/uploads\/2024\/06\/GQxYa26WUAA3bnX-stor.jpeg","datePublished":"2024-06-23T16:00:05+00:00","dateModified":"2024-06-23T20:11:27+00:00","description":"Det var kvalrysaren som hade alla ingredienser. M\u00e1laga hade 2-1 att g\u00e5 p\u00e5 inf\u00f6r returm\u00f6tet borta mot Gimn\u00e0stic de Tarragona. P\u00e5 \u00f6vertid i f\u00f6rl\u00e4ngningen kvitterade M\u00e1laga till 2-2 genom Anto\u00f1ito Cordero, blott 17 \u00e5r, vilket betydde avancemang till andraligan.","breadcrumb":{"@id":"https:\/\/lightweb.dev\/l\/svm-temp\/artiklar\/golf-sport\/malaga-firas-efter-kvalrysaren-till-andraligan\/#breadcrumb"},"inLanguage":"sv-SE","potentialAction":[{"@type":"ReadAction","target":["https:\/\/lightweb.dev\/l\/svm-temp\/artiklar\/golf-sport\/malaga-firas-efter-kvalrysaren-till-andraligan\/"]}]},{"@type":"ImageObject","inLanguage":"sv-SE","@id":"https:\/\/lightweb.dev\/l\/svm-temp\/artiklar\/golf-sport\/malaga-firas-efter-kvalrysaren-till-andraligan\/#primaryimage","url":"https:\/\/lightweb.dev\/l\/svm-temp\/wp-content\/uploads\/2024\/06\/GQxYa26WUAA3bnX-stor.jpeg","contentUrl":"https:\/\/lightweb.dev\/l\/svm-temp\/wp-content\/uploads\/2024\/06\/GQxYa26WUAA3bnX-stor.jpeg","width":1280,"height":854,"caption":"M\u00e1lagas bl\u00e5vita fotbollshj\u00e4ltar firas p\u00e5 s\u00f6ndagen med kortege fr\u00e5n La Rosaleda. (X@MalagaCF)"},{"@type":"BreadcrumbList","@id":"https:\/\/lightweb.dev\/l\/svm-temp\/artiklar\/golf-sport\/malaga-firas-efter-kvalrysaren-till-andraligan\/#breadcrumb","itemListElement":[{"@type":"ListItem","position":1,"name":"Hem","item":"https:\/\/lightweb.dev\/l\/svm-temp\/"},{"@type":"ListItem","position":2,"name":"M\u00e1laga firas efter kvalrysaren till andraligan"}]},{"@type":"WebSite","@id":"https:\/\/lightweb.dev\/l\/svm-temp\/#website","url":"https:\/\/lightweb.dev\/l\/svm-temp\/","name":"Svenska Magasinet","description":"Dina Spanska nyheter p&aring; Svenska","publisher":{"@id":"https:\/\/lightweb.dev\/l\/svm-temp\/#organization"},"potentialAction":[{"@type":"SearchAction","target":{"@type":"EntryPoint","urlTemplate":"https:\/\/lightweb.dev\/l\/svm-temp\/?s={search_term_string}"},"query-input":{"@type":"PropertyValueSpecification","valueRequired":true,"valueName":"search_term_string"}}],"inLanguage":"sv-SE"},{"@type":"Organization","@id":"https:\/\/lightweb.dev\/l\/svm-temp\/#organization","name":"Melkerson y Nott SL","alternateName":"Svenska Magasinet","url":"https:\/\/lightweb.dev\/l\/svm-temp\/","logo":{"@type":"ImageObject","inLanguage":"sv-SE","@id":"https:\/\/lightweb.dev\/l\/svm-temp\/#\/schema\/logo\/image\/","url":"https:\/\/lightweb.dev\/l\/svm-temp\/wp-content\/uploads\/2025\/02\/SvM-logo-Xtra-Centrerad-SVART.png","contentUrl":"https:\/\/lightweb.dev\/l\/svm-temp\/wp-content\/uploads\/2025\/02\/SvM-logo-Xtra-Centrerad-SVART.png","width":300,"height":99,"caption":"Melkerson y Nott SL"},"image":{"@id":"https:\/\/lightweb.dev\/l\/svm-temp\/#\/schema\/logo\/image\/"},"sameAs":["https:\/\/www.facebook.com\/svenskamagasinet","https:\/\/x.com\/SvenskaMagasine"]},{"@type":"Person","@id":"https:\/\/lightweb.dev\/l\/svm-temp\/#\/schema\/person\/7a82b8a73d171d32360a564b6d03508e","name":"Ola Josefsson","description":"Bevakar Solkusten och Spanien sedan 1994.","sameAs":["https:\/\/lightweb.dev\/l\/svm-temp"],"url":"https:\/\/lightweb.dev\/l\/svm-temp\/reporter\/ola-josefsson\/"}]}},"_links":{"self":[{"href":"https:\/\/lightweb.dev\/l\/svm-temp\/wp-json\/wp\/v2\/posts\/72889","targetHints":{"allow":["GET"]}}],"collection":[{"href":"https:\/\/lightweb.dev\/l\/svm-temp\/wp-json\/wp\/v2\/posts"}],"about":[{"href":"https:\/\/lightweb.dev\/l\/svm-temp\/wp-json\/wp\/v2\/types\/post"}],"author":[{"embeddable":true,"href":"https:\/\/lightweb.dev\/l\/svm-temp\/wp-json\/wp\/v2\/users\/7"}],"replies":[{"embeddable":true,"href":"https:\/\/lightweb.dev\/l\/svm-temp\/wp-json\/wp\/v2\/comments?post=72889"}],"version-history":[{"count":0,"href":"https:\/\/lightweb.dev\/l\/svm-temp\/wp-json\/wp\/v2\/posts\/72889\/revisions"}],"wp:featuredmedia":[{"embeddable":true,"href":"https:\/\/lightweb.dev\/l\/svm-temp\/wp-json\/wp\/v2\/media\/72894"}],"wp:attachment":[{"href":"https:\/\/lightweb.dev\/l\/svm-temp\/wp-json\/wp\/v2\/media?parent=72889"}],"wp:term":[{"taxonomy":"category","embeddable":true,"href":"https:\/\/lightweb.dev\/l\/svm-temp\/wp-json\/wp\/v2\/categories?post=72889"},{"taxonomy":"post_tag","embeddable":true,"href":"https:\/\/lightweb.dev\/l\/svm-temp\/wp-json\/wp\/v2\/tags?post=72889"}],"curies":[{"name":"wp","href":"https:\/\/api.w.org\/{rel}","templated":true}]}}