{"id":72895,"date":"2024-06-23T22:02:18","date_gmt":"2024-06-23T20:02:18","guid":{"rendered":"https:\/\/lightweb.dev\/l\/svm-temp\/?p=72895"},"modified":"2024-06-24T12:35:11","modified_gmt":"2024-06-24T10:35:11","slug":"snorkla-vid-torrox-och-upptack-gamla-vrak","status":"publish","type":"post","link":"https:\/\/lightweb.dev\/l\/svm-temp\/nyheter\/snorkla-vid-torrox-och-upptack-gamla-vrak\/","title":{"rendered":"Snorkla vid Torrox och uppt\u00e4ck gamla vrak"},"content":{"rendered":"<p><strong>N\u00e4r Medelhavet b\u00f6rjar bli \u00f6ver 20 grader varmt och ligger som en spegel \u00e4r snorkeldykning en trevlig hobby.<\/strong><\/p>\n<p><strong>Det finns flera fina snorkelplatser l\u00e4ngs kusten. Fram till september arrangerar Torrox kommun snorkelturer till det gamla \u00e5ngfartyget \u201dEl Delf\u00edn\u201d utanf\u00f6r stranden Calaceite.<\/strong><\/p>\n<div id=\"attachment_72897\" style=\"width: 310px\" class=\"wp-caption alignright\"><img loading=\"lazy\" decoding=\"async\" aria-describedby=\"caption-attachment-72897\" class=\"size-medium wp-image-72897\" src=\"https:\/\/lightweb.dev\/l\/svm-temp\/wp-content\/uploads\/2024\/06\/Snorkel-Torrox-4-stor-300x189.jpeg\" alt=\"\" width=\"300\" height=\"189\" srcset=\"https:\/\/lightweb.dev\/l\/svm-temp\/wp-content\/uploads\/2024\/06\/Snorkel-Torrox-4-stor-300x189.jpeg 300w, https:\/\/lightweb.dev\/l\/svm-temp\/wp-content\/uploads\/2024\/06\/Snorkel-Torrox-4-stor-400x250.jpeg 400w, https:\/\/lightweb.dev\/l\/svm-temp\/wp-content\/uploads\/2024\/06\/Snorkel-Torrox-4-stor.jpeg 600w\" sizes=\"(max-width: 300px) 100vw, 300px\" \/><p id=\"caption-attachment-72897\" class=\"wp-caption-text\">Det gamla \u00e5ngfartyget &#8221;El Delfin&#8221; ligger p\u00e5 botten strax utanf\u00f6r Torrox.<\/p><\/div>\n<p>Det g\u00e5r under namnet \u201dRutas de Snorkel\u201d. Kommunalr\u00e5det inom turism Jos\u00e9 Manuel Fern\u00e1ndez och Jos\u00e9 P\u00e9rez vid dyks\u00e4llskapet Tiempo Sub ber\u00e4ttar att det finns fyra snorkelrutter i havet. Du anm\u00e4la dig till guidade snorkelturer som endast kostar fem euro. Medlemmar i dyks\u00e4llskapet Tiempo Sub och de som har Torrox kommuns idrottskort betalar tre euro.<\/p>\n<p>Du anm\u00e4ler dig p\u00e5 tlf 952\u00a0539 927 eller via e-post till sports@torrox.<\/p>\n<p>Snorkelturerna tar circa 45 minuter och gr\u00e4nsen f\u00f6r antalet dykare \u00e4r satt till 15 personer och d\u00e5 ing\u00e5r utrustning som halv dykardr\u00e4kt, cyklop, fenor och snorkel. Efter n\u00e5gra instruktioner och en kort historisk f\u00f6rklaring f\u00f6ljer snorkelturen.<\/p>\n<p><img loading=\"lazy\" decoding=\"async\" class=\"size-medium wp-image-72898 alignleft\" src=\"https:\/\/lightweb.dev\/l\/svm-temp\/wp-content\/uploads\/2024\/06\/Snorkel-Torrox-2-stor-212x300.jpeg\" alt=\"\" width=\"212\" height=\"300\" srcset=\"https:\/\/lightweb.dev\/l\/svm-temp\/wp-content\/uploads\/2024\/06\/Snorkel-Torrox-2-stor-212x300.jpeg 212w, https:\/\/lightweb.dev\/l\/svm-temp\/wp-content\/uploads\/2024\/06\/Snorkel-Torrox-2-stor-637x900.jpeg 637w, https:\/\/lightweb.dev\/l\/svm-temp\/wp-content\/uploads\/2024\/06\/Snorkel-Torrox-2-stor-768x1085.jpeg 768w, https:\/\/lightweb.dev\/l\/svm-temp\/wp-content\/uploads\/2024\/06\/Snorkel-Torrox-2-stor-610x862.jpeg 610w, https:\/\/lightweb.dev\/l\/svm-temp\/wp-content\/uploads\/2024\/06\/Snorkel-Torrox-2-stor-600x848.jpeg 600w, https:\/\/lightweb.dev\/l\/svm-temp\/wp-content\/uploads\/2024\/06\/Snorkel-Torrox-2-stor.jpeg 906w\" sizes=\"(max-width: 212px) 100vw, 212px\" \/><\/p>\n<h2 class=\"entry-title\" style=\"text-align: right;\">L\u00e4s mer: <a href=\"https:\/\/lightweb.dev\/l\/svm-temp\/artiklar\/reportage\/djupt-ner-i-det-bla-basta-dykningen-pa-kusten\/\">Djupt ner i det bl\u00e5: B\u00e4sta dykningen p\u00e5 kusten<\/a><\/h2>\n<p><strong>H\u00e4r har du fler snorkelv\u00e4nliga str\u00e4nder p\u00e5 Solkusten:<\/strong><\/p>\n<p>Playa de la Cala del Ca\u00f1uelo (Nerja)<\/p>\n<p>Playa del Pe\u00f1oncillo (Torrox)<\/p>\n<p>Playa de Chilches (V\u00e9lez M\u00e1laga)<\/p>\n<p>Playa de la Cala del Moral (Rinc\u00f3n de la Victoria)<\/p>\n<p>Pe\u00f1\u00f3n del Cuervo (M\u00e1laga)<\/p>\n<p>Punta de Calaburras (Mijas)<\/p>\n<p>Playa de Artola- Cabopino (Marbella)<\/p>\n<p>Playa de la Galera (Estepona)<\/p>\n<p>Playa de las Arenas (Manilva)<\/p>\n<p>&nbsp;<\/p>\n","protected":false},"excerpt":{"rendered":"<p>N\u00e4r Medelhavet b\u00f6rjar bli \u00f6ver 20 grader varmt och ligger som en spegel \u00e4r snorkeldykning en trevlig hobby. Det finns flera fina snorkelplatser l\u00e4ngs kusten. Fram till september arrangerar Torrox kommun snorkelturer till&#8230;<\/p>\n","protected":false},"author":7,"featured_media":72896,"comment_status":"closed","ping_status":"closed","sticky":false,"template":"","format":"standard","meta":{"_et_pb_use_builder":"","_et_pb_old_content":"","_et_gb_content_width":"","footnotes":""},"categories":[395,3],"tags":[],"class_list":["post-72895","post","type-post","status-publish","format-standard","has-post-thumbnail","hentry","category-arkiv-nyheter","category-nyheter"],"yoast_head":"<!-- This site is optimized with the Yoast SEO Premium plugin v26.2 (Yoast SEO v27.5) - https:\/\/yoast.com\/product\/yoast-seo-premium-wordpress\/ -->\n<title>Snorkla vid Torrox och uppt\u00e4ck gamla vrak - Svenska Magasinet<\/title>\n<meta name=\"description\" content=\"N\u00e4r Medelhavet b\u00f6rjar bli \u00f6ver 20 grader varmt och ligger som en spegel \u00e4r snorkeldykning en trevlig hobby. Det finns flera fina snorkelplatser l\u00e4ngs kusten. Fram till september arrangerar Torrox kommun snorkelturer till det gamla \u00e5ngfartyget \u201dEl Delf\u00edn\u201d utanf\u00f6r stranden Calaceite.\" \/>\n<meta name=\"robots\" content=\"noindex, follow, max-snippet:-1, max-image-preview:large, max-video-preview:-1\" \/>\n<meta property=\"og:locale\" content=\"sv_SE\" \/>\n<meta property=\"og:type\" content=\"article\" \/>\n<meta property=\"og:title\" content=\"Snorkla vid Torrox och uppt\u00e4ck gamla vrak\" \/>\n<meta property=\"og:description\" content=\"N\u00e4r Medelhavet b\u00f6rjar bli \u00f6ver 20 grader varmt och ligger som en spegel \u00e4r snorkeldykning en trevlig hobby. Det finns flera fina snorkelplatser l\u00e4ngs kusten. Fram till september arrangerar Torrox kommun snorkelturer till det gamla \u00e5ngfartyget \u201dEl Delf\u00edn\u201d utanf\u00f6r stranden Calaceite.\" \/>\n<meta property=\"og:url\" content=\"https:\/\/lightweb.dev\/l\/svm-temp\/nyheter\/snorkla-vid-torrox-och-upptack-gamla-vrak\/\" \/>\n<meta property=\"og:site_name\" content=\"Svenska Magasinet\" \/>\n<meta property=\"article:publisher\" content=\"https:\/\/www.facebook.com\/svenskamagasinet\" \/>\n<meta property=\"article:published_time\" content=\"2024-06-23T20:02:18+00:00\" \/>\n<meta property=\"article:modified_time\" content=\"2024-06-24T10:35:11+00:00\" \/>\n<meta property=\"og:image\" content=\"https:\/\/lightweb.dev\/l\/svm-temp\/wp-content\/uploads\/2024\/06\/Snorkel-Torrox-3-stor.jpeg\" \/>\n\t<meta property=\"og:image:width\" content=\"1159\" \/>\n\t<meta property=\"og:image:height\" content=\"679\" \/>\n\t<meta property=\"og:image:type\" content=\"image\/jpeg\" \/>\n<meta name=\"author\" content=\"Ola Josefsson\" \/>\n<meta name=\"twitter:card\" content=\"summary_large_image\" \/>\n<meta name=\"twitter:creator\" content=\"@SvenskaMagasine\" \/>\n<meta name=\"twitter:site\" content=\"@SvenskaMagasine\" \/>\n<script type=\"application\/ld+json\" class=\"yoast-schema-graph\">{\"@context\":\"https:\\\/\\\/schema.org\",\"@graph\":[{\"@type\":\"Article\",\"@id\":\"https:\\\/\\\/lightweb.dev\\\/l\\\/svm-temp\\\/nyheter\\\/snorkla-vid-torrox-och-upptack-gamla-vrak\\\/#article\",\"isPartOf\":{\"@id\":\"https:\\\/\\\/lightweb.dev\\\/l\\\/svm-temp\\\/nyheter\\\/snorkla-vid-torrox-och-upptack-gamla-vrak\\\/\"},\"author\":{\"name\":\"Ola Josefsson\",\"@id\":\"https:\\\/\\\/lightweb.dev\\\/l\\\/svm-temp\\\/#\\\/schema\\\/person\\\/7a82b8a73d171d32360a564b6d03508e\"},\"headline\":\"Snorkla vid Torrox och uppt\u00e4ck gamla vrak\",\"datePublished\":\"2024-06-23T20:02:18+00:00\",\"dateModified\":\"2024-06-24T10:35:11+00:00\",\"mainEntityOfPage\":{\"@id\":\"https:\\\/\\\/lightweb.dev\\\/l\\\/svm-temp\\\/nyheter\\\/snorkla-vid-torrox-och-upptack-gamla-vrak\\\/\"},\"wordCount\":268,\"publisher\":{\"@id\":\"https:\\\/\\\/lightweb.dev\\\/l\\\/svm-temp\\\/#organization\"},\"image\":{\"@id\":\"https:\\\/\\\/lightweb.dev\\\/l\\\/svm-temp\\\/nyheter\\\/snorkla-vid-torrox-och-upptack-gamla-vrak\\\/#primaryimage\"},\"thumbnailUrl\":\"https:\\\/\\\/lightweb.dev\\\/l\\\/svm-temp\\\/wp-content\\\/uploads\\\/2024\\\/06\\\/Snorkel-Torrox-3-stor.jpeg\",\"articleSection\":[\"Arkiv\",\"Nyheter\"],\"inLanguage\":\"sv-SE\"},{\"@type\":\"WebPage\",\"@id\":\"https:\\\/\\\/lightweb.dev\\\/l\\\/svm-temp\\\/nyheter\\\/snorkla-vid-torrox-och-upptack-gamla-vrak\\\/\",\"url\":\"https:\\\/\\\/lightweb.dev\\\/l\\\/svm-temp\\\/nyheter\\\/snorkla-vid-torrox-och-upptack-gamla-vrak\\\/\",\"name\":\"Snorkla vid Torrox och uppt\u00e4ck gamla vrak - Svenska Magasinet\",\"isPartOf\":{\"@id\":\"https:\\\/\\\/lightweb.dev\\\/l\\\/svm-temp\\\/#website\"},\"primaryImageOfPage\":{\"@id\":\"https:\\\/\\\/lightweb.dev\\\/l\\\/svm-temp\\\/nyheter\\\/snorkla-vid-torrox-och-upptack-gamla-vrak\\\/#primaryimage\"},\"image\":{\"@id\":\"https:\\\/\\\/lightweb.dev\\\/l\\\/svm-temp\\\/nyheter\\\/snorkla-vid-torrox-och-upptack-gamla-vrak\\\/#primaryimage\"},\"thumbnailUrl\":\"https:\\\/\\\/lightweb.dev\\\/l\\\/svm-temp\\\/wp-content\\\/uploads\\\/2024\\\/06\\\/Snorkel-Torrox-3-stor.jpeg\",\"datePublished\":\"2024-06-23T20:02:18+00:00\",\"dateModified\":\"2024-06-24T10:35:11+00:00\",\"description\":\"N\u00e4r Medelhavet b\u00f6rjar bli \u00f6ver 20 grader varmt och ligger som en spegel \u00e4r snorkeldykning en trevlig hobby. Det finns flera fina snorkelplatser l\u00e4ngs kusten. Fram till september arrangerar Torrox kommun snorkelturer till det gamla \u00e5ngfartyget \u201dEl Delf\u00edn\u201d utanf\u00f6r stranden Calaceite.\",\"breadcrumb\":{\"@id\":\"https:\\\/\\\/lightweb.dev\\\/l\\\/svm-temp\\\/nyheter\\\/snorkla-vid-torrox-och-upptack-gamla-vrak\\\/#breadcrumb\"},\"inLanguage\":\"sv-SE\",\"potentialAction\":[{\"@type\":\"ReadAction\",\"target\":[\"https:\\\/\\\/lightweb.dev\\\/l\\\/svm-temp\\\/nyheter\\\/snorkla-vid-torrox-och-upptack-gamla-vrak\\\/\"]}]},{\"@type\":\"ImageObject\",\"inLanguage\":\"sv-SE\",\"@id\":\"https:\\\/\\\/lightweb.dev\\\/l\\\/svm-temp\\\/nyheter\\\/snorkla-vid-torrox-och-upptack-gamla-vrak\\\/#primaryimage\",\"url\":\"https:\\\/\\\/lightweb.dev\\\/l\\\/svm-temp\\\/wp-content\\\/uploads\\\/2024\\\/06\\\/Snorkel-Torrox-3-stor.jpeg\",\"contentUrl\":\"https:\\\/\\\/lightweb.dev\\\/l\\\/svm-temp\\\/wp-content\\\/uploads\\\/2024\\\/06\\\/Snorkel-Torrox-3-stor.jpeg\",\"width\":1159,\"height\":679},{\"@type\":\"BreadcrumbList\",\"@id\":\"https:\\\/\\\/lightweb.dev\\\/l\\\/svm-temp\\\/nyheter\\\/snorkla-vid-torrox-och-upptack-gamla-vrak\\\/#breadcrumb\",\"itemListElement\":[{\"@type\":\"ListItem\",\"position\":1,\"name\":\"Hem\",\"item\":\"https:\\\/\\\/lightweb.dev\\\/l\\\/svm-temp\\\/\"},{\"@type\":\"ListItem\",\"position\":2,\"name\":\"Snorkla vid Torrox och uppt\u00e4ck gamla vrak\"}]},{\"@type\":\"WebSite\",\"@id\":\"https:\\\/\\\/lightweb.dev\\\/l\\\/svm-temp\\\/#website\",\"url\":\"https:\\\/\\\/lightweb.dev\\\/l\\\/svm-temp\\\/\",\"name\":\"Svenska Magasinet\",\"description\":\"Dina Spanska nyheter p&aring; Svenska\",\"publisher\":{\"@id\":\"https:\\\/\\\/lightweb.dev\\\/l\\\/svm-temp\\\/#organization\"},\"potentialAction\":[{\"@type\":\"SearchAction\",\"target\":{\"@type\":\"EntryPoint\",\"urlTemplate\":\"https:\\\/\\\/lightweb.dev\\\/l\\\/svm-temp\\\/?s={search_term_string}\"},\"query-input\":{\"@type\":\"PropertyValueSpecification\",\"valueRequired\":true,\"valueName\":\"search_term_string\"}}],\"inLanguage\":\"sv-SE\"},{\"@type\":\"Organization\",\"@id\":\"https:\\\/\\\/lightweb.dev\\\/l\\\/svm-temp\\\/#organization\",\"name\":\"Melkerson y Nott SL\",\"alternateName\":\"Svenska Magasinet\",\"url\":\"https:\\\/\\\/lightweb.dev\\\/l\\\/svm-temp\\\/\",\"logo\":{\"@type\":\"ImageObject\",\"inLanguage\":\"sv-SE\",\"@id\":\"https:\\\/\\\/lightweb.dev\\\/l\\\/svm-temp\\\/#\\\/schema\\\/logo\\\/image\\\/\",\"url\":\"https:\\\/\\\/lightweb.dev\\\/l\\\/svm-temp\\\/wp-content\\\/uploads\\\/2025\\\/02\\\/SvM-logo-Xtra-Centrerad-SVART.png\",\"contentUrl\":\"https:\\\/\\\/lightweb.dev\\\/l\\\/svm-temp\\\/wp-content\\\/uploads\\\/2025\\\/02\\\/SvM-logo-Xtra-Centrerad-SVART.png\",\"width\":300,\"height\":99,\"caption\":\"Melkerson y Nott SL\"},\"image\":{\"@id\":\"https:\\\/\\\/lightweb.dev\\\/l\\\/svm-temp\\\/#\\\/schema\\\/logo\\\/image\\\/\"},\"sameAs\":[\"https:\\\/\\\/www.facebook.com\\\/svenskamagasinet\",\"https:\\\/\\\/x.com\\\/SvenskaMagasine\"]},{\"@type\":\"Person\",\"@id\":\"https:\\\/\\\/lightweb.dev\\\/l\\\/svm-temp\\\/#\\\/schema\\\/person\\\/7a82b8a73d171d32360a564b6d03508e\",\"name\":\"Ola Josefsson\",\"description\":\"Bevakar Solkusten och Spanien sedan 1994.\",\"sameAs\":[\"https:\\\/\\\/lightweb.dev\\\/l\\\/svm-temp\"],\"url\":\"https:\\\/\\\/lightweb.dev\\\/l\\\/svm-temp\\\/reporter\\\/ola-josefsson\\\/\"}]}<\/script>\n<!-- \/ Yoast SEO Premium plugin. -->","yoast_head_json":{"title":"Snorkla vid Torrox och uppt\u00e4ck gamla vrak - Svenska Magasinet","description":"N\u00e4r Medelhavet b\u00f6rjar bli \u00f6ver 20 grader varmt och ligger som en spegel \u00e4r snorkeldykning en trevlig hobby. Det finns flera fina snorkelplatser l\u00e4ngs kusten. Fram till september arrangerar Torrox kommun snorkelturer till det gamla \u00e5ngfartyget \u201dEl Delf\u00edn\u201d utanf\u00f6r stranden Calaceite.","robots":{"index":"noindex","follow":"follow","max-snippet":"max-snippet:-1","max-image-preview":"max-image-preview:large","max-video-preview":"max-video-preview:-1"},"og_locale":"sv_SE","og_type":"article","og_title":"Snorkla vid Torrox och uppt\u00e4ck gamla vrak","og_description":"N\u00e4r Medelhavet b\u00f6rjar bli \u00f6ver 20 grader varmt och ligger som en spegel \u00e4r snorkeldykning en trevlig hobby. Det finns flera fina snorkelplatser l\u00e4ngs kusten. Fram till september arrangerar Torrox kommun snorkelturer till det gamla \u00e5ngfartyget \u201dEl Delf\u00edn\u201d utanf\u00f6r stranden Calaceite.","og_url":"https:\/\/lightweb.dev\/l\/svm-temp\/nyheter\/snorkla-vid-torrox-och-upptack-gamla-vrak\/","og_site_name":"Svenska Magasinet","article_publisher":"https:\/\/www.facebook.com\/svenskamagasinet","article_published_time":"2024-06-23T20:02:18+00:00","article_modified_time":"2024-06-24T10:35:11+00:00","og_image":[{"width":1159,"height":679,"url":"https:\/\/lightweb.dev\/l\/svm-temp\/wp-content\/uploads\/2024\/06\/Snorkel-Torrox-3-stor.jpeg","type":"image\/jpeg"}],"author":"Ola Josefsson","twitter_card":"summary_large_image","twitter_creator":"@SvenskaMagasine","twitter_site":"@SvenskaMagasine","schema":{"@context":"https:\/\/schema.org","@graph":[{"@type":"Article","@id":"https:\/\/lightweb.dev\/l\/svm-temp\/nyheter\/snorkla-vid-torrox-och-upptack-gamla-vrak\/#article","isPartOf":{"@id":"https:\/\/lightweb.dev\/l\/svm-temp\/nyheter\/snorkla-vid-torrox-och-upptack-gamla-vrak\/"},"author":{"name":"Ola Josefsson","@id":"https:\/\/lightweb.dev\/l\/svm-temp\/#\/schema\/person\/7a82b8a73d171d32360a564b6d03508e"},"headline":"Snorkla vid Torrox och uppt\u00e4ck gamla vrak","datePublished":"2024-06-23T20:02:18+00:00","dateModified":"2024-06-24T10:35:11+00:00","mainEntityOfPage":{"@id":"https:\/\/lightweb.dev\/l\/svm-temp\/nyheter\/snorkla-vid-torrox-och-upptack-gamla-vrak\/"},"wordCount":268,"publisher":{"@id":"https:\/\/lightweb.dev\/l\/svm-temp\/#organization"},"image":{"@id":"https:\/\/lightweb.dev\/l\/svm-temp\/nyheter\/snorkla-vid-torrox-och-upptack-gamla-vrak\/#primaryimage"},"thumbnailUrl":"https:\/\/lightweb.dev\/l\/svm-temp\/wp-content\/uploads\/2024\/06\/Snorkel-Torrox-3-stor.jpeg","articleSection":["Arkiv","Nyheter"],"inLanguage":"sv-SE"},{"@type":"WebPage","@id":"https:\/\/lightweb.dev\/l\/svm-temp\/nyheter\/snorkla-vid-torrox-och-upptack-gamla-vrak\/","url":"https:\/\/lightweb.dev\/l\/svm-temp\/nyheter\/snorkla-vid-torrox-och-upptack-gamla-vrak\/","name":"Snorkla vid Torrox och uppt\u00e4ck gamla vrak - Svenska Magasinet","isPartOf":{"@id":"https:\/\/lightweb.dev\/l\/svm-temp\/#website"},"primaryImageOfPage":{"@id":"https:\/\/lightweb.dev\/l\/svm-temp\/nyheter\/snorkla-vid-torrox-och-upptack-gamla-vrak\/#primaryimage"},"image":{"@id":"https:\/\/lightweb.dev\/l\/svm-temp\/nyheter\/snorkla-vid-torrox-och-upptack-gamla-vrak\/#primaryimage"},"thumbnailUrl":"https:\/\/lightweb.dev\/l\/svm-temp\/wp-content\/uploads\/2024\/06\/Snorkel-Torrox-3-stor.jpeg","datePublished":"2024-06-23T20:02:18+00:00","dateModified":"2024-06-24T10:35:11+00:00","description":"N\u00e4r Medelhavet b\u00f6rjar bli \u00f6ver 20 grader varmt och ligger som en spegel \u00e4r snorkeldykning en trevlig hobby. Det finns flera fina snorkelplatser l\u00e4ngs kusten. Fram till september arrangerar Torrox kommun snorkelturer till det gamla \u00e5ngfartyget \u201dEl Delf\u00edn\u201d utanf\u00f6r stranden Calaceite.","breadcrumb":{"@id":"https:\/\/lightweb.dev\/l\/svm-temp\/nyheter\/snorkla-vid-torrox-och-upptack-gamla-vrak\/#breadcrumb"},"inLanguage":"sv-SE","potentialAction":[{"@type":"ReadAction","target":["https:\/\/lightweb.dev\/l\/svm-temp\/nyheter\/snorkla-vid-torrox-och-upptack-gamla-vrak\/"]}]},{"@type":"ImageObject","inLanguage":"sv-SE","@id":"https:\/\/lightweb.dev\/l\/svm-temp\/nyheter\/snorkla-vid-torrox-och-upptack-gamla-vrak\/#primaryimage","url":"https:\/\/lightweb.dev\/l\/svm-temp\/wp-content\/uploads\/2024\/06\/Snorkel-Torrox-3-stor.jpeg","contentUrl":"https:\/\/lightweb.dev\/l\/svm-temp\/wp-content\/uploads\/2024\/06\/Snorkel-Torrox-3-stor.jpeg","width":1159,"height":679},{"@type":"BreadcrumbList","@id":"https:\/\/lightweb.dev\/l\/svm-temp\/nyheter\/snorkla-vid-torrox-och-upptack-gamla-vrak\/#breadcrumb","itemListElement":[{"@type":"ListItem","position":1,"name":"Hem","item":"https:\/\/lightweb.dev\/l\/svm-temp\/"},{"@type":"ListItem","position":2,"name":"Snorkla vid Torrox och uppt\u00e4ck gamla vrak"}]},{"@type":"WebSite","@id":"https:\/\/lightweb.dev\/l\/svm-temp\/#website","url":"https:\/\/lightweb.dev\/l\/svm-temp\/","name":"Svenska Magasinet","description":"Dina Spanska nyheter p&aring; Svenska","publisher":{"@id":"https:\/\/lightweb.dev\/l\/svm-temp\/#organization"},"potentialAction":[{"@type":"SearchAction","target":{"@type":"EntryPoint","urlTemplate":"https:\/\/lightweb.dev\/l\/svm-temp\/?s={search_term_string}"},"query-input":{"@type":"PropertyValueSpecification","valueRequired":true,"valueName":"search_term_string"}}],"inLanguage":"sv-SE"},{"@type":"Organization","@id":"https:\/\/lightweb.dev\/l\/svm-temp\/#organization","name":"Melkerson y Nott SL","alternateName":"Svenska Magasinet","url":"https:\/\/lightweb.dev\/l\/svm-temp\/","logo":{"@type":"ImageObject","inLanguage":"sv-SE","@id":"https:\/\/lightweb.dev\/l\/svm-temp\/#\/schema\/logo\/image\/","url":"https:\/\/lightweb.dev\/l\/svm-temp\/wp-content\/uploads\/2025\/02\/SvM-logo-Xtra-Centrerad-SVART.png","contentUrl":"https:\/\/lightweb.dev\/l\/svm-temp\/wp-content\/uploads\/2025\/02\/SvM-logo-Xtra-Centrerad-SVART.png","width":300,"height":99,"caption":"Melkerson y Nott SL"},"image":{"@id":"https:\/\/lightweb.dev\/l\/svm-temp\/#\/schema\/logo\/image\/"},"sameAs":["https:\/\/www.facebook.com\/svenskamagasinet","https:\/\/x.com\/SvenskaMagasine"]},{"@type":"Person","@id":"https:\/\/lightweb.dev\/l\/svm-temp\/#\/schema\/person\/7a82b8a73d171d32360a564b6d03508e","name":"Ola Josefsson","description":"Bevakar Solkusten och Spanien sedan 1994.","sameAs":["https:\/\/lightweb.dev\/l\/svm-temp"],"url":"https:\/\/lightweb.dev\/l\/svm-temp\/reporter\/ola-josefsson\/"}]}},"_links":{"self":[{"href":"https:\/\/lightweb.dev\/l\/svm-temp\/wp-json\/wp\/v2\/posts\/72895","targetHints":{"allow":["GET"]}}],"collection":[{"href":"https:\/\/lightweb.dev\/l\/svm-temp\/wp-json\/wp\/v2\/posts"}],"about":[{"href":"https:\/\/lightweb.dev\/l\/svm-temp\/wp-json\/wp\/v2\/types\/post"}],"author":[{"embeddable":true,"href":"https:\/\/lightweb.dev\/l\/svm-temp\/wp-json\/wp\/v2\/users\/7"}],"replies":[{"embeddable":true,"href":"https:\/\/lightweb.dev\/l\/svm-temp\/wp-json\/wp\/v2\/comments?post=72895"}],"version-history":[{"count":0,"href":"https:\/\/lightweb.dev\/l\/svm-temp\/wp-json\/wp\/v2\/posts\/72895\/revisions"}],"wp:featuredmedia":[{"embeddable":true,"href":"https:\/\/lightweb.dev\/l\/svm-temp\/wp-json\/wp\/v2\/media\/72896"}],"wp:attachment":[{"href":"https:\/\/lightweb.dev\/l\/svm-temp\/wp-json\/wp\/v2\/media?parent=72895"}],"wp:term":[{"taxonomy":"category","embeddable":true,"href":"https:\/\/lightweb.dev\/l\/svm-temp\/wp-json\/wp\/v2\/categories?post=72895"},{"taxonomy":"post_tag","embeddable":true,"href":"https:\/\/lightweb.dev\/l\/svm-temp\/wp-json\/wp\/v2\/tags?post=72895"}],"curies":[{"name":"wp","href":"https:\/\/api.w.org\/{rel}","templated":true}]}}