{"id":72902,"date":"2024-06-24T09:46:09","date_gmt":"2024-06-24T07:46:09","guid":{"rendered":"https:\/\/lightweb.dev\/l\/svm-temp\/?p=72902"},"modified":"2024-06-24T09:46:09","modified_gmt":"2024-06-24T07:46:09","slug":"cueva-del-tesoro-firar-50-ar","status":"publish","type":"post","link":"https:\/\/lightweb.dev\/l\/svm-temp\/artiklar\/kultur\/cueva-del-tesoro-firar-50-ar\/","title":{"rendered":"Cueva del Tesoro firar 50 \u00e5r"},"content":{"rendered":"<p><strong>Den tidigare undervattensgrottan Cueva del Tesoro i Rinc\u00f3n de la Victoria \u00e4r betydligt \u00e4ldre.<\/strong><\/p>\n<p><strong>F\u00f6r 50 \u00e5r sedan \u00f6ppnade grottan f\u00f6r allm\u00e4nheten och jubileet firades p\u00e5 s\u00f6ndagen.<\/strong><\/p>\n<p>Fram till den 18 juni hade Cueva del Tesoro haft 47.980 bes\u00f6kare vilket \u00e4r en mycket bra siffra som g\u00f6r att rekordsiffran fr\u00e5n ifjol f\u00f6rv\u00e4ntas att passeras i \u00e5r.<\/p>\n<p>Cueva del Tesoro \u00e4r en av f\u00e5 tidigare undervattensgrottor som g\u00e5r att bes\u00f6ka i Europa. Det \u00e4r en l\u00e4cker k\u00e4nsla att bege sig ned i underjorden i grottan som \u00e4r en av de f\u00e5 med marint ursprung som \u00e4r k\u00e4nda i v\u00e4rlden och som \u00e4r \u00f6ppen f\u00f6r allm\u00e4nheten. De andra grottorna finns i Mexiko och Kina.<\/p>\n<h2 class=\"entry-title\">L\u00e4s mer: <a href=\"https:\/\/lightweb.dev\/l\/svm-temp\/artiklar\/kultur\/natur-och-historiskt-arv-gor-rincon-de-la-victoria-till-en-parla\/\">Natur och historiskt arv g\u00f6r Rinc\u00f3n de la Victoria till en p\u00e4rla<\/a><\/h2>\n<p>Den \u00e4r 2.500 meter l\u00e5ng d\u00e4r bes\u00f6kare har m\u00f6jlighet att se 600 meter. Den f\u00f6ddes ur havet och kallas d\u00e4rf\u00f6r \u201dhavets dotter\u201d.<\/p>\n<p><img loading=\"lazy\" decoding=\"async\" class=\"size-medium wp-image-72904 alignright\" src=\"https:\/\/lightweb.dev\/l\/svm-temp\/wp-content\/uploads\/2024\/06\/GQxGxlMXkAA_BIY-stor-300x200.jpeg\" alt=\"\" width=\"300\" height=\"200\" srcset=\"https:\/\/lightweb.dev\/l\/svm-temp\/wp-content\/uploads\/2024\/06\/GQxGxlMXkAA_BIY-stor-300x200.jpeg 300w, https:\/\/lightweb.dev\/l\/svm-temp\/wp-content\/uploads\/2024\/06\/GQxGxlMXkAA_BIY-stor-900x600.jpeg 900w, https:\/\/lightweb.dev\/l\/svm-temp\/wp-content\/uploads\/2024\/06\/GQxGxlMXkAA_BIY-stor-768x512.jpeg 768w, https:\/\/lightweb.dev\/l\/svm-temp\/wp-content\/uploads\/2024\/06\/GQxGxlMXkAA_BIY-stor-610x407.jpeg 610w, https:\/\/lightweb.dev\/l\/svm-temp\/wp-content\/uploads\/2024\/06\/GQxGxlMXkAA_BIY-stor-1080x721.jpeg 1080w, https:\/\/lightweb.dev\/l\/svm-temp\/wp-content\/uploads\/2024\/06\/GQxGxlMXkAA_BIY-stor-600x400.jpeg 600w, https:\/\/lightweb.dev\/l\/svm-temp\/wp-content\/uploads\/2024\/06\/GQxGxlMXkAA_BIY-stor.jpeg 1280w\" sizes=\"(max-width: 300px) 100vw, 300px\" \/><\/p>\n<p>En n\u00f6jd borgm\u00e4stare i Rinc\u00f3n de la Victoria, Francisco Salado, kan konstatera:<\/p>\n<p>&#8211; F\u00f6r ett par decennier sedan verkade det om\u00f6jligt f\u00f6r Cueva del Tesoro att n\u00e5 de nuvarande bes\u00f6kssiffrorna. Ifjol sattes ett nytt rekord med 94 030 bes\u00f6kare. En siffra som vi \u00e4r p\u00e5 v\u00e4g att \u00f6vertr\u00e4ffa 2024. Fram till den 18 juni hade 47 980 bes\u00f6kt grottan.<\/p>\n<p>Francisco Salado tillsammans med kommunalr\u00e5det inom turism, Antonio Jos\u00e9 Mart\u00edn, delade under s\u00f6ndagen ut ett pris till stiftelsen Fundaci\u00f3n Cueva de Nerja och forskarna Pedro Cantalejo och Manuel Laza Palacio f\u00f6r deras insatser med att kartl\u00e4gga grottans historia.<\/p>\n<p>Senaste \u00e5ren har tillg\u00e4ngligheten till grottan f\u00f6rb\u00e4ttrats liksom belysning.<\/p>\n<p>Under hela 2024 uppm\u00e4rksammas 50-\u00e5rsjubileet med ljus och ljusshower i grottan.<\/p>\n","protected":false},"excerpt":{"rendered":"<p>Den tidigare undervattensgrottan Cueva del Tesoro i Rinc\u00f3n de la Victoria \u00e4r betydligt \u00e4ldre. F\u00f6r 50 \u00e5r sedan \u00f6ppnade grottan f\u00f6r allm\u00e4nheten och jubileet firades p\u00e5 s\u00f6ndagen&#8230;<\/p>\n","protected":false},"author":7,"featured_media":72903,"comment_status":"closed","ping_status":"closed","sticky":false,"template":"","format":"standard","meta":{"_et_pb_use_builder":"","_et_pb_old_content":"","_et_gb_content_width":"","footnotes":""},"categories":[4,45],"tags":[],"class_list":["post-72902","post","type-post","status-publish","format-standard","has-post-thumbnail","hentry","category-artiklar","category-kultur"],"yoast_head":"<!-- This site is optimized with the Yoast SEO Premium plugin v26.2 (Yoast SEO v28.2) - https:\/\/yoast.com\/product\/yoast-seo-premium-wordpress\/ -->\n<title>Cueva del Tesoro firar 50 \u00e5r - Svenska Magasinet<\/title>\n<meta name=\"description\" content=\"Den tidigare undervattensgrottan Cueva del Tesoro i Rinc\u00f3n de la Victoria \u00e4r betydligt \u00e4ldre. F\u00f6r 50 \u00e5r sedan \u00f6ppnade grottan f\u00f6r allm\u00e4nheten och jubileet firades p\u00e5 s\u00f6ndagen.\" \/>\n<meta name=\"robots\" content=\"noindex, follow, max-snippet:-1, max-image-preview:large, max-video-preview:-1\" \/>\n<meta property=\"og:locale\" content=\"sv_SE\" \/>\n<meta property=\"og:type\" content=\"article\" \/>\n<meta property=\"og:title\" content=\"Cueva del Tesoro firar 50 \u00e5r\" \/>\n<meta property=\"og:description\" content=\"Den tidigare undervattensgrottan Cueva del Tesoro i Rinc\u00f3n de la Victoria \u00e4r betydligt \u00e4ldre. F\u00f6r 50 \u00e5r sedan \u00f6ppnade grottan f\u00f6r allm\u00e4nheten och jubileet firades p\u00e5 s\u00f6ndagen.\" \/>\n<meta property=\"og:url\" content=\"https:\/\/lightweb.dev\/l\/svm-temp\/artiklar\/kultur\/cueva-del-tesoro-firar-50-ar\/\" \/>\n<meta property=\"og:site_name\" content=\"Svenska Magasinet\" \/>\n<meta property=\"article:publisher\" content=\"https:\/\/www.facebook.com\/svenskamagasinet\" \/>\n<meta property=\"article:published_time\" content=\"2024-06-24T07:46:09+00:00\" \/>\n<meta property=\"og:image\" content=\"https:\/\/lightweb.dev\/l\/svm-temp\/wp-content\/uploads\/2024\/06\/GQxGxlHWcAAMBxv-stor.jpeg\" \/>\n\t<meta property=\"og:image:width\" content=\"1280\" \/>\n\t<meta property=\"og:image:height\" content=\"853\" \/>\n\t<meta property=\"og:image:type\" content=\"image\/jpeg\" \/>\n<meta name=\"author\" content=\"Ola Josefsson\" \/>\n<meta name=\"twitter:card\" content=\"summary_large_image\" \/>\n<meta name=\"twitter:creator\" content=\"@SvenskaMagasine\" \/>\n<meta name=\"twitter:site\" content=\"@SvenskaMagasine\" \/>\n<script type=\"application\/ld+json\" class=\"yoast-schema-graph\">{\"@context\":\"https:\\\/\\\/schema.org\",\"@graph\":[{\"@type\":\"Article\",\"@id\":\"https:\\\/\\\/lightweb.dev\\\/l\\\/svm-temp\\\/artiklar\\\/kultur\\\/cueva-del-tesoro-firar-50-ar\\\/#article\",\"isPartOf\":{\"@id\":\"https:\\\/\\\/lightweb.dev\\\/l\\\/svm-temp\\\/artiklar\\\/kultur\\\/cueva-del-tesoro-firar-50-ar\\\/\"},\"author\":{\"name\":\"Ola Josefsson\",\"@id\":\"https:\\\/\\\/lightweb.dev\\\/l\\\/svm-temp\\\/#\\\/schema\\\/person\\\/7a82b8a73d171d32360a564b6d03508e\"},\"headline\":\"Cueva del Tesoro firar 50 \u00e5r\",\"datePublished\":\"2024-06-24T07:46:09+00:00\",\"mainEntityOfPage\":{\"@id\":\"https:\\\/\\\/lightweb.dev\\\/l\\\/svm-temp\\\/artiklar\\\/kultur\\\/cueva-del-tesoro-firar-50-ar\\\/\"},\"wordCount\":309,\"publisher\":{\"@id\":\"https:\\\/\\\/lightweb.dev\\\/l\\\/svm-temp\\\/#organization\"},\"image\":{\"@id\":\"https:\\\/\\\/lightweb.dev\\\/l\\\/svm-temp\\\/artiklar\\\/kultur\\\/cueva-del-tesoro-firar-50-ar\\\/#primaryimage\"},\"thumbnailUrl\":\"https:\\\/\\\/lightweb.dev\\\/l\\\/svm-temp\\\/wp-content\\\/uploads\\\/2024\\\/06\\\/GQxGxlHWcAAMBxv-stor.jpeg\",\"articleSection\":[\"Artiklar\",\"Kultur &amp; historia\"],\"inLanguage\":\"sv-SE\"},{\"@type\":\"WebPage\",\"@id\":\"https:\\\/\\\/lightweb.dev\\\/l\\\/svm-temp\\\/artiklar\\\/kultur\\\/cueva-del-tesoro-firar-50-ar\\\/\",\"url\":\"https:\\\/\\\/lightweb.dev\\\/l\\\/svm-temp\\\/artiklar\\\/kultur\\\/cueva-del-tesoro-firar-50-ar\\\/\",\"name\":\"Cueva del Tesoro firar 50 \u00e5r - Svenska Magasinet\",\"isPartOf\":{\"@id\":\"https:\\\/\\\/lightweb.dev\\\/l\\\/svm-temp\\\/#website\"},\"primaryImageOfPage\":{\"@id\":\"https:\\\/\\\/lightweb.dev\\\/l\\\/svm-temp\\\/artiklar\\\/kultur\\\/cueva-del-tesoro-firar-50-ar\\\/#primaryimage\"},\"image\":{\"@id\":\"https:\\\/\\\/lightweb.dev\\\/l\\\/svm-temp\\\/artiklar\\\/kultur\\\/cueva-del-tesoro-firar-50-ar\\\/#primaryimage\"},\"thumbnailUrl\":\"https:\\\/\\\/lightweb.dev\\\/l\\\/svm-temp\\\/wp-content\\\/uploads\\\/2024\\\/06\\\/GQxGxlHWcAAMBxv-stor.jpeg\",\"datePublished\":\"2024-06-24T07:46:09+00:00\",\"description\":\"Den tidigare undervattensgrottan Cueva del Tesoro i Rinc\u00f3n de la Victoria \u00e4r betydligt \u00e4ldre. F\u00f6r 50 \u00e5r sedan \u00f6ppnade grottan f\u00f6r allm\u00e4nheten och jubileet firades p\u00e5 s\u00f6ndagen.\",\"breadcrumb\":{\"@id\":\"https:\\\/\\\/lightweb.dev\\\/l\\\/svm-temp\\\/artiklar\\\/kultur\\\/cueva-del-tesoro-firar-50-ar\\\/#breadcrumb\"},\"inLanguage\":\"sv-SE\",\"potentialAction\":[{\"@type\":\"ReadAction\",\"target\":[\"https:\\\/\\\/lightweb.dev\\\/l\\\/svm-temp\\\/artiklar\\\/kultur\\\/cueva-del-tesoro-firar-50-ar\\\/\"]}]},{\"@type\":\"ImageObject\",\"inLanguage\":\"sv-SE\",\"@id\":\"https:\\\/\\\/lightweb.dev\\\/l\\\/svm-temp\\\/artiklar\\\/kultur\\\/cueva-del-tesoro-firar-50-ar\\\/#primaryimage\",\"url\":\"https:\\\/\\\/lightweb.dev\\\/l\\\/svm-temp\\\/wp-content\\\/uploads\\\/2024\\\/06\\\/GQxGxlHWcAAMBxv-stor.jpeg\",\"contentUrl\":\"https:\\\/\\\/lightweb.dev\\\/l\\\/svm-temp\\\/wp-content\\\/uploads\\\/2024\\\/06\\\/GQxGxlHWcAAMBxv-stor.jpeg\",\"width\":1280,\"height\":853,\"caption\":\"Under 2024 uppm\u00e4rksammas 50-\u00e5rsjubileet med ljus och ljusshower i grottan.\"},{\"@type\":\"BreadcrumbList\",\"@id\":\"https:\\\/\\\/lightweb.dev\\\/l\\\/svm-temp\\\/artiklar\\\/kultur\\\/cueva-del-tesoro-firar-50-ar\\\/#breadcrumb\",\"itemListElement\":[{\"@type\":\"ListItem\",\"position\":1,\"name\":\"Hem\",\"item\":\"https:\\\/\\\/lightweb.dev\\\/l\\\/svm-temp\\\/\"},{\"@type\":\"ListItem\",\"position\":2,\"name\":\"Cueva del Tesoro firar 50 \u00e5r\"}]},{\"@type\":\"WebSite\",\"@id\":\"https:\\\/\\\/lightweb.dev\\\/l\\\/svm-temp\\\/#website\",\"url\":\"https:\\\/\\\/lightweb.dev\\\/l\\\/svm-temp\\\/\",\"name\":\"Svenska Magasinet\",\"description\":\"Dina Spanska nyheter p&aring; Svenska\",\"publisher\":{\"@id\":\"https:\\\/\\\/lightweb.dev\\\/l\\\/svm-temp\\\/#organization\"},\"potentialAction\":[{\"@type\":\"SearchAction\",\"target\":{\"@type\":\"EntryPoint\",\"urlTemplate\":\"https:\\\/\\\/lightweb.dev\\\/l\\\/svm-temp\\\/?s={search_term_string}\"},\"query-input\":{\"@type\":\"PropertyValueSpecification\",\"valueRequired\":true,\"valueName\":\"search_term_string\"}}],\"inLanguage\":\"sv-SE\"},{\"@type\":\"Organization\",\"@id\":\"https:\\\/\\\/lightweb.dev\\\/l\\\/svm-temp\\\/#organization\",\"name\":\"Melkerson y Nott SL\",\"alternateName\":\"Svenska Magasinet\",\"url\":\"https:\\\/\\\/lightweb.dev\\\/l\\\/svm-temp\\\/\",\"logo\":{\"@type\":\"ImageObject\",\"inLanguage\":\"sv-SE\",\"@id\":\"https:\\\/\\\/lightweb.dev\\\/l\\\/svm-temp\\\/#\\\/schema\\\/logo\\\/image\\\/\",\"url\":\"https:\\\/\\\/lightweb.dev\\\/l\\\/svm-temp\\\/wp-content\\\/uploads\\\/2025\\\/02\\\/SvM-logo-Xtra-Centrerad-SVART.png\",\"contentUrl\":\"https:\\\/\\\/lightweb.dev\\\/l\\\/svm-temp\\\/wp-content\\\/uploads\\\/2025\\\/02\\\/SvM-logo-Xtra-Centrerad-SVART.png\",\"width\":300,\"height\":99,\"caption\":\"Melkerson y Nott SL\"},\"image\":{\"@id\":\"https:\\\/\\\/lightweb.dev\\\/l\\\/svm-temp\\\/#\\\/schema\\\/logo\\\/image\\\/\"},\"sameAs\":[\"https:\\\/\\\/www.facebook.com\\\/svenskamagasinet\",\"https:\\\/\\\/x.com\\\/SvenskaMagasine\"]},{\"@type\":\"Person\",\"@id\":\"https:\\\/\\\/lightweb.dev\\\/l\\\/svm-temp\\\/#\\\/schema\\\/person\\\/7a82b8a73d171d32360a564b6d03508e\",\"name\":\"Ola Josefsson\",\"description\":\"Bevakar Solkusten och Spanien sedan 1994.\",\"sameAs\":[\"https:\\\/\\\/lightweb.dev\\\/l\\\/svm-temp\"],\"url\":\"https:\\\/\\\/lightweb.dev\\\/l\\\/svm-temp\\\/reporter\\\/ola-josefsson\\\/\"}]}<\/script>\n<!-- \/ Yoast SEO Premium plugin. -->","yoast_head_json":{"title":"Cueva del Tesoro firar 50 \u00e5r - Svenska Magasinet","description":"Den tidigare undervattensgrottan Cueva del Tesoro i Rinc\u00f3n de la Victoria \u00e4r betydligt \u00e4ldre. F\u00f6r 50 \u00e5r sedan \u00f6ppnade grottan f\u00f6r allm\u00e4nheten och jubileet firades p\u00e5 s\u00f6ndagen.","robots":{"index":"noindex","follow":"follow","max-snippet":"max-snippet:-1","max-image-preview":"max-image-preview:large","max-video-preview":"max-video-preview:-1"},"og_locale":"sv_SE","og_type":"article","og_title":"Cueva del Tesoro firar 50 \u00e5r","og_description":"Den tidigare undervattensgrottan Cueva del Tesoro i Rinc\u00f3n de la Victoria \u00e4r betydligt \u00e4ldre. F\u00f6r 50 \u00e5r sedan \u00f6ppnade grottan f\u00f6r allm\u00e4nheten och jubileet firades p\u00e5 s\u00f6ndagen.","og_url":"https:\/\/lightweb.dev\/l\/svm-temp\/artiklar\/kultur\/cueva-del-tesoro-firar-50-ar\/","og_site_name":"Svenska Magasinet","article_publisher":"https:\/\/www.facebook.com\/svenskamagasinet","article_published_time":"2024-06-24T07:46:09+00:00","og_image":[{"width":1280,"height":853,"url":"https:\/\/lightweb.dev\/l\/svm-temp\/wp-content\/uploads\/2024\/06\/GQxGxlHWcAAMBxv-stor.jpeg","type":"image\/jpeg"}],"author":"Ola Josefsson","twitter_card":"summary_large_image","twitter_creator":"@SvenskaMagasine","twitter_site":"@SvenskaMagasine","schema":{"@context":"https:\/\/schema.org","@graph":[{"@type":"Article","@id":"https:\/\/lightweb.dev\/l\/svm-temp\/artiklar\/kultur\/cueva-del-tesoro-firar-50-ar\/#article","isPartOf":{"@id":"https:\/\/lightweb.dev\/l\/svm-temp\/artiklar\/kultur\/cueva-del-tesoro-firar-50-ar\/"},"author":{"name":"Ola Josefsson","@id":"https:\/\/lightweb.dev\/l\/svm-temp\/#\/schema\/person\/7a82b8a73d171d32360a564b6d03508e"},"headline":"Cueva del Tesoro firar 50 \u00e5r","datePublished":"2024-06-24T07:46:09+00:00","mainEntityOfPage":{"@id":"https:\/\/lightweb.dev\/l\/svm-temp\/artiklar\/kultur\/cueva-del-tesoro-firar-50-ar\/"},"wordCount":309,"publisher":{"@id":"https:\/\/lightweb.dev\/l\/svm-temp\/#organization"},"image":{"@id":"https:\/\/lightweb.dev\/l\/svm-temp\/artiklar\/kultur\/cueva-del-tesoro-firar-50-ar\/#primaryimage"},"thumbnailUrl":"https:\/\/lightweb.dev\/l\/svm-temp\/wp-content\/uploads\/2024\/06\/GQxGxlHWcAAMBxv-stor.jpeg","articleSection":["Artiklar","Kultur &amp; historia"],"inLanguage":"sv-SE"},{"@type":"WebPage","@id":"https:\/\/lightweb.dev\/l\/svm-temp\/artiklar\/kultur\/cueva-del-tesoro-firar-50-ar\/","url":"https:\/\/lightweb.dev\/l\/svm-temp\/artiklar\/kultur\/cueva-del-tesoro-firar-50-ar\/","name":"Cueva del Tesoro firar 50 \u00e5r - Svenska Magasinet","isPartOf":{"@id":"https:\/\/lightweb.dev\/l\/svm-temp\/#website"},"primaryImageOfPage":{"@id":"https:\/\/lightweb.dev\/l\/svm-temp\/artiklar\/kultur\/cueva-del-tesoro-firar-50-ar\/#primaryimage"},"image":{"@id":"https:\/\/lightweb.dev\/l\/svm-temp\/artiklar\/kultur\/cueva-del-tesoro-firar-50-ar\/#primaryimage"},"thumbnailUrl":"https:\/\/lightweb.dev\/l\/svm-temp\/wp-content\/uploads\/2024\/06\/GQxGxlHWcAAMBxv-stor.jpeg","datePublished":"2024-06-24T07:46:09+00:00","description":"Den tidigare undervattensgrottan Cueva del Tesoro i Rinc\u00f3n de la Victoria \u00e4r betydligt \u00e4ldre. F\u00f6r 50 \u00e5r sedan \u00f6ppnade grottan f\u00f6r allm\u00e4nheten och jubileet firades p\u00e5 s\u00f6ndagen.","breadcrumb":{"@id":"https:\/\/lightweb.dev\/l\/svm-temp\/artiklar\/kultur\/cueva-del-tesoro-firar-50-ar\/#breadcrumb"},"inLanguage":"sv-SE","potentialAction":[{"@type":"ReadAction","target":["https:\/\/lightweb.dev\/l\/svm-temp\/artiklar\/kultur\/cueva-del-tesoro-firar-50-ar\/"]}]},{"@type":"ImageObject","inLanguage":"sv-SE","@id":"https:\/\/lightweb.dev\/l\/svm-temp\/artiklar\/kultur\/cueva-del-tesoro-firar-50-ar\/#primaryimage","url":"https:\/\/lightweb.dev\/l\/svm-temp\/wp-content\/uploads\/2024\/06\/GQxGxlHWcAAMBxv-stor.jpeg","contentUrl":"https:\/\/lightweb.dev\/l\/svm-temp\/wp-content\/uploads\/2024\/06\/GQxGxlHWcAAMBxv-stor.jpeg","width":1280,"height":853,"caption":"Under 2024 uppm\u00e4rksammas 50-\u00e5rsjubileet med ljus och ljusshower i grottan."},{"@type":"BreadcrumbList","@id":"https:\/\/lightweb.dev\/l\/svm-temp\/artiklar\/kultur\/cueva-del-tesoro-firar-50-ar\/#breadcrumb","itemListElement":[{"@type":"ListItem","position":1,"name":"Hem","item":"https:\/\/lightweb.dev\/l\/svm-temp\/"},{"@type":"ListItem","position":2,"name":"Cueva del Tesoro firar 50 \u00e5r"}]},{"@type":"WebSite","@id":"https:\/\/lightweb.dev\/l\/svm-temp\/#website","url":"https:\/\/lightweb.dev\/l\/svm-temp\/","name":"Svenska Magasinet","description":"Dina Spanska nyheter p&aring; Svenska","publisher":{"@id":"https:\/\/lightweb.dev\/l\/svm-temp\/#organization"},"potentialAction":[{"@type":"SearchAction","target":{"@type":"EntryPoint","urlTemplate":"https:\/\/lightweb.dev\/l\/svm-temp\/?s={search_term_string}"},"query-input":{"@type":"PropertyValueSpecification","valueRequired":true,"valueName":"search_term_string"}}],"inLanguage":"sv-SE"},{"@type":"Organization","@id":"https:\/\/lightweb.dev\/l\/svm-temp\/#organization","name":"Melkerson y Nott SL","alternateName":"Svenska Magasinet","url":"https:\/\/lightweb.dev\/l\/svm-temp\/","logo":{"@type":"ImageObject","inLanguage":"sv-SE","@id":"https:\/\/lightweb.dev\/l\/svm-temp\/#\/schema\/logo\/image\/","url":"https:\/\/lightweb.dev\/l\/svm-temp\/wp-content\/uploads\/2025\/02\/SvM-logo-Xtra-Centrerad-SVART.png","contentUrl":"https:\/\/lightweb.dev\/l\/svm-temp\/wp-content\/uploads\/2025\/02\/SvM-logo-Xtra-Centrerad-SVART.png","width":300,"height":99,"caption":"Melkerson y Nott SL"},"image":{"@id":"https:\/\/lightweb.dev\/l\/svm-temp\/#\/schema\/logo\/image\/"},"sameAs":["https:\/\/www.facebook.com\/svenskamagasinet","https:\/\/x.com\/SvenskaMagasine"]},{"@type":"Person","@id":"https:\/\/lightweb.dev\/l\/svm-temp\/#\/schema\/person\/7a82b8a73d171d32360a564b6d03508e","name":"Ola Josefsson","description":"Bevakar Solkusten och Spanien sedan 1994.","sameAs":["https:\/\/lightweb.dev\/l\/svm-temp"],"url":"https:\/\/lightweb.dev\/l\/svm-temp\/reporter\/ola-josefsson\/"}]}},"_links":{"self":[{"href":"https:\/\/lightweb.dev\/l\/svm-temp\/wp-json\/wp\/v2\/posts\/72902","targetHints":{"allow":["GET"]}}],"collection":[{"href":"https:\/\/lightweb.dev\/l\/svm-temp\/wp-json\/wp\/v2\/posts"}],"about":[{"href":"https:\/\/lightweb.dev\/l\/svm-temp\/wp-json\/wp\/v2\/types\/post"}],"author":[{"embeddable":true,"href":"https:\/\/lightweb.dev\/l\/svm-temp\/wp-json\/wp\/v2\/users\/7"}],"replies":[{"embeddable":true,"href":"https:\/\/lightweb.dev\/l\/svm-temp\/wp-json\/wp\/v2\/comments?post=72902"}],"version-history":[{"count":0,"href":"https:\/\/lightweb.dev\/l\/svm-temp\/wp-json\/wp\/v2\/posts\/72902\/revisions"}],"wp:featuredmedia":[{"embeddable":true,"href":"https:\/\/lightweb.dev\/l\/svm-temp\/wp-json\/wp\/v2\/media\/72903"}],"wp:attachment":[{"href":"https:\/\/lightweb.dev\/l\/svm-temp\/wp-json\/wp\/v2\/media?parent=72902"}],"wp:term":[{"taxonomy":"category","embeddable":true,"href":"https:\/\/lightweb.dev\/l\/svm-temp\/wp-json\/wp\/v2\/categories?post=72902"},{"taxonomy":"post_tag","embeddable":true,"href":"https:\/\/lightweb.dev\/l\/svm-temp\/wp-json\/wp\/v2\/tags?post=72902"}],"curies":[{"name":"wp","href":"https:\/\/api.w.org\/{rel}","templated":true}]}}