{"id":72908,"date":"2024-06-24T15:26:53","date_gmt":"2024-06-24T13:26:53","guid":{"rendered":"https:\/\/lightweb.dev\/l\/svm-temp\/?p=72908"},"modified":"2024-06-24T15:26:53","modified_gmt":"2024-06-24T13:26:53","slug":"antalet-renhallningsarbetare-tredubblas-for-att-stada-strander","status":"publish","type":"post","link":"https:\/\/lightweb.dev\/l\/svm-temp\/nyheter\/antalet-renhallningsarbetare-tredubblas-for-att-stada-strander\/","title":{"rendered":"Antalet renh\u00e5llningsarbetare tredubblas f\u00f6r att st\u00e4da str\u00e4nder"},"content":{"rendered":"<p><strong>Nattens San Juan-firande innebar tonvis med skr\u00e4p p\u00e5 str\u00e4nderna. Enbart i M\u00e1laga tredubblas antalet renh\u00e5llningsarbetare f\u00f6r att str\u00e4nderna ska vara \u00e5terst\u00e4llda till klockan 10.<\/strong><\/p>\n<blockquote class=\"twitter-tweet\" data-media-max-width=\"560\">\n<p dir=\"ltr\" lang=\"es\">V\u00eddeo del dispositivo especial de limpieza de <a href=\"https:\/\/twitter.com\/LimasamOficial?ref_src=twsrc%5Etfw\">@LimasamOficial<\/a> en las playas de la ciudad tras la noche de San Juan. Los trabajos se han desarrollado entre las 6:00 h y las 10:00 h. <a href=\"https:\/\/t.co\/82E90KayUD\">pic.twitter.com\/82E90KayUD<\/a><\/p>\n<p>\u2014 Ayuntamiento de M\u00e1laga (@malaga) <a href=\"https:\/\/twitter.com\/malaga\/status\/1805213229578072376?ref_src=twsrc%5Etfw\">June 24, 2024<\/a><\/p><\/blockquote>\n<p><script async src=\"https:\/\/platform.twitter.com\/widgets.js\" charset=\"utf-8\"><\/script><\/p>\n<p>Enbart i M\u00e1laga arbetade 227 renh\u00e5llningsarbetare vid det offentliga bolaget Limasam fr\u00e5n klockan 05.30 med att samla ihop skr\u00e4p som folk l\u00e4mnat efter sig i samband med San Juan.<\/p>\n<p>Ifjol samlades 34\u00a0740 kilo avfall in fr\u00e5n str\u00e4nderna efter San Juan i M\u00e1laga.<\/p>\n<div id=\"attachment_72910\" style=\"width: 310px\" class=\"wp-caption alignright\"><img loading=\"lazy\" decoding=\"async\" aria-describedby=\"caption-attachment-72910\" class=\"size-medium wp-image-72910\" src=\"https:\/\/lightweb.dev\/l\/svm-temp\/wp-content\/uploads\/2024\/06\/GQ0GimSWMAE-tJo-stor-300x225.jpeg\" alt=\"\" width=\"300\" height=\"225\" srcset=\"https:\/\/lightweb.dev\/l\/svm-temp\/wp-content\/uploads\/2024\/06\/GQ0GimSWMAE-tJo-stor-300x225.jpeg 300w, https:\/\/lightweb.dev\/l\/svm-temp\/wp-content\/uploads\/2024\/06\/GQ0GimSWMAE-tJo-stor-900x675.jpeg 900w, https:\/\/lightweb.dev\/l\/svm-temp\/wp-content\/uploads\/2024\/06\/GQ0GimSWMAE-tJo-stor-768x576.jpeg 768w, https:\/\/lightweb.dev\/l\/svm-temp\/wp-content\/uploads\/2024\/06\/GQ0GimSWMAE-tJo-stor-610x458.jpeg 610w, https:\/\/lightweb.dev\/l\/svm-temp\/wp-content\/uploads\/2024\/06\/GQ0GimSWMAE-tJo-stor-1080x810.jpeg 1080w, https:\/\/lightweb.dev\/l\/svm-temp\/wp-content\/uploads\/2024\/06\/GQ0GimSWMAE-tJo-stor-600x450.jpeg 600w, https:\/\/lightweb.dev\/l\/svm-temp\/wp-content\/uploads\/2024\/06\/GQ0GimSWMAE-tJo-stor.jpeg 1280w\" sizes=\"(max-width: 300px) 100vw, 300px\" \/><p id=\"caption-attachment-72910\" class=\"wp-caption-text\">(Foto: X@AndaLimpia)<\/p><\/div>\n<h2>St\u00f6kigt firande<\/h2>\n<p>Nattens San Juan-firande rapporteras vara st\u00f6kigt p\u00e5 flera h\u00e5ll. I Katalonien rapporteras det om tre v\u00e5ldsamma d\u00f6dsfall som den regionala polisk\u00e5ren Los Mossos unders\u00f6ker.<\/p>\n<p>En man, 48 \u00e5r, och en kvinna, 44, sk\u00f6ts till d\u00f6ds i samband med San Juan-firande i Gerona. I Barcelona avled en 26-\u00e5rig efter att ha blivit knivskuren i halsen. En fj\u00e4rde person omkom i samband med en drunkningsolycka.<\/p>\n<p>Den katalanska polisen grep 55 personer, 18 f\u00f6r r\u00e5n eller st\u00f6lder, elva f\u00f6r k\u00f6nsrelaterat v\u00e5ld och tre f\u00f6r misshandel.<\/p>\n","protected":false},"excerpt":{"rendered":"<p>Nattens San Juan-firande innebar tonvis med skr\u00e4p p\u00e5 str\u00e4nderna. Enbart i M\u00e1laga tredubblas antalet renh\u00e5llningsarbetare f\u00f6r att str\u00e4nderna ska vara \u00e5terst\u00e4llda till klockan 10&#8230;<\/p>\n","protected":false},"author":7,"featured_media":72909,"comment_status":"closed","ping_status":"closed","sticky":false,"template":"","format":"standard","meta":{"_et_pb_use_builder":"","_et_pb_old_content":"","_et_gb_content_width":"","footnotes":""},"categories":[395,3],"tags":[],"class_list":["post-72908","post","type-post","status-publish","format-standard","has-post-thumbnail","hentry","category-arkiv-nyheter","category-nyheter"],"yoast_head":"<!-- This site is optimized with the Yoast SEO Premium plugin v26.2 (Yoast SEO v27.5) - https:\/\/yoast.com\/product\/yoast-seo-premium-wordpress\/ -->\n<title>Antalet renh\u00e5llningsarbetare tredubblas f\u00f6r att st\u00e4da str\u00e4nder - Svenska Magasinet<\/title>\n<meta name=\"description\" content=\"Nattens San Juan-firande innebar tonvis med skr\u00e4p p\u00e5 str\u00e4nderna. Enbart i M\u00e1laga tredubblas antalet renh\u00e5llningsarbetare f\u00f6r att str\u00e4nderna ska vara \u00e5terst\u00e4llda till klockan 10.\" \/>\n<meta name=\"robots\" content=\"noindex, follow, max-snippet:-1, max-image-preview:large, max-video-preview:-1\" \/>\n<meta property=\"og:locale\" content=\"sv_SE\" \/>\n<meta property=\"og:type\" content=\"article\" \/>\n<meta property=\"og:title\" content=\"Antalet renh\u00e5llningsarbetare tredubblas f\u00f6r att st\u00e4da str\u00e4nder\" \/>\n<meta property=\"og:description\" content=\"Nattens San Juan-firande innebar tonvis med skr\u00e4p p\u00e5 str\u00e4nderna. Enbart i M\u00e1laga tredubblas antalet renh\u00e5llningsarbetare f\u00f6r att str\u00e4nderna ska vara \u00e5terst\u00e4llda till klockan 10.\" \/>\n<meta property=\"og:url\" content=\"https:\/\/lightweb.dev\/l\/svm-temp\/nyheter\/antalet-renhallningsarbetare-tredubblas-for-att-stada-strander\/\" \/>\n<meta property=\"og:site_name\" content=\"Svenska Magasinet\" \/>\n<meta property=\"article:publisher\" content=\"https:\/\/www.facebook.com\/svenskamagasinet\" \/>\n<meta property=\"article:published_time\" content=\"2024-06-24T13:26:53+00:00\" \/>\n<meta property=\"og:image\" content=\"https:\/\/lightweb.dev\/l\/svm-temp\/wp-content\/uploads\/2024\/06\/Skarmavbild-2024-06-24-kl.-15.13.24-stor.jpeg\" \/>\n\t<meta property=\"og:image:width\" content=\"1280\" \/>\n\t<meta property=\"og:image:height\" content=\"684\" \/>\n\t<meta property=\"og:image:type\" content=\"image\/jpeg\" \/>\n<meta name=\"author\" content=\"Ola Josefsson\" \/>\n<meta name=\"twitter:card\" content=\"summary_large_image\" \/>\n<meta name=\"twitter:creator\" content=\"@SvenskaMagasine\" \/>\n<meta name=\"twitter:site\" content=\"@SvenskaMagasine\" \/>\n<script type=\"application\/ld+json\" class=\"yoast-schema-graph\">{\"@context\":\"https:\\\/\\\/schema.org\",\"@graph\":[{\"@type\":\"Article\",\"@id\":\"https:\\\/\\\/lightweb.dev\\\/l\\\/svm-temp\\\/nyheter\\\/antalet-renhallningsarbetare-tredubblas-for-att-stada-strander\\\/#article\",\"isPartOf\":{\"@id\":\"https:\\\/\\\/lightweb.dev\\\/l\\\/svm-temp\\\/nyheter\\\/antalet-renhallningsarbetare-tredubblas-for-att-stada-strander\\\/\"},\"author\":{\"name\":\"Ola Josefsson\",\"@id\":\"https:\\\/\\\/lightweb.dev\\\/l\\\/svm-temp\\\/#\\\/schema\\\/person\\\/7a82b8a73d171d32360a564b6d03508e\"},\"headline\":\"Antalet renh\u00e5llningsarbetare tredubblas f\u00f6r att st\u00e4da str\u00e4nder\",\"datePublished\":\"2024-06-24T13:26:53+00:00\",\"mainEntityOfPage\":{\"@id\":\"https:\\\/\\\/lightweb.dev\\\/l\\\/svm-temp\\\/nyheter\\\/antalet-renhallningsarbetare-tredubblas-for-att-stada-strander\\\/\"},\"wordCount\":239,\"publisher\":{\"@id\":\"https:\\\/\\\/lightweb.dev\\\/l\\\/svm-temp\\\/#organization\"},\"image\":{\"@id\":\"https:\\\/\\\/lightweb.dev\\\/l\\\/svm-temp\\\/nyheter\\\/antalet-renhallningsarbetare-tredubblas-for-att-stada-strander\\\/#primaryimage\"},\"thumbnailUrl\":\"https:\\\/\\\/lightweb.dev\\\/l\\\/svm-temp\\\/wp-content\\\/uploads\\\/2024\\\/06\\\/Skarmavbild-2024-06-24-kl.-15.13.24-stor.jpeg\",\"articleSection\":[\"Arkiv\",\"Nyheter\"],\"inLanguage\":\"sv-SE\"},{\"@type\":\"WebPage\",\"@id\":\"https:\\\/\\\/lightweb.dev\\\/l\\\/svm-temp\\\/nyheter\\\/antalet-renhallningsarbetare-tredubblas-for-att-stada-strander\\\/\",\"url\":\"https:\\\/\\\/lightweb.dev\\\/l\\\/svm-temp\\\/nyheter\\\/antalet-renhallningsarbetare-tredubblas-for-att-stada-strander\\\/\",\"name\":\"Antalet renh\u00e5llningsarbetare tredubblas f\u00f6r att st\u00e4da str\u00e4nder - Svenska Magasinet\",\"isPartOf\":{\"@id\":\"https:\\\/\\\/lightweb.dev\\\/l\\\/svm-temp\\\/#website\"},\"primaryImageOfPage\":{\"@id\":\"https:\\\/\\\/lightweb.dev\\\/l\\\/svm-temp\\\/nyheter\\\/antalet-renhallningsarbetare-tredubblas-for-att-stada-strander\\\/#primaryimage\"},\"image\":{\"@id\":\"https:\\\/\\\/lightweb.dev\\\/l\\\/svm-temp\\\/nyheter\\\/antalet-renhallningsarbetare-tredubblas-for-att-stada-strander\\\/#primaryimage\"},\"thumbnailUrl\":\"https:\\\/\\\/lightweb.dev\\\/l\\\/svm-temp\\\/wp-content\\\/uploads\\\/2024\\\/06\\\/Skarmavbild-2024-06-24-kl.-15.13.24-stor.jpeg\",\"datePublished\":\"2024-06-24T13:26:53+00:00\",\"description\":\"Nattens San Juan-firande innebar tonvis med skr\u00e4p p\u00e5 str\u00e4nderna. Enbart i M\u00e1laga tredubblas antalet renh\u00e5llningsarbetare f\u00f6r att str\u00e4nderna ska vara \u00e5terst\u00e4llda till klockan 10.\",\"breadcrumb\":{\"@id\":\"https:\\\/\\\/lightweb.dev\\\/l\\\/svm-temp\\\/nyheter\\\/antalet-renhallningsarbetare-tredubblas-for-att-stada-strander\\\/#breadcrumb\"},\"inLanguage\":\"sv-SE\",\"potentialAction\":[{\"@type\":\"ReadAction\",\"target\":[\"https:\\\/\\\/lightweb.dev\\\/l\\\/svm-temp\\\/nyheter\\\/antalet-renhallningsarbetare-tredubblas-for-att-stada-strander\\\/\"]}]},{\"@type\":\"ImageObject\",\"inLanguage\":\"sv-SE\",\"@id\":\"https:\\\/\\\/lightweb.dev\\\/l\\\/svm-temp\\\/nyheter\\\/antalet-renhallningsarbetare-tredubblas-for-att-stada-strander\\\/#primaryimage\",\"url\":\"https:\\\/\\\/lightweb.dev\\\/l\\\/svm-temp\\\/wp-content\\\/uploads\\\/2024\\\/06\\\/Skarmavbild-2024-06-24-kl.-15.13.24-stor.jpeg\",\"contentUrl\":\"https:\\\/\\\/lightweb.dev\\\/l\\\/svm-temp\\\/wp-content\\\/uploads\\\/2024\\\/06\\\/Skarmavbild-2024-06-24-kl.-15.13.24-stor.jpeg\",\"width\":1280,\"height\":684,\"caption\":\"En kvinna tar en selfie bland avfallet. (Foto: M\u00e1laga kommun)\"},{\"@type\":\"BreadcrumbList\",\"@id\":\"https:\\\/\\\/lightweb.dev\\\/l\\\/svm-temp\\\/nyheter\\\/antalet-renhallningsarbetare-tredubblas-for-att-stada-strander\\\/#breadcrumb\",\"itemListElement\":[{\"@type\":\"ListItem\",\"position\":1,\"name\":\"Hem\",\"item\":\"https:\\\/\\\/lightweb.dev\\\/l\\\/svm-temp\\\/\"},{\"@type\":\"ListItem\",\"position\":2,\"name\":\"Antalet renh\u00e5llningsarbetare tredubblas f\u00f6r att st\u00e4da str\u00e4nder\"}]},{\"@type\":\"WebSite\",\"@id\":\"https:\\\/\\\/lightweb.dev\\\/l\\\/svm-temp\\\/#website\",\"url\":\"https:\\\/\\\/lightweb.dev\\\/l\\\/svm-temp\\\/\",\"name\":\"Svenska Magasinet\",\"description\":\"Dina Spanska nyheter p&aring; Svenska\",\"publisher\":{\"@id\":\"https:\\\/\\\/lightweb.dev\\\/l\\\/svm-temp\\\/#organization\"},\"potentialAction\":[{\"@type\":\"SearchAction\",\"target\":{\"@type\":\"EntryPoint\",\"urlTemplate\":\"https:\\\/\\\/lightweb.dev\\\/l\\\/svm-temp\\\/?s={search_term_string}\"},\"query-input\":{\"@type\":\"PropertyValueSpecification\",\"valueRequired\":true,\"valueName\":\"search_term_string\"}}],\"inLanguage\":\"sv-SE\"},{\"@type\":\"Organization\",\"@id\":\"https:\\\/\\\/lightweb.dev\\\/l\\\/svm-temp\\\/#organization\",\"name\":\"Melkerson y Nott SL\",\"alternateName\":\"Svenska Magasinet\",\"url\":\"https:\\\/\\\/lightweb.dev\\\/l\\\/svm-temp\\\/\",\"logo\":{\"@type\":\"ImageObject\",\"inLanguage\":\"sv-SE\",\"@id\":\"https:\\\/\\\/lightweb.dev\\\/l\\\/svm-temp\\\/#\\\/schema\\\/logo\\\/image\\\/\",\"url\":\"https:\\\/\\\/lightweb.dev\\\/l\\\/svm-temp\\\/wp-content\\\/uploads\\\/2025\\\/02\\\/SvM-logo-Xtra-Centrerad-SVART.png\",\"contentUrl\":\"https:\\\/\\\/lightweb.dev\\\/l\\\/svm-temp\\\/wp-content\\\/uploads\\\/2025\\\/02\\\/SvM-logo-Xtra-Centrerad-SVART.png\",\"width\":300,\"height\":99,\"caption\":\"Melkerson y Nott SL\"},\"image\":{\"@id\":\"https:\\\/\\\/lightweb.dev\\\/l\\\/svm-temp\\\/#\\\/schema\\\/logo\\\/image\\\/\"},\"sameAs\":[\"https:\\\/\\\/www.facebook.com\\\/svenskamagasinet\",\"https:\\\/\\\/x.com\\\/SvenskaMagasine\"]},{\"@type\":\"Person\",\"@id\":\"https:\\\/\\\/lightweb.dev\\\/l\\\/svm-temp\\\/#\\\/schema\\\/person\\\/7a82b8a73d171d32360a564b6d03508e\",\"name\":\"Ola Josefsson\",\"description\":\"Bevakar Solkusten och Spanien sedan 1994.\",\"sameAs\":[\"https:\\\/\\\/lightweb.dev\\\/l\\\/svm-temp\"],\"url\":\"https:\\\/\\\/lightweb.dev\\\/l\\\/svm-temp\\\/reporter\\\/ola-josefsson\\\/\"}]}<\/script>\n<!-- \/ Yoast SEO Premium plugin. -->","yoast_head_json":{"title":"Antalet renh\u00e5llningsarbetare tredubblas f\u00f6r att st\u00e4da str\u00e4nder - Svenska Magasinet","description":"Nattens San Juan-firande innebar tonvis med skr\u00e4p p\u00e5 str\u00e4nderna. Enbart i M\u00e1laga tredubblas antalet renh\u00e5llningsarbetare f\u00f6r att str\u00e4nderna ska vara \u00e5terst\u00e4llda till klockan 10.","robots":{"index":"noindex","follow":"follow","max-snippet":"max-snippet:-1","max-image-preview":"max-image-preview:large","max-video-preview":"max-video-preview:-1"},"og_locale":"sv_SE","og_type":"article","og_title":"Antalet renh\u00e5llningsarbetare tredubblas f\u00f6r att st\u00e4da str\u00e4nder","og_description":"Nattens San Juan-firande innebar tonvis med skr\u00e4p p\u00e5 str\u00e4nderna. Enbart i M\u00e1laga tredubblas antalet renh\u00e5llningsarbetare f\u00f6r att str\u00e4nderna ska vara \u00e5terst\u00e4llda till klockan 10.","og_url":"https:\/\/lightweb.dev\/l\/svm-temp\/nyheter\/antalet-renhallningsarbetare-tredubblas-for-att-stada-strander\/","og_site_name":"Svenska Magasinet","article_publisher":"https:\/\/www.facebook.com\/svenskamagasinet","article_published_time":"2024-06-24T13:26:53+00:00","og_image":[{"width":1280,"height":684,"url":"https:\/\/lightweb.dev\/l\/svm-temp\/wp-content\/uploads\/2024\/06\/Skarmavbild-2024-06-24-kl.-15.13.24-stor.jpeg","type":"image\/jpeg"}],"author":"Ola Josefsson","twitter_card":"summary_large_image","twitter_creator":"@SvenskaMagasine","twitter_site":"@SvenskaMagasine","schema":{"@context":"https:\/\/schema.org","@graph":[{"@type":"Article","@id":"https:\/\/lightweb.dev\/l\/svm-temp\/nyheter\/antalet-renhallningsarbetare-tredubblas-for-att-stada-strander\/#article","isPartOf":{"@id":"https:\/\/lightweb.dev\/l\/svm-temp\/nyheter\/antalet-renhallningsarbetare-tredubblas-for-att-stada-strander\/"},"author":{"name":"Ola Josefsson","@id":"https:\/\/lightweb.dev\/l\/svm-temp\/#\/schema\/person\/7a82b8a73d171d32360a564b6d03508e"},"headline":"Antalet renh\u00e5llningsarbetare tredubblas f\u00f6r att st\u00e4da str\u00e4nder","datePublished":"2024-06-24T13:26:53+00:00","mainEntityOfPage":{"@id":"https:\/\/lightweb.dev\/l\/svm-temp\/nyheter\/antalet-renhallningsarbetare-tredubblas-for-att-stada-strander\/"},"wordCount":239,"publisher":{"@id":"https:\/\/lightweb.dev\/l\/svm-temp\/#organization"},"image":{"@id":"https:\/\/lightweb.dev\/l\/svm-temp\/nyheter\/antalet-renhallningsarbetare-tredubblas-for-att-stada-strander\/#primaryimage"},"thumbnailUrl":"https:\/\/lightweb.dev\/l\/svm-temp\/wp-content\/uploads\/2024\/06\/Skarmavbild-2024-06-24-kl.-15.13.24-stor.jpeg","articleSection":["Arkiv","Nyheter"],"inLanguage":"sv-SE"},{"@type":"WebPage","@id":"https:\/\/lightweb.dev\/l\/svm-temp\/nyheter\/antalet-renhallningsarbetare-tredubblas-for-att-stada-strander\/","url":"https:\/\/lightweb.dev\/l\/svm-temp\/nyheter\/antalet-renhallningsarbetare-tredubblas-for-att-stada-strander\/","name":"Antalet renh\u00e5llningsarbetare tredubblas f\u00f6r att st\u00e4da str\u00e4nder - Svenska Magasinet","isPartOf":{"@id":"https:\/\/lightweb.dev\/l\/svm-temp\/#website"},"primaryImageOfPage":{"@id":"https:\/\/lightweb.dev\/l\/svm-temp\/nyheter\/antalet-renhallningsarbetare-tredubblas-for-att-stada-strander\/#primaryimage"},"image":{"@id":"https:\/\/lightweb.dev\/l\/svm-temp\/nyheter\/antalet-renhallningsarbetare-tredubblas-for-att-stada-strander\/#primaryimage"},"thumbnailUrl":"https:\/\/lightweb.dev\/l\/svm-temp\/wp-content\/uploads\/2024\/06\/Skarmavbild-2024-06-24-kl.-15.13.24-stor.jpeg","datePublished":"2024-06-24T13:26:53+00:00","description":"Nattens San Juan-firande innebar tonvis med skr\u00e4p p\u00e5 str\u00e4nderna. Enbart i M\u00e1laga tredubblas antalet renh\u00e5llningsarbetare f\u00f6r att str\u00e4nderna ska vara \u00e5terst\u00e4llda till klockan 10.","breadcrumb":{"@id":"https:\/\/lightweb.dev\/l\/svm-temp\/nyheter\/antalet-renhallningsarbetare-tredubblas-for-att-stada-strander\/#breadcrumb"},"inLanguage":"sv-SE","potentialAction":[{"@type":"ReadAction","target":["https:\/\/lightweb.dev\/l\/svm-temp\/nyheter\/antalet-renhallningsarbetare-tredubblas-for-att-stada-strander\/"]}]},{"@type":"ImageObject","inLanguage":"sv-SE","@id":"https:\/\/lightweb.dev\/l\/svm-temp\/nyheter\/antalet-renhallningsarbetare-tredubblas-for-att-stada-strander\/#primaryimage","url":"https:\/\/lightweb.dev\/l\/svm-temp\/wp-content\/uploads\/2024\/06\/Skarmavbild-2024-06-24-kl.-15.13.24-stor.jpeg","contentUrl":"https:\/\/lightweb.dev\/l\/svm-temp\/wp-content\/uploads\/2024\/06\/Skarmavbild-2024-06-24-kl.-15.13.24-stor.jpeg","width":1280,"height":684,"caption":"En kvinna tar en selfie bland avfallet. (Foto: M\u00e1laga kommun)"},{"@type":"BreadcrumbList","@id":"https:\/\/lightweb.dev\/l\/svm-temp\/nyheter\/antalet-renhallningsarbetare-tredubblas-for-att-stada-strander\/#breadcrumb","itemListElement":[{"@type":"ListItem","position":1,"name":"Hem","item":"https:\/\/lightweb.dev\/l\/svm-temp\/"},{"@type":"ListItem","position":2,"name":"Antalet renh\u00e5llningsarbetare tredubblas f\u00f6r att st\u00e4da str\u00e4nder"}]},{"@type":"WebSite","@id":"https:\/\/lightweb.dev\/l\/svm-temp\/#website","url":"https:\/\/lightweb.dev\/l\/svm-temp\/","name":"Svenska Magasinet","description":"Dina Spanska nyheter p&aring; Svenska","publisher":{"@id":"https:\/\/lightweb.dev\/l\/svm-temp\/#organization"},"potentialAction":[{"@type":"SearchAction","target":{"@type":"EntryPoint","urlTemplate":"https:\/\/lightweb.dev\/l\/svm-temp\/?s={search_term_string}"},"query-input":{"@type":"PropertyValueSpecification","valueRequired":true,"valueName":"search_term_string"}}],"inLanguage":"sv-SE"},{"@type":"Organization","@id":"https:\/\/lightweb.dev\/l\/svm-temp\/#organization","name":"Melkerson y Nott SL","alternateName":"Svenska Magasinet","url":"https:\/\/lightweb.dev\/l\/svm-temp\/","logo":{"@type":"ImageObject","inLanguage":"sv-SE","@id":"https:\/\/lightweb.dev\/l\/svm-temp\/#\/schema\/logo\/image\/","url":"https:\/\/lightweb.dev\/l\/svm-temp\/wp-content\/uploads\/2025\/02\/SvM-logo-Xtra-Centrerad-SVART.png","contentUrl":"https:\/\/lightweb.dev\/l\/svm-temp\/wp-content\/uploads\/2025\/02\/SvM-logo-Xtra-Centrerad-SVART.png","width":300,"height":99,"caption":"Melkerson y Nott SL"},"image":{"@id":"https:\/\/lightweb.dev\/l\/svm-temp\/#\/schema\/logo\/image\/"},"sameAs":["https:\/\/www.facebook.com\/svenskamagasinet","https:\/\/x.com\/SvenskaMagasine"]},{"@type":"Person","@id":"https:\/\/lightweb.dev\/l\/svm-temp\/#\/schema\/person\/7a82b8a73d171d32360a564b6d03508e","name":"Ola Josefsson","description":"Bevakar Solkusten och Spanien sedan 1994.","sameAs":["https:\/\/lightweb.dev\/l\/svm-temp"],"url":"https:\/\/lightweb.dev\/l\/svm-temp\/reporter\/ola-josefsson\/"}]}},"_links":{"self":[{"href":"https:\/\/lightweb.dev\/l\/svm-temp\/wp-json\/wp\/v2\/posts\/72908","targetHints":{"allow":["GET"]}}],"collection":[{"href":"https:\/\/lightweb.dev\/l\/svm-temp\/wp-json\/wp\/v2\/posts"}],"about":[{"href":"https:\/\/lightweb.dev\/l\/svm-temp\/wp-json\/wp\/v2\/types\/post"}],"author":[{"embeddable":true,"href":"https:\/\/lightweb.dev\/l\/svm-temp\/wp-json\/wp\/v2\/users\/7"}],"replies":[{"embeddable":true,"href":"https:\/\/lightweb.dev\/l\/svm-temp\/wp-json\/wp\/v2\/comments?post=72908"}],"version-history":[{"count":0,"href":"https:\/\/lightweb.dev\/l\/svm-temp\/wp-json\/wp\/v2\/posts\/72908\/revisions"}],"wp:featuredmedia":[{"embeddable":true,"href":"https:\/\/lightweb.dev\/l\/svm-temp\/wp-json\/wp\/v2\/media\/72909"}],"wp:attachment":[{"href":"https:\/\/lightweb.dev\/l\/svm-temp\/wp-json\/wp\/v2\/media?parent=72908"}],"wp:term":[{"taxonomy":"category","embeddable":true,"href":"https:\/\/lightweb.dev\/l\/svm-temp\/wp-json\/wp\/v2\/categories?post=72908"},{"taxonomy":"post_tag","embeddable":true,"href":"https:\/\/lightweb.dev\/l\/svm-temp\/wp-json\/wp\/v2\/tags?post=72908"}],"curies":[{"name":"wp","href":"https:\/\/api.w.org\/{rel}","templated":true}]}}