{"id":72994,"date":"2024-06-27T16:42:35","date_gmt":"2024-06-27T14:42:35","guid":{"rendered":"https:\/\/lightweb.dev\/l\/svm-temp\/?p=72994"},"modified":"2024-06-27T17:24:05","modified_gmt":"2024-06-27T15:24:05","slug":"bedragare-gripna-i-malaga","status":"publish","type":"post","link":"https:\/\/lightweb.dev\/l\/svm-temp\/nyheter\/bedragare-gripna-i-malaga\/","title":{"rendered":"Bedragare gripna i M\u00e1laga"},"content":{"rendered":"<p><strong>Ett g\u00e4ng som utgav sig f\u00f6r att vara el-inspekt\u00f6rer togs p\u00e5 bar g\u00e4rning.<\/strong><\/p>\n<p><span style=\"font-weight: 400;\">Bedragare som utger sig f\u00f6r att vara inspekt\u00f6rer av folks gas eller elektricitet blir ett allt st\u00f6rre problem i Spanien. Ut\u00f6ver att ta betalt f\u00f6r tj\u00e4nster de inte utf\u00f6r har de dessutom b\u00f6rjat utnyttja tiden i m\u00e4nniskors hem f\u00f6r att stj\u00e4la f\u00f6rem\u00e5l och kontanter de kan komma \u00f6ver.\u00a0<\/span><\/p>\n<p><span style=\"font-weight: 400;\">Nyligen grep rikspolisen fyra m\u00e4n, mellan 36 och 49 \u00e5r gamla, som utf\u00f6rde just denna typ av brott mot \u00e4ldre m\u00e4nniskor.\u00a0<\/span><\/p>\n<h2><span style=\"font-weight: 400;\">Arbetade tv\u00e5 och tv\u00e5<\/span><\/h2>\n<p><span style=\"font-weight: 400;\">De l\u00e5tsades komma fr\u00e5n ett energibolag och arbetade i par. Medan den ene uppeh\u00f6ll offret sm\u00f6g den andre iv\u00e4g f\u00f6r att f\u00f6rs\u00f6ka stj\u00e4la v\u00e4rdesaker och pengar.\u00a0<\/span><\/p>\n<p><span style=\"font-weight: 400;\">Polisens utredning inleddes efter att en dam i 70-\u00e5rs\u00e5ldern anm\u00e4lt st\u00f6lder fr\u00e5n sitt hem. Smycken och kontanter till ett totalt v\u00e4rde av runt 7 000 euro saknades fr\u00e5n hennes bostad.\u00a0<\/span><\/p>\n<p><span style=\"font-weight: 400;\">Kort efter att utredningen b\u00f6rjade kunde polisen identifiera tre liknande brott som ocks\u00e5 anm\u00e4lts i M\u00e1lagaprovinsen.<\/span><\/p>\n<p><span style=\"font-weight: 400;\">Efter att ha f\u00e5tt en beskrivning av bedragarna kunde man samla information om fyra tidigare d\u00f6mda m\u00e4n som passade profilen.\u00a0<\/span><\/p>\n<p><span style=\"font-weight: 400;\">Efter en tids s\u00f6kande efter personerna och \u00f6vervakning av omr\u00e5den de kunde t\u00e4nkas r\u00f6ra sig i uppt\u00e4ckte polisen dem mitt i akten. \u00c4ven denna g\u00e5ng hade de tagit sig in i ett hem hos en \u00e4ldre person och stulit smycken och pengar. Polisen stoppade dem n\u00e4r de var p\u00e5 v\u00e4g att fly brottsplatsen och hittade st\u00f6ldgodset under v\u00e4xelspaken i deras bil. 1 000 euro i kontanter samt fem dyra klockor hittades och de tv\u00e5 m\u00e4nnen greps p\u00e5 plats.\u00a0<\/span><\/p>\n<p><span style=\"font-weight: 400;\">Snart greps \u00e4ven de tv\u00e5 andra misst\u00e4nkta. Tre av dem st\u00e5r \u00e5talade f\u00f6r st\u00f6ld och den fj\u00e4rde f\u00f6r att ha mottagit stulna smycken och accessoarer som han ska ha sm\u00e4lt ner f\u00f6r att senare s\u00e4lja p\u00e5 svarta marknaden. <\/span><\/p>\n","protected":false},"excerpt":{"rendered":"<p>Ett g\u00e4ng som utgav sig f\u00f6r att vara el-inspekt\u00f6rer togs p\u00e5 bar g\u00e4rning.<\/p>\n","protected":false},"author":14,"featured_media":72995,"comment_status":"closed","ping_status":"closed","sticky":false,"template":"","format":"standard","meta":{"_et_pb_use_builder":"","_et_pb_old_content":"","_et_gb_content_width":"","footnotes":""},"categories":[395,3],"tags":[],"class_list":["post-72994","post","type-post","status-publish","format-standard","has-post-thumbnail","hentry","category-arkiv-nyheter","category-nyheter"],"yoast_head":"<!-- This site is optimized with the Yoast SEO Premium plugin v26.2 (Yoast SEO v27.5) - https:\/\/yoast.com\/product\/yoast-seo-premium-wordpress\/ -->\n<title>Bedragare gripna i M\u00e1laga - Svenska Magasinet<\/title>\n<meta name=\"robots\" content=\"noindex, follow, max-snippet:-1, max-image-preview:large, max-video-preview:-1\" \/>\n<meta property=\"og:locale\" content=\"sv_SE\" \/>\n<meta property=\"og:type\" content=\"article\" \/>\n<meta property=\"og:title\" content=\"Bedragare gripna i M\u00e1laga\" \/>\n<meta property=\"og:description\" content=\"Ett g\u00e4ng som utgav sig f\u00f6r att vara el-inspekt\u00f6rer togs p\u00e5 bar g\u00e4rning.\" \/>\n<meta property=\"og:url\" content=\"https:\/\/lightweb.dev\/l\/svm-temp\/nyheter\/bedragare-gripna-i-malaga\/\" \/>\n<meta property=\"og:site_name\" content=\"Svenska Magasinet\" \/>\n<meta property=\"article:publisher\" content=\"https:\/\/www.facebook.com\/svenskamagasinet\" \/>\n<meta property=\"article:published_time\" content=\"2024-06-27T14:42:35+00:00\" \/>\n<meta property=\"article:modified_time\" content=\"2024-06-27T15:24:05+00:00\" \/>\n<meta property=\"og:image\" content=\"https:\/\/lightweb.dev\/l\/svm-temp\/wp-content\/uploads\/2024\/06\/revisor-gas-policia-kKDD-1200x840@Diario-Sur.jpg\" \/>\n\t<meta property=\"og:image:width\" content=\"1196\" \/>\n\t<meta property=\"og:image:height\" content=\"840\" \/>\n\t<meta property=\"og:image:type\" content=\"image\/jpeg\" \/>\n<meta name=\"author\" content=\"Robbie Eriksson\" \/>\n<meta name=\"twitter:card\" content=\"summary_large_image\" \/>\n<meta name=\"twitter:creator\" content=\"@SvenskaMagasine\" \/>\n<meta name=\"twitter:site\" content=\"@SvenskaMagasine\" \/>\n<script type=\"application\/ld+json\" class=\"yoast-schema-graph\">{\"@context\":\"https:\\\/\\\/schema.org\",\"@graph\":[{\"@type\":\"Article\",\"@id\":\"https:\\\/\\\/lightweb.dev\\\/l\\\/svm-temp\\\/nyheter\\\/bedragare-gripna-i-malaga\\\/#article\",\"isPartOf\":{\"@id\":\"https:\\\/\\\/lightweb.dev\\\/l\\\/svm-temp\\\/nyheter\\\/bedragare-gripna-i-malaga\\\/\"},\"author\":{\"name\":\"Robbie Eriksson\",\"@id\":\"https:\\\/\\\/lightweb.dev\\\/l\\\/svm-temp\\\/#\\\/schema\\\/person\\\/caffe038990d25722f5a04a03c906a2b\"},\"headline\":\"Bedragare gripna i M\u00e1laga\",\"datePublished\":\"2024-06-27T14:42:35+00:00\",\"dateModified\":\"2024-06-27T15:24:05+00:00\",\"mainEntityOfPage\":{\"@id\":\"https:\\\/\\\/lightweb.dev\\\/l\\\/svm-temp\\\/nyheter\\\/bedragare-gripna-i-malaga\\\/\"},\"wordCount\":356,\"publisher\":{\"@id\":\"https:\\\/\\\/lightweb.dev\\\/l\\\/svm-temp\\\/#organization\"},\"image\":{\"@id\":\"https:\\\/\\\/lightweb.dev\\\/l\\\/svm-temp\\\/nyheter\\\/bedragare-gripna-i-malaga\\\/#primaryimage\"},\"thumbnailUrl\":\"https:\\\/\\\/lightweb.dev\\\/l\\\/svm-temp\\\/wp-content\\\/uploads\\\/2024\\\/06\\\/revisor-gas-policia-kKDD-1200x840@Diario-Sur.jpg\",\"articleSection\":[\"Arkiv\",\"Nyheter\"],\"inLanguage\":\"sv-SE\"},{\"@type\":\"WebPage\",\"@id\":\"https:\\\/\\\/lightweb.dev\\\/l\\\/svm-temp\\\/nyheter\\\/bedragare-gripna-i-malaga\\\/\",\"url\":\"https:\\\/\\\/lightweb.dev\\\/l\\\/svm-temp\\\/nyheter\\\/bedragare-gripna-i-malaga\\\/\",\"name\":\"Bedragare gripna i M\u00e1laga - Svenska Magasinet\",\"isPartOf\":{\"@id\":\"https:\\\/\\\/lightweb.dev\\\/l\\\/svm-temp\\\/#website\"},\"primaryImageOfPage\":{\"@id\":\"https:\\\/\\\/lightweb.dev\\\/l\\\/svm-temp\\\/nyheter\\\/bedragare-gripna-i-malaga\\\/#primaryimage\"},\"image\":{\"@id\":\"https:\\\/\\\/lightweb.dev\\\/l\\\/svm-temp\\\/nyheter\\\/bedragare-gripna-i-malaga\\\/#primaryimage\"},\"thumbnailUrl\":\"https:\\\/\\\/lightweb.dev\\\/l\\\/svm-temp\\\/wp-content\\\/uploads\\\/2024\\\/06\\\/revisor-gas-policia-kKDD-1200x840@Diario-Sur.jpg\",\"datePublished\":\"2024-06-27T14:42:35+00:00\",\"dateModified\":\"2024-06-27T15:24:05+00:00\",\"breadcrumb\":{\"@id\":\"https:\\\/\\\/lightweb.dev\\\/l\\\/svm-temp\\\/nyheter\\\/bedragare-gripna-i-malaga\\\/#breadcrumb\"},\"inLanguage\":\"sv-SE\",\"potentialAction\":[{\"@type\":\"ReadAction\",\"target\":[\"https:\\\/\\\/lightweb.dev\\\/l\\\/svm-temp\\\/nyheter\\\/bedragare-gripna-i-malaga\\\/\"]}]},{\"@type\":\"ImageObject\",\"inLanguage\":\"sv-SE\",\"@id\":\"https:\\\/\\\/lightweb.dev\\\/l\\\/svm-temp\\\/nyheter\\\/bedragare-gripna-i-malaga\\\/#primaryimage\",\"url\":\"https:\\\/\\\/lightweb.dev\\\/l\\\/svm-temp\\\/wp-content\\\/uploads\\\/2024\\\/06\\\/revisor-gas-policia-kKDD-1200x840@Diario-Sur.jpg\",\"contentUrl\":\"https:\\\/\\\/lightweb.dev\\\/l\\\/svm-temp\\\/wp-content\\\/uploads\\\/2024\\\/06\\\/revisor-gas-policia-kKDD-1200x840@Diario-Sur.jpg\",\"width\":1196,\"height\":840,\"caption\":\"Polisen hittade det stulna godset under v\u00e4xelspaken i de misst\u00e4nktas bil. (Bild: Policia Nacional)\"},{\"@type\":\"BreadcrumbList\",\"@id\":\"https:\\\/\\\/lightweb.dev\\\/l\\\/svm-temp\\\/nyheter\\\/bedragare-gripna-i-malaga\\\/#breadcrumb\",\"itemListElement\":[{\"@type\":\"ListItem\",\"position\":1,\"name\":\"Hem\",\"item\":\"https:\\\/\\\/lightweb.dev\\\/l\\\/svm-temp\\\/\"},{\"@type\":\"ListItem\",\"position\":2,\"name\":\"Bedragare gripna i M\u00e1laga\"}]},{\"@type\":\"WebSite\",\"@id\":\"https:\\\/\\\/lightweb.dev\\\/l\\\/svm-temp\\\/#website\",\"url\":\"https:\\\/\\\/lightweb.dev\\\/l\\\/svm-temp\\\/\",\"name\":\"Svenska Magasinet\",\"description\":\"Dina Spanska nyheter p&aring; Svenska\",\"publisher\":{\"@id\":\"https:\\\/\\\/lightweb.dev\\\/l\\\/svm-temp\\\/#organization\"},\"potentialAction\":[{\"@type\":\"SearchAction\",\"target\":{\"@type\":\"EntryPoint\",\"urlTemplate\":\"https:\\\/\\\/lightweb.dev\\\/l\\\/svm-temp\\\/?s={search_term_string}\"},\"query-input\":{\"@type\":\"PropertyValueSpecification\",\"valueRequired\":true,\"valueName\":\"search_term_string\"}}],\"inLanguage\":\"sv-SE\"},{\"@type\":\"Organization\",\"@id\":\"https:\\\/\\\/lightweb.dev\\\/l\\\/svm-temp\\\/#organization\",\"name\":\"Melkerson y Nott SL\",\"alternateName\":\"Svenska Magasinet\",\"url\":\"https:\\\/\\\/lightweb.dev\\\/l\\\/svm-temp\\\/\",\"logo\":{\"@type\":\"ImageObject\",\"inLanguage\":\"sv-SE\",\"@id\":\"https:\\\/\\\/lightweb.dev\\\/l\\\/svm-temp\\\/#\\\/schema\\\/logo\\\/image\\\/\",\"url\":\"https:\\\/\\\/lightweb.dev\\\/l\\\/svm-temp\\\/wp-content\\\/uploads\\\/2025\\\/02\\\/SvM-logo-Xtra-Centrerad-SVART.png\",\"contentUrl\":\"https:\\\/\\\/lightweb.dev\\\/l\\\/svm-temp\\\/wp-content\\\/uploads\\\/2025\\\/02\\\/SvM-logo-Xtra-Centrerad-SVART.png\",\"width\":300,\"height\":99,\"caption\":\"Melkerson y Nott SL\"},\"image\":{\"@id\":\"https:\\\/\\\/lightweb.dev\\\/l\\\/svm-temp\\\/#\\\/schema\\\/logo\\\/image\\\/\"},\"sameAs\":[\"https:\\\/\\\/www.facebook.com\\\/svenskamagasinet\",\"https:\\\/\\\/x.com\\\/SvenskaMagasine\"]},{\"@type\":\"Person\",\"@id\":\"https:\\\/\\\/lightweb.dev\\\/l\\\/svm-temp\\\/#\\\/schema\\\/person\\\/caffe038990d25722f5a04a03c906a2b\",\"name\":\"Robbie Eriksson\",\"sameAs\":[\"https:\\\/\\\/lightweb.dev\\\/l\\\/svm-temp\"],\"url\":\"https:\\\/\\\/lightweb.dev\\\/l\\\/svm-temp\\\/reporter\\\/robbie-eriksson\\\/\"}]}<\/script>\n<!-- \/ Yoast SEO Premium plugin. -->","yoast_head_json":{"title":"Bedragare gripna i M\u00e1laga - Svenska Magasinet","robots":{"index":"noindex","follow":"follow","max-snippet":"max-snippet:-1","max-image-preview":"max-image-preview:large","max-video-preview":"max-video-preview:-1"},"og_locale":"sv_SE","og_type":"article","og_title":"Bedragare gripna i M\u00e1laga","og_description":"Ett g\u00e4ng som utgav sig f\u00f6r att vara el-inspekt\u00f6rer togs p\u00e5 bar g\u00e4rning.","og_url":"https:\/\/lightweb.dev\/l\/svm-temp\/nyheter\/bedragare-gripna-i-malaga\/","og_site_name":"Svenska Magasinet","article_publisher":"https:\/\/www.facebook.com\/svenskamagasinet","article_published_time":"2024-06-27T14:42:35+00:00","article_modified_time":"2024-06-27T15:24:05+00:00","og_image":[{"width":1196,"height":840,"url":"https:\/\/lightweb.dev\/l\/svm-temp\/wp-content\/uploads\/2024\/06\/revisor-gas-policia-kKDD-1200x840@Diario-Sur.jpg","type":"image\/jpeg"}],"author":"Robbie Eriksson","twitter_card":"summary_large_image","twitter_creator":"@SvenskaMagasine","twitter_site":"@SvenskaMagasine","schema":{"@context":"https:\/\/schema.org","@graph":[{"@type":"Article","@id":"https:\/\/lightweb.dev\/l\/svm-temp\/nyheter\/bedragare-gripna-i-malaga\/#article","isPartOf":{"@id":"https:\/\/lightweb.dev\/l\/svm-temp\/nyheter\/bedragare-gripna-i-malaga\/"},"author":{"name":"Robbie Eriksson","@id":"https:\/\/lightweb.dev\/l\/svm-temp\/#\/schema\/person\/caffe038990d25722f5a04a03c906a2b"},"headline":"Bedragare gripna i M\u00e1laga","datePublished":"2024-06-27T14:42:35+00:00","dateModified":"2024-06-27T15:24:05+00:00","mainEntityOfPage":{"@id":"https:\/\/lightweb.dev\/l\/svm-temp\/nyheter\/bedragare-gripna-i-malaga\/"},"wordCount":356,"publisher":{"@id":"https:\/\/lightweb.dev\/l\/svm-temp\/#organization"},"image":{"@id":"https:\/\/lightweb.dev\/l\/svm-temp\/nyheter\/bedragare-gripna-i-malaga\/#primaryimage"},"thumbnailUrl":"https:\/\/lightweb.dev\/l\/svm-temp\/wp-content\/uploads\/2024\/06\/revisor-gas-policia-kKDD-1200x840@Diario-Sur.jpg","articleSection":["Arkiv","Nyheter"],"inLanguage":"sv-SE"},{"@type":"WebPage","@id":"https:\/\/lightweb.dev\/l\/svm-temp\/nyheter\/bedragare-gripna-i-malaga\/","url":"https:\/\/lightweb.dev\/l\/svm-temp\/nyheter\/bedragare-gripna-i-malaga\/","name":"Bedragare gripna i M\u00e1laga - Svenska Magasinet","isPartOf":{"@id":"https:\/\/lightweb.dev\/l\/svm-temp\/#website"},"primaryImageOfPage":{"@id":"https:\/\/lightweb.dev\/l\/svm-temp\/nyheter\/bedragare-gripna-i-malaga\/#primaryimage"},"image":{"@id":"https:\/\/lightweb.dev\/l\/svm-temp\/nyheter\/bedragare-gripna-i-malaga\/#primaryimage"},"thumbnailUrl":"https:\/\/lightweb.dev\/l\/svm-temp\/wp-content\/uploads\/2024\/06\/revisor-gas-policia-kKDD-1200x840@Diario-Sur.jpg","datePublished":"2024-06-27T14:42:35+00:00","dateModified":"2024-06-27T15:24:05+00:00","breadcrumb":{"@id":"https:\/\/lightweb.dev\/l\/svm-temp\/nyheter\/bedragare-gripna-i-malaga\/#breadcrumb"},"inLanguage":"sv-SE","potentialAction":[{"@type":"ReadAction","target":["https:\/\/lightweb.dev\/l\/svm-temp\/nyheter\/bedragare-gripna-i-malaga\/"]}]},{"@type":"ImageObject","inLanguage":"sv-SE","@id":"https:\/\/lightweb.dev\/l\/svm-temp\/nyheter\/bedragare-gripna-i-malaga\/#primaryimage","url":"https:\/\/lightweb.dev\/l\/svm-temp\/wp-content\/uploads\/2024\/06\/revisor-gas-policia-kKDD-1200x840@Diario-Sur.jpg","contentUrl":"https:\/\/lightweb.dev\/l\/svm-temp\/wp-content\/uploads\/2024\/06\/revisor-gas-policia-kKDD-1200x840@Diario-Sur.jpg","width":1196,"height":840,"caption":"Polisen hittade det stulna godset under v\u00e4xelspaken i de misst\u00e4nktas bil. (Bild: Policia Nacional)"},{"@type":"BreadcrumbList","@id":"https:\/\/lightweb.dev\/l\/svm-temp\/nyheter\/bedragare-gripna-i-malaga\/#breadcrumb","itemListElement":[{"@type":"ListItem","position":1,"name":"Hem","item":"https:\/\/lightweb.dev\/l\/svm-temp\/"},{"@type":"ListItem","position":2,"name":"Bedragare gripna i M\u00e1laga"}]},{"@type":"WebSite","@id":"https:\/\/lightweb.dev\/l\/svm-temp\/#website","url":"https:\/\/lightweb.dev\/l\/svm-temp\/","name":"Svenska Magasinet","description":"Dina Spanska nyheter p&aring; Svenska","publisher":{"@id":"https:\/\/lightweb.dev\/l\/svm-temp\/#organization"},"potentialAction":[{"@type":"SearchAction","target":{"@type":"EntryPoint","urlTemplate":"https:\/\/lightweb.dev\/l\/svm-temp\/?s={search_term_string}"},"query-input":{"@type":"PropertyValueSpecification","valueRequired":true,"valueName":"search_term_string"}}],"inLanguage":"sv-SE"},{"@type":"Organization","@id":"https:\/\/lightweb.dev\/l\/svm-temp\/#organization","name":"Melkerson y Nott SL","alternateName":"Svenska Magasinet","url":"https:\/\/lightweb.dev\/l\/svm-temp\/","logo":{"@type":"ImageObject","inLanguage":"sv-SE","@id":"https:\/\/lightweb.dev\/l\/svm-temp\/#\/schema\/logo\/image\/","url":"https:\/\/lightweb.dev\/l\/svm-temp\/wp-content\/uploads\/2025\/02\/SvM-logo-Xtra-Centrerad-SVART.png","contentUrl":"https:\/\/lightweb.dev\/l\/svm-temp\/wp-content\/uploads\/2025\/02\/SvM-logo-Xtra-Centrerad-SVART.png","width":300,"height":99,"caption":"Melkerson y Nott SL"},"image":{"@id":"https:\/\/lightweb.dev\/l\/svm-temp\/#\/schema\/logo\/image\/"},"sameAs":["https:\/\/www.facebook.com\/svenskamagasinet","https:\/\/x.com\/SvenskaMagasine"]},{"@type":"Person","@id":"https:\/\/lightweb.dev\/l\/svm-temp\/#\/schema\/person\/caffe038990d25722f5a04a03c906a2b","name":"Robbie Eriksson","sameAs":["https:\/\/lightweb.dev\/l\/svm-temp"],"url":"https:\/\/lightweb.dev\/l\/svm-temp\/reporter\/robbie-eriksson\/"}]}},"_links":{"self":[{"href":"https:\/\/lightweb.dev\/l\/svm-temp\/wp-json\/wp\/v2\/posts\/72994","targetHints":{"allow":["GET"]}}],"collection":[{"href":"https:\/\/lightweb.dev\/l\/svm-temp\/wp-json\/wp\/v2\/posts"}],"about":[{"href":"https:\/\/lightweb.dev\/l\/svm-temp\/wp-json\/wp\/v2\/types\/post"}],"author":[{"embeddable":true,"href":"https:\/\/lightweb.dev\/l\/svm-temp\/wp-json\/wp\/v2\/users\/14"}],"replies":[{"embeddable":true,"href":"https:\/\/lightweb.dev\/l\/svm-temp\/wp-json\/wp\/v2\/comments?post=72994"}],"version-history":[{"count":0,"href":"https:\/\/lightweb.dev\/l\/svm-temp\/wp-json\/wp\/v2\/posts\/72994\/revisions"}],"wp:featuredmedia":[{"embeddable":true,"href":"https:\/\/lightweb.dev\/l\/svm-temp\/wp-json\/wp\/v2\/media\/72995"}],"wp:attachment":[{"href":"https:\/\/lightweb.dev\/l\/svm-temp\/wp-json\/wp\/v2\/media?parent=72994"}],"wp:term":[{"taxonomy":"category","embeddable":true,"href":"https:\/\/lightweb.dev\/l\/svm-temp\/wp-json\/wp\/v2\/categories?post=72994"},{"taxonomy":"post_tag","embeddable":true,"href":"https:\/\/lightweb.dev\/l\/svm-temp\/wp-json\/wp\/v2\/tags?post=72994"}],"curies":[{"name":"wp","href":"https:\/\/api.w.org\/{rel}","templated":true}]}}