{"id":73007,"date":"2024-06-28T16:17:57","date_gmt":"2024-06-28T14:17:57","guid":{"rendered":"https:\/\/lightweb.dev\/l\/svm-temp\/?p=73007"},"modified":"2024-06-28T16:17:57","modified_gmt":"2024-06-28T14:17:57","slug":"enormt-stod-for-battre-tag-pa-solkusten","status":"publish","type":"post","link":"https:\/\/lightweb.dev\/l\/svm-temp\/nyheter\/enormt-stod-for-battre-tag-pa-solkusten\/","title":{"rendered":"Enormt st\u00f6d f\u00f6r b\u00e4ttre t\u00e5g p\u00e5 Solkusten"},"content":{"rendered":"<p><span style=\"font-weight: 400;\">Fler \u00e4n 25 000 personer har skrivit under den namninsamling som SUR lanserade f\u00f6r tre veckor sedan.\u00a0<\/span><\/p>\n<p><span style=\"font-weight: 400;\">Vi har tidigare <\/span><a href=\"https:\/\/lightweb.dev\/l\/svm-temp\/nyheter\/skriv-under-upprop-om-utbyggt-pendeltag-langs-solkusten\/\"><span style=\"font-weight: 400;\">rapporterat<\/span><\/a><span style=\"font-weight: 400;\"> om en namninsamling f\u00f6r att f\u00e5 b\u00e4ttre t\u00e5g p\u00e5 Solkusten. Sedan den lanserades den 10 juni har fler \u00e4n 25 000 personer skrivit under.\u00a0<\/span><\/p>\n<p><span style=\"font-weight: 400;\">Denna enorma uppslutning p\u00e5 bara 18 dagar visar vilket enormt behov och st\u00f6d som finns i M\u00e1laga f\u00f6r b\u00e4ttre t\u00e5gf\u00f6rbindelser.\u00a0<\/span><\/p>\n<p><span style=\"font-weight: 400;\">Uppropet &#8211; som fr\u00e4mjats av tidningen SUR &#8211; har spridits i pressen och \u00e4ven varit mycket levande p\u00e5 sociala medier. Dagligen trillar hundratals nya underskrifter in fr\u00e5n anv\u00e4ndare som st\u00f6rs av bristen p\u00e5 j\u00e4rnv\u00e4gstransporter p\u00e5 kusten.\u00a0<\/span><\/p>\n<p><span style=\"font-weight: 400;\">Inv\u00e5nare s\u00e5v\u00e4l som bes\u00f6kare, \u00e4ven de fr\u00e5n utlandet, kan skriva under dokumentet. Om man \u00e4nnu inte har gjort det kan man g\u00f6ra det med sitt pass <\/span><a href=\"https:\/\/tren-litoral.diariosur.es\/#firma_peticion\"><span style=\"font-weight: 400;\">h\u00e4r<\/span><\/a><span style=\"font-weight: 400;\">.<\/span><\/p>\n<h2><span style=\"font-weight: 400;\">V\u00e4xande befolkning<\/span><\/h2>\n<p><span style=\"font-weight: 400;\">Kustremsan i M\u00e1laga \u00e4r ett av de omr\u00e5den i Europa som har st\u00f6rst potential f\u00f6r tillv\u00e4xt. Redan idag bor det en halv miljon m\u00e4nniskor h\u00e4r och \u00e5r 2031 ber\u00e4knas M\u00e1laga passera Sevilla n\u00e4r det g\u00e4ller antalet inv\u00e5nare. Till detta ska l\u00e4ggas 14 miljoner turister och tusentals tillf\u00e4lliga inv\u00e5nare som har semesterbostad.\u00a0<\/span><\/p>\n<p><span style=\"font-weight: 400;\">Tillsammans med tillg\u00e5ng till bost\u00e4der och syssels\u00e4ttning \u00e4r r\u00f6rligheten en av provinsens st\u00f6rsta utmaningar. Det finns ett stort behov av att minska trafikstockningar och utsl\u00e4pp. N\u00e5got som inte kan uppn\u00e5s utan en kollektivtrafik som fyller befolkningens behov. I dagsl\u00e4get uppvisar M\u00e1laga, trots att det \u00e4r en av Spaniens mest attraktiva platser, enorma brister i j\u00e4rnv\u00e4gsn\u00e4tet.\u00a0<\/span><\/p>\n<p><span style=\"font-weight: 400;\">Med sitt initiativ ville SUR klarg\u00f6ra att samh\u00e4llet tydligt ropar efter b\u00e4ttre f\u00f6rbindelser med t\u00e5g. Inte bara genom att f\u00f6rl\u00e4nga den s\u00e5 att r\u00e4lsen g\u00e5r fr\u00e5n Nerja till Estepona. Den borde g\u00e5 hela v\u00e4gen till Campo de Gibraltar.\u00a0<\/span><\/p>\n<p><span style=\"font-weight: 400;\">Man vill visa detta stora st\u00f6d f\u00f6r Spaniens regering, som \u00e4r de som har befogenhet att m\u00f6jligg\u00f6ra detta stora men viktiga arbete. Inom en snar framtid ska alla underskrifter skickas till centralregeringen och landets transportministerium.\u00a0<\/span><\/p>\n<p>&nbsp;<\/p>\n","protected":false},"excerpt":{"rendered":"<p>Fler \u00e4n 25 000 personer har skrivit under den namninsamling som SUR lanserade f\u00f6r tre veckor sedan.\u00a0<\/p>\n","protected":false},"author":14,"featured_media":15482,"comment_status":"closed","ping_status":"closed","sticky":false,"template":"","format":"standard","meta":{"_et_pb_use_builder":"","_et_pb_old_content":"","_et_gb_content_width":"","footnotes":""},"categories":[395,3],"tags":[],"class_list":["post-73007","post","type-post","status-publish","format-standard","has-post-thumbnail","hentry","category-arkiv-nyheter","category-nyheter"],"yoast_head":"<!-- This site is optimized with the Yoast SEO Premium plugin v26.2 (Yoast SEO v27.5) - https:\/\/yoast.com\/product\/yoast-seo-premium-wordpress\/ -->\n<title>Enormt st\u00f6d f\u00f6r b\u00e4ttre t\u00e5g p\u00e5 Solkusten - Svenska Magasinet<\/title>\n<meta name=\"robots\" content=\"noindex, follow, max-snippet:-1, max-image-preview:large, max-video-preview:-1\" \/>\n<meta property=\"og:locale\" content=\"sv_SE\" \/>\n<meta property=\"og:type\" content=\"article\" \/>\n<meta property=\"og:title\" content=\"Enormt st\u00f6d f\u00f6r b\u00e4ttre t\u00e5g p\u00e5 Solkusten\" \/>\n<meta property=\"og:description\" content=\"Fler \u00e4n 25 000 personer har skrivit under den namninsamling som SUR lanserade f\u00f6r tre veckor sedan.\u00a0\" \/>\n<meta property=\"og:url\" content=\"https:\/\/lightweb.dev\/l\/svm-temp\/nyheter\/enormt-stod-for-battre-tag-pa-solkusten\/\" \/>\n<meta property=\"og:site_name\" content=\"Svenska Magasinet\" \/>\n<meta property=\"article:publisher\" content=\"https:\/\/www.facebook.com\/svenskamagasinet\" \/>\n<meta property=\"article:published_time\" content=\"2024-06-28T14:17:57+00:00\" \/>\n<meta property=\"og:image\" content=\"https:\/\/lightweb.dev\/l\/svm-temp\/wp-content\/uploads\/2022\/06\/utokad-pendeltagstrafik-bollen-ligger-hos-renfe.png\" \/>\n\t<meta property=\"og:image:width\" content=\"700\" \/>\n\t<meta property=\"og:image:height\" content=\"420\" \/>\n\t<meta property=\"og:image:type\" content=\"image\/png\" \/>\n<meta name=\"author\" content=\"Robbie Eriksson\" \/>\n<meta name=\"twitter:card\" content=\"summary_large_image\" \/>\n<meta name=\"twitter:creator\" content=\"@SvenskaMagasine\" \/>\n<meta name=\"twitter:site\" content=\"@SvenskaMagasine\" \/>\n<script type=\"application\/ld+json\" class=\"yoast-schema-graph\">{\"@context\":\"https:\\\/\\\/schema.org\",\"@graph\":[{\"@type\":\"Article\",\"@id\":\"https:\\\/\\\/lightweb.dev\\\/l\\\/svm-temp\\\/nyheter\\\/enormt-stod-for-battre-tag-pa-solkusten\\\/#article\",\"isPartOf\":{\"@id\":\"https:\\\/\\\/lightweb.dev\\\/l\\\/svm-temp\\\/nyheter\\\/enormt-stod-for-battre-tag-pa-solkusten\\\/\"},\"author\":{\"name\":\"Robbie Eriksson\",\"@id\":\"https:\\\/\\\/lightweb.dev\\\/l\\\/svm-temp\\\/#\\\/schema\\\/person\\\/caffe038990d25722f5a04a03c906a2b\"},\"headline\":\"Enormt st\u00f6d f\u00f6r b\u00e4ttre t\u00e5g p\u00e5 Solkusten\",\"datePublished\":\"2024-06-28T14:17:57+00:00\",\"mainEntityOfPage\":{\"@id\":\"https:\\\/\\\/lightweb.dev\\\/l\\\/svm-temp\\\/nyheter\\\/enormt-stod-for-battre-tag-pa-solkusten\\\/\"},\"wordCount\":380,\"publisher\":{\"@id\":\"https:\\\/\\\/lightweb.dev\\\/l\\\/svm-temp\\\/#organization\"},\"image\":{\"@id\":\"https:\\\/\\\/lightweb.dev\\\/l\\\/svm-temp\\\/nyheter\\\/enormt-stod-for-battre-tag-pa-solkusten\\\/#primaryimage\"},\"thumbnailUrl\":\"https:\\\/\\\/lightweb.dev\\\/l\\\/svm-temp\\\/wp-content\\\/uploads\\\/2022\\\/06\\\/utokad-pendeltagstrafik-bollen-ligger-hos-renfe.png\",\"articleSection\":[\"Arkiv\",\"Nyheter\"],\"inLanguage\":\"sv-SE\"},{\"@type\":\"WebPage\",\"@id\":\"https:\\\/\\\/lightweb.dev\\\/l\\\/svm-temp\\\/nyheter\\\/enormt-stod-for-battre-tag-pa-solkusten\\\/\",\"url\":\"https:\\\/\\\/lightweb.dev\\\/l\\\/svm-temp\\\/nyheter\\\/enormt-stod-for-battre-tag-pa-solkusten\\\/\",\"name\":\"Enormt st\u00f6d f\u00f6r b\u00e4ttre t\u00e5g p\u00e5 Solkusten - Svenska Magasinet\",\"isPartOf\":{\"@id\":\"https:\\\/\\\/lightweb.dev\\\/l\\\/svm-temp\\\/#website\"},\"primaryImageOfPage\":{\"@id\":\"https:\\\/\\\/lightweb.dev\\\/l\\\/svm-temp\\\/nyheter\\\/enormt-stod-for-battre-tag-pa-solkusten\\\/#primaryimage\"},\"image\":{\"@id\":\"https:\\\/\\\/lightweb.dev\\\/l\\\/svm-temp\\\/nyheter\\\/enormt-stod-for-battre-tag-pa-solkusten\\\/#primaryimage\"},\"thumbnailUrl\":\"https:\\\/\\\/lightweb.dev\\\/l\\\/svm-temp\\\/wp-content\\\/uploads\\\/2022\\\/06\\\/utokad-pendeltagstrafik-bollen-ligger-hos-renfe.png\",\"datePublished\":\"2024-06-28T14:17:57+00:00\",\"breadcrumb\":{\"@id\":\"https:\\\/\\\/lightweb.dev\\\/l\\\/svm-temp\\\/nyheter\\\/enormt-stod-for-battre-tag-pa-solkusten\\\/#breadcrumb\"},\"inLanguage\":\"sv-SE\",\"potentialAction\":[{\"@type\":\"ReadAction\",\"target\":[\"https:\\\/\\\/lightweb.dev\\\/l\\\/svm-temp\\\/nyheter\\\/enormt-stod-for-battre-tag-pa-solkusten\\\/\"]}]},{\"@type\":\"ImageObject\",\"inLanguage\":\"sv-SE\",\"@id\":\"https:\\\/\\\/lightweb.dev\\\/l\\\/svm-temp\\\/nyheter\\\/enormt-stod-for-battre-tag-pa-solkusten\\\/#primaryimage\",\"url\":\"https:\\\/\\\/lightweb.dev\\\/l\\\/svm-temp\\\/wp-content\\\/uploads\\\/2022\\\/06\\\/utokad-pendeltagstrafik-bollen-ligger-hos-renfe.png\",\"contentUrl\":\"https:\\\/\\\/lightweb.dev\\\/l\\\/svm-temp\\\/wp-content\\\/uploads\\\/2022\\\/06\\\/utokad-pendeltagstrafik-bollen-ligger-hos-renfe.png\",\"width\":700,\"height\":420},{\"@type\":\"BreadcrumbList\",\"@id\":\"https:\\\/\\\/lightweb.dev\\\/l\\\/svm-temp\\\/nyheter\\\/enormt-stod-for-battre-tag-pa-solkusten\\\/#breadcrumb\",\"itemListElement\":[{\"@type\":\"ListItem\",\"position\":1,\"name\":\"Hem\",\"item\":\"https:\\\/\\\/lightweb.dev\\\/l\\\/svm-temp\\\/\"},{\"@type\":\"ListItem\",\"position\":2,\"name\":\"Enormt st\u00f6d f\u00f6r b\u00e4ttre t\u00e5g p\u00e5 Solkusten\"}]},{\"@type\":\"WebSite\",\"@id\":\"https:\\\/\\\/lightweb.dev\\\/l\\\/svm-temp\\\/#website\",\"url\":\"https:\\\/\\\/lightweb.dev\\\/l\\\/svm-temp\\\/\",\"name\":\"Svenska Magasinet\",\"description\":\"Dina Spanska nyheter p&aring; Svenska\",\"publisher\":{\"@id\":\"https:\\\/\\\/lightweb.dev\\\/l\\\/svm-temp\\\/#organization\"},\"potentialAction\":[{\"@type\":\"SearchAction\",\"target\":{\"@type\":\"EntryPoint\",\"urlTemplate\":\"https:\\\/\\\/lightweb.dev\\\/l\\\/svm-temp\\\/?s={search_term_string}\"},\"query-input\":{\"@type\":\"PropertyValueSpecification\",\"valueRequired\":true,\"valueName\":\"search_term_string\"}}],\"inLanguage\":\"sv-SE\"},{\"@type\":\"Organization\",\"@id\":\"https:\\\/\\\/lightweb.dev\\\/l\\\/svm-temp\\\/#organization\",\"name\":\"Melkerson y Nott SL\",\"alternateName\":\"Svenska Magasinet\",\"url\":\"https:\\\/\\\/lightweb.dev\\\/l\\\/svm-temp\\\/\",\"logo\":{\"@type\":\"ImageObject\",\"inLanguage\":\"sv-SE\",\"@id\":\"https:\\\/\\\/lightweb.dev\\\/l\\\/svm-temp\\\/#\\\/schema\\\/logo\\\/image\\\/\",\"url\":\"https:\\\/\\\/lightweb.dev\\\/l\\\/svm-temp\\\/wp-content\\\/uploads\\\/2025\\\/02\\\/SvM-logo-Xtra-Centrerad-SVART.png\",\"contentUrl\":\"https:\\\/\\\/lightweb.dev\\\/l\\\/svm-temp\\\/wp-content\\\/uploads\\\/2025\\\/02\\\/SvM-logo-Xtra-Centrerad-SVART.png\",\"width\":300,\"height\":99,\"caption\":\"Melkerson y Nott SL\"},\"image\":{\"@id\":\"https:\\\/\\\/lightweb.dev\\\/l\\\/svm-temp\\\/#\\\/schema\\\/logo\\\/image\\\/\"},\"sameAs\":[\"https:\\\/\\\/www.facebook.com\\\/svenskamagasinet\",\"https:\\\/\\\/x.com\\\/SvenskaMagasine\"]},{\"@type\":\"Person\",\"@id\":\"https:\\\/\\\/lightweb.dev\\\/l\\\/svm-temp\\\/#\\\/schema\\\/person\\\/caffe038990d25722f5a04a03c906a2b\",\"name\":\"Robbie Eriksson\",\"sameAs\":[\"https:\\\/\\\/lightweb.dev\\\/l\\\/svm-temp\"],\"url\":\"https:\\\/\\\/lightweb.dev\\\/l\\\/svm-temp\\\/reporter\\\/robbie-eriksson\\\/\"}]}<\/script>\n<!-- \/ Yoast SEO Premium plugin. -->","yoast_head_json":{"title":"Enormt st\u00f6d f\u00f6r b\u00e4ttre t\u00e5g p\u00e5 Solkusten - Svenska Magasinet","robots":{"index":"noindex","follow":"follow","max-snippet":"max-snippet:-1","max-image-preview":"max-image-preview:large","max-video-preview":"max-video-preview:-1"},"og_locale":"sv_SE","og_type":"article","og_title":"Enormt st\u00f6d f\u00f6r b\u00e4ttre t\u00e5g p\u00e5 Solkusten","og_description":"Fler \u00e4n 25 000 personer har skrivit under den namninsamling som SUR lanserade f\u00f6r tre veckor sedan.\u00a0","og_url":"https:\/\/lightweb.dev\/l\/svm-temp\/nyheter\/enormt-stod-for-battre-tag-pa-solkusten\/","og_site_name":"Svenska Magasinet","article_publisher":"https:\/\/www.facebook.com\/svenskamagasinet","article_published_time":"2024-06-28T14:17:57+00:00","og_image":[{"width":700,"height":420,"url":"https:\/\/lightweb.dev\/l\/svm-temp\/wp-content\/uploads\/2022\/06\/utokad-pendeltagstrafik-bollen-ligger-hos-renfe.png","type":"image\/png"}],"author":"Robbie Eriksson","twitter_card":"summary_large_image","twitter_creator":"@SvenskaMagasine","twitter_site":"@SvenskaMagasine","schema":{"@context":"https:\/\/schema.org","@graph":[{"@type":"Article","@id":"https:\/\/lightweb.dev\/l\/svm-temp\/nyheter\/enormt-stod-for-battre-tag-pa-solkusten\/#article","isPartOf":{"@id":"https:\/\/lightweb.dev\/l\/svm-temp\/nyheter\/enormt-stod-for-battre-tag-pa-solkusten\/"},"author":{"name":"Robbie Eriksson","@id":"https:\/\/lightweb.dev\/l\/svm-temp\/#\/schema\/person\/caffe038990d25722f5a04a03c906a2b"},"headline":"Enormt st\u00f6d f\u00f6r b\u00e4ttre t\u00e5g p\u00e5 Solkusten","datePublished":"2024-06-28T14:17:57+00:00","mainEntityOfPage":{"@id":"https:\/\/lightweb.dev\/l\/svm-temp\/nyheter\/enormt-stod-for-battre-tag-pa-solkusten\/"},"wordCount":380,"publisher":{"@id":"https:\/\/lightweb.dev\/l\/svm-temp\/#organization"},"image":{"@id":"https:\/\/lightweb.dev\/l\/svm-temp\/nyheter\/enormt-stod-for-battre-tag-pa-solkusten\/#primaryimage"},"thumbnailUrl":"https:\/\/lightweb.dev\/l\/svm-temp\/wp-content\/uploads\/2022\/06\/utokad-pendeltagstrafik-bollen-ligger-hos-renfe.png","articleSection":["Arkiv","Nyheter"],"inLanguage":"sv-SE"},{"@type":"WebPage","@id":"https:\/\/lightweb.dev\/l\/svm-temp\/nyheter\/enormt-stod-for-battre-tag-pa-solkusten\/","url":"https:\/\/lightweb.dev\/l\/svm-temp\/nyheter\/enormt-stod-for-battre-tag-pa-solkusten\/","name":"Enormt st\u00f6d f\u00f6r b\u00e4ttre t\u00e5g p\u00e5 Solkusten - Svenska Magasinet","isPartOf":{"@id":"https:\/\/lightweb.dev\/l\/svm-temp\/#website"},"primaryImageOfPage":{"@id":"https:\/\/lightweb.dev\/l\/svm-temp\/nyheter\/enormt-stod-for-battre-tag-pa-solkusten\/#primaryimage"},"image":{"@id":"https:\/\/lightweb.dev\/l\/svm-temp\/nyheter\/enormt-stod-for-battre-tag-pa-solkusten\/#primaryimage"},"thumbnailUrl":"https:\/\/lightweb.dev\/l\/svm-temp\/wp-content\/uploads\/2022\/06\/utokad-pendeltagstrafik-bollen-ligger-hos-renfe.png","datePublished":"2024-06-28T14:17:57+00:00","breadcrumb":{"@id":"https:\/\/lightweb.dev\/l\/svm-temp\/nyheter\/enormt-stod-for-battre-tag-pa-solkusten\/#breadcrumb"},"inLanguage":"sv-SE","potentialAction":[{"@type":"ReadAction","target":["https:\/\/lightweb.dev\/l\/svm-temp\/nyheter\/enormt-stod-for-battre-tag-pa-solkusten\/"]}]},{"@type":"ImageObject","inLanguage":"sv-SE","@id":"https:\/\/lightweb.dev\/l\/svm-temp\/nyheter\/enormt-stod-for-battre-tag-pa-solkusten\/#primaryimage","url":"https:\/\/lightweb.dev\/l\/svm-temp\/wp-content\/uploads\/2022\/06\/utokad-pendeltagstrafik-bollen-ligger-hos-renfe.png","contentUrl":"https:\/\/lightweb.dev\/l\/svm-temp\/wp-content\/uploads\/2022\/06\/utokad-pendeltagstrafik-bollen-ligger-hos-renfe.png","width":700,"height":420},{"@type":"BreadcrumbList","@id":"https:\/\/lightweb.dev\/l\/svm-temp\/nyheter\/enormt-stod-for-battre-tag-pa-solkusten\/#breadcrumb","itemListElement":[{"@type":"ListItem","position":1,"name":"Hem","item":"https:\/\/lightweb.dev\/l\/svm-temp\/"},{"@type":"ListItem","position":2,"name":"Enormt st\u00f6d f\u00f6r b\u00e4ttre t\u00e5g p\u00e5 Solkusten"}]},{"@type":"WebSite","@id":"https:\/\/lightweb.dev\/l\/svm-temp\/#website","url":"https:\/\/lightweb.dev\/l\/svm-temp\/","name":"Svenska Magasinet","description":"Dina Spanska nyheter p&aring; Svenska","publisher":{"@id":"https:\/\/lightweb.dev\/l\/svm-temp\/#organization"},"potentialAction":[{"@type":"SearchAction","target":{"@type":"EntryPoint","urlTemplate":"https:\/\/lightweb.dev\/l\/svm-temp\/?s={search_term_string}"},"query-input":{"@type":"PropertyValueSpecification","valueRequired":true,"valueName":"search_term_string"}}],"inLanguage":"sv-SE"},{"@type":"Organization","@id":"https:\/\/lightweb.dev\/l\/svm-temp\/#organization","name":"Melkerson y Nott SL","alternateName":"Svenska Magasinet","url":"https:\/\/lightweb.dev\/l\/svm-temp\/","logo":{"@type":"ImageObject","inLanguage":"sv-SE","@id":"https:\/\/lightweb.dev\/l\/svm-temp\/#\/schema\/logo\/image\/","url":"https:\/\/lightweb.dev\/l\/svm-temp\/wp-content\/uploads\/2025\/02\/SvM-logo-Xtra-Centrerad-SVART.png","contentUrl":"https:\/\/lightweb.dev\/l\/svm-temp\/wp-content\/uploads\/2025\/02\/SvM-logo-Xtra-Centrerad-SVART.png","width":300,"height":99,"caption":"Melkerson y Nott SL"},"image":{"@id":"https:\/\/lightweb.dev\/l\/svm-temp\/#\/schema\/logo\/image\/"},"sameAs":["https:\/\/www.facebook.com\/svenskamagasinet","https:\/\/x.com\/SvenskaMagasine"]},{"@type":"Person","@id":"https:\/\/lightweb.dev\/l\/svm-temp\/#\/schema\/person\/caffe038990d25722f5a04a03c906a2b","name":"Robbie Eriksson","sameAs":["https:\/\/lightweb.dev\/l\/svm-temp"],"url":"https:\/\/lightweb.dev\/l\/svm-temp\/reporter\/robbie-eriksson\/"}]}},"_links":{"self":[{"href":"https:\/\/lightweb.dev\/l\/svm-temp\/wp-json\/wp\/v2\/posts\/73007","targetHints":{"allow":["GET"]}}],"collection":[{"href":"https:\/\/lightweb.dev\/l\/svm-temp\/wp-json\/wp\/v2\/posts"}],"about":[{"href":"https:\/\/lightweb.dev\/l\/svm-temp\/wp-json\/wp\/v2\/types\/post"}],"author":[{"embeddable":true,"href":"https:\/\/lightweb.dev\/l\/svm-temp\/wp-json\/wp\/v2\/users\/14"}],"replies":[{"embeddable":true,"href":"https:\/\/lightweb.dev\/l\/svm-temp\/wp-json\/wp\/v2\/comments?post=73007"}],"version-history":[{"count":0,"href":"https:\/\/lightweb.dev\/l\/svm-temp\/wp-json\/wp\/v2\/posts\/73007\/revisions"}],"wp:featuredmedia":[{"embeddable":true,"href":"https:\/\/lightweb.dev\/l\/svm-temp\/wp-json\/wp\/v2\/media\/15482"}],"wp:attachment":[{"href":"https:\/\/lightweb.dev\/l\/svm-temp\/wp-json\/wp\/v2\/media?parent=73007"}],"wp:term":[{"taxonomy":"category","embeddable":true,"href":"https:\/\/lightweb.dev\/l\/svm-temp\/wp-json\/wp\/v2\/categories?post=73007"},{"taxonomy":"post_tag","embeddable":true,"href":"https:\/\/lightweb.dev\/l\/svm-temp\/wp-json\/wp\/v2\/tags?post=73007"}],"curies":[{"name":"wp","href":"https:\/\/api.w.org\/{rel}","templated":true}]}}